{"id":9978,"date":"2023-02-28T19:30:00","date_gmt":"2023-03-01T01:30:00","guid":{"rendered":"https:\/\/conexionnacional.mx\/?p=9978"},"modified":"2023-03-01T01:04:55","modified_gmt":"2023-03-01T07:04:55","slug":"identifican-al-autor-de-mensajes-para-la-gobernadora","status":"publish","type":"post","link":"https:\/\/conexionnacional.mx\/index.php\/2023\/02\/28\/identifican-al-autor-de-mensajes-para-la-gobernadora\/","title":{"rendered":"<strong>Identifican al autor de mensajes para la gobernadora; no hay delito: Fiscal Zona Centro<\/strong>"},"content":{"rendered":"\n<p>Por: <a href=\"https:\/\/lagrandota.com.mx\/2019\/identifican-al-autor-de-mensajes-para-la-gobernadora-no-hay-delito-fiscal-zona-centro\/\">lagrandota.com.mx <\/a>|&nbsp;<\/p>\n\n\n\n<p>La persona que presuntamente ha estado dejando los <strong>mensajes<\/strong> dirigidos a la <strong>gobernadora Mar\u00eda Eugenia Campos<\/strong> en los \u00faltimos d\u00edas, fue plenamente <strong>identificada<\/strong> por la <strong>Fiscal\u00eda de Distrito Zona Centro<\/strong>.<\/p>\n\n\n\n<p>En este sentido, el <strong>fiscal<\/strong> de distrito, <strong>Francisco Mart\u00ednez<\/strong>, explic\u00f3 que los <strong>mensajes <\/strong>que <strong>aparecieron <\/strong>en un<strong> auto<\/strong>, as\u00ed como en unas <strong>mantas<\/strong>, est\u00e1n<strong> firmadas<\/strong> por una persona que hace poco m\u00e1s de un a\u00f1o y medio fue <strong>v\u00edctima<\/strong> de <strong>homicidio<\/strong> en grado de <strong>tentativa<\/strong>.<\/p>\n\n\n\n<p>Asimismo, refiri\u00f3 que el veh\u00edculo <strong>Chevrolet Aveo<\/strong>, en donde fue dejado el <strong>primer mensaje<\/strong>, aparece precisamente el <strong>nombre<\/strong> de esa <strong>persona<\/strong> como el <strong>propietario<\/strong> de la unidad.<\/p>\n\n\n\n<p>Francisco Mart\u00ednez expuso que las <strong>autoridades<\/strong> se encuentran <strong>investigando<\/strong> la <strong>situaci\u00f3n<\/strong>, sin embargo, desde el pasado domingo que se <strong>encontr\u00f3<\/strong> el <strong>veh\u00edculo<\/strong>, no han podido localizar a la <strong>persona<\/strong> que<strong> firma <\/strong>los<strong> mensajes<\/strong> y que aparece como titular de la unidad.<\/p>\n\n\n\n<p>El funcionario estatal reconoci\u00f3 que en los mensajes, se aborda un tema, incluso se pide <strong>ayuda<\/strong> a la mandataria estatal, pero al no existir <strong>consignas <\/strong>ni <strong>amenazas<\/strong>, podr\u00eda <strong>descartarse<\/strong> la comisi\u00f3n de un <strong>delito <\/strong>en la <strong>colocaci\u00f3n<\/strong> de los <strong>mensajes<\/strong>.<\/p>\n\n\n\n<p>Cabe mencionar que el pasado <strong>domingo<\/strong>, mientras se desarrollaba la <strong>concentraci\u00f3n<\/strong> en <strong>defensa<\/strong> del <strong>INE<\/strong>, en la <strong>Plaza del \u00c1ngel<\/strong>; al norte de la ciudad, fue <strong>abandonado<\/strong> un <strong>auto <\/strong>con <strong>mensajes<\/strong> que hac\u00edan alusi\u00f3n a la <strong>gobernadora<\/strong> Mar\u00eda Eugenia Campos.<\/p>\n\n\n\n<p>Posteriormente, este <strong>martes<\/strong>, fueron <strong>colocadas<\/strong> unas <strong>mantas<\/strong> frente al <strong>Palacio de Gobierno<\/strong>, en donde se pide a la mandataria que <strong>instruya<\/strong> a la <strong>FGE<\/strong> para <strong>investigar<\/strong> un caso; ambos mensajes son<strong> firmados<\/strong> con el nombre <strong>Jes\u00fas Esteban<\/strong>.<\/p>\n\n\n\n<p>Con informaci\u00f3n de <a href=\"https:\/\/lagrandota.com.mx\/\">La Grandota<\/a><\/p>\n","protected":false},"excerpt":{"rendered":"<p>Por: lagrandota.com.mx |&nbsp; La persona que presuntamente ha estado dejando los mensajes dirigidos a la gobernadora Mar\u00eda Eugenia Campos en los \u00faltimos d\u00edas, fue plenamente identificada por la Fiscal\u00eda de Distrito Zona Centro. En este sentido, el fiscal de distrito, Francisco Mart\u00ednez, explic\u00f3 que los mensajes que aparecieron en un auto, as\u00ed como en unas [&hellip;]<\/p>\n","protected":false},"author":1,"featured_media":9979,"comment_status":"closed","ping_status":"closed","sticky":false,"template":"","format":"aside","meta":{"googlesitekit_rrm_CAowytPeCw:productID":"","footnotes":""},"categories":[17],"tags":[1134,798,2828,3837],"class_list":["post-9978","post","type-post","status-publish","format-aside","has-post-thumbnail","hentry","category-estados","tag-chihuahua","tag-fiscalia","tag-gobernadora","tag-mensajes","post_format-post-format-aside"],"yoast_head":"<!-- This site is optimized with the Yoast SEO plugin v27.5 - https:\/\/yoast.com\/product\/yoast-seo-wordpress\/ -->\n<title>Identifican al autor de mensajes para la gobernadora; no hay delito: Fiscal Zona Centro |<\/title>\n<meta name=\"description\" content=\"La persona que presuntamente ha estado dejando los mensajes dirigidos a la gobernadora Mar\u00eda Eugenia Campos en los \u00faltimos d\u00edas.\" \/>\n<meta name=\"robots\" content=\"index, follow, max-snippet:-1, max-image-preview:large, max-video-preview:-1\" \/>\n<link rel=\"canonical\" href=\"https:\/\/conexionnacional.mx\/index.php\/2023\/02\/28\/identifican-al-autor-de-mensajes-para-la-gobernadora\/\" \/>\n<meta property=\"og:locale\" content=\"es_MX\" \/>\n<meta property=\"og:type\" content=\"article\" \/>\n<meta property=\"og:title\" content=\"Identifican al autor de mensajes para la gobernadora; no hay delito: Fiscal Zona Centro |\" \/>\n<meta property=\"og:description\" content=\"La persona que presuntamente ha estado dejando los mensajes dirigidos a la gobernadora Mar\u00eda Eugenia Campos en los \u00faltimos d\u00edas.\" \/>\n<meta property=\"og:url\" content=\"https:\/\/conexionnacional.mx\/index.php\/2023\/02\/28\/identifican-al-autor-de-mensajes-para-la-gobernadora\/\" \/>\n<meta property=\"og:site_name\" content=\"Conexi\u00f3n Nacional\" \/>\n<meta property=\"article:publisher\" content=\"https:\/\/www.facebook.com\/cnmxradio\" \/>\n<meta property=\"article:published_time\" content=\"2023-03-01T01:30:00+00:00\" \/>\n<meta property=\"article:modified_time\" content=\"2023-03-01T07:04:55+00:00\" \/>\n<meta property=\"og:image\" content=\"https:\/\/conexionnacional.mx\/wp-content\/uploads\/2023\/03\/Identifican-al-autor-de-mensajes-para-la-gobernadora-CN.jpg\" \/>\n\t<meta property=\"og:image:width\" content=\"1000\" \/>\n\t<meta property=\"og:image:height\" content=\"600\" \/>\n\t<meta property=\"og:image:type\" content=\"image\/jpeg\" \/>\n<meta name=\"author\" content=\"Conexi\u00f3n Nacional\" \/>\n<meta name=\"twitter:card\" content=\"summary_large_image\" \/>\n<meta name=\"twitter:label1\" content=\"Escrito por\" \/>\n\t<meta name=\"twitter:data1\" content=\"Conexi\u00f3n Nacional\" \/>\n\t<meta name=\"twitter:label2\" content=\"Tiempo de lectura\" \/>\n\t<meta name=\"twitter:data2\" content=\"2 minutos\" \/>\n<script type=\"application\/ld+json\" class=\"yoast-schema-graph\">{\"@context\":\"https:\\\/\\\/schema.org\",\"@graph\":[{\"@type\":\"Article\",\"@id\":\"https:\\\/\\\/conexionnacional.mx\\\/index.php\\\/2023\\\/02\\\/28\\\/identifican-al-autor-de-mensajes-para-la-gobernadora\\\/#article\",\"isPartOf\":{\"@id\":\"https:\\\/\\\/conexionnacional.mx\\\/index.php\\\/2023\\\/02\\\/28\\\/identifican-al-autor-de-mensajes-para-la-gobernadora\\\/\"},\"author\":{\"name\":\"Conexi\u00f3n Nacional\",\"@id\":\"https:\\\/\\\/conexionnacional.mx\\\/#\\\/schema\\\/person\\\/dd14aeda902120f5e0e021903fdb6931\"},\"headline\":\"Identifican al autor de mensajes para la gobernadora; no hay delito: Fiscal Zona Centro\",\"datePublished\":\"2023-03-01T01:30:00+00:00\",\"dateModified\":\"2023-03-01T07:04:55+00:00\",\"mainEntityOfPage\":{\"@id\":\"https:\\\/\\\/conexionnacional.mx\\\/index.php\\\/2023\\\/02\\\/28\\\/identifican-al-autor-de-mensajes-para-la-gobernadora\\\/\"},\"wordCount\":305,\"publisher\":{\"@id\":\"https:\\\/\\\/conexionnacional.mx\\\/#organization\"},\"image\":{\"@id\":\"https:\\\/\\\/conexionnacional.mx\\\/index.php\\\/2023\\\/02\\\/28\\\/identifican-al-autor-de-mensajes-para-la-gobernadora\\\/#primaryimage\"},\"thumbnailUrl\":\"https:\\\/\\\/conexionnacional.mx\\\/wp-content\\\/uploads\\\/2023\\\/03\\\/Identifican-al-autor-de-mensajes-para-la-gobernadora-CN.jpg\",\"keywords\":[\"Chihuahua\",\"fiscalia\",\"Gobernadora\",\"mensajes\"],\"articleSection\":[\"Estados\"],\"inLanguage\":\"es\"},{\"@type\":\"WebPage\",\"@id\":\"https:\\\/\\\/conexionnacional.mx\\\/index.php\\\/2023\\\/02\\\/28\\\/identifican-al-autor-de-mensajes-para-la-gobernadora\\\/\",\"url\":\"https:\\\/\\\/conexionnacional.mx\\\/index.php\\\/2023\\\/02\\\/28\\\/identifican-al-autor-de-mensajes-para-la-gobernadora\\\/\",\"name\":\"Identifican al autor de mensajes para la gobernadora; no hay delito: Fiscal Zona Centro |\",\"isPartOf\":{\"@id\":\"https:\\\/\\\/conexionnacional.mx\\\/#website\"},\"primaryImageOfPage\":{\"@id\":\"https:\\\/\\\/conexionnacional.mx\\\/index.php\\\/2023\\\/02\\\/28\\\/identifican-al-autor-de-mensajes-para-la-gobernadora\\\/#primaryimage\"},\"image\":{\"@id\":\"https:\\\/\\\/conexionnacional.mx\\\/index.php\\\/2023\\\/02\\\/28\\\/identifican-al-autor-de-mensajes-para-la-gobernadora\\\/#primaryimage\"},\"thumbnailUrl\":\"https:\\\/\\\/conexionnacional.mx\\\/wp-content\\\/uploads\\\/2023\\\/03\\\/Identifican-al-autor-de-mensajes-para-la-gobernadora-CN.jpg\",\"datePublished\":\"2023-03-01T01:30:00+00:00\",\"dateModified\":\"2023-03-01T07:04:55+00:00\",\"description\":\"La persona que presuntamente ha estado dejando los mensajes dirigidos a la gobernadora Mar\u00eda Eugenia Campos en los \u00faltimos d\u00edas.\",\"breadcrumb\":{\"@id\":\"https:\\\/\\\/conexionnacional.mx\\\/index.php\\\/2023\\\/02\\\/28\\\/identifican-al-autor-de-mensajes-para-la-gobernadora\\\/#breadcrumb\"},\"inLanguage\":\"es\",\"potentialAction\":[{\"@type\":\"ReadAction\",\"target\":[\"https:\\\/\\\/conexionnacional.mx\\\/index.php\\\/2023\\\/02\\\/28\\\/identifican-al-autor-de-mensajes-para-la-gobernadora\\\/\"]}]},{\"@type\":\"ImageObject\",\"inLanguage\":\"es\",\"@id\":\"https:\\\/\\\/conexionnacional.mx\\\/index.php\\\/2023\\\/02\\\/28\\\/identifican-al-autor-de-mensajes-para-la-gobernadora\\\/#primaryimage\",\"url\":\"https:\\\/\\\/conexionnacional.mx\\\/wp-content\\\/uploads\\\/2023\\\/03\\\/Identifican-al-autor-de-mensajes-para-la-gobernadora-CN.jpg\",\"contentUrl\":\"https:\\\/\\\/conexionnacional.mx\\\/wp-content\\\/uploads\\\/2023\\\/03\\\/Identifican-al-autor-de-mensajes-para-la-gobernadora-CN.jpg\",\"width\":1000,\"height\":600,\"caption\":\"Identifican al autor de mensajes para la gobernadora\"},{\"@type\":\"BreadcrumbList\",\"@id\":\"https:\\\/\\\/conexionnacional.mx\\\/index.php\\\/2023\\\/02\\\/28\\\/identifican-al-autor-de-mensajes-para-la-gobernadora\\\/#breadcrumb\",\"itemListElement\":[{\"@type\":\"ListItem\",\"position\":1,\"name\":\"Inicio\",\"item\":\"https:\\\/\\\/conexionnacional.mx\\\/\"},{\"@type\":\"ListItem\",\"position\":2,\"name\":\"Identifican al autor de mensajes para la gobernadora; no hay delito: Fiscal Zona Centro\"}]},{\"@type\":\"WebSite\",\"@id\":\"https:\\\/\\\/conexionnacional.mx\\\/#website\",\"url\":\"https:\\\/\\\/conexionnacional.mx\\\/\",\"name\":\"Conexi\u00f3n Nacional\",\"description\":\"Noticias al momento\",\"publisher\":{\"@id\":\"https:\\\/\\\/conexionnacional.mx\\\/#organization\"},\"alternateName\":\"Noticias nacionales\",\"potentialAction\":[{\"@type\":\"SearchAction\",\"target\":{\"@type\":\"EntryPoint\",\"urlTemplate\":\"https:\\\/\\\/conexionnacional.mx\\\/?s={search_term_string}\"},\"query-input\":{\"@type\":\"PropertyValueSpecification\",\"valueRequired\":true,\"valueName\":\"search_term_string\"}}],\"inLanguage\":\"es\"},{\"@type\":\"Organization\",\"@id\":\"https:\\\/\\\/conexionnacional.mx\\\/#organization\",\"name\":\"Conexi\u00f3n Nacional\",\"url\":\"https:\\\/\\\/conexionnacional.mx\\\/\",\"logo\":{\"@type\":\"ImageObject\",\"inLanguage\":\"es\",\"@id\":\"https:\\\/\\\/conexionnacional.mx\\\/#\\\/schema\\\/logo\\\/image\\\/\",\"url\":\"https:\\\/\\\/conexionnacional.mx\\\/wp-content\\\/uploads\\\/2022\\\/09\\\/conexion_nacional.png\",\"contentUrl\":\"https:\\\/\\\/conexionnacional.mx\\\/wp-content\\\/uploads\\\/2022\\\/09\\\/conexion_nacional.png\",\"width\":2964,\"height\":1173,\"caption\":\"Conexi\u00f3n Nacional\"},\"image\":{\"@id\":\"https:\\\/\\\/conexionnacional.mx\\\/#\\\/schema\\\/logo\\\/image\\\/\"},\"sameAs\":[\"https:\\\/\\\/www.facebook.com\\\/cnmxradio\"]},{\"@type\":\"Person\",\"@id\":\"https:\\\/\\\/conexionnacional.mx\\\/#\\\/schema\\\/person\\\/dd14aeda902120f5e0e021903fdb6931\",\"name\":\"Conexi\u00f3n Nacional\",\"image\":{\"@type\":\"ImageObject\",\"inLanguage\":\"es\",\"@id\":\"https:\\\/\\\/secure.gravatar.com\\\/avatar\\\/e523100f284110b2ecca7e17b2be9cf140a5e8f35294c9ec0543e6916cc1f9be?s=96&d=blank&r=g\",\"url\":\"https:\\\/\\\/secure.gravatar.com\\\/avatar\\\/e523100f284110b2ecca7e17b2be9cf140a5e8f35294c9ec0543e6916cc1f9be?s=96&d=blank&r=g\",\"contentUrl\":\"https:\\\/\\\/secure.gravatar.com\\\/avatar\\\/e523100f284110b2ecca7e17b2be9cf140a5e8f35294c9ec0543e6916cc1f9be?s=96&d=blank&r=g\",\"caption\":\"Conexi\u00f3n Nacional\"},\"sameAs\":[\"https:\\\/\\\/conexionnacional.mx\"],\"url\":\"https:\\\/\\\/conexionnacional.mx\\\/index.php\\\/author\\\/administrador\\\/\"}]}<\/script>\n<!-- \/ Yoast SEO plugin. -->","yoast_head_json":{"title":"Identifican al autor de mensajes para la gobernadora; no hay delito: Fiscal Zona Centro |","description":"La persona que presuntamente ha estado dejando los mensajes dirigidos a la gobernadora Mar\u00eda Eugenia Campos en los \u00faltimos d\u00edas.","robots":{"index":"index","follow":"follow","max-snippet":"max-snippet:-1","max-image-preview":"max-image-preview:large","max-video-preview":"max-video-preview:-1"},"canonical":"https:\/\/conexionnacional.mx\/index.php\/2023\/02\/28\/identifican-al-autor-de-mensajes-para-la-gobernadora\/","og_locale":"es_MX","og_type":"article","og_title":"Identifican al autor de mensajes para la gobernadora; no hay delito: Fiscal Zona Centro |","og_description":"La persona que presuntamente ha estado dejando los mensajes dirigidos a la gobernadora Mar\u00eda Eugenia Campos en los \u00faltimos d\u00edas.","og_url":"https:\/\/conexionnacional.mx\/index.php\/2023\/02\/28\/identifican-al-autor-de-mensajes-para-la-gobernadora\/","og_site_name":"Conexi\u00f3n Nacional","article_publisher":"https:\/\/www.facebook.com\/cnmxradio","article_published_time":"2023-03-01T01:30:00+00:00","article_modified_time":"2023-03-01T07:04:55+00:00","og_image":[{"width":1000,"height":600,"url":"https:\/\/conexionnacional.mx\/wp-content\/uploads\/2023\/03\/Identifican-al-autor-de-mensajes-para-la-gobernadora-CN.jpg","type":"image\/jpeg"}],"author":"Conexi\u00f3n Nacional","twitter_card":"summary_large_image","twitter_misc":{"Escrito por":"Conexi\u00f3n Nacional","Tiempo de lectura":"2 minutos"},"schema":{"@context":"https:\/\/schema.org","@graph":[{"@type":"Article","@id":"https:\/\/conexionnacional.mx\/index.php\/2023\/02\/28\/identifican-al-autor-de-mensajes-para-la-gobernadora\/#article","isPartOf":{"@id":"https:\/\/conexionnacional.mx\/index.php\/2023\/02\/28\/identifican-al-autor-de-mensajes-para-la-gobernadora\/"},"author":{"name":"Conexi\u00f3n Nacional","@id":"https:\/\/conexionnacional.mx\/#\/schema\/person\/dd14aeda902120f5e0e021903fdb6931"},"headline":"Identifican al autor de mensajes para la gobernadora; no hay delito: Fiscal Zona Centro","datePublished":"2023-03-01T01:30:00+00:00","dateModified":"2023-03-01T07:04:55+00:00","mainEntityOfPage":{"@id":"https:\/\/conexionnacional.mx\/index.php\/2023\/02\/28\/identifican-al-autor-de-mensajes-para-la-gobernadora\/"},"wordCount":305,"publisher":{"@id":"https:\/\/conexionnacional.mx\/#organization"},"image":{"@id":"https:\/\/conexionnacional.mx\/index.php\/2023\/02\/28\/identifican-al-autor-de-mensajes-para-la-gobernadora\/#primaryimage"},"thumbnailUrl":"https:\/\/conexionnacional.mx\/wp-content\/uploads\/2023\/03\/Identifican-al-autor-de-mensajes-para-la-gobernadora-CN.jpg","keywords":["Chihuahua","fiscalia","Gobernadora","mensajes"],"articleSection":["Estados"],"inLanguage":"es"},{"@type":"WebPage","@id":"https:\/\/conexionnacional.mx\/index.php\/2023\/02\/28\/identifican-al-autor-de-mensajes-para-la-gobernadora\/","url":"https:\/\/conexionnacional.mx\/index.php\/2023\/02\/28\/identifican-al-autor-de-mensajes-para-la-gobernadora\/","name":"Identifican al autor de mensajes para la gobernadora; no hay delito: Fiscal Zona Centro |","isPartOf":{"@id":"https:\/\/conexionnacional.mx\/#website"},"primaryImageOfPage":{"@id":"https:\/\/conexionnacional.mx\/index.php\/2023\/02\/28\/identifican-al-autor-de-mensajes-para-la-gobernadora\/#primaryimage"},"image":{"@id":"https:\/\/conexionnacional.mx\/index.php\/2023\/02\/28\/identifican-al-autor-de-mensajes-para-la-gobernadora\/#primaryimage"},"thumbnailUrl":"https:\/\/conexionnacional.mx\/wp-content\/uploads\/2023\/03\/Identifican-al-autor-de-mensajes-para-la-gobernadora-CN.jpg","datePublished":"2023-03-01T01:30:00+00:00","dateModified":"2023-03-01T07:04:55+00:00","description":"La persona que presuntamente ha estado dejando los mensajes dirigidos a la gobernadora Mar\u00eda Eugenia Campos en los \u00faltimos d\u00edas.","breadcrumb":{"@id":"https:\/\/conexionnacional.mx\/index.php\/2023\/02\/28\/identifican-al-autor-de-mensajes-para-la-gobernadora\/#breadcrumb"},"inLanguage":"es","potentialAction":[{"@type":"ReadAction","target":["https:\/\/conexionnacional.mx\/index.php\/2023\/02\/28\/identifican-al-autor-de-mensajes-para-la-gobernadora\/"]}]},{"@type":"ImageObject","inLanguage":"es","@id":"https:\/\/conexionnacional.mx\/index.php\/2023\/02\/28\/identifican-al-autor-de-mensajes-para-la-gobernadora\/#primaryimage","url":"https:\/\/conexionnacional.mx\/wp-content\/uploads\/2023\/03\/Identifican-al-autor-de-mensajes-para-la-gobernadora-CN.jpg","contentUrl":"https:\/\/conexionnacional.mx\/wp-content\/uploads\/2023\/03\/Identifican-al-autor-de-mensajes-para-la-gobernadora-CN.jpg","width":1000,"height":600,"caption":"Identifican al autor de mensajes para la gobernadora"},{"@type":"BreadcrumbList","@id":"https:\/\/conexionnacional.mx\/index.php\/2023\/02\/28\/identifican-al-autor-de-mensajes-para-la-gobernadora\/#breadcrumb","itemListElement":[{"@type":"ListItem","position":1,"name":"Inicio","item":"https:\/\/conexionnacional.mx\/"},{"@type":"ListItem","position":2,"name":"Identifican al autor de mensajes para la gobernadora; no hay delito: Fiscal Zona Centro"}]},{"@type":"WebSite","@id":"https:\/\/conexionnacional.mx\/#website","url":"https:\/\/conexionnacional.mx\/","name":"Conexi\u00f3n Nacional","description":"Noticias al momento","publisher":{"@id":"https:\/\/conexionnacional.mx\/#organization"},"alternateName":"Noticias nacionales","potentialAction":[{"@type":"SearchAction","target":{"@type":"EntryPoint","urlTemplate":"https:\/\/conexionnacional.mx\/?s={search_term_string}"},"query-input":{"@type":"PropertyValueSpecification","valueRequired":true,"valueName":"search_term_string"}}],"inLanguage":"es"},{"@type":"Organization","@id":"https:\/\/conexionnacional.mx\/#organization","name":"Conexi\u00f3n Nacional","url":"https:\/\/conexionnacional.mx\/","logo":{"@type":"ImageObject","inLanguage":"es","@id":"https:\/\/conexionnacional.mx\/#\/schema\/logo\/image\/","url":"https:\/\/conexionnacional.mx\/wp-content\/uploads\/2022\/09\/conexion_nacional.png","contentUrl":"https:\/\/conexionnacional.mx\/wp-content\/uploads\/2022\/09\/conexion_nacional.png","width":2964,"height":1173,"caption":"Conexi\u00f3n Nacional"},"image":{"@id":"https:\/\/conexionnacional.mx\/#\/schema\/logo\/image\/"},"sameAs":["https:\/\/www.facebook.com\/cnmxradio"]},{"@type":"Person","@id":"https:\/\/conexionnacional.mx\/#\/schema\/person\/dd14aeda902120f5e0e021903fdb6931","name":"Conexi\u00f3n Nacional","image":{"@type":"ImageObject","inLanguage":"es","@id":"https:\/\/secure.gravatar.com\/avatar\/e523100f284110b2ecca7e17b2be9cf140a5e8f35294c9ec0543e6916cc1f9be?s=96&d=blank&r=g","url":"https:\/\/secure.gravatar.com\/avatar\/e523100f284110b2ecca7e17b2be9cf140a5e8f35294c9ec0543e6916cc1f9be?s=96&d=blank&r=g","contentUrl":"https:\/\/secure.gravatar.com\/avatar\/e523100f284110b2ecca7e17b2be9cf140a5e8f35294c9ec0543e6916cc1f9be?s=96&d=blank&r=g","caption":"Conexi\u00f3n Nacional"},"sameAs":["https:\/\/conexionnacional.mx"],"url":"https:\/\/conexionnacional.mx\/index.php\/author\/administrador\/"}]}},"_links":{"self":[{"href":"https:\/\/conexionnacional.mx\/index.php\/wp-json\/wp\/v2\/posts\/9978","targetHints":{"allow":["GET"]}}],"collection":[{"href":"https:\/\/conexionnacional.mx\/index.php\/wp-json\/wp\/v2\/posts"}],"about":[{"href":"https:\/\/conexionnacional.mx\/index.php\/wp-json\/wp\/v2\/types\/post"}],"author":[{"embeddable":true,"href":"https:\/\/conexionnacional.mx\/index.php\/wp-json\/wp\/v2\/users\/1"}],"replies":[{"embeddable":true,"href":"https:\/\/conexionnacional.mx\/index.php\/wp-json\/wp\/v2\/comments?post=9978"}],"version-history":[{"count":1,"href":"https:\/\/conexionnacional.mx\/index.php\/wp-json\/wp\/v2\/posts\/9978\/revisions"}],"predecessor-version":[{"id":9980,"href":"https:\/\/conexionnacional.mx\/index.php\/wp-json\/wp\/v2\/posts\/9978\/revisions\/9980"}],"wp:featuredmedia":[{"embeddable":true,"href":"https:\/\/conexionnacional.mx\/index.php\/wp-json\/wp\/v2\/media\/9979"}],"wp:attachment":[{"href":"https:\/\/conexionnacional.mx\/index.php\/wp-json\/wp\/v2\/media?parent=9978"}],"wp:term":[{"taxonomy":"category","embeddable":true,"href":"https:\/\/conexionnacional.mx\/index.php\/wp-json\/wp\/v2\/categories?post=9978"},{"taxonomy":"post_tag","embeddable":true,"href":"https:\/\/conexionnacional.mx\/index.php\/wp-json\/wp\/v2\/tags?post=9978"}],"curies":[{"name":"wp","href":"https:\/\/api.w.org\/{rel}","templated":true}]}}