{"id":9941,"date":"2023-02-28T12:01:00","date_gmt":"2023-02-28T18:01:00","guid":{"rendered":"https:\/\/conexionnacional.mx\/?p=9941"},"modified":"2023-02-28T11:26:42","modified_gmt":"2023-02-28T17:26:42","slug":"servicios-de-salud-como-en-dinamarca","status":"publish","type":"post","link":"https:\/\/conexionnacional.mx\/index.php\/2023\/02\/28\/servicios-de-salud-como-en-dinamarca\/","title":{"rendered":"<strong>A finales de 2023, ahora s\u00ed M\u00e9xico tendr\u00e1 servicios de salud como en Dinamarca: AMLO<\/strong>"},"content":{"rendered":"\n<p>Por: <a href=\"https:\/\/www.cydnoticias.mx\/2023\/02\/28\/servicios-de-salud-como-en-dinamarca\/\">Roberto D\u00edaz | cydnoticias.mx<\/a>&nbsp; |<\/p>\n\n\n\n<p>Una vez m\u00e1s el presidente <strong>Andr\u00e9s Manuel L\u00f3pez Obrador<\/strong> volvi\u00f3 a prometer que <strong>M\u00e9xico tendr\u00e1 servicios de salud como los de Dinamarca<\/strong>.<\/p>\n\n\n\n<p>AMLO volvi\u00f3 a cambiar la fecha para llegar a la prometida meta y este martes dijo que a finales de este a\u00f1o se tendr\u00e1n m\u00e1s avances en cuanto al proyecto de mejoramiento de los servicios de salud en M\u00e9xico, al punto de llegar al nivel de los que se prestan en<strong> Dinamarca<\/strong><\/p>\n\n\n\n<figure class=\"wp-block-embed is-type-rich is-provider-twitter wp-block-embed-twitter\"><div class=\"wp-block-embed__wrapper\">\n<blockquote class=\"twitter-tweet\" data-width=\"550\" data-dnt=\"true\"><p lang=\"es\" dir=\"ltr\">Este a\u00f1o se tendr\u00e1 el sistema de salud como Dinamarca: AMLO <br><br>\u201c\u00a1Sigue en pie lo de Dinamarca, para que nuestros adversarios vayan tomando nota!&quot;, el presidente <a href=\"https:\/\/twitter.com\/lopezobrador_?ref_src=twsrc%5Etfw\">@lopezobrador_<\/a> reafirm\u00f3 su compromiso de que este 2023 se tendr\u00e1 un sistema de salud &quot;universal, eficaz y gratuito&quot;. <a href=\"https:\/\/t.co\/nUTzBRx96m\">pic.twitter.com\/nUTzBRx96m<\/a><\/p>&mdash; Pol\u00edtico MX (@politicomx) <a href=\"https:\/\/twitter.com\/politicomx\/status\/1630570380229312514?ref_src=twsrc%5Etfw\">February 28, 2023<\/a><\/blockquote><script async src=\"https:\/\/platform.twitter.com\/widgets.js\" charset=\"utf-8\"><\/script>\n<\/div><\/figure>\n\n\n\n<p>El mandatario se comprometi\u00f3 a que los mexicanos que no cuentan con un <strong>seguro social<\/strong> puedan optar por consultas, <strong>medicamentos y tratamientos<\/strong> en las <strong>cl\u00ednicas<\/strong> del pa\u00eds a trav\u00e9s del modelo <strong>IMSS-Bienestar<\/strong>.&nbsp;<\/p>\n\n\n\n<h2 class=\"wp-block-heading\"><strong>\u00bfCu\u00e1ntas veces ha prometido AMLO servicios de salud como los de Dinamarca?<\/strong><\/h2>\n\n\n\n<p>La primera vez lo hizo a finales de 2019 y la segunda en enero de 2020, en esa fecha se comprometi\u00f3 a que el 1 de diciembre de ese a\u00f1o habr\u00eda&nbsp; un sistema de <strong>salud<\/strong> universal y gratuito, similar al modelo de <strong>Dinamarca y Noruega<\/strong>.<\/p>\n\n\n\n<figure class=\"wp-block-embed is-type-rich is-provider-twitter wp-block-embed-twitter\"><div class=\"wp-block-embed__wrapper\">\n<blockquote class=\"twitter-tweet\" data-width=\"550\" data-dnt=\"true\"><p lang=\"es\" dir=\"ltr\">\ud83d\udd34El 1 de diciembre el sistema de <a href=\"https:\/\/twitter.com\/hashtag\/Salud?src=hash&amp;ref_src=twsrc%5Etfw\">#Salud<\/a> en <a href=\"https:\/\/twitter.com\/hashtag\/M%C3%A9xico?src=hash&amp;ref_src=twsrc%5Etfw\">#M\u00e9xico<\/a> va a funcionar como el de <a href=\"https:\/\/twitter.com\/hashtag\/Dinamarca?src=hash&amp;ref_src=twsrc%5Etfw\">#Dinamarca<\/a>, todos los servicios ser\u00e1n gratuitos, cirug\u00edas, hospitalizaci\u00f3n y medicamentos, nadie pagara cuotas. Dijo el Presidente <a href=\"https:\/\/twitter.com\/hashtag\/AMLO?src=hash&amp;ref_src=twsrc%5Etfw\">#AMLO<\/a> al presentar el programa de salud y funcionarios del <a href=\"https:\/\/twitter.com\/hashtag\/INSABI?src=hash&amp;ref_src=twsrc%5Etfw\">#INSABI<\/a> <a href=\"https:\/\/t.co\/Nxi0QzIbkA\">pic.twitter.com\/Nxi0QzIbkA<\/a><\/p>&mdash; ClaroyDirectomx (@claroydirectomx) <a href=\"https:\/\/twitter.com\/claroydirectomx\/status\/1217871782318936064?ref_src=twsrc%5Etfw\">January 16, 2020<\/a><\/blockquote><script async src=\"https:\/\/platform.twitter.com\/widgets.js\" charset=\"utf-8\"><\/script>\n<\/div><\/figure>\n\n\n\n<p>En mayo de 2022, el presidente AMLO dijo que los servicios de salud estar\u00edan funcionando como los de Dinamarca en marzo de 2023.<\/p>\n\n\n\n<figure class=\"wp-block-embed is-type-wp-embed is-provider-claro-y-directo-mx wp-block-embed-claro-y-directo-mx\"><div class=\"wp-block-embed__wrapper\">\nhttps:\/\/www.cydnoticias.mx\/2022\/05\/03\/los-servicios-de-salud-en-mexico\/\n<\/div><\/figure>\n\n\n\n<p>En octubre de 2022 el presidente dijo que aceptaba el reto de sus adversarios de que al concluir su administraci\u00f3n, es decir hasta 2024, el sistema de <strong>salud p\u00fablica<\/strong> sea de calidad y gratuito como el de Dinamarca.<\/p>\n\n\n\n<figure class=\"wp-block-embed is-type-wp-embed is-provider-claro-y-directo-mx wp-block-embed-claro-y-directo-mx\"><div class=\"wp-block-embed__wrapper\">\nhttps:\/\/www.cydnoticias.mx\/2022\/10\/25\/salud-como-en-dinamarca\/\n<\/div><\/figure>\n\n\n\n<p>El 27 de diciembre de 2022 el mandatario volvi\u00f3 a cambiar la fecha y dijo que ser\u00eda a finales de 2023 cuando finalmente cumpla su compromiso.<\/p>\n\n\n\n<p>Este martes, el presidente ha vuelto a poner como fecha l\u00edmite diciembre de este a\u00f1o para que su plan, es decir el programa IMSS-Bienestar, funcione en todo el pa\u00eds y con ello anunciar que en M\u00e9xico de tienes servicios de salud como el de Dinamarca.<\/p>\n\n\n\n<p>Con Informaci\u00f3n de <a href=\"http:\/\/cydnoticias.mx\/\">Claro y Directo Mx\u00ae<\/a><\/p>\n","protected":false},"excerpt":{"rendered":"<p>Por: Roberto D\u00edaz | cydnoticias.mx&nbsp; | Una vez m\u00e1s el presidente Andr\u00e9s Manuel L\u00f3pez Obrador volvi\u00f3 a prometer que M\u00e9xico tendr\u00e1 servicios de salud como los de Dinamarca. AMLO volvi\u00f3 a cambiar la fecha para llegar a la prometida meta y este martes dijo que a finales de este a\u00f1o se tendr\u00e1n m\u00e1s avances en [&hellip;]<\/p>\n","protected":false},"author":1,"featured_media":9942,"comment_status":"closed","ping_status":"closed","sticky":false,"template":"","format":"aside","meta":{"googlesitekit_rrm_CAowytPeCw:productID":"","footnotes":""},"categories":[3],"tags":[7,1324,380,1059,49],"class_list":["post-9941","post","type-post","status-publish","format-aside","has-post-thumbnail","hentry","category-nacional","tag-amlo","tag-dinamarca","tag-imss","tag-mananera","tag-salud","post_format-post-format-aside"],"yoast_head":"<!-- This site is optimized with the Yoast SEO plugin v27.4 - https:\/\/yoast.com\/product\/yoast-seo-wordpress\/ -->\n<title>A finales de 2023, ahora s\u00ed M\u00e9xico tendr\u00e1 servicios de salud como en Dinamarca: AMLO |<\/title>\n<meta name=\"description\" content=\"Una vez m\u00e1s el presidente Andr\u00e9s Manuel L\u00f3pez Obrador volvi\u00f3 a prometer que M\u00e9xico tendr\u00e1 servicios de salud como los de Dinamarca\" \/>\n<meta name=\"robots\" content=\"index, follow, max-snippet:-1, max-image-preview:large, max-video-preview:-1\" \/>\n<link rel=\"canonical\" href=\"https:\/\/conexionnacional.mx\/index.php\/2023\/02\/28\/servicios-de-salud-como-en-dinamarca\/\" \/>\n<meta property=\"og:locale\" content=\"es_MX\" \/>\n<meta property=\"og:type\" content=\"article\" \/>\n<meta property=\"og:title\" content=\"A finales de 2023, ahora s\u00ed M\u00e9xico tendr\u00e1 servicios de salud como en Dinamarca: AMLO |\" \/>\n<meta property=\"og:description\" content=\"Una vez m\u00e1s el presidente Andr\u00e9s Manuel L\u00f3pez Obrador volvi\u00f3 a prometer que M\u00e9xico tendr\u00e1 servicios de salud como los de Dinamarca\" \/>\n<meta property=\"og:url\" content=\"https:\/\/conexionnacional.mx\/index.php\/2023\/02\/28\/servicios-de-salud-como-en-dinamarca\/\" \/>\n<meta property=\"og:site_name\" content=\"Conexi\u00f3n Nacional\" \/>\n<meta property=\"article:publisher\" content=\"https:\/\/www.facebook.com\/cnmxradio\" \/>\n<meta property=\"article:published_time\" content=\"2023-02-28T18:01:00+00:00\" \/>\n<meta property=\"og:image\" content=\"https:\/\/conexionnacional.mx\/wp-content\/uploads\/2023\/02\/Salud-como-en-Dinamarca-CN.jpg\" \/>\n\t<meta property=\"og:image:width\" content=\"1000\" \/>\n\t<meta property=\"og:image:height\" content=\"600\" \/>\n\t<meta property=\"og:image:type\" content=\"image\/jpeg\" \/>\n<meta name=\"author\" content=\"Conexi\u00f3n Nacional\" \/>\n<meta name=\"twitter:card\" content=\"summary_large_image\" \/>\n<meta name=\"twitter:label1\" content=\"Escrito por\" \/>\n\t<meta name=\"twitter:data1\" content=\"Conexi\u00f3n Nacional\" \/>\n\t<meta name=\"twitter:label2\" content=\"Tiempo de lectura\" \/>\n\t<meta name=\"twitter:data2\" content=\"2 minutos\" \/>\n<script type=\"application\/ld+json\" class=\"yoast-schema-graph\">{\"@context\":\"https:\\\/\\\/schema.org\",\"@graph\":[{\"@type\":\"Article\",\"@id\":\"https:\\\/\\\/conexionnacional.mx\\\/index.php\\\/2023\\\/02\\\/28\\\/servicios-de-salud-como-en-dinamarca\\\/#article\",\"isPartOf\":{\"@id\":\"https:\\\/\\\/conexionnacional.mx\\\/index.php\\\/2023\\\/02\\\/28\\\/servicios-de-salud-como-en-dinamarca\\\/\"},\"author\":{\"name\":\"Conexi\u00f3n Nacional\",\"@id\":\"https:\\\/\\\/conexionnacional.mx\\\/#\\\/schema\\\/person\\\/dd14aeda902120f5e0e021903fdb6931\"},\"headline\":\"A finales de 2023, ahora s\u00ed M\u00e9xico tendr\u00e1 servicios de salud como en Dinamarca: AMLO\",\"datePublished\":\"2023-02-28T18:01:00+00:00\",\"mainEntityOfPage\":{\"@id\":\"https:\\\/\\\/conexionnacional.mx\\\/index.php\\\/2023\\\/02\\\/28\\\/servicios-de-salud-como-en-dinamarca\\\/\"},\"wordCount\":361,\"publisher\":{\"@id\":\"https:\\\/\\\/conexionnacional.mx\\\/#organization\"},\"image\":{\"@id\":\"https:\\\/\\\/conexionnacional.mx\\\/index.php\\\/2023\\\/02\\\/28\\\/servicios-de-salud-como-en-dinamarca\\\/#primaryimage\"},\"thumbnailUrl\":\"https:\\\/\\\/conexionnacional.mx\\\/wp-content\\\/uploads\\\/2023\\\/02\\\/Salud-como-en-Dinamarca-CN.jpg\",\"keywords\":[\"AMLO\",\"dinamarca\",\"Imss\",\"ma\u00f1anera\",\"salud\"],\"articleSection\":[\"Nacional\"],\"inLanguage\":\"es\"},{\"@type\":\"WebPage\",\"@id\":\"https:\\\/\\\/conexionnacional.mx\\\/index.php\\\/2023\\\/02\\\/28\\\/servicios-de-salud-como-en-dinamarca\\\/\",\"url\":\"https:\\\/\\\/conexionnacional.mx\\\/index.php\\\/2023\\\/02\\\/28\\\/servicios-de-salud-como-en-dinamarca\\\/\",\"name\":\"A finales de 2023, ahora s\u00ed M\u00e9xico tendr\u00e1 servicios de salud como en Dinamarca: AMLO |\",\"isPartOf\":{\"@id\":\"https:\\\/\\\/conexionnacional.mx\\\/#website\"},\"primaryImageOfPage\":{\"@id\":\"https:\\\/\\\/conexionnacional.mx\\\/index.php\\\/2023\\\/02\\\/28\\\/servicios-de-salud-como-en-dinamarca\\\/#primaryimage\"},\"image\":{\"@id\":\"https:\\\/\\\/conexionnacional.mx\\\/index.php\\\/2023\\\/02\\\/28\\\/servicios-de-salud-como-en-dinamarca\\\/#primaryimage\"},\"thumbnailUrl\":\"https:\\\/\\\/conexionnacional.mx\\\/wp-content\\\/uploads\\\/2023\\\/02\\\/Salud-como-en-Dinamarca-CN.jpg\",\"datePublished\":\"2023-02-28T18:01:00+00:00\",\"description\":\"Una vez m\u00e1s el presidente Andr\u00e9s Manuel L\u00f3pez Obrador volvi\u00f3 a prometer que M\u00e9xico tendr\u00e1 servicios de salud como los de Dinamarca\",\"breadcrumb\":{\"@id\":\"https:\\\/\\\/conexionnacional.mx\\\/index.php\\\/2023\\\/02\\\/28\\\/servicios-de-salud-como-en-dinamarca\\\/#breadcrumb\"},\"inLanguage\":\"es\",\"potentialAction\":[{\"@type\":\"ReadAction\",\"target\":[\"https:\\\/\\\/conexionnacional.mx\\\/index.php\\\/2023\\\/02\\\/28\\\/servicios-de-salud-como-en-dinamarca\\\/\"]}]},{\"@type\":\"ImageObject\",\"inLanguage\":\"es\",\"@id\":\"https:\\\/\\\/conexionnacional.mx\\\/index.php\\\/2023\\\/02\\\/28\\\/servicios-de-salud-como-en-dinamarca\\\/#primaryimage\",\"url\":\"https:\\\/\\\/conexionnacional.mx\\\/wp-content\\\/uploads\\\/2023\\\/02\\\/Salud-como-en-Dinamarca-CN.jpg\",\"contentUrl\":\"https:\\\/\\\/conexionnacional.mx\\\/wp-content\\\/uploads\\\/2023\\\/02\\\/Salud-como-en-Dinamarca-CN.jpg\",\"width\":1000,\"height\":600,\"caption\":\"A finales de 2023, ahora s\u00ed M\u00e9xico tendr\u00e1 servicios de salud como en Dinamarca: AMLO\"},{\"@type\":\"BreadcrumbList\",\"@id\":\"https:\\\/\\\/conexionnacional.mx\\\/index.php\\\/2023\\\/02\\\/28\\\/servicios-de-salud-como-en-dinamarca\\\/#breadcrumb\",\"itemListElement\":[{\"@type\":\"ListItem\",\"position\":1,\"name\":\"Inicio\",\"item\":\"https:\\\/\\\/conexionnacional.mx\\\/\"},{\"@type\":\"ListItem\",\"position\":2,\"name\":\"A finales de 2023, ahora s\u00ed M\u00e9xico tendr\u00e1 servicios de salud como en Dinamarca: AMLO\"}]},{\"@type\":\"WebSite\",\"@id\":\"https:\\\/\\\/conexionnacional.mx\\\/#website\",\"url\":\"https:\\\/\\\/conexionnacional.mx\\\/\",\"name\":\"Conexi\u00f3n Nacional\",\"description\":\"Noticias al momento\",\"publisher\":{\"@id\":\"https:\\\/\\\/conexionnacional.mx\\\/#organization\"},\"alternateName\":\"Noticias nacionales\",\"potentialAction\":[{\"@type\":\"SearchAction\",\"target\":{\"@type\":\"EntryPoint\",\"urlTemplate\":\"https:\\\/\\\/conexionnacional.mx\\\/?s={search_term_string}\"},\"query-input\":{\"@type\":\"PropertyValueSpecification\",\"valueRequired\":true,\"valueName\":\"search_term_string\"}}],\"inLanguage\":\"es\"},{\"@type\":\"Organization\",\"@id\":\"https:\\\/\\\/conexionnacional.mx\\\/#organization\",\"name\":\"Conexi\u00f3n Nacional\",\"url\":\"https:\\\/\\\/conexionnacional.mx\\\/\",\"logo\":{\"@type\":\"ImageObject\",\"inLanguage\":\"es\",\"@id\":\"https:\\\/\\\/conexionnacional.mx\\\/#\\\/schema\\\/logo\\\/image\\\/\",\"url\":\"https:\\\/\\\/conexionnacional.mx\\\/wp-content\\\/uploads\\\/2022\\\/09\\\/conexion_nacional.png\",\"contentUrl\":\"https:\\\/\\\/conexionnacional.mx\\\/wp-content\\\/uploads\\\/2022\\\/09\\\/conexion_nacional.png\",\"width\":2964,\"height\":1173,\"caption\":\"Conexi\u00f3n Nacional\"},\"image\":{\"@id\":\"https:\\\/\\\/conexionnacional.mx\\\/#\\\/schema\\\/logo\\\/image\\\/\"},\"sameAs\":[\"https:\\\/\\\/www.facebook.com\\\/cnmxradio\"]},{\"@type\":\"Person\",\"@id\":\"https:\\\/\\\/conexionnacional.mx\\\/#\\\/schema\\\/person\\\/dd14aeda902120f5e0e021903fdb6931\",\"name\":\"Conexi\u00f3n Nacional\",\"image\":{\"@type\":\"ImageObject\",\"inLanguage\":\"es\",\"@id\":\"https:\\\/\\\/secure.gravatar.com\\\/avatar\\\/e523100f284110b2ecca7e17b2be9cf140a5e8f35294c9ec0543e6916cc1f9be?s=96&d=blank&r=g\",\"url\":\"https:\\\/\\\/secure.gravatar.com\\\/avatar\\\/e523100f284110b2ecca7e17b2be9cf140a5e8f35294c9ec0543e6916cc1f9be?s=96&d=blank&r=g\",\"contentUrl\":\"https:\\\/\\\/secure.gravatar.com\\\/avatar\\\/e523100f284110b2ecca7e17b2be9cf140a5e8f35294c9ec0543e6916cc1f9be?s=96&d=blank&r=g\",\"caption\":\"Conexi\u00f3n Nacional\"},\"sameAs\":[\"https:\\\/\\\/conexionnacional.mx\"],\"url\":\"https:\\\/\\\/conexionnacional.mx\\\/index.php\\\/author\\\/administrador\\\/\"}]}<\/script>\n<!-- \/ Yoast SEO plugin. -->","yoast_head_json":{"title":"A finales de 2023, ahora s\u00ed M\u00e9xico tendr\u00e1 servicios de salud como en Dinamarca: AMLO |","description":"Una vez m\u00e1s el presidente Andr\u00e9s Manuel L\u00f3pez Obrador volvi\u00f3 a prometer que M\u00e9xico tendr\u00e1 servicios de salud como los de Dinamarca","robots":{"index":"index","follow":"follow","max-snippet":"max-snippet:-1","max-image-preview":"max-image-preview:large","max-video-preview":"max-video-preview:-1"},"canonical":"https:\/\/conexionnacional.mx\/index.php\/2023\/02\/28\/servicios-de-salud-como-en-dinamarca\/","og_locale":"es_MX","og_type":"article","og_title":"A finales de 2023, ahora s\u00ed M\u00e9xico tendr\u00e1 servicios de salud como en Dinamarca: AMLO |","og_description":"Una vez m\u00e1s el presidente Andr\u00e9s Manuel L\u00f3pez Obrador volvi\u00f3 a prometer que M\u00e9xico tendr\u00e1 servicios de salud como los de Dinamarca","og_url":"https:\/\/conexionnacional.mx\/index.php\/2023\/02\/28\/servicios-de-salud-como-en-dinamarca\/","og_site_name":"Conexi\u00f3n Nacional","article_publisher":"https:\/\/www.facebook.com\/cnmxradio","article_published_time":"2023-02-28T18:01:00+00:00","og_image":[{"width":1000,"height":600,"url":"https:\/\/conexionnacional.mx\/wp-content\/uploads\/2023\/02\/Salud-como-en-Dinamarca-CN.jpg","type":"image\/jpeg"}],"author":"Conexi\u00f3n Nacional","twitter_card":"summary_large_image","twitter_misc":{"Escrito por":"Conexi\u00f3n Nacional","Tiempo de lectura":"2 minutos"},"schema":{"@context":"https:\/\/schema.org","@graph":[{"@type":"Article","@id":"https:\/\/conexionnacional.mx\/index.php\/2023\/02\/28\/servicios-de-salud-como-en-dinamarca\/#article","isPartOf":{"@id":"https:\/\/conexionnacional.mx\/index.php\/2023\/02\/28\/servicios-de-salud-como-en-dinamarca\/"},"author":{"name":"Conexi\u00f3n Nacional","@id":"https:\/\/conexionnacional.mx\/#\/schema\/person\/dd14aeda902120f5e0e021903fdb6931"},"headline":"A finales de 2023, ahora s\u00ed M\u00e9xico tendr\u00e1 servicios de salud como en Dinamarca: AMLO","datePublished":"2023-02-28T18:01:00+00:00","mainEntityOfPage":{"@id":"https:\/\/conexionnacional.mx\/index.php\/2023\/02\/28\/servicios-de-salud-como-en-dinamarca\/"},"wordCount":361,"publisher":{"@id":"https:\/\/conexionnacional.mx\/#organization"},"image":{"@id":"https:\/\/conexionnacional.mx\/index.php\/2023\/02\/28\/servicios-de-salud-como-en-dinamarca\/#primaryimage"},"thumbnailUrl":"https:\/\/conexionnacional.mx\/wp-content\/uploads\/2023\/02\/Salud-como-en-Dinamarca-CN.jpg","keywords":["AMLO","dinamarca","Imss","ma\u00f1anera","salud"],"articleSection":["Nacional"],"inLanguage":"es"},{"@type":"WebPage","@id":"https:\/\/conexionnacional.mx\/index.php\/2023\/02\/28\/servicios-de-salud-como-en-dinamarca\/","url":"https:\/\/conexionnacional.mx\/index.php\/2023\/02\/28\/servicios-de-salud-como-en-dinamarca\/","name":"A finales de 2023, ahora s\u00ed M\u00e9xico tendr\u00e1 servicios de salud como en Dinamarca: AMLO |","isPartOf":{"@id":"https:\/\/conexionnacional.mx\/#website"},"primaryImageOfPage":{"@id":"https:\/\/conexionnacional.mx\/index.php\/2023\/02\/28\/servicios-de-salud-como-en-dinamarca\/#primaryimage"},"image":{"@id":"https:\/\/conexionnacional.mx\/index.php\/2023\/02\/28\/servicios-de-salud-como-en-dinamarca\/#primaryimage"},"thumbnailUrl":"https:\/\/conexionnacional.mx\/wp-content\/uploads\/2023\/02\/Salud-como-en-Dinamarca-CN.jpg","datePublished":"2023-02-28T18:01:00+00:00","description":"Una vez m\u00e1s el presidente Andr\u00e9s Manuel L\u00f3pez Obrador volvi\u00f3 a prometer que M\u00e9xico tendr\u00e1 servicios de salud como los de Dinamarca","breadcrumb":{"@id":"https:\/\/conexionnacional.mx\/index.php\/2023\/02\/28\/servicios-de-salud-como-en-dinamarca\/#breadcrumb"},"inLanguage":"es","potentialAction":[{"@type":"ReadAction","target":["https:\/\/conexionnacional.mx\/index.php\/2023\/02\/28\/servicios-de-salud-como-en-dinamarca\/"]}]},{"@type":"ImageObject","inLanguage":"es","@id":"https:\/\/conexionnacional.mx\/index.php\/2023\/02\/28\/servicios-de-salud-como-en-dinamarca\/#primaryimage","url":"https:\/\/conexionnacional.mx\/wp-content\/uploads\/2023\/02\/Salud-como-en-Dinamarca-CN.jpg","contentUrl":"https:\/\/conexionnacional.mx\/wp-content\/uploads\/2023\/02\/Salud-como-en-Dinamarca-CN.jpg","width":1000,"height":600,"caption":"A finales de 2023, ahora s\u00ed M\u00e9xico tendr\u00e1 servicios de salud como en Dinamarca: AMLO"},{"@type":"BreadcrumbList","@id":"https:\/\/conexionnacional.mx\/index.php\/2023\/02\/28\/servicios-de-salud-como-en-dinamarca\/#breadcrumb","itemListElement":[{"@type":"ListItem","position":1,"name":"Inicio","item":"https:\/\/conexionnacional.mx\/"},{"@type":"ListItem","position":2,"name":"A finales de 2023, ahora s\u00ed M\u00e9xico tendr\u00e1 servicios de salud como en Dinamarca: AMLO"}]},{"@type":"WebSite","@id":"https:\/\/conexionnacional.mx\/#website","url":"https:\/\/conexionnacional.mx\/","name":"Conexi\u00f3n Nacional","description":"Noticias al momento","publisher":{"@id":"https:\/\/conexionnacional.mx\/#organization"},"alternateName":"Noticias nacionales","potentialAction":[{"@type":"SearchAction","target":{"@type":"EntryPoint","urlTemplate":"https:\/\/conexionnacional.mx\/?s={search_term_string}"},"query-input":{"@type":"PropertyValueSpecification","valueRequired":true,"valueName":"search_term_string"}}],"inLanguage":"es"},{"@type":"Organization","@id":"https:\/\/conexionnacional.mx\/#organization","name":"Conexi\u00f3n Nacional","url":"https:\/\/conexionnacional.mx\/","logo":{"@type":"ImageObject","inLanguage":"es","@id":"https:\/\/conexionnacional.mx\/#\/schema\/logo\/image\/","url":"https:\/\/conexionnacional.mx\/wp-content\/uploads\/2022\/09\/conexion_nacional.png","contentUrl":"https:\/\/conexionnacional.mx\/wp-content\/uploads\/2022\/09\/conexion_nacional.png","width":2964,"height":1173,"caption":"Conexi\u00f3n Nacional"},"image":{"@id":"https:\/\/conexionnacional.mx\/#\/schema\/logo\/image\/"},"sameAs":["https:\/\/www.facebook.com\/cnmxradio"]},{"@type":"Person","@id":"https:\/\/conexionnacional.mx\/#\/schema\/person\/dd14aeda902120f5e0e021903fdb6931","name":"Conexi\u00f3n Nacional","image":{"@type":"ImageObject","inLanguage":"es","@id":"https:\/\/secure.gravatar.com\/avatar\/e523100f284110b2ecca7e17b2be9cf140a5e8f35294c9ec0543e6916cc1f9be?s=96&d=blank&r=g","url":"https:\/\/secure.gravatar.com\/avatar\/e523100f284110b2ecca7e17b2be9cf140a5e8f35294c9ec0543e6916cc1f9be?s=96&d=blank&r=g","contentUrl":"https:\/\/secure.gravatar.com\/avatar\/e523100f284110b2ecca7e17b2be9cf140a5e8f35294c9ec0543e6916cc1f9be?s=96&d=blank&r=g","caption":"Conexi\u00f3n Nacional"},"sameAs":["https:\/\/conexionnacional.mx"],"url":"https:\/\/conexionnacional.mx\/index.php\/author\/administrador\/"}]}},"_links":{"self":[{"href":"https:\/\/conexionnacional.mx\/index.php\/wp-json\/wp\/v2\/posts\/9941","targetHints":{"allow":["GET"]}}],"collection":[{"href":"https:\/\/conexionnacional.mx\/index.php\/wp-json\/wp\/v2\/posts"}],"about":[{"href":"https:\/\/conexionnacional.mx\/index.php\/wp-json\/wp\/v2\/types\/post"}],"author":[{"embeddable":true,"href":"https:\/\/conexionnacional.mx\/index.php\/wp-json\/wp\/v2\/users\/1"}],"replies":[{"embeddable":true,"href":"https:\/\/conexionnacional.mx\/index.php\/wp-json\/wp\/v2\/comments?post=9941"}],"version-history":[{"count":1,"href":"https:\/\/conexionnacional.mx\/index.php\/wp-json\/wp\/v2\/posts\/9941\/revisions"}],"predecessor-version":[{"id":9943,"href":"https:\/\/conexionnacional.mx\/index.php\/wp-json\/wp\/v2\/posts\/9941\/revisions\/9943"}],"wp:featuredmedia":[{"embeddable":true,"href":"https:\/\/conexionnacional.mx\/index.php\/wp-json\/wp\/v2\/media\/9942"}],"wp:attachment":[{"href":"https:\/\/conexionnacional.mx\/index.php\/wp-json\/wp\/v2\/media?parent=9941"}],"wp:term":[{"taxonomy":"category","embeddable":true,"href":"https:\/\/conexionnacional.mx\/index.php\/wp-json\/wp\/v2\/categories?post=9941"},{"taxonomy":"post_tag","embeddable":true,"href":"https:\/\/conexionnacional.mx\/index.php\/wp-json\/wp\/v2\/tags?post=9941"}],"curies":[{"name":"wp","href":"https:\/\/api.w.org\/{rel}","templated":true}]}}