{"id":9865,"date":"2023-02-27T12:06:47","date_gmt":"2023-02-27T18:06:47","guid":{"rendered":"https:\/\/conexionnacional.mx\/?p=9865"},"modified":"2023-02-27T12:06:48","modified_gmt":"2023-02-27T18:06:48","slug":"origen-del-covid-en-china","status":"publish","type":"post","link":"https:\/\/conexionnacional.mx\/index.php\/2023\/02\/27\/origen-del-covid-en-china\/","title":{"rendered":"<strong>Un informe de EEUU se\u00f1ala cu\u00e1l fue el origen del COVID en China<\/strong>"},"content":{"rendered":"\n<p>Por: <a href=\"https:\/\/californiamedios.com\/un-informe-de-eeuu-senala-cual-fue-el-origen-del-covid-en-china\/\">californiamedios.com<\/a>&nbsp; |<\/p>\n\n\n\n<p>Un informe de inteligencia clasificado del <strong>Departamento de Energ\u00eda de Estados Unidos (DOE<\/strong>, por sus siglas en ingl\u00e9s), recientemente proporcionado a la <strong>Casa Blanca<\/strong> y miembros clave del Congreso, concluy\u00f3 que una fuga accidental en un laboratorio de<strong> China \u201cprobablemente caus\u00f3\u201d<\/strong> la pandemia de coronavirus. El informe fue obtenido por el <strong>Wall Street Journal<\/strong>.<\/p>\n\n\n\n<p>Si bien la conclusi\u00f3n representa un cambio significativo en la postura anterior del Departamento, en la que se\u00f1alaron que no se sab\u00eda el origen exacto del <strong>Covid-19<\/strong>; lo cierto es que las agencias de espionaje contin\u00faan divididas en cuanto a los or\u00edgenes del virus, pues algunos funcionarios se\u00f1alan que la informaci\u00f3n de inteligencia proporcionada en la reciente investigaci\u00f3n es <strong>\u201crelativamente d\u00e9bil<\/strong>\u201d, por lo que la conclusi\u00f3n es de <strong>\u201cbaja confianza\u201d<\/strong>.<\/p>\n\n\n\n<p>Por su lado, el asesor de seguridad nacional,<strong> Jake Sullivan<\/strong>, ha se\u00f1alado que no puede <strong>\u201cconfirmar ni negar\u201d<\/strong> la existencia del informe de inteligencia obtenido por el Wall Street Journal; sin embargo, se\u00f1al\u00f3 que el Presidente Biden ya ha ordenado que los laboratorios nacionales participen en el esfuerzo por determinar el origen del brote a medida que el gobierno usa<strong> \u201ctodas las herramientas\u201d<\/strong> que posee.<\/p>\n\n\n\n<blockquote class=\"wp-block-quote is-layout-flow wp-block-quote-is-layout-flow\">\n<p>\u201cHay una variedad de puntos de vista en la comunidad de inteligencia. Algunos elementos han llegado a conclusiones por un lado, otros por el otro. Varios de ellos han dicho que simplemente no tienen suficiente informaci\u00f3n para estar seguros. Pero en este momento, no ha surgido una respuesta definitiva de la comunidad de inteligencia sobre esta pregunta\u201d, se\u00f1al\u00f3 Sullivan para State of the Union de CNN.<\/p>\n<\/blockquote>\n\n\n\n<p>El asesor concluy\u00f3 sus declaraciones se\u00f1alando que, en caso de obtener mayor informaci\u00f3n, la Administraci\u00f3n Biden se encargar\u00e1 de hacerla p\u00fablica.<\/p>\n\n\n\n<h2 class=\"wp-block-heading\">El FBI tambi\u00e9n concluye que el COVID-19 se origin\u00f3 en China<\/h2>\n\n\n\n<p>Adem\u00e1s del DOE, el <strong>Bur\u00f3 Federal de Investigaciones (FBI)<\/strong> concluy\u00f3 <strong>\u201ccon confianza moderada\u201d<\/strong> que la propagaci\u00f3n del COVID-19 es resultado de una fuga accidental del virus en el Instituto de Virolog\u00eda de Wuhan, un laboratorio chino que trabajaba con coronavirus.<\/p>\n\n\n\n<p>Contrario al DOE y el FBI; otras cuatro agencias de inteligencia, as\u00ed como el <strong>Consejo Nacional de Inteligencia<\/strong> han concluido <strong>\u201ccon poca confianza\u201d<\/strong> que lo m\u00e1s probable es que el virus haya surgido a trav\u00e9s de la transmisi\u00f3n natural.<\/p>\n\n\n\n<p>Con Informaci\u00f3n de <a href=\"https:\/\/californiamedios.com\/\">California Medios<\/a><\/p>\n","protected":false},"excerpt":{"rendered":"<p>Por: californiamedios.com&nbsp; | Un informe de inteligencia clasificado del Departamento de Energ\u00eda de Estados Unidos (DOE, por sus siglas en ingl\u00e9s), recientemente proporcionado a la Casa Blanca y miembros clave del Congreso, concluy\u00f3 que una fuga accidental en un laboratorio de China \u201cprobablemente caus\u00f3\u201d la pandemia de coronavirus. El informe fue obtenido por el Wall [&hellip;]<\/p>\n","protected":false},"author":1,"featured_media":9866,"comment_status":"closed","ping_status":"closed","sticky":false,"template":"","format":"aside","meta":{"googlesitekit_rrm_CAowytPeCw:productID":"","footnotes":""},"categories":[8,22],"tags":[707,191,190,35],"class_list":["post-9865","post","type-post","status-publish","format-aside","has-post-thumbnail","hentry","category-internacional","category-salud","tag-china","tag-coronavirus","tag-covid","tag-estados-unidos","post_format-post-format-aside"],"yoast_head":"<!-- This site is optimized with the Yoast SEO plugin v27.5 - https:\/\/yoast.com\/product\/yoast-seo-wordpress\/ -->\n<title>Un informe de EEUU se\u00f1ala cu\u00e1l fue el origen del COVID en China |<\/title>\n<meta name=\"description\" content=\"Un informe de inteligencia clasificado del Departamento de Energ\u00eda de Estados Unidos, recientemente proporcionado a la Casa Blanca\" \/>\n<meta name=\"robots\" content=\"index, follow, max-snippet:-1, max-image-preview:large, max-video-preview:-1\" \/>\n<link rel=\"canonical\" href=\"https:\/\/conexionnacional.mx\/index.php\/2023\/02\/27\/origen-del-covid-en-china\/\" \/>\n<meta property=\"og:locale\" content=\"es_MX\" \/>\n<meta property=\"og:type\" content=\"article\" \/>\n<meta property=\"og:title\" content=\"Un informe de EEUU se\u00f1ala cu\u00e1l fue el origen del COVID en China |\" \/>\n<meta property=\"og:description\" content=\"Un informe de inteligencia clasificado del Departamento de Energ\u00eda de Estados Unidos, recientemente proporcionado a la Casa Blanca\" \/>\n<meta property=\"og:url\" content=\"https:\/\/conexionnacional.mx\/index.php\/2023\/02\/27\/origen-del-covid-en-china\/\" \/>\n<meta property=\"og:site_name\" content=\"Conexi\u00f3n Nacional\" \/>\n<meta property=\"article:publisher\" content=\"https:\/\/www.facebook.com\/cnmxradio\" \/>\n<meta property=\"article:published_time\" content=\"2023-02-27T18:06:47+00:00\" \/>\n<meta property=\"article:modified_time\" content=\"2023-02-27T18:06:48+00:00\" \/>\n<meta property=\"og:image\" content=\"https:\/\/conexionnacional.mx\/wp-content\/uploads\/2023\/02\/origen-del-COVID-en-China-CN.jpg\" \/>\n\t<meta property=\"og:image:width\" content=\"1000\" \/>\n\t<meta property=\"og:image:height\" content=\"600\" \/>\n\t<meta property=\"og:image:type\" content=\"image\/jpeg\" \/>\n<meta name=\"author\" content=\"Conexi\u00f3n Nacional\" \/>\n<meta name=\"twitter:card\" content=\"summary_large_image\" \/>\n<meta name=\"twitter:label1\" content=\"Escrito por\" \/>\n\t<meta name=\"twitter:data1\" content=\"Conexi\u00f3n Nacional\" \/>\n\t<meta name=\"twitter:label2\" content=\"Tiempo de lectura\" \/>\n\t<meta name=\"twitter:data2\" content=\"2 minutos\" \/>\n<script type=\"application\/ld+json\" class=\"yoast-schema-graph\">{\"@context\":\"https:\\\/\\\/schema.org\",\"@graph\":[{\"@type\":\"Article\",\"@id\":\"https:\\\/\\\/conexionnacional.mx\\\/index.php\\\/2023\\\/02\\\/27\\\/origen-del-covid-en-china\\\/#article\",\"isPartOf\":{\"@id\":\"https:\\\/\\\/conexionnacional.mx\\\/index.php\\\/2023\\\/02\\\/27\\\/origen-del-covid-en-china\\\/\"},\"author\":{\"name\":\"Conexi\u00f3n Nacional\",\"@id\":\"https:\\\/\\\/conexionnacional.mx\\\/#\\\/schema\\\/person\\\/dd14aeda902120f5e0e021903fdb6931\"},\"headline\":\"Un informe de EEUU se\u00f1ala cu\u00e1l fue el origen del COVID en China\",\"datePublished\":\"2023-02-27T18:06:47+00:00\",\"dateModified\":\"2023-02-27T18:06:48+00:00\",\"mainEntityOfPage\":{\"@id\":\"https:\\\/\\\/conexionnacional.mx\\\/index.php\\\/2023\\\/02\\\/27\\\/origen-del-covid-en-china\\\/\"},\"wordCount\":418,\"publisher\":{\"@id\":\"https:\\\/\\\/conexionnacional.mx\\\/#organization\"},\"image\":{\"@id\":\"https:\\\/\\\/conexionnacional.mx\\\/index.php\\\/2023\\\/02\\\/27\\\/origen-del-covid-en-china\\\/#primaryimage\"},\"thumbnailUrl\":\"https:\\\/\\\/conexionnacional.mx\\\/wp-content\\\/uploads\\\/2023\\\/02\\\/origen-del-COVID-en-China-CN.jpg\",\"keywords\":[\"china\",\"coronavirus\",\"Covid\",\"Estados Unidos\"],\"articleSection\":[\"Internacional\",\"Salud\"],\"inLanguage\":\"es\"},{\"@type\":\"WebPage\",\"@id\":\"https:\\\/\\\/conexionnacional.mx\\\/index.php\\\/2023\\\/02\\\/27\\\/origen-del-covid-en-china\\\/\",\"url\":\"https:\\\/\\\/conexionnacional.mx\\\/index.php\\\/2023\\\/02\\\/27\\\/origen-del-covid-en-china\\\/\",\"name\":\"Un informe de EEUU se\u00f1ala cu\u00e1l fue el origen del COVID en China |\",\"isPartOf\":{\"@id\":\"https:\\\/\\\/conexionnacional.mx\\\/#website\"},\"primaryImageOfPage\":{\"@id\":\"https:\\\/\\\/conexionnacional.mx\\\/index.php\\\/2023\\\/02\\\/27\\\/origen-del-covid-en-china\\\/#primaryimage\"},\"image\":{\"@id\":\"https:\\\/\\\/conexionnacional.mx\\\/index.php\\\/2023\\\/02\\\/27\\\/origen-del-covid-en-china\\\/#primaryimage\"},\"thumbnailUrl\":\"https:\\\/\\\/conexionnacional.mx\\\/wp-content\\\/uploads\\\/2023\\\/02\\\/origen-del-COVID-en-China-CN.jpg\",\"datePublished\":\"2023-02-27T18:06:47+00:00\",\"dateModified\":\"2023-02-27T18:06:48+00:00\",\"description\":\"Un informe de inteligencia clasificado del Departamento de Energ\u00eda de Estados Unidos, recientemente proporcionado a la Casa Blanca\",\"breadcrumb\":{\"@id\":\"https:\\\/\\\/conexionnacional.mx\\\/index.php\\\/2023\\\/02\\\/27\\\/origen-del-covid-en-china\\\/#breadcrumb\"},\"inLanguage\":\"es\",\"potentialAction\":[{\"@type\":\"ReadAction\",\"target\":[\"https:\\\/\\\/conexionnacional.mx\\\/index.php\\\/2023\\\/02\\\/27\\\/origen-del-covid-en-china\\\/\"]}]},{\"@type\":\"ImageObject\",\"inLanguage\":\"es\",\"@id\":\"https:\\\/\\\/conexionnacional.mx\\\/index.php\\\/2023\\\/02\\\/27\\\/origen-del-covid-en-china\\\/#primaryimage\",\"url\":\"https:\\\/\\\/conexionnacional.mx\\\/wp-content\\\/uploads\\\/2023\\\/02\\\/origen-del-COVID-en-China-CN.jpg\",\"contentUrl\":\"https:\\\/\\\/conexionnacional.mx\\\/wp-content\\\/uploads\\\/2023\\\/02\\\/origen-del-COVID-en-China-CN.jpg\",\"width\":1000,\"height\":600,\"caption\":\"Un informe de EEUU se\u00f1ala cu\u00e1l fue el origen del COVID en China\"},{\"@type\":\"BreadcrumbList\",\"@id\":\"https:\\\/\\\/conexionnacional.mx\\\/index.php\\\/2023\\\/02\\\/27\\\/origen-del-covid-en-china\\\/#breadcrumb\",\"itemListElement\":[{\"@type\":\"ListItem\",\"position\":1,\"name\":\"Inicio\",\"item\":\"https:\\\/\\\/conexionnacional.mx\\\/\"},{\"@type\":\"ListItem\",\"position\":2,\"name\":\"Un informe de EEUU se\u00f1ala cu\u00e1l fue el origen del COVID en China\"}]},{\"@type\":\"WebSite\",\"@id\":\"https:\\\/\\\/conexionnacional.mx\\\/#website\",\"url\":\"https:\\\/\\\/conexionnacional.mx\\\/\",\"name\":\"Conexi\u00f3n Nacional\",\"description\":\"Noticias al momento\",\"publisher\":{\"@id\":\"https:\\\/\\\/conexionnacional.mx\\\/#organization\"},\"alternateName\":\"Noticias nacionales\",\"potentialAction\":[{\"@type\":\"SearchAction\",\"target\":{\"@type\":\"EntryPoint\",\"urlTemplate\":\"https:\\\/\\\/conexionnacional.mx\\\/?s={search_term_string}\"},\"query-input\":{\"@type\":\"PropertyValueSpecification\",\"valueRequired\":true,\"valueName\":\"search_term_string\"}}],\"inLanguage\":\"es\"},{\"@type\":\"Organization\",\"@id\":\"https:\\\/\\\/conexionnacional.mx\\\/#organization\",\"name\":\"Conexi\u00f3n Nacional\",\"url\":\"https:\\\/\\\/conexionnacional.mx\\\/\",\"logo\":{\"@type\":\"ImageObject\",\"inLanguage\":\"es\",\"@id\":\"https:\\\/\\\/conexionnacional.mx\\\/#\\\/schema\\\/logo\\\/image\\\/\",\"url\":\"https:\\\/\\\/conexionnacional.mx\\\/wp-content\\\/uploads\\\/2022\\\/09\\\/conexion_nacional.png\",\"contentUrl\":\"https:\\\/\\\/conexionnacional.mx\\\/wp-content\\\/uploads\\\/2022\\\/09\\\/conexion_nacional.png\",\"width\":2964,\"height\":1173,\"caption\":\"Conexi\u00f3n Nacional\"},\"image\":{\"@id\":\"https:\\\/\\\/conexionnacional.mx\\\/#\\\/schema\\\/logo\\\/image\\\/\"},\"sameAs\":[\"https:\\\/\\\/www.facebook.com\\\/cnmxradio\"]},{\"@type\":\"Person\",\"@id\":\"https:\\\/\\\/conexionnacional.mx\\\/#\\\/schema\\\/person\\\/dd14aeda902120f5e0e021903fdb6931\",\"name\":\"Conexi\u00f3n Nacional\",\"image\":{\"@type\":\"ImageObject\",\"inLanguage\":\"es\",\"@id\":\"https:\\\/\\\/secure.gravatar.com\\\/avatar\\\/e523100f284110b2ecca7e17b2be9cf140a5e8f35294c9ec0543e6916cc1f9be?s=96&d=blank&r=g\",\"url\":\"https:\\\/\\\/secure.gravatar.com\\\/avatar\\\/e523100f284110b2ecca7e17b2be9cf140a5e8f35294c9ec0543e6916cc1f9be?s=96&d=blank&r=g\",\"contentUrl\":\"https:\\\/\\\/secure.gravatar.com\\\/avatar\\\/e523100f284110b2ecca7e17b2be9cf140a5e8f35294c9ec0543e6916cc1f9be?s=96&d=blank&r=g\",\"caption\":\"Conexi\u00f3n Nacional\"},\"sameAs\":[\"https:\\\/\\\/conexionnacional.mx\"],\"url\":\"https:\\\/\\\/conexionnacional.mx\\\/index.php\\\/author\\\/administrador\\\/\"}]}<\/script>\n<!-- \/ Yoast SEO plugin. -->","yoast_head_json":{"title":"Un informe de EEUU se\u00f1ala cu\u00e1l fue el origen del COVID en China |","description":"Un informe de inteligencia clasificado del Departamento de Energ\u00eda de Estados Unidos, recientemente proporcionado a la Casa Blanca","robots":{"index":"index","follow":"follow","max-snippet":"max-snippet:-1","max-image-preview":"max-image-preview:large","max-video-preview":"max-video-preview:-1"},"canonical":"https:\/\/conexionnacional.mx\/index.php\/2023\/02\/27\/origen-del-covid-en-china\/","og_locale":"es_MX","og_type":"article","og_title":"Un informe de EEUU se\u00f1ala cu\u00e1l fue el origen del COVID en China |","og_description":"Un informe de inteligencia clasificado del Departamento de Energ\u00eda de Estados Unidos, recientemente proporcionado a la Casa Blanca","og_url":"https:\/\/conexionnacional.mx\/index.php\/2023\/02\/27\/origen-del-covid-en-china\/","og_site_name":"Conexi\u00f3n Nacional","article_publisher":"https:\/\/www.facebook.com\/cnmxradio","article_published_time":"2023-02-27T18:06:47+00:00","article_modified_time":"2023-02-27T18:06:48+00:00","og_image":[{"width":1000,"height":600,"url":"https:\/\/conexionnacional.mx\/wp-content\/uploads\/2023\/02\/origen-del-COVID-en-China-CN.jpg","type":"image\/jpeg"}],"author":"Conexi\u00f3n Nacional","twitter_card":"summary_large_image","twitter_misc":{"Escrito por":"Conexi\u00f3n Nacional","Tiempo de lectura":"2 minutos"},"schema":{"@context":"https:\/\/schema.org","@graph":[{"@type":"Article","@id":"https:\/\/conexionnacional.mx\/index.php\/2023\/02\/27\/origen-del-covid-en-china\/#article","isPartOf":{"@id":"https:\/\/conexionnacional.mx\/index.php\/2023\/02\/27\/origen-del-covid-en-china\/"},"author":{"name":"Conexi\u00f3n Nacional","@id":"https:\/\/conexionnacional.mx\/#\/schema\/person\/dd14aeda902120f5e0e021903fdb6931"},"headline":"Un informe de EEUU se\u00f1ala cu\u00e1l fue el origen del COVID en China","datePublished":"2023-02-27T18:06:47+00:00","dateModified":"2023-02-27T18:06:48+00:00","mainEntityOfPage":{"@id":"https:\/\/conexionnacional.mx\/index.php\/2023\/02\/27\/origen-del-covid-en-china\/"},"wordCount":418,"publisher":{"@id":"https:\/\/conexionnacional.mx\/#organization"},"image":{"@id":"https:\/\/conexionnacional.mx\/index.php\/2023\/02\/27\/origen-del-covid-en-china\/#primaryimage"},"thumbnailUrl":"https:\/\/conexionnacional.mx\/wp-content\/uploads\/2023\/02\/origen-del-COVID-en-China-CN.jpg","keywords":["china","coronavirus","Covid","Estados Unidos"],"articleSection":["Internacional","Salud"],"inLanguage":"es"},{"@type":"WebPage","@id":"https:\/\/conexionnacional.mx\/index.php\/2023\/02\/27\/origen-del-covid-en-china\/","url":"https:\/\/conexionnacional.mx\/index.php\/2023\/02\/27\/origen-del-covid-en-china\/","name":"Un informe de EEUU se\u00f1ala cu\u00e1l fue el origen del COVID en China |","isPartOf":{"@id":"https:\/\/conexionnacional.mx\/#website"},"primaryImageOfPage":{"@id":"https:\/\/conexionnacional.mx\/index.php\/2023\/02\/27\/origen-del-covid-en-china\/#primaryimage"},"image":{"@id":"https:\/\/conexionnacional.mx\/index.php\/2023\/02\/27\/origen-del-covid-en-china\/#primaryimage"},"thumbnailUrl":"https:\/\/conexionnacional.mx\/wp-content\/uploads\/2023\/02\/origen-del-COVID-en-China-CN.jpg","datePublished":"2023-02-27T18:06:47+00:00","dateModified":"2023-02-27T18:06:48+00:00","description":"Un informe de inteligencia clasificado del Departamento de Energ\u00eda de Estados Unidos, recientemente proporcionado a la Casa Blanca","breadcrumb":{"@id":"https:\/\/conexionnacional.mx\/index.php\/2023\/02\/27\/origen-del-covid-en-china\/#breadcrumb"},"inLanguage":"es","potentialAction":[{"@type":"ReadAction","target":["https:\/\/conexionnacional.mx\/index.php\/2023\/02\/27\/origen-del-covid-en-china\/"]}]},{"@type":"ImageObject","inLanguage":"es","@id":"https:\/\/conexionnacional.mx\/index.php\/2023\/02\/27\/origen-del-covid-en-china\/#primaryimage","url":"https:\/\/conexionnacional.mx\/wp-content\/uploads\/2023\/02\/origen-del-COVID-en-China-CN.jpg","contentUrl":"https:\/\/conexionnacional.mx\/wp-content\/uploads\/2023\/02\/origen-del-COVID-en-China-CN.jpg","width":1000,"height":600,"caption":"Un informe de EEUU se\u00f1ala cu\u00e1l fue el origen del COVID en China"},{"@type":"BreadcrumbList","@id":"https:\/\/conexionnacional.mx\/index.php\/2023\/02\/27\/origen-del-covid-en-china\/#breadcrumb","itemListElement":[{"@type":"ListItem","position":1,"name":"Inicio","item":"https:\/\/conexionnacional.mx\/"},{"@type":"ListItem","position":2,"name":"Un informe de EEUU se\u00f1ala cu\u00e1l fue el origen del COVID en China"}]},{"@type":"WebSite","@id":"https:\/\/conexionnacional.mx\/#website","url":"https:\/\/conexionnacional.mx\/","name":"Conexi\u00f3n Nacional","description":"Noticias al momento","publisher":{"@id":"https:\/\/conexionnacional.mx\/#organization"},"alternateName":"Noticias nacionales","potentialAction":[{"@type":"SearchAction","target":{"@type":"EntryPoint","urlTemplate":"https:\/\/conexionnacional.mx\/?s={search_term_string}"},"query-input":{"@type":"PropertyValueSpecification","valueRequired":true,"valueName":"search_term_string"}}],"inLanguage":"es"},{"@type":"Organization","@id":"https:\/\/conexionnacional.mx\/#organization","name":"Conexi\u00f3n Nacional","url":"https:\/\/conexionnacional.mx\/","logo":{"@type":"ImageObject","inLanguage":"es","@id":"https:\/\/conexionnacional.mx\/#\/schema\/logo\/image\/","url":"https:\/\/conexionnacional.mx\/wp-content\/uploads\/2022\/09\/conexion_nacional.png","contentUrl":"https:\/\/conexionnacional.mx\/wp-content\/uploads\/2022\/09\/conexion_nacional.png","width":2964,"height":1173,"caption":"Conexi\u00f3n Nacional"},"image":{"@id":"https:\/\/conexionnacional.mx\/#\/schema\/logo\/image\/"},"sameAs":["https:\/\/www.facebook.com\/cnmxradio"]},{"@type":"Person","@id":"https:\/\/conexionnacional.mx\/#\/schema\/person\/dd14aeda902120f5e0e021903fdb6931","name":"Conexi\u00f3n Nacional","image":{"@type":"ImageObject","inLanguage":"es","@id":"https:\/\/secure.gravatar.com\/avatar\/e523100f284110b2ecca7e17b2be9cf140a5e8f35294c9ec0543e6916cc1f9be?s=96&d=blank&r=g","url":"https:\/\/secure.gravatar.com\/avatar\/e523100f284110b2ecca7e17b2be9cf140a5e8f35294c9ec0543e6916cc1f9be?s=96&d=blank&r=g","contentUrl":"https:\/\/secure.gravatar.com\/avatar\/e523100f284110b2ecca7e17b2be9cf140a5e8f35294c9ec0543e6916cc1f9be?s=96&d=blank&r=g","caption":"Conexi\u00f3n Nacional"},"sameAs":["https:\/\/conexionnacional.mx"],"url":"https:\/\/conexionnacional.mx\/index.php\/author\/administrador\/"}]}},"_links":{"self":[{"href":"https:\/\/conexionnacional.mx\/index.php\/wp-json\/wp\/v2\/posts\/9865","targetHints":{"allow":["GET"]}}],"collection":[{"href":"https:\/\/conexionnacional.mx\/index.php\/wp-json\/wp\/v2\/posts"}],"about":[{"href":"https:\/\/conexionnacional.mx\/index.php\/wp-json\/wp\/v2\/types\/post"}],"author":[{"embeddable":true,"href":"https:\/\/conexionnacional.mx\/index.php\/wp-json\/wp\/v2\/users\/1"}],"replies":[{"embeddable":true,"href":"https:\/\/conexionnacional.mx\/index.php\/wp-json\/wp\/v2\/comments?post=9865"}],"version-history":[{"count":1,"href":"https:\/\/conexionnacional.mx\/index.php\/wp-json\/wp\/v2\/posts\/9865\/revisions"}],"predecessor-version":[{"id":9867,"href":"https:\/\/conexionnacional.mx\/index.php\/wp-json\/wp\/v2\/posts\/9865\/revisions\/9867"}],"wp:featuredmedia":[{"embeddable":true,"href":"https:\/\/conexionnacional.mx\/index.php\/wp-json\/wp\/v2\/media\/9866"}],"wp:attachment":[{"href":"https:\/\/conexionnacional.mx\/index.php\/wp-json\/wp\/v2\/media?parent=9865"}],"wp:term":[{"taxonomy":"category","embeddable":true,"href":"https:\/\/conexionnacional.mx\/index.php\/wp-json\/wp\/v2\/categories?post=9865"},{"taxonomy":"post_tag","embeddable":true,"href":"https:\/\/conexionnacional.mx\/index.php\/wp-json\/wp\/v2\/tags?post=9865"}],"curies":[{"name":"wp","href":"https:\/\/api.w.org\/{rel}","templated":true}]}}