{"id":9862,"date":"2023-02-27T11:31:32","date_gmt":"2023-02-27T17:31:32","guid":{"rendered":"https:\/\/conexionnacional.mx\/?p=9862"},"modified":"2023-02-27T11:31:33","modified_gmt":"2023-02-27T17:31:33","slug":"manana-caotica-en-el-aeropuerto","status":"publish","type":"post","link":"https:\/\/conexionnacional.mx\/index.php\/2023\/02\/27\/manana-caotica-en-el-aeropuerto\/","title":{"rendered":"<strong>Ma\u00f1ana ca\u00f3tica en el aeropuerto internacional de la Ciudad de M\u00e9xico<\/strong>"},"content":{"rendered":"\n<p>Por: <a href=\"https:\/\/www.cydnoticias.mx\/2023\/02\/27\/manana-caotica-en-el-aeropuerto\/\">Yeri Gonz\u00e1lez | cydnoticias.mx<\/a> &nbsp; |<\/p>\n\n\n\n<p>La ma\u00f1ana de este lunes, <strong>taxistas bloquearon el acceso a la Terminal <\/strong>1 del Aeropuerto Internacional de la Ciudad de M\u00e9xico (<strong>AICM<\/strong>), en la avenida Capit\u00e1n Carlos Le\u00f3n.<\/p>\n\n\n\n<p>Los pasajeros que se dirig\u00edan a la terminal a\u00e9rea quedaron varados&nbsp; y perdieron sus vuelos.<\/p>\n\n\n\n<figure class=\"wp-block-embed is-type-rich is-provider-twitter wp-block-embed-twitter\"><div class=\"wp-block-embed__wrapper\">\n<blockquote class=\"twitter-tweet\" data-width=\"550\" data-dnt=\"true\"><p lang=\"es\" dir=\"ltr\"><a href=\"https:\/\/twitter.com\/hashtag\/AlertaVial?src=hash&amp;ref_src=twsrc%5Etfw\">#AlertaVial<\/a> <br><br>Taxistas bloquean accesos a la Terminal 1 del <a href=\"https:\/\/twitter.com\/hashtag\/AICM?src=hash&amp;ref_src=twsrc%5Etfw\">#AICM<\/a> <a href=\"https:\/\/t.co\/jcVEYQvg7Y\">pic.twitter.com\/jcVEYQvg7Y<\/a><\/p>&mdash; Uno TV (@UnoNoticias) <a href=\"https:\/\/twitter.com\/UnoNoticias\/status\/1630247465302609921?ref_src=twsrc%5Etfw\">February 27, 2023<\/a><\/blockquote><script async src=\"https:\/\/platform.twitter.com\/widgets.js\" charset=\"utf-8\"><\/script>\n<\/div><\/figure>\n\n\n\n<p>Los taxistas que se manifiestan son los que prestan servicio en el AICM y se colocaron principalmente camionetas para interferir en el paso de los veh\u00edculos.<\/p>\n\n\n\n<figure class=\"wp-block-embed is-type-rich is-provider-twitter wp-block-embed-twitter\"><div class=\"wp-block-embed__wrapper\">\n<blockquote class=\"twitter-tweet\" data-width=\"550\" data-dnt=\"true\"><p lang=\"es\" dir=\"ltr\">Personal de <a href=\"https:\/\/twitter.com\/hashtag\/Tr%C3%A1nsito?src=hash&amp;ref_src=twsrc%5Etfw\">#Tr\u00e1nsito<\/a> de la <a href=\"https:\/\/twitter.com\/hashtag\/SSC?src=hash&amp;ref_src=twsrc%5Etfw\">#SSC<\/a> apoya, en unidades oficiales, al traslado de usuarios del <a href=\"https:\/\/twitter.com\/AICM_mx?ref_src=twsrc%5Etfw\">@AICM_mx<\/a> del <a href=\"https:\/\/twitter.com\/hashtag\/CircuitoInterior?src=hash&amp;ref_src=twsrc%5Etfw\">#CircuitoInterior<\/a> a la <a href=\"https:\/\/twitter.com\/hashtag\/Terminal1?src=hash&amp;ref_src=twsrc%5Etfw\">#Terminal1<\/a>, por seguridad y movilidad de la zona.  \u2708\ufe0f\ud83d\udc6e\ud83c\udffb\u200d\u2640\ufe0f\ud83d\ude93 <a href=\"https:\/\/t.co\/hVGlojUdWw\">pic.twitter.com\/hVGlojUdWw<\/a><\/p>&mdash; SSC CDMX (@SSC_CDMX) <a href=\"https:\/\/twitter.com\/SSC_CDMX\/status\/1630250861879349250?ref_src=twsrc%5Etfw\">February 27, 2023<\/a><\/blockquote><script async src=\"https:\/\/platform.twitter.com\/widgets.js\" charset=\"utf-8\"><\/script>\n<\/div><\/figure>\n\n\n\n<p>La <strong>Secretar\u00eda de Seguridad Ciudadana (SSC) de la CDMX<\/strong> ofreci\u00f3 la alternativa vial de Avenida 608, Eje 1 y Anillo Perif\u00e9rico, ante la confirmaci\u00f3n de manifestantes en Capit\u00e1n Carlos Le\u00f3n y Circuito Interior, en la colonia Pe\u00f1\u00f3n de los Ba\u00f1os de de la alcald\u00eda Venustiano Carranza.<\/p>\n\n\n\n<figure class=\"wp-block-embed is-type-rich is-provider-twitter wp-block-embed-twitter\"><div class=\"wp-block-embed__wrapper\">\n<blockquote class=\"twitter-tweet\" data-width=\"550\" data-dnt=\"true\"><p lang=\"es\" dir=\"ltr\"><a href=\"https:\/\/twitter.com\/hashtag\/IMPORTANTE?src=hash&amp;ref_src=twsrc%5Etfw\">#IMPORTANTE<\/a> A trav\u00e9s de redes sociales, usuarios reportan la presencia de manifestantes en las inmediaciones de la Terminal 1 del <a href=\"https:\/\/twitter.com\/hashtag\/AICM?src=hash&amp;ref_src=twsrc%5Etfw\">#AICM<\/a>. Se recomienda tomar precauciones. <a href=\"https:\/\/t.co\/83QSfZnx0T\">pic.twitter.com\/83QSfZnx0T<\/a><\/p>&mdash; EnElAire (@Enel_Aire) <a href=\"https:\/\/twitter.com\/Enel_Aire\/status\/1630244144974266368?ref_src=twsrc%5Etfw\">February 27, 2023<\/a><\/blockquote><script async src=\"https:\/\/platform.twitter.com\/widgets.js\" charset=\"utf-8\"><\/script>\n<\/div><\/figure>\n\n\n\n<p>El bloqueo dur\u00f3&nbsp; aproximadamente una hora el acceso a la terminal 1 del Aeropuerto Internacional de la Ciudad de M\u00e9xico (AICM), lo que oblig\u00f3 a usuarios caminar para llegar a sus vuelos ya programados.<\/p>\n\n\n\n<figure class=\"wp-block-embed is-type-rich is-provider-twitter wp-block-embed-twitter\"><div class=\"wp-block-embed__wrapper\">\n<blockquote class=\"twitter-tweet\" data-width=\"550\" data-dnt=\"true\"><p lang=\"es\" dir=\"ltr\"><a href=\"https:\/\/twitter.com\/hashtag\/AlertaVial?src=hash&amp;ref_src=twsrc%5Etfw\">#AlertaVial<\/a> <br><br>Se retiran manifestantes de las inmediaciones de la Terminal 1 del <a href=\"https:\/\/twitter.com\/hashtag\/AICM?src=hash&amp;ref_src=twsrc%5Etfw\">#AICM<\/a>; la circulaci\u00f3n es lenta, pero constante <a href=\"https:\/\/t.co\/9vNSSZnzAp\">pic.twitter.com\/9vNSSZnzAp<\/a><\/p>&mdash; Uno TV (@UnoNoticias) <a href=\"https:\/\/twitter.com\/UnoNoticias\/status\/1630251196161327105?ref_src=twsrc%5Etfw\">February 27, 2023<\/a><\/blockquote><script async src=\"https:\/\/platform.twitter.com\/widgets.js\" charset=\"utf-8\"><\/script>\n<\/div><\/figure>\n\n\n\n<p>Con Informaci\u00f3n de <a href=\"http:\/\/cydnoticias.mx\/\">Claro y Directo Mx\u00ae<\/a><\/p>\n","protected":false},"excerpt":{"rendered":"<p>Por: Yeri Gonz\u00e1lez | cydnoticias.mx &nbsp; | La ma\u00f1ana de este lunes, taxistas bloquearon el acceso a la Terminal 1 del Aeropuerto Internacional de la Ciudad de M\u00e9xico (AICM), en la avenida Capit\u00e1n Carlos Le\u00f3n. Los pasajeros que se dirig\u00edan a la terminal a\u00e9rea quedaron varados&nbsp; y perdieron sus vuelos. Los taxistas que se manifiestan [&hellip;]<\/p>\n","protected":false},"author":1,"featured_media":9863,"comment_status":"closed","ping_status":"closed","sticky":false,"template":"","format":"aside","meta":{"googlesitekit_rrm_CAowytPeCw:productID":"","footnotes":""},"categories":[3,18],"tags":[1615,2541,1144,1676],"class_list":["post-9862","post","type-post","status-publish","format-aside","has-post-thumbnail","hentry","category-nacional","category-tendencias","tag-aeropuerto","tag-aicm","tag-bloqueo","tag-taxistas","post_format-post-format-aside"],"yoast_head":"<!-- This site is optimized with the Yoast SEO plugin v27.5 - https:\/\/yoast.com\/product\/yoast-seo-wordpress\/ -->\n<title>Ma\u00f1ana ca\u00f3tica en el aeropuerto internacional de la Ciudad de M\u00e9xico |<\/title>\n<meta name=\"description\" content=\"La ma\u00f1ana de este lunes, taxistas bloquearon el acceso a la Terminal 1 del Aeropuerto Internacional de la Ciudad de M\u00e9xico (AICM),\" \/>\n<meta name=\"robots\" content=\"index, follow, max-snippet:-1, max-image-preview:large, max-video-preview:-1\" \/>\n<link rel=\"canonical\" href=\"https:\/\/conexionnacional.mx\/index.php\/2023\/02\/27\/manana-caotica-en-el-aeropuerto\/\" \/>\n<meta property=\"og:locale\" content=\"es_MX\" \/>\n<meta property=\"og:type\" content=\"article\" \/>\n<meta property=\"og:title\" content=\"Ma\u00f1ana ca\u00f3tica en el aeropuerto internacional de la Ciudad de M\u00e9xico |\" \/>\n<meta property=\"og:description\" content=\"La ma\u00f1ana de este lunes, taxistas bloquearon el acceso a la Terminal 1 del Aeropuerto Internacional de la Ciudad de M\u00e9xico (AICM),\" \/>\n<meta property=\"og:url\" content=\"https:\/\/conexionnacional.mx\/index.php\/2023\/02\/27\/manana-caotica-en-el-aeropuerto\/\" \/>\n<meta property=\"og:site_name\" content=\"Conexi\u00f3n Nacional\" \/>\n<meta property=\"article:publisher\" content=\"https:\/\/www.facebook.com\/cnmxradio\" \/>\n<meta property=\"article:published_time\" content=\"2023-02-27T17:31:32+00:00\" \/>\n<meta property=\"article:modified_time\" content=\"2023-02-27T17:31:33+00:00\" \/>\n<meta property=\"og:image\" content=\"https:\/\/conexionnacional.mx\/wp-content\/uploads\/2023\/02\/Bloque-taxistas-AICM-CN.jpg\" \/>\n\t<meta property=\"og:image:width\" content=\"1000\" \/>\n\t<meta property=\"og:image:height\" content=\"600\" \/>\n\t<meta property=\"og:image:type\" content=\"image\/jpeg\" \/>\n<meta name=\"author\" content=\"Conexi\u00f3n Nacional\" \/>\n<meta name=\"twitter:card\" content=\"summary_large_image\" \/>\n<meta name=\"twitter:label1\" content=\"Escrito por\" \/>\n\t<meta name=\"twitter:data1\" content=\"Conexi\u00f3n Nacional\" \/>\n\t<meta name=\"twitter:label2\" content=\"Tiempo de lectura\" \/>\n\t<meta name=\"twitter:data2\" content=\"1 minuto\" \/>\n<script type=\"application\/ld+json\" class=\"yoast-schema-graph\">{\"@context\":\"https:\\\/\\\/schema.org\",\"@graph\":[{\"@type\":\"Article\",\"@id\":\"https:\\\/\\\/conexionnacional.mx\\\/index.php\\\/2023\\\/02\\\/27\\\/manana-caotica-en-el-aeropuerto\\\/#article\",\"isPartOf\":{\"@id\":\"https:\\\/\\\/conexionnacional.mx\\\/index.php\\\/2023\\\/02\\\/27\\\/manana-caotica-en-el-aeropuerto\\\/\"},\"author\":{\"name\":\"Conexi\u00f3n Nacional\",\"@id\":\"https:\\\/\\\/conexionnacional.mx\\\/#\\\/schema\\\/person\\\/dd14aeda902120f5e0e021903fdb6931\"},\"headline\":\"Ma\u00f1ana ca\u00f3tica en el aeropuerto internacional de la Ciudad de M\u00e9xico\",\"datePublished\":\"2023-02-27T17:31:32+00:00\",\"dateModified\":\"2023-02-27T17:31:33+00:00\",\"mainEntityOfPage\":{\"@id\":\"https:\\\/\\\/conexionnacional.mx\\\/index.php\\\/2023\\\/02\\\/27\\\/manana-caotica-en-el-aeropuerto\\\/\"},\"wordCount\":218,\"publisher\":{\"@id\":\"https:\\\/\\\/conexionnacional.mx\\\/#organization\"},\"image\":{\"@id\":\"https:\\\/\\\/conexionnacional.mx\\\/index.php\\\/2023\\\/02\\\/27\\\/manana-caotica-en-el-aeropuerto\\\/#primaryimage\"},\"thumbnailUrl\":\"https:\\\/\\\/conexionnacional.mx\\\/wp-content\\\/uploads\\\/2023\\\/02\\\/Bloque-taxistas-AICM-CN.jpg\",\"keywords\":[\"aeropuerto\",\"AICM\",\"Bloqueo\",\"Taxistas\"],\"articleSection\":[\"Nacional\",\"Tendencias\"],\"inLanguage\":\"es\"},{\"@type\":\"WebPage\",\"@id\":\"https:\\\/\\\/conexionnacional.mx\\\/index.php\\\/2023\\\/02\\\/27\\\/manana-caotica-en-el-aeropuerto\\\/\",\"url\":\"https:\\\/\\\/conexionnacional.mx\\\/index.php\\\/2023\\\/02\\\/27\\\/manana-caotica-en-el-aeropuerto\\\/\",\"name\":\"Ma\u00f1ana ca\u00f3tica en el aeropuerto internacional de la Ciudad de M\u00e9xico |\",\"isPartOf\":{\"@id\":\"https:\\\/\\\/conexionnacional.mx\\\/#website\"},\"primaryImageOfPage\":{\"@id\":\"https:\\\/\\\/conexionnacional.mx\\\/index.php\\\/2023\\\/02\\\/27\\\/manana-caotica-en-el-aeropuerto\\\/#primaryimage\"},\"image\":{\"@id\":\"https:\\\/\\\/conexionnacional.mx\\\/index.php\\\/2023\\\/02\\\/27\\\/manana-caotica-en-el-aeropuerto\\\/#primaryimage\"},\"thumbnailUrl\":\"https:\\\/\\\/conexionnacional.mx\\\/wp-content\\\/uploads\\\/2023\\\/02\\\/Bloque-taxistas-AICM-CN.jpg\",\"datePublished\":\"2023-02-27T17:31:32+00:00\",\"dateModified\":\"2023-02-27T17:31:33+00:00\",\"description\":\"La ma\u00f1ana de este lunes, taxistas bloquearon el acceso a la Terminal 1 del Aeropuerto Internacional de la Ciudad de M\u00e9xico (AICM),\",\"breadcrumb\":{\"@id\":\"https:\\\/\\\/conexionnacional.mx\\\/index.php\\\/2023\\\/02\\\/27\\\/manana-caotica-en-el-aeropuerto\\\/#breadcrumb\"},\"inLanguage\":\"es\",\"potentialAction\":[{\"@type\":\"ReadAction\",\"target\":[\"https:\\\/\\\/conexionnacional.mx\\\/index.php\\\/2023\\\/02\\\/27\\\/manana-caotica-en-el-aeropuerto\\\/\"]}]},{\"@type\":\"ImageObject\",\"inLanguage\":\"es\",\"@id\":\"https:\\\/\\\/conexionnacional.mx\\\/index.php\\\/2023\\\/02\\\/27\\\/manana-caotica-en-el-aeropuerto\\\/#primaryimage\",\"url\":\"https:\\\/\\\/conexionnacional.mx\\\/wp-content\\\/uploads\\\/2023\\\/02\\\/Bloque-taxistas-AICM-CN.jpg\",\"contentUrl\":\"https:\\\/\\\/conexionnacional.mx\\\/wp-content\\\/uploads\\\/2023\\\/02\\\/Bloque-taxistas-AICM-CN.jpg\",\"width\":1000,\"height\":600,\"caption\":\"Ma\u00f1ana ca\u00f3tica en el aeropuerto internacional de la Ciudad de M\u00e9xico\"},{\"@type\":\"BreadcrumbList\",\"@id\":\"https:\\\/\\\/conexionnacional.mx\\\/index.php\\\/2023\\\/02\\\/27\\\/manana-caotica-en-el-aeropuerto\\\/#breadcrumb\",\"itemListElement\":[{\"@type\":\"ListItem\",\"position\":1,\"name\":\"Inicio\",\"item\":\"https:\\\/\\\/conexionnacional.mx\\\/\"},{\"@type\":\"ListItem\",\"position\":2,\"name\":\"Ma\u00f1ana ca\u00f3tica en el aeropuerto internacional de la Ciudad de M\u00e9xico\"}]},{\"@type\":\"WebSite\",\"@id\":\"https:\\\/\\\/conexionnacional.mx\\\/#website\",\"url\":\"https:\\\/\\\/conexionnacional.mx\\\/\",\"name\":\"Conexi\u00f3n Nacional\",\"description\":\"Noticias al momento\",\"publisher\":{\"@id\":\"https:\\\/\\\/conexionnacional.mx\\\/#organization\"},\"alternateName\":\"Noticias nacionales\",\"potentialAction\":[{\"@type\":\"SearchAction\",\"target\":{\"@type\":\"EntryPoint\",\"urlTemplate\":\"https:\\\/\\\/conexionnacional.mx\\\/?s={search_term_string}\"},\"query-input\":{\"@type\":\"PropertyValueSpecification\",\"valueRequired\":true,\"valueName\":\"search_term_string\"}}],\"inLanguage\":\"es\"},{\"@type\":\"Organization\",\"@id\":\"https:\\\/\\\/conexionnacional.mx\\\/#organization\",\"name\":\"Conexi\u00f3n Nacional\",\"url\":\"https:\\\/\\\/conexionnacional.mx\\\/\",\"logo\":{\"@type\":\"ImageObject\",\"inLanguage\":\"es\",\"@id\":\"https:\\\/\\\/conexionnacional.mx\\\/#\\\/schema\\\/logo\\\/image\\\/\",\"url\":\"https:\\\/\\\/conexionnacional.mx\\\/wp-content\\\/uploads\\\/2022\\\/09\\\/conexion_nacional.png\",\"contentUrl\":\"https:\\\/\\\/conexionnacional.mx\\\/wp-content\\\/uploads\\\/2022\\\/09\\\/conexion_nacional.png\",\"width\":2964,\"height\":1173,\"caption\":\"Conexi\u00f3n Nacional\"},\"image\":{\"@id\":\"https:\\\/\\\/conexionnacional.mx\\\/#\\\/schema\\\/logo\\\/image\\\/\"},\"sameAs\":[\"https:\\\/\\\/www.facebook.com\\\/cnmxradio\"]},{\"@type\":\"Person\",\"@id\":\"https:\\\/\\\/conexionnacional.mx\\\/#\\\/schema\\\/person\\\/dd14aeda902120f5e0e021903fdb6931\",\"name\":\"Conexi\u00f3n Nacional\",\"image\":{\"@type\":\"ImageObject\",\"inLanguage\":\"es\",\"@id\":\"https:\\\/\\\/secure.gravatar.com\\\/avatar\\\/e523100f284110b2ecca7e17b2be9cf140a5e8f35294c9ec0543e6916cc1f9be?s=96&d=blank&r=g\",\"url\":\"https:\\\/\\\/secure.gravatar.com\\\/avatar\\\/e523100f284110b2ecca7e17b2be9cf140a5e8f35294c9ec0543e6916cc1f9be?s=96&d=blank&r=g\",\"contentUrl\":\"https:\\\/\\\/secure.gravatar.com\\\/avatar\\\/e523100f284110b2ecca7e17b2be9cf140a5e8f35294c9ec0543e6916cc1f9be?s=96&d=blank&r=g\",\"caption\":\"Conexi\u00f3n Nacional\"},\"sameAs\":[\"https:\\\/\\\/conexionnacional.mx\"],\"url\":\"https:\\\/\\\/conexionnacional.mx\\\/index.php\\\/author\\\/administrador\\\/\"}]}<\/script>\n<!-- \/ Yoast SEO plugin. -->","yoast_head_json":{"title":"Ma\u00f1ana ca\u00f3tica en el aeropuerto internacional de la Ciudad de M\u00e9xico |","description":"La ma\u00f1ana de este lunes, taxistas bloquearon el acceso a la Terminal 1 del Aeropuerto Internacional de la Ciudad de M\u00e9xico (AICM),","robots":{"index":"index","follow":"follow","max-snippet":"max-snippet:-1","max-image-preview":"max-image-preview:large","max-video-preview":"max-video-preview:-1"},"canonical":"https:\/\/conexionnacional.mx\/index.php\/2023\/02\/27\/manana-caotica-en-el-aeropuerto\/","og_locale":"es_MX","og_type":"article","og_title":"Ma\u00f1ana ca\u00f3tica en el aeropuerto internacional de la Ciudad de M\u00e9xico |","og_description":"La ma\u00f1ana de este lunes, taxistas bloquearon el acceso a la Terminal 1 del Aeropuerto Internacional de la Ciudad de M\u00e9xico (AICM),","og_url":"https:\/\/conexionnacional.mx\/index.php\/2023\/02\/27\/manana-caotica-en-el-aeropuerto\/","og_site_name":"Conexi\u00f3n Nacional","article_publisher":"https:\/\/www.facebook.com\/cnmxradio","article_published_time":"2023-02-27T17:31:32+00:00","article_modified_time":"2023-02-27T17:31:33+00:00","og_image":[{"width":1000,"height":600,"url":"https:\/\/conexionnacional.mx\/wp-content\/uploads\/2023\/02\/Bloque-taxistas-AICM-CN.jpg","type":"image\/jpeg"}],"author":"Conexi\u00f3n Nacional","twitter_card":"summary_large_image","twitter_misc":{"Escrito por":"Conexi\u00f3n Nacional","Tiempo de lectura":"1 minuto"},"schema":{"@context":"https:\/\/schema.org","@graph":[{"@type":"Article","@id":"https:\/\/conexionnacional.mx\/index.php\/2023\/02\/27\/manana-caotica-en-el-aeropuerto\/#article","isPartOf":{"@id":"https:\/\/conexionnacional.mx\/index.php\/2023\/02\/27\/manana-caotica-en-el-aeropuerto\/"},"author":{"name":"Conexi\u00f3n Nacional","@id":"https:\/\/conexionnacional.mx\/#\/schema\/person\/dd14aeda902120f5e0e021903fdb6931"},"headline":"Ma\u00f1ana ca\u00f3tica en el aeropuerto internacional de la Ciudad de M\u00e9xico","datePublished":"2023-02-27T17:31:32+00:00","dateModified":"2023-02-27T17:31:33+00:00","mainEntityOfPage":{"@id":"https:\/\/conexionnacional.mx\/index.php\/2023\/02\/27\/manana-caotica-en-el-aeropuerto\/"},"wordCount":218,"publisher":{"@id":"https:\/\/conexionnacional.mx\/#organization"},"image":{"@id":"https:\/\/conexionnacional.mx\/index.php\/2023\/02\/27\/manana-caotica-en-el-aeropuerto\/#primaryimage"},"thumbnailUrl":"https:\/\/conexionnacional.mx\/wp-content\/uploads\/2023\/02\/Bloque-taxistas-AICM-CN.jpg","keywords":["aeropuerto","AICM","Bloqueo","Taxistas"],"articleSection":["Nacional","Tendencias"],"inLanguage":"es"},{"@type":"WebPage","@id":"https:\/\/conexionnacional.mx\/index.php\/2023\/02\/27\/manana-caotica-en-el-aeropuerto\/","url":"https:\/\/conexionnacional.mx\/index.php\/2023\/02\/27\/manana-caotica-en-el-aeropuerto\/","name":"Ma\u00f1ana ca\u00f3tica en el aeropuerto internacional de la Ciudad de M\u00e9xico |","isPartOf":{"@id":"https:\/\/conexionnacional.mx\/#website"},"primaryImageOfPage":{"@id":"https:\/\/conexionnacional.mx\/index.php\/2023\/02\/27\/manana-caotica-en-el-aeropuerto\/#primaryimage"},"image":{"@id":"https:\/\/conexionnacional.mx\/index.php\/2023\/02\/27\/manana-caotica-en-el-aeropuerto\/#primaryimage"},"thumbnailUrl":"https:\/\/conexionnacional.mx\/wp-content\/uploads\/2023\/02\/Bloque-taxistas-AICM-CN.jpg","datePublished":"2023-02-27T17:31:32+00:00","dateModified":"2023-02-27T17:31:33+00:00","description":"La ma\u00f1ana de este lunes, taxistas bloquearon el acceso a la Terminal 1 del Aeropuerto Internacional de la Ciudad de M\u00e9xico (AICM),","breadcrumb":{"@id":"https:\/\/conexionnacional.mx\/index.php\/2023\/02\/27\/manana-caotica-en-el-aeropuerto\/#breadcrumb"},"inLanguage":"es","potentialAction":[{"@type":"ReadAction","target":["https:\/\/conexionnacional.mx\/index.php\/2023\/02\/27\/manana-caotica-en-el-aeropuerto\/"]}]},{"@type":"ImageObject","inLanguage":"es","@id":"https:\/\/conexionnacional.mx\/index.php\/2023\/02\/27\/manana-caotica-en-el-aeropuerto\/#primaryimage","url":"https:\/\/conexionnacional.mx\/wp-content\/uploads\/2023\/02\/Bloque-taxistas-AICM-CN.jpg","contentUrl":"https:\/\/conexionnacional.mx\/wp-content\/uploads\/2023\/02\/Bloque-taxistas-AICM-CN.jpg","width":1000,"height":600,"caption":"Ma\u00f1ana ca\u00f3tica en el aeropuerto internacional de la Ciudad de M\u00e9xico"},{"@type":"BreadcrumbList","@id":"https:\/\/conexionnacional.mx\/index.php\/2023\/02\/27\/manana-caotica-en-el-aeropuerto\/#breadcrumb","itemListElement":[{"@type":"ListItem","position":1,"name":"Inicio","item":"https:\/\/conexionnacional.mx\/"},{"@type":"ListItem","position":2,"name":"Ma\u00f1ana ca\u00f3tica en el aeropuerto internacional de la Ciudad de M\u00e9xico"}]},{"@type":"WebSite","@id":"https:\/\/conexionnacional.mx\/#website","url":"https:\/\/conexionnacional.mx\/","name":"Conexi\u00f3n Nacional","description":"Noticias al momento","publisher":{"@id":"https:\/\/conexionnacional.mx\/#organization"},"alternateName":"Noticias nacionales","potentialAction":[{"@type":"SearchAction","target":{"@type":"EntryPoint","urlTemplate":"https:\/\/conexionnacional.mx\/?s={search_term_string}"},"query-input":{"@type":"PropertyValueSpecification","valueRequired":true,"valueName":"search_term_string"}}],"inLanguage":"es"},{"@type":"Organization","@id":"https:\/\/conexionnacional.mx\/#organization","name":"Conexi\u00f3n Nacional","url":"https:\/\/conexionnacional.mx\/","logo":{"@type":"ImageObject","inLanguage":"es","@id":"https:\/\/conexionnacional.mx\/#\/schema\/logo\/image\/","url":"https:\/\/conexionnacional.mx\/wp-content\/uploads\/2022\/09\/conexion_nacional.png","contentUrl":"https:\/\/conexionnacional.mx\/wp-content\/uploads\/2022\/09\/conexion_nacional.png","width":2964,"height":1173,"caption":"Conexi\u00f3n Nacional"},"image":{"@id":"https:\/\/conexionnacional.mx\/#\/schema\/logo\/image\/"},"sameAs":["https:\/\/www.facebook.com\/cnmxradio"]},{"@type":"Person","@id":"https:\/\/conexionnacional.mx\/#\/schema\/person\/dd14aeda902120f5e0e021903fdb6931","name":"Conexi\u00f3n Nacional","image":{"@type":"ImageObject","inLanguage":"es","@id":"https:\/\/secure.gravatar.com\/avatar\/e523100f284110b2ecca7e17b2be9cf140a5e8f35294c9ec0543e6916cc1f9be?s=96&d=blank&r=g","url":"https:\/\/secure.gravatar.com\/avatar\/e523100f284110b2ecca7e17b2be9cf140a5e8f35294c9ec0543e6916cc1f9be?s=96&d=blank&r=g","contentUrl":"https:\/\/secure.gravatar.com\/avatar\/e523100f284110b2ecca7e17b2be9cf140a5e8f35294c9ec0543e6916cc1f9be?s=96&d=blank&r=g","caption":"Conexi\u00f3n Nacional"},"sameAs":["https:\/\/conexionnacional.mx"],"url":"https:\/\/conexionnacional.mx\/index.php\/author\/administrador\/"}]}},"_links":{"self":[{"href":"https:\/\/conexionnacional.mx\/index.php\/wp-json\/wp\/v2\/posts\/9862","targetHints":{"allow":["GET"]}}],"collection":[{"href":"https:\/\/conexionnacional.mx\/index.php\/wp-json\/wp\/v2\/posts"}],"about":[{"href":"https:\/\/conexionnacional.mx\/index.php\/wp-json\/wp\/v2\/types\/post"}],"author":[{"embeddable":true,"href":"https:\/\/conexionnacional.mx\/index.php\/wp-json\/wp\/v2\/users\/1"}],"replies":[{"embeddable":true,"href":"https:\/\/conexionnacional.mx\/index.php\/wp-json\/wp\/v2\/comments?post=9862"}],"version-history":[{"count":1,"href":"https:\/\/conexionnacional.mx\/index.php\/wp-json\/wp\/v2\/posts\/9862\/revisions"}],"predecessor-version":[{"id":9864,"href":"https:\/\/conexionnacional.mx\/index.php\/wp-json\/wp\/v2\/posts\/9862\/revisions\/9864"}],"wp:featuredmedia":[{"embeddable":true,"href":"https:\/\/conexionnacional.mx\/index.php\/wp-json\/wp\/v2\/media\/9863"}],"wp:attachment":[{"href":"https:\/\/conexionnacional.mx\/index.php\/wp-json\/wp\/v2\/media?parent=9862"}],"wp:term":[{"taxonomy":"category","embeddable":true,"href":"https:\/\/conexionnacional.mx\/index.php\/wp-json\/wp\/v2\/categories?post=9862"},{"taxonomy":"post_tag","embeddable":true,"href":"https:\/\/conexionnacional.mx\/index.php\/wp-json\/wp\/v2\/tags?post=9862"}],"curies":[{"name":"wp","href":"https:\/\/api.w.org\/{rel}","templated":true}]}}