{"id":9802,"date":"2023-02-26T09:17:46","date_gmt":"2023-02-26T15:17:46","guid":{"rendered":"https:\/\/conexionnacional.mx\/?p=9802"},"modified":"2023-02-26T09:17:47","modified_gmt":"2023-02-26T15:17:47","slug":"amurallan-palacio-nacional","status":"publish","type":"post","link":"https:\/\/conexionnacional.mx\/index.php\/2023\/02\/26\/amurallan-palacio-nacional\/","title":{"rendered":"Amurallan Palacio Nacional antes de la marcha en favor del INE"},"content":{"rendered":"\n<p>Por: <a href=\"https:\/\/www.cydnoticias.mx\/2023\/02\/26\/amurallan-palacio-nacional\/\">Yeri Gonz\u00e1lez | cydnoticias.mx<\/a>   |<\/p>\n\n\n\n<p>El <strong>Palacio Nacional fue amurallado<\/strong> con vallas met\u00e1licas de dos metros de altura durante la tarde de este&nbsp; s\u00e1bado, en la&nbsp; v\u00edspera de la marcha defensa del Instituto Nacional Electoral (INE), convocada para este&nbsp; domingo 26 de febrero a las 11:00 horas.<\/p>\n\n\n\n<figure class=\"wp-block-embed is-type-rich is-provider-twitter wp-block-embed-twitter\"><div class=\"wp-block-embed__wrapper\">\n<blockquote class=\"twitter-tweet\" data-width=\"550\" data-dnt=\"true\"><p lang=\"es\" dir=\"ltr\">Blindan Palacio Nacional ante marcha en defensa del INE<br><br>Esta tarde un grupo de trabajadores instal\u00f3 unas vallas met\u00e1licas a las afueras de Palacio Nacional a solo unas horas de que ocurra la segunda movilizaci\u00f3n en apoyo al INE y contra el llamado Plan B de AMLO. <a href=\"https:\/\/t.co\/kogK6kTZf6\">pic.twitter.com\/kogK6kTZf6<\/a><\/p>&mdash; Pol\u00edtico MX (@politicomx) <a href=\"https:\/\/twitter.com\/politicomx\/status\/1629662538164994049?ref_src=twsrc%5Etfw\">February 26, 2023<\/a><\/blockquote><script async src=\"https:\/\/platform.twitter.com\/widgets.js\" charset=\"utf-8\"><\/script>\n<\/div><\/figure>\n\n\n\n<p>Ante la presencia de personal de la Guardia Nacional, se descargaron un par de tr\u00e1ileres de los muros met\u00e1licos frente a la vista de cientos de personas que pasean por el Centro Hist\u00f3rico.<\/p>\n\n\n\n<p>La Oficina de Presidencia de la Rep\u00fablica ha desembolsado casi 2 millones de pesos en proteger con vallas met\u00e1licas Palacio Nacional, residencia del presidente L\u00f3pez Obrador y sede del Poder Ejecutivo, de marchas y manifestaciones desde 2021.<\/p>\n\n\n\n<p>Este domingo 26 de febrero, se espera una jornada nacional en distintas plazas p\u00fablicas del pa\u00eds, para defender al Instituto Nacional Electoral (INE), y se han confirmado ya 112 ciudades en las que se espera la ciudadan\u00eda tome las calles y se expresen pac\u00edficamente.<\/p>\n\n\n\n<figure class=\"wp-block-embed is-type-wp-embed is-provider-claro-y-directo-mx wp-block-embed-claro-y-directo-mx\"><div class=\"wp-block-embed__wrapper\">\nhttps:\/\/www.cydnoticias.mx\/2023\/02\/25\/112-ciudades-confirmadas-a-favor-del-ine\n<\/div><\/figure>\n\n\n\n<p>Con Informaci\u00f3n de\u00a0<a href=\"http:\/\/cydnoticias.mx\/\">Claro y Directo Mx\u00ae<\/a><\/p>\n","protected":false},"excerpt":{"rendered":"<p>Por: Yeri Gonz\u00e1lez | cydnoticias.mx | El Palacio Nacional fue amurallado con vallas met\u00e1licas de dos metros de altura durante la tarde de este&nbsp; s\u00e1bado, en la&nbsp; v\u00edspera de la marcha defensa del Instituto Nacional Electoral (INE), convocada para este&nbsp; domingo 26 de febrero a las 11:00 horas. Ante la presencia de personal de la [&hellip;]<\/p>\n","protected":false},"author":1,"featured_media":9803,"comment_status":"closed","ping_status":"closed","sticky":false,"template":"","format":"aside","meta":{"googlesitekit_rrm_CAowytPeCw:productID":"","footnotes":""},"categories":[3,18],"tags":[373,216,132,248],"class_list":["post-9802","post","type-post","status-publish","format-aside","has-post-thumbnail","hentry","category-nacional","category-tendencias","tag-ine","tag-marcha","tag-palacio-nacional","tag-protestas","post_format-post-format-aside"],"yoast_head":"<!-- This site is optimized with the Yoast SEO plugin v27.5 - https:\/\/yoast.com\/product\/yoast-seo-wordpress\/ -->\n<title>Amurallan Palacio Nacional antes de la marcha en favor del INE |<\/title>\n<meta name=\"description\" content=\"El Palacio Nacional fue amurallado con vallas met\u00e1licas de dos metros de altura durante la tarde de este s\u00e1bado, en la v\u00edspera de la marcha\" \/>\n<meta name=\"robots\" content=\"index, follow, max-snippet:-1, max-image-preview:large, max-video-preview:-1\" \/>\n<link rel=\"canonical\" href=\"https:\/\/conexionnacional.mx\/index.php\/2023\/02\/26\/amurallan-palacio-nacional\/\" \/>\n<meta property=\"og:locale\" content=\"es_MX\" \/>\n<meta property=\"og:type\" content=\"article\" \/>\n<meta property=\"og:title\" content=\"Amurallan Palacio Nacional antes de la marcha en favor del INE |\" \/>\n<meta property=\"og:description\" content=\"El Palacio Nacional fue amurallado con vallas met\u00e1licas de dos metros de altura durante la tarde de este s\u00e1bado, en la v\u00edspera de la marcha\" \/>\n<meta property=\"og:url\" content=\"https:\/\/conexionnacional.mx\/index.php\/2023\/02\/26\/amurallan-palacio-nacional\/\" \/>\n<meta property=\"og:site_name\" content=\"Conexi\u00f3n Nacional\" \/>\n<meta property=\"article:publisher\" content=\"https:\/\/www.facebook.com\/cnmxradio\" \/>\n<meta property=\"article:published_time\" content=\"2023-02-26T15:17:46+00:00\" \/>\n<meta property=\"article:modified_time\" content=\"2023-02-26T15:17:47+00:00\" \/>\n<meta property=\"og:image\" content=\"https:\/\/conexionnacional.mx\/wp-content\/uploads\/2023\/02\/5CF04D6D-7AAA-4284-91DF-3795D72104FF.jpeg\" \/>\n\t<meta property=\"og:image:width\" content=\"1000\" \/>\n\t<meta property=\"og:image:height\" content=\"600\" \/>\n\t<meta property=\"og:image:type\" content=\"image\/jpeg\" \/>\n<meta name=\"author\" content=\"Conexi\u00f3n Nacional\" \/>\n<meta name=\"twitter:card\" content=\"summary_large_image\" \/>\n<meta name=\"twitter:label1\" content=\"Escrito por\" \/>\n\t<meta name=\"twitter:data1\" content=\"Conexi\u00f3n Nacional\" \/>\n\t<meta name=\"twitter:label2\" content=\"Tiempo de lectura\" \/>\n\t<meta name=\"twitter:data2\" content=\"1 minuto\" \/>\n<script type=\"application\/ld+json\" class=\"yoast-schema-graph\">{\"@context\":\"https:\\\/\\\/schema.org\",\"@graph\":[{\"@type\":\"Article\",\"@id\":\"https:\\\/\\\/conexionnacional.mx\\\/index.php\\\/2023\\\/02\\\/26\\\/amurallan-palacio-nacional\\\/#article\",\"isPartOf\":{\"@id\":\"https:\\\/\\\/conexionnacional.mx\\\/index.php\\\/2023\\\/02\\\/26\\\/amurallan-palacio-nacional\\\/\"},\"author\":{\"name\":\"Conexi\u00f3n Nacional\",\"@id\":\"https:\\\/\\\/conexionnacional.mx\\\/#\\\/schema\\\/person\\\/dd14aeda902120f5e0e021903fdb6931\"},\"headline\":\"Amurallan Palacio Nacional antes de la marcha en favor del INE\",\"datePublished\":\"2023-02-26T15:17:46+00:00\",\"dateModified\":\"2023-02-26T15:17:47+00:00\",\"mainEntityOfPage\":{\"@id\":\"https:\\\/\\\/conexionnacional.mx\\\/index.php\\\/2023\\\/02\\\/26\\\/amurallan-palacio-nacional\\\/\"},\"wordCount\":202,\"publisher\":{\"@id\":\"https:\\\/\\\/conexionnacional.mx\\\/#organization\"},\"image\":{\"@id\":\"https:\\\/\\\/conexionnacional.mx\\\/index.php\\\/2023\\\/02\\\/26\\\/amurallan-palacio-nacional\\\/#primaryimage\"},\"thumbnailUrl\":\"https:\\\/\\\/conexionnacional.mx\\\/wp-content\\\/uploads\\\/2023\\\/02\\\/5CF04D6D-7AAA-4284-91DF-3795D72104FF.jpeg\",\"keywords\":[\"INE\",\"marcha\",\"Palacio Nacional\",\"protestas\"],\"articleSection\":[\"Nacional\",\"Tendencias\"],\"inLanguage\":\"es\"},{\"@type\":\"WebPage\",\"@id\":\"https:\\\/\\\/conexionnacional.mx\\\/index.php\\\/2023\\\/02\\\/26\\\/amurallan-palacio-nacional\\\/\",\"url\":\"https:\\\/\\\/conexionnacional.mx\\\/index.php\\\/2023\\\/02\\\/26\\\/amurallan-palacio-nacional\\\/\",\"name\":\"Amurallan Palacio Nacional antes de la marcha en favor del INE |\",\"isPartOf\":{\"@id\":\"https:\\\/\\\/conexionnacional.mx\\\/#website\"},\"primaryImageOfPage\":{\"@id\":\"https:\\\/\\\/conexionnacional.mx\\\/index.php\\\/2023\\\/02\\\/26\\\/amurallan-palacio-nacional\\\/#primaryimage\"},\"image\":{\"@id\":\"https:\\\/\\\/conexionnacional.mx\\\/index.php\\\/2023\\\/02\\\/26\\\/amurallan-palacio-nacional\\\/#primaryimage\"},\"thumbnailUrl\":\"https:\\\/\\\/conexionnacional.mx\\\/wp-content\\\/uploads\\\/2023\\\/02\\\/5CF04D6D-7AAA-4284-91DF-3795D72104FF.jpeg\",\"datePublished\":\"2023-02-26T15:17:46+00:00\",\"dateModified\":\"2023-02-26T15:17:47+00:00\",\"description\":\"El Palacio Nacional fue amurallado con vallas met\u00e1licas de dos metros de altura durante la tarde de este s\u00e1bado, en la v\u00edspera de la marcha\",\"breadcrumb\":{\"@id\":\"https:\\\/\\\/conexionnacional.mx\\\/index.php\\\/2023\\\/02\\\/26\\\/amurallan-palacio-nacional\\\/#breadcrumb\"},\"inLanguage\":\"es\",\"potentialAction\":[{\"@type\":\"ReadAction\",\"target\":[\"https:\\\/\\\/conexionnacional.mx\\\/index.php\\\/2023\\\/02\\\/26\\\/amurallan-palacio-nacional\\\/\"]}]},{\"@type\":\"ImageObject\",\"inLanguage\":\"es\",\"@id\":\"https:\\\/\\\/conexionnacional.mx\\\/index.php\\\/2023\\\/02\\\/26\\\/amurallan-palacio-nacional\\\/#primaryimage\",\"url\":\"https:\\\/\\\/conexionnacional.mx\\\/wp-content\\\/uploads\\\/2023\\\/02\\\/5CF04D6D-7AAA-4284-91DF-3795D72104FF.jpeg\",\"contentUrl\":\"https:\\\/\\\/conexionnacional.mx\\\/wp-content\\\/uploads\\\/2023\\\/02\\\/5CF04D6D-7AAA-4284-91DF-3795D72104FF.jpeg\",\"width\":1000,\"height\":600,\"caption\":\"Amurallan Palacio Nacional antes de la marcha en favor del INE\"},{\"@type\":\"BreadcrumbList\",\"@id\":\"https:\\\/\\\/conexionnacional.mx\\\/index.php\\\/2023\\\/02\\\/26\\\/amurallan-palacio-nacional\\\/#breadcrumb\",\"itemListElement\":[{\"@type\":\"ListItem\",\"position\":1,\"name\":\"Inicio\",\"item\":\"https:\\\/\\\/conexionnacional.mx\\\/\"},{\"@type\":\"ListItem\",\"position\":2,\"name\":\"Amurallan Palacio Nacional antes de la marcha en favor del INE\"}]},{\"@type\":\"WebSite\",\"@id\":\"https:\\\/\\\/conexionnacional.mx\\\/#website\",\"url\":\"https:\\\/\\\/conexionnacional.mx\\\/\",\"name\":\"Conexi\u00f3n Nacional\",\"description\":\"Noticias al momento\",\"publisher\":{\"@id\":\"https:\\\/\\\/conexionnacional.mx\\\/#organization\"},\"alternateName\":\"Noticias nacionales\",\"potentialAction\":[{\"@type\":\"SearchAction\",\"target\":{\"@type\":\"EntryPoint\",\"urlTemplate\":\"https:\\\/\\\/conexionnacional.mx\\\/?s={search_term_string}\"},\"query-input\":{\"@type\":\"PropertyValueSpecification\",\"valueRequired\":true,\"valueName\":\"search_term_string\"}}],\"inLanguage\":\"es\"},{\"@type\":\"Organization\",\"@id\":\"https:\\\/\\\/conexionnacional.mx\\\/#organization\",\"name\":\"Conexi\u00f3n Nacional\",\"url\":\"https:\\\/\\\/conexionnacional.mx\\\/\",\"logo\":{\"@type\":\"ImageObject\",\"inLanguage\":\"es\",\"@id\":\"https:\\\/\\\/conexionnacional.mx\\\/#\\\/schema\\\/logo\\\/image\\\/\",\"url\":\"https:\\\/\\\/conexionnacional.mx\\\/wp-content\\\/uploads\\\/2022\\\/09\\\/conexion_nacional.png\",\"contentUrl\":\"https:\\\/\\\/conexionnacional.mx\\\/wp-content\\\/uploads\\\/2022\\\/09\\\/conexion_nacional.png\",\"width\":2964,\"height\":1173,\"caption\":\"Conexi\u00f3n Nacional\"},\"image\":{\"@id\":\"https:\\\/\\\/conexionnacional.mx\\\/#\\\/schema\\\/logo\\\/image\\\/\"},\"sameAs\":[\"https:\\\/\\\/www.facebook.com\\\/cnmxradio\"]},{\"@type\":\"Person\",\"@id\":\"https:\\\/\\\/conexionnacional.mx\\\/#\\\/schema\\\/person\\\/dd14aeda902120f5e0e021903fdb6931\",\"name\":\"Conexi\u00f3n Nacional\",\"image\":{\"@type\":\"ImageObject\",\"inLanguage\":\"es\",\"@id\":\"https:\\\/\\\/secure.gravatar.com\\\/avatar\\\/e523100f284110b2ecca7e17b2be9cf140a5e8f35294c9ec0543e6916cc1f9be?s=96&d=blank&r=g\",\"url\":\"https:\\\/\\\/secure.gravatar.com\\\/avatar\\\/e523100f284110b2ecca7e17b2be9cf140a5e8f35294c9ec0543e6916cc1f9be?s=96&d=blank&r=g\",\"contentUrl\":\"https:\\\/\\\/secure.gravatar.com\\\/avatar\\\/e523100f284110b2ecca7e17b2be9cf140a5e8f35294c9ec0543e6916cc1f9be?s=96&d=blank&r=g\",\"caption\":\"Conexi\u00f3n Nacional\"},\"sameAs\":[\"https:\\\/\\\/conexionnacional.mx\"],\"url\":\"https:\\\/\\\/conexionnacional.mx\\\/index.php\\\/author\\\/administrador\\\/\"}]}<\/script>\n<!-- \/ Yoast SEO plugin. -->","yoast_head_json":{"title":"Amurallan Palacio Nacional antes de la marcha en favor del INE |","description":"El Palacio Nacional fue amurallado con vallas met\u00e1licas de dos metros de altura durante la tarde de este s\u00e1bado, en la v\u00edspera de la marcha","robots":{"index":"index","follow":"follow","max-snippet":"max-snippet:-1","max-image-preview":"max-image-preview:large","max-video-preview":"max-video-preview:-1"},"canonical":"https:\/\/conexionnacional.mx\/index.php\/2023\/02\/26\/amurallan-palacio-nacional\/","og_locale":"es_MX","og_type":"article","og_title":"Amurallan Palacio Nacional antes de la marcha en favor del INE |","og_description":"El Palacio Nacional fue amurallado con vallas met\u00e1licas de dos metros de altura durante la tarde de este s\u00e1bado, en la v\u00edspera de la marcha","og_url":"https:\/\/conexionnacional.mx\/index.php\/2023\/02\/26\/amurallan-palacio-nacional\/","og_site_name":"Conexi\u00f3n Nacional","article_publisher":"https:\/\/www.facebook.com\/cnmxradio","article_published_time":"2023-02-26T15:17:46+00:00","article_modified_time":"2023-02-26T15:17:47+00:00","og_image":[{"width":1000,"height":600,"url":"https:\/\/conexionnacional.mx\/wp-content\/uploads\/2023\/02\/5CF04D6D-7AAA-4284-91DF-3795D72104FF.jpeg","type":"image\/jpeg"}],"author":"Conexi\u00f3n Nacional","twitter_card":"summary_large_image","twitter_misc":{"Escrito por":"Conexi\u00f3n Nacional","Tiempo de lectura":"1 minuto"},"schema":{"@context":"https:\/\/schema.org","@graph":[{"@type":"Article","@id":"https:\/\/conexionnacional.mx\/index.php\/2023\/02\/26\/amurallan-palacio-nacional\/#article","isPartOf":{"@id":"https:\/\/conexionnacional.mx\/index.php\/2023\/02\/26\/amurallan-palacio-nacional\/"},"author":{"name":"Conexi\u00f3n Nacional","@id":"https:\/\/conexionnacional.mx\/#\/schema\/person\/dd14aeda902120f5e0e021903fdb6931"},"headline":"Amurallan Palacio Nacional antes de la marcha en favor del INE","datePublished":"2023-02-26T15:17:46+00:00","dateModified":"2023-02-26T15:17:47+00:00","mainEntityOfPage":{"@id":"https:\/\/conexionnacional.mx\/index.php\/2023\/02\/26\/amurallan-palacio-nacional\/"},"wordCount":202,"publisher":{"@id":"https:\/\/conexionnacional.mx\/#organization"},"image":{"@id":"https:\/\/conexionnacional.mx\/index.php\/2023\/02\/26\/amurallan-palacio-nacional\/#primaryimage"},"thumbnailUrl":"https:\/\/conexionnacional.mx\/wp-content\/uploads\/2023\/02\/5CF04D6D-7AAA-4284-91DF-3795D72104FF.jpeg","keywords":["INE","marcha","Palacio Nacional","protestas"],"articleSection":["Nacional","Tendencias"],"inLanguage":"es"},{"@type":"WebPage","@id":"https:\/\/conexionnacional.mx\/index.php\/2023\/02\/26\/amurallan-palacio-nacional\/","url":"https:\/\/conexionnacional.mx\/index.php\/2023\/02\/26\/amurallan-palacio-nacional\/","name":"Amurallan Palacio Nacional antes de la marcha en favor del INE |","isPartOf":{"@id":"https:\/\/conexionnacional.mx\/#website"},"primaryImageOfPage":{"@id":"https:\/\/conexionnacional.mx\/index.php\/2023\/02\/26\/amurallan-palacio-nacional\/#primaryimage"},"image":{"@id":"https:\/\/conexionnacional.mx\/index.php\/2023\/02\/26\/amurallan-palacio-nacional\/#primaryimage"},"thumbnailUrl":"https:\/\/conexionnacional.mx\/wp-content\/uploads\/2023\/02\/5CF04D6D-7AAA-4284-91DF-3795D72104FF.jpeg","datePublished":"2023-02-26T15:17:46+00:00","dateModified":"2023-02-26T15:17:47+00:00","description":"El Palacio Nacional fue amurallado con vallas met\u00e1licas de dos metros de altura durante la tarde de este s\u00e1bado, en la v\u00edspera de la marcha","breadcrumb":{"@id":"https:\/\/conexionnacional.mx\/index.php\/2023\/02\/26\/amurallan-palacio-nacional\/#breadcrumb"},"inLanguage":"es","potentialAction":[{"@type":"ReadAction","target":["https:\/\/conexionnacional.mx\/index.php\/2023\/02\/26\/amurallan-palacio-nacional\/"]}]},{"@type":"ImageObject","inLanguage":"es","@id":"https:\/\/conexionnacional.mx\/index.php\/2023\/02\/26\/amurallan-palacio-nacional\/#primaryimage","url":"https:\/\/conexionnacional.mx\/wp-content\/uploads\/2023\/02\/5CF04D6D-7AAA-4284-91DF-3795D72104FF.jpeg","contentUrl":"https:\/\/conexionnacional.mx\/wp-content\/uploads\/2023\/02\/5CF04D6D-7AAA-4284-91DF-3795D72104FF.jpeg","width":1000,"height":600,"caption":"Amurallan Palacio Nacional antes de la marcha en favor del INE"},{"@type":"BreadcrumbList","@id":"https:\/\/conexionnacional.mx\/index.php\/2023\/02\/26\/amurallan-palacio-nacional\/#breadcrumb","itemListElement":[{"@type":"ListItem","position":1,"name":"Inicio","item":"https:\/\/conexionnacional.mx\/"},{"@type":"ListItem","position":2,"name":"Amurallan Palacio Nacional antes de la marcha en favor del INE"}]},{"@type":"WebSite","@id":"https:\/\/conexionnacional.mx\/#website","url":"https:\/\/conexionnacional.mx\/","name":"Conexi\u00f3n Nacional","description":"Noticias al momento","publisher":{"@id":"https:\/\/conexionnacional.mx\/#organization"},"alternateName":"Noticias nacionales","potentialAction":[{"@type":"SearchAction","target":{"@type":"EntryPoint","urlTemplate":"https:\/\/conexionnacional.mx\/?s={search_term_string}"},"query-input":{"@type":"PropertyValueSpecification","valueRequired":true,"valueName":"search_term_string"}}],"inLanguage":"es"},{"@type":"Organization","@id":"https:\/\/conexionnacional.mx\/#organization","name":"Conexi\u00f3n Nacional","url":"https:\/\/conexionnacional.mx\/","logo":{"@type":"ImageObject","inLanguage":"es","@id":"https:\/\/conexionnacional.mx\/#\/schema\/logo\/image\/","url":"https:\/\/conexionnacional.mx\/wp-content\/uploads\/2022\/09\/conexion_nacional.png","contentUrl":"https:\/\/conexionnacional.mx\/wp-content\/uploads\/2022\/09\/conexion_nacional.png","width":2964,"height":1173,"caption":"Conexi\u00f3n Nacional"},"image":{"@id":"https:\/\/conexionnacional.mx\/#\/schema\/logo\/image\/"},"sameAs":["https:\/\/www.facebook.com\/cnmxradio"]},{"@type":"Person","@id":"https:\/\/conexionnacional.mx\/#\/schema\/person\/dd14aeda902120f5e0e021903fdb6931","name":"Conexi\u00f3n Nacional","image":{"@type":"ImageObject","inLanguage":"es","@id":"https:\/\/secure.gravatar.com\/avatar\/e523100f284110b2ecca7e17b2be9cf140a5e8f35294c9ec0543e6916cc1f9be?s=96&d=blank&r=g","url":"https:\/\/secure.gravatar.com\/avatar\/e523100f284110b2ecca7e17b2be9cf140a5e8f35294c9ec0543e6916cc1f9be?s=96&d=blank&r=g","contentUrl":"https:\/\/secure.gravatar.com\/avatar\/e523100f284110b2ecca7e17b2be9cf140a5e8f35294c9ec0543e6916cc1f9be?s=96&d=blank&r=g","caption":"Conexi\u00f3n Nacional"},"sameAs":["https:\/\/conexionnacional.mx"],"url":"https:\/\/conexionnacional.mx\/index.php\/author\/administrador\/"}]}},"_links":{"self":[{"href":"https:\/\/conexionnacional.mx\/index.php\/wp-json\/wp\/v2\/posts\/9802","targetHints":{"allow":["GET"]}}],"collection":[{"href":"https:\/\/conexionnacional.mx\/index.php\/wp-json\/wp\/v2\/posts"}],"about":[{"href":"https:\/\/conexionnacional.mx\/index.php\/wp-json\/wp\/v2\/types\/post"}],"author":[{"embeddable":true,"href":"https:\/\/conexionnacional.mx\/index.php\/wp-json\/wp\/v2\/users\/1"}],"replies":[{"embeddable":true,"href":"https:\/\/conexionnacional.mx\/index.php\/wp-json\/wp\/v2\/comments?post=9802"}],"version-history":[{"count":1,"href":"https:\/\/conexionnacional.mx\/index.php\/wp-json\/wp\/v2\/posts\/9802\/revisions"}],"predecessor-version":[{"id":9804,"href":"https:\/\/conexionnacional.mx\/index.php\/wp-json\/wp\/v2\/posts\/9802\/revisions\/9804"}],"wp:featuredmedia":[{"embeddable":true,"href":"https:\/\/conexionnacional.mx\/index.php\/wp-json\/wp\/v2\/media\/9803"}],"wp:attachment":[{"href":"https:\/\/conexionnacional.mx\/index.php\/wp-json\/wp\/v2\/media?parent=9802"}],"wp:term":[{"taxonomy":"category","embeddable":true,"href":"https:\/\/conexionnacional.mx\/index.php\/wp-json\/wp\/v2\/categories?post=9802"},{"taxonomy":"post_tag","embeddable":true,"href":"https:\/\/conexionnacional.mx\/index.php\/wp-json\/wp\/v2\/tags?post=9802"}],"curies":[{"name":"wp","href":"https:\/\/api.w.org\/{rel}","templated":true}]}}