{"id":9799,"date":"2023-02-25T19:36:00","date_gmt":"2023-02-26T01:36:00","guid":{"rendered":"https:\/\/conexionnacional.mx\/?p=9799"},"modified":"2023-02-25T23:26:50","modified_gmt":"2023-02-26T05:26:50","slug":"fortalece-marina-del-pilar-con-estados-unidos","status":"publish","type":"post","link":"https:\/\/conexionnacional.mx\/index.php\/2023\/02\/25\/fortalece-marina-del-pilar-con-estados-unidos\/","title":{"rendered":"Fortalece Marina Del\u00a0Pilar relaci\u00f3n binacional con Estados Unidos"},"content":{"rendered":"\n<p>Por: <a href=\"https:\/\/californiamedios.com\/fortalece-marina-del-pilar-relacion-binacional-con-estados-unidos\/\">californiamedios.com <\/a>|<\/p>\n\n\n\n<p>* Sostuvo una <strong>reuni\u00f3n<\/strong> con el <strong>c\u00f3nsul<\/strong> de <strong>Estados Unidos<\/strong> en <strong>Tijuana<\/strong>, a fin de plantear <strong>temas<\/strong> de <strong>relevancia<\/strong> para la <strong>vida binacional<\/strong>.<\/p>\n\n\n<div class=\"wp-block-image\">\n<figure class=\"aligncenter is-resized\"><img decoding=\"async\" src=\"data:image\/gif;base64,R0lGODlhAQABAAAAACH5BAEKAAEALAAAAAABAAEAAAICTAEAOw==\" data-src=\"https:\/\/lh5.googleusercontent.com\/Fj3i_zO7OiwBcfws6ntcgzM6fm16AiV02yuA_hKQMKj-TXha4d1hn0y-3I1-EfeYFH2UN75KP5uNpR0KgKgyKhe2YZKOPYTpVIyUOCOSP_RD93F0A-LiPoTM11tYiEsGcWg_AOXJ67OD1aWovhr-VlY\" alt=\"\" width=\"720\" class=\"lazyload\" \/><\/figure>\n<\/div>\n\n\n<p>Con el fin de <strong>reforzar<\/strong> los <strong>lazos<\/strong> con las autoridades de <strong>Estados Unidos<\/strong>, la Gobernadora de <strong>Baja California<\/strong>, <strong>Marina del Pilar Avila Olmeda<\/strong>, <strong>encabez\u00f3<\/strong> una <strong>reuni\u00f3n<\/strong> con el <strong>c\u00f3nsul<\/strong> <strong>estadounidense<\/strong> en <strong>Tijuana<\/strong>, <strong>Thomas E. Reott<\/strong>, en la que se abordaron <strong>temas<\/strong> de <strong>inter\u00e9s<\/strong> para la entidad en su relaci\u00f3n con el vecino pa\u00eds.<\/p>\n\n\n\n<p>En la <strong>reuni\u00f3n<\/strong> en la que estuvo presente el <strong>secretario<\/strong> de <strong>Econom\u00eda<\/strong> e <strong>Innovaci\u00f3n<\/strong>, <strong>Kurt Ignacio Honold Morales<\/strong>, se plantearon<strong> rutas<\/strong> de trabajo conjuntas para <strong>beneficiar<\/strong> al Estado de <strong>Baja California<\/strong>, trabajando de manera <strong>coordinada<\/strong> con los <strong>gobiernos<\/strong> federales de <strong>M\u00e9xico<\/strong> y <strong>Estados Unidos<\/strong>.&nbsp;&nbsp;<\/p>\n\n\n<div class=\"wp-block-image\">\n<figure class=\"aligncenter is-resized\"><img decoding=\"async\" src=\"data:image\/gif;base64,R0lGODlhAQABAAAAACH5BAEKAAEALAAAAAABAAEAAAICTAEAOw==\" data-src=\"https:\/\/lh6.googleusercontent.com\/8YpxvQRavXoJSKP97x9VgFgm7lGHqlNbm0kncVn-yxATx-jsObd1SQVw4_Pcwmv7vBGGg_H7qL9u8pn9UmdrBE4Aar9FBwVNAoGszKuKJraM2vnaM9CQ-cj2s69H2uA_2jWNo_WvtpFZ-QuRII1WAec\" alt=\"\" width=\"720\" class=\"lazyload\" \/><\/figure>\n<\/div>\n\n\n<p>La Gobernadora destac\u00f3 la coordinaci\u00f3n que hay entre el Gobierno del Presidente de M\u00e9xico, Andr\u00e9s Manuel L\u00f3pez Obrador, y el Presidente de Estados Unidos, Joe R. Biden, para desarrollar proyectos en beneficio de ambas naciones, principalmente en temas relacionados con mejorar la calidad de vida de los dos pueblos.&nbsp;&nbsp;<\/p>\n\n\n\n<p>En el caso espec\u00edfico de Baja California, la Titular del Poder Ejecutivo del Estado resalt\u00f3 la importancia que tiene Estados Unidos como principal inversor en la entidad, ya que las empresas estadunidenses generan empleos y bienestar para cientos de miles de familias de acuerdo a cifras oficiales.&nbsp;&nbsp;<\/p>\n\n\n<div class=\"wp-block-image\">\n<figure class=\"aligncenter is-resized\"><img decoding=\"async\" src=\"data:image\/gif;base64,R0lGODlhAQABAAAAACH5BAEKAAEALAAAAAABAAEAAAICTAEAOw==\" data-src=\"https:\/\/lh5.googleusercontent.com\/lZtEwguuuVhGsujjyBi-eU20p1TWBJ7IJIhxizG_GlasRPqVCBOMpfpMPUYVi3GqlHlY3s13kMqFrQ-tQ7SDCFprwZevyHVriTnVN6aZWH7--Bwegu83Z1E9n0w1iPyJEyXDSEPxscCTkENcWIWoVaU\" alt=\"\" width=\"720\" class=\"lazyload\" \/><\/figure>\n<\/div>\n\n\n<p>Finalmente, la Gobernadora Marina del Pilar refrend\u00f3 su compromiso de continuar fortaleciendo la relaci\u00f3n binacional e impulsando a la regi\u00f3n entre California y Baja California como la frontera m\u00e1s din\u00e1mica a nivel mundial, manteniendo siempre un di\u00e1logo abierto y colaborativo para el beneficio mutuo.&nbsp;<\/p>\n\n\n\n<p>Con informaci\u00f3n de <a href=\"https:\/\/californiamedios.com\/\">California Medios<\/a><\/p>\n","protected":false},"excerpt":{"rendered":"<p>Por: californiamedios.com | * Sostuvo una reuni\u00f3n con el c\u00f3nsul de Estados Unidos en Tijuana, a fin de plantear temas de relevancia para la vida binacional. Con el fin de reforzar los lazos con las autoridades de Estados Unidos, la Gobernadora de Baja California, Marina del Pilar Avila Olmeda, encabez\u00f3 una reuni\u00f3n con el c\u00f3nsul [&hellip;]<\/p>\n","protected":false},"author":1,"featured_media":9800,"comment_status":"closed","ping_status":"closed","sticky":false,"template":"","format":"aside","meta":{"googlesitekit_rrm_CAowytPeCw:productID":"","footnotes":""},"categories":[17],"tags":[35,4404,3011,2795,2629],"class_list":["post-9799","post","type-post","status-publish","format-aside","has-post-thumbnail","hentry","category-estados","tag-estados-unidos","tag-fortalece","tag-marina-del-pilar","tag-relacion","tag-tijuana","post_format-post-format-aside"],"yoast_head":"<!-- This site is optimized with the Yoast SEO plugin v27.5 - https:\/\/yoast.com\/product\/yoast-seo-wordpress\/ -->\n<title>Fortalece Marina Del\u00a0Pilar relaci\u00f3n binacional con Estados Unidos |<\/title>\n<meta name=\"description\" content=\"Sostuvo una reuni\u00f3n con el c\u00f3nsul de Estados Unidos en Tijuana, a fin de plantear temas de relevancia para la vida binacional\" \/>\n<meta name=\"robots\" content=\"index, follow, max-snippet:-1, max-image-preview:large, max-video-preview:-1\" \/>\n<link rel=\"canonical\" href=\"https:\/\/conexionnacional.mx\/index.php\/2023\/02\/25\/fortalece-marina-del-pilar-con-estados-unidos\/\" \/>\n<meta property=\"og:locale\" content=\"es_MX\" \/>\n<meta property=\"og:type\" content=\"article\" \/>\n<meta property=\"og:title\" content=\"Fortalece Marina Del\u00a0Pilar relaci\u00f3n binacional con Estados Unidos |\" \/>\n<meta property=\"og:description\" content=\"Sostuvo una reuni\u00f3n con el c\u00f3nsul de Estados Unidos en Tijuana, a fin de plantear temas de relevancia para la vida binacional\" \/>\n<meta property=\"og:url\" content=\"https:\/\/conexionnacional.mx\/index.php\/2023\/02\/25\/fortalece-marina-del-pilar-con-estados-unidos\/\" \/>\n<meta property=\"og:site_name\" content=\"Conexi\u00f3n Nacional\" \/>\n<meta property=\"article:publisher\" content=\"https:\/\/www.facebook.com\/cnmxradio\" \/>\n<meta property=\"article:published_time\" content=\"2023-02-26T01:36:00+00:00\" \/>\n<meta property=\"article:modified_time\" content=\"2023-02-26T05:26:50+00:00\" \/>\n<meta property=\"og:image\" content=\"https:\/\/conexionnacional.mx\/wp-content\/uploads\/2023\/02\/Fortalece-Marina-Del-Pilar-relacion-Estados-Unidos-CN.jpg\" \/>\n\t<meta property=\"og:image:width\" content=\"1000\" \/>\n\t<meta property=\"og:image:height\" content=\"600\" \/>\n\t<meta property=\"og:image:type\" content=\"image\/jpeg\" \/>\n<meta name=\"author\" content=\"Conexi\u00f3n Nacional\" \/>\n<meta name=\"twitter:card\" content=\"summary_large_image\" \/>\n<meta name=\"twitter:label1\" content=\"Escrito por\" \/>\n\t<meta name=\"twitter:data1\" content=\"Conexi\u00f3n Nacional\" \/>\n\t<meta name=\"twitter:label2\" content=\"Tiempo de lectura\" \/>\n\t<meta name=\"twitter:data2\" content=\"2 minutos\" \/>\n<script type=\"application\/ld+json\" class=\"yoast-schema-graph\">{\"@context\":\"https:\\\/\\\/schema.org\",\"@graph\":[{\"@type\":\"Article\",\"@id\":\"https:\\\/\\\/conexionnacional.mx\\\/index.php\\\/2023\\\/02\\\/25\\\/fortalece-marina-del-pilar-con-estados-unidos\\\/#article\",\"isPartOf\":{\"@id\":\"https:\\\/\\\/conexionnacional.mx\\\/index.php\\\/2023\\\/02\\\/25\\\/fortalece-marina-del-pilar-con-estados-unidos\\\/\"},\"author\":{\"name\":\"Conexi\u00f3n Nacional\",\"@id\":\"https:\\\/\\\/conexionnacional.mx\\\/#\\\/schema\\\/person\\\/dd14aeda902120f5e0e021903fdb6931\"},\"headline\":\"Fortalece Marina Del\u00a0Pilar relaci\u00f3n binacional con Estados Unidos\",\"datePublished\":\"2023-02-26T01:36:00+00:00\",\"dateModified\":\"2023-02-26T05:26:50+00:00\",\"mainEntityOfPage\":{\"@id\":\"https:\\\/\\\/conexionnacional.mx\\\/index.php\\\/2023\\\/02\\\/25\\\/fortalece-marina-del-pilar-con-estados-unidos\\\/\"},\"wordCount\":306,\"publisher\":{\"@id\":\"https:\\\/\\\/conexionnacional.mx\\\/#organization\"},\"image\":{\"@id\":\"https:\\\/\\\/conexionnacional.mx\\\/index.php\\\/2023\\\/02\\\/25\\\/fortalece-marina-del-pilar-con-estados-unidos\\\/#primaryimage\"},\"thumbnailUrl\":\"https:\\\/\\\/conexionnacional.mx\\\/wp-content\\\/uploads\\\/2023\\\/02\\\/Fortalece-Marina-Del-Pilar-relacion-Estados-Unidos-CN.jpg\",\"keywords\":[\"Estados Unidos\",\"Fortalece\",\"Marina del Pilar\",\"relaci\u00f3n\",\"Tijuana\"],\"articleSection\":[\"Estados\"],\"inLanguage\":\"es\"},{\"@type\":\"WebPage\",\"@id\":\"https:\\\/\\\/conexionnacional.mx\\\/index.php\\\/2023\\\/02\\\/25\\\/fortalece-marina-del-pilar-con-estados-unidos\\\/\",\"url\":\"https:\\\/\\\/conexionnacional.mx\\\/index.php\\\/2023\\\/02\\\/25\\\/fortalece-marina-del-pilar-con-estados-unidos\\\/\",\"name\":\"Fortalece Marina Del\u00a0Pilar relaci\u00f3n binacional con Estados Unidos |\",\"isPartOf\":{\"@id\":\"https:\\\/\\\/conexionnacional.mx\\\/#website\"},\"primaryImageOfPage\":{\"@id\":\"https:\\\/\\\/conexionnacional.mx\\\/index.php\\\/2023\\\/02\\\/25\\\/fortalece-marina-del-pilar-con-estados-unidos\\\/#primaryimage\"},\"image\":{\"@id\":\"https:\\\/\\\/conexionnacional.mx\\\/index.php\\\/2023\\\/02\\\/25\\\/fortalece-marina-del-pilar-con-estados-unidos\\\/#primaryimage\"},\"thumbnailUrl\":\"https:\\\/\\\/conexionnacional.mx\\\/wp-content\\\/uploads\\\/2023\\\/02\\\/Fortalece-Marina-Del-Pilar-relacion-Estados-Unidos-CN.jpg\",\"datePublished\":\"2023-02-26T01:36:00+00:00\",\"dateModified\":\"2023-02-26T05:26:50+00:00\",\"description\":\"Sostuvo una reuni\u00f3n con el c\u00f3nsul de Estados Unidos en Tijuana, a fin de plantear temas de relevancia para la vida binacional\",\"breadcrumb\":{\"@id\":\"https:\\\/\\\/conexionnacional.mx\\\/index.php\\\/2023\\\/02\\\/25\\\/fortalece-marina-del-pilar-con-estados-unidos\\\/#breadcrumb\"},\"inLanguage\":\"es\",\"potentialAction\":[{\"@type\":\"ReadAction\",\"target\":[\"https:\\\/\\\/conexionnacional.mx\\\/index.php\\\/2023\\\/02\\\/25\\\/fortalece-marina-del-pilar-con-estados-unidos\\\/\"]}]},{\"@type\":\"ImageObject\",\"inLanguage\":\"es\",\"@id\":\"https:\\\/\\\/conexionnacional.mx\\\/index.php\\\/2023\\\/02\\\/25\\\/fortalece-marina-del-pilar-con-estados-unidos\\\/#primaryimage\",\"url\":\"https:\\\/\\\/conexionnacional.mx\\\/wp-content\\\/uploads\\\/2023\\\/02\\\/Fortalece-Marina-Del-Pilar-relacion-Estados-Unidos-CN.jpg\",\"contentUrl\":\"https:\\\/\\\/conexionnacional.mx\\\/wp-content\\\/uploads\\\/2023\\\/02\\\/Fortalece-Marina-Del-Pilar-relacion-Estados-Unidos-CN.jpg\",\"width\":1000,\"height\":600,\"caption\":\"Fortalece Marina Del Pilar relaci\u00f3n con Estados Unidos\"},{\"@type\":\"BreadcrumbList\",\"@id\":\"https:\\\/\\\/conexionnacional.mx\\\/index.php\\\/2023\\\/02\\\/25\\\/fortalece-marina-del-pilar-con-estados-unidos\\\/#breadcrumb\",\"itemListElement\":[{\"@type\":\"ListItem\",\"position\":1,\"name\":\"Inicio\",\"item\":\"https:\\\/\\\/conexionnacional.mx\\\/\"},{\"@type\":\"ListItem\",\"position\":2,\"name\":\"Fortalece Marina Del\u00a0Pilar relaci\u00f3n binacional con Estados Unidos\"}]},{\"@type\":\"WebSite\",\"@id\":\"https:\\\/\\\/conexionnacional.mx\\\/#website\",\"url\":\"https:\\\/\\\/conexionnacional.mx\\\/\",\"name\":\"Conexi\u00f3n Nacional\",\"description\":\"Noticias al momento\",\"publisher\":{\"@id\":\"https:\\\/\\\/conexionnacional.mx\\\/#organization\"},\"alternateName\":\"Noticias nacionales\",\"potentialAction\":[{\"@type\":\"SearchAction\",\"target\":{\"@type\":\"EntryPoint\",\"urlTemplate\":\"https:\\\/\\\/conexionnacional.mx\\\/?s={search_term_string}\"},\"query-input\":{\"@type\":\"PropertyValueSpecification\",\"valueRequired\":true,\"valueName\":\"search_term_string\"}}],\"inLanguage\":\"es\"},{\"@type\":\"Organization\",\"@id\":\"https:\\\/\\\/conexionnacional.mx\\\/#organization\",\"name\":\"Conexi\u00f3n Nacional\",\"url\":\"https:\\\/\\\/conexionnacional.mx\\\/\",\"logo\":{\"@type\":\"ImageObject\",\"inLanguage\":\"es\",\"@id\":\"https:\\\/\\\/conexionnacional.mx\\\/#\\\/schema\\\/logo\\\/image\\\/\",\"url\":\"https:\\\/\\\/conexionnacional.mx\\\/wp-content\\\/uploads\\\/2022\\\/09\\\/conexion_nacional.png\",\"contentUrl\":\"https:\\\/\\\/conexionnacional.mx\\\/wp-content\\\/uploads\\\/2022\\\/09\\\/conexion_nacional.png\",\"width\":2964,\"height\":1173,\"caption\":\"Conexi\u00f3n Nacional\"},\"image\":{\"@id\":\"https:\\\/\\\/conexionnacional.mx\\\/#\\\/schema\\\/logo\\\/image\\\/\"},\"sameAs\":[\"https:\\\/\\\/www.facebook.com\\\/cnmxradio\"]},{\"@type\":\"Person\",\"@id\":\"https:\\\/\\\/conexionnacional.mx\\\/#\\\/schema\\\/person\\\/dd14aeda902120f5e0e021903fdb6931\",\"name\":\"Conexi\u00f3n Nacional\",\"image\":{\"@type\":\"ImageObject\",\"inLanguage\":\"es\",\"@id\":\"https:\\\/\\\/secure.gravatar.com\\\/avatar\\\/e523100f284110b2ecca7e17b2be9cf140a5e8f35294c9ec0543e6916cc1f9be?s=96&d=blank&r=g\",\"url\":\"https:\\\/\\\/secure.gravatar.com\\\/avatar\\\/e523100f284110b2ecca7e17b2be9cf140a5e8f35294c9ec0543e6916cc1f9be?s=96&d=blank&r=g\",\"contentUrl\":\"https:\\\/\\\/secure.gravatar.com\\\/avatar\\\/e523100f284110b2ecca7e17b2be9cf140a5e8f35294c9ec0543e6916cc1f9be?s=96&d=blank&r=g\",\"caption\":\"Conexi\u00f3n Nacional\"},\"sameAs\":[\"https:\\\/\\\/conexionnacional.mx\"],\"url\":\"https:\\\/\\\/conexionnacional.mx\\\/index.php\\\/author\\\/administrador\\\/\"}]}<\/script>\n<!-- \/ Yoast SEO plugin. -->","yoast_head_json":{"title":"Fortalece Marina Del\u00a0Pilar relaci\u00f3n binacional con Estados Unidos |","description":"Sostuvo una reuni\u00f3n con el c\u00f3nsul de Estados Unidos en Tijuana, a fin de plantear temas de relevancia para la vida binacional","robots":{"index":"index","follow":"follow","max-snippet":"max-snippet:-1","max-image-preview":"max-image-preview:large","max-video-preview":"max-video-preview:-1"},"canonical":"https:\/\/conexionnacional.mx\/index.php\/2023\/02\/25\/fortalece-marina-del-pilar-con-estados-unidos\/","og_locale":"es_MX","og_type":"article","og_title":"Fortalece Marina Del\u00a0Pilar relaci\u00f3n binacional con Estados Unidos |","og_description":"Sostuvo una reuni\u00f3n con el c\u00f3nsul de Estados Unidos en Tijuana, a fin de plantear temas de relevancia para la vida binacional","og_url":"https:\/\/conexionnacional.mx\/index.php\/2023\/02\/25\/fortalece-marina-del-pilar-con-estados-unidos\/","og_site_name":"Conexi\u00f3n Nacional","article_publisher":"https:\/\/www.facebook.com\/cnmxradio","article_published_time":"2023-02-26T01:36:00+00:00","article_modified_time":"2023-02-26T05:26:50+00:00","og_image":[{"width":1000,"height":600,"url":"https:\/\/conexionnacional.mx\/wp-content\/uploads\/2023\/02\/Fortalece-Marina-Del-Pilar-relacion-Estados-Unidos-CN.jpg","type":"image\/jpeg"}],"author":"Conexi\u00f3n Nacional","twitter_card":"summary_large_image","twitter_misc":{"Escrito por":"Conexi\u00f3n Nacional","Tiempo de lectura":"2 minutos"},"schema":{"@context":"https:\/\/schema.org","@graph":[{"@type":"Article","@id":"https:\/\/conexionnacional.mx\/index.php\/2023\/02\/25\/fortalece-marina-del-pilar-con-estados-unidos\/#article","isPartOf":{"@id":"https:\/\/conexionnacional.mx\/index.php\/2023\/02\/25\/fortalece-marina-del-pilar-con-estados-unidos\/"},"author":{"name":"Conexi\u00f3n Nacional","@id":"https:\/\/conexionnacional.mx\/#\/schema\/person\/dd14aeda902120f5e0e021903fdb6931"},"headline":"Fortalece Marina Del\u00a0Pilar relaci\u00f3n binacional con Estados Unidos","datePublished":"2023-02-26T01:36:00+00:00","dateModified":"2023-02-26T05:26:50+00:00","mainEntityOfPage":{"@id":"https:\/\/conexionnacional.mx\/index.php\/2023\/02\/25\/fortalece-marina-del-pilar-con-estados-unidos\/"},"wordCount":306,"publisher":{"@id":"https:\/\/conexionnacional.mx\/#organization"},"image":{"@id":"https:\/\/conexionnacional.mx\/index.php\/2023\/02\/25\/fortalece-marina-del-pilar-con-estados-unidos\/#primaryimage"},"thumbnailUrl":"https:\/\/conexionnacional.mx\/wp-content\/uploads\/2023\/02\/Fortalece-Marina-Del-Pilar-relacion-Estados-Unidos-CN.jpg","keywords":["Estados Unidos","Fortalece","Marina del Pilar","relaci\u00f3n","Tijuana"],"articleSection":["Estados"],"inLanguage":"es"},{"@type":"WebPage","@id":"https:\/\/conexionnacional.mx\/index.php\/2023\/02\/25\/fortalece-marina-del-pilar-con-estados-unidos\/","url":"https:\/\/conexionnacional.mx\/index.php\/2023\/02\/25\/fortalece-marina-del-pilar-con-estados-unidos\/","name":"Fortalece Marina Del\u00a0Pilar relaci\u00f3n binacional con Estados Unidos |","isPartOf":{"@id":"https:\/\/conexionnacional.mx\/#website"},"primaryImageOfPage":{"@id":"https:\/\/conexionnacional.mx\/index.php\/2023\/02\/25\/fortalece-marina-del-pilar-con-estados-unidos\/#primaryimage"},"image":{"@id":"https:\/\/conexionnacional.mx\/index.php\/2023\/02\/25\/fortalece-marina-del-pilar-con-estados-unidos\/#primaryimage"},"thumbnailUrl":"https:\/\/conexionnacional.mx\/wp-content\/uploads\/2023\/02\/Fortalece-Marina-Del-Pilar-relacion-Estados-Unidos-CN.jpg","datePublished":"2023-02-26T01:36:00+00:00","dateModified":"2023-02-26T05:26:50+00:00","description":"Sostuvo una reuni\u00f3n con el c\u00f3nsul de Estados Unidos en Tijuana, a fin de plantear temas de relevancia para la vida binacional","breadcrumb":{"@id":"https:\/\/conexionnacional.mx\/index.php\/2023\/02\/25\/fortalece-marina-del-pilar-con-estados-unidos\/#breadcrumb"},"inLanguage":"es","potentialAction":[{"@type":"ReadAction","target":["https:\/\/conexionnacional.mx\/index.php\/2023\/02\/25\/fortalece-marina-del-pilar-con-estados-unidos\/"]}]},{"@type":"ImageObject","inLanguage":"es","@id":"https:\/\/conexionnacional.mx\/index.php\/2023\/02\/25\/fortalece-marina-del-pilar-con-estados-unidos\/#primaryimage","url":"https:\/\/conexionnacional.mx\/wp-content\/uploads\/2023\/02\/Fortalece-Marina-Del-Pilar-relacion-Estados-Unidos-CN.jpg","contentUrl":"https:\/\/conexionnacional.mx\/wp-content\/uploads\/2023\/02\/Fortalece-Marina-Del-Pilar-relacion-Estados-Unidos-CN.jpg","width":1000,"height":600,"caption":"Fortalece Marina Del Pilar relaci\u00f3n con Estados Unidos"},{"@type":"BreadcrumbList","@id":"https:\/\/conexionnacional.mx\/index.php\/2023\/02\/25\/fortalece-marina-del-pilar-con-estados-unidos\/#breadcrumb","itemListElement":[{"@type":"ListItem","position":1,"name":"Inicio","item":"https:\/\/conexionnacional.mx\/"},{"@type":"ListItem","position":2,"name":"Fortalece Marina Del\u00a0Pilar relaci\u00f3n binacional con Estados Unidos"}]},{"@type":"WebSite","@id":"https:\/\/conexionnacional.mx\/#website","url":"https:\/\/conexionnacional.mx\/","name":"Conexi\u00f3n Nacional","description":"Noticias al momento","publisher":{"@id":"https:\/\/conexionnacional.mx\/#organization"},"alternateName":"Noticias nacionales","potentialAction":[{"@type":"SearchAction","target":{"@type":"EntryPoint","urlTemplate":"https:\/\/conexionnacional.mx\/?s={search_term_string}"},"query-input":{"@type":"PropertyValueSpecification","valueRequired":true,"valueName":"search_term_string"}}],"inLanguage":"es"},{"@type":"Organization","@id":"https:\/\/conexionnacional.mx\/#organization","name":"Conexi\u00f3n Nacional","url":"https:\/\/conexionnacional.mx\/","logo":{"@type":"ImageObject","inLanguage":"es","@id":"https:\/\/conexionnacional.mx\/#\/schema\/logo\/image\/","url":"https:\/\/conexionnacional.mx\/wp-content\/uploads\/2022\/09\/conexion_nacional.png","contentUrl":"https:\/\/conexionnacional.mx\/wp-content\/uploads\/2022\/09\/conexion_nacional.png","width":2964,"height":1173,"caption":"Conexi\u00f3n Nacional"},"image":{"@id":"https:\/\/conexionnacional.mx\/#\/schema\/logo\/image\/"},"sameAs":["https:\/\/www.facebook.com\/cnmxradio"]},{"@type":"Person","@id":"https:\/\/conexionnacional.mx\/#\/schema\/person\/dd14aeda902120f5e0e021903fdb6931","name":"Conexi\u00f3n Nacional","image":{"@type":"ImageObject","inLanguage":"es","@id":"https:\/\/secure.gravatar.com\/avatar\/e523100f284110b2ecca7e17b2be9cf140a5e8f35294c9ec0543e6916cc1f9be?s=96&d=blank&r=g","url":"https:\/\/secure.gravatar.com\/avatar\/e523100f284110b2ecca7e17b2be9cf140a5e8f35294c9ec0543e6916cc1f9be?s=96&d=blank&r=g","contentUrl":"https:\/\/secure.gravatar.com\/avatar\/e523100f284110b2ecca7e17b2be9cf140a5e8f35294c9ec0543e6916cc1f9be?s=96&d=blank&r=g","caption":"Conexi\u00f3n Nacional"},"sameAs":["https:\/\/conexionnacional.mx"],"url":"https:\/\/conexionnacional.mx\/index.php\/author\/administrador\/"}]}},"_links":{"self":[{"href":"https:\/\/conexionnacional.mx\/index.php\/wp-json\/wp\/v2\/posts\/9799","targetHints":{"allow":["GET"]}}],"collection":[{"href":"https:\/\/conexionnacional.mx\/index.php\/wp-json\/wp\/v2\/posts"}],"about":[{"href":"https:\/\/conexionnacional.mx\/index.php\/wp-json\/wp\/v2\/types\/post"}],"author":[{"embeddable":true,"href":"https:\/\/conexionnacional.mx\/index.php\/wp-json\/wp\/v2\/users\/1"}],"replies":[{"embeddable":true,"href":"https:\/\/conexionnacional.mx\/index.php\/wp-json\/wp\/v2\/comments?post=9799"}],"version-history":[{"count":1,"href":"https:\/\/conexionnacional.mx\/index.php\/wp-json\/wp\/v2\/posts\/9799\/revisions"}],"predecessor-version":[{"id":9801,"href":"https:\/\/conexionnacional.mx\/index.php\/wp-json\/wp\/v2\/posts\/9799\/revisions\/9801"}],"wp:featuredmedia":[{"embeddable":true,"href":"https:\/\/conexionnacional.mx\/index.php\/wp-json\/wp\/v2\/media\/9800"}],"wp:attachment":[{"href":"https:\/\/conexionnacional.mx\/index.php\/wp-json\/wp\/v2\/media?parent=9799"}],"wp:term":[{"taxonomy":"category","embeddable":true,"href":"https:\/\/conexionnacional.mx\/index.php\/wp-json\/wp\/v2\/categories?post=9799"},{"taxonomy":"post_tag","embeddable":true,"href":"https:\/\/conexionnacional.mx\/index.php\/wp-json\/wp\/v2\/tags?post=9799"}],"curies":[{"name":"wp","href":"https:\/\/api.w.org\/{rel}","templated":true}]}}