{"id":9567,"date":"2023-02-22T13:30:00","date_gmt":"2023-02-22T19:30:00","guid":{"rendered":"https:\/\/conexionnacional.mx\/?p=9567"},"modified":"2023-02-22T12:34:02","modified_gmt":"2023-02-22T18:34:02","slug":"trump-pena-de-muerte-a-traficantes","status":"publish","type":"post","link":"https:\/\/conexionnacional.mx\/index.php\/2023\/02\/22\/trump-pena-de-muerte-a-traficantes\/","title":{"rendered":"<strong>Trump propone pena de muerte a traficantes y sellar frontera con M\u00e9xico, si regresa a la presidencia<\/strong>"},"content":{"rendered":"\n<p>Por: <a href=\"https:\/\/californiamedios.com\/trump-propone-pena-de-muerte-a-traficantes-y-sellar-frontera-con-mexico-si-regresa-a-la-presidencia\/\">californiamedios.com<\/a>&nbsp; |<\/p>\n\n\n\n<p>El <strong>expresidente de Estados Unidos Donald Trump<\/strong> se<strong> propone castigar a los traficantes de drogas <\/strong>y a los de personas con la<strong> pena de muerte<\/strong> y <strong>asegurar \u201ccompletamente\u201d la frontera con M\u00e9xico si llega de nuevo a la Casa Blanca<\/strong>, seg\u00fan un plan de seguridad divulgado de cara a la nominaci\u00f3n republicana en 2024.&nbsp;<\/p>\n\n\n\n<p>En el campo de la pol\u00edtica migratoria, el plan para un <em>\u201cEstados Unidos m\u00e1s seguro\u201d plantea tambi\u00e9n que los cuerpos policiales que reciben subvenciones del Departamento de Justicia cooperen con Migraci\u00f3n para \u201carrestar y deportar a los delincuentes extranjeros\u201d<\/em>.&nbsp;<\/p>\n\n\n\n<p>La campa\u00f1a de Trump, presidente de 2017 a 2021, inform\u00f3 este martes de los puntos centrales del <strong>plan para acabar con el \u201ccrimen fuera de control y mantener seguros a todos los estadounidenses\u201d<\/strong>, dado a conocer en un video con motivo del D\u00eda de los Presidentes, celebrado este lunes.&nbsp;<\/p>\n\n\n\n<p>El exmandatario, que por ahora tiene como <strong>\u00fanica rival para la nominaci\u00f3n a la exgobernadora y exembajadora ante la ONU, Nikki Haley<\/strong>, dice que, si regresa a la Casa Blanca, propondr\u00e1 hacer una <strong>\u201cinversi\u00f3n r\u00e9cord en la contrataci\u00f3n, retenci\u00f3n y capacitaci\u00f3n de agentes de polic\u00eda\u201d<\/strong> y mejorar las medidas de protecci\u00f3n para que puedan hacer <strong>\u201cbien su trabajo\u201d<\/strong>.&nbsp;<\/p>\n\n\n\n<h2 class=\"wp-block-heading\"><strong>Urge desmantelar pandillas de la droga&nbsp;<\/strong><\/h2>\n\n\n\n<p>Adem\u00e1s, ordenar\u00e1 al Departamento de Justicia que investigue a <em>\u201clos fiscales de izquierda radical, como los de Chicago, Los \u00c1ngeles y San Francisco, para determinar si se han involucrado ilegalmente en la aplicaci\u00f3n de la ley basada en la raza\u201d<\/em>.&nbsp;&nbsp;<\/p>\n\n\n\n<blockquote class=\"wp-block-quote is-layout-flow wp-block-quote-is-layout-flow\">\n<p>El plan se propone <strong><em>\u201cdesmantelar todas las pandillas y redes de drogas en Estados Unidos\u201d<\/em><\/strong>, aplicar la pena de muerte a los traficantes de drogas y <strong><em>\u201climpiar las calles de las personas sin hogar, los adictos a las drogas y los enfermos mentales\u201d<\/em><\/strong>.&nbsp;<\/p>\n<\/blockquote>\n\n\n\n<p>Asimismo, se compromete a desplegar activos federales, incluida la Guardia Nacional, para restablecer la ley y el orden en todo el pa\u00eds cuando las fuerzas del orden locales se nieguen a actuar.&nbsp;<\/p>\n\n\n\n<p>Otros puntos son ordenar al Departamento de Educaci\u00f3n y al Departamento de Justicia que revisen los est\u00e1ndares federales para disciplinar a los menores y extender las normas de porte oculto de armas.<\/p>\n\n\n\n<p>Con Informaci\u00f3n de <a href=\"https:\/\/californiamedios.com\/\">California Medios<\/a><\/p>\n","protected":false},"excerpt":{"rendered":"<p>Por: californiamedios.com&nbsp; | El expresidente de Estados Unidos Donald Trump se propone castigar a los traficantes de drogas y a los de personas con la pena de muerte y asegurar \u201ccompletamente\u201d la frontera con M\u00e9xico si llega de nuevo a la Casa Blanca, seg\u00fan un plan de seguridad divulgado de cara a la nominaci\u00f3n republicana [&hellip;]<\/p>\n","protected":false},"author":1,"featured_media":9568,"comment_status":"closed","ping_status":"closed","sticky":false,"template":"","format":"aside","meta":{"googlesitekit_rrm_CAowytPeCw:productID":"","footnotes":""},"categories":[8],"tags":[35,187,3358,2508],"class_list":["post-9567","post","type-post","status-publish","format-aside","has-post-thumbnail","hentry","category-internacional","tag-estados-unidos","tag-mexico","tag-narcotraficantes","tag-trump","post_format-post-format-aside"],"yoast_head":"<!-- This site is optimized with the Yoast SEO plugin v27.5 - https:\/\/yoast.com\/product\/yoast-seo-wordpress\/ -->\n<title>Trump propone pena de muerte a traficantes y sellar frontera con M\u00e9xico, si regresa a la presidencia |<\/title>\n<meta name=\"description\" content=\"El expresidente de Estados Unidos Donald Trump se propone castigar a los traficantes de drogas y a los de personas con la pena de muerte\" \/>\n<meta name=\"robots\" content=\"index, follow, max-snippet:-1, max-image-preview:large, max-video-preview:-1\" \/>\n<link rel=\"canonical\" href=\"https:\/\/conexionnacional.mx\/index.php\/2023\/02\/22\/trump-pena-de-muerte-a-traficantes\/\" \/>\n<meta property=\"og:locale\" content=\"es_MX\" \/>\n<meta property=\"og:type\" content=\"article\" \/>\n<meta property=\"og:title\" content=\"Trump propone pena de muerte a traficantes y sellar frontera con M\u00e9xico, si regresa a la presidencia |\" \/>\n<meta property=\"og:description\" content=\"El expresidente de Estados Unidos Donald Trump se propone castigar a los traficantes de drogas y a los de personas con la pena de muerte\" \/>\n<meta property=\"og:url\" content=\"https:\/\/conexionnacional.mx\/index.php\/2023\/02\/22\/trump-pena-de-muerte-a-traficantes\/\" \/>\n<meta property=\"og:site_name\" content=\"Conexi\u00f3n Nacional\" \/>\n<meta property=\"article:publisher\" content=\"https:\/\/www.facebook.com\/cnmxradio\" \/>\n<meta property=\"article:published_time\" content=\"2023-02-22T19:30:00+00:00\" \/>\n<meta property=\"og:image\" content=\"https:\/\/conexionnacional.mx\/wp-content\/uploads\/2023\/02\/Trump.jpg\" \/>\n\t<meta property=\"og:image:width\" content=\"1000\" \/>\n\t<meta property=\"og:image:height\" content=\"600\" \/>\n\t<meta property=\"og:image:type\" content=\"image\/jpeg\" \/>\n<meta name=\"author\" content=\"Conexi\u00f3n Nacional\" \/>\n<meta name=\"twitter:card\" content=\"summary_large_image\" \/>\n<meta name=\"twitter:label1\" content=\"Escrito por\" \/>\n\t<meta name=\"twitter:data1\" content=\"Conexi\u00f3n Nacional\" \/>\n\t<meta name=\"twitter:label2\" content=\"Tiempo de lectura\" \/>\n\t<meta name=\"twitter:data2\" content=\"2 minutos\" \/>\n<script type=\"application\/ld+json\" class=\"yoast-schema-graph\">{\"@context\":\"https:\\\/\\\/schema.org\",\"@graph\":[{\"@type\":\"Article\",\"@id\":\"https:\\\/\\\/conexionnacional.mx\\\/index.php\\\/2023\\\/02\\\/22\\\/trump-pena-de-muerte-a-traficantes\\\/#article\",\"isPartOf\":{\"@id\":\"https:\\\/\\\/conexionnacional.mx\\\/index.php\\\/2023\\\/02\\\/22\\\/trump-pena-de-muerte-a-traficantes\\\/\"},\"author\":{\"name\":\"Conexi\u00f3n Nacional\",\"@id\":\"https:\\\/\\\/conexionnacional.mx\\\/#\\\/schema\\\/person\\\/dd14aeda902120f5e0e021903fdb6931\"},\"headline\":\"Trump propone pena de muerte a traficantes y sellar frontera con M\u00e9xico, si regresa a la presidencia\",\"datePublished\":\"2023-02-22T19:30:00+00:00\",\"mainEntityOfPage\":{\"@id\":\"https:\\\/\\\/conexionnacional.mx\\\/index.php\\\/2023\\\/02\\\/22\\\/trump-pena-de-muerte-a-traficantes\\\/\"},\"wordCount\":409,\"publisher\":{\"@id\":\"https:\\\/\\\/conexionnacional.mx\\\/#organization\"},\"image\":{\"@id\":\"https:\\\/\\\/conexionnacional.mx\\\/index.php\\\/2023\\\/02\\\/22\\\/trump-pena-de-muerte-a-traficantes\\\/#primaryimage\"},\"thumbnailUrl\":\"https:\\\/\\\/conexionnacional.mx\\\/wp-content\\\/uploads\\\/2023\\\/02\\\/Trump.jpg\",\"keywords\":[\"Estados Unidos\",\"M\u00e9xico\",\"narcotraficantes\",\"Trump\"],\"articleSection\":[\"Internacional\"],\"inLanguage\":\"es\"},{\"@type\":\"WebPage\",\"@id\":\"https:\\\/\\\/conexionnacional.mx\\\/index.php\\\/2023\\\/02\\\/22\\\/trump-pena-de-muerte-a-traficantes\\\/\",\"url\":\"https:\\\/\\\/conexionnacional.mx\\\/index.php\\\/2023\\\/02\\\/22\\\/trump-pena-de-muerte-a-traficantes\\\/\",\"name\":\"Trump propone pena de muerte a traficantes y sellar frontera con M\u00e9xico, si regresa a la presidencia |\",\"isPartOf\":{\"@id\":\"https:\\\/\\\/conexionnacional.mx\\\/#website\"},\"primaryImageOfPage\":{\"@id\":\"https:\\\/\\\/conexionnacional.mx\\\/index.php\\\/2023\\\/02\\\/22\\\/trump-pena-de-muerte-a-traficantes\\\/#primaryimage\"},\"image\":{\"@id\":\"https:\\\/\\\/conexionnacional.mx\\\/index.php\\\/2023\\\/02\\\/22\\\/trump-pena-de-muerte-a-traficantes\\\/#primaryimage\"},\"thumbnailUrl\":\"https:\\\/\\\/conexionnacional.mx\\\/wp-content\\\/uploads\\\/2023\\\/02\\\/Trump.jpg\",\"datePublished\":\"2023-02-22T19:30:00+00:00\",\"description\":\"El expresidente de Estados Unidos Donald Trump se propone castigar a los traficantes de drogas y a los de personas con la pena de muerte\",\"breadcrumb\":{\"@id\":\"https:\\\/\\\/conexionnacional.mx\\\/index.php\\\/2023\\\/02\\\/22\\\/trump-pena-de-muerte-a-traficantes\\\/#breadcrumb\"},\"inLanguage\":\"es\",\"potentialAction\":[{\"@type\":\"ReadAction\",\"target\":[\"https:\\\/\\\/conexionnacional.mx\\\/index.php\\\/2023\\\/02\\\/22\\\/trump-pena-de-muerte-a-traficantes\\\/\"]}]},{\"@type\":\"ImageObject\",\"inLanguage\":\"es\",\"@id\":\"https:\\\/\\\/conexionnacional.mx\\\/index.php\\\/2023\\\/02\\\/22\\\/trump-pena-de-muerte-a-traficantes\\\/#primaryimage\",\"url\":\"https:\\\/\\\/conexionnacional.mx\\\/wp-content\\\/uploads\\\/2023\\\/02\\\/Trump.jpg\",\"contentUrl\":\"https:\\\/\\\/conexionnacional.mx\\\/wp-content\\\/uploads\\\/2023\\\/02\\\/Trump.jpg\",\"width\":1000,\"height\":600,\"caption\":\"Trump propone pena de muerte a traficantes y sellar frontera con M\u00e9xico, si regresa a la presidencia\"},{\"@type\":\"BreadcrumbList\",\"@id\":\"https:\\\/\\\/conexionnacional.mx\\\/index.php\\\/2023\\\/02\\\/22\\\/trump-pena-de-muerte-a-traficantes\\\/#breadcrumb\",\"itemListElement\":[{\"@type\":\"ListItem\",\"position\":1,\"name\":\"Inicio\",\"item\":\"https:\\\/\\\/conexionnacional.mx\\\/\"},{\"@type\":\"ListItem\",\"position\":2,\"name\":\"Trump propone pena de muerte a traficantes y sellar frontera con M\u00e9xico, si regresa a la presidencia\"}]},{\"@type\":\"WebSite\",\"@id\":\"https:\\\/\\\/conexionnacional.mx\\\/#website\",\"url\":\"https:\\\/\\\/conexionnacional.mx\\\/\",\"name\":\"Conexi\u00f3n Nacional\",\"description\":\"Noticias al momento\",\"publisher\":{\"@id\":\"https:\\\/\\\/conexionnacional.mx\\\/#organization\"},\"alternateName\":\"Noticias nacionales\",\"potentialAction\":[{\"@type\":\"SearchAction\",\"target\":{\"@type\":\"EntryPoint\",\"urlTemplate\":\"https:\\\/\\\/conexionnacional.mx\\\/?s={search_term_string}\"},\"query-input\":{\"@type\":\"PropertyValueSpecification\",\"valueRequired\":true,\"valueName\":\"search_term_string\"}}],\"inLanguage\":\"es\"},{\"@type\":\"Organization\",\"@id\":\"https:\\\/\\\/conexionnacional.mx\\\/#organization\",\"name\":\"Conexi\u00f3n Nacional\",\"url\":\"https:\\\/\\\/conexionnacional.mx\\\/\",\"logo\":{\"@type\":\"ImageObject\",\"inLanguage\":\"es\",\"@id\":\"https:\\\/\\\/conexionnacional.mx\\\/#\\\/schema\\\/logo\\\/image\\\/\",\"url\":\"https:\\\/\\\/conexionnacional.mx\\\/wp-content\\\/uploads\\\/2022\\\/09\\\/conexion_nacional.png\",\"contentUrl\":\"https:\\\/\\\/conexionnacional.mx\\\/wp-content\\\/uploads\\\/2022\\\/09\\\/conexion_nacional.png\",\"width\":2964,\"height\":1173,\"caption\":\"Conexi\u00f3n Nacional\"},\"image\":{\"@id\":\"https:\\\/\\\/conexionnacional.mx\\\/#\\\/schema\\\/logo\\\/image\\\/\"},\"sameAs\":[\"https:\\\/\\\/www.facebook.com\\\/cnmxradio\"]},{\"@type\":\"Person\",\"@id\":\"https:\\\/\\\/conexionnacional.mx\\\/#\\\/schema\\\/person\\\/dd14aeda902120f5e0e021903fdb6931\",\"name\":\"Conexi\u00f3n Nacional\",\"image\":{\"@type\":\"ImageObject\",\"inLanguage\":\"es\",\"@id\":\"https:\\\/\\\/secure.gravatar.com\\\/avatar\\\/e523100f284110b2ecca7e17b2be9cf140a5e8f35294c9ec0543e6916cc1f9be?s=96&d=blank&r=g\",\"url\":\"https:\\\/\\\/secure.gravatar.com\\\/avatar\\\/e523100f284110b2ecca7e17b2be9cf140a5e8f35294c9ec0543e6916cc1f9be?s=96&d=blank&r=g\",\"contentUrl\":\"https:\\\/\\\/secure.gravatar.com\\\/avatar\\\/e523100f284110b2ecca7e17b2be9cf140a5e8f35294c9ec0543e6916cc1f9be?s=96&d=blank&r=g\",\"caption\":\"Conexi\u00f3n Nacional\"},\"sameAs\":[\"https:\\\/\\\/conexionnacional.mx\"],\"url\":\"https:\\\/\\\/conexionnacional.mx\\\/index.php\\\/author\\\/administrador\\\/\"}]}<\/script>\n<!-- \/ Yoast SEO plugin. -->","yoast_head_json":{"title":"Trump propone pena de muerte a traficantes y sellar frontera con M\u00e9xico, si regresa a la presidencia |","description":"El expresidente de Estados Unidos Donald Trump se propone castigar a los traficantes de drogas y a los de personas con la pena de muerte","robots":{"index":"index","follow":"follow","max-snippet":"max-snippet:-1","max-image-preview":"max-image-preview:large","max-video-preview":"max-video-preview:-1"},"canonical":"https:\/\/conexionnacional.mx\/index.php\/2023\/02\/22\/trump-pena-de-muerte-a-traficantes\/","og_locale":"es_MX","og_type":"article","og_title":"Trump propone pena de muerte a traficantes y sellar frontera con M\u00e9xico, si regresa a la presidencia |","og_description":"El expresidente de Estados Unidos Donald Trump se propone castigar a los traficantes de drogas y a los de personas con la pena de muerte","og_url":"https:\/\/conexionnacional.mx\/index.php\/2023\/02\/22\/trump-pena-de-muerte-a-traficantes\/","og_site_name":"Conexi\u00f3n Nacional","article_publisher":"https:\/\/www.facebook.com\/cnmxradio","article_published_time":"2023-02-22T19:30:00+00:00","og_image":[{"width":1000,"height":600,"url":"https:\/\/conexionnacional.mx\/wp-content\/uploads\/2023\/02\/Trump.jpg","type":"image\/jpeg"}],"author":"Conexi\u00f3n Nacional","twitter_card":"summary_large_image","twitter_misc":{"Escrito por":"Conexi\u00f3n Nacional","Tiempo de lectura":"2 minutos"},"schema":{"@context":"https:\/\/schema.org","@graph":[{"@type":"Article","@id":"https:\/\/conexionnacional.mx\/index.php\/2023\/02\/22\/trump-pena-de-muerte-a-traficantes\/#article","isPartOf":{"@id":"https:\/\/conexionnacional.mx\/index.php\/2023\/02\/22\/trump-pena-de-muerte-a-traficantes\/"},"author":{"name":"Conexi\u00f3n Nacional","@id":"https:\/\/conexionnacional.mx\/#\/schema\/person\/dd14aeda902120f5e0e021903fdb6931"},"headline":"Trump propone pena de muerte a traficantes y sellar frontera con M\u00e9xico, si regresa a la presidencia","datePublished":"2023-02-22T19:30:00+00:00","mainEntityOfPage":{"@id":"https:\/\/conexionnacional.mx\/index.php\/2023\/02\/22\/trump-pena-de-muerte-a-traficantes\/"},"wordCount":409,"publisher":{"@id":"https:\/\/conexionnacional.mx\/#organization"},"image":{"@id":"https:\/\/conexionnacional.mx\/index.php\/2023\/02\/22\/trump-pena-de-muerte-a-traficantes\/#primaryimage"},"thumbnailUrl":"https:\/\/conexionnacional.mx\/wp-content\/uploads\/2023\/02\/Trump.jpg","keywords":["Estados Unidos","M\u00e9xico","narcotraficantes","Trump"],"articleSection":["Internacional"],"inLanguage":"es"},{"@type":"WebPage","@id":"https:\/\/conexionnacional.mx\/index.php\/2023\/02\/22\/trump-pena-de-muerte-a-traficantes\/","url":"https:\/\/conexionnacional.mx\/index.php\/2023\/02\/22\/trump-pena-de-muerte-a-traficantes\/","name":"Trump propone pena de muerte a traficantes y sellar frontera con M\u00e9xico, si regresa a la presidencia |","isPartOf":{"@id":"https:\/\/conexionnacional.mx\/#website"},"primaryImageOfPage":{"@id":"https:\/\/conexionnacional.mx\/index.php\/2023\/02\/22\/trump-pena-de-muerte-a-traficantes\/#primaryimage"},"image":{"@id":"https:\/\/conexionnacional.mx\/index.php\/2023\/02\/22\/trump-pena-de-muerte-a-traficantes\/#primaryimage"},"thumbnailUrl":"https:\/\/conexionnacional.mx\/wp-content\/uploads\/2023\/02\/Trump.jpg","datePublished":"2023-02-22T19:30:00+00:00","description":"El expresidente de Estados Unidos Donald Trump se propone castigar a los traficantes de drogas y a los de personas con la pena de muerte","breadcrumb":{"@id":"https:\/\/conexionnacional.mx\/index.php\/2023\/02\/22\/trump-pena-de-muerte-a-traficantes\/#breadcrumb"},"inLanguage":"es","potentialAction":[{"@type":"ReadAction","target":["https:\/\/conexionnacional.mx\/index.php\/2023\/02\/22\/trump-pena-de-muerte-a-traficantes\/"]}]},{"@type":"ImageObject","inLanguage":"es","@id":"https:\/\/conexionnacional.mx\/index.php\/2023\/02\/22\/trump-pena-de-muerte-a-traficantes\/#primaryimage","url":"https:\/\/conexionnacional.mx\/wp-content\/uploads\/2023\/02\/Trump.jpg","contentUrl":"https:\/\/conexionnacional.mx\/wp-content\/uploads\/2023\/02\/Trump.jpg","width":1000,"height":600,"caption":"Trump propone pena de muerte a traficantes y sellar frontera con M\u00e9xico, si regresa a la presidencia"},{"@type":"BreadcrumbList","@id":"https:\/\/conexionnacional.mx\/index.php\/2023\/02\/22\/trump-pena-de-muerte-a-traficantes\/#breadcrumb","itemListElement":[{"@type":"ListItem","position":1,"name":"Inicio","item":"https:\/\/conexionnacional.mx\/"},{"@type":"ListItem","position":2,"name":"Trump propone pena de muerte a traficantes y sellar frontera con M\u00e9xico, si regresa a la presidencia"}]},{"@type":"WebSite","@id":"https:\/\/conexionnacional.mx\/#website","url":"https:\/\/conexionnacional.mx\/","name":"Conexi\u00f3n Nacional","description":"Noticias al momento","publisher":{"@id":"https:\/\/conexionnacional.mx\/#organization"},"alternateName":"Noticias nacionales","potentialAction":[{"@type":"SearchAction","target":{"@type":"EntryPoint","urlTemplate":"https:\/\/conexionnacional.mx\/?s={search_term_string}"},"query-input":{"@type":"PropertyValueSpecification","valueRequired":true,"valueName":"search_term_string"}}],"inLanguage":"es"},{"@type":"Organization","@id":"https:\/\/conexionnacional.mx\/#organization","name":"Conexi\u00f3n Nacional","url":"https:\/\/conexionnacional.mx\/","logo":{"@type":"ImageObject","inLanguage":"es","@id":"https:\/\/conexionnacional.mx\/#\/schema\/logo\/image\/","url":"https:\/\/conexionnacional.mx\/wp-content\/uploads\/2022\/09\/conexion_nacional.png","contentUrl":"https:\/\/conexionnacional.mx\/wp-content\/uploads\/2022\/09\/conexion_nacional.png","width":2964,"height":1173,"caption":"Conexi\u00f3n Nacional"},"image":{"@id":"https:\/\/conexionnacional.mx\/#\/schema\/logo\/image\/"},"sameAs":["https:\/\/www.facebook.com\/cnmxradio"]},{"@type":"Person","@id":"https:\/\/conexionnacional.mx\/#\/schema\/person\/dd14aeda902120f5e0e021903fdb6931","name":"Conexi\u00f3n Nacional","image":{"@type":"ImageObject","inLanguage":"es","@id":"https:\/\/secure.gravatar.com\/avatar\/e523100f284110b2ecca7e17b2be9cf140a5e8f35294c9ec0543e6916cc1f9be?s=96&d=blank&r=g","url":"https:\/\/secure.gravatar.com\/avatar\/e523100f284110b2ecca7e17b2be9cf140a5e8f35294c9ec0543e6916cc1f9be?s=96&d=blank&r=g","contentUrl":"https:\/\/secure.gravatar.com\/avatar\/e523100f284110b2ecca7e17b2be9cf140a5e8f35294c9ec0543e6916cc1f9be?s=96&d=blank&r=g","caption":"Conexi\u00f3n Nacional"},"sameAs":["https:\/\/conexionnacional.mx"],"url":"https:\/\/conexionnacional.mx\/index.php\/author\/administrador\/"}]}},"_links":{"self":[{"href":"https:\/\/conexionnacional.mx\/index.php\/wp-json\/wp\/v2\/posts\/9567","targetHints":{"allow":["GET"]}}],"collection":[{"href":"https:\/\/conexionnacional.mx\/index.php\/wp-json\/wp\/v2\/posts"}],"about":[{"href":"https:\/\/conexionnacional.mx\/index.php\/wp-json\/wp\/v2\/types\/post"}],"author":[{"embeddable":true,"href":"https:\/\/conexionnacional.mx\/index.php\/wp-json\/wp\/v2\/users\/1"}],"replies":[{"embeddable":true,"href":"https:\/\/conexionnacional.mx\/index.php\/wp-json\/wp\/v2\/comments?post=9567"}],"version-history":[{"count":1,"href":"https:\/\/conexionnacional.mx\/index.php\/wp-json\/wp\/v2\/posts\/9567\/revisions"}],"predecessor-version":[{"id":9569,"href":"https:\/\/conexionnacional.mx\/index.php\/wp-json\/wp\/v2\/posts\/9567\/revisions\/9569"}],"wp:featuredmedia":[{"embeddable":true,"href":"https:\/\/conexionnacional.mx\/index.php\/wp-json\/wp\/v2\/media\/9568"}],"wp:attachment":[{"href":"https:\/\/conexionnacional.mx\/index.php\/wp-json\/wp\/v2\/media?parent=9567"}],"wp:term":[{"taxonomy":"category","embeddable":true,"href":"https:\/\/conexionnacional.mx\/index.php\/wp-json\/wp\/v2\/categories?post=9567"},{"taxonomy":"post_tag","embeddable":true,"href":"https:\/\/conexionnacional.mx\/index.php\/wp-json\/wp\/v2\/tags?post=9567"}],"curies":[{"name":"wp","href":"https:\/\/api.w.org\/{rel}","templated":true}]}}