{"id":9562,"date":"2023-02-22T12:13:56","date_gmt":"2023-02-22T18:13:56","guid":{"rendered":"https:\/\/conexionnacional.mx\/?p=9562"},"modified":"2023-02-22T12:13:56","modified_gmt":"2023-02-22T18:13:56","slug":"dia-del-agronomo","status":"publish","type":"post","link":"https:\/\/conexionnacional.mx\/index.php\/2023\/02\/22\/dia-del-agronomo\/","title":{"rendered":"<strong>Hoy celebramos a los cient\u00edficos del campo mexicano, es D\u00eda del Agr\u00f3nomo<\/strong>"},"content":{"rendered":"\n<p>Por: <a href=\"https:\/\/www.cydnoticias.mx\/2023\/02\/22\/dia-del-agronomo\/\">Dulce Garc\u00eda | cydnoticias.mx<\/a> &nbsp; |<\/p>\n\n\n\n<p>Este <strong>22 de febrero se celebra el D\u00eda del Agr\u00f3nomo<\/strong>, fecha que enaltece la labor de los profesionales e<strong>n las ciencias aplicadas al campo<\/strong>, quienes favorecen los procesos de producci\u00f3n de alimentos agr\u00edcolas para los mexicanos.&nbsp;<\/p>\n\n\n<div class=\"wp-block-image\">\n<figure class=\"aligncenter is-resized\"><img decoding=\"async\" src=\"data:image\/gif;base64,R0lGODlhAQABAAAAACH5BAEKAAEALAAAAAABAAEAAAICTAEAOw==\" data-src=\"https:\/\/lh5.googleusercontent.com\/_4ygT3LQDM7uq43EgIwhTUjvcyGQfIAhfJ4XdRn4ObidaLqfGIhHM7Y08tkmtTGpMPO-fJGSBTCH_UalVK6__eRNJi-HTjmHu1E8_hOFXPqy6jEXXmdiDO6x9p-1d6EajSvxTzrkdVAmMEJcbNz9ER0\" alt=\"\" class=\"lazyload\" width=\"600\"\/><\/figure>\n<\/div>\n\n\n<p>Asimismo, est\u00e1 fecha reconoce la fundaci\u00f3n en M\u00e9xico la primera universidad dedicada al campo, la Escuela Nacional de Agricultura, hoy conocida como la Universidad Aut\u00f3noma Chapingo.<\/p>\n\n\n\n<figure class=\"wp-block-embed is-type-rich is-provider-twitter wp-block-embed-twitter\"><div class=\"wp-block-embed__wrapper\">\n<blockquote class=\"twitter-tweet\" data-width=\"550\" data-dnt=\"true\"><p lang=\"es\" dir=\"ltr\"><a href=\"https:\/\/twitter.com\/hashtag\/Efem%C3%A9ride?src=hash&amp;ref_src=twsrc%5Etfw\">#Efem\u00e9ride<\/a> | Fundaci\u00f3n de la Escuela Nacional de Agricultura <br><br>El 22 de febrero de 1854, se fund\u00f3 la primera universidad dedicada a la agricultura, la Escuela Nacional de Agricultura -antecesora de la Universidad Aut\u00f3noma Chapingo- en el Convento de San Jacinto.<a href=\"https:\/\/twitter.com\/hashtag\/INAHVirtual?src=hash&amp;ref_src=twsrc%5Etfw\">#INAHVirtual<\/a> <a href=\"https:\/\/t.co\/eCYYouKS8p\">pic.twitter.com\/eCYYouKS8p<\/a><\/p>&mdash; INAH (@INAHmx) <a href=\"https:\/\/twitter.com\/INAHmx\/status\/1628421029381959683?ref_src=twsrc%5Etfw\">February 22, 2023<\/a><\/blockquote><script async src=\"https:\/\/platform.twitter.com\/widgets.js\" charset=\"utf-8\"><\/script>\n<\/div><\/figure>\n\n\n\n<p>M\u00e9xico es una de las cunas de la agricultura mesoamericana, donde se domesticaron varias plantas como ma\u00edz, frijol, chile, calabaza, cacao, entre otros alimentos.<\/p>\n\n\n\n<figure class=\"wp-block-embed is-type-rich is-provider-twitter wp-block-embed-twitter\"><div class=\"wp-block-embed__wrapper\">\n<blockquote class=\"twitter-tweet\" data-width=\"550\" data-dnt=\"true\"><p lang=\"es\" dir=\"ltr\">Una chinampa es un m\u00e9todo mesoamericano antiguo de agricultura y expansi\u00f3n territorial que, a trav\u00e9s de una especie de balsas cubiertas con tierra, sirvieron para cultivar flores y verduras, as\u00ed como para ampliar el territorio (&#8230;) <a href=\"https:\/\/t.co\/daPHw5N9WT\">pic.twitter.com\/daPHw5N9WT<\/a><\/p>&mdash; Arqueolog\u00eda de Caj\u00f3n (@Abel_MenaHis) <a href=\"https:\/\/twitter.com\/Abel_MenaHis\/status\/1308129580956504066?ref_src=twsrc%5Etfw\">September 21, 2020<\/a><\/blockquote><script async src=\"https:\/\/platform.twitter.com\/widgets.js\" charset=\"utf-8\"><\/script>\n<\/div><\/figure>\n\n\n\n<p>La combinaci\u00f3n de la agricultura y el desarrollo de la misma, dieron como fruto la necesidad de profesionales expertos en ciencias agr\u00edcolas, cuyas aportaciones generan un campo m\u00e1s productivo, sustentable y exitoso.<\/p>\n\n\n<div class=\"wp-block-image\">\n<figure class=\"aligncenter is-resized\"><img decoding=\"async\" src=\"data:image\/gif;base64,R0lGODlhAQABAAAAACH5BAEKAAEALAAAAAABAAEAAAICTAEAOw==\" data-src=\"https:\/\/lh4.googleusercontent.com\/I2VE9913dJcELxAWMmsrLcCHGIu801DgN29UTxr-cIjcBSniJvnhjdjLVQDIcguK28xxzmALbtNusC8BFYFrb3AOIinsN06QVkZfA9fe98B6vFvjEVJcm708KvV7DOf-KeujePdwypr5a4iCY9Wcp1k\" alt=\"\" class=\"lazyload\" width=\"600\"\/><\/figure>\n<\/div>\n\n\n<p>Una de las necesidades b\u00e1sicas del mexicano es tener una alimentaci\u00f3n m\u00e1s sana y balanceada, y producir estos alimentos es una de las principales funciones de estos profesionales.<\/p>\n\n\n\n<figure class=\"wp-block-embed is-type-rich is-provider-twitter wp-block-embed-twitter\"><div class=\"wp-block-embed__wrapper\">\n<blockquote class=\"twitter-tweet\" data-width=\"550\" data-dnt=\"true\"><p lang=\"es\" dir=\"ltr\">En el <a href=\"https:\/\/twitter.com\/hashtag\/CampoMexicano?src=hash&amp;ref_src=twsrc%5Etfw\">#CampoMexicano<\/a>, la diversidad es nuestra fortaleza. Con una gran variedad de cultivos y t\u00e9cnicas agr\u00edcolas, los <a href=\"https:\/\/twitter.com\/hashtag\/H%C3%A9roesDeLaAlimentaci%C3%B3n?src=hash&amp;ref_src=twsrc%5Etfw\">#H\u00e9roesDeLaAlimentaci\u00f3n<\/a> contribuyen a la seguridad alimentaria de las y los mexicanos. <a href=\"https:\/\/t.co\/GovY9Dlh1v\">pic.twitter.com\/GovY9Dlh1v<\/a><\/p>&mdash; SEGALMEX (@Segalmex_Mex) <a href=\"https:\/\/twitter.com\/Segalmex_Mex\/status\/1628443723171241985?ref_src=twsrc%5Etfw\">February 22, 2023<\/a><\/blockquote><script async src=\"https:\/\/platform.twitter.com\/widgets.js\" charset=\"utf-8\"><\/script>\n<\/div><\/figure>\n\n\n\n<p>Con Informaci\u00f3n de <a href=\"https:\/\/www.cydnoticias.mx\/\">Claro y Directo Mx\u00ae<\/a><\/p>\n","protected":false},"excerpt":{"rendered":"<p>Por: Dulce Garc\u00eda | cydnoticias.mx &nbsp; | Este 22 de febrero se celebra el D\u00eda del Agr\u00f3nomo, fecha que enaltece la labor de los profesionales en las ciencias aplicadas al campo, quienes favorecen los procesos de producci\u00f3n de alimentos agr\u00edcolas para los mexicanos.&nbsp; Asimismo, est\u00e1 fecha reconoce la fundaci\u00f3n en M\u00e9xico la primera universidad dedicada [&hellip;]<\/p>\n","protected":false},"author":1,"featured_media":9563,"comment_status":"closed","ping_status":"closed","sticky":false,"template":"","format":"aside","meta":{"googlesitekit_rrm_CAowytPeCw:productID":"","footnotes":""},"categories":[3],"tags":[329,4301,3203],"class_list":["post-9562","post","type-post","status-publish","format-aside","has-post-thumbnail","hentry","category-nacional","tag-agricultura","tag-agronomos","tag-dia-nacional","post_format-post-format-aside"],"yoast_head":"<!-- This site is optimized with the Yoast SEO plugin v27.5 - https:\/\/yoast.com\/product\/yoast-seo-wordpress\/ -->\n<title>Hoy celebramos a los cient\u00edficos del campo mexicano, es D\u00eda del Agr\u00f3nomo |<\/title>\n<meta name=\"description\" content=\"Este 22 de febrero se celebra el D\u00eda del Agr\u00f3nomo, fecha que enaltece la labor de los profesionales en las ciencias aplicadas al campo...\" \/>\n<meta name=\"robots\" content=\"index, follow, max-snippet:-1, max-image-preview:large, max-video-preview:-1\" \/>\n<link rel=\"canonical\" href=\"https:\/\/conexionnacional.mx\/index.php\/2023\/02\/22\/dia-del-agronomo\/\" \/>\n<meta property=\"og:locale\" content=\"es_MX\" \/>\n<meta property=\"og:type\" content=\"article\" \/>\n<meta property=\"og:title\" content=\"Hoy celebramos a los cient\u00edficos del campo mexicano, es D\u00eda del Agr\u00f3nomo |\" \/>\n<meta property=\"og:description\" content=\"Este 22 de febrero se celebra el D\u00eda del Agr\u00f3nomo, fecha que enaltece la labor de los profesionales en las ciencias aplicadas al campo...\" \/>\n<meta property=\"og:url\" content=\"https:\/\/conexionnacional.mx\/index.php\/2023\/02\/22\/dia-del-agronomo\/\" \/>\n<meta property=\"og:site_name\" content=\"Conexi\u00f3n Nacional\" \/>\n<meta property=\"article:publisher\" content=\"https:\/\/www.facebook.com\/cnmxradio\" \/>\n<meta property=\"article:published_time\" content=\"2023-02-22T18:13:56+00:00\" \/>\n<meta property=\"og:image\" content=\"https:\/\/conexionnacional.mx\/wp-content\/uploads\/2023\/02\/Dia-del-Agronomo-CN.jpg\" \/>\n\t<meta property=\"og:image:width\" content=\"1000\" \/>\n\t<meta property=\"og:image:height\" content=\"600\" \/>\n\t<meta property=\"og:image:type\" content=\"image\/jpeg\" \/>\n<meta name=\"author\" content=\"Conexi\u00f3n Nacional\" \/>\n<meta name=\"twitter:card\" content=\"summary_large_image\" \/>\n<meta name=\"twitter:label1\" content=\"Escrito por\" \/>\n\t<meta name=\"twitter:data1\" content=\"Conexi\u00f3n Nacional\" \/>\n\t<meta name=\"twitter:label2\" content=\"Tiempo de lectura\" \/>\n\t<meta name=\"twitter:data2\" content=\"2 minutos\" \/>\n<script type=\"application\/ld+json\" class=\"yoast-schema-graph\">{\"@context\":\"https:\\\/\\\/schema.org\",\"@graph\":[{\"@type\":\"Article\",\"@id\":\"https:\\\/\\\/conexionnacional.mx\\\/index.php\\\/2023\\\/02\\\/22\\\/dia-del-agronomo\\\/#article\",\"isPartOf\":{\"@id\":\"https:\\\/\\\/conexionnacional.mx\\\/index.php\\\/2023\\\/02\\\/22\\\/dia-del-agronomo\\\/\"},\"author\":{\"name\":\"Conexi\u00f3n Nacional\",\"@id\":\"https:\\\/\\\/conexionnacional.mx\\\/#\\\/schema\\\/person\\\/dd14aeda902120f5e0e021903fdb6931\"},\"headline\":\"Hoy celebramos a los cient\u00edficos del campo mexicano, es D\u00eda del Agr\u00f3nomo\",\"datePublished\":\"2023-02-22T18:13:56+00:00\",\"mainEntityOfPage\":{\"@id\":\"https:\\\/\\\/conexionnacional.mx\\\/index.php\\\/2023\\\/02\\\/22\\\/dia-del-agronomo\\\/\"},\"wordCount\":230,\"publisher\":{\"@id\":\"https:\\\/\\\/conexionnacional.mx\\\/#organization\"},\"image\":{\"@id\":\"https:\\\/\\\/conexionnacional.mx\\\/index.php\\\/2023\\\/02\\\/22\\\/dia-del-agronomo\\\/#primaryimage\"},\"thumbnailUrl\":\"https:\\\/\\\/conexionnacional.mx\\\/wp-content\\\/uploads\\\/2023\\\/02\\\/Dia-del-Agronomo-CN.jpg\",\"keywords\":[\"agricultura\",\"Agr\u00f3nomos\",\"D\u00eda Nacional\"],\"articleSection\":[\"Nacional\"],\"inLanguage\":\"es\"},{\"@type\":\"WebPage\",\"@id\":\"https:\\\/\\\/conexionnacional.mx\\\/index.php\\\/2023\\\/02\\\/22\\\/dia-del-agronomo\\\/\",\"url\":\"https:\\\/\\\/conexionnacional.mx\\\/index.php\\\/2023\\\/02\\\/22\\\/dia-del-agronomo\\\/\",\"name\":\"Hoy celebramos a los cient\u00edficos del campo mexicano, es D\u00eda del Agr\u00f3nomo |\",\"isPartOf\":{\"@id\":\"https:\\\/\\\/conexionnacional.mx\\\/#website\"},\"primaryImageOfPage\":{\"@id\":\"https:\\\/\\\/conexionnacional.mx\\\/index.php\\\/2023\\\/02\\\/22\\\/dia-del-agronomo\\\/#primaryimage\"},\"image\":{\"@id\":\"https:\\\/\\\/conexionnacional.mx\\\/index.php\\\/2023\\\/02\\\/22\\\/dia-del-agronomo\\\/#primaryimage\"},\"thumbnailUrl\":\"https:\\\/\\\/conexionnacional.mx\\\/wp-content\\\/uploads\\\/2023\\\/02\\\/Dia-del-Agronomo-CN.jpg\",\"datePublished\":\"2023-02-22T18:13:56+00:00\",\"description\":\"Este 22 de febrero se celebra el D\u00eda del Agr\u00f3nomo, fecha que enaltece la labor de los profesionales en las ciencias aplicadas al campo...\",\"breadcrumb\":{\"@id\":\"https:\\\/\\\/conexionnacional.mx\\\/index.php\\\/2023\\\/02\\\/22\\\/dia-del-agronomo\\\/#breadcrumb\"},\"inLanguage\":\"es\",\"potentialAction\":[{\"@type\":\"ReadAction\",\"target\":[\"https:\\\/\\\/conexionnacional.mx\\\/index.php\\\/2023\\\/02\\\/22\\\/dia-del-agronomo\\\/\"]}]},{\"@type\":\"ImageObject\",\"inLanguage\":\"es\",\"@id\":\"https:\\\/\\\/conexionnacional.mx\\\/index.php\\\/2023\\\/02\\\/22\\\/dia-del-agronomo\\\/#primaryimage\",\"url\":\"https:\\\/\\\/conexionnacional.mx\\\/wp-content\\\/uploads\\\/2023\\\/02\\\/Dia-del-Agronomo-CN.jpg\",\"contentUrl\":\"https:\\\/\\\/conexionnacional.mx\\\/wp-content\\\/uploads\\\/2023\\\/02\\\/Dia-del-Agronomo-CN.jpg\",\"width\":1000,\"height\":600,\"caption\":\"Hoy celebramos a los cient\u00edficos del campo mexicano, es D\u00eda del Agr\u00f3nomo\"},{\"@type\":\"BreadcrumbList\",\"@id\":\"https:\\\/\\\/conexionnacional.mx\\\/index.php\\\/2023\\\/02\\\/22\\\/dia-del-agronomo\\\/#breadcrumb\",\"itemListElement\":[{\"@type\":\"ListItem\",\"position\":1,\"name\":\"Inicio\",\"item\":\"https:\\\/\\\/conexionnacional.mx\\\/\"},{\"@type\":\"ListItem\",\"position\":2,\"name\":\"Hoy celebramos a los cient\u00edficos del campo mexicano, es D\u00eda del Agr\u00f3nomo\"}]},{\"@type\":\"WebSite\",\"@id\":\"https:\\\/\\\/conexionnacional.mx\\\/#website\",\"url\":\"https:\\\/\\\/conexionnacional.mx\\\/\",\"name\":\"Conexi\u00f3n Nacional\",\"description\":\"Noticias al momento\",\"publisher\":{\"@id\":\"https:\\\/\\\/conexionnacional.mx\\\/#organization\"},\"alternateName\":\"Noticias nacionales\",\"potentialAction\":[{\"@type\":\"SearchAction\",\"target\":{\"@type\":\"EntryPoint\",\"urlTemplate\":\"https:\\\/\\\/conexionnacional.mx\\\/?s={search_term_string}\"},\"query-input\":{\"@type\":\"PropertyValueSpecification\",\"valueRequired\":true,\"valueName\":\"search_term_string\"}}],\"inLanguage\":\"es\"},{\"@type\":\"Organization\",\"@id\":\"https:\\\/\\\/conexionnacional.mx\\\/#organization\",\"name\":\"Conexi\u00f3n Nacional\",\"url\":\"https:\\\/\\\/conexionnacional.mx\\\/\",\"logo\":{\"@type\":\"ImageObject\",\"inLanguage\":\"es\",\"@id\":\"https:\\\/\\\/conexionnacional.mx\\\/#\\\/schema\\\/logo\\\/image\\\/\",\"url\":\"https:\\\/\\\/conexionnacional.mx\\\/wp-content\\\/uploads\\\/2022\\\/09\\\/conexion_nacional.png\",\"contentUrl\":\"https:\\\/\\\/conexionnacional.mx\\\/wp-content\\\/uploads\\\/2022\\\/09\\\/conexion_nacional.png\",\"width\":2964,\"height\":1173,\"caption\":\"Conexi\u00f3n Nacional\"},\"image\":{\"@id\":\"https:\\\/\\\/conexionnacional.mx\\\/#\\\/schema\\\/logo\\\/image\\\/\"},\"sameAs\":[\"https:\\\/\\\/www.facebook.com\\\/cnmxradio\"]},{\"@type\":\"Person\",\"@id\":\"https:\\\/\\\/conexionnacional.mx\\\/#\\\/schema\\\/person\\\/dd14aeda902120f5e0e021903fdb6931\",\"name\":\"Conexi\u00f3n Nacional\",\"image\":{\"@type\":\"ImageObject\",\"inLanguage\":\"es\",\"@id\":\"https:\\\/\\\/secure.gravatar.com\\\/avatar\\\/e523100f284110b2ecca7e17b2be9cf140a5e8f35294c9ec0543e6916cc1f9be?s=96&d=blank&r=g\",\"url\":\"https:\\\/\\\/secure.gravatar.com\\\/avatar\\\/e523100f284110b2ecca7e17b2be9cf140a5e8f35294c9ec0543e6916cc1f9be?s=96&d=blank&r=g\",\"contentUrl\":\"https:\\\/\\\/secure.gravatar.com\\\/avatar\\\/e523100f284110b2ecca7e17b2be9cf140a5e8f35294c9ec0543e6916cc1f9be?s=96&d=blank&r=g\",\"caption\":\"Conexi\u00f3n Nacional\"},\"sameAs\":[\"https:\\\/\\\/conexionnacional.mx\"],\"url\":\"https:\\\/\\\/conexionnacional.mx\\\/index.php\\\/author\\\/administrador\\\/\"}]}<\/script>\n<!-- \/ Yoast SEO plugin. -->","yoast_head_json":{"title":"Hoy celebramos a los cient\u00edficos del campo mexicano, es D\u00eda del Agr\u00f3nomo |","description":"Este 22 de febrero se celebra el D\u00eda del Agr\u00f3nomo, fecha que enaltece la labor de los profesionales en las ciencias aplicadas al campo...","robots":{"index":"index","follow":"follow","max-snippet":"max-snippet:-1","max-image-preview":"max-image-preview:large","max-video-preview":"max-video-preview:-1"},"canonical":"https:\/\/conexionnacional.mx\/index.php\/2023\/02\/22\/dia-del-agronomo\/","og_locale":"es_MX","og_type":"article","og_title":"Hoy celebramos a los cient\u00edficos del campo mexicano, es D\u00eda del Agr\u00f3nomo |","og_description":"Este 22 de febrero se celebra el D\u00eda del Agr\u00f3nomo, fecha que enaltece la labor de los profesionales en las ciencias aplicadas al campo...","og_url":"https:\/\/conexionnacional.mx\/index.php\/2023\/02\/22\/dia-del-agronomo\/","og_site_name":"Conexi\u00f3n Nacional","article_publisher":"https:\/\/www.facebook.com\/cnmxradio","article_published_time":"2023-02-22T18:13:56+00:00","og_image":[{"width":1000,"height":600,"url":"https:\/\/conexionnacional.mx\/wp-content\/uploads\/2023\/02\/Dia-del-Agronomo-CN.jpg","type":"image\/jpeg"}],"author":"Conexi\u00f3n Nacional","twitter_card":"summary_large_image","twitter_misc":{"Escrito por":"Conexi\u00f3n Nacional","Tiempo de lectura":"2 minutos"},"schema":{"@context":"https:\/\/schema.org","@graph":[{"@type":"Article","@id":"https:\/\/conexionnacional.mx\/index.php\/2023\/02\/22\/dia-del-agronomo\/#article","isPartOf":{"@id":"https:\/\/conexionnacional.mx\/index.php\/2023\/02\/22\/dia-del-agronomo\/"},"author":{"name":"Conexi\u00f3n Nacional","@id":"https:\/\/conexionnacional.mx\/#\/schema\/person\/dd14aeda902120f5e0e021903fdb6931"},"headline":"Hoy celebramos a los cient\u00edficos del campo mexicano, es D\u00eda del Agr\u00f3nomo","datePublished":"2023-02-22T18:13:56+00:00","mainEntityOfPage":{"@id":"https:\/\/conexionnacional.mx\/index.php\/2023\/02\/22\/dia-del-agronomo\/"},"wordCount":230,"publisher":{"@id":"https:\/\/conexionnacional.mx\/#organization"},"image":{"@id":"https:\/\/conexionnacional.mx\/index.php\/2023\/02\/22\/dia-del-agronomo\/#primaryimage"},"thumbnailUrl":"https:\/\/conexionnacional.mx\/wp-content\/uploads\/2023\/02\/Dia-del-Agronomo-CN.jpg","keywords":["agricultura","Agr\u00f3nomos","D\u00eda Nacional"],"articleSection":["Nacional"],"inLanguage":"es"},{"@type":"WebPage","@id":"https:\/\/conexionnacional.mx\/index.php\/2023\/02\/22\/dia-del-agronomo\/","url":"https:\/\/conexionnacional.mx\/index.php\/2023\/02\/22\/dia-del-agronomo\/","name":"Hoy celebramos a los cient\u00edficos del campo mexicano, es D\u00eda del Agr\u00f3nomo |","isPartOf":{"@id":"https:\/\/conexionnacional.mx\/#website"},"primaryImageOfPage":{"@id":"https:\/\/conexionnacional.mx\/index.php\/2023\/02\/22\/dia-del-agronomo\/#primaryimage"},"image":{"@id":"https:\/\/conexionnacional.mx\/index.php\/2023\/02\/22\/dia-del-agronomo\/#primaryimage"},"thumbnailUrl":"https:\/\/conexionnacional.mx\/wp-content\/uploads\/2023\/02\/Dia-del-Agronomo-CN.jpg","datePublished":"2023-02-22T18:13:56+00:00","description":"Este 22 de febrero se celebra el D\u00eda del Agr\u00f3nomo, fecha que enaltece la labor de los profesionales en las ciencias aplicadas al campo...","breadcrumb":{"@id":"https:\/\/conexionnacional.mx\/index.php\/2023\/02\/22\/dia-del-agronomo\/#breadcrumb"},"inLanguage":"es","potentialAction":[{"@type":"ReadAction","target":["https:\/\/conexionnacional.mx\/index.php\/2023\/02\/22\/dia-del-agronomo\/"]}]},{"@type":"ImageObject","inLanguage":"es","@id":"https:\/\/conexionnacional.mx\/index.php\/2023\/02\/22\/dia-del-agronomo\/#primaryimage","url":"https:\/\/conexionnacional.mx\/wp-content\/uploads\/2023\/02\/Dia-del-Agronomo-CN.jpg","contentUrl":"https:\/\/conexionnacional.mx\/wp-content\/uploads\/2023\/02\/Dia-del-Agronomo-CN.jpg","width":1000,"height":600,"caption":"Hoy celebramos a los cient\u00edficos del campo mexicano, es D\u00eda del Agr\u00f3nomo"},{"@type":"BreadcrumbList","@id":"https:\/\/conexionnacional.mx\/index.php\/2023\/02\/22\/dia-del-agronomo\/#breadcrumb","itemListElement":[{"@type":"ListItem","position":1,"name":"Inicio","item":"https:\/\/conexionnacional.mx\/"},{"@type":"ListItem","position":2,"name":"Hoy celebramos a los cient\u00edficos del campo mexicano, es D\u00eda del Agr\u00f3nomo"}]},{"@type":"WebSite","@id":"https:\/\/conexionnacional.mx\/#website","url":"https:\/\/conexionnacional.mx\/","name":"Conexi\u00f3n Nacional","description":"Noticias al momento","publisher":{"@id":"https:\/\/conexionnacional.mx\/#organization"},"alternateName":"Noticias nacionales","potentialAction":[{"@type":"SearchAction","target":{"@type":"EntryPoint","urlTemplate":"https:\/\/conexionnacional.mx\/?s={search_term_string}"},"query-input":{"@type":"PropertyValueSpecification","valueRequired":true,"valueName":"search_term_string"}}],"inLanguage":"es"},{"@type":"Organization","@id":"https:\/\/conexionnacional.mx\/#organization","name":"Conexi\u00f3n Nacional","url":"https:\/\/conexionnacional.mx\/","logo":{"@type":"ImageObject","inLanguage":"es","@id":"https:\/\/conexionnacional.mx\/#\/schema\/logo\/image\/","url":"https:\/\/conexionnacional.mx\/wp-content\/uploads\/2022\/09\/conexion_nacional.png","contentUrl":"https:\/\/conexionnacional.mx\/wp-content\/uploads\/2022\/09\/conexion_nacional.png","width":2964,"height":1173,"caption":"Conexi\u00f3n Nacional"},"image":{"@id":"https:\/\/conexionnacional.mx\/#\/schema\/logo\/image\/"},"sameAs":["https:\/\/www.facebook.com\/cnmxradio"]},{"@type":"Person","@id":"https:\/\/conexionnacional.mx\/#\/schema\/person\/dd14aeda902120f5e0e021903fdb6931","name":"Conexi\u00f3n Nacional","image":{"@type":"ImageObject","inLanguage":"es","@id":"https:\/\/secure.gravatar.com\/avatar\/e523100f284110b2ecca7e17b2be9cf140a5e8f35294c9ec0543e6916cc1f9be?s=96&d=blank&r=g","url":"https:\/\/secure.gravatar.com\/avatar\/e523100f284110b2ecca7e17b2be9cf140a5e8f35294c9ec0543e6916cc1f9be?s=96&d=blank&r=g","contentUrl":"https:\/\/secure.gravatar.com\/avatar\/e523100f284110b2ecca7e17b2be9cf140a5e8f35294c9ec0543e6916cc1f9be?s=96&d=blank&r=g","caption":"Conexi\u00f3n Nacional"},"sameAs":["https:\/\/conexionnacional.mx"],"url":"https:\/\/conexionnacional.mx\/index.php\/author\/administrador\/"}]}},"_links":{"self":[{"href":"https:\/\/conexionnacional.mx\/index.php\/wp-json\/wp\/v2\/posts\/9562","targetHints":{"allow":["GET"]}}],"collection":[{"href":"https:\/\/conexionnacional.mx\/index.php\/wp-json\/wp\/v2\/posts"}],"about":[{"href":"https:\/\/conexionnacional.mx\/index.php\/wp-json\/wp\/v2\/types\/post"}],"author":[{"embeddable":true,"href":"https:\/\/conexionnacional.mx\/index.php\/wp-json\/wp\/v2\/users\/1"}],"replies":[{"embeddable":true,"href":"https:\/\/conexionnacional.mx\/index.php\/wp-json\/wp\/v2\/comments?post=9562"}],"version-history":[{"count":1,"href":"https:\/\/conexionnacional.mx\/index.php\/wp-json\/wp\/v2\/posts\/9562\/revisions"}],"predecessor-version":[{"id":9564,"href":"https:\/\/conexionnacional.mx\/index.php\/wp-json\/wp\/v2\/posts\/9562\/revisions\/9564"}],"wp:featuredmedia":[{"embeddable":true,"href":"https:\/\/conexionnacional.mx\/index.php\/wp-json\/wp\/v2\/media\/9563"}],"wp:attachment":[{"href":"https:\/\/conexionnacional.mx\/index.php\/wp-json\/wp\/v2\/media?parent=9562"}],"wp:term":[{"taxonomy":"category","embeddable":true,"href":"https:\/\/conexionnacional.mx\/index.php\/wp-json\/wp\/v2\/categories?post=9562"},{"taxonomy":"post_tag","embeddable":true,"href":"https:\/\/conexionnacional.mx\/index.php\/wp-json\/wp\/v2\/tags?post=9562"}],"curies":[{"name":"wp","href":"https:\/\/api.w.org\/{rel}","templated":true}]}}