{"id":9093,"date":"2023-02-15T15:00:00","date_gmt":"2023-02-15T21:00:00","guid":{"rendered":"https:\/\/conexionnacional.mx\/?p=9093"},"modified":"2023-02-15T15:05:03","modified_gmt":"2023-02-15T21:05:03","slug":"huevo-esta-en-las-nubes","status":"publish","type":"post","link":"https:\/\/conexionnacional.mx\/index.php\/2023\/02\/15\/huevo-esta-en-las-nubes\/","title":{"rendered":"<strong>\u00bfPor qu\u00e9 el precio del huevo est\u00e1 en las nubes?<\/strong>"},"content":{"rendered":"\n<p>Por: <a href=\"https:\/\/californiamedios.com\/por-que-el-precio-del-huevo-esta-en-las-nubes\/\">californiamedios.com<\/a> |<\/p>\n\n\n\n<p>El<strong> incremento en el precio del huevo<\/strong> ha comenzado a afectar el bolsillo de las familias mexicanas, pues <strong>al ser un producto de la canasta b\u00e1sica es indispensable que su costo se mantenga estable<\/strong>, sin embargo, en las <strong>\u00faltimas semanas se ha ido al alza.<\/strong><\/p>\n\n\n\n<p>Y <strong>es que este alimento esencial en la dieta de los mexicanos<\/strong> no puede faltar, e incluso est\u00e1 presente ya sea en el desayuno, comida o cena, ya que gracias a su alto nivel de nutrientes lo hacen <strong>un producto indispensable.<\/strong><\/p>\n\n\n\n<p>El hecho que su precio se haya disparado ocasiona incertidumbre entre los consumidores, sin embargo, existen una serie de factores por la que su costo se haya ido a las nubes.<\/p>\n\n\n\n<p><strong>El precio del huevo aumento en promedio un 25 por ciento al t\u00e9rmino de 2022<\/strong>, y a inicios de este 2023 ha sido posible verlo en los aparadores con costos que <strong>oscilan entre 35 y 40 pesos el kilo.<\/strong><\/p>\n\n\n\n<p><strong>\u00bfPor qu\u00e9 se dispar\u00f3 el precio del huevo?<\/strong><\/p>\n\n\n\n<p><strong>La gripe aviar es uno de los principales motivos del incremento<\/strong> en el costo del huevo, ya que, <strong>debido al virus que provoca esta enfermedad 60 millones de aves fueron sacrificadas en Estados Unidos.<\/strong><\/p>\n\n\n\n<p>Con esta medida se buscaba limpiar la producci\u00f3n, sin embrago, afect\u00f3 directamente al gremio productor, por lo que ese pa\u00eds tambi\u00e9n se registra un alto incremento en el costo de huevo.<\/p>\n\n\n\n<p>Mientras que, en M\u00e9xico, de acuerdo con la Alianza Nacional de Peque\u00f1os Comerciantes (ANPEC), <strong>se suma, adem\u00e1s la inflaci\u00f3n<\/strong> que existe en el pa\u00eds <strong>que cerr\u00f3 enero en 7.91 por ciento anual.<\/strong><\/p>\n\n\n\n<p><strong>Tambi\u00e9n se atribuye a la inseguridad que azota a las carreteras<\/strong>, y que <strong>complica el traslado<\/strong> de este alimento a las ciudades y poblaciones.<\/p>\n\n\n\n<p>Con informaci\u00f3n de <a href=\"https:\/\/californiamedios.com\/\">California Medios<\/a><\/p>\n","protected":false},"excerpt":{"rendered":"<p>Por: californiamedios.com | El incremento en el precio del huevo ha comenzado a afectar el bolsillo de las familias mexicanas, pues al ser un producto de la canasta b\u00e1sica es indispensable que su costo se mantenga estable, sin embargo, en las \u00faltimas semanas se ha ido al alza. Y es que este alimento esencial en [&hellip;]<\/p>\n","protected":false},"author":1,"featured_media":9094,"comment_status":"closed","ping_status":"closed","sticky":false,"template":"","format":"aside","meta":{"googlesitekit_rrm_CAowytPeCw:productID":"","footnotes":""},"categories":[27],"tags":[481,2957,1124,330],"class_list":["post-9093","post","type-post","status-publish","format-aside","has-post-thumbnail","hentry","category-mi-dinero","tag-canasta-basica","tag-huevo","tag-incremento","tag-precio","post_format-post-format-aside"],"yoast_head":"<!-- This site is optimized with the Yoast SEO plugin v27.5 - https:\/\/yoast.com\/product\/yoast-seo-wordpress\/ -->\n<title>\u00bfPor qu\u00e9 el precio del huevo est\u00e1 en las nubes? |<\/title>\n<meta name=\"description\" content=\"El incremento ha comenzado a afectar el bolsillo de las familias mexicanas, pues al ser un producto de la canasta b\u00e1sica es indispensable\" \/>\n<meta name=\"robots\" content=\"index, follow, max-snippet:-1, max-image-preview:large, max-video-preview:-1\" \/>\n<link rel=\"canonical\" href=\"https:\/\/conexionnacional.mx\/index.php\/2023\/02\/15\/huevo-esta-en-las-nubes\/\" \/>\n<meta property=\"og:locale\" content=\"es_MX\" \/>\n<meta property=\"og:type\" content=\"article\" \/>\n<meta property=\"og:title\" content=\"\u00bfPor qu\u00e9 el precio del huevo est\u00e1 en las nubes? |\" \/>\n<meta property=\"og:description\" content=\"El incremento ha comenzado a afectar el bolsillo de las familias mexicanas, pues al ser un producto de la canasta b\u00e1sica es indispensable\" \/>\n<meta property=\"og:url\" content=\"https:\/\/conexionnacional.mx\/index.php\/2023\/02\/15\/huevo-esta-en-las-nubes\/\" \/>\n<meta property=\"og:site_name\" content=\"Conexi\u00f3n Nacional\" \/>\n<meta property=\"article:publisher\" content=\"https:\/\/www.facebook.com\/cnmxradio\" \/>\n<meta property=\"article:published_time\" content=\"2023-02-15T21:00:00+00:00\" \/>\n<meta property=\"article:modified_time\" content=\"2023-02-15T21:05:03+00:00\" \/>\n<meta property=\"og:image\" content=\"https:\/\/conexionnacional.mx\/wp-content\/uploads\/2023\/02\/Huevo-esta-en-las-nubes-CN.jpg\" \/>\n\t<meta property=\"og:image:width\" content=\"1000\" \/>\n\t<meta property=\"og:image:height\" content=\"600\" \/>\n\t<meta property=\"og:image:type\" content=\"image\/jpeg\" \/>\n<meta name=\"author\" content=\"Conexi\u00f3n Nacional\" \/>\n<meta name=\"twitter:card\" content=\"summary_large_image\" \/>\n<meta name=\"twitter:label1\" content=\"Escrito por\" \/>\n\t<meta name=\"twitter:data1\" content=\"Conexi\u00f3n Nacional\" \/>\n\t<meta name=\"twitter:label2\" content=\"Tiempo de lectura\" \/>\n\t<meta name=\"twitter:data2\" content=\"2 minutos\" \/>\n<script type=\"application\/ld+json\" class=\"yoast-schema-graph\">{\"@context\":\"https:\\\/\\\/schema.org\",\"@graph\":[{\"@type\":\"Article\",\"@id\":\"https:\\\/\\\/conexionnacional.mx\\\/index.php\\\/2023\\\/02\\\/15\\\/huevo-esta-en-las-nubes\\\/#article\",\"isPartOf\":{\"@id\":\"https:\\\/\\\/conexionnacional.mx\\\/index.php\\\/2023\\\/02\\\/15\\\/huevo-esta-en-las-nubes\\\/\"},\"author\":{\"name\":\"Conexi\u00f3n Nacional\",\"@id\":\"https:\\\/\\\/conexionnacional.mx\\\/#\\\/schema\\\/person\\\/dd14aeda902120f5e0e021903fdb6931\"},\"headline\":\"\u00bfPor qu\u00e9 el precio del huevo est\u00e1 en las nubes?\",\"datePublished\":\"2023-02-15T21:00:00+00:00\",\"dateModified\":\"2023-02-15T21:05:03+00:00\",\"mainEntityOfPage\":{\"@id\":\"https:\\\/\\\/conexionnacional.mx\\\/index.php\\\/2023\\\/02\\\/15\\\/huevo-esta-en-las-nubes\\\/\"},\"wordCount\":308,\"publisher\":{\"@id\":\"https:\\\/\\\/conexionnacional.mx\\\/#organization\"},\"image\":{\"@id\":\"https:\\\/\\\/conexionnacional.mx\\\/index.php\\\/2023\\\/02\\\/15\\\/huevo-esta-en-las-nubes\\\/#primaryimage\"},\"thumbnailUrl\":\"https:\\\/\\\/conexionnacional.mx\\\/wp-content\\\/uploads\\\/2023\\\/02\\\/Huevo-esta-en-las-nubes-CN.jpg\",\"keywords\":[\"canasta b\u00e1sica\",\"huevo\",\"Incremento\",\"precio\"],\"articleSection\":[\"Mi Dinero\"],\"inLanguage\":\"es\"},{\"@type\":\"WebPage\",\"@id\":\"https:\\\/\\\/conexionnacional.mx\\\/index.php\\\/2023\\\/02\\\/15\\\/huevo-esta-en-las-nubes\\\/\",\"url\":\"https:\\\/\\\/conexionnacional.mx\\\/index.php\\\/2023\\\/02\\\/15\\\/huevo-esta-en-las-nubes\\\/\",\"name\":\"\u00bfPor qu\u00e9 el precio del huevo est\u00e1 en las nubes? |\",\"isPartOf\":{\"@id\":\"https:\\\/\\\/conexionnacional.mx\\\/#website\"},\"primaryImageOfPage\":{\"@id\":\"https:\\\/\\\/conexionnacional.mx\\\/index.php\\\/2023\\\/02\\\/15\\\/huevo-esta-en-las-nubes\\\/#primaryimage\"},\"image\":{\"@id\":\"https:\\\/\\\/conexionnacional.mx\\\/index.php\\\/2023\\\/02\\\/15\\\/huevo-esta-en-las-nubes\\\/#primaryimage\"},\"thumbnailUrl\":\"https:\\\/\\\/conexionnacional.mx\\\/wp-content\\\/uploads\\\/2023\\\/02\\\/Huevo-esta-en-las-nubes-CN.jpg\",\"datePublished\":\"2023-02-15T21:00:00+00:00\",\"dateModified\":\"2023-02-15T21:05:03+00:00\",\"description\":\"El incremento ha comenzado a afectar el bolsillo de las familias mexicanas, pues al ser un producto de la canasta b\u00e1sica es indispensable\",\"breadcrumb\":{\"@id\":\"https:\\\/\\\/conexionnacional.mx\\\/index.php\\\/2023\\\/02\\\/15\\\/huevo-esta-en-las-nubes\\\/#breadcrumb\"},\"inLanguage\":\"es\",\"potentialAction\":[{\"@type\":\"ReadAction\",\"target\":[\"https:\\\/\\\/conexionnacional.mx\\\/index.php\\\/2023\\\/02\\\/15\\\/huevo-esta-en-las-nubes\\\/\"]}]},{\"@type\":\"ImageObject\",\"inLanguage\":\"es\",\"@id\":\"https:\\\/\\\/conexionnacional.mx\\\/index.php\\\/2023\\\/02\\\/15\\\/huevo-esta-en-las-nubes\\\/#primaryimage\",\"url\":\"https:\\\/\\\/conexionnacional.mx\\\/wp-content\\\/uploads\\\/2023\\\/02\\\/Huevo-esta-en-las-nubes-CN.jpg\",\"contentUrl\":\"https:\\\/\\\/conexionnacional.mx\\\/wp-content\\\/uploads\\\/2023\\\/02\\\/Huevo-esta-en-las-nubes-CN.jpg\",\"width\":1000,\"height\":600,\"caption\":\"huevo en las nubes\"},{\"@type\":\"BreadcrumbList\",\"@id\":\"https:\\\/\\\/conexionnacional.mx\\\/index.php\\\/2023\\\/02\\\/15\\\/huevo-esta-en-las-nubes\\\/#breadcrumb\",\"itemListElement\":[{\"@type\":\"ListItem\",\"position\":1,\"name\":\"Inicio\",\"item\":\"https:\\\/\\\/conexionnacional.mx\\\/\"},{\"@type\":\"ListItem\",\"position\":2,\"name\":\"\u00bfPor qu\u00e9 el precio del huevo est\u00e1 en las nubes?\"}]},{\"@type\":\"WebSite\",\"@id\":\"https:\\\/\\\/conexionnacional.mx\\\/#website\",\"url\":\"https:\\\/\\\/conexionnacional.mx\\\/\",\"name\":\"Conexi\u00f3n Nacional\",\"description\":\"Noticias al momento\",\"publisher\":{\"@id\":\"https:\\\/\\\/conexionnacional.mx\\\/#organization\"},\"alternateName\":\"Noticias nacionales\",\"potentialAction\":[{\"@type\":\"SearchAction\",\"target\":{\"@type\":\"EntryPoint\",\"urlTemplate\":\"https:\\\/\\\/conexionnacional.mx\\\/?s={search_term_string}\"},\"query-input\":{\"@type\":\"PropertyValueSpecification\",\"valueRequired\":true,\"valueName\":\"search_term_string\"}}],\"inLanguage\":\"es\"},{\"@type\":\"Organization\",\"@id\":\"https:\\\/\\\/conexionnacional.mx\\\/#organization\",\"name\":\"Conexi\u00f3n Nacional\",\"url\":\"https:\\\/\\\/conexionnacional.mx\\\/\",\"logo\":{\"@type\":\"ImageObject\",\"inLanguage\":\"es\",\"@id\":\"https:\\\/\\\/conexionnacional.mx\\\/#\\\/schema\\\/logo\\\/image\\\/\",\"url\":\"https:\\\/\\\/conexionnacional.mx\\\/wp-content\\\/uploads\\\/2022\\\/09\\\/conexion_nacional.png\",\"contentUrl\":\"https:\\\/\\\/conexionnacional.mx\\\/wp-content\\\/uploads\\\/2022\\\/09\\\/conexion_nacional.png\",\"width\":2964,\"height\":1173,\"caption\":\"Conexi\u00f3n Nacional\"},\"image\":{\"@id\":\"https:\\\/\\\/conexionnacional.mx\\\/#\\\/schema\\\/logo\\\/image\\\/\"},\"sameAs\":[\"https:\\\/\\\/www.facebook.com\\\/cnmxradio\"]},{\"@type\":\"Person\",\"@id\":\"https:\\\/\\\/conexionnacional.mx\\\/#\\\/schema\\\/person\\\/dd14aeda902120f5e0e021903fdb6931\",\"name\":\"Conexi\u00f3n Nacional\",\"image\":{\"@type\":\"ImageObject\",\"inLanguage\":\"es\",\"@id\":\"https:\\\/\\\/secure.gravatar.com\\\/avatar\\\/e523100f284110b2ecca7e17b2be9cf140a5e8f35294c9ec0543e6916cc1f9be?s=96&d=blank&r=g\",\"url\":\"https:\\\/\\\/secure.gravatar.com\\\/avatar\\\/e523100f284110b2ecca7e17b2be9cf140a5e8f35294c9ec0543e6916cc1f9be?s=96&d=blank&r=g\",\"contentUrl\":\"https:\\\/\\\/secure.gravatar.com\\\/avatar\\\/e523100f284110b2ecca7e17b2be9cf140a5e8f35294c9ec0543e6916cc1f9be?s=96&d=blank&r=g\",\"caption\":\"Conexi\u00f3n Nacional\"},\"sameAs\":[\"https:\\\/\\\/conexionnacional.mx\"],\"url\":\"https:\\\/\\\/conexionnacional.mx\\\/index.php\\\/author\\\/administrador\\\/\"}]}<\/script>\n<!-- \/ Yoast SEO plugin. -->","yoast_head_json":{"title":"\u00bfPor qu\u00e9 el precio del huevo est\u00e1 en las nubes? |","description":"El incremento ha comenzado a afectar el bolsillo de las familias mexicanas, pues al ser un producto de la canasta b\u00e1sica es indispensable","robots":{"index":"index","follow":"follow","max-snippet":"max-snippet:-1","max-image-preview":"max-image-preview:large","max-video-preview":"max-video-preview:-1"},"canonical":"https:\/\/conexionnacional.mx\/index.php\/2023\/02\/15\/huevo-esta-en-las-nubes\/","og_locale":"es_MX","og_type":"article","og_title":"\u00bfPor qu\u00e9 el precio del huevo est\u00e1 en las nubes? |","og_description":"El incremento ha comenzado a afectar el bolsillo de las familias mexicanas, pues al ser un producto de la canasta b\u00e1sica es indispensable","og_url":"https:\/\/conexionnacional.mx\/index.php\/2023\/02\/15\/huevo-esta-en-las-nubes\/","og_site_name":"Conexi\u00f3n Nacional","article_publisher":"https:\/\/www.facebook.com\/cnmxradio","article_published_time":"2023-02-15T21:00:00+00:00","article_modified_time":"2023-02-15T21:05:03+00:00","og_image":[{"width":1000,"height":600,"url":"https:\/\/conexionnacional.mx\/wp-content\/uploads\/2023\/02\/Huevo-esta-en-las-nubes-CN.jpg","type":"image\/jpeg"}],"author":"Conexi\u00f3n Nacional","twitter_card":"summary_large_image","twitter_misc":{"Escrito por":"Conexi\u00f3n Nacional","Tiempo de lectura":"2 minutos"},"schema":{"@context":"https:\/\/schema.org","@graph":[{"@type":"Article","@id":"https:\/\/conexionnacional.mx\/index.php\/2023\/02\/15\/huevo-esta-en-las-nubes\/#article","isPartOf":{"@id":"https:\/\/conexionnacional.mx\/index.php\/2023\/02\/15\/huevo-esta-en-las-nubes\/"},"author":{"name":"Conexi\u00f3n Nacional","@id":"https:\/\/conexionnacional.mx\/#\/schema\/person\/dd14aeda902120f5e0e021903fdb6931"},"headline":"\u00bfPor qu\u00e9 el precio del huevo est\u00e1 en las nubes?","datePublished":"2023-02-15T21:00:00+00:00","dateModified":"2023-02-15T21:05:03+00:00","mainEntityOfPage":{"@id":"https:\/\/conexionnacional.mx\/index.php\/2023\/02\/15\/huevo-esta-en-las-nubes\/"},"wordCount":308,"publisher":{"@id":"https:\/\/conexionnacional.mx\/#organization"},"image":{"@id":"https:\/\/conexionnacional.mx\/index.php\/2023\/02\/15\/huevo-esta-en-las-nubes\/#primaryimage"},"thumbnailUrl":"https:\/\/conexionnacional.mx\/wp-content\/uploads\/2023\/02\/Huevo-esta-en-las-nubes-CN.jpg","keywords":["canasta b\u00e1sica","huevo","Incremento","precio"],"articleSection":["Mi Dinero"],"inLanguage":"es"},{"@type":"WebPage","@id":"https:\/\/conexionnacional.mx\/index.php\/2023\/02\/15\/huevo-esta-en-las-nubes\/","url":"https:\/\/conexionnacional.mx\/index.php\/2023\/02\/15\/huevo-esta-en-las-nubes\/","name":"\u00bfPor qu\u00e9 el precio del huevo est\u00e1 en las nubes? |","isPartOf":{"@id":"https:\/\/conexionnacional.mx\/#website"},"primaryImageOfPage":{"@id":"https:\/\/conexionnacional.mx\/index.php\/2023\/02\/15\/huevo-esta-en-las-nubes\/#primaryimage"},"image":{"@id":"https:\/\/conexionnacional.mx\/index.php\/2023\/02\/15\/huevo-esta-en-las-nubes\/#primaryimage"},"thumbnailUrl":"https:\/\/conexionnacional.mx\/wp-content\/uploads\/2023\/02\/Huevo-esta-en-las-nubes-CN.jpg","datePublished":"2023-02-15T21:00:00+00:00","dateModified":"2023-02-15T21:05:03+00:00","description":"El incremento ha comenzado a afectar el bolsillo de las familias mexicanas, pues al ser un producto de la canasta b\u00e1sica es indispensable","breadcrumb":{"@id":"https:\/\/conexionnacional.mx\/index.php\/2023\/02\/15\/huevo-esta-en-las-nubes\/#breadcrumb"},"inLanguage":"es","potentialAction":[{"@type":"ReadAction","target":["https:\/\/conexionnacional.mx\/index.php\/2023\/02\/15\/huevo-esta-en-las-nubes\/"]}]},{"@type":"ImageObject","inLanguage":"es","@id":"https:\/\/conexionnacional.mx\/index.php\/2023\/02\/15\/huevo-esta-en-las-nubes\/#primaryimage","url":"https:\/\/conexionnacional.mx\/wp-content\/uploads\/2023\/02\/Huevo-esta-en-las-nubes-CN.jpg","contentUrl":"https:\/\/conexionnacional.mx\/wp-content\/uploads\/2023\/02\/Huevo-esta-en-las-nubes-CN.jpg","width":1000,"height":600,"caption":"huevo en las nubes"},{"@type":"BreadcrumbList","@id":"https:\/\/conexionnacional.mx\/index.php\/2023\/02\/15\/huevo-esta-en-las-nubes\/#breadcrumb","itemListElement":[{"@type":"ListItem","position":1,"name":"Inicio","item":"https:\/\/conexionnacional.mx\/"},{"@type":"ListItem","position":2,"name":"\u00bfPor qu\u00e9 el precio del huevo est\u00e1 en las nubes?"}]},{"@type":"WebSite","@id":"https:\/\/conexionnacional.mx\/#website","url":"https:\/\/conexionnacional.mx\/","name":"Conexi\u00f3n Nacional","description":"Noticias al momento","publisher":{"@id":"https:\/\/conexionnacional.mx\/#organization"},"alternateName":"Noticias nacionales","potentialAction":[{"@type":"SearchAction","target":{"@type":"EntryPoint","urlTemplate":"https:\/\/conexionnacional.mx\/?s={search_term_string}"},"query-input":{"@type":"PropertyValueSpecification","valueRequired":true,"valueName":"search_term_string"}}],"inLanguage":"es"},{"@type":"Organization","@id":"https:\/\/conexionnacional.mx\/#organization","name":"Conexi\u00f3n Nacional","url":"https:\/\/conexionnacional.mx\/","logo":{"@type":"ImageObject","inLanguage":"es","@id":"https:\/\/conexionnacional.mx\/#\/schema\/logo\/image\/","url":"https:\/\/conexionnacional.mx\/wp-content\/uploads\/2022\/09\/conexion_nacional.png","contentUrl":"https:\/\/conexionnacional.mx\/wp-content\/uploads\/2022\/09\/conexion_nacional.png","width":2964,"height":1173,"caption":"Conexi\u00f3n Nacional"},"image":{"@id":"https:\/\/conexionnacional.mx\/#\/schema\/logo\/image\/"},"sameAs":["https:\/\/www.facebook.com\/cnmxradio"]},{"@type":"Person","@id":"https:\/\/conexionnacional.mx\/#\/schema\/person\/dd14aeda902120f5e0e021903fdb6931","name":"Conexi\u00f3n Nacional","image":{"@type":"ImageObject","inLanguage":"es","@id":"https:\/\/secure.gravatar.com\/avatar\/e523100f284110b2ecca7e17b2be9cf140a5e8f35294c9ec0543e6916cc1f9be?s=96&d=blank&r=g","url":"https:\/\/secure.gravatar.com\/avatar\/e523100f284110b2ecca7e17b2be9cf140a5e8f35294c9ec0543e6916cc1f9be?s=96&d=blank&r=g","contentUrl":"https:\/\/secure.gravatar.com\/avatar\/e523100f284110b2ecca7e17b2be9cf140a5e8f35294c9ec0543e6916cc1f9be?s=96&d=blank&r=g","caption":"Conexi\u00f3n Nacional"},"sameAs":["https:\/\/conexionnacional.mx"],"url":"https:\/\/conexionnacional.mx\/index.php\/author\/administrador\/"}]}},"_links":{"self":[{"href":"https:\/\/conexionnacional.mx\/index.php\/wp-json\/wp\/v2\/posts\/9093","targetHints":{"allow":["GET"]}}],"collection":[{"href":"https:\/\/conexionnacional.mx\/index.php\/wp-json\/wp\/v2\/posts"}],"about":[{"href":"https:\/\/conexionnacional.mx\/index.php\/wp-json\/wp\/v2\/types\/post"}],"author":[{"embeddable":true,"href":"https:\/\/conexionnacional.mx\/index.php\/wp-json\/wp\/v2\/users\/1"}],"replies":[{"embeddable":true,"href":"https:\/\/conexionnacional.mx\/index.php\/wp-json\/wp\/v2\/comments?post=9093"}],"version-history":[{"count":1,"href":"https:\/\/conexionnacional.mx\/index.php\/wp-json\/wp\/v2\/posts\/9093\/revisions"}],"predecessor-version":[{"id":9095,"href":"https:\/\/conexionnacional.mx\/index.php\/wp-json\/wp\/v2\/posts\/9093\/revisions\/9095"}],"wp:featuredmedia":[{"embeddable":true,"href":"https:\/\/conexionnacional.mx\/index.php\/wp-json\/wp\/v2\/media\/9094"}],"wp:attachment":[{"href":"https:\/\/conexionnacional.mx\/index.php\/wp-json\/wp\/v2\/media?parent=9093"}],"wp:term":[{"taxonomy":"category","embeddable":true,"href":"https:\/\/conexionnacional.mx\/index.php\/wp-json\/wp\/v2\/categories?post=9093"},{"taxonomy":"post_tag","embeddable":true,"href":"https:\/\/conexionnacional.mx\/index.php\/wp-json\/wp\/v2\/tags?post=9093"}],"curies":[{"name":"wp","href":"https:\/\/api.w.org\/{rel}","templated":true}]}}