{"id":8765,"date":"2023-02-10T13:31:00","date_gmt":"2023-02-10T19:31:00","guid":{"rendered":"https:\/\/conexionnacional.mx\/?p=8765"},"modified":"2023-02-10T12:28:30","modified_gmt":"2023-02-10T18:28:30","slug":"black-pink","status":"publish","type":"post","link":"https:\/\/conexionnacional.mx\/index.php\/2023\/02\/10\/black-pink\/","title":{"rendered":"<strong>\u00bfA\u00fan sin boleto para Black Pink? Abren segunda fecha para el World Tour<\/strong><strong>Born Pink.&nbsp;<\/strong>"},"content":{"rendered":"\n<p>Por: <a href=\"https:\/\/www.cydnoticias.mx\/2023\/02\/10\/black-pink\/\">Dulce Garc\u00eda | cydnoticias.mx<\/a> &nbsp; |<\/p>\n\n\n\n<p>La <strong>banda de k-pop Black Pink se presentar\u00e1 en M\u00e9xico Foro Sol el pr\u00f3ximo 26 de abril <\/strong>con su gira <strong>Black Pink World Tour Born Pink<\/strong>, y los boletos para esta fecha se agotaron en la preventa, por lo que este jueves que era la anunciada fecha para la venta de boletos, se dec\u00eda que quiz\u00e1 se liberar\u00eda un m\u00ednimo de lugares.<\/p>\n\n\n\n<figure class=\"wp-block-embed is-type-rich is-provider-twitter wp-block-embed-twitter\"><div class=\"wp-block-embed__wrapper\">\n<blockquote class=\"twitter-tweet\" data-width=\"550\" data-dnt=\"true\"><p lang=\"es\" dir=\"ltr\">\u00a1<a href=\"https:\/\/twitter.com\/hashtag\/BLINKS?src=hash&amp;ref_src=twsrc%5Etfw\">#BLINKS<\/a>, <a href=\"https:\/\/twitter.com\/BLACKPINK?ref_src=twsrc%5Etfw\">@BLACKPINK<\/a> llega por 1ra vez a \ud83c\uddf2\ud83c\uddfd al Foro Sol con su gira <a href=\"https:\/\/twitter.com\/hashtag\/BORNPINK?src=hash&amp;ref_src=twsrc%5Etfw\">#BORNPINK<\/a>! \ud83d\udda4\ud83d\udc96 Ahora s\u00ed: \u00a1BLACKPINK IN YOUR AREA!<br><br>\u2728Venta BLINK MEMBERSHIP: 07 feb \u2013 11:00am<br>\u2728Venta General: 09 feb \u2013 2:00pm<br><br>\ud83d\udc49 Para m\u00e1s info de la preventa BLINK MEMBERSHIP visita <a href=\"https:\/\/t.co\/YMDf0wOlYX\">https:\/\/t.co\/YMDf0wOlYX<\/a> <a href=\"https:\/\/t.co\/hPyF6sTqVp\">pic.twitter.com\/hPyF6sTqVp<\/a><\/p>&mdash; OCESA K-pop (@ocesa_kpop) <a href=\"https:\/\/twitter.com\/ocesa_kpop\/status\/1620557550512148481?ref_src=twsrc%5Etfw\">January 31, 2023<\/a><\/blockquote><script async src=\"https:\/\/platform.twitter.com\/widgets.js\" charset=\"utf-8\"><\/script>\n<\/div><\/figure>\n\n\n\n<p>Frente a la gran demanda por ver a la famosa banda, <strong>Ticketmaster anunci\u00f3 la tarde de este jueves que se abrir\u00eda una segunda fecha, el 27 de abril<\/strong>.<\/p>\n\n\n\n<figure class=\"wp-block-embed is-type-rich is-provider-twitter wp-block-embed-twitter\"><div class=\"wp-block-embed__wrapper\">\n<blockquote class=\"twitter-tweet\" data-width=\"550\" data-dnt=\"true\"><p lang=\"es\" dir=\"ltr\">\ud83d\ude46\u200d\u2642\ufe0f\ud83d\ude46 BLINKS porque una no fue suficiente y gracias a la gran respuesta se abre 2.\u00aa fecha de <a href=\"https:\/\/twitter.com\/BLACKPINK?ref_src=twsrc%5Etfw\">@BLACKPINK<\/a> en el <a href=\"https:\/\/twitter.com\/hashtag\/ForoSol?src=hash&amp;ref_src=twsrc%5Etfw\">#ForoSol<\/a>  \ud83e\udef0 \ud83d\udda4 <a href=\"https:\/\/twitter.com\/hashtag\/BlackPinkInYourArea?src=hash&amp;ref_src=twsrc%5Etfw\">#BlackPinkInYourArea<\/a> <a href=\"https:\/\/t.co\/7QAk68O249\">pic.twitter.com\/7QAk68O249<\/a><\/p>&mdash; Ticketmaster M\u00e9xico (@Ticketmaster_Me) <a href=\"https:\/\/twitter.com\/Ticketmaster_Me\/status\/1623785727690526721?ref_src=twsrc%5Etfw\">February 9, 2023<\/a><\/blockquote><script async src=\"https:\/\/platform.twitter.com\/widgets.js\" charset=\"utf-8\"><\/script>\n<\/div><\/figure>\n\n\n\n<p>Los fan\u00e1ticos desde que supieron la noticia, comenzaron a formarse en las taquillas del foro, los centros ticketmaster en el pa\u00eds y en la fila virtual para la venta de tickets on line.<\/p>\n\n\n\n<figure class=\"wp-block-embed is-type-rich is-provider-twitter wp-block-embed-twitter\"><div class=\"wp-block-embed__wrapper\">\n<blockquote class=\"twitter-tweet\" data-width=\"550\" data-dnt=\"true\"><p lang=\"es\" dir=\"ltr\">\ud83e\udee3\ud83c\uddf0\ud83c\uddf7 Decenas <a href=\"https:\/\/twitter.com\/hashtag\/blinks?src=hash&amp;ref_src=twsrc%5Etfw\">#blinks<\/a> hacen fila afuera en las taquillas del <a href=\"https:\/\/twitter.com\/hashtag\/ForoSol?src=hash&amp;ref_src=twsrc%5Etfw\">#ForoSol<\/a> para la compra de boletos de <a href=\"https:\/\/twitter.com\/BLACKPINK?ref_src=twsrc%5Etfw\">@BLACKPINK<\/a>, en la venta general.<br>\ud83d\udc40 Algunos denuncian que personal de <a href=\"https:\/\/twitter.com\/ocesa_kpop?ref_src=twsrc%5Etfw\">@ocesa_kpop<\/a> dejaron accesar a supuestos revendedores a la fila.<br><br>\ud83d\udcf9 <a href=\"https:\/\/twitter.com\/robekomon?ref_src=twsrc%5Etfw\">@robekomon<\/a> <a href=\"https:\/\/t.co\/IyMZbTg3p9\">pic.twitter.com\/IyMZbTg3p9<\/a><\/p>&mdash; El Sol de M\u00e9xico (@elsolde_mexico) <a href=\"https:\/\/twitter.com\/elsolde_mexico\/status\/1623757543934935041?ref_src=twsrc%5Etfw\">February 9, 2023<\/a><\/blockquote><script async src=\"https:\/\/platform.twitter.com\/widgets.js\" charset=\"utf-8\"><\/script>\n<\/div><\/figure>\n\n\n\n<figure class=\"wp-block-embed is-type-rich is-provider-twitter wp-block-embed-twitter\"><div class=\"wp-block-embed__wrapper\">\n<blockquote class=\"twitter-tweet\" data-width=\"550\" data-dnt=\"true\"><p lang=\"es\" dir=\"ltr\">Blackpink \ud83c\uddf2\ud83c\uddfd M\u00e9xico<br>27 de Abril \ud83d\uddd3\ufe0f<br>Foro Sol \ud83c\udfdf\ufe0f<br><br>Siendo las 10:07 PM<br>As\u00ed est\u00e1 la disponibilidad de boletos en zona de gradas<a href=\"https:\/\/twitter.com\/hashtag\/BLACKPINK?src=hash&amp;ref_src=twsrc%5Etfw\">#BLACKPINK<\/a> <a href=\"https:\/\/twitter.com\/hashtag\/BLACKPINK_WORLDTOUR?src=hash&amp;ref_src=twsrc%5Etfw\">#BLACKPINK_WORLDTOUR<\/a> <a href=\"https:\/\/twitter.com\/hashtag\/BLACKPINK_BORNPINK?src=hash&amp;ref_src=twsrc%5Etfw\">#BLACKPINK_BORNPINK<\/a> <a href=\"https:\/\/twitter.com\/hashtag\/BlackpinkMexico?src=hash&amp;ref_src=twsrc%5Etfw\">#BlackpinkMexico<\/a> <a href=\"https:\/\/twitter.com\/hashtag\/Blackpink_Mexico?src=hash&amp;ref_src=twsrc%5Etfw\">#Blackpink_Mexico<\/a> <a href=\"https:\/\/twitter.com\/hashtag\/BLACKPINK_TIME?src=hash&amp;ref_src=twsrc%5Etfw\">#BLACKPINK_TIME<\/a><a href=\"https:\/\/twitter.com\/hashtag\/%EB%B8%94%EB%9E%99%ED%95%91%ED%81%AC?src=hash&amp;ref_src=twsrc%5Etfw\">#\ube14\ub799\ud551\ud06c<\/a> <a href=\"https:\/\/twitter.com\/hashtag\/BORNPINK?src=hash&amp;ref_src=twsrc%5Etfw\">#BORNPINK<\/a> <a href=\"https:\/\/twitter.com\/hashtag\/BlackpinkInMexico?src=hash&amp;ref_src=twsrc%5Etfw\">#BlackpinkInMexico<\/a> venta General <a href=\"https:\/\/t.co\/E5Zw19smI2\">pic.twitter.com\/E5Zw19smI2<\/a><\/p>&mdash; \u00c1ngel Rey \ud83d\udc51 (@ailoviutl) <a href=\"https:\/\/twitter.com\/ailoviutl\/status\/1623899240593522688?ref_src=twsrc%5Etfw\">February 10, 2023<\/a><\/blockquote><script async src=\"https:\/\/platform.twitter.com\/widgets.js\" charset=\"utf-8\"><\/script>\n<\/div><\/figure>\n\n\n\n<p>Si bien los boletos no est\u00e1n nada accesibles, pues los fans se han quejado de que en pa\u00edses con mayor poder adquisitivo los boletos han estado a la mitad o la tercera parte del precio en el que se ofertan en M\u00e9xico; lo cierto es que ya hay una fecha vendida en su totalidad, y una segunda fecha que va en camino de ser otro \u201csold out\u201d.<\/p>\n\n\n<div class=\"wp-block-image\">\n<figure class=\"aligncenter is-resized\"><img decoding=\"async\" src=\"data:image\/gif;base64,R0lGODlhAQABAAAAACH5BAEKAAEALAAAAAABAAEAAAICTAEAOw==\" data-src=\"https:\/\/lh3.googleusercontent.com\/AAs9qi0bnh82fJge-5iSj76piaXzzJFI6vxonw54vbc-BclSLNlcyiBcXyoaYM63w2W3Vac2Wa8A2zRbm1rCTMEDGo7ACrVmVWuQP9pSUMmxK0SrSGeEvorJAL-OvXNNXg1P8BLtXOLIQwHn9rcDFxkSLAG4YpnZ7mgIyKAC-V1a9SfdO0LrOtLewb8TcA\" alt=\"\" class=\"lazyload\" width=\"600\"\/><\/figure>\n<\/div>\n\n\n<p>Si este evento logra agotar entradas, algunos fans afirman que podr\u00eda incluso haber una tercera fecha para el Black Pink World Tour Born Pink, aunque como es usual en estos casos, algunas personas que ya tienen boletos, han comenzado a ofrecerlos para reventa en redes sociales.<\/p>\n\n\n\n<p>Con Informaci\u00f3n de<a href=\"https:\/\/www.cydnoticias.mx\/\"> Claro y Directo Mx\u00ae<\/a><\/p>\n","protected":false},"excerpt":{"rendered":"<p>Por: Dulce Garc\u00eda | cydnoticias.mx &nbsp; | La banda de k-pop Black Pink se presentar\u00e1 en M\u00e9xico Foro Sol el pr\u00f3ximo 26 de abril con su gira Black Pink World Tour Born Pink, y los boletos para esta fecha se agotaron en la preventa, por lo que este jueves que era la anunciada fecha para [&hellip;]<\/p>\n","protected":false},"author":1,"featured_media":8766,"comment_status":"closed","ping_status":"closed","sticky":false,"template":"","format":"aside","meta":{"googlesitekit_rrm_CAowytPeCw:productID":"","footnotes":""},"categories":[26],"tags":[4030,143,39,40],"class_list":["post-8765","post","type-post","status-publish","format-aside","has-post-thumbnail","hentry","category-espectaculos","tag-black-pink","tag-cantante","tag-conciertos","tag-musica","post_format-post-format-aside"],"yoast_head":"<!-- This site is optimized with the Yoast SEO plugin v27.5 - https:\/\/yoast.com\/product\/yoast-seo-wordpress\/ -->\n<title>\u00bfA\u00fan sin boleto para Black Pink? Abren segunda fecha para el World TourBorn Pink.&nbsp; |<\/title>\n<meta name=\"description\" content=\"La banda de k-pop Black Pink se presentar\u00e1 en M\u00e9xico Foro Sol el pr\u00f3ximo 26 de abril con su gira Black Pink World Tour Born Pink\" \/>\n<meta name=\"robots\" content=\"index, follow, max-snippet:-1, max-image-preview:large, max-video-preview:-1\" \/>\n<link rel=\"canonical\" href=\"https:\/\/conexionnacional.mx\/index.php\/2023\/02\/10\/black-pink\/\" \/>\n<meta property=\"og:locale\" content=\"es_MX\" \/>\n<meta property=\"og:type\" content=\"article\" \/>\n<meta property=\"og:title\" content=\"\u00bfA\u00fan sin boleto para Black Pink? Abren segunda fecha para el World TourBorn Pink.&nbsp; |\" \/>\n<meta property=\"og:description\" content=\"La banda de k-pop Black Pink se presentar\u00e1 en M\u00e9xico Foro Sol el pr\u00f3ximo 26 de abril con su gira Black Pink World Tour Born Pink\" \/>\n<meta property=\"og:url\" content=\"https:\/\/conexionnacional.mx\/index.php\/2023\/02\/10\/black-pink\/\" \/>\n<meta property=\"og:site_name\" content=\"Conexi\u00f3n Nacional\" \/>\n<meta property=\"article:publisher\" content=\"https:\/\/www.facebook.com\/cnmxradio\" \/>\n<meta property=\"article:published_time\" content=\"2023-02-10T19:31:00+00:00\" \/>\n<meta property=\"og:image\" content=\"https:\/\/conexionnacional.mx\/wp-content\/uploads\/2023\/02\/Black-Pink-CN.jpg\" \/>\n\t<meta property=\"og:image:width\" content=\"1000\" \/>\n\t<meta property=\"og:image:height\" content=\"600\" \/>\n\t<meta property=\"og:image:type\" content=\"image\/jpeg\" \/>\n<meta name=\"author\" content=\"Conexi\u00f3n Nacional\" \/>\n<meta name=\"twitter:card\" content=\"summary_large_image\" \/>\n<meta name=\"twitter:label1\" content=\"Escrito por\" \/>\n\t<meta name=\"twitter:data1\" content=\"Conexi\u00f3n Nacional\" \/>\n\t<meta name=\"twitter:label2\" content=\"Tiempo de lectura\" \/>\n\t<meta name=\"twitter:data2\" content=\"2 minutos\" \/>\n<script type=\"application\/ld+json\" class=\"yoast-schema-graph\">{\"@context\":\"https:\\\/\\\/schema.org\",\"@graph\":[{\"@type\":\"Article\",\"@id\":\"https:\\\/\\\/conexionnacional.mx\\\/index.php\\\/2023\\\/02\\\/10\\\/black-pink\\\/#article\",\"isPartOf\":{\"@id\":\"https:\\\/\\\/conexionnacional.mx\\\/index.php\\\/2023\\\/02\\\/10\\\/black-pink\\\/\"},\"author\":{\"name\":\"Conexi\u00f3n Nacional\",\"@id\":\"https:\\\/\\\/conexionnacional.mx\\\/#\\\/schema\\\/person\\\/dd14aeda902120f5e0e021903fdb6931\"},\"headline\":\"\u00bfA\u00fan sin boleto para Black Pink? Abren segunda fecha para el World TourBorn Pink.&nbsp;\",\"datePublished\":\"2023-02-10T19:31:00+00:00\",\"mainEntityOfPage\":{\"@id\":\"https:\\\/\\\/conexionnacional.mx\\\/index.php\\\/2023\\\/02\\\/10\\\/black-pink\\\/\"},\"wordCount\":329,\"publisher\":{\"@id\":\"https:\\\/\\\/conexionnacional.mx\\\/#organization\"},\"image\":{\"@id\":\"https:\\\/\\\/conexionnacional.mx\\\/index.php\\\/2023\\\/02\\\/10\\\/black-pink\\\/#primaryimage\"},\"thumbnailUrl\":\"https:\\\/\\\/conexionnacional.mx\\\/wp-content\\\/uploads\\\/2023\\\/02\\\/Black-Pink-CN.jpg\",\"keywords\":[\"Black Pink\",\"cantante\",\"conciertos\",\"m\u00fasica\"],\"articleSection\":[\"Espect\u00e1culos\"],\"inLanguage\":\"es\"},{\"@type\":\"WebPage\",\"@id\":\"https:\\\/\\\/conexionnacional.mx\\\/index.php\\\/2023\\\/02\\\/10\\\/black-pink\\\/\",\"url\":\"https:\\\/\\\/conexionnacional.mx\\\/index.php\\\/2023\\\/02\\\/10\\\/black-pink\\\/\",\"name\":\"\u00bfA\u00fan sin boleto para Black Pink? Abren segunda fecha para el World TourBorn Pink.&nbsp; |\",\"isPartOf\":{\"@id\":\"https:\\\/\\\/conexionnacional.mx\\\/#website\"},\"primaryImageOfPage\":{\"@id\":\"https:\\\/\\\/conexionnacional.mx\\\/index.php\\\/2023\\\/02\\\/10\\\/black-pink\\\/#primaryimage\"},\"image\":{\"@id\":\"https:\\\/\\\/conexionnacional.mx\\\/index.php\\\/2023\\\/02\\\/10\\\/black-pink\\\/#primaryimage\"},\"thumbnailUrl\":\"https:\\\/\\\/conexionnacional.mx\\\/wp-content\\\/uploads\\\/2023\\\/02\\\/Black-Pink-CN.jpg\",\"datePublished\":\"2023-02-10T19:31:00+00:00\",\"description\":\"La banda de k-pop Black Pink se presentar\u00e1 en M\u00e9xico Foro Sol el pr\u00f3ximo 26 de abril con su gira Black Pink World Tour Born Pink\",\"breadcrumb\":{\"@id\":\"https:\\\/\\\/conexionnacional.mx\\\/index.php\\\/2023\\\/02\\\/10\\\/black-pink\\\/#breadcrumb\"},\"inLanguage\":\"es\",\"potentialAction\":[{\"@type\":\"ReadAction\",\"target\":[\"https:\\\/\\\/conexionnacional.mx\\\/index.php\\\/2023\\\/02\\\/10\\\/black-pink\\\/\"]}]},{\"@type\":\"ImageObject\",\"inLanguage\":\"es\",\"@id\":\"https:\\\/\\\/conexionnacional.mx\\\/index.php\\\/2023\\\/02\\\/10\\\/black-pink\\\/#primaryimage\",\"url\":\"https:\\\/\\\/conexionnacional.mx\\\/wp-content\\\/uploads\\\/2023\\\/02\\\/Black-Pink-CN.jpg\",\"contentUrl\":\"https:\\\/\\\/conexionnacional.mx\\\/wp-content\\\/uploads\\\/2023\\\/02\\\/Black-Pink-CN.jpg\",\"width\":1000,\"height\":600,\"caption\":\"\u00bfA\u00fan sin boleto para Black Pink? Abren segunda fecha para el World Tour Born Pink\"},{\"@type\":\"BreadcrumbList\",\"@id\":\"https:\\\/\\\/conexionnacional.mx\\\/index.php\\\/2023\\\/02\\\/10\\\/black-pink\\\/#breadcrumb\",\"itemListElement\":[{\"@type\":\"ListItem\",\"position\":1,\"name\":\"Inicio\",\"item\":\"https:\\\/\\\/conexionnacional.mx\\\/\"},{\"@type\":\"ListItem\",\"position\":2,\"name\":\"\u00bfA\u00fan sin boleto para Black Pink? Abren segunda fecha para el World TourBorn Pink.&nbsp;\"}]},{\"@type\":\"WebSite\",\"@id\":\"https:\\\/\\\/conexionnacional.mx\\\/#website\",\"url\":\"https:\\\/\\\/conexionnacional.mx\\\/\",\"name\":\"Conexi\u00f3n Nacional\",\"description\":\"Noticias al momento\",\"publisher\":{\"@id\":\"https:\\\/\\\/conexionnacional.mx\\\/#organization\"},\"alternateName\":\"Noticias nacionales\",\"potentialAction\":[{\"@type\":\"SearchAction\",\"target\":{\"@type\":\"EntryPoint\",\"urlTemplate\":\"https:\\\/\\\/conexionnacional.mx\\\/?s={search_term_string}\"},\"query-input\":{\"@type\":\"PropertyValueSpecification\",\"valueRequired\":true,\"valueName\":\"search_term_string\"}}],\"inLanguage\":\"es\"},{\"@type\":\"Organization\",\"@id\":\"https:\\\/\\\/conexionnacional.mx\\\/#organization\",\"name\":\"Conexi\u00f3n Nacional\",\"url\":\"https:\\\/\\\/conexionnacional.mx\\\/\",\"logo\":{\"@type\":\"ImageObject\",\"inLanguage\":\"es\",\"@id\":\"https:\\\/\\\/conexionnacional.mx\\\/#\\\/schema\\\/logo\\\/image\\\/\",\"url\":\"https:\\\/\\\/conexionnacional.mx\\\/wp-content\\\/uploads\\\/2022\\\/09\\\/conexion_nacional.png\",\"contentUrl\":\"https:\\\/\\\/conexionnacional.mx\\\/wp-content\\\/uploads\\\/2022\\\/09\\\/conexion_nacional.png\",\"width\":2964,\"height\":1173,\"caption\":\"Conexi\u00f3n Nacional\"},\"image\":{\"@id\":\"https:\\\/\\\/conexionnacional.mx\\\/#\\\/schema\\\/logo\\\/image\\\/\"},\"sameAs\":[\"https:\\\/\\\/www.facebook.com\\\/cnmxradio\"]},{\"@type\":\"Person\",\"@id\":\"https:\\\/\\\/conexionnacional.mx\\\/#\\\/schema\\\/person\\\/dd14aeda902120f5e0e021903fdb6931\",\"name\":\"Conexi\u00f3n Nacional\",\"image\":{\"@type\":\"ImageObject\",\"inLanguage\":\"es\",\"@id\":\"https:\\\/\\\/secure.gravatar.com\\\/avatar\\\/e523100f284110b2ecca7e17b2be9cf140a5e8f35294c9ec0543e6916cc1f9be?s=96&d=blank&r=g\",\"url\":\"https:\\\/\\\/secure.gravatar.com\\\/avatar\\\/e523100f284110b2ecca7e17b2be9cf140a5e8f35294c9ec0543e6916cc1f9be?s=96&d=blank&r=g\",\"contentUrl\":\"https:\\\/\\\/secure.gravatar.com\\\/avatar\\\/e523100f284110b2ecca7e17b2be9cf140a5e8f35294c9ec0543e6916cc1f9be?s=96&d=blank&r=g\",\"caption\":\"Conexi\u00f3n Nacional\"},\"sameAs\":[\"https:\\\/\\\/conexionnacional.mx\"],\"url\":\"https:\\\/\\\/conexionnacional.mx\\\/index.php\\\/author\\\/administrador\\\/\"}]}<\/script>\n<!-- \/ Yoast SEO plugin. -->","yoast_head_json":{"title":"\u00bfA\u00fan sin boleto para Black Pink? Abren segunda fecha para el World TourBorn Pink.&nbsp; |","description":"La banda de k-pop Black Pink se presentar\u00e1 en M\u00e9xico Foro Sol el pr\u00f3ximo 26 de abril con su gira Black Pink World Tour Born Pink","robots":{"index":"index","follow":"follow","max-snippet":"max-snippet:-1","max-image-preview":"max-image-preview:large","max-video-preview":"max-video-preview:-1"},"canonical":"https:\/\/conexionnacional.mx\/index.php\/2023\/02\/10\/black-pink\/","og_locale":"es_MX","og_type":"article","og_title":"\u00bfA\u00fan sin boleto para Black Pink? Abren segunda fecha para el World TourBorn Pink.&nbsp; |","og_description":"La banda de k-pop Black Pink se presentar\u00e1 en M\u00e9xico Foro Sol el pr\u00f3ximo 26 de abril con su gira Black Pink World Tour Born Pink","og_url":"https:\/\/conexionnacional.mx\/index.php\/2023\/02\/10\/black-pink\/","og_site_name":"Conexi\u00f3n Nacional","article_publisher":"https:\/\/www.facebook.com\/cnmxradio","article_published_time":"2023-02-10T19:31:00+00:00","og_image":[{"width":1000,"height":600,"url":"https:\/\/conexionnacional.mx\/wp-content\/uploads\/2023\/02\/Black-Pink-CN.jpg","type":"image\/jpeg"}],"author":"Conexi\u00f3n Nacional","twitter_card":"summary_large_image","twitter_misc":{"Escrito por":"Conexi\u00f3n Nacional","Tiempo de lectura":"2 minutos"},"schema":{"@context":"https:\/\/schema.org","@graph":[{"@type":"Article","@id":"https:\/\/conexionnacional.mx\/index.php\/2023\/02\/10\/black-pink\/#article","isPartOf":{"@id":"https:\/\/conexionnacional.mx\/index.php\/2023\/02\/10\/black-pink\/"},"author":{"name":"Conexi\u00f3n Nacional","@id":"https:\/\/conexionnacional.mx\/#\/schema\/person\/dd14aeda902120f5e0e021903fdb6931"},"headline":"\u00bfA\u00fan sin boleto para Black Pink? Abren segunda fecha para el World TourBorn Pink.&nbsp;","datePublished":"2023-02-10T19:31:00+00:00","mainEntityOfPage":{"@id":"https:\/\/conexionnacional.mx\/index.php\/2023\/02\/10\/black-pink\/"},"wordCount":329,"publisher":{"@id":"https:\/\/conexionnacional.mx\/#organization"},"image":{"@id":"https:\/\/conexionnacional.mx\/index.php\/2023\/02\/10\/black-pink\/#primaryimage"},"thumbnailUrl":"https:\/\/conexionnacional.mx\/wp-content\/uploads\/2023\/02\/Black-Pink-CN.jpg","keywords":["Black Pink","cantante","conciertos","m\u00fasica"],"articleSection":["Espect\u00e1culos"],"inLanguage":"es"},{"@type":"WebPage","@id":"https:\/\/conexionnacional.mx\/index.php\/2023\/02\/10\/black-pink\/","url":"https:\/\/conexionnacional.mx\/index.php\/2023\/02\/10\/black-pink\/","name":"\u00bfA\u00fan sin boleto para Black Pink? Abren segunda fecha para el World TourBorn Pink.&nbsp; |","isPartOf":{"@id":"https:\/\/conexionnacional.mx\/#website"},"primaryImageOfPage":{"@id":"https:\/\/conexionnacional.mx\/index.php\/2023\/02\/10\/black-pink\/#primaryimage"},"image":{"@id":"https:\/\/conexionnacional.mx\/index.php\/2023\/02\/10\/black-pink\/#primaryimage"},"thumbnailUrl":"https:\/\/conexionnacional.mx\/wp-content\/uploads\/2023\/02\/Black-Pink-CN.jpg","datePublished":"2023-02-10T19:31:00+00:00","description":"La banda de k-pop Black Pink se presentar\u00e1 en M\u00e9xico Foro Sol el pr\u00f3ximo 26 de abril con su gira Black Pink World Tour Born Pink","breadcrumb":{"@id":"https:\/\/conexionnacional.mx\/index.php\/2023\/02\/10\/black-pink\/#breadcrumb"},"inLanguage":"es","potentialAction":[{"@type":"ReadAction","target":["https:\/\/conexionnacional.mx\/index.php\/2023\/02\/10\/black-pink\/"]}]},{"@type":"ImageObject","inLanguage":"es","@id":"https:\/\/conexionnacional.mx\/index.php\/2023\/02\/10\/black-pink\/#primaryimage","url":"https:\/\/conexionnacional.mx\/wp-content\/uploads\/2023\/02\/Black-Pink-CN.jpg","contentUrl":"https:\/\/conexionnacional.mx\/wp-content\/uploads\/2023\/02\/Black-Pink-CN.jpg","width":1000,"height":600,"caption":"\u00bfA\u00fan sin boleto para Black Pink? Abren segunda fecha para el World Tour Born Pink"},{"@type":"BreadcrumbList","@id":"https:\/\/conexionnacional.mx\/index.php\/2023\/02\/10\/black-pink\/#breadcrumb","itemListElement":[{"@type":"ListItem","position":1,"name":"Inicio","item":"https:\/\/conexionnacional.mx\/"},{"@type":"ListItem","position":2,"name":"\u00bfA\u00fan sin boleto para Black Pink? Abren segunda fecha para el World TourBorn Pink.&nbsp;"}]},{"@type":"WebSite","@id":"https:\/\/conexionnacional.mx\/#website","url":"https:\/\/conexionnacional.mx\/","name":"Conexi\u00f3n Nacional","description":"Noticias al momento","publisher":{"@id":"https:\/\/conexionnacional.mx\/#organization"},"alternateName":"Noticias nacionales","potentialAction":[{"@type":"SearchAction","target":{"@type":"EntryPoint","urlTemplate":"https:\/\/conexionnacional.mx\/?s={search_term_string}"},"query-input":{"@type":"PropertyValueSpecification","valueRequired":true,"valueName":"search_term_string"}}],"inLanguage":"es"},{"@type":"Organization","@id":"https:\/\/conexionnacional.mx\/#organization","name":"Conexi\u00f3n Nacional","url":"https:\/\/conexionnacional.mx\/","logo":{"@type":"ImageObject","inLanguage":"es","@id":"https:\/\/conexionnacional.mx\/#\/schema\/logo\/image\/","url":"https:\/\/conexionnacional.mx\/wp-content\/uploads\/2022\/09\/conexion_nacional.png","contentUrl":"https:\/\/conexionnacional.mx\/wp-content\/uploads\/2022\/09\/conexion_nacional.png","width":2964,"height":1173,"caption":"Conexi\u00f3n Nacional"},"image":{"@id":"https:\/\/conexionnacional.mx\/#\/schema\/logo\/image\/"},"sameAs":["https:\/\/www.facebook.com\/cnmxradio"]},{"@type":"Person","@id":"https:\/\/conexionnacional.mx\/#\/schema\/person\/dd14aeda902120f5e0e021903fdb6931","name":"Conexi\u00f3n Nacional","image":{"@type":"ImageObject","inLanguage":"es","@id":"https:\/\/secure.gravatar.com\/avatar\/e523100f284110b2ecca7e17b2be9cf140a5e8f35294c9ec0543e6916cc1f9be?s=96&d=blank&r=g","url":"https:\/\/secure.gravatar.com\/avatar\/e523100f284110b2ecca7e17b2be9cf140a5e8f35294c9ec0543e6916cc1f9be?s=96&d=blank&r=g","contentUrl":"https:\/\/secure.gravatar.com\/avatar\/e523100f284110b2ecca7e17b2be9cf140a5e8f35294c9ec0543e6916cc1f9be?s=96&d=blank&r=g","caption":"Conexi\u00f3n Nacional"},"sameAs":["https:\/\/conexionnacional.mx"],"url":"https:\/\/conexionnacional.mx\/index.php\/author\/administrador\/"}]}},"_links":{"self":[{"href":"https:\/\/conexionnacional.mx\/index.php\/wp-json\/wp\/v2\/posts\/8765","targetHints":{"allow":["GET"]}}],"collection":[{"href":"https:\/\/conexionnacional.mx\/index.php\/wp-json\/wp\/v2\/posts"}],"about":[{"href":"https:\/\/conexionnacional.mx\/index.php\/wp-json\/wp\/v2\/types\/post"}],"author":[{"embeddable":true,"href":"https:\/\/conexionnacional.mx\/index.php\/wp-json\/wp\/v2\/users\/1"}],"replies":[{"embeddable":true,"href":"https:\/\/conexionnacional.mx\/index.php\/wp-json\/wp\/v2\/comments?post=8765"}],"version-history":[{"count":1,"href":"https:\/\/conexionnacional.mx\/index.php\/wp-json\/wp\/v2\/posts\/8765\/revisions"}],"predecessor-version":[{"id":8767,"href":"https:\/\/conexionnacional.mx\/index.php\/wp-json\/wp\/v2\/posts\/8765\/revisions\/8767"}],"wp:featuredmedia":[{"embeddable":true,"href":"https:\/\/conexionnacional.mx\/index.php\/wp-json\/wp\/v2\/media\/8766"}],"wp:attachment":[{"href":"https:\/\/conexionnacional.mx\/index.php\/wp-json\/wp\/v2\/media?parent=8765"}],"wp:term":[{"taxonomy":"category","embeddable":true,"href":"https:\/\/conexionnacional.mx\/index.php\/wp-json\/wp\/v2\/categories?post=8765"},{"taxonomy":"post_tag","embeddable":true,"href":"https:\/\/conexionnacional.mx\/index.php\/wp-json\/wp\/v2\/tags?post=8765"}],"curies":[{"name":"wp","href":"https:\/\/api.w.org\/{rel}","templated":true}]}}