{"id":8762,"date":"2023-02-10T13:30:00","date_gmt":"2023-02-10T19:30:00","guid":{"rendered":"https:\/\/conexionnacional.mx\/?p=8762"},"modified":"2023-02-10T12:27:16","modified_gmt":"2023-02-10T18:27:16","slug":"caso-frida-santamaria","status":"publish","type":"post","link":"https:\/\/conexionnacional.mx\/index.php\/2023\/02\/10\/caso-frida-santamaria\/","title":{"rendered":"<strong>Juez rechaza recusaci\u00f3n del caso Frida Santamar\u00eda<\/strong>"},"content":{"rendered":"\n<p>Por: <a href=\"https:\/\/radio-mejor.com\/juez-rechaza-recusacion-del-caso-frida-santamaria\/\">radio-mejor.com<\/a>&nbsp; |<\/p>\n\n\n\n<p><strong>Derecho a justicia imparcial hacia las v\u00edctimas no se viola en el caso de Frida Santamar\u00eda en el estado de Michoac\u00e1n.<\/strong> El poder judicial del estado de Michoac\u00e1n neg\u00f3 la reasignaci\u00f3n de un nuevo juez para atender el asesinato de la joven de 23 a\u00f1os.<\/p>\n\n\n\n<p>Fue durante la tarde del jueves, cuando la juez de la octava sala, determin\u00f3 no <strong>reasignar el caso a otro juez bajo distintos argumentos jur\u00eddicos<\/strong>. No obstante, se desestimaron las acusaciones que se\u00f1alan conflicto de inter\u00e9s y favoritismo del juez sobre la familia del victimario.<\/p>\n\n\n\n<p>A casi dos semanas de que el agresor de la joven fue liberado despu\u00e9s de que el delito de <strong>feminicidio se reclasific\u00f3 a homicidio culposo<\/strong>, la familia de la v\u00edctima y la Comisi\u00f3n victimal no quitan el dedo del rengl\u00f3n en torno a exigir justicia y que se busque reabrir el caso con nueva perspectiva de g\u00e9nero.<\/p>\n\n\n\n<p>Tras la determinaci\u00f3n de la juez para no recausar el caso con otro magistrado del poder judicial, la determinaci\u00f3n de la familia es clara, en caso de ser necesario apelar\u00e1n a la protesta p\u00fablica para alzar la voz por todas la V\u00edctimas directas e indirectas de la violencia de g\u00e9nero.<\/p>\n\n\n\n<p>Con Informaci\u00f3n de <a href=\"http:\/\/radio-mejor.com\">Radio Mejor<\/a><\/p>\n","protected":false},"excerpt":{"rendered":"<p>Por: radio-mejor.com&nbsp; | Derecho a justicia imparcial hacia las v\u00edctimas no se viola en el caso de Frida Santamar\u00eda en el estado de Michoac\u00e1n. El poder judicial del estado de Michoac\u00e1n neg\u00f3 la reasignaci\u00f3n de un nuevo juez para atender el asesinato de la joven de 23 a\u00f1os. Fue durante la tarde del jueves, cuando [&hellip;]<\/p>\n","protected":false},"author":1,"featured_media":8763,"comment_status":"closed","ping_status":"closed","sticky":false,"template":"","format":"aside","meta":{"googlesitekit_rrm_CAowytPeCw:productID":"","footnotes":""},"categories":[17],"tags":[59,3193,3316,64],"class_list":["post-8762","post","type-post","status-publish","format-aside","has-post-thumbnail","hentry","category-estados","tag-feminicidios","tag-frida-santamaria","tag-juez","tag-michoacan","post_format-post-format-aside"],"yoast_head":"<!-- This site is optimized with the Yoast SEO plugin v27.5 - https:\/\/yoast.com\/product\/yoast-seo-wordpress\/ -->\n<title>Juez rechaza recusaci\u00f3n del caso Frida Santamar\u00eda |<\/title>\n<meta name=\"description\" content=\"Derecho a justicia imparcial hacia las v\u00edctimas no se viola en el caso de Frida Santamar\u00eda en el estado de Michoac\u00e1n.\" \/>\n<meta name=\"robots\" content=\"index, follow, max-snippet:-1, max-image-preview:large, max-video-preview:-1\" \/>\n<link rel=\"canonical\" href=\"https:\/\/conexionnacional.mx\/index.php\/2023\/02\/10\/caso-frida-santamaria\/\" \/>\n<meta property=\"og:locale\" content=\"es_MX\" \/>\n<meta property=\"og:type\" content=\"article\" \/>\n<meta property=\"og:title\" content=\"Juez rechaza recusaci\u00f3n del caso Frida Santamar\u00eda |\" \/>\n<meta property=\"og:description\" content=\"Derecho a justicia imparcial hacia las v\u00edctimas no se viola en el caso de Frida Santamar\u00eda en el estado de Michoac\u00e1n.\" \/>\n<meta property=\"og:url\" content=\"https:\/\/conexionnacional.mx\/index.php\/2023\/02\/10\/caso-frida-santamaria\/\" \/>\n<meta property=\"og:site_name\" content=\"Conexi\u00f3n Nacional\" \/>\n<meta property=\"article:publisher\" content=\"https:\/\/www.facebook.com\/cnmxradio\" \/>\n<meta property=\"article:published_time\" content=\"2023-02-10T19:30:00+00:00\" \/>\n<meta property=\"og:image\" content=\"https:\/\/conexionnacional.mx\/wp-content\/uploads\/2023\/02\/Juez-a-Frida-Santamaria-CN.jpg\" \/>\n\t<meta property=\"og:image:width\" content=\"1000\" \/>\n\t<meta property=\"og:image:height\" content=\"600\" \/>\n\t<meta property=\"og:image:type\" content=\"image\/jpeg\" \/>\n<meta name=\"author\" content=\"Conexi\u00f3n Nacional\" \/>\n<meta name=\"twitter:card\" content=\"summary_large_image\" \/>\n<meta name=\"twitter:label1\" content=\"Escrito por\" \/>\n\t<meta name=\"twitter:data1\" content=\"Conexi\u00f3n Nacional\" \/>\n\t<meta name=\"twitter:label2\" content=\"Tiempo de lectura\" \/>\n\t<meta name=\"twitter:data2\" content=\"1 minuto\" \/>\n<script type=\"application\/ld+json\" class=\"yoast-schema-graph\">{\"@context\":\"https:\\\/\\\/schema.org\",\"@graph\":[{\"@type\":\"Article\",\"@id\":\"https:\\\/\\\/conexionnacional.mx\\\/index.php\\\/2023\\\/02\\\/10\\\/caso-frida-santamaria\\\/#article\",\"isPartOf\":{\"@id\":\"https:\\\/\\\/conexionnacional.mx\\\/index.php\\\/2023\\\/02\\\/10\\\/caso-frida-santamaria\\\/\"},\"author\":{\"name\":\"Conexi\u00f3n Nacional\",\"@id\":\"https:\\\/\\\/conexionnacional.mx\\\/#\\\/schema\\\/person\\\/dd14aeda902120f5e0e021903fdb6931\"},\"headline\":\"Juez rechaza recusaci\u00f3n del caso Frida Santamar\u00eda\",\"datePublished\":\"2023-02-10T19:30:00+00:00\",\"mainEntityOfPage\":{\"@id\":\"https:\\\/\\\/conexionnacional.mx\\\/index.php\\\/2023\\\/02\\\/10\\\/caso-frida-santamaria\\\/\"},\"wordCount\":235,\"publisher\":{\"@id\":\"https:\\\/\\\/conexionnacional.mx\\\/#organization\"},\"image\":{\"@id\":\"https:\\\/\\\/conexionnacional.mx\\\/index.php\\\/2023\\\/02\\\/10\\\/caso-frida-santamaria\\\/#primaryimage\"},\"thumbnailUrl\":\"https:\\\/\\\/conexionnacional.mx\\\/wp-content\\\/uploads\\\/2023\\\/02\\\/Juez-a-Frida-Santamaria-CN.jpg\",\"keywords\":[\"feminicidios\",\"Frida Santamar\u00eda\",\"Juez\",\"Michoac\u00e1n\"],\"articleSection\":[\"Estados\"],\"inLanguage\":\"es\"},{\"@type\":\"WebPage\",\"@id\":\"https:\\\/\\\/conexionnacional.mx\\\/index.php\\\/2023\\\/02\\\/10\\\/caso-frida-santamaria\\\/\",\"url\":\"https:\\\/\\\/conexionnacional.mx\\\/index.php\\\/2023\\\/02\\\/10\\\/caso-frida-santamaria\\\/\",\"name\":\"Juez rechaza recusaci\u00f3n del caso Frida Santamar\u00eda |\",\"isPartOf\":{\"@id\":\"https:\\\/\\\/conexionnacional.mx\\\/#website\"},\"primaryImageOfPage\":{\"@id\":\"https:\\\/\\\/conexionnacional.mx\\\/index.php\\\/2023\\\/02\\\/10\\\/caso-frida-santamaria\\\/#primaryimage\"},\"image\":{\"@id\":\"https:\\\/\\\/conexionnacional.mx\\\/index.php\\\/2023\\\/02\\\/10\\\/caso-frida-santamaria\\\/#primaryimage\"},\"thumbnailUrl\":\"https:\\\/\\\/conexionnacional.mx\\\/wp-content\\\/uploads\\\/2023\\\/02\\\/Juez-a-Frida-Santamaria-CN.jpg\",\"datePublished\":\"2023-02-10T19:30:00+00:00\",\"description\":\"Derecho a justicia imparcial hacia las v\u00edctimas no se viola en el caso de Frida Santamar\u00eda en el estado de Michoac\u00e1n.\",\"breadcrumb\":{\"@id\":\"https:\\\/\\\/conexionnacional.mx\\\/index.php\\\/2023\\\/02\\\/10\\\/caso-frida-santamaria\\\/#breadcrumb\"},\"inLanguage\":\"es\",\"potentialAction\":[{\"@type\":\"ReadAction\",\"target\":[\"https:\\\/\\\/conexionnacional.mx\\\/index.php\\\/2023\\\/02\\\/10\\\/caso-frida-santamaria\\\/\"]}]},{\"@type\":\"ImageObject\",\"inLanguage\":\"es\",\"@id\":\"https:\\\/\\\/conexionnacional.mx\\\/index.php\\\/2023\\\/02\\\/10\\\/caso-frida-santamaria\\\/#primaryimage\",\"url\":\"https:\\\/\\\/conexionnacional.mx\\\/wp-content\\\/uploads\\\/2023\\\/02\\\/Juez-a-Frida-Santamaria-CN.jpg\",\"contentUrl\":\"https:\\\/\\\/conexionnacional.mx\\\/wp-content\\\/uploads\\\/2023\\\/02\\\/Juez-a-Frida-Santamaria-CN.jpg\",\"width\":1000,\"height\":600,\"caption\":\"Juez rechaza recusaci\u00f3n del caso Frida Santamar\u00eda\"},{\"@type\":\"BreadcrumbList\",\"@id\":\"https:\\\/\\\/conexionnacional.mx\\\/index.php\\\/2023\\\/02\\\/10\\\/caso-frida-santamaria\\\/#breadcrumb\",\"itemListElement\":[{\"@type\":\"ListItem\",\"position\":1,\"name\":\"Inicio\",\"item\":\"https:\\\/\\\/conexionnacional.mx\\\/\"},{\"@type\":\"ListItem\",\"position\":2,\"name\":\"Juez rechaza recusaci\u00f3n del caso Frida Santamar\u00eda\"}]},{\"@type\":\"WebSite\",\"@id\":\"https:\\\/\\\/conexionnacional.mx\\\/#website\",\"url\":\"https:\\\/\\\/conexionnacional.mx\\\/\",\"name\":\"Conexi\u00f3n Nacional\",\"description\":\"Noticias al momento\",\"publisher\":{\"@id\":\"https:\\\/\\\/conexionnacional.mx\\\/#organization\"},\"alternateName\":\"Noticias nacionales\",\"potentialAction\":[{\"@type\":\"SearchAction\",\"target\":{\"@type\":\"EntryPoint\",\"urlTemplate\":\"https:\\\/\\\/conexionnacional.mx\\\/?s={search_term_string}\"},\"query-input\":{\"@type\":\"PropertyValueSpecification\",\"valueRequired\":true,\"valueName\":\"search_term_string\"}}],\"inLanguage\":\"es\"},{\"@type\":\"Organization\",\"@id\":\"https:\\\/\\\/conexionnacional.mx\\\/#organization\",\"name\":\"Conexi\u00f3n Nacional\",\"url\":\"https:\\\/\\\/conexionnacional.mx\\\/\",\"logo\":{\"@type\":\"ImageObject\",\"inLanguage\":\"es\",\"@id\":\"https:\\\/\\\/conexionnacional.mx\\\/#\\\/schema\\\/logo\\\/image\\\/\",\"url\":\"https:\\\/\\\/conexionnacional.mx\\\/wp-content\\\/uploads\\\/2022\\\/09\\\/conexion_nacional.png\",\"contentUrl\":\"https:\\\/\\\/conexionnacional.mx\\\/wp-content\\\/uploads\\\/2022\\\/09\\\/conexion_nacional.png\",\"width\":2964,\"height\":1173,\"caption\":\"Conexi\u00f3n Nacional\"},\"image\":{\"@id\":\"https:\\\/\\\/conexionnacional.mx\\\/#\\\/schema\\\/logo\\\/image\\\/\"},\"sameAs\":[\"https:\\\/\\\/www.facebook.com\\\/cnmxradio\"]},{\"@type\":\"Person\",\"@id\":\"https:\\\/\\\/conexionnacional.mx\\\/#\\\/schema\\\/person\\\/dd14aeda902120f5e0e021903fdb6931\",\"name\":\"Conexi\u00f3n Nacional\",\"image\":{\"@type\":\"ImageObject\",\"inLanguage\":\"es\",\"@id\":\"https:\\\/\\\/secure.gravatar.com\\\/avatar\\\/e523100f284110b2ecca7e17b2be9cf140a5e8f35294c9ec0543e6916cc1f9be?s=96&d=blank&r=g\",\"url\":\"https:\\\/\\\/secure.gravatar.com\\\/avatar\\\/e523100f284110b2ecca7e17b2be9cf140a5e8f35294c9ec0543e6916cc1f9be?s=96&d=blank&r=g\",\"contentUrl\":\"https:\\\/\\\/secure.gravatar.com\\\/avatar\\\/e523100f284110b2ecca7e17b2be9cf140a5e8f35294c9ec0543e6916cc1f9be?s=96&d=blank&r=g\",\"caption\":\"Conexi\u00f3n Nacional\"},\"sameAs\":[\"https:\\\/\\\/conexionnacional.mx\"],\"url\":\"https:\\\/\\\/conexionnacional.mx\\\/index.php\\\/author\\\/administrador\\\/\"}]}<\/script>\n<!-- \/ Yoast SEO plugin. -->","yoast_head_json":{"title":"Juez rechaza recusaci\u00f3n del caso Frida Santamar\u00eda |","description":"Derecho a justicia imparcial hacia las v\u00edctimas no se viola en el caso de Frida Santamar\u00eda en el estado de Michoac\u00e1n.","robots":{"index":"index","follow":"follow","max-snippet":"max-snippet:-1","max-image-preview":"max-image-preview:large","max-video-preview":"max-video-preview:-1"},"canonical":"https:\/\/conexionnacional.mx\/index.php\/2023\/02\/10\/caso-frida-santamaria\/","og_locale":"es_MX","og_type":"article","og_title":"Juez rechaza recusaci\u00f3n del caso Frida Santamar\u00eda |","og_description":"Derecho a justicia imparcial hacia las v\u00edctimas no se viola en el caso de Frida Santamar\u00eda en el estado de Michoac\u00e1n.","og_url":"https:\/\/conexionnacional.mx\/index.php\/2023\/02\/10\/caso-frida-santamaria\/","og_site_name":"Conexi\u00f3n Nacional","article_publisher":"https:\/\/www.facebook.com\/cnmxradio","article_published_time":"2023-02-10T19:30:00+00:00","og_image":[{"width":1000,"height":600,"url":"https:\/\/conexionnacional.mx\/wp-content\/uploads\/2023\/02\/Juez-a-Frida-Santamaria-CN.jpg","type":"image\/jpeg"}],"author":"Conexi\u00f3n Nacional","twitter_card":"summary_large_image","twitter_misc":{"Escrito por":"Conexi\u00f3n Nacional","Tiempo de lectura":"1 minuto"},"schema":{"@context":"https:\/\/schema.org","@graph":[{"@type":"Article","@id":"https:\/\/conexionnacional.mx\/index.php\/2023\/02\/10\/caso-frida-santamaria\/#article","isPartOf":{"@id":"https:\/\/conexionnacional.mx\/index.php\/2023\/02\/10\/caso-frida-santamaria\/"},"author":{"name":"Conexi\u00f3n Nacional","@id":"https:\/\/conexionnacional.mx\/#\/schema\/person\/dd14aeda902120f5e0e021903fdb6931"},"headline":"Juez rechaza recusaci\u00f3n del caso Frida Santamar\u00eda","datePublished":"2023-02-10T19:30:00+00:00","mainEntityOfPage":{"@id":"https:\/\/conexionnacional.mx\/index.php\/2023\/02\/10\/caso-frida-santamaria\/"},"wordCount":235,"publisher":{"@id":"https:\/\/conexionnacional.mx\/#organization"},"image":{"@id":"https:\/\/conexionnacional.mx\/index.php\/2023\/02\/10\/caso-frida-santamaria\/#primaryimage"},"thumbnailUrl":"https:\/\/conexionnacional.mx\/wp-content\/uploads\/2023\/02\/Juez-a-Frida-Santamaria-CN.jpg","keywords":["feminicidios","Frida Santamar\u00eda","Juez","Michoac\u00e1n"],"articleSection":["Estados"],"inLanguage":"es"},{"@type":"WebPage","@id":"https:\/\/conexionnacional.mx\/index.php\/2023\/02\/10\/caso-frida-santamaria\/","url":"https:\/\/conexionnacional.mx\/index.php\/2023\/02\/10\/caso-frida-santamaria\/","name":"Juez rechaza recusaci\u00f3n del caso Frida Santamar\u00eda |","isPartOf":{"@id":"https:\/\/conexionnacional.mx\/#website"},"primaryImageOfPage":{"@id":"https:\/\/conexionnacional.mx\/index.php\/2023\/02\/10\/caso-frida-santamaria\/#primaryimage"},"image":{"@id":"https:\/\/conexionnacional.mx\/index.php\/2023\/02\/10\/caso-frida-santamaria\/#primaryimage"},"thumbnailUrl":"https:\/\/conexionnacional.mx\/wp-content\/uploads\/2023\/02\/Juez-a-Frida-Santamaria-CN.jpg","datePublished":"2023-02-10T19:30:00+00:00","description":"Derecho a justicia imparcial hacia las v\u00edctimas no se viola en el caso de Frida Santamar\u00eda en el estado de Michoac\u00e1n.","breadcrumb":{"@id":"https:\/\/conexionnacional.mx\/index.php\/2023\/02\/10\/caso-frida-santamaria\/#breadcrumb"},"inLanguage":"es","potentialAction":[{"@type":"ReadAction","target":["https:\/\/conexionnacional.mx\/index.php\/2023\/02\/10\/caso-frida-santamaria\/"]}]},{"@type":"ImageObject","inLanguage":"es","@id":"https:\/\/conexionnacional.mx\/index.php\/2023\/02\/10\/caso-frida-santamaria\/#primaryimage","url":"https:\/\/conexionnacional.mx\/wp-content\/uploads\/2023\/02\/Juez-a-Frida-Santamaria-CN.jpg","contentUrl":"https:\/\/conexionnacional.mx\/wp-content\/uploads\/2023\/02\/Juez-a-Frida-Santamaria-CN.jpg","width":1000,"height":600,"caption":"Juez rechaza recusaci\u00f3n del caso Frida Santamar\u00eda"},{"@type":"BreadcrumbList","@id":"https:\/\/conexionnacional.mx\/index.php\/2023\/02\/10\/caso-frida-santamaria\/#breadcrumb","itemListElement":[{"@type":"ListItem","position":1,"name":"Inicio","item":"https:\/\/conexionnacional.mx\/"},{"@type":"ListItem","position":2,"name":"Juez rechaza recusaci\u00f3n del caso Frida Santamar\u00eda"}]},{"@type":"WebSite","@id":"https:\/\/conexionnacional.mx\/#website","url":"https:\/\/conexionnacional.mx\/","name":"Conexi\u00f3n Nacional","description":"Noticias al momento","publisher":{"@id":"https:\/\/conexionnacional.mx\/#organization"},"alternateName":"Noticias nacionales","potentialAction":[{"@type":"SearchAction","target":{"@type":"EntryPoint","urlTemplate":"https:\/\/conexionnacional.mx\/?s={search_term_string}"},"query-input":{"@type":"PropertyValueSpecification","valueRequired":true,"valueName":"search_term_string"}}],"inLanguage":"es"},{"@type":"Organization","@id":"https:\/\/conexionnacional.mx\/#organization","name":"Conexi\u00f3n Nacional","url":"https:\/\/conexionnacional.mx\/","logo":{"@type":"ImageObject","inLanguage":"es","@id":"https:\/\/conexionnacional.mx\/#\/schema\/logo\/image\/","url":"https:\/\/conexionnacional.mx\/wp-content\/uploads\/2022\/09\/conexion_nacional.png","contentUrl":"https:\/\/conexionnacional.mx\/wp-content\/uploads\/2022\/09\/conexion_nacional.png","width":2964,"height":1173,"caption":"Conexi\u00f3n Nacional"},"image":{"@id":"https:\/\/conexionnacional.mx\/#\/schema\/logo\/image\/"},"sameAs":["https:\/\/www.facebook.com\/cnmxradio"]},{"@type":"Person","@id":"https:\/\/conexionnacional.mx\/#\/schema\/person\/dd14aeda902120f5e0e021903fdb6931","name":"Conexi\u00f3n Nacional","image":{"@type":"ImageObject","inLanguage":"es","@id":"https:\/\/secure.gravatar.com\/avatar\/e523100f284110b2ecca7e17b2be9cf140a5e8f35294c9ec0543e6916cc1f9be?s=96&d=blank&r=g","url":"https:\/\/secure.gravatar.com\/avatar\/e523100f284110b2ecca7e17b2be9cf140a5e8f35294c9ec0543e6916cc1f9be?s=96&d=blank&r=g","contentUrl":"https:\/\/secure.gravatar.com\/avatar\/e523100f284110b2ecca7e17b2be9cf140a5e8f35294c9ec0543e6916cc1f9be?s=96&d=blank&r=g","caption":"Conexi\u00f3n Nacional"},"sameAs":["https:\/\/conexionnacional.mx"],"url":"https:\/\/conexionnacional.mx\/index.php\/author\/administrador\/"}]}},"_links":{"self":[{"href":"https:\/\/conexionnacional.mx\/index.php\/wp-json\/wp\/v2\/posts\/8762","targetHints":{"allow":["GET"]}}],"collection":[{"href":"https:\/\/conexionnacional.mx\/index.php\/wp-json\/wp\/v2\/posts"}],"about":[{"href":"https:\/\/conexionnacional.mx\/index.php\/wp-json\/wp\/v2\/types\/post"}],"author":[{"embeddable":true,"href":"https:\/\/conexionnacional.mx\/index.php\/wp-json\/wp\/v2\/users\/1"}],"replies":[{"embeddable":true,"href":"https:\/\/conexionnacional.mx\/index.php\/wp-json\/wp\/v2\/comments?post=8762"}],"version-history":[{"count":1,"href":"https:\/\/conexionnacional.mx\/index.php\/wp-json\/wp\/v2\/posts\/8762\/revisions"}],"predecessor-version":[{"id":8764,"href":"https:\/\/conexionnacional.mx\/index.php\/wp-json\/wp\/v2\/posts\/8762\/revisions\/8764"}],"wp:featuredmedia":[{"embeddable":true,"href":"https:\/\/conexionnacional.mx\/index.php\/wp-json\/wp\/v2\/media\/8763"}],"wp:attachment":[{"href":"https:\/\/conexionnacional.mx\/index.php\/wp-json\/wp\/v2\/media?parent=8762"}],"wp:term":[{"taxonomy":"category","embeddable":true,"href":"https:\/\/conexionnacional.mx\/index.php\/wp-json\/wp\/v2\/categories?post=8762"},{"taxonomy":"post_tag","embeddable":true,"href":"https:\/\/conexionnacional.mx\/index.php\/wp-json\/wp\/v2\/tags?post=8762"}],"curies":[{"name":"wp","href":"https:\/\/api.w.org\/{rel}","templated":true}]}}