{"id":8758,"date":"2023-02-10T12:14:56","date_gmt":"2023-02-10T18:14:56","guid":{"rendered":"https:\/\/conexionnacional.mx\/?p=8758"},"modified":"2023-02-10T12:14:56","modified_gmt":"2023-02-10T18:14:56","slug":"ebrard-si-acepto-programa-quedate-en-mexico","status":"publish","type":"post","link":"https:\/\/conexionnacional.mx\/index.php\/2023\/02\/10\/ebrard-si-acepto-programa-quedate-en-mexico\/","title":{"rendered":"<strong>Ebrard s\u00ed acept\u00f3 la imposici\u00f3n del programa \u201cQu\u00e9date en M\u00e9xico\u201d revel\u00f3 la embajadora Martha B\u00e1rcena<\/strong>"},"content":{"rendered":"\n<p>Por: <a href=\"https:\/\/www.cydnoticias.mx\/2023\/02\/10\/ebrard-si-acepto-programa-quedate-en-mexico\/\">Yeri Gonz\u00e1lez | cydnoticias.mx<\/a> &nbsp; |<\/p>\n\n\n\n<p>El canciller <strong>Marcelo Ebrard acept\u00f3 el acuerdo<\/strong> que dar\u00eda paso al pol\u00e9mico programa <strong>&#8220;Qu\u00e9date en M\u00e9xico&#8221;<\/strong> y me pidi\u00f3 mantenerlo en secreto, revel\u00f3 la <strong>exembajadora de M\u00e9xico en Estados Unidos, Martha B\u00e1rcena<\/strong>, confirmando as\u00ed lo revelado por Mike Pompeo, quien fuera secretario de Estado en la administraci\u00f3n de Donald Trump.<\/p>\n\n\n\n<p>En entrevista con el periodista Le\u00f3n Krause de Univisi\u00f3n, la ex embajadora de M\u00e9xico en Estados Unidos acus\u00f3:<em> <\/em><strong><em>\u201cHubo un acuerdo migratorio secreto y se me ocult\u00f3; ratific\u00f3 que siempre se me enga\u00f1\u00f3 y que se me enga\u00f1\u00f3 en el sentido de no decirme que esto hab\u00eda sido un acuerdo, una negociaci\u00f3n entre Ebrard y Pompeo y Nielsen\u201d<\/em><\/strong><em>.<\/em><\/p>\n\n\n\n<p>Dijo que Marcelo Ebrard dentro del gabinete presidencial es como <strong>\u201cel coyote en el gallinero\u201d<\/strong> por su experiencia y asegur\u00f3 que fue hasta que se public\u00f3 el libro<strong> &#8220;Guerras en la frontera&#8221;<\/strong> y ahora las Memorias de Pompeo, que todo sali\u00f3 a la luz:<\/p>\n\n\n\n<figure class=\"wp-block-embed is-type-rich is-provider-twitter wp-block-embed-twitter\"><div class=\"wp-block-embed__wrapper\">\n<blockquote class=\"twitter-tweet\" data-width=\"550\" data-dnt=\"true\"><p lang=\"es\" dir=\"ltr\">\u201cPara \u00e9l, lo \u00fanico importante es ser el candidato a la presidencia\u201d.<br><br>En esta entrevista exclusiva para el podcast <a href=\"https:\/\/twitter.com\/unireporta?ref_src=twsrc%5Etfw\">@unireporta<\/a>, <a href=\"https:\/\/twitter.com\/Martha_Barcena?ref_src=twsrc%5Etfw\">@Martha_Barcena<\/a>, ex embajadora de \ud83c\uddf2\ud83c\uddfd en \ud83c\uddfa\ud83c\uddf8, explica las  concesiones mexicanas a Trump, negociadas por Marcelo Ebrard.<br><br>\ud83c\udfa7\ud83d\udc47\ud83c\udffc<a href=\"https:\/\/t.co\/6M7jzqzMA8\">https:\/\/t.co\/6M7jzqzMA8<\/a> <a href=\"https:\/\/t.co\/NwYrH6cTdG\">pic.twitter.com\/NwYrH6cTdG<\/a><\/p>&mdash; Le\u00f3n Krauze (@LeonKrauze) <a href=\"https:\/\/twitter.com\/LeonKrauze\/status\/1623693141273346049?ref_src=twsrc%5Etfw\">February 9, 2023<\/a><\/blockquote><script async src=\"https:\/\/platform.twitter.com\/widgets.js\" charset=\"utf-8\"><\/script>\n<\/div><\/figure>\n\n\n\n<p>La embajadora Martha B\u00e1rcena, confirm\u00f3 que <strong>a trav\u00e9s de Ebrard, M\u00e9xico acept\u00f3 la imposici\u00f3n de Estados Unidos de recibir a todos los migrantes que expulsaron <\/strong>ante los amagos de <strong>Donald Trump<\/strong> de imponer aranceles al acero mexicano, lo que hubiese provocado una crisis en el sector.<\/p>\n\n\n\n<p>El ex secretario de estado <strong>Mike Pompeo<\/strong>, revel\u00f3&nbsp; en un libro de reciente aparici\u00f3n, que <strong>Ebrard le dijo que M\u00e9xico aceptaba el programa migratorio<\/strong>, pero a cambio le ped\u00eda guardar total secreto, no firmar ning\u00fan documento y aceptar que el gobierno mexicano criticara al de Trump en p\u00fablico.&nbsp;<\/p>\n\n\n\n<figure class=\"wp-block-embed is-type-wp-embed is-provider-claro-y-directo-mx wp-block-embed-claro-y-directo-mx\"><div class=\"wp-block-embed__wrapper\">\nhttps:\/\/www.cydnoticias.mx\/2023\/01\/29\/trump-presumir-sometio-a-amlo\/\n<\/div><\/figure>\n\n\n\n<p><strong>El programa \u201cQu\u00e9date en M\u00e9xico\u201d<\/strong> consiste en que <strong>los migrantes que tienen tr\u00e1mites para ingresar a Estados Unidos deben quedarse en el lado mexicano<\/strong> de la frontera a esperar una resoluci\u00f3n, en lugar de hacerlo en aquel pa\u00eds. Ello implica una gran presi\u00f3n para M\u00e9xico y p\u00fablicamente, el gobierno de AMLO dijo que no lo aceptar\u00eda, pero Ebrard acept\u00f3 sin revelarlo a la opini\u00f3n p\u00fablica.&nbsp;<\/p>\n\n\n\n<figure class=\"wp-block-embed is-type-wp-embed is-provider-claro-y-directo-mx wp-block-embed-claro-y-directo-mx\"><div class=\"wp-block-embed__wrapper\">\nhttps:\/\/www.cydnoticias.mx\/2023\/01\/30\/niega-amlo-haber-sido-sometido\/\n<\/div><\/figure>\n\n\n\n<p>Con Informaci\u00f3n de<a href=\"https:\/\/www.cydnoticias.mx\/\"> Claro y Directo Mx\u00ae<\/a><\/p>\n","protected":false},"excerpt":{"rendered":"<p>Por: Yeri Gonz\u00e1lez | cydnoticias.mx &nbsp; | El canciller Marcelo Ebrard acept\u00f3 el acuerdo que dar\u00eda paso al pol\u00e9mico programa &#8220;Qu\u00e9date en M\u00e9xico&#8221; y me pidi\u00f3 mantenerlo en secreto, revel\u00f3 la exembajadora de M\u00e9xico en Estados Unidos, Martha B\u00e1rcena, confirmando as\u00ed lo revelado por Mike Pompeo, quien fuera secretario de Estado en la administraci\u00f3n de [&hellip;]<\/p>\n","protected":false},"author":1,"featured_media":8759,"comment_status":"closed","ping_status":"closed","sticky":false,"template":"","format":"aside","meta":{"googlesitekit_rrm_CAowytPeCw:productID":"","footnotes":""},"categories":[3],"tags":[1389,35,2339,4029,454],"class_list":["post-8758","post","type-post","status-publish","format-aside","has-post-thumbnail","hentry","category-nacional","tag-ebrard","tag-estados-unidos","tag-frontera","tag-martha-barcena","tag-migracion","post_format-post-format-aside"],"yoast_head":"<!-- This site is optimized with the Yoast SEO plugin v27.5 - https:\/\/yoast.com\/product\/yoast-seo-wordpress\/ -->\n<title>Ebrard s\u00ed acept\u00f3 la imposici\u00f3n del programa \u201cQu\u00e9date en M\u00e9xico\u201d revel\u00f3 la embajadora Martha B\u00e1rcena |<\/title>\n<meta name=\"description\" content=\"El canciller Marcelo Ebrard acept\u00f3 el acuerdo que dar\u00eda paso al pol\u00e9mico programa &quot;Qu\u00e9date en M\u00e9xico&quot; y me pidi\u00f3 mantenerlo en secreto\" \/>\n<meta name=\"robots\" content=\"index, follow, max-snippet:-1, max-image-preview:large, max-video-preview:-1\" \/>\n<link rel=\"canonical\" href=\"https:\/\/conexionnacional.mx\/index.php\/2023\/02\/10\/ebrard-si-acepto-programa-quedate-en-mexico\/\" \/>\n<meta property=\"og:locale\" content=\"es_MX\" \/>\n<meta property=\"og:type\" content=\"article\" \/>\n<meta property=\"og:title\" content=\"Ebrard s\u00ed acept\u00f3 la imposici\u00f3n del programa \u201cQu\u00e9date en M\u00e9xico\u201d revel\u00f3 la embajadora Martha B\u00e1rcena |\" \/>\n<meta property=\"og:description\" content=\"El canciller Marcelo Ebrard acept\u00f3 el acuerdo que dar\u00eda paso al pol\u00e9mico programa &quot;Qu\u00e9date en M\u00e9xico&quot; y me pidi\u00f3 mantenerlo en secreto\" \/>\n<meta property=\"og:url\" content=\"https:\/\/conexionnacional.mx\/index.php\/2023\/02\/10\/ebrard-si-acepto-programa-quedate-en-mexico\/\" \/>\n<meta property=\"og:site_name\" content=\"Conexi\u00f3n Nacional\" \/>\n<meta property=\"article:publisher\" content=\"https:\/\/www.facebook.com\/cnmxradio\" \/>\n<meta property=\"article:published_time\" content=\"2023-02-10T18:14:56+00:00\" \/>\n<meta property=\"og:image\" content=\"https:\/\/conexionnacional.mx\/wp-content\/uploads\/2023\/02\/Ebrard-Quedate-en-Mexico-CN.jpg\" \/>\n\t<meta property=\"og:image:width\" content=\"1000\" \/>\n\t<meta property=\"og:image:height\" content=\"600\" \/>\n\t<meta property=\"og:image:type\" content=\"image\/jpeg\" \/>\n<meta name=\"author\" content=\"Conexi\u00f3n Nacional\" \/>\n<meta name=\"twitter:card\" content=\"summary_large_image\" \/>\n<meta name=\"twitter:label1\" content=\"Escrito por\" \/>\n\t<meta name=\"twitter:data1\" content=\"Conexi\u00f3n Nacional\" \/>\n\t<meta name=\"twitter:label2\" content=\"Tiempo de lectura\" \/>\n\t<meta name=\"twitter:data2\" content=\"2 minutos\" \/>\n<script type=\"application\/ld+json\" class=\"yoast-schema-graph\">{\"@context\":\"https:\\\/\\\/schema.org\",\"@graph\":[{\"@type\":\"Article\",\"@id\":\"https:\\\/\\\/conexionnacional.mx\\\/index.php\\\/2023\\\/02\\\/10\\\/ebrard-si-acepto-programa-quedate-en-mexico\\\/#article\",\"isPartOf\":{\"@id\":\"https:\\\/\\\/conexionnacional.mx\\\/index.php\\\/2023\\\/02\\\/10\\\/ebrard-si-acepto-programa-quedate-en-mexico\\\/\"},\"author\":{\"name\":\"Conexi\u00f3n Nacional\",\"@id\":\"https:\\\/\\\/conexionnacional.mx\\\/#\\\/schema\\\/person\\\/dd14aeda902120f5e0e021903fdb6931\"},\"headline\":\"Ebrard s\u00ed acept\u00f3 la imposici\u00f3n del programa \u201cQu\u00e9date en M\u00e9xico\u201d revel\u00f3 la embajadora Martha B\u00e1rcena\",\"datePublished\":\"2023-02-10T18:14:56+00:00\",\"mainEntityOfPage\":{\"@id\":\"https:\\\/\\\/conexionnacional.mx\\\/index.php\\\/2023\\\/02\\\/10\\\/ebrard-si-acepto-programa-quedate-en-mexico\\\/\"},\"wordCount\":402,\"publisher\":{\"@id\":\"https:\\\/\\\/conexionnacional.mx\\\/#organization\"},\"image\":{\"@id\":\"https:\\\/\\\/conexionnacional.mx\\\/index.php\\\/2023\\\/02\\\/10\\\/ebrard-si-acepto-programa-quedate-en-mexico\\\/#primaryimage\"},\"thumbnailUrl\":\"https:\\\/\\\/conexionnacional.mx\\\/wp-content\\\/uploads\\\/2023\\\/02\\\/Ebrard-Quedate-en-Mexico-CN.jpg\",\"keywords\":[\"Ebrard\",\"Estados Unidos\",\"frontera\",\"Martha B\u00e1rcena\",\"migraci\u00f3n\"],\"articleSection\":[\"Nacional\"],\"inLanguage\":\"es\"},{\"@type\":\"WebPage\",\"@id\":\"https:\\\/\\\/conexionnacional.mx\\\/index.php\\\/2023\\\/02\\\/10\\\/ebrard-si-acepto-programa-quedate-en-mexico\\\/\",\"url\":\"https:\\\/\\\/conexionnacional.mx\\\/index.php\\\/2023\\\/02\\\/10\\\/ebrard-si-acepto-programa-quedate-en-mexico\\\/\",\"name\":\"Ebrard s\u00ed acept\u00f3 la imposici\u00f3n del programa \u201cQu\u00e9date en M\u00e9xico\u201d revel\u00f3 la embajadora Martha B\u00e1rcena |\",\"isPartOf\":{\"@id\":\"https:\\\/\\\/conexionnacional.mx\\\/#website\"},\"primaryImageOfPage\":{\"@id\":\"https:\\\/\\\/conexionnacional.mx\\\/index.php\\\/2023\\\/02\\\/10\\\/ebrard-si-acepto-programa-quedate-en-mexico\\\/#primaryimage\"},\"image\":{\"@id\":\"https:\\\/\\\/conexionnacional.mx\\\/index.php\\\/2023\\\/02\\\/10\\\/ebrard-si-acepto-programa-quedate-en-mexico\\\/#primaryimage\"},\"thumbnailUrl\":\"https:\\\/\\\/conexionnacional.mx\\\/wp-content\\\/uploads\\\/2023\\\/02\\\/Ebrard-Quedate-en-Mexico-CN.jpg\",\"datePublished\":\"2023-02-10T18:14:56+00:00\",\"description\":\"El canciller Marcelo Ebrard acept\u00f3 el acuerdo que dar\u00eda paso al pol\u00e9mico programa \\\"Qu\u00e9date en M\u00e9xico\\\" y me pidi\u00f3 mantenerlo en secreto\",\"breadcrumb\":{\"@id\":\"https:\\\/\\\/conexionnacional.mx\\\/index.php\\\/2023\\\/02\\\/10\\\/ebrard-si-acepto-programa-quedate-en-mexico\\\/#breadcrumb\"},\"inLanguage\":\"es\",\"potentialAction\":[{\"@type\":\"ReadAction\",\"target\":[\"https:\\\/\\\/conexionnacional.mx\\\/index.php\\\/2023\\\/02\\\/10\\\/ebrard-si-acepto-programa-quedate-en-mexico\\\/\"]}]},{\"@type\":\"ImageObject\",\"inLanguage\":\"es\",\"@id\":\"https:\\\/\\\/conexionnacional.mx\\\/index.php\\\/2023\\\/02\\\/10\\\/ebrard-si-acepto-programa-quedate-en-mexico\\\/#primaryimage\",\"url\":\"https:\\\/\\\/conexionnacional.mx\\\/wp-content\\\/uploads\\\/2023\\\/02\\\/Ebrard-Quedate-en-Mexico-CN.jpg\",\"contentUrl\":\"https:\\\/\\\/conexionnacional.mx\\\/wp-content\\\/uploads\\\/2023\\\/02\\\/Ebrard-Quedate-en-Mexico-CN.jpg\",\"width\":1000,\"height\":600,\"caption\":\"Ebrard s\u00ed acept\u00f3 la imposici\u00f3n del programa \u201cQu\u00e9date en M\u00e9xico\u201d revel\u00f3 la embajadora Martha B\u00e1rcena\"},{\"@type\":\"BreadcrumbList\",\"@id\":\"https:\\\/\\\/conexionnacional.mx\\\/index.php\\\/2023\\\/02\\\/10\\\/ebrard-si-acepto-programa-quedate-en-mexico\\\/#breadcrumb\",\"itemListElement\":[{\"@type\":\"ListItem\",\"position\":1,\"name\":\"Inicio\",\"item\":\"https:\\\/\\\/conexionnacional.mx\\\/\"},{\"@type\":\"ListItem\",\"position\":2,\"name\":\"Ebrard s\u00ed acept\u00f3 la imposici\u00f3n del programa \u201cQu\u00e9date en M\u00e9xico\u201d revel\u00f3 la embajadora Martha B\u00e1rcena\"}]},{\"@type\":\"WebSite\",\"@id\":\"https:\\\/\\\/conexionnacional.mx\\\/#website\",\"url\":\"https:\\\/\\\/conexionnacional.mx\\\/\",\"name\":\"Conexi\u00f3n Nacional\",\"description\":\"Noticias al momento\",\"publisher\":{\"@id\":\"https:\\\/\\\/conexionnacional.mx\\\/#organization\"},\"alternateName\":\"Noticias nacionales\",\"potentialAction\":[{\"@type\":\"SearchAction\",\"target\":{\"@type\":\"EntryPoint\",\"urlTemplate\":\"https:\\\/\\\/conexionnacional.mx\\\/?s={search_term_string}\"},\"query-input\":{\"@type\":\"PropertyValueSpecification\",\"valueRequired\":true,\"valueName\":\"search_term_string\"}}],\"inLanguage\":\"es\"},{\"@type\":\"Organization\",\"@id\":\"https:\\\/\\\/conexionnacional.mx\\\/#organization\",\"name\":\"Conexi\u00f3n Nacional\",\"url\":\"https:\\\/\\\/conexionnacional.mx\\\/\",\"logo\":{\"@type\":\"ImageObject\",\"inLanguage\":\"es\",\"@id\":\"https:\\\/\\\/conexionnacional.mx\\\/#\\\/schema\\\/logo\\\/image\\\/\",\"url\":\"https:\\\/\\\/conexionnacional.mx\\\/wp-content\\\/uploads\\\/2022\\\/09\\\/conexion_nacional.png\",\"contentUrl\":\"https:\\\/\\\/conexionnacional.mx\\\/wp-content\\\/uploads\\\/2022\\\/09\\\/conexion_nacional.png\",\"width\":2964,\"height\":1173,\"caption\":\"Conexi\u00f3n Nacional\"},\"image\":{\"@id\":\"https:\\\/\\\/conexionnacional.mx\\\/#\\\/schema\\\/logo\\\/image\\\/\"},\"sameAs\":[\"https:\\\/\\\/www.facebook.com\\\/cnmxradio\"]},{\"@type\":\"Person\",\"@id\":\"https:\\\/\\\/conexionnacional.mx\\\/#\\\/schema\\\/person\\\/dd14aeda902120f5e0e021903fdb6931\",\"name\":\"Conexi\u00f3n Nacional\",\"image\":{\"@type\":\"ImageObject\",\"inLanguage\":\"es\",\"@id\":\"https:\\\/\\\/secure.gravatar.com\\\/avatar\\\/e523100f284110b2ecca7e17b2be9cf140a5e8f35294c9ec0543e6916cc1f9be?s=96&d=blank&r=g\",\"url\":\"https:\\\/\\\/secure.gravatar.com\\\/avatar\\\/e523100f284110b2ecca7e17b2be9cf140a5e8f35294c9ec0543e6916cc1f9be?s=96&d=blank&r=g\",\"contentUrl\":\"https:\\\/\\\/secure.gravatar.com\\\/avatar\\\/e523100f284110b2ecca7e17b2be9cf140a5e8f35294c9ec0543e6916cc1f9be?s=96&d=blank&r=g\",\"caption\":\"Conexi\u00f3n Nacional\"},\"sameAs\":[\"https:\\\/\\\/conexionnacional.mx\"],\"url\":\"https:\\\/\\\/conexionnacional.mx\\\/index.php\\\/author\\\/administrador\\\/\"}]}<\/script>\n<!-- \/ Yoast SEO plugin. -->","yoast_head_json":{"title":"Ebrard s\u00ed acept\u00f3 la imposici\u00f3n del programa \u201cQu\u00e9date en M\u00e9xico\u201d revel\u00f3 la embajadora Martha B\u00e1rcena |","description":"El canciller Marcelo Ebrard acept\u00f3 el acuerdo que dar\u00eda paso al pol\u00e9mico programa \"Qu\u00e9date en M\u00e9xico\" y me pidi\u00f3 mantenerlo en secreto","robots":{"index":"index","follow":"follow","max-snippet":"max-snippet:-1","max-image-preview":"max-image-preview:large","max-video-preview":"max-video-preview:-1"},"canonical":"https:\/\/conexionnacional.mx\/index.php\/2023\/02\/10\/ebrard-si-acepto-programa-quedate-en-mexico\/","og_locale":"es_MX","og_type":"article","og_title":"Ebrard s\u00ed acept\u00f3 la imposici\u00f3n del programa \u201cQu\u00e9date en M\u00e9xico\u201d revel\u00f3 la embajadora Martha B\u00e1rcena |","og_description":"El canciller Marcelo Ebrard acept\u00f3 el acuerdo que dar\u00eda paso al pol\u00e9mico programa \"Qu\u00e9date en M\u00e9xico\" y me pidi\u00f3 mantenerlo en secreto","og_url":"https:\/\/conexionnacional.mx\/index.php\/2023\/02\/10\/ebrard-si-acepto-programa-quedate-en-mexico\/","og_site_name":"Conexi\u00f3n Nacional","article_publisher":"https:\/\/www.facebook.com\/cnmxradio","article_published_time":"2023-02-10T18:14:56+00:00","og_image":[{"width":1000,"height":600,"url":"https:\/\/conexionnacional.mx\/wp-content\/uploads\/2023\/02\/Ebrard-Quedate-en-Mexico-CN.jpg","type":"image\/jpeg"}],"author":"Conexi\u00f3n Nacional","twitter_card":"summary_large_image","twitter_misc":{"Escrito por":"Conexi\u00f3n Nacional","Tiempo de lectura":"2 minutos"},"schema":{"@context":"https:\/\/schema.org","@graph":[{"@type":"Article","@id":"https:\/\/conexionnacional.mx\/index.php\/2023\/02\/10\/ebrard-si-acepto-programa-quedate-en-mexico\/#article","isPartOf":{"@id":"https:\/\/conexionnacional.mx\/index.php\/2023\/02\/10\/ebrard-si-acepto-programa-quedate-en-mexico\/"},"author":{"name":"Conexi\u00f3n Nacional","@id":"https:\/\/conexionnacional.mx\/#\/schema\/person\/dd14aeda902120f5e0e021903fdb6931"},"headline":"Ebrard s\u00ed acept\u00f3 la imposici\u00f3n del programa \u201cQu\u00e9date en M\u00e9xico\u201d revel\u00f3 la embajadora Martha B\u00e1rcena","datePublished":"2023-02-10T18:14:56+00:00","mainEntityOfPage":{"@id":"https:\/\/conexionnacional.mx\/index.php\/2023\/02\/10\/ebrard-si-acepto-programa-quedate-en-mexico\/"},"wordCount":402,"publisher":{"@id":"https:\/\/conexionnacional.mx\/#organization"},"image":{"@id":"https:\/\/conexionnacional.mx\/index.php\/2023\/02\/10\/ebrard-si-acepto-programa-quedate-en-mexico\/#primaryimage"},"thumbnailUrl":"https:\/\/conexionnacional.mx\/wp-content\/uploads\/2023\/02\/Ebrard-Quedate-en-Mexico-CN.jpg","keywords":["Ebrard","Estados Unidos","frontera","Martha B\u00e1rcena","migraci\u00f3n"],"articleSection":["Nacional"],"inLanguage":"es"},{"@type":"WebPage","@id":"https:\/\/conexionnacional.mx\/index.php\/2023\/02\/10\/ebrard-si-acepto-programa-quedate-en-mexico\/","url":"https:\/\/conexionnacional.mx\/index.php\/2023\/02\/10\/ebrard-si-acepto-programa-quedate-en-mexico\/","name":"Ebrard s\u00ed acept\u00f3 la imposici\u00f3n del programa \u201cQu\u00e9date en M\u00e9xico\u201d revel\u00f3 la embajadora Martha B\u00e1rcena |","isPartOf":{"@id":"https:\/\/conexionnacional.mx\/#website"},"primaryImageOfPage":{"@id":"https:\/\/conexionnacional.mx\/index.php\/2023\/02\/10\/ebrard-si-acepto-programa-quedate-en-mexico\/#primaryimage"},"image":{"@id":"https:\/\/conexionnacional.mx\/index.php\/2023\/02\/10\/ebrard-si-acepto-programa-quedate-en-mexico\/#primaryimage"},"thumbnailUrl":"https:\/\/conexionnacional.mx\/wp-content\/uploads\/2023\/02\/Ebrard-Quedate-en-Mexico-CN.jpg","datePublished":"2023-02-10T18:14:56+00:00","description":"El canciller Marcelo Ebrard acept\u00f3 el acuerdo que dar\u00eda paso al pol\u00e9mico programa \"Qu\u00e9date en M\u00e9xico\" y me pidi\u00f3 mantenerlo en secreto","breadcrumb":{"@id":"https:\/\/conexionnacional.mx\/index.php\/2023\/02\/10\/ebrard-si-acepto-programa-quedate-en-mexico\/#breadcrumb"},"inLanguage":"es","potentialAction":[{"@type":"ReadAction","target":["https:\/\/conexionnacional.mx\/index.php\/2023\/02\/10\/ebrard-si-acepto-programa-quedate-en-mexico\/"]}]},{"@type":"ImageObject","inLanguage":"es","@id":"https:\/\/conexionnacional.mx\/index.php\/2023\/02\/10\/ebrard-si-acepto-programa-quedate-en-mexico\/#primaryimage","url":"https:\/\/conexionnacional.mx\/wp-content\/uploads\/2023\/02\/Ebrard-Quedate-en-Mexico-CN.jpg","contentUrl":"https:\/\/conexionnacional.mx\/wp-content\/uploads\/2023\/02\/Ebrard-Quedate-en-Mexico-CN.jpg","width":1000,"height":600,"caption":"Ebrard s\u00ed acept\u00f3 la imposici\u00f3n del programa \u201cQu\u00e9date en M\u00e9xico\u201d revel\u00f3 la embajadora Martha B\u00e1rcena"},{"@type":"BreadcrumbList","@id":"https:\/\/conexionnacional.mx\/index.php\/2023\/02\/10\/ebrard-si-acepto-programa-quedate-en-mexico\/#breadcrumb","itemListElement":[{"@type":"ListItem","position":1,"name":"Inicio","item":"https:\/\/conexionnacional.mx\/"},{"@type":"ListItem","position":2,"name":"Ebrard s\u00ed acept\u00f3 la imposici\u00f3n del programa \u201cQu\u00e9date en M\u00e9xico\u201d revel\u00f3 la embajadora Martha B\u00e1rcena"}]},{"@type":"WebSite","@id":"https:\/\/conexionnacional.mx\/#website","url":"https:\/\/conexionnacional.mx\/","name":"Conexi\u00f3n Nacional","description":"Noticias al momento","publisher":{"@id":"https:\/\/conexionnacional.mx\/#organization"},"alternateName":"Noticias nacionales","potentialAction":[{"@type":"SearchAction","target":{"@type":"EntryPoint","urlTemplate":"https:\/\/conexionnacional.mx\/?s={search_term_string}"},"query-input":{"@type":"PropertyValueSpecification","valueRequired":true,"valueName":"search_term_string"}}],"inLanguage":"es"},{"@type":"Organization","@id":"https:\/\/conexionnacional.mx\/#organization","name":"Conexi\u00f3n Nacional","url":"https:\/\/conexionnacional.mx\/","logo":{"@type":"ImageObject","inLanguage":"es","@id":"https:\/\/conexionnacional.mx\/#\/schema\/logo\/image\/","url":"https:\/\/conexionnacional.mx\/wp-content\/uploads\/2022\/09\/conexion_nacional.png","contentUrl":"https:\/\/conexionnacional.mx\/wp-content\/uploads\/2022\/09\/conexion_nacional.png","width":2964,"height":1173,"caption":"Conexi\u00f3n Nacional"},"image":{"@id":"https:\/\/conexionnacional.mx\/#\/schema\/logo\/image\/"},"sameAs":["https:\/\/www.facebook.com\/cnmxradio"]},{"@type":"Person","@id":"https:\/\/conexionnacional.mx\/#\/schema\/person\/dd14aeda902120f5e0e021903fdb6931","name":"Conexi\u00f3n Nacional","image":{"@type":"ImageObject","inLanguage":"es","@id":"https:\/\/secure.gravatar.com\/avatar\/e523100f284110b2ecca7e17b2be9cf140a5e8f35294c9ec0543e6916cc1f9be?s=96&d=blank&r=g","url":"https:\/\/secure.gravatar.com\/avatar\/e523100f284110b2ecca7e17b2be9cf140a5e8f35294c9ec0543e6916cc1f9be?s=96&d=blank&r=g","contentUrl":"https:\/\/secure.gravatar.com\/avatar\/e523100f284110b2ecca7e17b2be9cf140a5e8f35294c9ec0543e6916cc1f9be?s=96&d=blank&r=g","caption":"Conexi\u00f3n Nacional"},"sameAs":["https:\/\/conexionnacional.mx"],"url":"https:\/\/conexionnacional.mx\/index.php\/author\/administrador\/"}]}},"_links":{"self":[{"href":"https:\/\/conexionnacional.mx\/index.php\/wp-json\/wp\/v2\/posts\/8758","targetHints":{"allow":["GET"]}}],"collection":[{"href":"https:\/\/conexionnacional.mx\/index.php\/wp-json\/wp\/v2\/posts"}],"about":[{"href":"https:\/\/conexionnacional.mx\/index.php\/wp-json\/wp\/v2\/types\/post"}],"author":[{"embeddable":true,"href":"https:\/\/conexionnacional.mx\/index.php\/wp-json\/wp\/v2\/users\/1"}],"replies":[{"embeddable":true,"href":"https:\/\/conexionnacional.mx\/index.php\/wp-json\/wp\/v2\/comments?post=8758"}],"version-history":[{"count":1,"href":"https:\/\/conexionnacional.mx\/index.php\/wp-json\/wp\/v2\/posts\/8758\/revisions"}],"predecessor-version":[{"id":8760,"href":"https:\/\/conexionnacional.mx\/index.php\/wp-json\/wp\/v2\/posts\/8758\/revisions\/8760"}],"wp:featuredmedia":[{"embeddable":true,"href":"https:\/\/conexionnacional.mx\/index.php\/wp-json\/wp\/v2\/media\/8759"}],"wp:attachment":[{"href":"https:\/\/conexionnacional.mx\/index.php\/wp-json\/wp\/v2\/media?parent=8758"}],"wp:term":[{"taxonomy":"category","embeddable":true,"href":"https:\/\/conexionnacional.mx\/index.php\/wp-json\/wp\/v2\/categories?post=8758"},{"taxonomy":"post_tag","embeddable":true,"href":"https:\/\/conexionnacional.mx\/index.php\/wp-json\/wp\/v2\/tags?post=8758"}],"curies":[{"name":"wp","href":"https:\/\/api.w.org\/{rel}","templated":true}]}}