{"id":8469,"date":"2023-02-06T13:31:00","date_gmt":"2023-02-06T19:31:00","guid":{"rendered":"https:\/\/conexionnacional.mx\/?p=8469"},"modified":"2023-02-06T14:28:50","modified_gmt":"2023-02-06T20:28:50","slug":"eeuu-y-china-en-terreno-hostil","status":"publish","type":"post","link":"https:\/\/conexionnacional.mx\/index.php\/2023\/02\/06\/eeuu-y-china-en-terreno-hostil\/","title":{"rendered":"<strong>EEUU y China de nuevo en terreno hostil por el globo aerost\u00e1tico esp\u00eda<\/strong>"},"content":{"rendered":"\n<p>Por: <a href=\"https:\/\/www.cydnoticias.mx\/2023\/02\/06\/eeuu-y-china-en-terreno-hostil\/\">Yeri Gonz\u00e1lez | cydnoticias.mx<\/a>&nbsp; |<\/p>\n\n\n\n<p>Los <strong>gobiernos de Estados Unidos y China est\u00e1n inmersos en una nueva crisis diplom\u00e1tica<\/strong>, luego de que este fin de semana,<strong> aviones militares estadounidenses<\/strong> derribaron&nbsp; un <strong>globo aerost\u00e1tico<\/strong> que ha sido calificado como esp\u00eda.<\/p>\n\n\n\n<p><strong>China conden\u00f3 a la administraci\u00f3n del presidente Joe Biden<\/strong> por lo que calific\u00f3 como una <strong>\u201csobrerreacci\u00f3n\u201d<\/strong> y dej\u00f3 abierta la posibilidad de represalias.<\/p>\n\n\n\n<blockquote class=\"wp-block-quote is-layout-flow wp-block-quote-is-layout-flow\">\n<p><em>\u201cChina desaprueba en\u00e9rgicamente y protesta contra el ataque de Estados Unidos a una aeronave civil no tripulada por la fuerza\u201d, reaccion\u00f3 este domingo el Ministerio de Relaciones Exteriores de China. \u201cEl uso de la fuerza por parte de Estados Unidos es una clara reacci\u00f3n exagerada y una grave violaci\u00f3n de la pr\u00e1ctica internacional\u201d.<\/em><\/p>\n<\/blockquote>\n\n\n\n<figure class=\"wp-block-embed is-type-wp-embed is-provider-claro-y-directo-mx wp-block-embed-claro-y-directo-mx\"><div class=\"wp-block-embed__wrapper\">\nhttps:\/\/www.cydnoticias.mx\/2023\/02\/05\/eeuu-derriba-globo-espia\/\n<\/div><\/figure>\n\n\n\n<h2 class=\"wp-block-heading\"><strong>Estados Unidos sostiene que el globo era un artefacto de espionaje<\/strong><\/h2>\n\n\n\n<p>Un alto funcionario de la administraci\u00f3n <strong>Biden dijo<\/strong> a los periodistas que el aparato de inteligencia de Estados Unidos tiene la certeza de que <strong>el globo se encontraba en un misi\u00f3n para obtener informaci\u00f3n de \u201csitios sensitivos\u201d<\/strong>.<\/p>\n\n\n\n<blockquote class=\"wp-block-quote is-layout-flow wp-block-quote-is-layout-flow\">\n<p>\u201cSu ruta sobre Estados Unidos cerca de muchos sitios potencialmente sensibles contradice la explicaci\u00f3n del gobierno de la Rep\u00fablica Popular China de que era un globo meteorol\u00f3gico\u201d, sostuvo el funcionario.<\/p>\n<\/blockquote>\n\n\n\n<h2 class=\"wp-block-heading\"><strong>Un segundo globo fue detectado volando sobre el continente americano<\/strong><\/h2>\n\n\n\n<p>Estados Unidos detect\u00f3<strong> otro \u201cglobo esp\u00eda\u201d de China<\/strong> y asegur\u00f3 que est\u00e1 <strong>sobrevolando Latinoam\u00e9rica<\/strong>, inform\u00f3 este viernes 3 de febrero el Pent\u00e1gono.<\/p>\n\n\n\n<blockquote class=\"wp-block-quote is-layout-flow wp-block-quote-is-layout-flow\">\n<p><em>\u201cEstamos viendo informaci\u00f3n de un globo que est\u00e1 sobrevolando Latinoam\u00e9rica. Evaluamos ahora que se trata de otro globo de vigilancia chino\u201d, dijo en una declaraci\u00f3n enviada a la prensa el portavoz del Pent\u00e1gono, general de brigada Patrick Ryder.<\/em><\/p>\n<\/blockquote>\n\n\n\n<p>El diario La Naci\u00f3n de Costa Rica justo hab\u00eda publicado un art\u00edculo sobre un <strong>objeto volador blanco, que parec\u00eda un globo aerost\u00e1tico<\/strong>, y que hab\u00eda sido avistado sobre el pa\u00eds latinoamericano.<\/p>\n\n\n\n<p>Las fuerzas armadas de Colombia detectaron la presencia de un objeto con &#8220;c<strong>aracter\u00edsticas similares a las de un globo&#8221;<\/strong> en su espacio a\u00e9reo, pero que no present\u00f3 amenaza a la seguridad o defensa nacional ni a la seguridad a\u00e9rea.<\/p>\n\n\n\n<p>Adem\u00e1s, un alto funcionario del Pent\u00e1gono dijo que el globo avistado sobre Latinoam\u00e9rica no parece estar dirigi\u00e9ndose a Estados Unidos.<\/p>\n\n\n\n<p>Con Informaci\u00f3n de<a href=\"https:\/\/www.cydnoticias.mx\/\"> Claro y Directo Mx\u00ae<\/a><\/p>\n","protected":false},"excerpt":{"rendered":"<p>Por: Yeri Gonz\u00e1lez | cydnoticias.mx&nbsp; | Los gobiernos de Estados Unidos y China est\u00e1n inmersos en una nueva crisis diplom\u00e1tica, luego de que este fin de semana, aviones militares estadounidenses derribaron&nbsp; un globo aerost\u00e1tico que ha sido calificado como esp\u00eda. China conden\u00f3 a la administraci\u00f3n del presidente Joe Biden por lo que calific\u00f3 como una [&hellip;]<\/p>\n","protected":false},"author":1,"featured_media":8470,"comment_status":"closed","ping_status":"closed","sticky":false,"template":"","format":"aside","meta":{"googlesitekit_rrm_CAowytPeCw:productID":"","footnotes":""},"categories":[8],"tags":[707,482,35,3917],"class_list":["post-8469","post","type-post","status-publish","format-aside","has-post-thumbnail","hentry","category-internacional","tag-china","tag-espionaje","tag-estados-unidos","tag-globo","post_format-post-format-aside"],"yoast_head":"<!-- This site is optimized with the Yoast SEO plugin v27.5 - https:\/\/yoast.com\/product\/yoast-seo-wordpress\/ -->\n<title>EEUU y China de nuevo en terreno hostil por el globo aerost\u00e1tico esp\u00eda |<\/title>\n<meta name=\"description\" content=\"Los gobiernos de Estados Unidos y China est\u00e1n inmersos en una nueva crisis diplom\u00e1tica, luego de que este fin de semana, aviones militares\" \/>\n<meta name=\"robots\" content=\"index, follow, max-snippet:-1, max-image-preview:large, max-video-preview:-1\" \/>\n<link rel=\"canonical\" href=\"https:\/\/conexionnacional.mx\/index.php\/2023\/02\/06\/eeuu-y-china-en-terreno-hostil\/\" \/>\n<meta property=\"og:locale\" content=\"es_MX\" \/>\n<meta property=\"og:type\" content=\"article\" \/>\n<meta property=\"og:title\" content=\"EEUU y China de nuevo en terreno hostil por el globo aerost\u00e1tico esp\u00eda |\" \/>\n<meta property=\"og:description\" content=\"Los gobiernos de Estados Unidos y China est\u00e1n inmersos en una nueva crisis diplom\u00e1tica, luego de que este fin de semana, aviones militares\" \/>\n<meta property=\"og:url\" content=\"https:\/\/conexionnacional.mx\/index.php\/2023\/02\/06\/eeuu-y-china-en-terreno-hostil\/\" \/>\n<meta property=\"og:site_name\" content=\"Conexi\u00f3n Nacional\" \/>\n<meta property=\"article:publisher\" content=\"https:\/\/www.facebook.com\/cnmxradio\" \/>\n<meta property=\"article:published_time\" content=\"2023-02-06T19:31:00+00:00\" \/>\n<meta property=\"article:modified_time\" content=\"2023-02-06T20:28:50+00:00\" \/>\n<meta property=\"og:image\" content=\"https:\/\/conexionnacional.mx\/wp-content\/uploads\/2023\/02\/EUA-vs-China-globo-espia-CN.jpg\" \/>\n\t<meta property=\"og:image:width\" content=\"1000\" \/>\n\t<meta property=\"og:image:height\" content=\"600\" \/>\n\t<meta property=\"og:image:type\" content=\"image\/jpeg\" \/>\n<meta name=\"author\" content=\"Conexi\u00f3n Nacional\" \/>\n<meta name=\"twitter:card\" content=\"summary_large_image\" \/>\n<meta name=\"twitter:label1\" content=\"Escrito por\" \/>\n\t<meta name=\"twitter:data1\" content=\"Conexi\u00f3n Nacional\" \/>\n\t<meta name=\"twitter:label2\" content=\"Tiempo de lectura\" \/>\n\t<meta name=\"twitter:data2\" content=\"2 minutos\" \/>\n<script type=\"application\/ld+json\" class=\"yoast-schema-graph\">{\"@context\":\"https:\\\/\\\/schema.org\",\"@graph\":[{\"@type\":\"Article\",\"@id\":\"https:\\\/\\\/conexionnacional.mx\\\/index.php\\\/2023\\\/02\\\/06\\\/eeuu-y-china-en-terreno-hostil\\\/#article\",\"isPartOf\":{\"@id\":\"https:\\\/\\\/conexionnacional.mx\\\/index.php\\\/2023\\\/02\\\/06\\\/eeuu-y-china-en-terreno-hostil\\\/\"},\"author\":{\"name\":\"Conexi\u00f3n Nacional\",\"@id\":\"https:\\\/\\\/conexionnacional.mx\\\/#\\\/schema\\\/person\\\/dd14aeda902120f5e0e021903fdb6931\"},\"headline\":\"EEUU y China de nuevo en terreno hostil por el globo aerost\u00e1tico esp\u00eda\",\"datePublished\":\"2023-02-06T19:31:00+00:00\",\"dateModified\":\"2023-02-06T20:28:50+00:00\",\"mainEntityOfPage\":{\"@id\":\"https:\\\/\\\/conexionnacional.mx\\\/index.php\\\/2023\\\/02\\\/06\\\/eeuu-y-china-en-terreno-hostil\\\/\"},\"wordCount\":420,\"publisher\":{\"@id\":\"https:\\\/\\\/conexionnacional.mx\\\/#organization\"},\"image\":{\"@id\":\"https:\\\/\\\/conexionnacional.mx\\\/index.php\\\/2023\\\/02\\\/06\\\/eeuu-y-china-en-terreno-hostil\\\/#primaryimage\"},\"thumbnailUrl\":\"https:\\\/\\\/conexionnacional.mx\\\/wp-content\\\/uploads\\\/2023\\\/02\\\/EUA-vs-China-globo-espia-CN.jpg\",\"keywords\":[\"china\",\"espionaje\",\"Estados Unidos\",\"globo\"],\"articleSection\":[\"Internacional\"],\"inLanguage\":\"es\"},{\"@type\":\"WebPage\",\"@id\":\"https:\\\/\\\/conexionnacional.mx\\\/index.php\\\/2023\\\/02\\\/06\\\/eeuu-y-china-en-terreno-hostil\\\/\",\"url\":\"https:\\\/\\\/conexionnacional.mx\\\/index.php\\\/2023\\\/02\\\/06\\\/eeuu-y-china-en-terreno-hostil\\\/\",\"name\":\"EEUU y China de nuevo en terreno hostil por el globo aerost\u00e1tico esp\u00eda |\",\"isPartOf\":{\"@id\":\"https:\\\/\\\/conexionnacional.mx\\\/#website\"},\"primaryImageOfPage\":{\"@id\":\"https:\\\/\\\/conexionnacional.mx\\\/index.php\\\/2023\\\/02\\\/06\\\/eeuu-y-china-en-terreno-hostil\\\/#primaryimage\"},\"image\":{\"@id\":\"https:\\\/\\\/conexionnacional.mx\\\/index.php\\\/2023\\\/02\\\/06\\\/eeuu-y-china-en-terreno-hostil\\\/#primaryimage\"},\"thumbnailUrl\":\"https:\\\/\\\/conexionnacional.mx\\\/wp-content\\\/uploads\\\/2023\\\/02\\\/EUA-vs-China-globo-espia-CN.jpg\",\"datePublished\":\"2023-02-06T19:31:00+00:00\",\"dateModified\":\"2023-02-06T20:28:50+00:00\",\"description\":\"Los gobiernos de Estados Unidos y China est\u00e1n inmersos en una nueva crisis diplom\u00e1tica, luego de que este fin de semana, aviones militares\",\"breadcrumb\":{\"@id\":\"https:\\\/\\\/conexionnacional.mx\\\/index.php\\\/2023\\\/02\\\/06\\\/eeuu-y-china-en-terreno-hostil\\\/#breadcrumb\"},\"inLanguage\":\"es\",\"potentialAction\":[{\"@type\":\"ReadAction\",\"target\":[\"https:\\\/\\\/conexionnacional.mx\\\/index.php\\\/2023\\\/02\\\/06\\\/eeuu-y-china-en-terreno-hostil\\\/\"]}]},{\"@type\":\"ImageObject\",\"inLanguage\":\"es\",\"@id\":\"https:\\\/\\\/conexionnacional.mx\\\/index.php\\\/2023\\\/02\\\/06\\\/eeuu-y-china-en-terreno-hostil\\\/#primaryimage\",\"url\":\"https:\\\/\\\/conexionnacional.mx\\\/wp-content\\\/uploads\\\/2023\\\/02\\\/EUA-vs-China-globo-espia-CN.jpg\",\"contentUrl\":\"https:\\\/\\\/conexionnacional.mx\\\/wp-content\\\/uploads\\\/2023\\\/02\\\/EUA-vs-China-globo-espia-CN.jpg\",\"width\":1000,\"height\":600,\"caption\":\"EEUU y China de nuevo en terreno hostil por el globo aerost\u00e1tico esp\u00eda\"},{\"@type\":\"BreadcrumbList\",\"@id\":\"https:\\\/\\\/conexionnacional.mx\\\/index.php\\\/2023\\\/02\\\/06\\\/eeuu-y-china-en-terreno-hostil\\\/#breadcrumb\",\"itemListElement\":[{\"@type\":\"ListItem\",\"position\":1,\"name\":\"Inicio\",\"item\":\"https:\\\/\\\/conexionnacional.mx\\\/\"},{\"@type\":\"ListItem\",\"position\":2,\"name\":\"EEUU y China de nuevo en terreno hostil por el globo aerost\u00e1tico esp\u00eda\"}]},{\"@type\":\"WebSite\",\"@id\":\"https:\\\/\\\/conexionnacional.mx\\\/#website\",\"url\":\"https:\\\/\\\/conexionnacional.mx\\\/\",\"name\":\"Conexi\u00f3n Nacional\",\"description\":\"Noticias al momento\",\"publisher\":{\"@id\":\"https:\\\/\\\/conexionnacional.mx\\\/#organization\"},\"alternateName\":\"Noticias nacionales\",\"potentialAction\":[{\"@type\":\"SearchAction\",\"target\":{\"@type\":\"EntryPoint\",\"urlTemplate\":\"https:\\\/\\\/conexionnacional.mx\\\/?s={search_term_string}\"},\"query-input\":{\"@type\":\"PropertyValueSpecification\",\"valueRequired\":true,\"valueName\":\"search_term_string\"}}],\"inLanguage\":\"es\"},{\"@type\":\"Organization\",\"@id\":\"https:\\\/\\\/conexionnacional.mx\\\/#organization\",\"name\":\"Conexi\u00f3n Nacional\",\"url\":\"https:\\\/\\\/conexionnacional.mx\\\/\",\"logo\":{\"@type\":\"ImageObject\",\"inLanguage\":\"es\",\"@id\":\"https:\\\/\\\/conexionnacional.mx\\\/#\\\/schema\\\/logo\\\/image\\\/\",\"url\":\"https:\\\/\\\/conexionnacional.mx\\\/wp-content\\\/uploads\\\/2022\\\/09\\\/conexion_nacional.png\",\"contentUrl\":\"https:\\\/\\\/conexionnacional.mx\\\/wp-content\\\/uploads\\\/2022\\\/09\\\/conexion_nacional.png\",\"width\":2964,\"height\":1173,\"caption\":\"Conexi\u00f3n Nacional\"},\"image\":{\"@id\":\"https:\\\/\\\/conexionnacional.mx\\\/#\\\/schema\\\/logo\\\/image\\\/\"},\"sameAs\":[\"https:\\\/\\\/www.facebook.com\\\/cnmxradio\"]},{\"@type\":\"Person\",\"@id\":\"https:\\\/\\\/conexionnacional.mx\\\/#\\\/schema\\\/person\\\/dd14aeda902120f5e0e021903fdb6931\",\"name\":\"Conexi\u00f3n Nacional\",\"image\":{\"@type\":\"ImageObject\",\"inLanguage\":\"es\",\"@id\":\"https:\\\/\\\/secure.gravatar.com\\\/avatar\\\/e523100f284110b2ecca7e17b2be9cf140a5e8f35294c9ec0543e6916cc1f9be?s=96&d=blank&r=g\",\"url\":\"https:\\\/\\\/secure.gravatar.com\\\/avatar\\\/e523100f284110b2ecca7e17b2be9cf140a5e8f35294c9ec0543e6916cc1f9be?s=96&d=blank&r=g\",\"contentUrl\":\"https:\\\/\\\/secure.gravatar.com\\\/avatar\\\/e523100f284110b2ecca7e17b2be9cf140a5e8f35294c9ec0543e6916cc1f9be?s=96&d=blank&r=g\",\"caption\":\"Conexi\u00f3n Nacional\"},\"sameAs\":[\"https:\\\/\\\/conexionnacional.mx\"],\"url\":\"https:\\\/\\\/conexionnacional.mx\\\/index.php\\\/author\\\/administrador\\\/\"}]}<\/script>\n<!-- \/ Yoast SEO plugin. -->","yoast_head_json":{"title":"EEUU y China de nuevo en terreno hostil por el globo aerost\u00e1tico esp\u00eda |","description":"Los gobiernos de Estados Unidos y China est\u00e1n inmersos en una nueva crisis diplom\u00e1tica, luego de que este fin de semana, aviones militares","robots":{"index":"index","follow":"follow","max-snippet":"max-snippet:-1","max-image-preview":"max-image-preview:large","max-video-preview":"max-video-preview:-1"},"canonical":"https:\/\/conexionnacional.mx\/index.php\/2023\/02\/06\/eeuu-y-china-en-terreno-hostil\/","og_locale":"es_MX","og_type":"article","og_title":"EEUU y China de nuevo en terreno hostil por el globo aerost\u00e1tico esp\u00eda |","og_description":"Los gobiernos de Estados Unidos y China est\u00e1n inmersos en una nueva crisis diplom\u00e1tica, luego de que este fin de semana, aviones militares","og_url":"https:\/\/conexionnacional.mx\/index.php\/2023\/02\/06\/eeuu-y-china-en-terreno-hostil\/","og_site_name":"Conexi\u00f3n Nacional","article_publisher":"https:\/\/www.facebook.com\/cnmxradio","article_published_time":"2023-02-06T19:31:00+00:00","article_modified_time":"2023-02-06T20:28:50+00:00","og_image":[{"width":1000,"height":600,"url":"https:\/\/conexionnacional.mx\/wp-content\/uploads\/2023\/02\/EUA-vs-China-globo-espia-CN.jpg","type":"image\/jpeg"}],"author":"Conexi\u00f3n Nacional","twitter_card":"summary_large_image","twitter_misc":{"Escrito por":"Conexi\u00f3n Nacional","Tiempo de lectura":"2 minutos"},"schema":{"@context":"https:\/\/schema.org","@graph":[{"@type":"Article","@id":"https:\/\/conexionnacional.mx\/index.php\/2023\/02\/06\/eeuu-y-china-en-terreno-hostil\/#article","isPartOf":{"@id":"https:\/\/conexionnacional.mx\/index.php\/2023\/02\/06\/eeuu-y-china-en-terreno-hostil\/"},"author":{"name":"Conexi\u00f3n Nacional","@id":"https:\/\/conexionnacional.mx\/#\/schema\/person\/dd14aeda902120f5e0e021903fdb6931"},"headline":"EEUU y China de nuevo en terreno hostil por el globo aerost\u00e1tico esp\u00eda","datePublished":"2023-02-06T19:31:00+00:00","dateModified":"2023-02-06T20:28:50+00:00","mainEntityOfPage":{"@id":"https:\/\/conexionnacional.mx\/index.php\/2023\/02\/06\/eeuu-y-china-en-terreno-hostil\/"},"wordCount":420,"publisher":{"@id":"https:\/\/conexionnacional.mx\/#organization"},"image":{"@id":"https:\/\/conexionnacional.mx\/index.php\/2023\/02\/06\/eeuu-y-china-en-terreno-hostil\/#primaryimage"},"thumbnailUrl":"https:\/\/conexionnacional.mx\/wp-content\/uploads\/2023\/02\/EUA-vs-China-globo-espia-CN.jpg","keywords":["china","espionaje","Estados Unidos","globo"],"articleSection":["Internacional"],"inLanguage":"es"},{"@type":"WebPage","@id":"https:\/\/conexionnacional.mx\/index.php\/2023\/02\/06\/eeuu-y-china-en-terreno-hostil\/","url":"https:\/\/conexionnacional.mx\/index.php\/2023\/02\/06\/eeuu-y-china-en-terreno-hostil\/","name":"EEUU y China de nuevo en terreno hostil por el globo aerost\u00e1tico esp\u00eda |","isPartOf":{"@id":"https:\/\/conexionnacional.mx\/#website"},"primaryImageOfPage":{"@id":"https:\/\/conexionnacional.mx\/index.php\/2023\/02\/06\/eeuu-y-china-en-terreno-hostil\/#primaryimage"},"image":{"@id":"https:\/\/conexionnacional.mx\/index.php\/2023\/02\/06\/eeuu-y-china-en-terreno-hostil\/#primaryimage"},"thumbnailUrl":"https:\/\/conexionnacional.mx\/wp-content\/uploads\/2023\/02\/EUA-vs-China-globo-espia-CN.jpg","datePublished":"2023-02-06T19:31:00+00:00","dateModified":"2023-02-06T20:28:50+00:00","description":"Los gobiernos de Estados Unidos y China est\u00e1n inmersos en una nueva crisis diplom\u00e1tica, luego de que este fin de semana, aviones militares","breadcrumb":{"@id":"https:\/\/conexionnacional.mx\/index.php\/2023\/02\/06\/eeuu-y-china-en-terreno-hostil\/#breadcrumb"},"inLanguage":"es","potentialAction":[{"@type":"ReadAction","target":["https:\/\/conexionnacional.mx\/index.php\/2023\/02\/06\/eeuu-y-china-en-terreno-hostil\/"]}]},{"@type":"ImageObject","inLanguage":"es","@id":"https:\/\/conexionnacional.mx\/index.php\/2023\/02\/06\/eeuu-y-china-en-terreno-hostil\/#primaryimage","url":"https:\/\/conexionnacional.mx\/wp-content\/uploads\/2023\/02\/EUA-vs-China-globo-espia-CN.jpg","contentUrl":"https:\/\/conexionnacional.mx\/wp-content\/uploads\/2023\/02\/EUA-vs-China-globo-espia-CN.jpg","width":1000,"height":600,"caption":"EEUU y China de nuevo en terreno hostil por el globo aerost\u00e1tico esp\u00eda"},{"@type":"BreadcrumbList","@id":"https:\/\/conexionnacional.mx\/index.php\/2023\/02\/06\/eeuu-y-china-en-terreno-hostil\/#breadcrumb","itemListElement":[{"@type":"ListItem","position":1,"name":"Inicio","item":"https:\/\/conexionnacional.mx\/"},{"@type":"ListItem","position":2,"name":"EEUU y China de nuevo en terreno hostil por el globo aerost\u00e1tico esp\u00eda"}]},{"@type":"WebSite","@id":"https:\/\/conexionnacional.mx\/#website","url":"https:\/\/conexionnacional.mx\/","name":"Conexi\u00f3n Nacional","description":"Noticias al momento","publisher":{"@id":"https:\/\/conexionnacional.mx\/#organization"},"alternateName":"Noticias nacionales","potentialAction":[{"@type":"SearchAction","target":{"@type":"EntryPoint","urlTemplate":"https:\/\/conexionnacional.mx\/?s={search_term_string}"},"query-input":{"@type":"PropertyValueSpecification","valueRequired":true,"valueName":"search_term_string"}}],"inLanguage":"es"},{"@type":"Organization","@id":"https:\/\/conexionnacional.mx\/#organization","name":"Conexi\u00f3n Nacional","url":"https:\/\/conexionnacional.mx\/","logo":{"@type":"ImageObject","inLanguage":"es","@id":"https:\/\/conexionnacional.mx\/#\/schema\/logo\/image\/","url":"https:\/\/conexionnacional.mx\/wp-content\/uploads\/2022\/09\/conexion_nacional.png","contentUrl":"https:\/\/conexionnacional.mx\/wp-content\/uploads\/2022\/09\/conexion_nacional.png","width":2964,"height":1173,"caption":"Conexi\u00f3n Nacional"},"image":{"@id":"https:\/\/conexionnacional.mx\/#\/schema\/logo\/image\/"},"sameAs":["https:\/\/www.facebook.com\/cnmxradio"]},{"@type":"Person","@id":"https:\/\/conexionnacional.mx\/#\/schema\/person\/dd14aeda902120f5e0e021903fdb6931","name":"Conexi\u00f3n Nacional","image":{"@type":"ImageObject","inLanguage":"es","@id":"https:\/\/secure.gravatar.com\/avatar\/e523100f284110b2ecca7e17b2be9cf140a5e8f35294c9ec0543e6916cc1f9be?s=96&d=blank&r=g","url":"https:\/\/secure.gravatar.com\/avatar\/e523100f284110b2ecca7e17b2be9cf140a5e8f35294c9ec0543e6916cc1f9be?s=96&d=blank&r=g","contentUrl":"https:\/\/secure.gravatar.com\/avatar\/e523100f284110b2ecca7e17b2be9cf140a5e8f35294c9ec0543e6916cc1f9be?s=96&d=blank&r=g","caption":"Conexi\u00f3n Nacional"},"sameAs":["https:\/\/conexionnacional.mx"],"url":"https:\/\/conexionnacional.mx\/index.php\/author\/administrador\/"}]}},"_links":{"self":[{"href":"https:\/\/conexionnacional.mx\/index.php\/wp-json\/wp\/v2\/posts\/8469","targetHints":{"allow":["GET"]}}],"collection":[{"href":"https:\/\/conexionnacional.mx\/index.php\/wp-json\/wp\/v2\/posts"}],"about":[{"href":"https:\/\/conexionnacional.mx\/index.php\/wp-json\/wp\/v2\/types\/post"}],"author":[{"embeddable":true,"href":"https:\/\/conexionnacional.mx\/index.php\/wp-json\/wp\/v2\/users\/1"}],"replies":[{"embeddable":true,"href":"https:\/\/conexionnacional.mx\/index.php\/wp-json\/wp\/v2\/comments?post=8469"}],"version-history":[{"count":2,"href":"https:\/\/conexionnacional.mx\/index.php\/wp-json\/wp\/v2\/posts\/8469\/revisions"}],"predecessor-version":[{"id":8475,"href":"https:\/\/conexionnacional.mx\/index.php\/wp-json\/wp\/v2\/posts\/8469\/revisions\/8475"}],"wp:featuredmedia":[{"embeddable":true,"href":"https:\/\/conexionnacional.mx\/index.php\/wp-json\/wp\/v2\/media\/8470"}],"wp:attachment":[{"href":"https:\/\/conexionnacional.mx\/index.php\/wp-json\/wp\/v2\/media?parent=8469"}],"wp:term":[{"taxonomy":"category","embeddable":true,"href":"https:\/\/conexionnacional.mx\/index.php\/wp-json\/wp\/v2\/categories?post=8469"},{"taxonomy":"post_tag","embeddable":true,"href":"https:\/\/conexionnacional.mx\/index.php\/wp-json\/wp\/v2\/tags?post=8469"}],"curies":[{"name":"wp","href":"https:\/\/api.w.org\/{rel}","templated":true}]}}