{"id":8462,"date":"2023-02-06T12:15:46","date_gmt":"2023-02-06T18:15:46","guid":{"rendered":"https:\/\/conexionnacional.mx\/?p=8462"},"modified":"2023-02-06T12:15:46","modified_gmt":"2023-02-06T18:15:46","slug":"el-norte-de-siria-esta-devastado","status":"publish","type":"post","link":"https:\/\/conexionnacional.mx\/index.php\/2023\/02\/06\/el-norte-de-siria-esta-devastado\/","title":{"rendered":"<strong>El norte de Siria est\u00e1 devastado por el sismo, hay miles de personas atrapadas<\/strong>"},"content":{"rendered":"\n<p>Por: <a href=\"https:\/\/www.cydnoticias.mx\/2023\/02\/06\/siria-devastado-por-el-sismo\/\">cydnoticias.mx<\/a>&nbsp; |<\/p>\n\n\n\n<p>El <a href=\"https:\/\/www.cydnoticias.mx\/2023\/02\/06\/terremoto-azota-a-turquia\/\"><strong>brutal terremoto de magnitud 7.8<\/strong><\/a><strong> ha dejado hasta ahora m\u00e1s de mil 500 muertos y al menos tres mil heridos entre Turqu\u00eda y Siria<\/strong>, seg\u00fan avanza el balance provisional de ambos pa\u00edses.<\/p>\n\n\n\n<p>El epicentro del sismo tuvo lugar en el <strong>sureste de Turqu\u00eda<\/strong>, en la regi\u00f3n de Kahramanmaras, afectando varias regiones. La cobertura medi\u00e1tica del mundo est\u00e1 enfocada en este pa\u00eds, pero el norte de Siria, est\u00e1 muy afectado y la ayuda es muy escasa.<\/p>\n\n\n\n<figure class=\"wp-block-embed is-type-rich is-provider-twitter wp-block-embed-twitter\"><div class=\"wp-block-embed__wrapper\">\n<blockquote class=\"twitter-tweet\" data-width=\"550\" data-dnt=\"true\"><p lang=\"es\" dir=\"ltr\">El noreste de <a href=\"https:\/\/twitter.com\/hashtag\/Siria?src=hash&amp;ref_src=twsrc%5Etfw\">#Siria<\/a> tambi\u00e9n fue impactado por los terremotos y este hombre clama por ayuda para el rescate de familias bajo los escombros <a href=\"https:\/\/t.co\/7W4tiRUKES\">pic.twitter.com\/7W4tiRUKES<\/a><\/p>&mdash; Glenda Uma\u00f1a (@glendaumanah) <a href=\"https:\/\/twitter.com\/glendaumanah\/status\/1622562339709911040?ref_src=twsrc%5Etfw\">February 6, 2023<\/a><\/blockquote><script async src=\"https:\/\/platform.twitter.com\/widgets.js\" charset=\"utf-8\"><\/script>\n<\/div><\/figure>\n\n\n\n<p>En el lado sirio, los Cascos Blancos, el principal grupo de rescatistas del noroeste del pa\u00eds, han declarado un <strong>&#8220;estado de emergencia&#8221;<\/strong> en la zona, situaci\u00f3n que catalogan de<strong> &#8220;destrucci\u00f3n generalizada&#8221;<\/strong>.<\/p>\n\n\n\n<p>Seg\u00fan datos recopilados por la agencia de noticias Associated Press (AP), el sismo ha dejado cerca de 400 muertos en el pa\u00eds devastado por la guerra.<\/p>\n\n\n\n<p>En Siria, inmersa en m\u00e1s de una d\u00e9cada de guerra civil, la zona afectada se divide entre el territorio controlado por el Gobierno de Bachar al Asad y el \u00faltimo enclave del pa\u00eds controlado por la oposici\u00f3n, que est\u00e1 rodeado por fuerzas gubernamentales respaldadas por Rusia.<\/p>\n\n\n\n<p>As\u00ed, <strong>el sismo ha dejado al menos 461 fallecidos y 1,326 heridos en zonas en manos de Damasco en las provincias noroccidentales de Tartus, Latakia, Hama y Alepo<\/strong>, seg\u00fan la agencia oficial de noticias SANA.<\/p>\n\n\n\n<figure class=\"wp-block-embed is-type-rich is-provider-twitter wp-block-embed-twitter\"><div class=\"wp-block-embed__wrapper\">\nhttps:\/\/twitter.com\/NamanTarcha\/status\/1622526609356890113?s=20&#038;t=kb2CgGDggxnCj9yBEnOvcg\n<\/div><\/figure>\n\n\n\n<p>Por otro lado, en la provincia noroccidental de Idlib, el \u00faltimo basti\u00f3n opositor del pa\u00eds, y en otras partes de la vecina Alepo que tambi\u00e9n se escapan al control de Damasco <strong>se han contabilizado otras 390 v\u00edctimas mortales y unos mil heridos<\/strong>, de acuerdo con el grupo de rescatistas Cascos Blancos.<\/p>\n\n\n\n<figure class=\"wp-block-embed is-type-rich is-provider-twitter wp-block-embed-twitter\"><div class=\"wp-block-embed__wrapper\">\n<blockquote class=\"twitter-tweet\" data-width=\"550\" data-dnt=\"true\"><p lang=\"es\" dir=\"ltr\"><a href=\"https:\/\/twitter.com\/hashtag\/Terremoto?src=hash&amp;ref_src=twsrc%5Etfw\">#Terremoto<\/a> \ud83d\udea8Edificio residencial se derrumba en Alepo, Siria debido al fuerte sismo. Los derrumbes despu\u00e9s del sismo han estado ocurriendo en todo el pa\u00eds. <a href=\"https:\/\/twitter.com\/hashtag\/earthquake?src=hash&amp;ref_src=twsrc%5Etfw\">#earthquake<\/a> <a href=\"https:\/\/twitter.com\/hashtag\/syriaearthquake?src=hash&amp;ref_src=twsrc%5Etfw\">#syriaearthquake<\/a> <a href=\"https:\/\/twitter.com\/hashtag\/syria?src=hash&amp;ref_src=twsrc%5Etfw\">#syria<\/a> <a href=\"https:\/\/twitter.com\/hashtag\/Siria?src=hash&amp;ref_src=twsrc%5Etfw\">#Siria<\/a> <a href=\"https:\/\/twitter.com\/hashtag\/aleppo?src=hash&amp;ref_src=twsrc%5Etfw\">#aleppo<\/a> <a href=\"https:\/\/twitter.com\/hashtag\/sismo?src=hash&amp;ref_src=twsrc%5Etfw\">#sismo<\/a> <a href=\"https:\/\/t.co\/A5TC82b99z\">pic.twitter.com\/A5TC82b99z<\/a><\/p>&mdash; \uea00DANNY TERRANOVA\uf8ff (@DannyTerranova4) <a href=\"https:\/\/twitter.com\/DannyTerranova4\/status\/1622625695439458304?ref_src=twsrc%5Etfw\">February 6, 2023<\/a><\/blockquote><script async src=\"https:\/\/platform.twitter.com\/widgets.js\" charset=\"utf-8\"><\/script>\n<\/div><\/figure>\n\n\n\n<p>El Centro Nacional de Monitoreo S\u00edsmico de Siria afirm\u00f3 que el terremoto ha sido el m\u00e1s fuerte registrado por sus sistemas en casi tres d\u00e9cadas y alerta de m\u00e1s r\u00e9plicas en los pr\u00f3ximos d\u00edas.<br>Con Informaci\u00f3n de<a href=\"https:\/\/www.cydnoticias.mx\/\"> Claro y Directo Mx\u00ae<\/a><\/p>\n","protected":false},"excerpt":{"rendered":"<p>Por: cydnoticias.mx&nbsp; | El brutal terremoto de magnitud 7.8 ha dejado hasta ahora m\u00e1s de mil 500 muertos y al menos tres mil heridos entre Turqu\u00eda y Siria, seg\u00fan avanza el balance provisional de ambos pa\u00edses. El epicentro del sismo tuvo lugar en el sureste de Turqu\u00eda, en la regi\u00f3n de Kahramanmaras, afectando varias regiones. [&hellip;]<\/p>\n","protected":false},"author":1,"featured_media":8463,"comment_status":"closed","ping_status":"closed","sticky":false,"template":"","format":"aside","meta":{"googlesitekit_rrm_CAowytPeCw:productID":"","footnotes":""},"categories":[8],"tags":[3922,198,109,2055],"class_list":["post-8462","post","type-post","status-publish","format-aside","has-post-thumbnail","hentry","category-internacional","tag-siria","tag-sismos","tag-terremoto","tag-turquia","post_format-post-format-aside"],"yoast_head":"<!-- This site is optimized with the Yoast SEO plugin v27.5 - https:\/\/yoast.com\/product\/yoast-seo-wordpress\/ -->\n<title>El norte de Siria est\u00e1 devastado por el sismo, hay miles de personas atrapadas |<\/title>\n<meta name=\"description\" content=\"El brutal terremoto de magnitud 7.8 ha dejado hasta ahora m\u00e1s de mil 500 muertos y al menos tres mil heridos entre Turqu\u00eda y Siria\" \/>\n<meta name=\"robots\" content=\"index, follow, max-snippet:-1, max-image-preview:large, max-video-preview:-1\" \/>\n<link rel=\"canonical\" href=\"https:\/\/conexionnacional.mx\/index.php\/2023\/02\/06\/el-norte-de-siria-esta-devastado\/\" \/>\n<meta property=\"og:locale\" content=\"es_MX\" \/>\n<meta property=\"og:type\" content=\"article\" \/>\n<meta property=\"og:title\" content=\"El norte de Siria est\u00e1 devastado por el sismo, hay miles de personas atrapadas |\" \/>\n<meta property=\"og:description\" content=\"El brutal terremoto de magnitud 7.8 ha dejado hasta ahora m\u00e1s de mil 500 muertos y al menos tres mil heridos entre Turqu\u00eda y Siria\" \/>\n<meta property=\"og:url\" content=\"https:\/\/conexionnacional.mx\/index.php\/2023\/02\/06\/el-norte-de-siria-esta-devastado\/\" \/>\n<meta property=\"og:site_name\" content=\"Conexi\u00f3n Nacional\" \/>\n<meta property=\"article:publisher\" content=\"https:\/\/www.facebook.com\/cnmxradio\" \/>\n<meta property=\"article:published_time\" content=\"2023-02-06T18:15:46+00:00\" \/>\n<meta property=\"og:image\" content=\"https:\/\/conexionnacional.mx\/wp-content\/uploads\/2023\/02\/Terremoto-en-Siria_CN.jpg\" \/>\n\t<meta property=\"og:image:width\" content=\"1000\" \/>\n\t<meta property=\"og:image:height\" content=\"600\" \/>\n\t<meta property=\"og:image:type\" content=\"image\/jpeg\" \/>\n<meta name=\"author\" content=\"Conexi\u00f3n Nacional\" \/>\n<meta name=\"twitter:card\" content=\"summary_large_image\" \/>\n<meta name=\"twitter:label1\" content=\"Escrito por\" \/>\n\t<meta name=\"twitter:data1\" content=\"Conexi\u00f3n Nacional\" \/>\n\t<meta name=\"twitter:label2\" content=\"Tiempo de lectura\" \/>\n\t<meta name=\"twitter:data2\" content=\"2 minutos\" \/>\n<script type=\"application\/ld+json\" class=\"yoast-schema-graph\">{\"@context\":\"https:\\\/\\\/schema.org\",\"@graph\":[{\"@type\":\"Article\",\"@id\":\"https:\\\/\\\/conexionnacional.mx\\\/index.php\\\/2023\\\/02\\\/06\\\/el-norte-de-siria-esta-devastado\\\/#article\",\"isPartOf\":{\"@id\":\"https:\\\/\\\/conexionnacional.mx\\\/index.php\\\/2023\\\/02\\\/06\\\/el-norte-de-siria-esta-devastado\\\/\"},\"author\":{\"name\":\"Conexi\u00f3n Nacional\",\"@id\":\"https:\\\/\\\/conexionnacional.mx\\\/#\\\/schema\\\/person\\\/dd14aeda902120f5e0e021903fdb6931\"},\"headline\":\"El norte de Siria est\u00e1 devastado por el sismo, hay miles de personas atrapadas\",\"datePublished\":\"2023-02-06T18:15:46+00:00\",\"mainEntityOfPage\":{\"@id\":\"https:\\\/\\\/conexionnacional.mx\\\/index.php\\\/2023\\\/02\\\/06\\\/el-norte-de-siria-esta-devastado\\\/\"},\"wordCount\":381,\"publisher\":{\"@id\":\"https:\\\/\\\/conexionnacional.mx\\\/#organization\"},\"image\":{\"@id\":\"https:\\\/\\\/conexionnacional.mx\\\/index.php\\\/2023\\\/02\\\/06\\\/el-norte-de-siria-esta-devastado\\\/#primaryimage\"},\"thumbnailUrl\":\"https:\\\/\\\/conexionnacional.mx\\\/wp-content\\\/uploads\\\/2023\\\/02\\\/Terremoto-en-Siria_CN.jpg\",\"keywords\":[\"Siria\",\"sismos\",\"terremoto\",\"Turqu\u00eda\"],\"articleSection\":[\"Internacional\"],\"inLanguage\":\"es\"},{\"@type\":\"WebPage\",\"@id\":\"https:\\\/\\\/conexionnacional.mx\\\/index.php\\\/2023\\\/02\\\/06\\\/el-norte-de-siria-esta-devastado\\\/\",\"url\":\"https:\\\/\\\/conexionnacional.mx\\\/index.php\\\/2023\\\/02\\\/06\\\/el-norte-de-siria-esta-devastado\\\/\",\"name\":\"El norte de Siria est\u00e1 devastado por el sismo, hay miles de personas atrapadas |\",\"isPartOf\":{\"@id\":\"https:\\\/\\\/conexionnacional.mx\\\/#website\"},\"primaryImageOfPage\":{\"@id\":\"https:\\\/\\\/conexionnacional.mx\\\/index.php\\\/2023\\\/02\\\/06\\\/el-norte-de-siria-esta-devastado\\\/#primaryimage\"},\"image\":{\"@id\":\"https:\\\/\\\/conexionnacional.mx\\\/index.php\\\/2023\\\/02\\\/06\\\/el-norte-de-siria-esta-devastado\\\/#primaryimage\"},\"thumbnailUrl\":\"https:\\\/\\\/conexionnacional.mx\\\/wp-content\\\/uploads\\\/2023\\\/02\\\/Terremoto-en-Siria_CN.jpg\",\"datePublished\":\"2023-02-06T18:15:46+00:00\",\"description\":\"El brutal terremoto de magnitud 7.8 ha dejado hasta ahora m\u00e1s de mil 500 muertos y al menos tres mil heridos entre Turqu\u00eda y Siria\",\"breadcrumb\":{\"@id\":\"https:\\\/\\\/conexionnacional.mx\\\/index.php\\\/2023\\\/02\\\/06\\\/el-norte-de-siria-esta-devastado\\\/#breadcrumb\"},\"inLanguage\":\"es\",\"potentialAction\":[{\"@type\":\"ReadAction\",\"target\":[\"https:\\\/\\\/conexionnacional.mx\\\/index.php\\\/2023\\\/02\\\/06\\\/el-norte-de-siria-esta-devastado\\\/\"]}]},{\"@type\":\"ImageObject\",\"inLanguage\":\"es\",\"@id\":\"https:\\\/\\\/conexionnacional.mx\\\/index.php\\\/2023\\\/02\\\/06\\\/el-norte-de-siria-esta-devastado\\\/#primaryimage\",\"url\":\"https:\\\/\\\/conexionnacional.mx\\\/wp-content\\\/uploads\\\/2023\\\/02\\\/Terremoto-en-Siria_CN.jpg\",\"contentUrl\":\"https:\\\/\\\/conexionnacional.mx\\\/wp-content\\\/uploads\\\/2023\\\/02\\\/Terremoto-en-Siria_CN.jpg\",\"width\":1000,\"height\":600,\"caption\":\"El norte de Siria est\u00e1 devastado por el sismo, hay miles de personas atrapadas\"},{\"@type\":\"BreadcrumbList\",\"@id\":\"https:\\\/\\\/conexionnacional.mx\\\/index.php\\\/2023\\\/02\\\/06\\\/el-norte-de-siria-esta-devastado\\\/#breadcrumb\",\"itemListElement\":[{\"@type\":\"ListItem\",\"position\":1,\"name\":\"Inicio\",\"item\":\"https:\\\/\\\/conexionnacional.mx\\\/\"},{\"@type\":\"ListItem\",\"position\":2,\"name\":\"El norte de Siria est\u00e1 devastado por el sismo, hay miles de personas atrapadas\"}]},{\"@type\":\"WebSite\",\"@id\":\"https:\\\/\\\/conexionnacional.mx\\\/#website\",\"url\":\"https:\\\/\\\/conexionnacional.mx\\\/\",\"name\":\"Conexi\u00f3n Nacional\",\"description\":\"Noticias al momento\",\"publisher\":{\"@id\":\"https:\\\/\\\/conexionnacional.mx\\\/#organization\"},\"alternateName\":\"Noticias nacionales\",\"potentialAction\":[{\"@type\":\"SearchAction\",\"target\":{\"@type\":\"EntryPoint\",\"urlTemplate\":\"https:\\\/\\\/conexionnacional.mx\\\/?s={search_term_string}\"},\"query-input\":{\"@type\":\"PropertyValueSpecification\",\"valueRequired\":true,\"valueName\":\"search_term_string\"}}],\"inLanguage\":\"es\"},{\"@type\":\"Organization\",\"@id\":\"https:\\\/\\\/conexionnacional.mx\\\/#organization\",\"name\":\"Conexi\u00f3n Nacional\",\"url\":\"https:\\\/\\\/conexionnacional.mx\\\/\",\"logo\":{\"@type\":\"ImageObject\",\"inLanguage\":\"es\",\"@id\":\"https:\\\/\\\/conexionnacional.mx\\\/#\\\/schema\\\/logo\\\/image\\\/\",\"url\":\"https:\\\/\\\/conexionnacional.mx\\\/wp-content\\\/uploads\\\/2022\\\/09\\\/conexion_nacional.png\",\"contentUrl\":\"https:\\\/\\\/conexionnacional.mx\\\/wp-content\\\/uploads\\\/2022\\\/09\\\/conexion_nacional.png\",\"width\":2964,\"height\":1173,\"caption\":\"Conexi\u00f3n Nacional\"},\"image\":{\"@id\":\"https:\\\/\\\/conexionnacional.mx\\\/#\\\/schema\\\/logo\\\/image\\\/\"},\"sameAs\":[\"https:\\\/\\\/www.facebook.com\\\/cnmxradio\"]},{\"@type\":\"Person\",\"@id\":\"https:\\\/\\\/conexionnacional.mx\\\/#\\\/schema\\\/person\\\/dd14aeda902120f5e0e021903fdb6931\",\"name\":\"Conexi\u00f3n Nacional\",\"image\":{\"@type\":\"ImageObject\",\"inLanguage\":\"es\",\"@id\":\"https:\\\/\\\/secure.gravatar.com\\\/avatar\\\/e523100f284110b2ecca7e17b2be9cf140a5e8f35294c9ec0543e6916cc1f9be?s=96&d=blank&r=g\",\"url\":\"https:\\\/\\\/secure.gravatar.com\\\/avatar\\\/e523100f284110b2ecca7e17b2be9cf140a5e8f35294c9ec0543e6916cc1f9be?s=96&d=blank&r=g\",\"contentUrl\":\"https:\\\/\\\/secure.gravatar.com\\\/avatar\\\/e523100f284110b2ecca7e17b2be9cf140a5e8f35294c9ec0543e6916cc1f9be?s=96&d=blank&r=g\",\"caption\":\"Conexi\u00f3n Nacional\"},\"sameAs\":[\"https:\\\/\\\/conexionnacional.mx\"],\"url\":\"https:\\\/\\\/conexionnacional.mx\\\/index.php\\\/author\\\/administrador\\\/\"}]}<\/script>\n<!-- \/ Yoast SEO plugin. -->","yoast_head_json":{"title":"El norte de Siria est\u00e1 devastado por el sismo, hay miles de personas atrapadas |","description":"El brutal terremoto de magnitud 7.8 ha dejado hasta ahora m\u00e1s de mil 500 muertos y al menos tres mil heridos entre Turqu\u00eda y Siria","robots":{"index":"index","follow":"follow","max-snippet":"max-snippet:-1","max-image-preview":"max-image-preview:large","max-video-preview":"max-video-preview:-1"},"canonical":"https:\/\/conexionnacional.mx\/index.php\/2023\/02\/06\/el-norte-de-siria-esta-devastado\/","og_locale":"es_MX","og_type":"article","og_title":"El norte de Siria est\u00e1 devastado por el sismo, hay miles de personas atrapadas |","og_description":"El brutal terremoto de magnitud 7.8 ha dejado hasta ahora m\u00e1s de mil 500 muertos y al menos tres mil heridos entre Turqu\u00eda y Siria","og_url":"https:\/\/conexionnacional.mx\/index.php\/2023\/02\/06\/el-norte-de-siria-esta-devastado\/","og_site_name":"Conexi\u00f3n Nacional","article_publisher":"https:\/\/www.facebook.com\/cnmxradio","article_published_time":"2023-02-06T18:15:46+00:00","og_image":[{"width":1000,"height":600,"url":"https:\/\/conexionnacional.mx\/wp-content\/uploads\/2023\/02\/Terremoto-en-Siria_CN.jpg","type":"image\/jpeg"}],"author":"Conexi\u00f3n Nacional","twitter_card":"summary_large_image","twitter_misc":{"Escrito por":"Conexi\u00f3n Nacional","Tiempo de lectura":"2 minutos"},"schema":{"@context":"https:\/\/schema.org","@graph":[{"@type":"Article","@id":"https:\/\/conexionnacional.mx\/index.php\/2023\/02\/06\/el-norte-de-siria-esta-devastado\/#article","isPartOf":{"@id":"https:\/\/conexionnacional.mx\/index.php\/2023\/02\/06\/el-norte-de-siria-esta-devastado\/"},"author":{"name":"Conexi\u00f3n Nacional","@id":"https:\/\/conexionnacional.mx\/#\/schema\/person\/dd14aeda902120f5e0e021903fdb6931"},"headline":"El norte de Siria est\u00e1 devastado por el sismo, hay miles de personas atrapadas","datePublished":"2023-02-06T18:15:46+00:00","mainEntityOfPage":{"@id":"https:\/\/conexionnacional.mx\/index.php\/2023\/02\/06\/el-norte-de-siria-esta-devastado\/"},"wordCount":381,"publisher":{"@id":"https:\/\/conexionnacional.mx\/#organization"},"image":{"@id":"https:\/\/conexionnacional.mx\/index.php\/2023\/02\/06\/el-norte-de-siria-esta-devastado\/#primaryimage"},"thumbnailUrl":"https:\/\/conexionnacional.mx\/wp-content\/uploads\/2023\/02\/Terremoto-en-Siria_CN.jpg","keywords":["Siria","sismos","terremoto","Turqu\u00eda"],"articleSection":["Internacional"],"inLanguage":"es"},{"@type":"WebPage","@id":"https:\/\/conexionnacional.mx\/index.php\/2023\/02\/06\/el-norte-de-siria-esta-devastado\/","url":"https:\/\/conexionnacional.mx\/index.php\/2023\/02\/06\/el-norte-de-siria-esta-devastado\/","name":"El norte de Siria est\u00e1 devastado por el sismo, hay miles de personas atrapadas |","isPartOf":{"@id":"https:\/\/conexionnacional.mx\/#website"},"primaryImageOfPage":{"@id":"https:\/\/conexionnacional.mx\/index.php\/2023\/02\/06\/el-norte-de-siria-esta-devastado\/#primaryimage"},"image":{"@id":"https:\/\/conexionnacional.mx\/index.php\/2023\/02\/06\/el-norte-de-siria-esta-devastado\/#primaryimage"},"thumbnailUrl":"https:\/\/conexionnacional.mx\/wp-content\/uploads\/2023\/02\/Terremoto-en-Siria_CN.jpg","datePublished":"2023-02-06T18:15:46+00:00","description":"El brutal terremoto de magnitud 7.8 ha dejado hasta ahora m\u00e1s de mil 500 muertos y al menos tres mil heridos entre Turqu\u00eda y Siria","breadcrumb":{"@id":"https:\/\/conexionnacional.mx\/index.php\/2023\/02\/06\/el-norte-de-siria-esta-devastado\/#breadcrumb"},"inLanguage":"es","potentialAction":[{"@type":"ReadAction","target":["https:\/\/conexionnacional.mx\/index.php\/2023\/02\/06\/el-norte-de-siria-esta-devastado\/"]}]},{"@type":"ImageObject","inLanguage":"es","@id":"https:\/\/conexionnacional.mx\/index.php\/2023\/02\/06\/el-norte-de-siria-esta-devastado\/#primaryimage","url":"https:\/\/conexionnacional.mx\/wp-content\/uploads\/2023\/02\/Terremoto-en-Siria_CN.jpg","contentUrl":"https:\/\/conexionnacional.mx\/wp-content\/uploads\/2023\/02\/Terremoto-en-Siria_CN.jpg","width":1000,"height":600,"caption":"El norte de Siria est\u00e1 devastado por el sismo, hay miles de personas atrapadas"},{"@type":"BreadcrumbList","@id":"https:\/\/conexionnacional.mx\/index.php\/2023\/02\/06\/el-norte-de-siria-esta-devastado\/#breadcrumb","itemListElement":[{"@type":"ListItem","position":1,"name":"Inicio","item":"https:\/\/conexionnacional.mx\/"},{"@type":"ListItem","position":2,"name":"El norte de Siria est\u00e1 devastado por el sismo, hay miles de personas atrapadas"}]},{"@type":"WebSite","@id":"https:\/\/conexionnacional.mx\/#website","url":"https:\/\/conexionnacional.mx\/","name":"Conexi\u00f3n Nacional","description":"Noticias al momento","publisher":{"@id":"https:\/\/conexionnacional.mx\/#organization"},"alternateName":"Noticias nacionales","potentialAction":[{"@type":"SearchAction","target":{"@type":"EntryPoint","urlTemplate":"https:\/\/conexionnacional.mx\/?s={search_term_string}"},"query-input":{"@type":"PropertyValueSpecification","valueRequired":true,"valueName":"search_term_string"}}],"inLanguage":"es"},{"@type":"Organization","@id":"https:\/\/conexionnacional.mx\/#organization","name":"Conexi\u00f3n Nacional","url":"https:\/\/conexionnacional.mx\/","logo":{"@type":"ImageObject","inLanguage":"es","@id":"https:\/\/conexionnacional.mx\/#\/schema\/logo\/image\/","url":"https:\/\/conexionnacional.mx\/wp-content\/uploads\/2022\/09\/conexion_nacional.png","contentUrl":"https:\/\/conexionnacional.mx\/wp-content\/uploads\/2022\/09\/conexion_nacional.png","width":2964,"height":1173,"caption":"Conexi\u00f3n Nacional"},"image":{"@id":"https:\/\/conexionnacional.mx\/#\/schema\/logo\/image\/"},"sameAs":["https:\/\/www.facebook.com\/cnmxradio"]},{"@type":"Person","@id":"https:\/\/conexionnacional.mx\/#\/schema\/person\/dd14aeda902120f5e0e021903fdb6931","name":"Conexi\u00f3n Nacional","image":{"@type":"ImageObject","inLanguage":"es","@id":"https:\/\/secure.gravatar.com\/avatar\/e523100f284110b2ecca7e17b2be9cf140a5e8f35294c9ec0543e6916cc1f9be?s=96&d=blank&r=g","url":"https:\/\/secure.gravatar.com\/avatar\/e523100f284110b2ecca7e17b2be9cf140a5e8f35294c9ec0543e6916cc1f9be?s=96&d=blank&r=g","contentUrl":"https:\/\/secure.gravatar.com\/avatar\/e523100f284110b2ecca7e17b2be9cf140a5e8f35294c9ec0543e6916cc1f9be?s=96&d=blank&r=g","caption":"Conexi\u00f3n Nacional"},"sameAs":["https:\/\/conexionnacional.mx"],"url":"https:\/\/conexionnacional.mx\/index.php\/author\/administrador\/"}]}},"_links":{"self":[{"href":"https:\/\/conexionnacional.mx\/index.php\/wp-json\/wp\/v2\/posts\/8462","targetHints":{"allow":["GET"]}}],"collection":[{"href":"https:\/\/conexionnacional.mx\/index.php\/wp-json\/wp\/v2\/posts"}],"about":[{"href":"https:\/\/conexionnacional.mx\/index.php\/wp-json\/wp\/v2\/types\/post"}],"author":[{"embeddable":true,"href":"https:\/\/conexionnacional.mx\/index.php\/wp-json\/wp\/v2\/users\/1"}],"replies":[{"embeddable":true,"href":"https:\/\/conexionnacional.mx\/index.php\/wp-json\/wp\/v2\/comments?post=8462"}],"version-history":[{"count":1,"href":"https:\/\/conexionnacional.mx\/index.php\/wp-json\/wp\/v2\/posts\/8462\/revisions"}],"predecessor-version":[{"id":8464,"href":"https:\/\/conexionnacional.mx\/index.php\/wp-json\/wp\/v2\/posts\/8462\/revisions\/8464"}],"wp:featuredmedia":[{"embeddable":true,"href":"https:\/\/conexionnacional.mx\/index.php\/wp-json\/wp\/v2\/media\/8463"}],"wp:attachment":[{"href":"https:\/\/conexionnacional.mx\/index.php\/wp-json\/wp\/v2\/media?parent=8462"}],"wp:term":[{"taxonomy":"category","embeddable":true,"href":"https:\/\/conexionnacional.mx\/index.php\/wp-json\/wp\/v2\/categories?post=8462"},{"taxonomy":"post_tag","embeddable":true,"href":"https:\/\/conexionnacional.mx\/index.php\/wp-json\/wp\/v2\/tags?post=8462"}],"curies":[{"name":"wp","href":"https:\/\/api.w.org\/{rel}","templated":true}]}}