{"id":8374,"date":"2023-02-04T14:02:00","date_gmt":"2023-02-04T20:02:00","guid":{"rendered":"https:\/\/conexionnacional.mx\/?p=8374"},"modified":"2023-02-04T14:51:59","modified_gmt":"2023-02-04T20:51:59","slug":"explosion-pipa-gasolinera-tula","status":"publish","type":"post","link":"https:\/\/conexionnacional.mx\/index.php\/2023\/02\/04\/explosion-pipa-gasolinera-tula\/","title":{"rendered":"<strong>Explosi\u00f3n de pipa en gasolinera de Tula deja 2 muertos y 4 heridos<\/strong>"},"content":{"rendered":"\n<p>Por: <a href=\"https:\/\/lagrandota.com.mx\/2019\/explosion-de-pipa-en-gasolinera-de-tula-deja-2-muertos-y-4-heridos\/\">lagrandota.com.mx <\/a>&nbsp;|<\/p>\n\n\n\n<p><strong>La explosi\u00f3n de una pipa en la gasolinera de Iturbe<\/strong>, ubicada a la altura del Colegio de Bachilleres en el municipio de Tula, <strong>dej\u00f3 como saldo 2 personas muertas y 4 heridas<\/strong>, de acuerdo al <strong>informe del secretario de Seguridad P\u00fablica de Hidalgo (SSPH) Salvador Cruz Neri.<\/strong><\/p>\n\n\n\n<p>El funcionario estatal confirm\u00f3 a las v\u00edctimas de este incidente y coment\u00f3 que se contin\u00faan con las labores de sofocamiento en el lugar.<\/p>\n\n\n\n<p>Tambi\u00e9n dio a conocer que dos hombres de las 4 personas heridas fueron trasladados para su atenci\u00f3n m\u00e9dica al hospital integral de Cinta Larga, en Mixquiahuala de Ju\u00e1rez, Hidalgo.<\/p>\n\n\n\n<p>El ayuntamiento de Tula de Allende ha informado que el accidente que provoc\u00f3 desconcierto en la poblaci\u00f3n fue atendido inmediatamente por la Direcci\u00f3n de Protecci\u00f3n Civil y del Cuerpo de Bomberos.<\/p>\n\n\n\n<p>Con informaci\u00f3n de <a href=\"https:\/\/lagrandota.com.mx\/\">La Grandota<\/a><\/p>\n","protected":false},"excerpt":{"rendered":"<p>Por: lagrandota.com.mx &nbsp;| La explosi\u00f3n de una pipa en la gasolinera de Iturbe, ubicada a la altura del Colegio de Bachilleres en el municipio de Tula, dej\u00f3 como saldo 2 personas muertas y 4 heridas, de acuerdo al informe del secretario de Seguridad P\u00fablica de Hidalgo (SSPH) Salvador Cruz Neri. El funcionario estatal confirm\u00f3 a [&hellip;]<\/p>\n","protected":false},"author":1,"featured_media":8375,"comment_status":"closed","ping_status":"closed","sticky":false,"template":"","format":"aside","meta":{"googlesitekit_rrm_CAowytPeCw:productID":"","footnotes":""},"categories":[17],"tags":[725,2838,104,914,3899],"class_list":["post-8374","post","type-post","status-publish","format-aside","has-post-thumbnail","hentry","category-estados","tag-explosion","tag-gasolinera","tag-hidalgo","tag-pipa","tag-tula","post_format-post-format-aside"],"yoast_head":"<!-- This site is optimized with the Yoast SEO plugin v27.5 - https:\/\/yoast.com\/product\/yoast-seo-wordpress\/ -->\n<title>Explosi\u00f3n de pipa en gasolinera de Tula deja 2 muertos y 4 heridos |<\/title>\n<meta name=\"description\" content=\"La explosi\u00f3n de una pipa en la gasolinera de Iturbe, en el municipio de Tula, dej\u00f3 como saldo 2 personas muertas y 4 heridas.\" \/>\n<meta name=\"robots\" content=\"index, follow, max-snippet:-1, max-image-preview:large, max-video-preview:-1\" \/>\n<link rel=\"canonical\" href=\"https:\/\/conexionnacional.mx\/index.php\/2023\/02\/04\/explosion-pipa-gasolinera-tula\/\" \/>\n<meta property=\"og:locale\" content=\"es_MX\" \/>\n<meta property=\"og:type\" content=\"article\" \/>\n<meta property=\"og:title\" content=\"Explosi\u00f3n de pipa en gasolinera de Tula deja 2 muertos y 4 heridos |\" \/>\n<meta property=\"og:description\" content=\"La explosi\u00f3n de una pipa en la gasolinera de Iturbe, en el municipio de Tula, dej\u00f3 como saldo 2 personas muertas y 4 heridas.\" \/>\n<meta property=\"og:url\" content=\"https:\/\/conexionnacional.mx\/index.php\/2023\/02\/04\/explosion-pipa-gasolinera-tula\/\" \/>\n<meta property=\"og:site_name\" content=\"Conexi\u00f3n Nacional\" \/>\n<meta property=\"article:publisher\" content=\"https:\/\/www.facebook.com\/cnmxradio\" \/>\n<meta property=\"article:published_time\" content=\"2023-02-04T20:02:00+00:00\" \/>\n<meta property=\"article:modified_time\" content=\"2023-02-04T20:51:59+00:00\" \/>\n<meta property=\"og:image\" content=\"https:\/\/conexionnacional.mx\/wp-content\/uploads\/2023\/02\/Explosion-de-pipa-en-gasolinera-de-Tula-CN.jpg\" \/>\n\t<meta property=\"og:image:width\" content=\"1000\" \/>\n\t<meta property=\"og:image:height\" content=\"600\" \/>\n\t<meta property=\"og:image:type\" content=\"image\/jpeg\" \/>\n<meta name=\"author\" content=\"Conexi\u00f3n Nacional\" \/>\n<meta name=\"twitter:card\" content=\"summary_large_image\" \/>\n<meta name=\"twitter:label1\" content=\"Escrito por\" \/>\n\t<meta name=\"twitter:data1\" content=\"Conexi\u00f3n Nacional\" \/>\n\t<meta name=\"twitter:label2\" content=\"Tiempo de lectura\" \/>\n\t<meta name=\"twitter:data2\" content=\"1 minuto\" \/>\n<script type=\"application\/ld+json\" class=\"yoast-schema-graph\">{\"@context\":\"https:\\\/\\\/schema.org\",\"@graph\":[{\"@type\":\"Article\",\"@id\":\"https:\\\/\\\/conexionnacional.mx\\\/index.php\\\/2023\\\/02\\\/04\\\/explosion-pipa-gasolinera-tula\\\/#article\",\"isPartOf\":{\"@id\":\"https:\\\/\\\/conexionnacional.mx\\\/index.php\\\/2023\\\/02\\\/04\\\/explosion-pipa-gasolinera-tula\\\/\"},\"author\":{\"name\":\"Conexi\u00f3n Nacional\",\"@id\":\"https:\\\/\\\/conexionnacional.mx\\\/#\\\/schema\\\/person\\\/dd14aeda902120f5e0e021903fdb6931\"},\"headline\":\"Explosi\u00f3n de pipa en gasolinera de Tula deja 2 muertos y 4 heridos\",\"datePublished\":\"2023-02-04T20:02:00+00:00\",\"dateModified\":\"2023-02-04T20:51:59+00:00\",\"mainEntityOfPage\":{\"@id\":\"https:\\\/\\\/conexionnacional.mx\\\/index.php\\\/2023\\\/02\\\/04\\\/explosion-pipa-gasolinera-tula\\\/\"},\"wordCount\":161,\"publisher\":{\"@id\":\"https:\\\/\\\/conexionnacional.mx\\\/#organization\"},\"image\":{\"@id\":\"https:\\\/\\\/conexionnacional.mx\\\/index.php\\\/2023\\\/02\\\/04\\\/explosion-pipa-gasolinera-tula\\\/#primaryimage\"},\"thumbnailUrl\":\"https:\\\/\\\/conexionnacional.mx\\\/wp-content\\\/uploads\\\/2023\\\/02\\\/Explosion-de-pipa-en-gasolinera-de-Tula-CN.jpg\",\"keywords\":[\"explosi\u00f3n\",\"gasolinera\",\"Hidalgo\",\"Pipa\",\"Tula\"],\"articleSection\":[\"Estados\"],\"inLanguage\":\"es\"},{\"@type\":\"WebPage\",\"@id\":\"https:\\\/\\\/conexionnacional.mx\\\/index.php\\\/2023\\\/02\\\/04\\\/explosion-pipa-gasolinera-tula\\\/\",\"url\":\"https:\\\/\\\/conexionnacional.mx\\\/index.php\\\/2023\\\/02\\\/04\\\/explosion-pipa-gasolinera-tula\\\/\",\"name\":\"Explosi\u00f3n de pipa en gasolinera de Tula deja 2 muertos y 4 heridos |\",\"isPartOf\":{\"@id\":\"https:\\\/\\\/conexionnacional.mx\\\/#website\"},\"primaryImageOfPage\":{\"@id\":\"https:\\\/\\\/conexionnacional.mx\\\/index.php\\\/2023\\\/02\\\/04\\\/explosion-pipa-gasolinera-tula\\\/#primaryimage\"},\"image\":{\"@id\":\"https:\\\/\\\/conexionnacional.mx\\\/index.php\\\/2023\\\/02\\\/04\\\/explosion-pipa-gasolinera-tula\\\/#primaryimage\"},\"thumbnailUrl\":\"https:\\\/\\\/conexionnacional.mx\\\/wp-content\\\/uploads\\\/2023\\\/02\\\/Explosion-de-pipa-en-gasolinera-de-Tula-CN.jpg\",\"datePublished\":\"2023-02-04T20:02:00+00:00\",\"dateModified\":\"2023-02-04T20:51:59+00:00\",\"description\":\"La explosi\u00f3n de una pipa en la gasolinera de Iturbe, en el municipio de Tula, dej\u00f3 como saldo 2 personas muertas y 4 heridas.\",\"breadcrumb\":{\"@id\":\"https:\\\/\\\/conexionnacional.mx\\\/index.php\\\/2023\\\/02\\\/04\\\/explosion-pipa-gasolinera-tula\\\/#breadcrumb\"},\"inLanguage\":\"es\",\"potentialAction\":[{\"@type\":\"ReadAction\",\"target\":[\"https:\\\/\\\/conexionnacional.mx\\\/index.php\\\/2023\\\/02\\\/04\\\/explosion-pipa-gasolinera-tula\\\/\"]}]},{\"@type\":\"ImageObject\",\"inLanguage\":\"es\",\"@id\":\"https:\\\/\\\/conexionnacional.mx\\\/index.php\\\/2023\\\/02\\\/04\\\/explosion-pipa-gasolinera-tula\\\/#primaryimage\",\"url\":\"https:\\\/\\\/conexionnacional.mx\\\/wp-content\\\/uploads\\\/2023\\\/02\\\/Explosion-de-pipa-en-gasolinera-de-Tula-CN.jpg\",\"contentUrl\":\"https:\\\/\\\/conexionnacional.mx\\\/wp-content\\\/uploads\\\/2023\\\/02\\\/Explosion-de-pipa-en-gasolinera-de-Tula-CN.jpg\",\"width\":1000,\"height\":600,\"caption\":\"Explosi\u00f3n de pipa en gasolinera de Tula\"},{\"@type\":\"BreadcrumbList\",\"@id\":\"https:\\\/\\\/conexionnacional.mx\\\/index.php\\\/2023\\\/02\\\/04\\\/explosion-pipa-gasolinera-tula\\\/#breadcrumb\",\"itemListElement\":[{\"@type\":\"ListItem\",\"position\":1,\"name\":\"Inicio\",\"item\":\"https:\\\/\\\/conexionnacional.mx\\\/\"},{\"@type\":\"ListItem\",\"position\":2,\"name\":\"Explosi\u00f3n de pipa en gasolinera de Tula deja 2 muertos y 4 heridos\"}]},{\"@type\":\"WebSite\",\"@id\":\"https:\\\/\\\/conexionnacional.mx\\\/#website\",\"url\":\"https:\\\/\\\/conexionnacional.mx\\\/\",\"name\":\"Conexi\u00f3n Nacional\",\"description\":\"Noticias al momento\",\"publisher\":{\"@id\":\"https:\\\/\\\/conexionnacional.mx\\\/#organization\"},\"alternateName\":\"Noticias nacionales\",\"potentialAction\":[{\"@type\":\"SearchAction\",\"target\":{\"@type\":\"EntryPoint\",\"urlTemplate\":\"https:\\\/\\\/conexionnacional.mx\\\/?s={search_term_string}\"},\"query-input\":{\"@type\":\"PropertyValueSpecification\",\"valueRequired\":true,\"valueName\":\"search_term_string\"}}],\"inLanguage\":\"es\"},{\"@type\":\"Organization\",\"@id\":\"https:\\\/\\\/conexionnacional.mx\\\/#organization\",\"name\":\"Conexi\u00f3n Nacional\",\"url\":\"https:\\\/\\\/conexionnacional.mx\\\/\",\"logo\":{\"@type\":\"ImageObject\",\"inLanguage\":\"es\",\"@id\":\"https:\\\/\\\/conexionnacional.mx\\\/#\\\/schema\\\/logo\\\/image\\\/\",\"url\":\"https:\\\/\\\/conexionnacional.mx\\\/wp-content\\\/uploads\\\/2022\\\/09\\\/conexion_nacional.png\",\"contentUrl\":\"https:\\\/\\\/conexionnacional.mx\\\/wp-content\\\/uploads\\\/2022\\\/09\\\/conexion_nacional.png\",\"width\":2964,\"height\":1173,\"caption\":\"Conexi\u00f3n Nacional\"},\"image\":{\"@id\":\"https:\\\/\\\/conexionnacional.mx\\\/#\\\/schema\\\/logo\\\/image\\\/\"},\"sameAs\":[\"https:\\\/\\\/www.facebook.com\\\/cnmxradio\"]},{\"@type\":\"Person\",\"@id\":\"https:\\\/\\\/conexionnacional.mx\\\/#\\\/schema\\\/person\\\/dd14aeda902120f5e0e021903fdb6931\",\"name\":\"Conexi\u00f3n Nacional\",\"image\":{\"@type\":\"ImageObject\",\"inLanguage\":\"es\",\"@id\":\"https:\\\/\\\/secure.gravatar.com\\\/avatar\\\/e523100f284110b2ecca7e17b2be9cf140a5e8f35294c9ec0543e6916cc1f9be?s=96&d=blank&r=g\",\"url\":\"https:\\\/\\\/secure.gravatar.com\\\/avatar\\\/e523100f284110b2ecca7e17b2be9cf140a5e8f35294c9ec0543e6916cc1f9be?s=96&d=blank&r=g\",\"contentUrl\":\"https:\\\/\\\/secure.gravatar.com\\\/avatar\\\/e523100f284110b2ecca7e17b2be9cf140a5e8f35294c9ec0543e6916cc1f9be?s=96&d=blank&r=g\",\"caption\":\"Conexi\u00f3n Nacional\"},\"sameAs\":[\"https:\\\/\\\/conexionnacional.mx\"],\"url\":\"https:\\\/\\\/conexionnacional.mx\\\/index.php\\\/author\\\/administrador\\\/\"}]}<\/script>\n<!-- \/ Yoast SEO plugin. -->","yoast_head_json":{"title":"Explosi\u00f3n de pipa en gasolinera de Tula deja 2 muertos y 4 heridos |","description":"La explosi\u00f3n de una pipa en la gasolinera de Iturbe, en el municipio de Tula, dej\u00f3 como saldo 2 personas muertas y 4 heridas.","robots":{"index":"index","follow":"follow","max-snippet":"max-snippet:-1","max-image-preview":"max-image-preview:large","max-video-preview":"max-video-preview:-1"},"canonical":"https:\/\/conexionnacional.mx\/index.php\/2023\/02\/04\/explosion-pipa-gasolinera-tula\/","og_locale":"es_MX","og_type":"article","og_title":"Explosi\u00f3n de pipa en gasolinera de Tula deja 2 muertos y 4 heridos |","og_description":"La explosi\u00f3n de una pipa en la gasolinera de Iturbe, en el municipio de Tula, dej\u00f3 como saldo 2 personas muertas y 4 heridas.","og_url":"https:\/\/conexionnacional.mx\/index.php\/2023\/02\/04\/explosion-pipa-gasolinera-tula\/","og_site_name":"Conexi\u00f3n Nacional","article_publisher":"https:\/\/www.facebook.com\/cnmxradio","article_published_time":"2023-02-04T20:02:00+00:00","article_modified_time":"2023-02-04T20:51:59+00:00","og_image":[{"width":1000,"height":600,"url":"https:\/\/conexionnacional.mx\/wp-content\/uploads\/2023\/02\/Explosion-de-pipa-en-gasolinera-de-Tula-CN.jpg","type":"image\/jpeg"}],"author":"Conexi\u00f3n Nacional","twitter_card":"summary_large_image","twitter_misc":{"Escrito por":"Conexi\u00f3n Nacional","Tiempo de lectura":"1 minuto"},"schema":{"@context":"https:\/\/schema.org","@graph":[{"@type":"Article","@id":"https:\/\/conexionnacional.mx\/index.php\/2023\/02\/04\/explosion-pipa-gasolinera-tula\/#article","isPartOf":{"@id":"https:\/\/conexionnacional.mx\/index.php\/2023\/02\/04\/explosion-pipa-gasolinera-tula\/"},"author":{"name":"Conexi\u00f3n Nacional","@id":"https:\/\/conexionnacional.mx\/#\/schema\/person\/dd14aeda902120f5e0e021903fdb6931"},"headline":"Explosi\u00f3n de pipa en gasolinera de Tula deja 2 muertos y 4 heridos","datePublished":"2023-02-04T20:02:00+00:00","dateModified":"2023-02-04T20:51:59+00:00","mainEntityOfPage":{"@id":"https:\/\/conexionnacional.mx\/index.php\/2023\/02\/04\/explosion-pipa-gasolinera-tula\/"},"wordCount":161,"publisher":{"@id":"https:\/\/conexionnacional.mx\/#organization"},"image":{"@id":"https:\/\/conexionnacional.mx\/index.php\/2023\/02\/04\/explosion-pipa-gasolinera-tula\/#primaryimage"},"thumbnailUrl":"https:\/\/conexionnacional.mx\/wp-content\/uploads\/2023\/02\/Explosion-de-pipa-en-gasolinera-de-Tula-CN.jpg","keywords":["explosi\u00f3n","gasolinera","Hidalgo","Pipa","Tula"],"articleSection":["Estados"],"inLanguage":"es"},{"@type":"WebPage","@id":"https:\/\/conexionnacional.mx\/index.php\/2023\/02\/04\/explosion-pipa-gasolinera-tula\/","url":"https:\/\/conexionnacional.mx\/index.php\/2023\/02\/04\/explosion-pipa-gasolinera-tula\/","name":"Explosi\u00f3n de pipa en gasolinera de Tula deja 2 muertos y 4 heridos |","isPartOf":{"@id":"https:\/\/conexionnacional.mx\/#website"},"primaryImageOfPage":{"@id":"https:\/\/conexionnacional.mx\/index.php\/2023\/02\/04\/explosion-pipa-gasolinera-tula\/#primaryimage"},"image":{"@id":"https:\/\/conexionnacional.mx\/index.php\/2023\/02\/04\/explosion-pipa-gasolinera-tula\/#primaryimage"},"thumbnailUrl":"https:\/\/conexionnacional.mx\/wp-content\/uploads\/2023\/02\/Explosion-de-pipa-en-gasolinera-de-Tula-CN.jpg","datePublished":"2023-02-04T20:02:00+00:00","dateModified":"2023-02-04T20:51:59+00:00","description":"La explosi\u00f3n de una pipa en la gasolinera de Iturbe, en el municipio de Tula, dej\u00f3 como saldo 2 personas muertas y 4 heridas.","breadcrumb":{"@id":"https:\/\/conexionnacional.mx\/index.php\/2023\/02\/04\/explosion-pipa-gasolinera-tula\/#breadcrumb"},"inLanguage":"es","potentialAction":[{"@type":"ReadAction","target":["https:\/\/conexionnacional.mx\/index.php\/2023\/02\/04\/explosion-pipa-gasolinera-tula\/"]}]},{"@type":"ImageObject","inLanguage":"es","@id":"https:\/\/conexionnacional.mx\/index.php\/2023\/02\/04\/explosion-pipa-gasolinera-tula\/#primaryimage","url":"https:\/\/conexionnacional.mx\/wp-content\/uploads\/2023\/02\/Explosion-de-pipa-en-gasolinera-de-Tula-CN.jpg","contentUrl":"https:\/\/conexionnacional.mx\/wp-content\/uploads\/2023\/02\/Explosion-de-pipa-en-gasolinera-de-Tula-CN.jpg","width":1000,"height":600,"caption":"Explosi\u00f3n de pipa en gasolinera de Tula"},{"@type":"BreadcrumbList","@id":"https:\/\/conexionnacional.mx\/index.php\/2023\/02\/04\/explosion-pipa-gasolinera-tula\/#breadcrumb","itemListElement":[{"@type":"ListItem","position":1,"name":"Inicio","item":"https:\/\/conexionnacional.mx\/"},{"@type":"ListItem","position":2,"name":"Explosi\u00f3n de pipa en gasolinera de Tula deja 2 muertos y 4 heridos"}]},{"@type":"WebSite","@id":"https:\/\/conexionnacional.mx\/#website","url":"https:\/\/conexionnacional.mx\/","name":"Conexi\u00f3n Nacional","description":"Noticias al momento","publisher":{"@id":"https:\/\/conexionnacional.mx\/#organization"},"alternateName":"Noticias nacionales","potentialAction":[{"@type":"SearchAction","target":{"@type":"EntryPoint","urlTemplate":"https:\/\/conexionnacional.mx\/?s={search_term_string}"},"query-input":{"@type":"PropertyValueSpecification","valueRequired":true,"valueName":"search_term_string"}}],"inLanguage":"es"},{"@type":"Organization","@id":"https:\/\/conexionnacional.mx\/#organization","name":"Conexi\u00f3n Nacional","url":"https:\/\/conexionnacional.mx\/","logo":{"@type":"ImageObject","inLanguage":"es","@id":"https:\/\/conexionnacional.mx\/#\/schema\/logo\/image\/","url":"https:\/\/conexionnacional.mx\/wp-content\/uploads\/2022\/09\/conexion_nacional.png","contentUrl":"https:\/\/conexionnacional.mx\/wp-content\/uploads\/2022\/09\/conexion_nacional.png","width":2964,"height":1173,"caption":"Conexi\u00f3n Nacional"},"image":{"@id":"https:\/\/conexionnacional.mx\/#\/schema\/logo\/image\/"},"sameAs":["https:\/\/www.facebook.com\/cnmxradio"]},{"@type":"Person","@id":"https:\/\/conexionnacional.mx\/#\/schema\/person\/dd14aeda902120f5e0e021903fdb6931","name":"Conexi\u00f3n Nacional","image":{"@type":"ImageObject","inLanguage":"es","@id":"https:\/\/secure.gravatar.com\/avatar\/e523100f284110b2ecca7e17b2be9cf140a5e8f35294c9ec0543e6916cc1f9be?s=96&d=blank&r=g","url":"https:\/\/secure.gravatar.com\/avatar\/e523100f284110b2ecca7e17b2be9cf140a5e8f35294c9ec0543e6916cc1f9be?s=96&d=blank&r=g","contentUrl":"https:\/\/secure.gravatar.com\/avatar\/e523100f284110b2ecca7e17b2be9cf140a5e8f35294c9ec0543e6916cc1f9be?s=96&d=blank&r=g","caption":"Conexi\u00f3n Nacional"},"sameAs":["https:\/\/conexionnacional.mx"],"url":"https:\/\/conexionnacional.mx\/index.php\/author\/administrador\/"}]}},"_links":{"self":[{"href":"https:\/\/conexionnacional.mx\/index.php\/wp-json\/wp\/v2\/posts\/8374","targetHints":{"allow":["GET"]}}],"collection":[{"href":"https:\/\/conexionnacional.mx\/index.php\/wp-json\/wp\/v2\/posts"}],"about":[{"href":"https:\/\/conexionnacional.mx\/index.php\/wp-json\/wp\/v2\/types\/post"}],"author":[{"embeddable":true,"href":"https:\/\/conexionnacional.mx\/index.php\/wp-json\/wp\/v2\/users\/1"}],"replies":[{"embeddable":true,"href":"https:\/\/conexionnacional.mx\/index.php\/wp-json\/wp\/v2\/comments?post=8374"}],"version-history":[{"count":1,"href":"https:\/\/conexionnacional.mx\/index.php\/wp-json\/wp\/v2\/posts\/8374\/revisions"}],"predecessor-version":[{"id":8376,"href":"https:\/\/conexionnacional.mx\/index.php\/wp-json\/wp\/v2\/posts\/8374\/revisions\/8376"}],"wp:featuredmedia":[{"embeddable":true,"href":"https:\/\/conexionnacional.mx\/index.php\/wp-json\/wp\/v2\/media\/8375"}],"wp:attachment":[{"href":"https:\/\/conexionnacional.mx\/index.php\/wp-json\/wp\/v2\/media?parent=8374"}],"wp:term":[{"taxonomy":"category","embeddable":true,"href":"https:\/\/conexionnacional.mx\/index.php\/wp-json\/wp\/v2\/categories?post=8374"},{"taxonomy":"post_tag","embeddable":true,"href":"https:\/\/conexionnacional.mx\/index.php\/wp-json\/wp\/v2\/tags?post=8374"}],"curies":[{"name":"wp","href":"https:\/\/api.w.org\/{rel}","templated":true}]}}