{"id":8371,"date":"2023-02-04T14:00:00","date_gmt":"2023-02-04T20:00:00","guid":{"rendered":"https:\/\/conexionnacional.mx\/?p=8371"},"modified":"2023-02-04T14:43:34","modified_gmt":"2023-02-04T20:43:34","slug":"suman-mexico-y-estados-unidos-esfuerzos","status":"publish","type":"post","link":"https:\/\/conexionnacional.mx\/index.php\/2023\/02\/04\/suman-mexico-y-estados-unidos-esfuerzos\/","title":{"rendered":"<strong>Suman M\u00e9xico y Estados Unidos esfuerzos y voluntades por una mejor relaci\u00f3n binacional: Marina del Pilar<\/strong>"},"content":{"rendered":"\n<p>Por: <a href=\"https:\/\/californiamedios.com\/suman-mexico-y-estados-unidos-esfuerzos-y-voluntades-por-una-mejor-relacion-binacional-marina-del-pilar\/\">californiamedios.com<\/a> |&nbsp;<\/p>\n\n\n\n<p><strong>La Gobernadora Marina del Pilar y el Embajador de Estados Unidos en M\u00e9xico, Ken Salazar, reconocieron el trabajo colaborativo con el Presidente Andr\u00e9s Manuel L\u00f3pez Obrador.<\/strong><\/p>\n\n\n\n<p><strong>En un esfuerzo conjunto entre los gobiernos de M\u00e9xico y Estados Unidos, y con el apoyo del Gobierno del Estado de Baja California, se est\u00e1n realizando obras de modernizaci\u00f3n de la infraestructura de los cruces fronterizos<\/strong>, as\u00ed como acciones de atenci\u00f3n migratoria y de bienestar para las poblaciones de ambos lados de la frontera, se\u00f1alaron de manera coordinada el Embajador de Estados Unidos en M\u00e9xico, Ken Salazar y la Gobernadora Marina del Pilar.&nbsp;&nbsp;<\/p>\n\n\n\n<p>La mandataria y el Embajador destacaron el trabajo y la voluntad de colaborar del Presidente de M\u00e9xico, Andr\u00e9s Manuel L\u00f3pez Obrador, y del Presidente de Estados Unidos, Joe Biden, a fin de seguir construyendo el fortalecimiento de la relaci\u00f3n binacional para lo cual se est\u00e1n dando pasos hist\u00f3ricos.&nbsp;<\/p>\n\n\n\n<p>Se resaltaron obras de alto impacto para la infraestructura fronteriza de Baja California, como las remodelaciones en la Garita Centro de Mexicali, los trabajos en la garita de Los Algodones, las acciones de agilizaci\u00f3n en el cruce entre Tijuana y San Ysidro y la construcci\u00f3n de la garita Otay II, derivada del impulso permanente del Presidente de M\u00e9xico, Andr\u00e9s Manuel L\u00f3pez Obrador.<\/p>\n\n\n<div class=\"wp-block-image\">\n<figure class=\"aligncenter is-resized\"><img decoding=\"async\" src=\"data:image\/gif;base64,R0lGODlhAQABAAAAACH5BAEKAAEALAAAAAABAAEAAAICTAEAOw==\" data-src=\"https:\/\/lh6.googleusercontent.com\/vsxyJyiJFF87t_jvfVGG0z7IPeaiC77MByHVMjDBik3diEIupFO4oWJK5RcVeW8sGRwuPelI6fqUsceT-R6JAv1WQSeuzxv8YqqhguV1T81nPhzdNmKZTpVle3eP9ApM-n0lLKpnt_TD0fFzJmIfHqw\" alt=\"\" width=\"720\" class=\"lazyload\" \/><\/figure>\n<\/div>\n\n\n<p>El representante del Gobierno de Estados Unidos visit\u00f3 Baja California con la finalidad de supervisar junto a la Gobernadora Marina del Pilar los trabajos de obra que se est\u00e1n llevando a cabo en la garita entre Mexicali y Calexico, en los Estados fronterizos.&nbsp;&nbsp;<\/p>\n\n\n\n<p>Como parte del recorrido, en el que fueron acompa\u00f1ados de funcionarios de ambos lados de la frontera, Ken Salazar y Marina del Pilar constataron los avances en acciones de infraestructura destinadas a dar un tratamiento m\u00e1s \u00e1gil a las y los cruces fronterizos.&nbsp;<\/p>\n\n\n\n<p>Asimismo, sostuvieron una reuni\u00f3n de trabajo en la que se abordaron asuntos de migraci\u00f3n, abasto binacional de agua, protecci\u00f3n del medio ambiente y desarrollo econ\u00f3mico fronterizo, mencionando avances notables en proyectos que buscan impactar positivamente la vida de los habitantes de ambos lados de la frontera.&nbsp;<\/p>\n\n\n\n<p>En su mensaje a la sociedad de Baja California, el Embajador se\u00f1al\u00f3 que los objetivos se han concretado en la franja fronteriza con el apoyo de la Gobernadora Marina del Pilar, ya que se trata de obras de infraestructura tangibles y de alto beneficio para mexicanos y estadunidenses.&nbsp;<\/p>\n\n\n\n<p>\u201cCuando se ve la construcci\u00f3n de los esfuerzos aqu\u00ed en la parte de Estados Unidos y en la parte de M\u00e9xico, se ve que estamos trabajando como socios y no nada m\u00e1s aqu\u00ed en Mexicali, tambi\u00e9n lo estamos haciendo en Tijuana, en Otay Mesa, en toda la frontera entre Baja California, California, Arizona, y as\u00ed hasta Matamoros y Brownsville, por tres mil kil\u00f3metros estamos por primera vez trabajando estos proyectos\u201d, sostuvo.&nbsp;<\/p>\n\n\n\n<p>En el mismo sentido, resalt\u00f3 la importancia de la reuni\u00f3n de trabajo entre personal del Gobierno de Estados Unidos, la administraci\u00f3n del Presidente de M\u00e9xico, Andr\u00e9s Manuel L\u00f3pez Obrador, y el Gobierno de Baja California, ya que de esa manera se est\u00e1n consiguiendo importantes resultados que van marcando la pauta.&nbsp;<\/p>\n\n\n\n<p>\u201cSeguir\u00e9 viniendo porque esta regi\u00f3n del suroeste de los Estados Unidos y noroeste de M\u00e9xico es una regi\u00f3n que tiene mucho, s\u00ed tenemos algunas dificultades complicadas y tambi\u00e9n tenemos grandes oportunidades para mejorar la vida del pueblo de los Estados Unidos y el pueblo mexicano\u201d, agreg\u00f3.&nbsp;<\/p>\n\n\n\n<p>Por su parte, la Gobernadora Marina del Pilar expres\u00f3 que hay importantes avances en la remodelaci\u00f3n de la garita Mexicali Oeste que se derivan de la voluntad pol\u00edtica de los gobiernos tanto en Washington como en Ciudad de M\u00e9xico.&nbsp;<\/p>\n\n\n\n<p>\u201cHoy estamos consolidando una nueva agenda para la convivencia e integraci\u00f3n, que traer\u00e1 consigo beneficios para las y los habitantes de ambos lados de la frontera, basada en un desarrollo binacional sostenible, integral, equitativo e incluyente\u201d, manifest\u00f3 la Titular del Poder Ejecutivo del Estado.&nbsp;<\/p>\n\n\n\n<p>Marina del Pilar reiter\u00f3 su total respaldo tanto en materia de obras urbanas complementarias para agilizar los cruces, incluidas dentro de nuestro programa Respira, como para la gesti\u00f3n de recursos, ya que la motivaci\u00f3n es avanzar hacia una mega regi\u00f3n en la que la calidad de vida de los pueblos mejore d\u00eda con d\u00eda.&nbsp;<\/p>\n\n\n\n<p>\u201cBaja California y California no s\u00f3lo somos la frontera m\u00e1s transitada del mundo, sino la tierra de los grandes sue\u00f1os materializados. Estoy segura que los mejores tiempos de nuestra relaci\u00f3n binacional los estamos construyendo justo ahora. Unidas y unidos, hoy estamos edificando la frontera del futuro\u201d, puntualiz\u00f3.<\/p>\n\n\n<div class=\"wp-block-image\">\n<figure class=\"aligncenter is-resized\"><img decoding=\"async\" src=\"data:image\/gif;base64,R0lGODlhAQABAAAAACH5BAEKAAEALAAAAAABAAEAAAICTAEAOw==\" data-src=\"https:\/\/lh4.googleusercontent.com\/N-u762QL5fxWIJwatmKRTDEcRt33vYRN7CQEJVH7rtKArRI8SjJ61olBkvvpvh05hd_WROI8nJl85wzJaQSxfZofp-1YtpnCKYw7f944LZPVdAyaTkPTVcwz_vVYN4PTez4I6wKXC3unQ26-VxtsMG8\" alt=\"\" width=\"720\" class=\"lazyload\" \/><\/figure>\n<\/div>\n\n\n<p>Cabe se\u00f1alar que la Gobernadora y el Embajador mencionaron que las obras siguen presentando avances importantes, y pusieron como ejemplo las labores de construcci\u00f3n de la garita Otay II, que estar\u00e1n concluidas en 2024 y marcar\u00e1n un antes y un despu\u00e9s en los cruces entre Tijuana y la ciudad de San Diego, California.&nbsp;<\/p>\n\n\n\n<p>En la reuni\u00f3n estuvieron presentes Tarcisio Navarrete, c\u00f3nsul de M\u00e9xico en Calexico; Maria Elena Giner, comisionada de la IBWC de Estados Unidos; Ramon Riesgo, director de GSA para los programas de la Frontera Sur de Estados Unidos; Kevin Ellerbrock, asistente del Embajador; Kurt Ignacio Honold Morales, secretario de Econom\u00eda e Innovaci\u00f3n de Baja California; Arturo Espinoza Jaramillo, secretario de Infraestructura, Desarrollo Urbano y Reordenaci\u00f3n Territorial; Marco Moreno Mexia, secretario de Hacienda, entre otros representantes de ambos lados de la frontera.<\/p>\n\n\n\n<p>Con informaci\u00f3n de <a href=\"https:\/\/californiamedios.com\/\">California Medios<\/a><\/p>\n","protected":false},"excerpt":{"rendered":"<p>Por: californiamedios.com |&nbsp; La Gobernadora Marina del Pilar y el Embajador de Estados Unidos en M\u00e9xico, Ken Salazar, reconocieron el trabajo colaborativo con el Presidente Andr\u00e9s Manuel L\u00f3pez Obrador. En un esfuerzo conjunto entre los gobiernos de M\u00e9xico y Estados Unidos, y con el apoyo del Gobierno del Estado de Baja California, se est\u00e1n realizando [&hellip;]<\/p>\n","protected":false},"author":1,"featured_media":8372,"comment_status":"closed","ping_status":"closed","sticky":false,"template":"","format":"aside","meta":{"googlesitekit_rrm_CAowytPeCw:productID":"","footnotes":""},"categories":[3],"tags":[3898,35,187,2795],"class_list":["post-8371","post","type-post","status-publish","format-aside","has-post-thumbnail","hentry","category-nacional","tag-esfuerzos","tag-estados-unidos","tag-mexico","tag-relacion","post_format-post-format-aside"],"yoast_head":"<!-- This site is optimized with the Yoast SEO plugin v27.5 - https:\/\/yoast.com\/product\/yoast-seo-wordpress\/ -->\n<title>Suman M\u00e9xico y Estados Unidos esfuerzos y voluntades por una mejor relaci\u00f3n binacional: Marina del Pilar |<\/title>\n<meta name=\"description\" content=\"La Gobernadora Marina del Pilar y el Embajador de Estados Unidos en M\u00e9xico, Ken Salazar, reconocieron el trabajo colaborativo.\" \/>\n<meta name=\"robots\" content=\"index, follow, max-snippet:-1, max-image-preview:large, max-video-preview:-1\" \/>\n<link rel=\"canonical\" href=\"https:\/\/conexionnacional.mx\/index.php\/2023\/02\/04\/suman-mexico-y-estados-unidos-esfuerzos\/\" \/>\n<meta property=\"og:locale\" content=\"es_MX\" \/>\n<meta property=\"og:type\" content=\"article\" \/>\n<meta property=\"og:title\" content=\"Suman M\u00e9xico y Estados Unidos esfuerzos y voluntades por una mejor relaci\u00f3n binacional: Marina del Pilar |\" \/>\n<meta property=\"og:description\" content=\"La Gobernadora Marina del Pilar y el Embajador de Estados Unidos en M\u00e9xico, Ken Salazar, reconocieron el trabajo colaborativo.\" \/>\n<meta property=\"og:url\" content=\"https:\/\/conexionnacional.mx\/index.php\/2023\/02\/04\/suman-mexico-y-estados-unidos-esfuerzos\/\" \/>\n<meta property=\"og:site_name\" content=\"Conexi\u00f3n Nacional\" \/>\n<meta property=\"article:publisher\" content=\"https:\/\/www.facebook.com\/cnmxradio\" \/>\n<meta property=\"article:published_time\" content=\"2023-02-04T20:00:00+00:00\" \/>\n<meta property=\"article:modified_time\" content=\"2023-02-04T20:43:34+00:00\" \/>\n<meta property=\"og:image\" content=\"https:\/\/conexionnacional.mx\/wp-content\/uploads\/2023\/02\/Suman-Mexico-y-Estados-Unidos-esfuerzos-CN.jpg\" \/>\n\t<meta property=\"og:image:width\" content=\"1000\" \/>\n\t<meta property=\"og:image:height\" content=\"600\" \/>\n\t<meta property=\"og:image:type\" content=\"image\/jpeg\" \/>\n<meta name=\"author\" content=\"Conexi\u00f3n Nacional\" \/>\n<meta name=\"twitter:card\" content=\"summary_large_image\" \/>\n<meta name=\"twitter:label1\" content=\"Escrito por\" \/>\n\t<meta name=\"twitter:data1\" content=\"Conexi\u00f3n Nacional\" \/>\n\t<meta name=\"twitter:label2\" content=\"Tiempo de lectura\" \/>\n\t<meta name=\"twitter:data2\" content=\"5 minutos\" \/>\n<script type=\"application\/ld+json\" class=\"yoast-schema-graph\">{\"@context\":\"https:\\\/\\\/schema.org\",\"@graph\":[{\"@type\":\"Article\",\"@id\":\"https:\\\/\\\/conexionnacional.mx\\\/index.php\\\/2023\\\/02\\\/04\\\/suman-mexico-y-estados-unidos-esfuerzos\\\/#article\",\"isPartOf\":{\"@id\":\"https:\\\/\\\/conexionnacional.mx\\\/index.php\\\/2023\\\/02\\\/04\\\/suman-mexico-y-estados-unidos-esfuerzos\\\/\"},\"author\":{\"name\":\"Conexi\u00f3n Nacional\",\"@id\":\"https:\\\/\\\/conexionnacional.mx\\\/#\\\/schema\\\/person\\\/dd14aeda902120f5e0e021903fdb6931\"},\"headline\":\"Suman M\u00e9xico y Estados Unidos esfuerzos y voluntades por una mejor relaci\u00f3n binacional: Marina del Pilar\",\"datePublished\":\"2023-02-04T20:00:00+00:00\",\"dateModified\":\"2023-02-04T20:43:34+00:00\",\"mainEntityOfPage\":{\"@id\":\"https:\\\/\\\/conexionnacional.mx\\\/index.php\\\/2023\\\/02\\\/04\\\/suman-mexico-y-estados-unidos-esfuerzos\\\/\"},\"wordCount\":982,\"publisher\":{\"@id\":\"https:\\\/\\\/conexionnacional.mx\\\/#organization\"},\"image\":{\"@id\":\"https:\\\/\\\/conexionnacional.mx\\\/index.php\\\/2023\\\/02\\\/04\\\/suman-mexico-y-estados-unidos-esfuerzos\\\/#primaryimage\"},\"thumbnailUrl\":\"https:\\\/\\\/conexionnacional.mx\\\/wp-content\\\/uploads\\\/2023\\\/02\\\/Suman-Mexico-y-Estados-Unidos-esfuerzos-CN.jpg\",\"keywords\":[\"esfuerzos\",\"Estados Unidos\",\"M\u00e9xico\",\"relaci\u00f3n\"],\"articleSection\":[\"Nacional\"],\"inLanguage\":\"es\"},{\"@type\":\"WebPage\",\"@id\":\"https:\\\/\\\/conexionnacional.mx\\\/index.php\\\/2023\\\/02\\\/04\\\/suman-mexico-y-estados-unidos-esfuerzos\\\/\",\"url\":\"https:\\\/\\\/conexionnacional.mx\\\/index.php\\\/2023\\\/02\\\/04\\\/suman-mexico-y-estados-unidos-esfuerzos\\\/\",\"name\":\"Suman M\u00e9xico y Estados Unidos esfuerzos y voluntades por una mejor relaci\u00f3n binacional: Marina del Pilar |\",\"isPartOf\":{\"@id\":\"https:\\\/\\\/conexionnacional.mx\\\/#website\"},\"primaryImageOfPage\":{\"@id\":\"https:\\\/\\\/conexionnacional.mx\\\/index.php\\\/2023\\\/02\\\/04\\\/suman-mexico-y-estados-unidos-esfuerzos\\\/#primaryimage\"},\"image\":{\"@id\":\"https:\\\/\\\/conexionnacional.mx\\\/index.php\\\/2023\\\/02\\\/04\\\/suman-mexico-y-estados-unidos-esfuerzos\\\/#primaryimage\"},\"thumbnailUrl\":\"https:\\\/\\\/conexionnacional.mx\\\/wp-content\\\/uploads\\\/2023\\\/02\\\/Suman-Mexico-y-Estados-Unidos-esfuerzos-CN.jpg\",\"datePublished\":\"2023-02-04T20:00:00+00:00\",\"dateModified\":\"2023-02-04T20:43:34+00:00\",\"description\":\"La Gobernadora Marina del Pilar y el Embajador de Estados Unidos en M\u00e9xico, Ken Salazar, reconocieron el trabajo colaborativo.\",\"breadcrumb\":{\"@id\":\"https:\\\/\\\/conexionnacional.mx\\\/index.php\\\/2023\\\/02\\\/04\\\/suman-mexico-y-estados-unidos-esfuerzos\\\/#breadcrumb\"},\"inLanguage\":\"es\",\"potentialAction\":[{\"@type\":\"ReadAction\",\"target\":[\"https:\\\/\\\/conexionnacional.mx\\\/index.php\\\/2023\\\/02\\\/04\\\/suman-mexico-y-estados-unidos-esfuerzos\\\/\"]}]},{\"@type\":\"ImageObject\",\"inLanguage\":\"es\",\"@id\":\"https:\\\/\\\/conexionnacional.mx\\\/index.php\\\/2023\\\/02\\\/04\\\/suman-mexico-y-estados-unidos-esfuerzos\\\/#primaryimage\",\"url\":\"https:\\\/\\\/conexionnacional.mx\\\/wp-content\\\/uploads\\\/2023\\\/02\\\/Suman-Mexico-y-Estados-Unidos-esfuerzos-CN.jpg\",\"contentUrl\":\"https:\\\/\\\/conexionnacional.mx\\\/wp-content\\\/uploads\\\/2023\\\/02\\\/Suman-Mexico-y-Estados-Unidos-esfuerzos-CN.jpg\",\"width\":1000,\"height\":600,\"caption\":\"Suman M\u00e9xico y Estados Unidos esfuerzos\"},{\"@type\":\"BreadcrumbList\",\"@id\":\"https:\\\/\\\/conexionnacional.mx\\\/index.php\\\/2023\\\/02\\\/04\\\/suman-mexico-y-estados-unidos-esfuerzos\\\/#breadcrumb\",\"itemListElement\":[{\"@type\":\"ListItem\",\"position\":1,\"name\":\"Inicio\",\"item\":\"https:\\\/\\\/conexionnacional.mx\\\/\"},{\"@type\":\"ListItem\",\"position\":2,\"name\":\"Suman M\u00e9xico y Estados Unidos esfuerzos y voluntades por una mejor relaci\u00f3n binacional: Marina del Pilar\"}]},{\"@type\":\"WebSite\",\"@id\":\"https:\\\/\\\/conexionnacional.mx\\\/#website\",\"url\":\"https:\\\/\\\/conexionnacional.mx\\\/\",\"name\":\"Conexi\u00f3n Nacional\",\"description\":\"Noticias al momento\",\"publisher\":{\"@id\":\"https:\\\/\\\/conexionnacional.mx\\\/#organization\"},\"alternateName\":\"Noticias nacionales\",\"potentialAction\":[{\"@type\":\"SearchAction\",\"target\":{\"@type\":\"EntryPoint\",\"urlTemplate\":\"https:\\\/\\\/conexionnacional.mx\\\/?s={search_term_string}\"},\"query-input\":{\"@type\":\"PropertyValueSpecification\",\"valueRequired\":true,\"valueName\":\"search_term_string\"}}],\"inLanguage\":\"es\"},{\"@type\":\"Organization\",\"@id\":\"https:\\\/\\\/conexionnacional.mx\\\/#organization\",\"name\":\"Conexi\u00f3n Nacional\",\"url\":\"https:\\\/\\\/conexionnacional.mx\\\/\",\"logo\":{\"@type\":\"ImageObject\",\"inLanguage\":\"es\",\"@id\":\"https:\\\/\\\/conexionnacional.mx\\\/#\\\/schema\\\/logo\\\/image\\\/\",\"url\":\"https:\\\/\\\/conexionnacional.mx\\\/wp-content\\\/uploads\\\/2022\\\/09\\\/conexion_nacional.png\",\"contentUrl\":\"https:\\\/\\\/conexionnacional.mx\\\/wp-content\\\/uploads\\\/2022\\\/09\\\/conexion_nacional.png\",\"width\":2964,\"height\":1173,\"caption\":\"Conexi\u00f3n Nacional\"},\"image\":{\"@id\":\"https:\\\/\\\/conexionnacional.mx\\\/#\\\/schema\\\/logo\\\/image\\\/\"},\"sameAs\":[\"https:\\\/\\\/www.facebook.com\\\/cnmxradio\"]},{\"@type\":\"Person\",\"@id\":\"https:\\\/\\\/conexionnacional.mx\\\/#\\\/schema\\\/person\\\/dd14aeda902120f5e0e021903fdb6931\",\"name\":\"Conexi\u00f3n Nacional\",\"image\":{\"@type\":\"ImageObject\",\"inLanguage\":\"es\",\"@id\":\"https:\\\/\\\/secure.gravatar.com\\\/avatar\\\/e523100f284110b2ecca7e17b2be9cf140a5e8f35294c9ec0543e6916cc1f9be?s=96&d=blank&r=g\",\"url\":\"https:\\\/\\\/secure.gravatar.com\\\/avatar\\\/e523100f284110b2ecca7e17b2be9cf140a5e8f35294c9ec0543e6916cc1f9be?s=96&d=blank&r=g\",\"contentUrl\":\"https:\\\/\\\/secure.gravatar.com\\\/avatar\\\/e523100f284110b2ecca7e17b2be9cf140a5e8f35294c9ec0543e6916cc1f9be?s=96&d=blank&r=g\",\"caption\":\"Conexi\u00f3n Nacional\"},\"sameAs\":[\"https:\\\/\\\/conexionnacional.mx\"],\"url\":\"https:\\\/\\\/conexionnacional.mx\\\/index.php\\\/author\\\/administrador\\\/\"}]}<\/script>\n<!-- \/ Yoast SEO plugin. -->","yoast_head_json":{"title":"Suman M\u00e9xico y Estados Unidos esfuerzos y voluntades por una mejor relaci\u00f3n binacional: Marina del Pilar |","description":"La Gobernadora Marina del Pilar y el Embajador de Estados Unidos en M\u00e9xico, Ken Salazar, reconocieron el trabajo colaborativo.","robots":{"index":"index","follow":"follow","max-snippet":"max-snippet:-1","max-image-preview":"max-image-preview:large","max-video-preview":"max-video-preview:-1"},"canonical":"https:\/\/conexionnacional.mx\/index.php\/2023\/02\/04\/suman-mexico-y-estados-unidos-esfuerzos\/","og_locale":"es_MX","og_type":"article","og_title":"Suman M\u00e9xico y Estados Unidos esfuerzos y voluntades por una mejor relaci\u00f3n binacional: Marina del Pilar |","og_description":"La Gobernadora Marina del Pilar y el Embajador de Estados Unidos en M\u00e9xico, Ken Salazar, reconocieron el trabajo colaborativo.","og_url":"https:\/\/conexionnacional.mx\/index.php\/2023\/02\/04\/suman-mexico-y-estados-unidos-esfuerzos\/","og_site_name":"Conexi\u00f3n Nacional","article_publisher":"https:\/\/www.facebook.com\/cnmxradio","article_published_time":"2023-02-04T20:00:00+00:00","article_modified_time":"2023-02-04T20:43:34+00:00","og_image":[{"width":1000,"height":600,"url":"https:\/\/conexionnacional.mx\/wp-content\/uploads\/2023\/02\/Suman-Mexico-y-Estados-Unidos-esfuerzos-CN.jpg","type":"image\/jpeg"}],"author":"Conexi\u00f3n Nacional","twitter_card":"summary_large_image","twitter_misc":{"Escrito por":"Conexi\u00f3n Nacional","Tiempo de lectura":"5 minutos"},"schema":{"@context":"https:\/\/schema.org","@graph":[{"@type":"Article","@id":"https:\/\/conexionnacional.mx\/index.php\/2023\/02\/04\/suman-mexico-y-estados-unidos-esfuerzos\/#article","isPartOf":{"@id":"https:\/\/conexionnacional.mx\/index.php\/2023\/02\/04\/suman-mexico-y-estados-unidos-esfuerzos\/"},"author":{"name":"Conexi\u00f3n Nacional","@id":"https:\/\/conexionnacional.mx\/#\/schema\/person\/dd14aeda902120f5e0e021903fdb6931"},"headline":"Suman M\u00e9xico y Estados Unidos esfuerzos y voluntades por una mejor relaci\u00f3n binacional: Marina del Pilar","datePublished":"2023-02-04T20:00:00+00:00","dateModified":"2023-02-04T20:43:34+00:00","mainEntityOfPage":{"@id":"https:\/\/conexionnacional.mx\/index.php\/2023\/02\/04\/suman-mexico-y-estados-unidos-esfuerzos\/"},"wordCount":982,"publisher":{"@id":"https:\/\/conexionnacional.mx\/#organization"},"image":{"@id":"https:\/\/conexionnacional.mx\/index.php\/2023\/02\/04\/suman-mexico-y-estados-unidos-esfuerzos\/#primaryimage"},"thumbnailUrl":"https:\/\/conexionnacional.mx\/wp-content\/uploads\/2023\/02\/Suman-Mexico-y-Estados-Unidos-esfuerzos-CN.jpg","keywords":["esfuerzos","Estados Unidos","M\u00e9xico","relaci\u00f3n"],"articleSection":["Nacional"],"inLanguage":"es"},{"@type":"WebPage","@id":"https:\/\/conexionnacional.mx\/index.php\/2023\/02\/04\/suman-mexico-y-estados-unidos-esfuerzos\/","url":"https:\/\/conexionnacional.mx\/index.php\/2023\/02\/04\/suman-mexico-y-estados-unidos-esfuerzos\/","name":"Suman M\u00e9xico y Estados Unidos esfuerzos y voluntades por una mejor relaci\u00f3n binacional: Marina del Pilar |","isPartOf":{"@id":"https:\/\/conexionnacional.mx\/#website"},"primaryImageOfPage":{"@id":"https:\/\/conexionnacional.mx\/index.php\/2023\/02\/04\/suman-mexico-y-estados-unidos-esfuerzos\/#primaryimage"},"image":{"@id":"https:\/\/conexionnacional.mx\/index.php\/2023\/02\/04\/suman-mexico-y-estados-unidos-esfuerzos\/#primaryimage"},"thumbnailUrl":"https:\/\/conexionnacional.mx\/wp-content\/uploads\/2023\/02\/Suman-Mexico-y-Estados-Unidos-esfuerzos-CN.jpg","datePublished":"2023-02-04T20:00:00+00:00","dateModified":"2023-02-04T20:43:34+00:00","description":"La Gobernadora Marina del Pilar y el Embajador de Estados Unidos en M\u00e9xico, Ken Salazar, reconocieron el trabajo colaborativo.","breadcrumb":{"@id":"https:\/\/conexionnacional.mx\/index.php\/2023\/02\/04\/suman-mexico-y-estados-unidos-esfuerzos\/#breadcrumb"},"inLanguage":"es","potentialAction":[{"@type":"ReadAction","target":["https:\/\/conexionnacional.mx\/index.php\/2023\/02\/04\/suman-mexico-y-estados-unidos-esfuerzos\/"]}]},{"@type":"ImageObject","inLanguage":"es","@id":"https:\/\/conexionnacional.mx\/index.php\/2023\/02\/04\/suman-mexico-y-estados-unidos-esfuerzos\/#primaryimage","url":"https:\/\/conexionnacional.mx\/wp-content\/uploads\/2023\/02\/Suman-Mexico-y-Estados-Unidos-esfuerzos-CN.jpg","contentUrl":"https:\/\/conexionnacional.mx\/wp-content\/uploads\/2023\/02\/Suman-Mexico-y-Estados-Unidos-esfuerzos-CN.jpg","width":1000,"height":600,"caption":"Suman M\u00e9xico y Estados Unidos esfuerzos"},{"@type":"BreadcrumbList","@id":"https:\/\/conexionnacional.mx\/index.php\/2023\/02\/04\/suman-mexico-y-estados-unidos-esfuerzos\/#breadcrumb","itemListElement":[{"@type":"ListItem","position":1,"name":"Inicio","item":"https:\/\/conexionnacional.mx\/"},{"@type":"ListItem","position":2,"name":"Suman M\u00e9xico y Estados Unidos esfuerzos y voluntades por una mejor relaci\u00f3n binacional: Marina del Pilar"}]},{"@type":"WebSite","@id":"https:\/\/conexionnacional.mx\/#website","url":"https:\/\/conexionnacional.mx\/","name":"Conexi\u00f3n Nacional","description":"Noticias al momento","publisher":{"@id":"https:\/\/conexionnacional.mx\/#organization"},"alternateName":"Noticias nacionales","potentialAction":[{"@type":"SearchAction","target":{"@type":"EntryPoint","urlTemplate":"https:\/\/conexionnacional.mx\/?s={search_term_string}"},"query-input":{"@type":"PropertyValueSpecification","valueRequired":true,"valueName":"search_term_string"}}],"inLanguage":"es"},{"@type":"Organization","@id":"https:\/\/conexionnacional.mx\/#organization","name":"Conexi\u00f3n Nacional","url":"https:\/\/conexionnacional.mx\/","logo":{"@type":"ImageObject","inLanguage":"es","@id":"https:\/\/conexionnacional.mx\/#\/schema\/logo\/image\/","url":"https:\/\/conexionnacional.mx\/wp-content\/uploads\/2022\/09\/conexion_nacional.png","contentUrl":"https:\/\/conexionnacional.mx\/wp-content\/uploads\/2022\/09\/conexion_nacional.png","width":2964,"height":1173,"caption":"Conexi\u00f3n Nacional"},"image":{"@id":"https:\/\/conexionnacional.mx\/#\/schema\/logo\/image\/"},"sameAs":["https:\/\/www.facebook.com\/cnmxradio"]},{"@type":"Person","@id":"https:\/\/conexionnacional.mx\/#\/schema\/person\/dd14aeda902120f5e0e021903fdb6931","name":"Conexi\u00f3n Nacional","image":{"@type":"ImageObject","inLanguage":"es","@id":"https:\/\/secure.gravatar.com\/avatar\/e523100f284110b2ecca7e17b2be9cf140a5e8f35294c9ec0543e6916cc1f9be?s=96&d=blank&r=g","url":"https:\/\/secure.gravatar.com\/avatar\/e523100f284110b2ecca7e17b2be9cf140a5e8f35294c9ec0543e6916cc1f9be?s=96&d=blank&r=g","contentUrl":"https:\/\/secure.gravatar.com\/avatar\/e523100f284110b2ecca7e17b2be9cf140a5e8f35294c9ec0543e6916cc1f9be?s=96&d=blank&r=g","caption":"Conexi\u00f3n Nacional"},"sameAs":["https:\/\/conexionnacional.mx"],"url":"https:\/\/conexionnacional.mx\/index.php\/author\/administrador\/"}]}},"_links":{"self":[{"href":"https:\/\/conexionnacional.mx\/index.php\/wp-json\/wp\/v2\/posts\/8371","targetHints":{"allow":["GET"]}}],"collection":[{"href":"https:\/\/conexionnacional.mx\/index.php\/wp-json\/wp\/v2\/posts"}],"about":[{"href":"https:\/\/conexionnacional.mx\/index.php\/wp-json\/wp\/v2\/types\/post"}],"author":[{"embeddable":true,"href":"https:\/\/conexionnacional.mx\/index.php\/wp-json\/wp\/v2\/users\/1"}],"replies":[{"embeddable":true,"href":"https:\/\/conexionnacional.mx\/index.php\/wp-json\/wp\/v2\/comments?post=8371"}],"version-history":[{"count":1,"href":"https:\/\/conexionnacional.mx\/index.php\/wp-json\/wp\/v2\/posts\/8371\/revisions"}],"predecessor-version":[{"id":8373,"href":"https:\/\/conexionnacional.mx\/index.php\/wp-json\/wp\/v2\/posts\/8371\/revisions\/8373"}],"wp:featuredmedia":[{"embeddable":true,"href":"https:\/\/conexionnacional.mx\/index.php\/wp-json\/wp\/v2\/media\/8372"}],"wp:attachment":[{"href":"https:\/\/conexionnacional.mx\/index.php\/wp-json\/wp\/v2\/media?parent=8371"}],"wp:term":[{"taxonomy":"category","embeddable":true,"href":"https:\/\/conexionnacional.mx\/index.php\/wp-json\/wp\/v2\/categories?post=8371"},{"taxonomy":"post_tag","embeddable":true,"href":"https:\/\/conexionnacional.mx\/index.php\/wp-json\/wp\/v2\/tags?post=8371"}],"curies":[{"name":"wp","href":"https:\/\/api.w.org\/{rel}","templated":true}]}}