{"id":7004,"date":"2023-01-15T17:01:00","date_gmt":"2023-01-15T23:01:00","guid":{"rendered":"https:\/\/conexionnacional.mx\/?p=7004"},"modified":"2023-01-15T12:14:19","modified_gmt":"2023-01-15T18:14:19","slug":"joven-atrapada-en-nieve","status":"publish","type":"post","link":"https:\/\/conexionnacional.mx\/index.php\/2023\/01\/15\/joven-atrapada-en-nieve\/","title":{"rendered":"<strong>Joven env\u00eda video a su familia antes de morir en su auto atrapada en la nieve<\/strong>"},"content":{"rendered":"\n<p>Por: <a href=\"https:\/\/radio-mejor.com\/joven-envia-video-a-su-familia-antes-de-morir-en-su-auto-atrapada-en-la-nieve\/\">radio-mejor.com<\/a>&nbsp; |<\/p>\n\n\n\n<p>Como ya se ha visto en los diferentes reportes de los medios de comunicaci\u00f3n, las tormentas de nieve han estado azotando fuertemente a Estados Unidos, dejando p\u00e9rdidas fatales, ya que tras quedar atrapadas en los caminos, lamentablemente, muchas personas murieron de fr\u00edo. Esta situaci\u00f3n es muy triste y lo peor de todo es que nada se puede hacer, pues se trata de un fen\u00f3meno natural.<\/p>\n\n\n\n<p>Las im\u00e1genes de las tormentas le han dado la vuelta al mundo, sorprendiendo a propios y extra\u00f1os, y aunque todas las muertes son dolorosas, la de una chica de 22 a\u00f1os impact\u00f3 a todos luego de que alcanz\u00f3 a mandar un video a su familia antes de quedar congelada, el pasado 24 de diciembre, en Nueva York.<\/p>\n\n\n<div class=\"wp-block-image\">\n<figure class=\"aligncenter\"><img decoding=\"async\" src=\"data:image\/gif;base64,R0lGODlhAQABAAAAACH5BAEKAAEALAAAAAABAAEAAAICTAEAOw==\" data-src=\"https:\/\/lh4.googleusercontent.com\/ee5bXaVEHiwvUUxeBK8PectgFcBR8VfX1mOpUY_ExPi21NjPLFViWUjVfx6SDU7TBgCRQjMhgzI7rzHeR9Ev3SzJMMV3jebXYgguaRTuW-K2xXOZAmoisJhB9_vILG8ItCShuQCizljB7HnPNeNe2JbzbBO0qGZswNDoNa5XDoGV7v8mhkaBLnKf59Yw3g\" class=\"lazyload\" alt=\"Automovil cubierto por nieve en tormenta invernal de estados unidos\"\/><\/figure>\n<\/div>\n\n\n<p>Anndel Taylor, de 23 a\u00f1os, fue una de las al menos siete personas fallecidas ese d\u00eda tras quedar atrapada en su auto por al menos nueve horas antes de fallecer en B\u00fafalo, Estados Unidos. Fue una de sus hermanas quien comparti\u00f3 la desgarradora historia a trav\u00e9s de un video en la red TikTok.<\/p>\n\n\n\n<p>Lo m\u00e1s triste de todo es que, seg\u00fan informaron, Anndel se qued\u00f3 solo a cinco minutos de llegar a su hogar cuando el nivel de nieve ya no la dej\u00f3 avanzar. Adem\u00e1s, a pesar de que pidi\u00f3 ayuda a los bomberos, estos nunca llegaron a rescatarla debido a que tambi\u00e9n quedaron varados.<\/p>\n\n\n\n<figure class=\"wp-block-embed is-type-rich is-provider-twitter wp-block-embed-twitter\"><div class=\"wp-block-embed__wrapper\">\n<blockquote class=\"twitter-tweet\" data-width=\"550\" data-dnt=\"true\"><p lang=\"en\" dir=\"ltr\">Anndel Taylor, 22, died in her car after being trapped by Buffalo blizzard while driving home from work. She was found after 18 hours. She sent her family this final video from inside the car. <a href=\"https:\/\/t.co\/w8GBwR9UOm\">pic.twitter.com\/w8GBwR9UOm<\/a><\/p>&mdash; Mike Sington (@MikeSington) <a href=\"https:\/\/twitter.com\/MikeSington\/status\/1607708731822964737?ref_src=twsrc%5Etfw\">December 27, 2022<\/a><\/blockquote><script async src=\"https:\/\/platform.twitter.com\/widgets.js\" charset=\"utf-8\"><\/script>\n<\/div><\/figure>\n\n\n\n<p>As\u00ed fue que Anndel se qued\u00f3 en su coche y muri\u00f3 intoxicada por el mon\u00f3xido de carbono acumulado. Su cuerpo fue encontrado el 24 de diciembre a las 9 de la noche, pero lograron recuperarlo hasta el 25 a las 7 p. m.<\/p>\n\n\n\n<p>En el video se muestra la conversaci\u00f3n que Anndel tuvo en un grupo de una aplicaci\u00f3n de mensajer\u00eda con sus hermanas, a quienes les cuenta que no pudo avanzar m\u00e1s por la tormenta. Justo antes de fallecer, les envi\u00f3 un video para mostrarles c\u00f3mo estaba lleno de nieve.<\/p>\n\n\n\n<figure class=\"wp-block-embed is-type-rich is-provider-twitter wp-block-embed-twitter\"><div class=\"wp-block-embed__wrapper\">\n<blockquote class=\"twitter-tweet\" data-width=\"550\" data-dnt=\"true\"><p lang=\"en\" dir=\"ltr\">A devastating gut punch <a href=\"https:\/\/twitter.com\/hashtag\/Buffalo?src=hash&amp;ref_src=twsrc%5Etfw\">#Buffalo<\/a> <a href=\"https:\/\/twitter.com\/hashtag\/AnndelTaylor?src=hash&amp;ref_src=twsrc%5Etfw\">#AnndelTaylor<\/a> <a href=\"https:\/\/t.co\/71ZsG2T0u5\">pic.twitter.com\/71ZsG2T0u5<\/a><\/p>&mdash; Sophia Tesfaye (@SophiaTesfaye) <a href=\"https:\/\/twitter.com\/SophiaTesfaye\/status\/1607812684367671296?ref_src=twsrc%5Etfw\">December 27, 2022<\/a><\/blockquote><script async src=\"https:\/\/platform.twitter.com\/widgets.js\" charset=\"utf-8\"><\/script>\n<\/div><\/figure>\n\n\n\n<p>Sin duda, fue una amarga Navidad para las familias de los afectados por este fen\u00f3meno meteorol\u00f3gico, que siguen luchando por sobrevivir a la que ha sido catalogada como la peor tormenta de la historia de Estados Unidos, pues ahora est\u00e1n en riesgo por el derretimiento masivo de la nieve.<\/p>\n\n\n\n<p>Con Informaci\u00f3n de <a href=\"https:\/\/radio-mejor.com\/\">Radio Mejor<\/a><\/p>\n","protected":false},"excerpt":{"rendered":"<p>Por: radio-mejor.com&nbsp; | Como ya se ha visto en los diferentes reportes de los medios de comunicaci\u00f3n, las tormentas de nieve han estado azotando fuertemente a Estados Unidos, dejando p\u00e9rdidas fatales, ya que tras quedar atrapadas en los caminos, lamentablemente, muchas personas murieron de fr\u00edo. Esta situaci\u00f3n es muy triste y lo peor de todo [&hellip;]<\/p>\n","protected":false},"author":1,"featured_media":7005,"comment_status":"closed","ping_status":"closed","sticky":false,"template":"","format":"aside","meta":{"googlesitekit_rrm_CAowytPeCw:productID":"","footnotes":""},"categories":[8],"tags":[46,35,3426,54,2298],"class_list":["post-7004","post","type-post","status-publish","format-aside","has-post-thumbnail","hentry","category-internacional","tag-clima","tag-estados-unidos","tag-joven","tag-mujeres","tag-nieve","post_format-post-format-aside"],"yoast_head":"<!-- This site is optimized with the Yoast SEO plugin v27.5 - https:\/\/yoast.com\/product\/yoast-seo-wordpress\/ -->\n<title>Joven env\u00eda video a su familia antes de morir en su auto atrapada en la nieve |<\/title>\n<meta name=\"description\" content=\"Como ya se ha visto en los diferentes reportes de los medios de comunicaci\u00f3n, las tormentas de nieve han estado azotando fuertemente\" \/>\n<meta name=\"robots\" content=\"index, follow, max-snippet:-1, max-image-preview:large, max-video-preview:-1\" \/>\n<link rel=\"canonical\" href=\"https:\/\/conexionnacional.mx\/index.php\/2023\/01\/15\/joven-atrapada-en-nieve\/\" \/>\n<meta property=\"og:locale\" content=\"es_MX\" \/>\n<meta property=\"og:type\" content=\"article\" \/>\n<meta property=\"og:title\" content=\"Joven env\u00eda video a su familia antes de morir en su auto atrapada en la nieve |\" \/>\n<meta property=\"og:description\" content=\"Como ya se ha visto en los diferentes reportes de los medios de comunicaci\u00f3n, las tormentas de nieve han estado azotando fuertemente\" \/>\n<meta property=\"og:url\" content=\"https:\/\/conexionnacional.mx\/index.php\/2023\/01\/15\/joven-atrapada-en-nieve\/\" \/>\n<meta property=\"og:site_name\" content=\"Conexi\u00f3n Nacional\" \/>\n<meta property=\"article:publisher\" content=\"https:\/\/www.facebook.com\/cnmxradio\" \/>\n<meta property=\"article:published_time\" content=\"2023-01-15T23:01:00+00:00\" \/>\n<meta property=\"og:image\" content=\"https:\/\/conexionnacional.mx\/wp-content\/uploads\/2023\/01\/Joven-envia-video-a-su-familia-CN.jpg\" \/>\n\t<meta property=\"og:image:width\" content=\"1000\" \/>\n\t<meta property=\"og:image:height\" content=\"600\" \/>\n\t<meta property=\"og:image:type\" content=\"image\/jpeg\" \/>\n<meta name=\"author\" content=\"Conexi\u00f3n Nacional\" \/>\n<meta name=\"twitter:card\" content=\"summary_large_image\" \/>\n<meta name=\"twitter:label1\" content=\"Escrito por\" \/>\n\t<meta name=\"twitter:data1\" content=\"Conexi\u00f3n Nacional\" \/>\n\t<meta name=\"twitter:label2\" content=\"Tiempo de lectura\" \/>\n\t<meta name=\"twitter:data2\" content=\"2 minutos\" \/>\n<script type=\"application\/ld+json\" class=\"yoast-schema-graph\">{\"@context\":\"https:\\\/\\\/schema.org\",\"@graph\":[{\"@type\":\"Article\",\"@id\":\"https:\\\/\\\/conexionnacional.mx\\\/index.php\\\/2023\\\/01\\\/15\\\/joven-atrapada-en-nieve\\\/#article\",\"isPartOf\":{\"@id\":\"https:\\\/\\\/conexionnacional.mx\\\/index.php\\\/2023\\\/01\\\/15\\\/joven-atrapada-en-nieve\\\/\"},\"author\":{\"name\":\"Conexi\u00f3n Nacional\",\"@id\":\"https:\\\/\\\/conexionnacional.mx\\\/#\\\/schema\\\/person\\\/dd14aeda902120f5e0e021903fdb6931\"},\"headline\":\"Joven env\u00eda video a su familia antes de morir en su auto atrapada en la nieve\",\"datePublished\":\"2023-01-15T23:01:00+00:00\",\"mainEntityOfPage\":{\"@id\":\"https:\\\/\\\/conexionnacional.mx\\\/index.php\\\/2023\\\/01\\\/15\\\/joven-atrapada-en-nieve\\\/\"},\"wordCount\":482,\"publisher\":{\"@id\":\"https:\\\/\\\/conexionnacional.mx\\\/#organization\"},\"image\":{\"@id\":\"https:\\\/\\\/conexionnacional.mx\\\/index.php\\\/2023\\\/01\\\/15\\\/joven-atrapada-en-nieve\\\/#primaryimage\"},\"thumbnailUrl\":\"https:\\\/\\\/conexionnacional.mx\\\/wp-content\\\/uploads\\\/2023\\\/01\\\/Joven-envia-video-a-su-familia-CN.jpg\",\"keywords\":[\"clima\",\"Estados Unidos\",\"joven\",\"Mujeres\",\"Nieve\"],\"articleSection\":[\"Internacional\"],\"inLanguage\":\"es\"},{\"@type\":\"WebPage\",\"@id\":\"https:\\\/\\\/conexionnacional.mx\\\/index.php\\\/2023\\\/01\\\/15\\\/joven-atrapada-en-nieve\\\/\",\"url\":\"https:\\\/\\\/conexionnacional.mx\\\/index.php\\\/2023\\\/01\\\/15\\\/joven-atrapada-en-nieve\\\/\",\"name\":\"Joven env\u00eda video a su familia antes de morir en su auto atrapada en la nieve |\",\"isPartOf\":{\"@id\":\"https:\\\/\\\/conexionnacional.mx\\\/#website\"},\"primaryImageOfPage\":{\"@id\":\"https:\\\/\\\/conexionnacional.mx\\\/index.php\\\/2023\\\/01\\\/15\\\/joven-atrapada-en-nieve\\\/#primaryimage\"},\"image\":{\"@id\":\"https:\\\/\\\/conexionnacional.mx\\\/index.php\\\/2023\\\/01\\\/15\\\/joven-atrapada-en-nieve\\\/#primaryimage\"},\"thumbnailUrl\":\"https:\\\/\\\/conexionnacional.mx\\\/wp-content\\\/uploads\\\/2023\\\/01\\\/Joven-envia-video-a-su-familia-CN.jpg\",\"datePublished\":\"2023-01-15T23:01:00+00:00\",\"description\":\"Como ya se ha visto en los diferentes reportes de los medios de comunicaci\u00f3n, las tormentas de nieve han estado azotando fuertemente\",\"breadcrumb\":{\"@id\":\"https:\\\/\\\/conexionnacional.mx\\\/index.php\\\/2023\\\/01\\\/15\\\/joven-atrapada-en-nieve\\\/#breadcrumb\"},\"inLanguage\":\"es\",\"potentialAction\":[{\"@type\":\"ReadAction\",\"target\":[\"https:\\\/\\\/conexionnacional.mx\\\/index.php\\\/2023\\\/01\\\/15\\\/joven-atrapada-en-nieve\\\/\"]}]},{\"@type\":\"ImageObject\",\"inLanguage\":\"es\",\"@id\":\"https:\\\/\\\/conexionnacional.mx\\\/index.php\\\/2023\\\/01\\\/15\\\/joven-atrapada-en-nieve\\\/#primaryimage\",\"url\":\"https:\\\/\\\/conexionnacional.mx\\\/wp-content\\\/uploads\\\/2023\\\/01\\\/Joven-envia-video-a-su-familia-CN.jpg\",\"contentUrl\":\"https:\\\/\\\/conexionnacional.mx\\\/wp-content\\\/uploads\\\/2023\\\/01\\\/Joven-envia-video-a-su-familia-CN.jpg\",\"width\":1000,\"height\":600,\"caption\":\"Joven env\u00eda video a su familia antes de morir en su auto atrapada en la nieve\"},{\"@type\":\"BreadcrumbList\",\"@id\":\"https:\\\/\\\/conexionnacional.mx\\\/index.php\\\/2023\\\/01\\\/15\\\/joven-atrapada-en-nieve\\\/#breadcrumb\",\"itemListElement\":[{\"@type\":\"ListItem\",\"position\":1,\"name\":\"Inicio\",\"item\":\"https:\\\/\\\/conexionnacional.mx\\\/\"},{\"@type\":\"ListItem\",\"position\":2,\"name\":\"Joven env\u00eda video a su familia antes de morir en su auto atrapada en la nieve\"}]},{\"@type\":\"WebSite\",\"@id\":\"https:\\\/\\\/conexionnacional.mx\\\/#website\",\"url\":\"https:\\\/\\\/conexionnacional.mx\\\/\",\"name\":\"Conexi\u00f3n Nacional\",\"description\":\"Noticias al momento\",\"publisher\":{\"@id\":\"https:\\\/\\\/conexionnacional.mx\\\/#organization\"},\"alternateName\":\"Noticias nacionales\",\"potentialAction\":[{\"@type\":\"SearchAction\",\"target\":{\"@type\":\"EntryPoint\",\"urlTemplate\":\"https:\\\/\\\/conexionnacional.mx\\\/?s={search_term_string}\"},\"query-input\":{\"@type\":\"PropertyValueSpecification\",\"valueRequired\":true,\"valueName\":\"search_term_string\"}}],\"inLanguage\":\"es\"},{\"@type\":\"Organization\",\"@id\":\"https:\\\/\\\/conexionnacional.mx\\\/#organization\",\"name\":\"Conexi\u00f3n Nacional\",\"url\":\"https:\\\/\\\/conexionnacional.mx\\\/\",\"logo\":{\"@type\":\"ImageObject\",\"inLanguage\":\"es\",\"@id\":\"https:\\\/\\\/conexionnacional.mx\\\/#\\\/schema\\\/logo\\\/image\\\/\",\"url\":\"https:\\\/\\\/conexionnacional.mx\\\/wp-content\\\/uploads\\\/2022\\\/09\\\/conexion_nacional.png\",\"contentUrl\":\"https:\\\/\\\/conexionnacional.mx\\\/wp-content\\\/uploads\\\/2022\\\/09\\\/conexion_nacional.png\",\"width\":2964,\"height\":1173,\"caption\":\"Conexi\u00f3n Nacional\"},\"image\":{\"@id\":\"https:\\\/\\\/conexionnacional.mx\\\/#\\\/schema\\\/logo\\\/image\\\/\"},\"sameAs\":[\"https:\\\/\\\/www.facebook.com\\\/cnmxradio\"]},{\"@type\":\"Person\",\"@id\":\"https:\\\/\\\/conexionnacional.mx\\\/#\\\/schema\\\/person\\\/dd14aeda902120f5e0e021903fdb6931\",\"name\":\"Conexi\u00f3n Nacional\",\"image\":{\"@type\":\"ImageObject\",\"inLanguage\":\"es\",\"@id\":\"https:\\\/\\\/secure.gravatar.com\\\/avatar\\\/e523100f284110b2ecca7e17b2be9cf140a5e8f35294c9ec0543e6916cc1f9be?s=96&d=blank&r=g\",\"url\":\"https:\\\/\\\/secure.gravatar.com\\\/avatar\\\/e523100f284110b2ecca7e17b2be9cf140a5e8f35294c9ec0543e6916cc1f9be?s=96&d=blank&r=g\",\"contentUrl\":\"https:\\\/\\\/secure.gravatar.com\\\/avatar\\\/e523100f284110b2ecca7e17b2be9cf140a5e8f35294c9ec0543e6916cc1f9be?s=96&d=blank&r=g\",\"caption\":\"Conexi\u00f3n Nacional\"},\"sameAs\":[\"https:\\\/\\\/conexionnacional.mx\"],\"url\":\"https:\\\/\\\/conexionnacional.mx\\\/index.php\\\/author\\\/administrador\\\/\"}]}<\/script>\n<!-- \/ Yoast SEO plugin. -->","yoast_head_json":{"title":"Joven env\u00eda video a su familia antes de morir en su auto atrapada en la nieve |","description":"Como ya se ha visto en los diferentes reportes de los medios de comunicaci\u00f3n, las tormentas de nieve han estado azotando fuertemente","robots":{"index":"index","follow":"follow","max-snippet":"max-snippet:-1","max-image-preview":"max-image-preview:large","max-video-preview":"max-video-preview:-1"},"canonical":"https:\/\/conexionnacional.mx\/index.php\/2023\/01\/15\/joven-atrapada-en-nieve\/","og_locale":"es_MX","og_type":"article","og_title":"Joven env\u00eda video a su familia antes de morir en su auto atrapada en la nieve |","og_description":"Como ya se ha visto en los diferentes reportes de los medios de comunicaci\u00f3n, las tormentas de nieve han estado azotando fuertemente","og_url":"https:\/\/conexionnacional.mx\/index.php\/2023\/01\/15\/joven-atrapada-en-nieve\/","og_site_name":"Conexi\u00f3n Nacional","article_publisher":"https:\/\/www.facebook.com\/cnmxradio","article_published_time":"2023-01-15T23:01:00+00:00","og_image":[{"width":1000,"height":600,"url":"https:\/\/conexionnacional.mx\/wp-content\/uploads\/2023\/01\/Joven-envia-video-a-su-familia-CN.jpg","type":"image\/jpeg"}],"author":"Conexi\u00f3n Nacional","twitter_card":"summary_large_image","twitter_misc":{"Escrito por":"Conexi\u00f3n Nacional","Tiempo de lectura":"2 minutos"},"schema":{"@context":"https:\/\/schema.org","@graph":[{"@type":"Article","@id":"https:\/\/conexionnacional.mx\/index.php\/2023\/01\/15\/joven-atrapada-en-nieve\/#article","isPartOf":{"@id":"https:\/\/conexionnacional.mx\/index.php\/2023\/01\/15\/joven-atrapada-en-nieve\/"},"author":{"name":"Conexi\u00f3n Nacional","@id":"https:\/\/conexionnacional.mx\/#\/schema\/person\/dd14aeda902120f5e0e021903fdb6931"},"headline":"Joven env\u00eda video a su familia antes de morir en su auto atrapada en la nieve","datePublished":"2023-01-15T23:01:00+00:00","mainEntityOfPage":{"@id":"https:\/\/conexionnacional.mx\/index.php\/2023\/01\/15\/joven-atrapada-en-nieve\/"},"wordCount":482,"publisher":{"@id":"https:\/\/conexionnacional.mx\/#organization"},"image":{"@id":"https:\/\/conexionnacional.mx\/index.php\/2023\/01\/15\/joven-atrapada-en-nieve\/#primaryimage"},"thumbnailUrl":"https:\/\/conexionnacional.mx\/wp-content\/uploads\/2023\/01\/Joven-envia-video-a-su-familia-CN.jpg","keywords":["clima","Estados Unidos","joven","Mujeres","Nieve"],"articleSection":["Internacional"],"inLanguage":"es"},{"@type":"WebPage","@id":"https:\/\/conexionnacional.mx\/index.php\/2023\/01\/15\/joven-atrapada-en-nieve\/","url":"https:\/\/conexionnacional.mx\/index.php\/2023\/01\/15\/joven-atrapada-en-nieve\/","name":"Joven env\u00eda video a su familia antes de morir en su auto atrapada en la nieve |","isPartOf":{"@id":"https:\/\/conexionnacional.mx\/#website"},"primaryImageOfPage":{"@id":"https:\/\/conexionnacional.mx\/index.php\/2023\/01\/15\/joven-atrapada-en-nieve\/#primaryimage"},"image":{"@id":"https:\/\/conexionnacional.mx\/index.php\/2023\/01\/15\/joven-atrapada-en-nieve\/#primaryimage"},"thumbnailUrl":"https:\/\/conexionnacional.mx\/wp-content\/uploads\/2023\/01\/Joven-envia-video-a-su-familia-CN.jpg","datePublished":"2023-01-15T23:01:00+00:00","description":"Como ya se ha visto en los diferentes reportes de los medios de comunicaci\u00f3n, las tormentas de nieve han estado azotando fuertemente","breadcrumb":{"@id":"https:\/\/conexionnacional.mx\/index.php\/2023\/01\/15\/joven-atrapada-en-nieve\/#breadcrumb"},"inLanguage":"es","potentialAction":[{"@type":"ReadAction","target":["https:\/\/conexionnacional.mx\/index.php\/2023\/01\/15\/joven-atrapada-en-nieve\/"]}]},{"@type":"ImageObject","inLanguage":"es","@id":"https:\/\/conexionnacional.mx\/index.php\/2023\/01\/15\/joven-atrapada-en-nieve\/#primaryimage","url":"https:\/\/conexionnacional.mx\/wp-content\/uploads\/2023\/01\/Joven-envia-video-a-su-familia-CN.jpg","contentUrl":"https:\/\/conexionnacional.mx\/wp-content\/uploads\/2023\/01\/Joven-envia-video-a-su-familia-CN.jpg","width":1000,"height":600,"caption":"Joven env\u00eda video a su familia antes de morir en su auto atrapada en la nieve"},{"@type":"BreadcrumbList","@id":"https:\/\/conexionnacional.mx\/index.php\/2023\/01\/15\/joven-atrapada-en-nieve\/#breadcrumb","itemListElement":[{"@type":"ListItem","position":1,"name":"Inicio","item":"https:\/\/conexionnacional.mx\/"},{"@type":"ListItem","position":2,"name":"Joven env\u00eda video a su familia antes de morir en su auto atrapada en la nieve"}]},{"@type":"WebSite","@id":"https:\/\/conexionnacional.mx\/#website","url":"https:\/\/conexionnacional.mx\/","name":"Conexi\u00f3n Nacional","description":"Noticias al momento","publisher":{"@id":"https:\/\/conexionnacional.mx\/#organization"},"alternateName":"Noticias nacionales","potentialAction":[{"@type":"SearchAction","target":{"@type":"EntryPoint","urlTemplate":"https:\/\/conexionnacional.mx\/?s={search_term_string}"},"query-input":{"@type":"PropertyValueSpecification","valueRequired":true,"valueName":"search_term_string"}}],"inLanguage":"es"},{"@type":"Organization","@id":"https:\/\/conexionnacional.mx\/#organization","name":"Conexi\u00f3n Nacional","url":"https:\/\/conexionnacional.mx\/","logo":{"@type":"ImageObject","inLanguage":"es","@id":"https:\/\/conexionnacional.mx\/#\/schema\/logo\/image\/","url":"https:\/\/conexionnacional.mx\/wp-content\/uploads\/2022\/09\/conexion_nacional.png","contentUrl":"https:\/\/conexionnacional.mx\/wp-content\/uploads\/2022\/09\/conexion_nacional.png","width":2964,"height":1173,"caption":"Conexi\u00f3n Nacional"},"image":{"@id":"https:\/\/conexionnacional.mx\/#\/schema\/logo\/image\/"},"sameAs":["https:\/\/www.facebook.com\/cnmxradio"]},{"@type":"Person","@id":"https:\/\/conexionnacional.mx\/#\/schema\/person\/dd14aeda902120f5e0e021903fdb6931","name":"Conexi\u00f3n Nacional","image":{"@type":"ImageObject","inLanguage":"es","@id":"https:\/\/secure.gravatar.com\/avatar\/e523100f284110b2ecca7e17b2be9cf140a5e8f35294c9ec0543e6916cc1f9be?s=96&d=blank&r=g","url":"https:\/\/secure.gravatar.com\/avatar\/e523100f284110b2ecca7e17b2be9cf140a5e8f35294c9ec0543e6916cc1f9be?s=96&d=blank&r=g","contentUrl":"https:\/\/secure.gravatar.com\/avatar\/e523100f284110b2ecca7e17b2be9cf140a5e8f35294c9ec0543e6916cc1f9be?s=96&d=blank&r=g","caption":"Conexi\u00f3n Nacional"},"sameAs":["https:\/\/conexionnacional.mx"],"url":"https:\/\/conexionnacional.mx\/index.php\/author\/administrador\/"}]}},"_links":{"self":[{"href":"https:\/\/conexionnacional.mx\/index.php\/wp-json\/wp\/v2\/posts\/7004","targetHints":{"allow":["GET"]}}],"collection":[{"href":"https:\/\/conexionnacional.mx\/index.php\/wp-json\/wp\/v2\/posts"}],"about":[{"href":"https:\/\/conexionnacional.mx\/index.php\/wp-json\/wp\/v2\/types\/post"}],"author":[{"embeddable":true,"href":"https:\/\/conexionnacional.mx\/index.php\/wp-json\/wp\/v2\/users\/1"}],"replies":[{"embeddable":true,"href":"https:\/\/conexionnacional.mx\/index.php\/wp-json\/wp\/v2\/comments?post=7004"}],"version-history":[{"count":1,"href":"https:\/\/conexionnacional.mx\/index.php\/wp-json\/wp\/v2\/posts\/7004\/revisions"}],"predecessor-version":[{"id":7006,"href":"https:\/\/conexionnacional.mx\/index.php\/wp-json\/wp\/v2\/posts\/7004\/revisions\/7006"}],"wp:featuredmedia":[{"embeddable":true,"href":"https:\/\/conexionnacional.mx\/index.php\/wp-json\/wp\/v2\/media\/7005"}],"wp:attachment":[{"href":"https:\/\/conexionnacional.mx\/index.php\/wp-json\/wp\/v2\/media?parent=7004"}],"wp:term":[{"taxonomy":"category","embeddable":true,"href":"https:\/\/conexionnacional.mx\/index.php\/wp-json\/wp\/v2\/categories?post=7004"},{"taxonomy":"post_tag","embeddable":true,"href":"https:\/\/conexionnacional.mx\/index.php\/wp-json\/wp\/v2\/tags?post=7004"}],"curies":[{"name":"wp","href":"https:\/\/api.w.org\/{rel}","templated":true}]}}