{"id":6763,"date":"2023-01-11T15:04:00","date_gmt":"2023-01-11T21:04:00","guid":{"rendered":"https:\/\/conexionnacional.mx\/?p=6763"},"modified":"2023-01-11T14:54:18","modified_gmt":"2023-01-11T20:54:18","slug":"se-reanuda-trafico-aereo-en-estados-unidos","status":"publish","type":"post","link":"https:\/\/conexionnacional.mx\/index.php\/2023\/01\/11\/se-reanuda-trafico-aereo-en-estados-unidos\/","title":{"rendered":"<strong>Se reanuda tr\u00e1fico a\u00e9reo en Estados Unidos, hay miles de vuelos retrasados y cancelados<\/strong>"},"content":{"rendered":"\n<p>Por: <a href=\"https:\/\/www.cydnoticias.mx\/2023\/01\/11\/se-reanuda-trafico-estados-unidos\/\">Yeri Gonz\u00e1lez | cydnoticias.mx<\/a>&nbsp; |<\/p>\n\n\n\n<p>Los <strong>vuelos en Estados Unidos comenzaron lentamente<\/strong> a reanudarse luego de una parada en tierra despu\u00e9s de que la <strong>Administraci\u00f3n Federal de Aviaci\u00f3n (FAA)<\/strong> se apresur\u00f3 a arreglar una falla del sistema que hab\u00eda obligado a detener todos los vuelos que sal\u00edan del pa\u00eds.<\/p>\n\n\n\n<p>La causa del problema, que retras\u00f3 miles de <strong>vuelos en Estados Unidos<\/strong>, no estaba clara, pero las autoridades estadounidenses dijeron que hasta el momento no hab\u00edan encontrado evidencia de un ataque cibern\u00e9tico.<\/p>\n\n\n\n<p><em>&#8220;Las operaciones normales de tr\u00e1fico a\u00e9reo se est\u00e1n reanudando gradualmente en Estados Unidos luego de una interrupci\u00f3n nocturna del sistema Notice to Air Missions que brinda informaci\u00f3n de seguridad a las tripulaciones de vuelo. Se levant\u00f3 la parada en tierra. Seguimos investigando la causa del problema inicial&#8221;, dijo la FAA en un Tweet.<\/em><\/p>\n\n\n\n<p><strong>Se retrasaron m\u00e1s de 4.300 vuelos y se cancelaron 700<\/strong>, debido a que las autoridades dijeron que tomar\u00e1 horas recuperarse de la interrupci\u00f3n de los vuelos.<\/p>\n\n\n\n<p>La FAA hab\u00eda ordenado previamente a las aerol\u00edneas que detuvieran todas las salidas nacionales despu\u00e9s de que su sistema de alerta de piloto fallara y la agencia tuvo que realizar un restablecimiento completo, dijeron las autoridades.<\/p>\n\n\n\n<p>Se espera que la FAA implemente un programa de demoras en tierra para abordar la acumulaci\u00f3n de vuelos detenidos durante horas. A los vuelos que ya estaban en el aire se les permiti\u00f3 continuar hacia sus destinos durante la medida.<\/p>\n\n\n\n<p>El presidente <strong>Joe Biden orden\u00f3 al Departamento de Transporte que investigara la interrupci\u00f3n<\/strong> y dijo que la causa de la falla se desconoc\u00eda en este momento. Consultado sobre si un ataque cibern\u00e9tico estaba detr\u00e1s de la interrupci\u00f3n, <strong>Biden afirm\u00f3 a periodistas en la Casa Blanca: &#8220;No lo sabemos&#8221;<\/strong>.<\/p>\n\n\n\n<p>Con Informaci\u00f3n de<a href=\"https:\/\/www.cydnoticias.mx\/\"> Claro y Directo Mx\u00ae<\/a>.<\/p>\n","protected":false},"excerpt":{"rendered":"<p>Por: Yeri Gonz\u00e1lez | cydnoticias.mx&nbsp; | Los vuelos en Estados Unidos comenzaron lentamente a reanudarse luego de una parada en tierra despu\u00e9s de que la Administraci\u00f3n Federal de Aviaci\u00f3n (FAA) se apresur\u00f3 a arreglar una falla del sistema que hab\u00eda obligado a detener todos los vuelos que sal\u00edan del pa\u00eds. La causa del problema, que [&hellip;]<\/p>\n","protected":false},"author":1,"featured_media":6764,"comment_status":"closed","ping_status":"closed","sticky":false,"template":"","format":"aside","meta":{"googlesitekit_rrm_CAowytPeCw:productID":"","footnotes":""},"categories":[8],"tags":[1156,35,3322,3321,3315],"class_list":["post-6763","post","type-post","status-publish","format-aside","has-post-thumbnail","hentry","category-internacional","tag-cancelados","tag-estados-unidos","tag-retrasados","tag-trafico-aereo","tag-vuelos","post_format-post-format-aside"],"yoast_head":"<!-- This site is optimized with the Yoast SEO plugin v27.5 - https:\/\/yoast.com\/product\/yoast-seo-wordpress\/ -->\n<title>Se reanuda tr\u00e1fico a\u00e9reo en Estados Unidos, hay miles de vuelos retrasados y cancelados |<\/title>\n<meta name=\"description\" content=\"Los vuelos en Estados Unidos comenzaron lentamente a reanudarse luego de una parada en tierra despu\u00e9s de que la FAA.\" \/>\n<meta name=\"robots\" content=\"index, follow, max-snippet:-1, max-image-preview:large, max-video-preview:-1\" \/>\n<link rel=\"canonical\" href=\"https:\/\/conexionnacional.mx\/index.php\/2023\/01\/11\/se-reanuda-trafico-aereo-en-estados-unidos\/\" \/>\n<meta property=\"og:locale\" content=\"es_MX\" \/>\n<meta property=\"og:type\" content=\"article\" \/>\n<meta property=\"og:title\" content=\"Se reanuda tr\u00e1fico a\u00e9reo en Estados Unidos, hay miles de vuelos retrasados y cancelados |\" \/>\n<meta property=\"og:description\" content=\"Los vuelos en Estados Unidos comenzaron lentamente a reanudarse luego de una parada en tierra despu\u00e9s de que la FAA.\" \/>\n<meta property=\"og:url\" content=\"https:\/\/conexionnacional.mx\/index.php\/2023\/01\/11\/se-reanuda-trafico-aereo-en-estados-unidos\/\" \/>\n<meta property=\"og:site_name\" content=\"Conexi\u00f3n Nacional\" \/>\n<meta property=\"article:publisher\" content=\"https:\/\/www.facebook.com\/cnmxradio\" \/>\n<meta property=\"article:published_time\" content=\"2023-01-11T21:04:00+00:00\" \/>\n<meta property=\"og:image\" content=\"https:\/\/conexionnacional.mx\/wp-content\/uploads\/2023\/01\/Se-reanuda-trafico-aereo-en-Estados-Unidos-CN.jpg\" \/>\n\t<meta property=\"og:image:width\" content=\"1000\" \/>\n\t<meta property=\"og:image:height\" content=\"600\" \/>\n\t<meta property=\"og:image:type\" content=\"image\/jpeg\" \/>\n<meta name=\"author\" content=\"Conexi\u00f3n Nacional\" \/>\n<meta name=\"twitter:card\" content=\"summary_large_image\" \/>\n<meta name=\"twitter:label1\" content=\"Escrito por\" \/>\n\t<meta name=\"twitter:data1\" content=\"Conexi\u00f3n Nacional\" \/>\n\t<meta name=\"twitter:label2\" content=\"Tiempo de lectura\" \/>\n\t<meta name=\"twitter:data2\" content=\"2 minutos\" \/>\n<script type=\"application\/ld+json\" class=\"yoast-schema-graph\">{\"@context\":\"https:\\\/\\\/schema.org\",\"@graph\":[{\"@type\":\"Article\",\"@id\":\"https:\\\/\\\/conexionnacional.mx\\\/index.php\\\/2023\\\/01\\\/11\\\/se-reanuda-trafico-aereo-en-estados-unidos\\\/#article\",\"isPartOf\":{\"@id\":\"https:\\\/\\\/conexionnacional.mx\\\/index.php\\\/2023\\\/01\\\/11\\\/se-reanuda-trafico-aereo-en-estados-unidos\\\/\"},\"author\":{\"name\":\"Conexi\u00f3n Nacional\",\"@id\":\"https:\\\/\\\/conexionnacional.mx\\\/#\\\/schema\\\/person\\\/dd14aeda902120f5e0e021903fdb6931\"},\"headline\":\"Se reanuda tr\u00e1fico a\u00e9reo en Estados Unidos, hay miles de vuelos retrasados y cancelados\",\"datePublished\":\"2023-01-11T21:04:00+00:00\",\"mainEntityOfPage\":{\"@id\":\"https:\\\/\\\/conexionnacional.mx\\\/index.php\\\/2023\\\/01\\\/11\\\/se-reanuda-trafico-aereo-en-estados-unidos\\\/\"},\"wordCount\":332,\"publisher\":{\"@id\":\"https:\\\/\\\/conexionnacional.mx\\\/#organization\"},\"image\":{\"@id\":\"https:\\\/\\\/conexionnacional.mx\\\/index.php\\\/2023\\\/01\\\/11\\\/se-reanuda-trafico-aereo-en-estados-unidos\\\/#primaryimage\"},\"thumbnailUrl\":\"https:\\\/\\\/conexionnacional.mx\\\/wp-content\\\/uploads\\\/2023\\\/01\\\/Se-reanuda-trafico-aereo-en-Estados-Unidos-CN.jpg\",\"keywords\":[\"Cancelados\",\"Estados Unidos\",\"retrasados\",\"tr\u00e1fico a\u00e9reo\",\"vuelos\"],\"articleSection\":[\"Internacional\"],\"inLanguage\":\"es\"},{\"@type\":\"WebPage\",\"@id\":\"https:\\\/\\\/conexionnacional.mx\\\/index.php\\\/2023\\\/01\\\/11\\\/se-reanuda-trafico-aereo-en-estados-unidos\\\/\",\"url\":\"https:\\\/\\\/conexionnacional.mx\\\/index.php\\\/2023\\\/01\\\/11\\\/se-reanuda-trafico-aereo-en-estados-unidos\\\/\",\"name\":\"Se reanuda tr\u00e1fico a\u00e9reo en Estados Unidos, hay miles de vuelos retrasados y cancelados |\",\"isPartOf\":{\"@id\":\"https:\\\/\\\/conexionnacional.mx\\\/#website\"},\"primaryImageOfPage\":{\"@id\":\"https:\\\/\\\/conexionnacional.mx\\\/index.php\\\/2023\\\/01\\\/11\\\/se-reanuda-trafico-aereo-en-estados-unidos\\\/#primaryimage\"},\"image\":{\"@id\":\"https:\\\/\\\/conexionnacional.mx\\\/index.php\\\/2023\\\/01\\\/11\\\/se-reanuda-trafico-aereo-en-estados-unidos\\\/#primaryimage\"},\"thumbnailUrl\":\"https:\\\/\\\/conexionnacional.mx\\\/wp-content\\\/uploads\\\/2023\\\/01\\\/Se-reanuda-trafico-aereo-en-Estados-Unidos-CN.jpg\",\"datePublished\":\"2023-01-11T21:04:00+00:00\",\"description\":\"Los vuelos en Estados Unidos comenzaron lentamente a reanudarse luego de una parada en tierra despu\u00e9s de que la FAA.\",\"breadcrumb\":{\"@id\":\"https:\\\/\\\/conexionnacional.mx\\\/index.php\\\/2023\\\/01\\\/11\\\/se-reanuda-trafico-aereo-en-estados-unidos\\\/#breadcrumb\"},\"inLanguage\":\"es\",\"potentialAction\":[{\"@type\":\"ReadAction\",\"target\":[\"https:\\\/\\\/conexionnacional.mx\\\/index.php\\\/2023\\\/01\\\/11\\\/se-reanuda-trafico-aereo-en-estados-unidos\\\/\"]}]},{\"@type\":\"ImageObject\",\"inLanguage\":\"es\",\"@id\":\"https:\\\/\\\/conexionnacional.mx\\\/index.php\\\/2023\\\/01\\\/11\\\/se-reanuda-trafico-aereo-en-estados-unidos\\\/#primaryimage\",\"url\":\"https:\\\/\\\/conexionnacional.mx\\\/wp-content\\\/uploads\\\/2023\\\/01\\\/Se-reanuda-trafico-aereo-en-Estados-Unidos-CN.jpg\",\"contentUrl\":\"https:\\\/\\\/conexionnacional.mx\\\/wp-content\\\/uploads\\\/2023\\\/01\\\/Se-reanuda-trafico-aereo-en-Estados-Unidos-CN.jpg\",\"width\":1000,\"height\":600,\"caption\":\"Se reanuda tr\u00e1fico a\u00e9reo en Estados Unidos\"},{\"@type\":\"BreadcrumbList\",\"@id\":\"https:\\\/\\\/conexionnacional.mx\\\/index.php\\\/2023\\\/01\\\/11\\\/se-reanuda-trafico-aereo-en-estados-unidos\\\/#breadcrumb\",\"itemListElement\":[{\"@type\":\"ListItem\",\"position\":1,\"name\":\"Inicio\",\"item\":\"https:\\\/\\\/conexionnacional.mx\\\/\"},{\"@type\":\"ListItem\",\"position\":2,\"name\":\"Se reanuda tr\u00e1fico a\u00e9reo en Estados Unidos, hay miles de vuelos retrasados y cancelados\"}]},{\"@type\":\"WebSite\",\"@id\":\"https:\\\/\\\/conexionnacional.mx\\\/#website\",\"url\":\"https:\\\/\\\/conexionnacional.mx\\\/\",\"name\":\"Conexi\u00f3n Nacional\",\"description\":\"Noticias al momento\",\"publisher\":{\"@id\":\"https:\\\/\\\/conexionnacional.mx\\\/#organization\"},\"alternateName\":\"Noticias nacionales\",\"potentialAction\":[{\"@type\":\"SearchAction\",\"target\":{\"@type\":\"EntryPoint\",\"urlTemplate\":\"https:\\\/\\\/conexionnacional.mx\\\/?s={search_term_string}\"},\"query-input\":{\"@type\":\"PropertyValueSpecification\",\"valueRequired\":true,\"valueName\":\"search_term_string\"}}],\"inLanguage\":\"es\"},{\"@type\":\"Organization\",\"@id\":\"https:\\\/\\\/conexionnacional.mx\\\/#organization\",\"name\":\"Conexi\u00f3n Nacional\",\"url\":\"https:\\\/\\\/conexionnacional.mx\\\/\",\"logo\":{\"@type\":\"ImageObject\",\"inLanguage\":\"es\",\"@id\":\"https:\\\/\\\/conexionnacional.mx\\\/#\\\/schema\\\/logo\\\/image\\\/\",\"url\":\"https:\\\/\\\/conexionnacional.mx\\\/wp-content\\\/uploads\\\/2022\\\/09\\\/conexion_nacional.png\",\"contentUrl\":\"https:\\\/\\\/conexionnacional.mx\\\/wp-content\\\/uploads\\\/2022\\\/09\\\/conexion_nacional.png\",\"width\":2964,\"height\":1173,\"caption\":\"Conexi\u00f3n Nacional\"},\"image\":{\"@id\":\"https:\\\/\\\/conexionnacional.mx\\\/#\\\/schema\\\/logo\\\/image\\\/\"},\"sameAs\":[\"https:\\\/\\\/www.facebook.com\\\/cnmxradio\"]},{\"@type\":\"Person\",\"@id\":\"https:\\\/\\\/conexionnacional.mx\\\/#\\\/schema\\\/person\\\/dd14aeda902120f5e0e021903fdb6931\",\"name\":\"Conexi\u00f3n Nacional\",\"image\":{\"@type\":\"ImageObject\",\"inLanguage\":\"es\",\"@id\":\"https:\\\/\\\/secure.gravatar.com\\\/avatar\\\/e523100f284110b2ecca7e17b2be9cf140a5e8f35294c9ec0543e6916cc1f9be?s=96&d=blank&r=g\",\"url\":\"https:\\\/\\\/secure.gravatar.com\\\/avatar\\\/e523100f284110b2ecca7e17b2be9cf140a5e8f35294c9ec0543e6916cc1f9be?s=96&d=blank&r=g\",\"contentUrl\":\"https:\\\/\\\/secure.gravatar.com\\\/avatar\\\/e523100f284110b2ecca7e17b2be9cf140a5e8f35294c9ec0543e6916cc1f9be?s=96&d=blank&r=g\",\"caption\":\"Conexi\u00f3n Nacional\"},\"sameAs\":[\"https:\\\/\\\/conexionnacional.mx\"],\"url\":\"https:\\\/\\\/conexionnacional.mx\\\/index.php\\\/author\\\/administrador\\\/\"}]}<\/script>\n<!-- \/ Yoast SEO plugin. -->","yoast_head_json":{"title":"Se reanuda tr\u00e1fico a\u00e9reo en Estados Unidos, hay miles de vuelos retrasados y cancelados |","description":"Los vuelos en Estados Unidos comenzaron lentamente a reanudarse luego de una parada en tierra despu\u00e9s de que la FAA.","robots":{"index":"index","follow":"follow","max-snippet":"max-snippet:-1","max-image-preview":"max-image-preview:large","max-video-preview":"max-video-preview:-1"},"canonical":"https:\/\/conexionnacional.mx\/index.php\/2023\/01\/11\/se-reanuda-trafico-aereo-en-estados-unidos\/","og_locale":"es_MX","og_type":"article","og_title":"Se reanuda tr\u00e1fico a\u00e9reo en Estados Unidos, hay miles de vuelos retrasados y cancelados |","og_description":"Los vuelos en Estados Unidos comenzaron lentamente a reanudarse luego de una parada en tierra despu\u00e9s de que la FAA.","og_url":"https:\/\/conexionnacional.mx\/index.php\/2023\/01\/11\/se-reanuda-trafico-aereo-en-estados-unidos\/","og_site_name":"Conexi\u00f3n Nacional","article_publisher":"https:\/\/www.facebook.com\/cnmxradio","article_published_time":"2023-01-11T21:04:00+00:00","og_image":[{"width":1000,"height":600,"url":"https:\/\/conexionnacional.mx\/wp-content\/uploads\/2023\/01\/Se-reanuda-trafico-aereo-en-Estados-Unidos-CN.jpg","type":"image\/jpeg"}],"author":"Conexi\u00f3n Nacional","twitter_card":"summary_large_image","twitter_misc":{"Escrito por":"Conexi\u00f3n Nacional","Tiempo de lectura":"2 minutos"},"schema":{"@context":"https:\/\/schema.org","@graph":[{"@type":"Article","@id":"https:\/\/conexionnacional.mx\/index.php\/2023\/01\/11\/se-reanuda-trafico-aereo-en-estados-unidos\/#article","isPartOf":{"@id":"https:\/\/conexionnacional.mx\/index.php\/2023\/01\/11\/se-reanuda-trafico-aereo-en-estados-unidos\/"},"author":{"name":"Conexi\u00f3n Nacional","@id":"https:\/\/conexionnacional.mx\/#\/schema\/person\/dd14aeda902120f5e0e021903fdb6931"},"headline":"Se reanuda tr\u00e1fico a\u00e9reo en Estados Unidos, hay miles de vuelos retrasados y cancelados","datePublished":"2023-01-11T21:04:00+00:00","mainEntityOfPage":{"@id":"https:\/\/conexionnacional.mx\/index.php\/2023\/01\/11\/se-reanuda-trafico-aereo-en-estados-unidos\/"},"wordCount":332,"publisher":{"@id":"https:\/\/conexionnacional.mx\/#organization"},"image":{"@id":"https:\/\/conexionnacional.mx\/index.php\/2023\/01\/11\/se-reanuda-trafico-aereo-en-estados-unidos\/#primaryimage"},"thumbnailUrl":"https:\/\/conexionnacional.mx\/wp-content\/uploads\/2023\/01\/Se-reanuda-trafico-aereo-en-Estados-Unidos-CN.jpg","keywords":["Cancelados","Estados Unidos","retrasados","tr\u00e1fico a\u00e9reo","vuelos"],"articleSection":["Internacional"],"inLanguage":"es"},{"@type":"WebPage","@id":"https:\/\/conexionnacional.mx\/index.php\/2023\/01\/11\/se-reanuda-trafico-aereo-en-estados-unidos\/","url":"https:\/\/conexionnacional.mx\/index.php\/2023\/01\/11\/se-reanuda-trafico-aereo-en-estados-unidos\/","name":"Se reanuda tr\u00e1fico a\u00e9reo en Estados Unidos, hay miles de vuelos retrasados y cancelados |","isPartOf":{"@id":"https:\/\/conexionnacional.mx\/#website"},"primaryImageOfPage":{"@id":"https:\/\/conexionnacional.mx\/index.php\/2023\/01\/11\/se-reanuda-trafico-aereo-en-estados-unidos\/#primaryimage"},"image":{"@id":"https:\/\/conexionnacional.mx\/index.php\/2023\/01\/11\/se-reanuda-trafico-aereo-en-estados-unidos\/#primaryimage"},"thumbnailUrl":"https:\/\/conexionnacional.mx\/wp-content\/uploads\/2023\/01\/Se-reanuda-trafico-aereo-en-Estados-Unidos-CN.jpg","datePublished":"2023-01-11T21:04:00+00:00","description":"Los vuelos en Estados Unidos comenzaron lentamente a reanudarse luego de una parada en tierra despu\u00e9s de que la FAA.","breadcrumb":{"@id":"https:\/\/conexionnacional.mx\/index.php\/2023\/01\/11\/se-reanuda-trafico-aereo-en-estados-unidos\/#breadcrumb"},"inLanguage":"es","potentialAction":[{"@type":"ReadAction","target":["https:\/\/conexionnacional.mx\/index.php\/2023\/01\/11\/se-reanuda-trafico-aereo-en-estados-unidos\/"]}]},{"@type":"ImageObject","inLanguage":"es","@id":"https:\/\/conexionnacional.mx\/index.php\/2023\/01\/11\/se-reanuda-trafico-aereo-en-estados-unidos\/#primaryimage","url":"https:\/\/conexionnacional.mx\/wp-content\/uploads\/2023\/01\/Se-reanuda-trafico-aereo-en-Estados-Unidos-CN.jpg","contentUrl":"https:\/\/conexionnacional.mx\/wp-content\/uploads\/2023\/01\/Se-reanuda-trafico-aereo-en-Estados-Unidos-CN.jpg","width":1000,"height":600,"caption":"Se reanuda tr\u00e1fico a\u00e9reo en Estados Unidos"},{"@type":"BreadcrumbList","@id":"https:\/\/conexionnacional.mx\/index.php\/2023\/01\/11\/se-reanuda-trafico-aereo-en-estados-unidos\/#breadcrumb","itemListElement":[{"@type":"ListItem","position":1,"name":"Inicio","item":"https:\/\/conexionnacional.mx\/"},{"@type":"ListItem","position":2,"name":"Se reanuda tr\u00e1fico a\u00e9reo en Estados Unidos, hay miles de vuelos retrasados y cancelados"}]},{"@type":"WebSite","@id":"https:\/\/conexionnacional.mx\/#website","url":"https:\/\/conexionnacional.mx\/","name":"Conexi\u00f3n Nacional","description":"Noticias al momento","publisher":{"@id":"https:\/\/conexionnacional.mx\/#organization"},"alternateName":"Noticias nacionales","potentialAction":[{"@type":"SearchAction","target":{"@type":"EntryPoint","urlTemplate":"https:\/\/conexionnacional.mx\/?s={search_term_string}"},"query-input":{"@type":"PropertyValueSpecification","valueRequired":true,"valueName":"search_term_string"}}],"inLanguage":"es"},{"@type":"Organization","@id":"https:\/\/conexionnacional.mx\/#organization","name":"Conexi\u00f3n Nacional","url":"https:\/\/conexionnacional.mx\/","logo":{"@type":"ImageObject","inLanguage":"es","@id":"https:\/\/conexionnacional.mx\/#\/schema\/logo\/image\/","url":"https:\/\/conexionnacional.mx\/wp-content\/uploads\/2022\/09\/conexion_nacional.png","contentUrl":"https:\/\/conexionnacional.mx\/wp-content\/uploads\/2022\/09\/conexion_nacional.png","width":2964,"height":1173,"caption":"Conexi\u00f3n Nacional"},"image":{"@id":"https:\/\/conexionnacional.mx\/#\/schema\/logo\/image\/"},"sameAs":["https:\/\/www.facebook.com\/cnmxradio"]},{"@type":"Person","@id":"https:\/\/conexionnacional.mx\/#\/schema\/person\/dd14aeda902120f5e0e021903fdb6931","name":"Conexi\u00f3n Nacional","image":{"@type":"ImageObject","inLanguage":"es","@id":"https:\/\/secure.gravatar.com\/avatar\/e523100f284110b2ecca7e17b2be9cf140a5e8f35294c9ec0543e6916cc1f9be?s=96&d=blank&r=g","url":"https:\/\/secure.gravatar.com\/avatar\/e523100f284110b2ecca7e17b2be9cf140a5e8f35294c9ec0543e6916cc1f9be?s=96&d=blank&r=g","contentUrl":"https:\/\/secure.gravatar.com\/avatar\/e523100f284110b2ecca7e17b2be9cf140a5e8f35294c9ec0543e6916cc1f9be?s=96&d=blank&r=g","caption":"Conexi\u00f3n Nacional"},"sameAs":["https:\/\/conexionnacional.mx"],"url":"https:\/\/conexionnacional.mx\/index.php\/author\/administrador\/"}]}},"_links":{"self":[{"href":"https:\/\/conexionnacional.mx\/index.php\/wp-json\/wp\/v2\/posts\/6763","targetHints":{"allow":["GET"]}}],"collection":[{"href":"https:\/\/conexionnacional.mx\/index.php\/wp-json\/wp\/v2\/posts"}],"about":[{"href":"https:\/\/conexionnacional.mx\/index.php\/wp-json\/wp\/v2\/types\/post"}],"author":[{"embeddable":true,"href":"https:\/\/conexionnacional.mx\/index.php\/wp-json\/wp\/v2\/users\/1"}],"replies":[{"embeddable":true,"href":"https:\/\/conexionnacional.mx\/index.php\/wp-json\/wp\/v2\/comments?post=6763"}],"version-history":[{"count":1,"href":"https:\/\/conexionnacional.mx\/index.php\/wp-json\/wp\/v2\/posts\/6763\/revisions"}],"predecessor-version":[{"id":6765,"href":"https:\/\/conexionnacional.mx\/index.php\/wp-json\/wp\/v2\/posts\/6763\/revisions\/6765"}],"wp:featuredmedia":[{"embeddable":true,"href":"https:\/\/conexionnacional.mx\/index.php\/wp-json\/wp\/v2\/media\/6764"}],"wp:attachment":[{"href":"https:\/\/conexionnacional.mx\/index.php\/wp-json\/wp\/v2\/media?parent=6763"}],"wp:term":[{"taxonomy":"category","embeddable":true,"href":"https:\/\/conexionnacional.mx\/index.php\/wp-json\/wp\/v2\/categories?post=6763"},{"taxonomy":"post_tag","embeddable":true,"href":"https:\/\/conexionnacional.mx\/index.php\/wp-json\/wp\/v2\/tags?post=6763"}],"curies":[{"name":"wp","href":"https:\/\/api.w.org\/{rel}","templated":true}]}}