{"id":6760,"date":"2023-01-11T15:02:00","date_gmt":"2023-01-11T21:02:00","guid":{"rendered":"https:\/\/conexionnacional.mx\/?p=6760"},"modified":"2023-01-11T14:51:12","modified_gmt":"2023-01-11T20:51:12","slug":"amlo-se-adueno-del-microfono","status":"publish","type":"post","link":"https:\/\/conexionnacional.mx\/index.php\/2023\/01\/11\/amlo-se-adueno-del-microfono\/","title":{"rendered":"<strong>Biden y Trudeau se quedaron con ganas de hablar, AMLO se adue\u00f1\u00f3 del micr\u00f3fono<\/strong>"},"content":{"rendered":"\n<p>Por: <a href=\"https:\/\/www.cydnoticias.mx\/2023\/01\/11\/amlo-se-adueno-del-microfono-2\/\">Roberto D\u00edaz | cydnoticias.mx<\/a>&nbsp; |<\/p>\n\n\n\n<p>El presidente <strong>Andr\u00e9s Manuel L\u00f3pez Obrador dej\u00f3 claro una vez m\u00e1s que los buenos h\u00e1bitos de diplomacia pol\u00edtica no son su fuerte<\/strong>.<\/p>\n\n\n\n<p><strong>L\u00f3pez Obrador se adue\u00f1\u00f3 del micr\u00f3fono<\/strong> y se despach\u00f3 con un <strong>mon\u00f3logo de 28 minutos<\/strong>, en la conferencia de prensa conjunta de clausura de la <strong>Cumbre Trilateral de M\u00e9xico, Estados Unidos y Canad\u00e1<\/strong>.<\/p>\n\n\n\n<figure class=\"wp-block-embed is-type-rich is-provider-twitter wp-block-embed-twitter\"><div class=\"wp-block-embed__wrapper\">\n<blockquote class=\"twitter-tweet\" data-width=\"550\" data-dnt=\"true\"><p lang=\"es\" dir=\"ltr\">Si piensas que est\u00e1s teniendo un mal d\u00eda, acu\u00e9rdate lo que tuvieron que pasar el d\u00eda de ayer <a href=\"https:\/\/twitter.com\/hashtag\/Biden?src=hash&amp;ref_src=twsrc%5Etfw\">#Biden<\/a> y <a href=\"https:\/\/twitter.com\/hashtag\/Trudeau?src=hash&amp;ref_src=twsrc%5Etfw\">#Trudeau<\/a> , sus caras de \u201cno lo soporto\u201d lo dicen todo. <a href=\"https:\/\/t.co\/IqrLQf7HyZ\">pic.twitter.com\/IqrLQf7HyZ<\/a><\/p>&mdash; GERMAN JIMENEZ (@supergerman78) <a href=\"https:\/\/twitter.com\/supergerman78\/status\/1613157222145556482?ref_src=twsrc%5Etfw\">January 11, 2023<\/a><\/blockquote><script async src=\"https:\/\/platform.twitter.com\/widgets.js\" charset=\"utf-8\"><\/script>\n<\/div><\/figure>\n\n\n\n<p>Sus hom\u00f3logos <strong>Joe Biden y Justin Trudeau<\/strong>, se mostraron <strong>sorprendidos e inc\u00f3modos<\/strong>, cuando <strong>AMLO se apropi\u00f3 del micr\u00f3fono<\/strong> para responder una sola pregunta de la <strong>reportera Sara Pablo<\/strong>, quien cuestion\u00f3 a L\u00f3pez obrador sobre los acuerdos alcanzados en materia migratoria y de seguridad.<\/p>\n\n\n\n<figure class=\"wp-block-embed is-type-rich is-provider-twitter wp-block-embed-twitter\"><div class=\"wp-block-embed__wrapper\">\n<blockquote class=\"twitter-tweet\" data-width=\"550\" data-dnt=\"true\"><p lang=\"es\" dir=\"ltr\">Mediocre la organizaci\u00f3n de <a href=\"https:\/\/twitter.com\/JesusRCuevas?ref_src=twsrc%5Etfw\">@JesusRCuevas<\/a> para las preguntas <br>Esta fue la pregunta que formul\u00f3 Sara Pablo en la cumbre, y le llevo 28 minutos al idiota de L\u00f3pez Obrador contestarla; dejando sin participar a los visitantes. <a href=\"https:\/\/t.co\/EV7GL04UUd\">pic.twitter.com\/EV7GL04UUd<\/a><\/p>&mdash; Jos\u00e9 D\u00edaz (@JJDiazMachuca) <a href=\"https:\/\/twitter.com\/JJDiazMachuca\/status\/1613044136780922882?ref_src=twsrc%5Etfw\">January 11, 2023<\/a><\/blockquote><script async src=\"https:\/\/platform.twitter.com\/widgets.js\" charset=\"utf-8\"><\/script>\n<\/div><\/figure>\n\n\n\n<p>Pero <strong>AMLO repiti\u00f3 durante 28 minutos<\/strong> sus ya conocidas respuestas y argumentos de los que habla en sus conferencias ma\u00f1aneras <strong>y as\u00ed habl\u00f3 del Tren Maya<\/strong>, <strong>los apoyos a los pobres, la malaria, discapacidad y el crimen organizado<\/strong>.<\/p>\n\n\n\n<p><strong>Biden habl\u00f3 casi 14 minutos<\/strong> <strong>y Trudeau 13 minutos<\/strong>, en tiempos segmentados por las preguntas, AMLO, <strong>habl\u00f3 m\u00e1s de media de hora en un gesto que la prensa internacional ya califica como poco diplom\u00e1tica y correcta<\/strong>.<\/p>\n\n\n\n<figure class=\"wp-block-embed is-type-rich is-provider-twitter wp-block-embed-twitter\"><div class=\"wp-block-embed__wrapper\">\n<blockquote class=\"twitter-tweet\" data-width=\"550\" data-dnt=\"true\"><p lang=\"en\" dir=\"ltr\">Mexican President Andr\u00e9s Manuel L\u00f3pez Obrador just gave a nearly 30-minute long answer to a question at the trilateral news conference, while Biden and Trudeau basically stared at their shoes <a href=\"https:\/\/t.co\/nh6cuo75i8\">pic.twitter.com\/nh6cuo75i8<\/a><\/p>&mdash; Brian Platt (@btaplatt) <a href=\"https:\/\/twitter.com\/btaplatt\/status\/1612966926120095745?ref_src=twsrc%5Etfw\">January 11, 2023<\/a><\/blockquote><script async src=\"https:\/\/platform.twitter.com\/widgets.js\" charset=\"utf-8\"><\/script>\n<\/div><\/figure>\n\n\n\n<p>Con Informaci\u00f3n de<a href=\"https:\/\/www.cydnoticias.mx\/\"> Claro y Directo Mx\u00ae<\/a>.<\/p>\n","protected":false},"excerpt":{"rendered":"<p>Por: Roberto D\u00edaz | cydnoticias.mx&nbsp; | El presidente Andr\u00e9s Manuel L\u00f3pez Obrador dej\u00f3 claro una vez m\u00e1s que los buenos h\u00e1bitos de diplomacia pol\u00edtica no son su fuerte. L\u00f3pez Obrador se adue\u00f1\u00f3 del micr\u00f3fono y se despach\u00f3 con un mon\u00f3logo de 28 minutos, en la conferencia de prensa conjunta de clausura de la Cumbre Trilateral [&hellip;]<\/p>\n","protected":false},"author":1,"featured_media":6761,"comment_status":"closed","ping_status":"closed","sticky":false,"template":"","format":"aside","meta":{"googlesitekit_rrm_CAowytPeCw:productID":"","footnotes":""},"categories":[3],"tags":[7,2883,3320,3319,3318],"class_list":["post-6760","post","type-post","status-publish","format-aside","has-post-thumbnail","hentry","category-nacional","tag-amlo","tag-biden","tag-cumbre-trilateral","tag-microfono","tag-trudeau","post_format-post-format-aside"],"yoast_head":"<!-- This site is optimized with the Yoast SEO plugin v27.5 - https:\/\/yoast.com\/product\/yoast-seo-wordpress\/ -->\n<title>Biden y Trudeau se quedaron con ganas de hablar, AMLO se adue\u00f1\u00f3 del micr\u00f3fono |<\/title>\n<meta name=\"description\" content=\"El presidente Andr\u00e9s Manuel L\u00f3pez Obrador dej\u00f3 claro una vez m\u00e1s que los buenos h\u00e1bitos de diplomacia pol\u00edtica no son su fuerte.\" \/>\n<meta name=\"robots\" content=\"index, follow, max-snippet:-1, max-image-preview:large, max-video-preview:-1\" \/>\n<link rel=\"canonical\" href=\"https:\/\/conexionnacional.mx\/index.php\/2023\/01\/11\/amlo-se-adueno-del-microfono\/\" \/>\n<meta property=\"og:locale\" content=\"es_MX\" \/>\n<meta property=\"og:type\" content=\"article\" \/>\n<meta property=\"og:title\" content=\"Biden y Trudeau se quedaron con ganas de hablar, AMLO se adue\u00f1\u00f3 del micr\u00f3fono |\" \/>\n<meta property=\"og:description\" content=\"El presidente Andr\u00e9s Manuel L\u00f3pez Obrador dej\u00f3 claro una vez m\u00e1s que los buenos h\u00e1bitos de diplomacia pol\u00edtica no son su fuerte.\" \/>\n<meta property=\"og:url\" content=\"https:\/\/conexionnacional.mx\/index.php\/2023\/01\/11\/amlo-se-adueno-del-microfono\/\" \/>\n<meta property=\"og:site_name\" content=\"Conexi\u00f3n Nacional\" \/>\n<meta property=\"article:publisher\" content=\"https:\/\/www.facebook.com\/cnmxradio\" \/>\n<meta property=\"article:published_time\" content=\"2023-01-11T21:02:00+00:00\" \/>\n<meta property=\"og:image\" content=\"https:\/\/conexionnacional.mx\/wp-content\/uploads\/2023\/01\/AMLO-se-aduena-del-microfono-CN.jpg\" \/>\n\t<meta property=\"og:image:width\" content=\"1000\" \/>\n\t<meta property=\"og:image:height\" content=\"600\" \/>\n\t<meta property=\"og:image:type\" content=\"image\/jpeg\" \/>\n<meta name=\"author\" content=\"Conexi\u00f3n Nacional\" \/>\n<meta name=\"twitter:card\" content=\"summary_large_image\" \/>\n<meta name=\"twitter:label1\" content=\"Escrito por\" \/>\n\t<meta name=\"twitter:data1\" content=\"Conexi\u00f3n Nacional\" \/>\n\t<meta name=\"twitter:label2\" content=\"Tiempo de lectura\" \/>\n\t<meta name=\"twitter:data2\" content=\"1 minuto\" \/>\n<script type=\"application\/ld+json\" class=\"yoast-schema-graph\">{\"@context\":\"https:\\\/\\\/schema.org\",\"@graph\":[{\"@type\":\"Article\",\"@id\":\"https:\\\/\\\/conexionnacional.mx\\\/index.php\\\/2023\\\/01\\\/11\\\/amlo-se-adueno-del-microfono\\\/#article\",\"isPartOf\":{\"@id\":\"https:\\\/\\\/conexionnacional.mx\\\/index.php\\\/2023\\\/01\\\/11\\\/amlo-se-adueno-del-microfono\\\/\"},\"author\":{\"name\":\"Conexi\u00f3n Nacional\",\"@id\":\"https:\\\/\\\/conexionnacional.mx\\\/#\\\/schema\\\/person\\\/dd14aeda902120f5e0e021903fdb6931\"},\"headline\":\"Biden y Trudeau se quedaron con ganas de hablar, AMLO se adue\u00f1\u00f3 del micr\u00f3fono\",\"datePublished\":\"2023-01-11T21:02:00+00:00\",\"mainEntityOfPage\":{\"@id\":\"https:\\\/\\\/conexionnacional.mx\\\/index.php\\\/2023\\\/01\\\/11\\\/amlo-se-adueno-del-microfono\\\/\"},\"wordCount\":250,\"publisher\":{\"@id\":\"https:\\\/\\\/conexionnacional.mx\\\/#organization\"},\"image\":{\"@id\":\"https:\\\/\\\/conexionnacional.mx\\\/index.php\\\/2023\\\/01\\\/11\\\/amlo-se-adueno-del-microfono\\\/#primaryimage\"},\"thumbnailUrl\":\"https:\\\/\\\/conexionnacional.mx\\\/wp-content\\\/uploads\\\/2023\\\/01\\\/AMLO-se-aduena-del-microfono-CN.jpg\",\"keywords\":[\"AMLO\",\"Biden\",\"Cumbre Trilateral\",\"micr\u00f3fono\",\"Trudeau\"],\"articleSection\":[\"Nacional\"],\"inLanguage\":\"es\"},{\"@type\":\"WebPage\",\"@id\":\"https:\\\/\\\/conexionnacional.mx\\\/index.php\\\/2023\\\/01\\\/11\\\/amlo-se-adueno-del-microfono\\\/\",\"url\":\"https:\\\/\\\/conexionnacional.mx\\\/index.php\\\/2023\\\/01\\\/11\\\/amlo-se-adueno-del-microfono\\\/\",\"name\":\"Biden y Trudeau se quedaron con ganas de hablar, AMLO se adue\u00f1\u00f3 del micr\u00f3fono |\",\"isPartOf\":{\"@id\":\"https:\\\/\\\/conexionnacional.mx\\\/#website\"},\"primaryImageOfPage\":{\"@id\":\"https:\\\/\\\/conexionnacional.mx\\\/index.php\\\/2023\\\/01\\\/11\\\/amlo-se-adueno-del-microfono\\\/#primaryimage\"},\"image\":{\"@id\":\"https:\\\/\\\/conexionnacional.mx\\\/index.php\\\/2023\\\/01\\\/11\\\/amlo-se-adueno-del-microfono\\\/#primaryimage\"},\"thumbnailUrl\":\"https:\\\/\\\/conexionnacional.mx\\\/wp-content\\\/uploads\\\/2023\\\/01\\\/AMLO-se-aduena-del-microfono-CN.jpg\",\"datePublished\":\"2023-01-11T21:02:00+00:00\",\"description\":\"El presidente Andr\u00e9s Manuel L\u00f3pez Obrador dej\u00f3 claro una vez m\u00e1s que los buenos h\u00e1bitos de diplomacia pol\u00edtica no son su fuerte.\",\"breadcrumb\":{\"@id\":\"https:\\\/\\\/conexionnacional.mx\\\/index.php\\\/2023\\\/01\\\/11\\\/amlo-se-adueno-del-microfono\\\/#breadcrumb\"},\"inLanguage\":\"es\",\"potentialAction\":[{\"@type\":\"ReadAction\",\"target\":[\"https:\\\/\\\/conexionnacional.mx\\\/index.php\\\/2023\\\/01\\\/11\\\/amlo-se-adueno-del-microfono\\\/\"]}]},{\"@type\":\"ImageObject\",\"inLanguage\":\"es\",\"@id\":\"https:\\\/\\\/conexionnacional.mx\\\/index.php\\\/2023\\\/01\\\/11\\\/amlo-se-adueno-del-microfono\\\/#primaryimage\",\"url\":\"https:\\\/\\\/conexionnacional.mx\\\/wp-content\\\/uploads\\\/2023\\\/01\\\/AMLO-se-aduena-del-microfono-CN.jpg\",\"contentUrl\":\"https:\\\/\\\/conexionnacional.mx\\\/wp-content\\\/uploads\\\/2023\\\/01\\\/AMLO-se-aduena-del-microfono-CN.jpg\",\"width\":1000,\"height\":600,\"caption\":\"Biden y Trudeau se quedaron con ganas de hablar\"},{\"@type\":\"BreadcrumbList\",\"@id\":\"https:\\\/\\\/conexionnacional.mx\\\/index.php\\\/2023\\\/01\\\/11\\\/amlo-se-adueno-del-microfono\\\/#breadcrumb\",\"itemListElement\":[{\"@type\":\"ListItem\",\"position\":1,\"name\":\"Inicio\",\"item\":\"https:\\\/\\\/conexionnacional.mx\\\/\"},{\"@type\":\"ListItem\",\"position\":2,\"name\":\"Biden y Trudeau se quedaron con ganas de hablar, AMLO se adue\u00f1\u00f3 del micr\u00f3fono\"}]},{\"@type\":\"WebSite\",\"@id\":\"https:\\\/\\\/conexionnacional.mx\\\/#website\",\"url\":\"https:\\\/\\\/conexionnacional.mx\\\/\",\"name\":\"Conexi\u00f3n Nacional\",\"description\":\"Noticias al momento\",\"publisher\":{\"@id\":\"https:\\\/\\\/conexionnacional.mx\\\/#organization\"},\"alternateName\":\"Noticias nacionales\",\"potentialAction\":[{\"@type\":\"SearchAction\",\"target\":{\"@type\":\"EntryPoint\",\"urlTemplate\":\"https:\\\/\\\/conexionnacional.mx\\\/?s={search_term_string}\"},\"query-input\":{\"@type\":\"PropertyValueSpecification\",\"valueRequired\":true,\"valueName\":\"search_term_string\"}}],\"inLanguage\":\"es\"},{\"@type\":\"Organization\",\"@id\":\"https:\\\/\\\/conexionnacional.mx\\\/#organization\",\"name\":\"Conexi\u00f3n Nacional\",\"url\":\"https:\\\/\\\/conexionnacional.mx\\\/\",\"logo\":{\"@type\":\"ImageObject\",\"inLanguage\":\"es\",\"@id\":\"https:\\\/\\\/conexionnacional.mx\\\/#\\\/schema\\\/logo\\\/image\\\/\",\"url\":\"https:\\\/\\\/conexionnacional.mx\\\/wp-content\\\/uploads\\\/2022\\\/09\\\/conexion_nacional.png\",\"contentUrl\":\"https:\\\/\\\/conexionnacional.mx\\\/wp-content\\\/uploads\\\/2022\\\/09\\\/conexion_nacional.png\",\"width\":2964,\"height\":1173,\"caption\":\"Conexi\u00f3n Nacional\"},\"image\":{\"@id\":\"https:\\\/\\\/conexionnacional.mx\\\/#\\\/schema\\\/logo\\\/image\\\/\"},\"sameAs\":[\"https:\\\/\\\/www.facebook.com\\\/cnmxradio\"]},{\"@type\":\"Person\",\"@id\":\"https:\\\/\\\/conexionnacional.mx\\\/#\\\/schema\\\/person\\\/dd14aeda902120f5e0e021903fdb6931\",\"name\":\"Conexi\u00f3n Nacional\",\"image\":{\"@type\":\"ImageObject\",\"inLanguage\":\"es\",\"@id\":\"https:\\\/\\\/secure.gravatar.com\\\/avatar\\\/e523100f284110b2ecca7e17b2be9cf140a5e8f35294c9ec0543e6916cc1f9be?s=96&d=blank&r=g\",\"url\":\"https:\\\/\\\/secure.gravatar.com\\\/avatar\\\/e523100f284110b2ecca7e17b2be9cf140a5e8f35294c9ec0543e6916cc1f9be?s=96&d=blank&r=g\",\"contentUrl\":\"https:\\\/\\\/secure.gravatar.com\\\/avatar\\\/e523100f284110b2ecca7e17b2be9cf140a5e8f35294c9ec0543e6916cc1f9be?s=96&d=blank&r=g\",\"caption\":\"Conexi\u00f3n Nacional\"},\"sameAs\":[\"https:\\\/\\\/conexionnacional.mx\"],\"url\":\"https:\\\/\\\/conexionnacional.mx\\\/index.php\\\/author\\\/administrador\\\/\"}]}<\/script>\n<!-- \/ Yoast SEO plugin. -->","yoast_head_json":{"title":"Biden y Trudeau se quedaron con ganas de hablar, AMLO se adue\u00f1\u00f3 del micr\u00f3fono |","description":"El presidente Andr\u00e9s Manuel L\u00f3pez Obrador dej\u00f3 claro una vez m\u00e1s que los buenos h\u00e1bitos de diplomacia pol\u00edtica no son su fuerte.","robots":{"index":"index","follow":"follow","max-snippet":"max-snippet:-1","max-image-preview":"max-image-preview:large","max-video-preview":"max-video-preview:-1"},"canonical":"https:\/\/conexionnacional.mx\/index.php\/2023\/01\/11\/amlo-se-adueno-del-microfono\/","og_locale":"es_MX","og_type":"article","og_title":"Biden y Trudeau se quedaron con ganas de hablar, AMLO se adue\u00f1\u00f3 del micr\u00f3fono |","og_description":"El presidente Andr\u00e9s Manuel L\u00f3pez Obrador dej\u00f3 claro una vez m\u00e1s que los buenos h\u00e1bitos de diplomacia pol\u00edtica no son su fuerte.","og_url":"https:\/\/conexionnacional.mx\/index.php\/2023\/01\/11\/amlo-se-adueno-del-microfono\/","og_site_name":"Conexi\u00f3n Nacional","article_publisher":"https:\/\/www.facebook.com\/cnmxradio","article_published_time":"2023-01-11T21:02:00+00:00","og_image":[{"width":1000,"height":600,"url":"https:\/\/conexionnacional.mx\/wp-content\/uploads\/2023\/01\/AMLO-se-aduena-del-microfono-CN.jpg","type":"image\/jpeg"}],"author":"Conexi\u00f3n Nacional","twitter_card":"summary_large_image","twitter_misc":{"Escrito por":"Conexi\u00f3n Nacional","Tiempo de lectura":"1 minuto"},"schema":{"@context":"https:\/\/schema.org","@graph":[{"@type":"Article","@id":"https:\/\/conexionnacional.mx\/index.php\/2023\/01\/11\/amlo-se-adueno-del-microfono\/#article","isPartOf":{"@id":"https:\/\/conexionnacional.mx\/index.php\/2023\/01\/11\/amlo-se-adueno-del-microfono\/"},"author":{"name":"Conexi\u00f3n Nacional","@id":"https:\/\/conexionnacional.mx\/#\/schema\/person\/dd14aeda902120f5e0e021903fdb6931"},"headline":"Biden y Trudeau se quedaron con ganas de hablar, AMLO se adue\u00f1\u00f3 del micr\u00f3fono","datePublished":"2023-01-11T21:02:00+00:00","mainEntityOfPage":{"@id":"https:\/\/conexionnacional.mx\/index.php\/2023\/01\/11\/amlo-se-adueno-del-microfono\/"},"wordCount":250,"publisher":{"@id":"https:\/\/conexionnacional.mx\/#organization"},"image":{"@id":"https:\/\/conexionnacional.mx\/index.php\/2023\/01\/11\/amlo-se-adueno-del-microfono\/#primaryimage"},"thumbnailUrl":"https:\/\/conexionnacional.mx\/wp-content\/uploads\/2023\/01\/AMLO-se-aduena-del-microfono-CN.jpg","keywords":["AMLO","Biden","Cumbre Trilateral","micr\u00f3fono","Trudeau"],"articleSection":["Nacional"],"inLanguage":"es"},{"@type":"WebPage","@id":"https:\/\/conexionnacional.mx\/index.php\/2023\/01\/11\/amlo-se-adueno-del-microfono\/","url":"https:\/\/conexionnacional.mx\/index.php\/2023\/01\/11\/amlo-se-adueno-del-microfono\/","name":"Biden y Trudeau se quedaron con ganas de hablar, AMLO se adue\u00f1\u00f3 del micr\u00f3fono |","isPartOf":{"@id":"https:\/\/conexionnacional.mx\/#website"},"primaryImageOfPage":{"@id":"https:\/\/conexionnacional.mx\/index.php\/2023\/01\/11\/amlo-se-adueno-del-microfono\/#primaryimage"},"image":{"@id":"https:\/\/conexionnacional.mx\/index.php\/2023\/01\/11\/amlo-se-adueno-del-microfono\/#primaryimage"},"thumbnailUrl":"https:\/\/conexionnacional.mx\/wp-content\/uploads\/2023\/01\/AMLO-se-aduena-del-microfono-CN.jpg","datePublished":"2023-01-11T21:02:00+00:00","description":"El presidente Andr\u00e9s Manuel L\u00f3pez Obrador dej\u00f3 claro una vez m\u00e1s que los buenos h\u00e1bitos de diplomacia pol\u00edtica no son su fuerte.","breadcrumb":{"@id":"https:\/\/conexionnacional.mx\/index.php\/2023\/01\/11\/amlo-se-adueno-del-microfono\/#breadcrumb"},"inLanguage":"es","potentialAction":[{"@type":"ReadAction","target":["https:\/\/conexionnacional.mx\/index.php\/2023\/01\/11\/amlo-se-adueno-del-microfono\/"]}]},{"@type":"ImageObject","inLanguage":"es","@id":"https:\/\/conexionnacional.mx\/index.php\/2023\/01\/11\/amlo-se-adueno-del-microfono\/#primaryimage","url":"https:\/\/conexionnacional.mx\/wp-content\/uploads\/2023\/01\/AMLO-se-aduena-del-microfono-CN.jpg","contentUrl":"https:\/\/conexionnacional.mx\/wp-content\/uploads\/2023\/01\/AMLO-se-aduena-del-microfono-CN.jpg","width":1000,"height":600,"caption":"Biden y Trudeau se quedaron con ganas de hablar"},{"@type":"BreadcrumbList","@id":"https:\/\/conexionnacional.mx\/index.php\/2023\/01\/11\/amlo-se-adueno-del-microfono\/#breadcrumb","itemListElement":[{"@type":"ListItem","position":1,"name":"Inicio","item":"https:\/\/conexionnacional.mx\/"},{"@type":"ListItem","position":2,"name":"Biden y Trudeau se quedaron con ganas de hablar, AMLO se adue\u00f1\u00f3 del micr\u00f3fono"}]},{"@type":"WebSite","@id":"https:\/\/conexionnacional.mx\/#website","url":"https:\/\/conexionnacional.mx\/","name":"Conexi\u00f3n Nacional","description":"Noticias al momento","publisher":{"@id":"https:\/\/conexionnacional.mx\/#organization"},"alternateName":"Noticias nacionales","potentialAction":[{"@type":"SearchAction","target":{"@type":"EntryPoint","urlTemplate":"https:\/\/conexionnacional.mx\/?s={search_term_string}"},"query-input":{"@type":"PropertyValueSpecification","valueRequired":true,"valueName":"search_term_string"}}],"inLanguage":"es"},{"@type":"Organization","@id":"https:\/\/conexionnacional.mx\/#organization","name":"Conexi\u00f3n Nacional","url":"https:\/\/conexionnacional.mx\/","logo":{"@type":"ImageObject","inLanguage":"es","@id":"https:\/\/conexionnacional.mx\/#\/schema\/logo\/image\/","url":"https:\/\/conexionnacional.mx\/wp-content\/uploads\/2022\/09\/conexion_nacional.png","contentUrl":"https:\/\/conexionnacional.mx\/wp-content\/uploads\/2022\/09\/conexion_nacional.png","width":2964,"height":1173,"caption":"Conexi\u00f3n Nacional"},"image":{"@id":"https:\/\/conexionnacional.mx\/#\/schema\/logo\/image\/"},"sameAs":["https:\/\/www.facebook.com\/cnmxradio"]},{"@type":"Person","@id":"https:\/\/conexionnacional.mx\/#\/schema\/person\/dd14aeda902120f5e0e021903fdb6931","name":"Conexi\u00f3n Nacional","image":{"@type":"ImageObject","inLanguage":"es","@id":"https:\/\/secure.gravatar.com\/avatar\/e523100f284110b2ecca7e17b2be9cf140a5e8f35294c9ec0543e6916cc1f9be?s=96&d=blank&r=g","url":"https:\/\/secure.gravatar.com\/avatar\/e523100f284110b2ecca7e17b2be9cf140a5e8f35294c9ec0543e6916cc1f9be?s=96&d=blank&r=g","contentUrl":"https:\/\/secure.gravatar.com\/avatar\/e523100f284110b2ecca7e17b2be9cf140a5e8f35294c9ec0543e6916cc1f9be?s=96&d=blank&r=g","caption":"Conexi\u00f3n Nacional"},"sameAs":["https:\/\/conexionnacional.mx"],"url":"https:\/\/conexionnacional.mx\/index.php\/author\/administrador\/"}]}},"_links":{"self":[{"href":"https:\/\/conexionnacional.mx\/index.php\/wp-json\/wp\/v2\/posts\/6760","targetHints":{"allow":["GET"]}}],"collection":[{"href":"https:\/\/conexionnacional.mx\/index.php\/wp-json\/wp\/v2\/posts"}],"about":[{"href":"https:\/\/conexionnacional.mx\/index.php\/wp-json\/wp\/v2\/types\/post"}],"author":[{"embeddable":true,"href":"https:\/\/conexionnacional.mx\/index.php\/wp-json\/wp\/v2\/users\/1"}],"replies":[{"embeddable":true,"href":"https:\/\/conexionnacional.mx\/index.php\/wp-json\/wp\/v2\/comments?post=6760"}],"version-history":[{"count":1,"href":"https:\/\/conexionnacional.mx\/index.php\/wp-json\/wp\/v2\/posts\/6760\/revisions"}],"predecessor-version":[{"id":6762,"href":"https:\/\/conexionnacional.mx\/index.php\/wp-json\/wp\/v2\/posts\/6760\/revisions\/6762"}],"wp:featuredmedia":[{"embeddable":true,"href":"https:\/\/conexionnacional.mx\/index.php\/wp-json\/wp\/v2\/media\/6761"}],"wp:attachment":[{"href":"https:\/\/conexionnacional.mx\/index.php\/wp-json\/wp\/v2\/media?parent=6760"}],"wp:term":[{"taxonomy":"category","embeddable":true,"href":"https:\/\/conexionnacional.mx\/index.php\/wp-json\/wp\/v2\/categories?post=6760"},{"taxonomy":"post_tag","embeddable":true,"href":"https:\/\/conexionnacional.mx\/index.php\/wp-json\/wp\/v2\/tags?post=6760"}],"curies":[{"name":"wp","href":"https:\/\/api.w.org\/{rel}","templated":true}]}}