{"id":6757,"date":"2023-01-11T15:00:00","date_gmt":"2023-01-11T21:00:00","guid":{"rendered":"https:\/\/conexionnacional.mx\/?p=6757"},"modified":"2023-01-11T14:51:24","modified_gmt":"2023-01-11T20:51:24","slug":"improcedente-extradicion-ovidio-guzman","status":"publish","type":"post","link":"https:\/\/conexionnacional.mx\/index.php\/2023\/01\/11\/improcedente-extradicion-ovidio-guzman\/","title":{"rendered":"<strong>Juez determina improcedente suspensi\u00f3n contra extradici\u00f3n de Ovidio Guzm\u00e1n<\/strong>"},"content":{"rendered":"\n<p>Por: <a href=\"https:\/\/lagrandota.com.mx\/2019\/juez-determina-improcedente-suspension-contra-extradicion-de-ovidio-guzman\/\">lagrandota.com.mx<\/a>&nbsp; |<\/p>\n\n\n\n<p><strong>Un juez federal determin\u00f3 improcedente la suspensi\u00f3n de plano solicitada en una demanda de garant\u00edas solicitada por el narcotraficante Ovidio Guzm\u00e1n L\u00f3pez, l\u00edder del C\u00e1rtel de Sinaloa e hijo de Joaqu\u00edn <\/strong><strong><em>Chapo<\/em><\/strong><strong> Guzm\u00e1n, contra la orden de extradici\u00f3n a los Estados Unidos.<\/strong><\/p>\n\n\n\n<p>El titular del Juzgado S\u00e9ptimo de Distrito de Amparo en Materia Penal en la Ciudad de M\u00e9xico orden\u00f3 a Guzm\u00e1n L\u00f3pez ratificar la demanda de amparo contra la extradici\u00f3n a EE.UU.<\/p>\n\n\n\n<p>Sin embargo, al comparar las constancias en el documento de amparo, el juzgador detect\u00f3 que la firma estampada en la actual demanda 39\/2023 difiere en cuanto a su trazo de la plasmada en la constancia de notificaci\u00f3n personal practicada al quejoso.<\/p>\n\n\n\n<p>\u201cA simple vista difieren en cuanto a su trazo; es decir, al movimiento ejecutado al momento de plasmar dicho signo gr\u00e1fico\u201d, apunt\u00f3 el juez.<\/p>\n\n\n\n<p>El juez S\u00e9ptimo exhort\u00f3 v\u00eda electr\u00f3nica al Juzgado de Distrito en Materias de Amparo y de Juicios Federales en el Estado de M\u00e9xico, con sede en Toluca, para que notifique de manera personal a Guzm\u00e1n L\u00f3pez la resoluci\u00f3n.<\/p>\n\n\n\n<p>\u201cRemiti\u00e9ndole para tal efecto copia simple del mismo, as\u00ed como copia simple de la demanda de amparo que dio origen al presente juicio y de igual forma realice lo siguiente: \u2026 IMPROCEDENCIA DE LA SUSPENSI\u00d3N DE PLANO No pasa desapercibido que, del escrito inicial, se advierte que la parte quejosa se\u00f1ala como acto reclamado el destierro, proscripci\u00f3n, deportaci\u00f3n, expulsi\u00f3n, o extradici\u00f3n al Gobierno de los Estados Unidos de Am\u00e9rica\u201d, se lee en el documento.<\/p>\n\n\n\n<p>La detenci\u00f3n de Ovidio Guzm\u00e1n el pasado jueves 5 de enero en Sinaloa, donde se desat\u00f3 una jornada violenta que dej\u00f3 al menos 29 muertos, ha causado pol\u00e9mica en M\u00e9xico por ocurrir d\u00edas antes de la visita del mandatario estadounidense <strong>Joe Biden<\/strong> al pa\u00eds por la <strong>Cumbre de L\u00edderes de Am\u00e9rica del Norte<\/strong>.<\/p>\n\n\n\n<p>El Gobierno de Estados Unidos neg\u00f3 este lunes que la captura la semana pasada de Guzm\u00e1n L\u00f3pez estuviera coordinada con la visita del presidente estadounidense a M\u00e9xico.<\/p>\n\n\n\n<p>Ovidio Guzm\u00e1n se encuentra en prisi\u00f3n preventiva con fines de extradici\u00f3n en el penal de Almoloya, ubicado en el Estado de M\u00e9xico.<\/p>\n\n\n\n<p>Con Informaci\u00f3n de <a href=\"http:\/\/lagrandota.com.mx\/2019\/\">La Grandota<\/a>.<\/p>\n","protected":false},"excerpt":{"rendered":"<p>Por: lagrandota.com.mx&nbsp; | Un juez federal determin\u00f3 improcedente la suspensi\u00f3n de plano solicitada en una demanda de garant\u00edas solicitada por el narcotraficante Ovidio Guzm\u00e1n L\u00f3pez, l\u00edder del C\u00e1rtel de Sinaloa e hijo de Joaqu\u00edn Chapo Guzm\u00e1n, contra la orden de extradici\u00f3n a los Estados Unidos. El titular del Juzgado S\u00e9ptimo de Distrito de Amparo en [&hellip;]<\/p>\n","protected":false},"author":1,"featured_media":6758,"comment_status":"closed","ping_status":"closed","sticky":false,"template":"","format":"aside","meta":{"googlesitekit_rrm_CAowytPeCw:productID":"","footnotes":""},"categories":[3],"tags":[35,2620,3317,3293,1184],"class_list":["post-6757","post","type-post","status-publish","format-aside","has-post-thumbnail","hentry","category-nacional","tag-estados-unidos","tag-extradicion","tag-improcedente","tag-ovidio-guzman","tag-suspension","post_format-post-format-aside"],"yoast_head":"<!-- This site is optimized with the Yoast SEO plugin v27.5 - https:\/\/yoast.com\/product\/yoast-seo-wordpress\/ -->\n<title>Juez determina improcedente suspensi\u00f3n contra extradici\u00f3n de Ovidio Guzm\u00e1n |<\/title>\n<meta name=\"description\" content=\"Un juez federal determin\u00f3 improcedente la suspensi\u00f3n por el narcotraficante Ovidio Guzm\u00e1n L\u00f3pez, contra la orden de extradici\u00f3n.\" \/>\n<meta name=\"robots\" content=\"index, follow, max-snippet:-1, max-image-preview:large, max-video-preview:-1\" \/>\n<link rel=\"canonical\" href=\"https:\/\/conexionnacional.mx\/index.php\/2023\/01\/11\/improcedente-extradicion-ovidio-guzman\/\" \/>\n<meta property=\"og:locale\" content=\"es_MX\" \/>\n<meta property=\"og:type\" content=\"article\" \/>\n<meta property=\"og:title\" content=\"Juez determina improcedente suspensi\u00f3n contra extradici\u00f3n de Ovidio Guzm\u00e1n |\" \/>\n<meta property=\"og:description\" content=\"Un juez federal determin\u00f3 improcedente la suspensi\u00f3n por el narcotraficante Ovidio Guzm\u00e1n L\u00f3pez, contra la orden de extradici\u00f3n.\" \/>\n<meta property=\"og:url\" content=\"https:\/\/conexionnacional.mx\/index.php\/2023\/01\/11\/improcedente-extradicion-ovidio-guzman\/\" \/>\n<meta property=\"og:site_name\" content=\"Conexi\u00f3n Nacional\" \/>\n<meta property=\"article:publisher\" content=\"https:\/\/www.facebook.com\/cnmxradio\" \/>\n<meta property=\"article:published_time\" content=\"2023-01-11T21:00:00+00:00\" \/>\n<meta property=\"og:image\" content=\"https:\/\/conexionnacional.mx\/wp-content\/uploads\/2023\/01\/extradicion-de-Ovidio-CN.jpg\" \/>\n\t<meta property=\"og:image:width\" content=\"1000\" \/>\n\t<meta property=\"og:image:height\" content=\"600\" \/>\n\t<meta property=\"og:image:type\" content=\"image\/jpeg\" \/>\n<meta name=\"author\" content=\"Conexi\u00f3n Nacional\" \/>\n<meta name=\"twitter:card\" content=\"summary_large_image\" \/>\n<meta name=\"twitter:label1\" content=\"Escrito por\" \/>\n\t<meta name=\"twitter:data1\" content=\"Conexi\u00f3n Nacional\" \/>\n\t<meta name=\"twitter:label2\" content=\"Tiempo de lectura\" \/>\n\t<meta name=\"twitter:data2\" content=\"2 minutos\" \/>\n<script type=\"application\/ld+json\" class=\"yoast-schema-graph\">{\"@context\":\"https:\\\/\\\/schema.org\",\"@graph\":[{\"@type\":\"Article\",\"@id\":\"https:\\\/\\\/conexionnacional.mx\\\/index.php\\\/2023\\\/01\\\/11\\\/improcedente-extradicion-ovidio-guzman\\\/#article\",\"isPartOf\":{\"@id\":\"https:\\\/\\\/conexionnacional.mx\\\/index.php\\\/2023\\\/01\\\/11\\\/improcedente-extradicion-ovidio-guzman\\\/\"},\"author\":{\"name\":\"Conexi\u00f3n Nacional\",\"@id\":\"https:\\\/\\\/conexionnacional.mx\\\/#\\\/schema\\\/person\\\/dd14aeda902120f5e0e021903fdb6931\"},\"headline\":\"Juez determina improcedente suspensi\u00f3n contra extradici\u00f3n de Ovidio Guzm\u00e1n\",\"datePublished\":\"2023-01-11T21:00:00+00:00\",\"mainEntityOfPage\":{\"@id\":\"https:\\\/\\\/conexionnacional.mx\\\/index.php\\\/2023\\\/01\\\/11\\\/improcedente-extradicion-ovidio-guzman\\\/\"},\"wordCount\":418,\"publisher\":{\"@id\":\"https:\\\/\\\/conexionnacional.mx\\\/#organization\"},\"image\":{\"@id\":\"https:\\\/\\\/conexionnacional.mx\\\/index.php\\\/2023\\\/01\\\/11\\\/improcedente-extradicion-ovidio-guzman\\\/#primaryimage\"},\"thumbnailUrl\":\"https:\\\/\\\/conexionnacional.mx\\\/wp-content\\\/uploads\\\/2023\\\/01\\\/extradicion-de-Ovidio-CN.jpg\",\"keywords\":[\"Estados Unidos\",\"extradici\u00f3n\",\"improcedente\",\"Ovidio Guzm\u00e1n\",\"Suspensi\u00f3n\"],\"articleSection\":[\"Nacional\"],\"inLanguage\":\"es\"},{\"@type\":\"WebPage\",\"@id\":\"https:\\\/\\\/conexionnacional.mx\\\/index.php\\\/2023\\\/01\\\/11\\\/improcedente-extradicion-ovidio-guzman\\\/\",\"url\":\"https:\\\/\\\/conexionnacional.mx\\\/index.php\\\/2023\\\/01\\\/11\\\/improcedente-extradicion-ovidio-guzman\\\/\",\"name\":\"Juez determina improcedente suspensi\u00f3n contra extradici\u00f3n de Ovidio Guzm\u00e1n |\",\"isPartOf\":{\"@id\":\"https:\\\/\\\/conexionnacional.mx\\\/#website\"},\"primaryImageOfPage\":{\"@id\":\"https:\\\/\\\/conexionnacional.mx\\\/index.php\\\/2023\\\/01\\\/11\\\/improcedente-extradicion-ovidio-guzman\\\/#primaryimage\"},\"image\":{\"@id\":\"https:\\\/\\\/conexionnacional.mx\\\/index.php\\\/2023\\\/01\\\/11\\\/improcedente-extradicion-ovidio-guzman\\\/#primaryimage\"},\"thumbnailUrl\":\"https:\\\/\\\/conexionnacional.mx\\\/wp-content\\\/uploads\\\/2023\\\/01\\\/extradicion-de-Ovidio-CN.jpg\",\"datePublished\":\"2023-01-11T21:00:00+00:00\",\"description\":\"Un juez federal determin\u00f3 improcedente la suspensi\u00f3n por el narcotraficante Ovidio Guzm\u00e1n L\u00f3pez, contra la orden de extradici\u00f3n.\",\"breadcrumb\":{\"@id\":\"https:\\\/\\\/conexionnacional.mx\\\/index.php\\\/2023\\\/01\\\/11\\\/improcedente-extradicion-ovidio-guzman\\\/#breadcrumb\"},\"inLanguage\":\"es\",\"potentialAction\":[{\"@type\":\"ReadAction\",\"target\":[\"https:\\\/\\\/conexionnacional.mx\\\/index.php\\\/2023\\\/01\\\/11\\\/improcedente-extradicion-ovidio-guzman\\\/\"]}]},{\"@type\":\"ImageObject\",\"inLanguage\":\"es\",\"@id\":\"https:\\\/\\\/conexionnacional.mx\\\/index.php\\\/2023\\\/01\\\/11\\\/improcedente-extradicion-ovidio-guzman\\\/#primaryimage\",\"url\":\"https:\\\/\\\/conexionnacional.mx\\\/wp-content\\\/uploads\\\/2023\\\/01\\\/extradicion-de-Ovidio-CN.jpg\",\"contentUrl\":\"https:\\\/\\\/conexionnacional.mx\\\/wp-content\\\/uploads\\\/2023\\\/01\\\/extradicion-de-Ovidio-CN.jpg\",\"width\":1000,\"height\":600,\"caption\":\"Improcedente suspensi\u00f3n contra extradici\u00f3n de Ovidio Guzm\u00e1n\"},{\"@type\":\"BreadcrumbList\",\"@id\":\"https:\\\/\\\/conexionnacional.mx\\\/index.php\\\/2023\\\/01\\\/11\\\/improcedente-extradicion-ovidio-guzman\\\/#breadcrumb\",\"itemListElement\":[{\"@type\":\"ListItem\",\"position\":1,\"name\":\"Inicio\",\"item\":\"https:\\\/\\\/conexionnacional.mx\\\/\"},{\"@type\":\"ListItem\",\"position\":2,\"name\":\"Juez determina improcedente suspensi\u00f3n contra extradici\u00f3n de Ovidio Guzm\u00e1n\"}]},{\"@type\":\"WebSite\",\"@id\":\"https:\\\/\\\/conexionnacional.mx\\\/#website\",\"url\":\"https:\\\/\\\/conexionnacional.mx\\\/\",\"name\":\"Conexi\u00f3n Nacional\",\"description\":\"Noticias al momento\",\"publisher\":{\"@id\":\"https:\\\/\\\/conexionnacional.mx\\\/#organization\"},\"alternateName\":\"Noticias nacionales\",\"potentialAction\":[{\"@type\":\"SearchAction\",\"target\":{\"@type\":\"EntryPoint\",\"urlTemplate\":\"https:\\\/\\\/conexionnacional.mx\\\/?s={search_term_string}\"},\"query-input\":{\"@type\":\"PropertyValueSpecification\",\"valueRequired\":true,\"valueName\":\"search_term_string\"}}],\"inLanguage\":\"es\"},{\"@type\":\"Organization\",\"@id\":\"https:\\\/\\\/conexionnacional.mx\\\/#organization\",\"name\":\"Conexi\u00f3n Nacional\",\"url\":\"https:\\\/\\\/conexionnacional.mx\\\/\",\"logo\":{\"@type\":\"ImageObject\",\"inLanguage\":\"es\",\"@id\":\"https:\\\/\\\/conexionnacional.mx\\\/#\\\/schema\\\/logo\\\/image\\\/\",\"url\":\"https:\\\/\\\/conexionnacional.mx\\\/wp-content\\\/uploads\\\/2022\\\/09\\\/conexion_nacional.png\",\"contentUrl\":\"https:\\\/\\\/conexionnacional.mx\\\/wp-content\\\/uploads\\\/2022\\\/09\\\/conexion_nacional.png\",\"width\":2964,\"height\":1173,\"caption\":\"Conexi\u00f3n Nacional\"},\"image\":{\"@id\":\"https:\\\/\\\/conexionnacional.mx\\\/#\\\/schema\\\/logo\\\/image\\\/\"},\"sameAs\":[\"https:\\\/\\\/www.facebook.com\\\/cnmxradio\"]},{\"@type\":\"Person\",\"@id\":\"https:\\\/\\\/conexionnacional.mx\\\/#\\\/schema\\\/person\\\/dd14aeda902120f5e0e021903fdb6931\",\"name\":\"Conexi\u00f3n Nacional\",\"image\":{\"@type\":\"ImageObject\",\"inLanguage\":\"es\",\"@id\":\"https:\\\/\\\/secure.gravatar.com\\\/avatar\\\/e523100f284110b2ecca7e17b2be9cf140a5e8f35294c9ec0543e6916cc1f9be?s=96&d=blank&r=g\",\"url\":\"https:\\\/\\\/secure.gravatar.com\\\/avatar\\\/e523100f284110b2ecca7e17b2be9cf140a5e8f35294c9ec0543e6916cc1f9be?s=96&d=blank&r=g\",\"contentUrl\":\"https:\\\/\\\/secure.gravatar.com\\\/avatar\\\/e523100f284110b2ecca7e17b2be9cf140a5e8f35294c9ec0543e6916cc1f9be?s=96&d=blank&r=g\",\"caption\":\"Conexi\u00f3n Nacional\"},\"sameAs\":[\"https:\\\/\\\/conexionnacional.mx\"],\"url\":\"https:\\\/\\\/conexionnacional.mx\\\/index.php\\\/author\\\/administrador\\\/\"}]}<\/script>\n<!-- \/ Yoast SEO plugin. -->","yoast_head_json":{"title":"Juez determina improcedente suspensi\u00f3n contra extradici\u00f3n de Ovidio Guzm\u00e1n |","description":"Un juez federal determin\u00f3 improcedente la suspensi\u00f3n por el narcotraficante Ovidio Guzm\u00e1n L\u00f3pez, contra la orden de extradici\u00f3n.","robots":{"index":"index","follow":"follow","max-snippet":"max-snippet:-1","max-image-preview":"max-image-preview:large","max-video-preview":"max-video-preview:-1"},"canonical":"https:\/\/conexionnacional.mx\/index.php\/2023\/01\/11\/improcedente-extradicion-ovidio-guzman\/","og_locale":"es_MX","og_type":"article","og_title":"Juez determina improcedente suspensi\u00f3n contra extradici\u00f3n de Ovidio Guzm\u00e1n |","og_description":"Un juez federal determin\u00f3 improcedente la suspensi\u00f3n por el narcotraficante Ovidio Guzm\u00e1n L\u00f3pez, contra la orden de extradici\u00f3n.","og_url":"https:\/\/conexionnacional.mx\/index.php\/2023\/01\/11\/improcedente-extradicion-ovidio-guzman\/","og_site_name":"Conexi\u00f3n Nacional","article_publisher":"https:\/\/www.facebook.com\/cnmxradio","article_published_time":"2023-01-11T21:00:00+00:00","og_image":[{"width":1000,"height":600,"url":"https:\/\/conexionnacional.mx\/wp-content\/uploads\/2023\/01\/extradicion-de-Ovidio-CN.jpg","type":"image\/jpeg"}],"author":"Conexi\u00f3n Nacional","twitter_card":"summary_large_image","twitter_misc":{"Escrito por":"Conexi\u00f3n Nacional","Tiempo de lectura":"2 minutos"},"schema":{"@context":"https:\/\/schema.org","@graph":[{"@type":"Article","@id":"https:\/\/conexionnacional.mx\/index.php\/2023\/01\/11\/improcedente-extradicion-ovidio-guzman\/#article","isPartOf":{"@id":"https:\/\/conexionnacional.mx\/index.php\/2023\/01\/11\/improcedente-extradicion-ovidio-guzman\/"},"author":{"name":"Conexi\u00f3n Nacional","@id":"https:\/\/conexionnacional.mx\/#\/schema\/person\/dd14aeda902120f5e0e021903fdb6931"},"headline":"Juez determina improcedente suspensi\u00f3n contra extradici\u00f3n de Ovidio Guzm\u00e1n","datePublished":"2023-01-11T21:00:00+00:00","mainEntityOfPage":{"@id":"https:\/\/conexionnacional.mx\/index.php\/2023\/01\/11\/improcedente-extradicion-ovidio-guzman\/"},"wordCount":418,"publisher":{"@id":"https:\/\/conexionnacional.mx\/#organization"},"image":{"@id":"https:\/\/conexionnacional.mx\/index.php\/2023\/01\/11\/improcedente-extradicion-ovidio-guzman\/#primaryimage"},"thumbnailUrl":"https:\/\/conexionnacional.mx\/wp-content\/uploads\/2023\/01\/extradicion-de-Ovidio-CN.jpg","keywords":["Estados Unidos","extradici\u00f3n","improcedente","Ovidio Guzm\u00e1n","Suspensi\u00f3n"],"articleSection":["Nacional"],"inLanguage":"es"},{"@type":"WebPage","@id":"https:\/\/conexionnacional.mx\/index.php\/2023\/01\/11\/improcedente-extradicion-ovidio-guzman\/","url":"https:\/\/conexionnacional.mx\/index.php\/2023\/01\/11\/improcedente-extradicion-ovidio-guzman\/","name":"Juez determina improcedente suspensi\u00f3n contra extradici\u00f3n de Ovidio Guzm\u00e1n |","isPartOf":{"@id":"https:\/\/conexionnacional.mx\/#website"},"primaryImageOfPage":{"@id":"https:\/\/conexionnacional.mx\/index.php\/2023\/01\/11\/improcedente-extradicion-ovidio-guzman\/#primaryimage"},"image":{"@id":"https:\/\/conexionnacional.mx\/index.php\/2023\/01\/11\/improcedente-extradicion-ovidio-guzman\/#primaryimage"},"thumbnailUrl":"https:\/\/conexionnacional.mx\/wp-content\/uploads\/2023\/01\/extradicion-de-Ovidio-CN.jpg","datePublished":"2023-01-11T21:00:00+00:00","description":"Un juez federal determin\u00f3 improcedente la suspensi\u00f3n por el narcotraficante Ovidio Guzm\u00e1n L\u00f3pez, contra la orden de extradici\u00f3n.","breadcrumb":{"@id":"https:\/\/conexionnacional.mx\/index.php\/2023\/01\/11\/improcedente-extradicion-ovidio-guzman\/#breadcrumb"},"inLanguage":"es","potentialAction":[{"@type":"ReadAction","target":["https:\/\/conexionnacional.mx\/index.php\/2023\/01\/11\/improcedente-extradicion-ovidio-guzman\/"]}]},{"@type":"ImageObject","inLanguage":"es","@id":"https:\/\/conexionnacional.mx\/index.php\/2023\/01\/11\/improcedente-extradicion-ovidio-guzman\/#primaryimage","url":"https:\/\/conexionnacional.mx\/wp-content\/uploads\/2023\/01\/extradicion-de-Ovidio-CN.jpg","contentUrl":"https:\/\/conexionnacional.mx\/wp-content\/uploads\/2023\/01\/extradicion-de-Ovidio-CN.jpg","width":1000,"height":600,"caption":"Improcedente suspensi\u00f3n contra extradici\u00f3n de Ovidio Guzm\u00e1n"},{"@type":"BreadcrumbList","@id":"https:\/\/conexionnacional.mx\/index.php\/2023\/01\/11\/improcedente-extradicion-ovidio-guzman\/#breadcrumb","itemListElement":[{"@type":"ListItem","position":1,"name":"Inicio","item":"https:\/\/conexionnacional.mx\/"},{"@type":"ListItem","position":2,"name":"Juez determina improcedente suspensi\u00f3n contra extradici\u00f3n de Ovidio Guzm\u00e1n"}]},{"@type":"WebSite","@id":"https:\/\/conexionnacional.mx\/#website","url":"https:\/\/conexionnacional.mx\/","name":"Conexi\u00f3n Nacional","description":"Noticias al momento","publisher":{"@id":"https:\/\/conexionnacional.mx\/#organization"},"alternateName":"Noticias nacionales","potentialAction":[{"@type":"SearchAction","target":{"@type":"EntryPoint","urlTemplate":"https:\/\/conexionnacional.mx\/?s={search_term_string}"},"query-input":{"@type":"PropertyValueSpecification","valueRequired":true,"valueName":"search_term_string"}}],"inLanguage":"es"},{"@type":"Organization","@id":"https:\/\/conexionnacional.mx\/#organization","name":"Conexi\u00f3n Nacional","url":"https:\/\/conexionnacional.mx\/","logo":{"@type":"ImageObject","inLanguage":"es","@id":"https:\/\/conexionnacional.mx\/#\/schema\/logo\/image\/","url":"https:\/\/conexionnacional.mx\/wp-content\/uploads\/2022\/09\/conexion_nacional.png","contentUrl":"https:\/\/conexionnacional.mx\/wp-content\/uploads\/2022\/09\/conexion_nacional.png","width":2964,"height":1173,"caption":"Conexi\u00f3n Nacional"},"image":{"@id":"https:\/\/conexionnacional.mx\/#\/schema\/logo\/image\/"},"sameAs":["https:\/\/www.facebook.com\/cnmxradio"]},{"@type":"Person","@id":"https:\/\/conexionnacional.mx\/#\/schema\/person\/dd14aeda902120f5e0e021903fdb6931","name":"Conexi\u00f3n Nacional","image":{"@type":"ImageObject","inLanguage":"es","@id":"https:\/\/secure.gravatar.com\/avatar\/e523100f284110b2ecca7e17b2be9cf140a5e8f35294c9ec0543e6916cc1f9be?s=96&d=blank&r=g","url":"https:\/\/secure.gravatar.com\/avatar\/e523100f284110b2ecca7e17b2be9cf140a5e8f35294c9ec0543e6916cc1f9be?s=96&d=blank&r=g","contentUrl":"https:\/\/secure.gravatar.com\/avatar\/e523100f284110b2ecca7e17b2be9cf140a5e8f35294c9ec0543e6916cc1f9be?s=96&d=blank&r=g","caption":"Conexi\u00f3n Nacional"},"sameAs":["https:\/\/conexionnacional.mx"],"url":"https:\/\/conexionnacional.mx\/index.php\/author\/administrador\/"}]}},"_links":{"self":[{"href":"https:\/\/conexionnacional.mx\/index.php\/wp-json\/wp\/v2\/posts\/6757","targetHints":{"allow":["GET"]}}],"collection":[{"href":"https:\/\/conexionnacional.mx\/index.php\/wp-json\/wp\/v2\/posts"}],"about":[{"href":"https:\/\/conexionnacional.mx\/index.php\/wp-json\/wp\/v2\/types\/post"}],"author":[{"embeddable":true,"href":"https:\/\/conexionnacional.mx\/index.php\/wp-json\/wp\/v2\/users\/1"}],"replies":[{"embeddable":true,"href":"https:\/\/conexionnacional.mx\/index.php\/wp-json\/wp\/v2\/comments?post=6757"}],"version-history":[{"count":1,"href":"https:\/\/conexionnacional.mx\/index.php\/wp-json\/wp\/v2\/posts\/6757\/revisions"}],"predecessor-version":[{"id":6759,"href":"https:\/\/conexionnacional.mx\/index.php\/wp-json\/wp\/v2\/posts\/6757\/revisions\/6759"}],"wp:featuredmedia":[{"embeddable":true,"href":"https:\/\/conexionnacional.mx\/index.php\/wp-json\/wp\/v2\/media\/6758"}],"wp:attachment":[{"href":"https:\/\/conexionnacional.mx\/index.php\/wp-json\/wp\/v2\/media?parent=6757"}],"wp:term":[{"taxonomy":"category","embeddable":true,"href":"https:\/\/conexionnacional.mx\/index.php\/wp-json\/wp\/v2\/categories?post=6757"},{"taxonomy":"post_tag","embeddable":true,"href":"https:\/\/conexionnacional.mx\/index.php\/wp-json\/wp\/v2\/tags?post=6757"}],"curies":[{"name":"wp","href":"https:\/\/api.w.org\/{rel}","templated":true}]}}