{"id":6031,"date":"2022-12-30T10:12:32","date_gmt":"2022-12-30T16:12:32","guid":{"rendered":"https:\/\/conexionnacional.mx\/?p=6031"},"modified":"2022-12-30T10:12:33","modified_gmt":"2022-12-30T16:12:33","slug":"se-congelaron-las-cataratas-del-niagara","status":"publish","type":"post","link":"https:\/\/conexionnacional.mx\/index.php\/2022\/12\/30\/se-congelaron-las-cataratas-del-niagara\/","title":{"rendered":"<strong>Se congelaron las cataratas del Ni\u00e1gara; la tormenta Elliot ha sido devastadora<\/strong>"},"content":{"rendered":"\n<p>Por: <a href=\"https:\/\/www.cydnoticias.mx\/2022\/12\/29\/se-congelaron-las-cataratas-del-niagara\/\">Yeri Gonz\u00e1lez | cydnoticias.mx<\/a>&nbsp; |<\/p>\n\n\n\n<p><strong>Las Cataratas del Ni\u00e1gara quedaron parcialmente congeladas<\/strong> debido al paso de la <strong>tormenta invernal \u201cElliot\u201d<\/strong> por Estados Unidos, causando impacto entre los ciudadanos por el incre\u00edble paisaje que otorga.<\/p>\n\n\n\n<p>Videos que circulan en redes sociales, muestran las majestuosas im\u00e1genes captadas por diversos usuarios, quienes no dejaron pasar la oportunidad para capturar este fen\u00f3meno de la naturaleza.<\/p>\n\n\n\n<figure class=\"wp-block-embed is-type-rich is-provider-twitter wp-block-embed-twitter\"><div class=\"wp-block-embed__wrapper\">\n<blockquote class=\"twitter-tweet\" data-width=\"550\" data-dnt=\"true\"><p lang=\"en\" dir=\"ltr\">Niagara Falls  was frozen by a powerful storm and bone-chilling temperatures.<a href=\"https:\/\/twitter.com\/hashtag\/NiagaraFalls?src=hash&amp;ref_src=twsrc%5Etfw\">#NiagaraFalls<\/a><a href=\"https:\/\/twitter.com\/hashtag\/Canada?src=hash&amp;ref_src=twsrc%5Etfw\">#Canada<\/a> <a href=\"https:\/\/t.co\/SnUct6kNN4\">pic.twitter.com\/SnUct6kNN4<\/a><\/p>&mdash; Hemir Desai (@hemirdesai) <a href=\"https:\/\/twitter.com\/hemirdesai\/status\/1608398322091585536?ref_src=twsrc%5Etfw\">December 29, 2022<\/a><\/blockquote><script async src=\"https:\/\/platform.twitter.com\/widgets.js\" charset=\"utf-8\"><\/script>\n<\/div><\/figure>\n\n\n\n<p><strong>El ahora para\u00edso invernal qued\u00f3 acompa\u00f1ado por una g\u00e9lida neblina y roc\u00edo<\/strong>, adem\u00e1s de la densa capa de hielo que se form\u00f3 en su superficie.<\/p>\n\n\n\n<p>Cabe mencionar que hasta este momento, 2 mil 755 vuelos fueron cancelados debido al caos que provoca la actual tormenta invernal.<\/p>\n\n\n<div class=\"wp-block-image\">\n<figure class=\"aligncenter is-resized\"><img decoding=\"async\" src=\"data:image\/gif;base64,R0lGODlhAQABAAAAACH5BAEKAAEALAAAAAABAAEAAAICTAEAOw==\" data-src=\"https:\/\/lh3.googleusercontent.com\/UomlcebX2VynmUcgqPTynbxh_PLlOvfwO4opsZBbuIKnWyAze3N__vX2BqFGnkcW159YM_djgw3G94llK1vz-CTokp29pdkZ7TAWkBsi-ld5oU4qp4yqsX5KKQmpkWY1rtXKA05BwJzw_zi0OdLV7q5wEDYI0hoHNOHTyGRUFwqdefky7yGVzDAFzhEcaA\" alt=\"\" class=\"lazyload\" width=\"600\"\/><\/figure>\n<\/div>\n\n\n<p>El n\u00famero de v\u00edctimas mortales de la tormenta Elliot que azota Estados Unidos ascendi\u00f3 este martes a 64.<\/p>\n\n\n\n<p>El presidente estadunidense, Joe Biden, declar\u00f3 el estado de emergencia en Nueva York y orden\u00f3 la asistencia federal, con lo que se liberar\u00e1n fondos para recuperarse del desastre. Seg\u00fan anunci\u00f3 la Casa Blanca, la orden permitir\u00e1 complementar los esfuerzos de respuesta estatales y locales.<\/p>\n\n\n\n<figure class=\"wp-block-embed is-type-rich is-provider-twitter wp-block-embed-twitter\"><div class=\"wp-block-embed__wrapper\">\n<blockquote class=\"twitter-tweet\" data-width=\"550\" data-dnt=\"true\"><p lang=\"en\" dir=\"ltr\">VIDEO: US National Guardsmen help clean up the streets of Buffalo, New York, after it was snowed in by a monster storm that killed dozens in the United States over the Christmas weekend. <a href=\"https:\/\/t.co\/BGcHjLrT62\">pic.twitter.com\/BGcHjLrT62<\/a><\/p>&mdash; AFP News Agency (@AFP) <a href=\"https:\/\/twitter.com\/AFP\/status\/1608181992398413825?ref_src=twsrc%5Etfw\">December 28, 2022<\/a><\/blockquote><script async src=\"https:\/\/platform.twitter.com\/widgets.js\" charset=\"utf-8\"><\/script>\n<\/div><\/figure>\n\n\n\n<p>Las autoridades en Buffalo reportaron 28 muertos, pero creen que esa cifra seguir\u00e1 creciendo a medida que los equipos avancen en las misiones de b\u00fasqueda, dijo NBC News. Kathy Hochul, gobernadora del estado de Nueva York, describi\u00f3 las secuelas de la tormenta Elliot como \u201cuna zona de guerra\u201d.<\/p>\n\n\n\n<figure class=\"wp-block-embed is-type-rich is-provider-twitter wp-block-embed-twitter\"><div class=\"wp-block-embed__wrapper\">\n<blockquote class=\"twitter-tweet\" data-width=\"550\" data-dnt=\"true\"><p lang=\"es\" dir=\"ltr\"><a href=\"https:\/\/twitter.com\/hashtag\/Elliot?src=hash&amp;ref_src=twsrc%5Etfw\">#Elliot<\/a> se ha cobrado decenas de muertos en <a href=\"https:\/\/twitter.com\/hashtag\/EEUU?src=hash&amp;ref_src=twsrc%5Etfw\">#EEUU<\/a><br><br>Una <a href=\"https:\/\/twitter.com\/hashtag\/tormenta?src=hash&amp;ref_src=twsrc%5Etfw\">#tormenta<\/a> invernal en Estados Unidos, la m\u00e1s feroz en d\u00e9cadas, deja al menos 38 muertos y decenas de miles de hogares sin electricidad, tras cuatro d\u00edas de vientos polares en el centro y el este del pa\u00eds. \/cq<a href=\"https:\/\/twitter.com\/hashtag\/DWNoticias?src=hash&amp;ref_src=twsrc%5Etfw\">#DWNoticias<\/a> <a href=\"https:\/\/t.co\/XG0zbnBqIk\">pic.twitter.com\/XG0zbnBqIk<\/a><\/p>&mdash; DW Espa\u00f1ol (@dw_espanol) <a href=\"https:\/\/twitter.com\/dw_espanol\/status\/1607387130224951297?ref_src=twsrc%5Etfw\">December 26, 2022<\/a><\/blockquote><script async src=\"https:\/\/platform.twitter.com\/widgets.js\" charset=\"utf-8\"><\/script>\n<\/div><\/figure>\n\n\n\n<p>El Servicio Meteorol\u00f3gico Nacional pronostic\u00f3 hasta 5 cent\u00edmetros (2 pulgadas) de nieve adicionales para el condado Erie en Nueva York. Si bien eso es poco comparado con los 1.2 metros (4 pies) que cayeron en otras partes del pa\u00eds, \u201ctoda nieve adicional que caiga en Buffalo tendr\u00e1 un efecto significativo (\u2026) entorpecer\u00e1 los intentos de despejar la nieve que cay\u00f3 previamente\u201d, declar\u00f3 el meteor\u00f3logo Bob Oravec.<\/p>\n\n\n\n<p>Con Informaci\u00f3n de<a href=\"https:\/\/www.cydnoticias.mx\/\"> Claro y Directo Mx\u00ae<\/a><\/p>\n","protected":false},"excerpt":{"rendered":"<p>Por: Yeri Gonz\u00e1lez | cydnoticias.mx&nbsp; | Las Cataratas del Ni\u00e1gara quedaron parcialmente congeladas debido al paso de la tormenta invernal \u201cElliot\u201d por Estados Unidos, causando impacto entre los ciudadanos por el incre\u00edble paisaje que otorga. Videos que circulan en redes sociales, muestran las majestuosas im\u00e1genes captadas por diversos usuarios, quienes no dejaron pasar la oportunidad [&hellip;]<\/p>\n","protected":false},"author":1,"featured_media":6032,"comment_status":"closed","ping_status":"closed","sticky":false,"template":"","format":"aside","meta":{"googlesitekit_rrm_CAowytPeCw:productID":"","footnotes":""},"categories":[8],"tags":[3100,46,3008,35,3089,3101],"class_list":["post-6031","post","type-post","status-publish","format-aside","has-post-thumbnail","hentry","category-internacional","tag-cataratas","tag-clima","tag-elliot","tag-estados-unidos","tag-frio-4","tag-niagara","post_format-post-format-aside"],"yoast_head":"<!-- This site is optimized with the Yoast SEO plugin v27.5 - https:\/\/yoast.com\/product\/yoast-seo-wordpress\/ -->\n<title>Se congelaron las cataratas del Ni\u00e1gara; la tormenta Elliot ha sido devastadora |<\/title>\n<meta name=\"description\" content=\"Las Cataratas del Ni\u00e1gara quedaron parcialmente congeladas debido al paso de la tormenta invernal \u201cElliot\u201d por Estados Unidos, causando\" \/>\n<meta name=\"robots\" content=\"index, follow, max-snippet:-1, max-image-preview:large, max-video-preview:-1\" \/>\n<link rel=\"canonical\" href=\"https:\/\/conexionnacional.mx\/index.php\/2022\/12\/30\/se-congelaron-las-cataratas-del-niagara\/\" \/>\n<meta property=\"og:locale\" content=\"es_MX\" \/>\n<meta property=\"og:type\" content=\"article\" \/>\n<meta property=\"og:title\" content=\"Se congelaron las cataratas del Ni\u00e1gara; la tormenta Elliot ha sido devastadora |\" \/>\n<meta property=\"og:description\" content=\"Las Cataratas del Ni\u00e1gara quedaron parcialmente congeladas debido al paso de la tormenta invernal \u201cElliot\u201d por Estados Unidos, causando\" \/>\n<meta property=\"og:url\" content=\"https:\/\/conexionnacional.mx\/index.php\/2022\/12\/30\/se-congelaron-las-cataratas-del-niagara\/\" \/>\n<meta property=\"og:site_name\" content=\"Conexi\u00f3n Nacional\" \/>\n<meta property=\"article:publisher\" content=\"https:\/\/www.facebook.com\/cnmxradio\" \/>\n<meta property=\"article:published_time\" content=\"2022-12-30T16:12:32+00:00\" \/>\n<meta property=\"article:modified_time\" content=\"2022-12-30T16:12:33+00:00\" \/>\n<meta property=\"og:image\" content=\"https:\/\/conexionnacional.mx\/wp-content\/uploads\/2022\/12\/Cataratas-del-Niagara-CN.jpg\" \/>\n\t<meta property=\"og:image:width\" content=\"1000\" \/>\n\t<meta property=\"og:image:height\" content=\"600\" \/>\n\t<meta property=\"og:image:type\" content=\"image\/jpeg\" \/>\n<meta name=\"author\" content=\"Conexi\u00f3n Nacional\" \/>\n<meta name=\"twitter:card\" content=\"summary_large_image\" \/>\n<meta name=\"twitter:label1\" content=\"Escrito por\" \/>\n\t<meta name=\"twitter:data1\" content=\"Conexi\u00f3n Nacional\" \/>\n\t<meta name=\"twitter:label2\" content=\"Tiempo de lectura\" \/>\n\t<meta name=\"twitter:data2\" content=\"2 minutos\" \/>\n<script type=\"application\/ld+json\" class=\"yoast-schema-graph\">{\"@context\":\"https:\\\/\\\/schema.org\",\"@graph\":[{\"@type\":\"Article\",\"@id\":\"https:\\\/\\\/conexionnacional.mx\\\/index.php\\\/2022\\\/12\\\/30\\\/se-congelaron-las-cataratas-del-niagara\\\/#article\",\"isPartOf\":{\"@id\":\"https:\\\/\\\/conexionnacional.mx\\\/index.php\\\/2022\\\/12\\\/30\\\/se-congelaron-las-cataratas-del-niagara\\\/\"},\"author\":{\"name\":\"Conexi\u00f3n Nacional\",\"@id\":\"https:\\\/\\\/conexionnacional.mx\\\/#\\\/schema\\\/person\\\/dd14aeda902120f5e0e021903fdb6931\"},\"headline\":\"Se congelaron las cataratas del Ni\u00e1gara; la tormenta Elliot ha sido devastadora\",\"datePublished\":\"2022-12-30T16:12:32+00:00\",\"dateModified\":\"2022-12-30T16:12:33+00:00\",\"mainEntityOfPage\":{\"@id\":\"https:\\\/\\\/conexionnacional.mx\\\/index.php\\\/2022\\\/12\\\/30\\\/se-congelaron-las-cataratas-del-niagara\\\/\"},\"wordCount\":352,\"publisher\":{\"@id\":\"https:\\\/\\\/conexionnacional.mx\\\/#organization\"},\"image\":{\"@id\":\"https:\\\/\\\/conexionnacional.mx\\\/index.php\\\/2022\\\/12\\\/30\\\/se-congelaron-las-cataratas-del-niagara\\\/#primaryimage\"},\"thumbnailUrl\":\"https:\\\/\\\/conexionnacional.mx\\\/wp-content\\\/uploads\\\/2022\\\/12\\\/Cataratas-del-Niagara-CN.jpg\",\"keywords\":[\"Cataratas\",\"clima\",\"Elliot\",\"Estados Unidos\",\"fr\u00eco\",\"Ni\u00e1gara\"],\"articleSection\":[\"Internacional\"],\"inLanguage\":\"es\"},{\"@type\":\"WebPage\",\"@id\":\"https:\\\/\\\/conexionnacional.mx\\\/index.php\\\/2022\\\/12\\\/30\\\/se-congelaron-las-cataratas-del-niagara\\\/\",\"url\":\"https:\\\/\\\/conexionnacional.mx\\\/index.php\\\/2022\\\/12\\\/30\\\/se-congelaron-las-cataratas-del-niagara\\\/\",\"name\":\"Se congelaron las cataratas del Ni\u00e1gara; la tormenta Elliot ha sido devastadora |\",\"isPartOf\":{\"@id\":\"https:\\\/\\\/conexionnacional.mx\\\/#website\"},\"primaryImageOfPage\":{\"@id\":\"https:\\\/\\\/conexionnacional.mx\\\/index.php\\\/2022\\\/12\\\/30\\\/se-congelaron-las-cataratas-del-niagara\\\/#primaryimage\"},\"image\":{\"@id\":\"https:\\\/\\\/conexionnacional.mx\\\/index.php\\\/2022\\\/12\\\/30\\\/se-congelaron-las-cataratas-del-niagara\\\/#primaryimage\"},\"thumbnailUrl\":\"https:\\\/\\\/conexionnacional.mx\\\/wp-content\\\/uploads\\\/2022\\\/12\\\/Cataratas-del-Niagara-CN.jpg\",\"datePublished\":\"2022-12-30T16:12:32+00:00\",\"dateModified\":\"2022-12-30T16:12:33+00:00\",\"description\":\"Las Cataratas del Ni\u00e1gara quedaron parcialmente congeladas debido al paso de la tormenta invernal \u201cElliot\u201d por Estados Unidos, causando\",\"breadcrumb\":{\"@id\":\"https:\\\/\\\/conexionnacional.mx\\\/index.php\\\/2022\\\/12\\\/30\\\/se-congelaron-las-cataratas-del-niagara\\\/#breadcrumb\"},\"inLanguage\":\"es\",\"potentialAction\":[{\"@type\":\"ReadAction\",\"target\":[\"https:\\\/\\\/conexionnacional.mx\\\/index.php\\\/2022\\\/12\\\/30\\\/se-congelaron-las-cataratas-del-niagara\\\/\"]}]},{\"@type\":\"ImageObject\",\"inLanguage\":\"es\",\"@id\":\"https:\\\/\\\/conexionnacional.mx\\\/index.php\\\/2022\\\/12\\\/30\\\/se-congelaron-las-cataratas-del-niagara\\\/#primaryimage\",\"url\":\"https:\\\/\\\/conexionnacional.mx\\\/wp-content\\\/uploads\\\/2022\\\/12\\\/Cataratas-del-Niagara-CN.jpg\",\"contentUrl\":\"https:\\\/\\\/conexionnacional.mx\\\/wp-content\\\/uploads\\\/2022\\\/12\\\/Cataratas-del-Niagara-CN.jpg\",\"width\":1000,\"height\":600,\"caption\":\"Se congelaron las cataratas del Ni\u00e1gara; la tormenta Elliot ha sido devastadora\"},{\"@type\":\"BreadcrumbList\",\"@id\":\"https:\\\/\\\/conexionnacional.mx\\\/index.php\\\/2022\\\/12\\\/30\\\/se-congelaron-las-cataratas-del-niagara\\\/#breadcrumb\",\"itemListElement\":[{\"@type\":\"ListItem\",\"position\":1,\"name\":\"Inicio\",\"item\":\"https:\\\/\\\/conexionnacional.mx\\\/\"},{\"@type\":\"ListItem\",\"position\":2,\"name\":\"Se congelaron las cataratas del Ni\u00e1gara; la tormenta Elliot ha sido devastadora\"}]},{\"@type\":\"WebSite\",\"@id\":\"https:\\\/\\\/conexionnacional.mx\\\/#website\",\"url\":\"https:\\\/\\\/conexionnacional.mx\\\/\",\"name\":\"Conexi\u00f3n Nacional\",\"description\":\"Noticias al momento\",\"publisher\":{\"@id\":\"https:\\\/\\\/conexionnacional.mx\\\/#organization\"},\"alternateName\":\"Noticias nacionales\",\"potentialAction\":[{\"@type\":\"SearchAction\",\"target\":{\"@type\":\"EntryPoint\",\"urlTemplate\":\"https:\\\/\\\/conexionnacional.mx\\\/?s={search_term_string}\"},\"query-input\":{\"@type\":\"PropertyValueSpecification\",\"valueRequired\":true,\"valueName\":\"search_term_string\"}}],\"inLanguage\":\"es\"},{\"@type\":\"Organization\",\"@id\":\"https:\\\/\\\/conexionnacional.mx\\\/#organization\",\"name\":\"Conexi\u00f3n Nacional\",\"url\":\"https:\\\/\\\/conexionnacional.mx\\\/\",\"logo\":{\"@type\":\"ImageObject\",\"inLanguage\":\"es\",\"@id\":\"https:\\\/\\\/conexionnacional.mx\\\/#\\\/schema\\\/logo\\\/image\\\/\",\"url\":\"https:\\\/\\\/conexionnacional.mx\\\/wp-content\\\/uploads\\\/2022\\\/09\\\/conexion_nacional.png\",\"contentUrl\":\"https:\\\/\\\/conexionnacional.mx\\\/wp-content\\\/uploads\\\/2022\\\/09\\\/conexion_nacional.png\",\"width\":2964,\"height\":1173,\"caption\":\"Conexi\u00f3n Nacional\"},\"image\":{\"@id\":\"https:\\\/\\\/conexionnacional.mx\\\/#\\\/schema\\\/logo\\\/image\\\/\"},\"sameAs\":[\"https:\\\/\\\/www.facebook.com\\\/cnmxradio\"]},{\"@type\":\"Person\",\"@id\":\"https:\\\/\\\/conexionnacional.mx\\\/#\\\/schema\\\/person\\\/dd14aeda902120f5e0e021903fdb6931\",\"name\":\"Conexi\u00f3n Nacional\",\"image\":{\"@type\":\"ImageObject\",\"inLanguage\":\"es\",\"@id\":\"https:\\\/\\\/secure.gravatar.com\\\/avatar\\\/e523100f284110b2ecca7e17b2be9cf140a5e8f35294c9ec0543e6916cc1f9be?s=96&d=blank&r=g\",\"url\":\"https:\\\/\\\/secure.gravatar.com\\\/avatar\\\/e523100f284110b2ecca7e17b2be9cf140a5e8f35294c9ec0543e6916cc1f9be?s=96&d=blank&r=g\",\"contentUrl\":\"https:\\\/\\\/secure.gravatar.com\\\/avatar\\\/e523100f284110b2ecca7e17b2be9cf140a5e8f35294c9ec0543e6916cc1f9be?s=96&d=blank&r=g\",\"caption\":\"Conexi\u00f3n Nacional\"},\"sameAs\":[\"https:\\\/\\\/conexionnacional.mx\"],\"url\":\"https:\\\/\\\/conexionnacional.mx\\\/index.php\\\/author\\\/administrador\\\/\"}]}<\/script>\n<!-- \/ Yoast SEO plugin. -->","yoast_head_json":{"title":"Se congelaron las cataratas del Ni\u00e1gara; la tormenta Elliot ha sido devastadora |","description":"Las Cataratas del Ni\u00e1gara quedaron parcialmente congeladas debido al paso de la tormenta invernal \u201cElliot\u201d por Estados Unidos, causando","robots":{"index":"index","follow":"follow","max-snippet":"max-snippet:-1","max-image-preview":"max-image-preview:large","max-video-preview":"max-video-preview:-1"},"canonical":"https:\/\/conexionnacional.mx\/index.php\/2022\/12\/30\/se-congelaron-las-cataratas-del-niagara\/","og_locale":"es_MX","og_type":"article","og_title":"Se congelaron las cataratas del Ni\u00e1gara; la tormenta Elliot ha sido devastadora |","og_description":"Las Cataratas del Ni\u00e1gara quedaron parcialmente congeladas debido al paso de la tormenta invernal \u201cElliot\u201d por Estados Unidos, causando","og_url":"https:\/\/conexionnacional.mx\/index.php\/2022\/12\/30\/se-congelaron-las-cataratas-del-niagara\/","og_site_name":"Conexi\u00f3n Nacional","article_publisher":"https:\/\/www.facebook.com\/cnmxradio","article_published_time":"2022-12-30T16:12:32+00:00","article_modified_time":"2022-12-30T16:12:33+00:00","og_image":[{"width":1000,"height":600,"url":"https:\/\/conexionnacional.mx\/wp-content\/uploads\/2022\/12\/Cataratas-del-Niagara-CN.jpg","type":"image\/jpeg"}],"author":"Conexi\u00f3n Nacional","twitter_card":"summary_large_image","twitter_misc":{"Escrito por":"Conexi\u00f3n Nacional","Tiempo de lectura":"2 minutos"},"schema":{"@context":"https:\/\/schema.org","@graph":[{"@type":"Article","@id":"https:\/\/conexionnacional.mx\/index.php\/2022\/12\/30\/se-congelaron-las-cataratas-del-niagara\/#article","isPartOf":{"@id":"https:\/\/conexionnacional.mx\/index.php\/2022\/12\/30\/se-congelaron-las-cataratas-del-niagara\/"},"author":{"name":"Conexi\u00f3n Nacional","@id":"https:\/\/conexionnacional.mx\/#\/schema\/person\/dd14aeda902120f5e0e021903fdb6931"},"headline":"Se congelaron las cataratas del Ni\u00e1gara; la tormenta Elliot ha sido devastadora","datePublished":"2022-12-30T16:12:32+00:00","dateModified":"2022-12-30T16:12:33+00:00","mainEntityOfPage":{"@id":"https:\/\/conexionnacional.mx\/index.php\/2022\/12\/30\/se-congelaron-las-cataratas-del-niagara\/"},"wordCount":352,"publisher":{"@id":"https:\/\/conexionnacional.mx\/#organization"},"image":{"@id":"https:\/\/conexionnacional.mx\/index.php\/2022\/12\/30\/se-congelaron-las-cataratas-del-niagara\/#primaryimage"},"thumbnailUrl":"https:\/\/conexionnacional.mx\/wp-content\/uploads\/2022\/12\/Cataratas-del-Niagara-CN.jpg","keywords":["Cataratas","clima","Elliot","Estados Unidos","fr\u00eco","Ni\u00e1gara"],"articleSection":["Internacional"],"inLanguage":"es"},{"@type":"WebPage","@id":"https:\/\/conexionnacional.mx\/index.php\/2022\/12\/30\/se-congelaron-las-cataratas-del-niagara\/","url":"https:\/\/conexionnacional.mx\/index.php\/2022\/12\/30\/se-congelaron-las-cataratas-del-niagara\/","name":"Se congelaron las cataratas del Ni\u00e1gara; la tormenta Elliot ha sido devastadora |","isPartOf":{"@id":"https:\/\/conexionnacional.mx\/#website"},"primaryImageOfPage":{"@id":"https:\/\/conexionnacional.mx\/index.php\/2022\/12\/30\/se-congelaron-las-cataratas-del-niagara\/#primaryimage"},"image":{"@id":"https:\/\/conexionnacional.mx\/index.php\/2022\/12\/30\/se-congelaron-las-cataratas-del-niagara\/#primaryimage"},"thumbnailUrl":"https:\/\/conexionnacional.mx\/wp-content\/uploads\/2022\/12\/Cataratas-del-Niagara-CN.jpg","datePublished":"2022-12-30T16:12:32+00:00","dateModified":"2022-12-30T16:12:33+00:00","description":"Las Cataratas del Ni\u00e1gara quedaron parcialmente congeladas debido al paso de la tormenta invernal \u201cElliot\u201d por Estados Unidos, causando","breadcrumb":{"@id":"https:\/\/conexionnacional.mx\/index.php\/2022\/12\/30\/se-congelaron-las-cataratas-del-niagara\/#breadcrumb"},"inLanguage":"es","potentialAction":[{"@type":"ReadAction","target":["https:\/\/conexionnacional.mx\/index.php\/2022\/12\/30\/se-congelaron-las-cataratas-del-niagara\/"]}]},{"@type":"ImageObject","inLanguage":"es","@id":"https:\/\/conexionnacional.mx\/index.php\/2022\/12\/30\/se-congelaron-las-cataratas-del-niagara\/#primaryimage","url":"https:\/\/conexionnacional.mx\/wp-content\/uploads\/2022\/12\/Cataratas-del-Niagara-CN.jpg","contentUrl":"https:\/\/conexionnacional.mx\/wp-content\/uploads\/2022\/12\/Cataratas-del-Niagara-CN.jpg","width":1000,"height":600,"caption":"Se congelaron las cataratas del Ni\u00e1gara; la tormenta Elliot ha sido devastadora"},{"@type":"BreadcrumbList","@id":"https:\/\/conexionnacional.mx\/index.php\/2022\/12\/30\/se-congelaron-las-cataratas-del-niagara\/#breadcrumb","itemListElement":[{"@type":"ListItem","position":1,"name":"Inicio","item":"https:\/\/conexionnacional.mx\/"},{"@type":"ListItem","position":2,"name":"Se congelaron las cataratas del Ni\u00e1gara; la tormenta Elliot ha sido devastadora"}]},{"@type":"WebSite","@id":"https:\/\/conexionnacional.mx\/#website","url":"https:\/\/conexionnacional.mx\/","name":"Conexi\u00f3n Nacional","description":"Noticias al momento","publisher":{"@id":"https:\/\/conexionnacional.mx\/#organization"},"alternateName":"Noticias nacionales","potentialAction":[{"@type":"SearchAction","target":{"@type":"EntryPoint","urlTemplate":"https:\/\/conexionnacional.mx\/?s={search_term_string}"},"query-input":{"@type":"PropertyValueSpecification","valueRequired":true,"valueName":"search_term_string"}}],"inLanguage":"es"},{"@type":"Organization","@id":"https:\/\/conexionnacional.mx\/#organization","name":"Conexi\u00f3n Nacional","url":"https:\/\/conexionnacional.mx\/","logo":{"@type":"ImageObject","inLanguage":"es","@id":"https:\/\/conexionnacional.mx\/#\/schema\/logo\/image\/","url":"https:\/\/conexionnacional.mx\/wp-content\/uploads\/2022\/09\/conexion_nacional.png","contentUrl":"https:\/\/conexionnacional.mx\/wp-content\/uploads\/2022\/09\/conexion_nacional.png","width":2964,"height":1173,"caption":"Conexi\u00f3n Nacional"},"image":{"@id":"https:\/\/conexionnacional.mx\/#\/schema\/logo\/image\/"},"sameAs":["https:\/\/www.facebook.com\/cnmxradio"]},{"@type":"Person","@id":"https:\/\/conexionnacional.mx\/#\/schema\/person\/dd14aeda902120f5e0e021903fdb6931","name":"Conexi\u00f3n Nacional","image":{"@type":"ImageObject","inLanguage":"es","@id":"https:\/\/secure.gravatar.com\/avatar\/e523100f284110b2ecca7e17b2be9cf140a5e8f35294c9ec0543e6916cc1f9be?s=96&d=blank&r=g","url":"https:\/\/secure.gravatar.com\/avatar\/e523100f284110b2ecca7e17b2be9cf140a5e8f35294c9ec0543e6916cc1f9be?s=96&d=blank&r=g","contentUrl":"https:\/\/secure.gravatar.com\/avatar\/e523100f284110b2ecca7e17b2be9cf140a5e8f35294c9ec0543e6916cc1f9be?s=96&d=blank&r=g","caption":"Conexi\u00f3n Nacional"},"sameAs":["https:\/\/conexionnacional.mx"],"url":"https:\/\/conexionnacional.mx\/index.php\/author\/administrador\/"}]}},"_links":{"self":[{"href":"https:\/\/conexionnacional.mx\/index.php\/wp-json\/wp\/v2\/posts\/6031","targetHints":{"allow":["GET"]}}],"collection":[{"href":"https:\/\/conexionnacional.mx\/index.php\/wp-json\/wp\/v2\/posts"}],"about":[{"href":"https:\/\/conexionnacional.mx\/index.php\/wp-json\/wp\/v2\/types\/post"}],"author":[{"embeddable":true,"href":"https:\/\/conexionnacional.mx\/index.php\/wp-json\/wp\/v2\/users\/1"}],"replies":[{"embeddable":true,"href":"https:\/\/conexionnacional.mx\/index.php\/wp-json\/wp\/v2\/comments?post=6031"}],"version-history":[{"count":1,"href":"https:\/\/conexionnacional.mx\/index.php\/wp-json\/wp\/v2\/posts\/6031\/revisions"}],"predecessor-version":[{"id":6033,"href":"https:\/\/conexionnacional.mx\/index.php\/wp-json\/wp\/v2\/posts\/6031\/revisions\/6033"}],"wp:featuredmedia":[{"embeddable":true,"href":"https:\/\/conexionnacional.mx\/index.php\/wp-json\/wp\/v2\/media\/6032"}],"wp:attachment":[{"href":"https:\/\/conexionnacional.mx\/index.php\/wp-json\/wp\/v2\/media?parent=6031"}],"wp:term":[{"taxonomy":"category","embeddable":true,"href":"https:\/\/conexionnacional.mx\/index.php\/wp-json\/wp\/v2\/categories?post=6031"},{"taxonomy":"post_tag","embeddable":true,"href":"https:\/\/conexionnacional.mx\/index.php\/wp-json\/wp\/v2\/tags?post=6031"}],"curies":[{"name":"wp","href":"https:\/\/api.w.org\/{rel}","templated":true}]}}