{"id":5909,"date":"2022-12-26T17:02:00","date_gmt":"2022-12-26T23:02:00","guid":{"rendered":"https:\/\/conexionnacional.mx\/?p=5909"},"modified":"2022-12-26T17:02:32","modified_gmt":"2022-12-26T23:02:32","slug":"hoteles-mixteca-80","status":"publish","type":"post","link":"https:\/\/conexionnacional.mx\/index.php\/2022\/12\/26\/hoteles-mixteca-80\/","title":{"rendered":"<strong>Hoteles de la Mixteca registran 80% por temporada navide\u00f1a<\/strong>"},"content":{"rendered":"\n<p>Por: <a href=\"https:\/\/www.xeouradio.com\/2022\/12\/26\/hoteles-de-la-mixteca-registran-80-por-temporada-navidena\/\">xeouradio.com <\/a>&nbsp;|<\/p>\n\n\n\n<p>*Esperan que aumente con la llegada de paisanos y visitantes*<\/p>\n\n\n\n<p>26 de diciembre. La Asociaci\u00f3n Mexicana de Hoteles y Moteles de la regi\u00f3n Mixteca inform\u00f3 que durante las presentes celebraciones navide\u00f1as registran una ocupaci\u00f3n del 80 por ciento, teniendo la expectativa de que aumente en los pr\u00f3ximos d\u00edas hasta en un 90 por ciento.<\/p>\n\n\n\n<p>El representante de la asociaci\u00f3n, Ra\u00fal S\u00e1nchez Pe\u00f1a, expuso que esperan que la derrama econ\u00f3mica supere en 30 por ciento la del a\u00f1o pasado cuando se manten\u00edan las restricciones para eventos masivos.<\/p>\n\n\n\n<p>\u201cHemos estado sondeando con todos lo hoteles que somos parte de la asociaci\u00f3n aqu\u00ed en la Mixteca, todos est\u00e1n arriba del 80 por ciento de su capacidad. Este fin de semana precisamente inicia la parte de la Navidad y el A\u00f1o Nuevo, es cuando empiezan a llegar las familias, y afortunadamente se tiene una perspectiva de m\u00e1s del 80 por ciento en la ocupaci\u00f3n en todos los hoteles que forman parte de la asociaci\u00f3n\u201d, refiri\u00f3.<\/p>\n\n\n\n<p>S\u00e1nchez Pe\u00f1a mencion\u00f3 que la pr\u00f3xima semana comienzan los d\u00edas con m\u00e1s registro de visitantes, por lo que no descart\u00f3 que hasta el 2 o 3 de enero contin\u00fae la ocupaci\u00f3n hotelera.<\/p>\n\n\n\n<p>Indic\u00f3 que en 2021 reportaron una ocupaci\u00f3n del 50 por ciento, pero este a\u00f1o se tienen mejores expectativas.<\/p>\n\n\n\n<p>\u201cEl a\u00f1o pasado todav\u00eda no se hac\u00eda una apertura tan amplia como lo es ahora, sobre todo en los eventos familiares desde una boda, un bautizo, quince a\u00f1os y todo que ahora ya se est\u00e1n dando. Algunos hoteles que forman parte de la asociaci\u00f3n tienen salones y los est\u00e1n contratando\u201d, asegur\u00f3.&nbsp;<\/p>\n\n\n\n<p>Apunt\u00f3 que los 23 hoteles que forman parte de la asociaci\u00f3n cuentan con el sello \u201cSave Travel\u201d, aplicando las medidas sanitarias para garantizar un servicio de calidad para los hu\u00e9spedes.<\/p>\n\n\n\n<p>Con informaci\u00f3n de: <a href=\"https:\/\/www.xeouradio.com\/\">Sistema Radiof\u00f3nico Informativo<\/a>.<\/p>\n","protected":false},"excerpt":{"rendered":"<p>Por: xeouradio.com &nbsp;| *Esperan que aumente con la llegada de paisanos y visitantes* 26 de diciembre. La Asociaci\u00f3n Mexicana de Hoteles y Moteles de la regi\u00f3n Mixteca inform\u00f3 que durante las presentes celebraciones navide\u00f1as registran una ocupaci\u00f3n del 80 por ciento, teniendo la expectativa de que aumente en los pr\u00f3ximos d\u00edas hasta en un 90 [&hellip;]<\/p>\n","protected":false},"author":1,"featured_media":5910,"comment_status":"closed","ping_status":"closed","sticky":false,"template":"","format":"aside","meta":{"googlesitekit_rrm_CAowytPeCw:productID":"","footnotes":""},"categories":[17,27],"tags":[2502,972,80,3038,2247],"class_list":["post-5909","post","type-post","status-publish","format-aside","has-post-thumbnail","hentry","category-estados","category-mi-dinero","tag-hoteles","tag-mixteca","tag-oaxaca","tag-ocupacion","tag-temporada-navidena","post_format-post-format-aside"],"yoast_head":"<!-- This site is optimized with the Yoast SEO plugin v27.5 - https:\/\/yoast.com\/product\/yoast-seo-wordpress\/ -->\n<title>Hoteles de la Mixteca registran 80% por temporada navide\u00f1a |<\/title>\n<meta name=\"description\" content=\"La Asociaci\u00f3n Mexicana de Hoteles y Moteles de la regi\u00f3n Mixteca inform\u00f3 que registran una ocupaci\u00f3n del 80 por ciento.\" \/>\n<meta name=\"robots\" content=\"index, follow, max-snippet:-1, max-image-preview:large, max-video-preview:-1\" \/>\n<link rel=\"canonical\" href=\"https:\/\/conexionnacional.mx\/index.php\/2022\/12\/26\/hoteles-mixteca-80\/\" \/>\n<meta property=\"og:locale\" content=\"es_MX\" \/>\n<meta property=\"og:type\" content=\"article\" \/>\n<meta property=\"og:title\" content=\"Hoteles de la Mixteca registran 80% por temporada navide\u00f1a |\" \/>\n<meta property=\"og:description\" content=\"La Asociaci\u00f3n Mexicana de Hoteles y Moteles de la regi\u00f3n Mixteca inform\u00f3 que registran una ocupaci\u00f3n del 80 por ciento.\" \/>\n<meta property=\"og:url\" content=\"https:\/\/conexionnacional.mx\/index.php\/2022\/12\/26\/hoteles-mixteca-80\/\" \/>\n<meta property=\"og:site_name\" content=\"Conexi\u00f3n Nacional\" \/>\n<meta property=\"article:publisher\" content=\"https:\/\/www.facebook.com\/cnmxradio\" \/>\n<meta property=\"article:published_time\" content=\"2022-12-26T23:02:00+00:00\" \/>\n<meta property=\"article:modified_time\" content=\"2022-12-26T23:02:32+00:00\" \/>\n<meta property=\"og:image\" content=\"https:\/\/conexionnacional.mx\/wp-content\/uploads\/2022\/12\/Hoteles-de-la-Mixteca-CN.jpg\" \/>\n\t<meta property=\"og:image:width\" content=\"1000\" \/>\n\t<meta property=\"og:image:height\" content=\"600\" \/>\n\t<meta property=\"og:image:type\" content=\"image\/jpeg\" \/>\n<meta name=\"author\" content=\"Conexi\u00f3n Nacional\" \/>\n<meta name=\"twitter:card\" content=\"summary_large_image\" \/>\n<meta name=\"twitter:label1\" content=\"Escrito por\" \/>\n\t<meta name=\"twitter:data1\" content=\"Conexi\u00f3n Nacional\" \/>\n\t<meta name=\"twitter:label2\" content=\"Tiempo de lectura\" \/>\n\t<meta name=\"twitter:data2\" content=\"2 minutos\" \/>\n<script type=\"application\/ld+json\" class=\"yoast-schema-graph\">{\"@context\":\"https:\\\/\\\/schema.org\",\"@graph\":[{\"@type\":\"Article\",\"@id\":\"https:\\\/\\\/conexionnacional.mx\\\/index.php\\\/2022\\\/12\\\/26\\\/hoteles-mixteca-80\\\/#article\",\"isPartOf\":{\"@id\":\"https:\\\/\\\/conexionnacional.mx\\\/index.php\\\/2022\\\/12\\\/26\\\/hoteles-mixteca-80\\\/\"},\"author\":{\"name\":\"Conexi\u00f3n Nacional\",\"@id\":\"https:\\\/\\\/conexionnacional.mx\\\/#\\\/schema\\\/person\\\/dd14aeda902120f5e0e021903fdb6931\"},\"headline\":\"Hoteles de la Mixteca registran 80% por temporada navide\u00f1a\",\"datePublished\":\"2022-12-26T23:02:00+00:00\",\"dateModified\":\"2022-12-26T23:02:32+00:00\",\"mainEntityOfPage\":{\"@id\":\"https:\\\/\\\/conexionnacional.mx\\\/index.php\\\/2022\\\/12\\\/26\\\/hoteles-mixteca-80\\\/\"},\"wordCount\":340,\"publisher\":{\"@id\":\"https:\\\/\\\/conexionnacional.mx\\\/#organization\"},\"image\":{\"@id\":\"https:\\\/\\\/conexionnacional.mx\\\/index.php\\\/2022\\\/12\\\/26\\\/hoteles-mixteca-80\\\/#primaryimage\"},\"thumbnailUrl\":\"https:\\\/\\\/conexionnacional.mx\\\/wp-content\\\/uploads\\\/2022\\\/12\\\/Hoteles-de-la-Mixteca-CN.jpg\",\"keywords\":[\"hoteles\",\"Mixteca\",\"Oaxaca\",\"ocupaci\u00f3n\",\"temporada navide\u00f1a\"],\"articleSection\":[\"Estados\",\"Mi Dinero\"],\"inLanguage\":\"es\"},{\"@type\":\"WebPage\",\"@id\":\"https:\\\/\\\/conexionnacional.mx\\\/index.php\\\/2022\\\/12\\\/26\\\/hoteles-mixteca-80\\\/\",\"url\":\"https:\\\/\\\/conexionnacional.mx\\\/index.php\\\/2022\\\/12\\\/26\\\/hoteles-mixteca-80\\\/\",\"name\":\"Hoteles de la Mixteca registran 80% por temporada navide\u00f1a |\",\"isPartOf\":{\"@id\":\"https:\\\/\\\/conexionnacional.mx\\\/#website\"},\"primaryImageOfPage\":{\"@id\":\"https:\\\/\\\/conexionnacional.mx\\\/index.php\\\/2022\\\/12\\\/26\\\/hoteles-mixteca-80\\\/#primaryimage\"},\"image\":{\"@id\":\"https:\\\/\\\/conexionnacional.mx\\\/index.php\\\/2022\\\/12\\\/26\\\/hoteles-mixteca-80\\\/#primaryimage\"},\"thumbnailUrl\":\"https:\\\/\\\/conexionnacional.mx\\\/wp-content\\\/uploads\\\/2022\\\/12\\\/Hoteles-de-la-Mixteca-CN.jpg\",\"datePublished\":\"2022-12-26T23:02:00+00:00\",\"dateModified\":\"2022-12-26T23:02:32+00:00\",\"description\":\"La Asociaci\u00f3n Mexicana de Hoteles y Moteles de la regi\u00f3n Mixteca inform\u00f3 que registran una ocupaci\u00f3n del 80 por ciento.\",\"breadcrumb\":{\"@id\":\"https:\\\/\\\/conexionnacional.mx\\\/index.php\\\/2022\\\/12\\\/26\\\/hoteles-mixteca-80\\\/#breadcrumb\"},\"inLanguage\":\"es\",\"potentialAction\":[{\"@type\":\"ReadAction\",\"target\":[\"https:\\\/\\\/conexionnacional.mx\\\/index.php\\\/2022\\\/12\\\/26\\\/hoteles-mixteca-80\\\/\"]}]},{\"@type\":\"ImageObject\",\"inLanguage\":\"es\",\"@id\":\"https:\\\/\\\/conexionnacional.mx\\\/index.php\\\/2022\\\/12\\\/26\\\/hoteles-mixteca-80\\\/#primaryimage\",\"url\":\"https:\\\/\\\/conexionnacional.mx\\\/wp-content\\\/uploads\\\/2022\\\/12\\\/Hoteles-de-la-Mixteca-CN.jpg\",\"contentUrl\":\"https:\\\/\\\/conexionnacional.mx\\\/wp-content\\\/uploads\\\/2022\\\/12\\\/Hoteles-de-la-Mixteca-CN.jpg\",\"width\":1000,\"height\":600,\"caption\":\"Hoteles de la Mixteca registran 80%\"},{\"@type\":\"BreadcrumbList\",\"@id\":\"https:\\\/\\\/conexionnacional.mx\\\/index.php\\\/2022\\\/12\\\/26\\\/hoteles-mixteca-80\\\/#breadcrumb\",\"itemListElement\":[{\"@type\":\"ListItem\",\"position\":1,\"name\":\"Inicio\",\"item\":\"https:\\\/\\\/conexionnacional.mx\\\/\"},{\"@type\":\"ListItem\",\"position\":2,\"name\":\"Hoteles de la Mixteca registran 80% por temporada navide\u00f1a\"}]},{\"@type\":\"WebSite\",\"@id\":\"https:\\\/\\\/conexionnacional.mx\\\/#website\",\"url\":\"https:\\\/\\\/conexionnacional.mx\\\/\",\"name\":\"Conexi\u00f3n Nacional\",\"description\":\"Noticias al momento\",\"publisher\":{\"@id\":\"https:\\\/\\\/conexionnacional.mx\\\/#organization\"},\"alternateName\":\"Noticias nacionales\",\"potentialAction\":[{\"@type\":\"SearchAction\",\"target\":{\"@type\":\"EntryPoint\",\"urlTemplate\":\"https:\\\/\\\/conexionnacional.mx\\\/?s={search_term_string}\"},\"query-input\":{\"@type\":\"PropertyValueSpecification\",\"valueRequired\":true,\"valueName\":\"search_term_string\"}}],\"inLanguage\":\"es\"},{\"@type\":\"Organization\",\"@id\":\"https:\\\/\\\/conexionnacional.mx\\\/#organization\",\"name\":\"Conexi\u00f3n Nacional\",\"url\":\"https:\\\/\\\/conexionnacional.mx\\\/\",\"logo\":{\"@type\":\"ImageObject\",\"inLanguage\":\"es\",\"@id\":\"https:\\\/\\\/conexionnacional.mx\\\/#\\\/schema\\\/logo\\\/image\\\/\",\"url\":\"https:\\\/\\\/conexionnacional.mx\\\/wp-content\\\/uploads\\\/2022\\\/09\\\/conexion_nacional.png\",\"contentUrl\":\"https:\\\/\\\/conexionnacional.mx\\\/wp-content\\\/uploads\\\/2022\\\/09\\\/conexion_nacional.png\",\"width\":2964,\"height\":1173,\"caption\":\"Conexi\u00f3n Nacional\"},\"image\":{\"@id\":\"https:\\\/\\\/conexionnacional.mx\\\/#\\\/schema\\\/logo\\\/image\\\/\"},\"sameAs\":[\"https:\\\/\\\/www.facebook.com\\\/cnmxradio\"]},{\"@type\":\"Person\",\"@id\":\"https:\\\/\\\/conexionnacional.mx\\\/#\\\/schema\\\/person\\\/dd14aeda902120f5e0e021903fdb6931\",\"name\":\"Conexi\u00f3n Nacional\",\"image\":{\"@type\":\"ImageObject\",\"inLanguage\":\"es\",\"@id\":\"https:\\\/\\\/secure.gravatar.com\\\/avatar\\\/e523100f284110b2ecca7e17b2be9cf140a5e8f35294c9ec0543e6916cc1f9be?s=96&d=blank&r=g\",\"url\":\"https:\\\/\\\/secure.gravatar.com\\\/avatar\\\/e523100f284110b2ecca7e17b2be9cf140a5e8f35294c9ec0543e6916cc1f9be?s=96&d=blank&r=g\",\"contentUrl\":\"https:\\\/\\\/secure.gravatar.com\\\/avatar\\\/e523100f284110b2ecca7e17b2be9cf140a5e8f35294c9ec0543e6916cc1f9be?s=96&d=blank&r=g\",\"caption\":\"Conexi\u00f3n Nacional\"},\"sameAs\":[\"https:\\\/\\\/conexionnacional.mx\"],\"url\":\"https:\\\/\\\/conexionnacional.mx\\\/index.php\\\/author\\\/administrador\\\/\"}]}<\/script>\n<!-- \/ Yoast SEO plugin. -->","yoast_head_json":{"title":"Hoteles de la Mixteca registran 80% por temporada navide\u00f1a |","description":"La Asociaci\u00f3n Mexicana de Hoteles y Moteles de la regi\u00f3n Mixteca inform\u00f3 que registran una ocupaci\u00f3n del 80 por ciento.","robots":{"index":"index","follow":"follow","max-snippet":"max-snippet:-1","max-image-preview":"max-image-preview:large","max-video-preview":"max-video-preview:-1"},"canonical":"https:\/\/conexionnacional.mx\/index.php\/2022\/12\/26\/hoteles-mixteca-80\/","og_locale":"es_MX","og_type":"article","og_title":"Hoteles de la Mixteca registran 80% por temporada navide\u00f1a |","og_description":"La Asociaci\u00f3n Mexicana de Hoteles y Moteles de la regi\u00f3n Mixteca inform\u00f3 que registran una ocupaci\u00f3n del 80 por ciento.","og_url":"https:\/\/conexionnacional.mx\/index.php\/2022\/12\/26\/hoteles-mixteca-80\/","og_site_name":"Conexi\u00f3n Nacional","article_publisher":"https:\/\/www.facebook.com\/cnmxradio","article_published_time":"2022-12-26T23:02:00+00:00","article_modified_time":"2022-12-26T23:02:32+00:00","og_image":[{"width":1000,"height":600,"url":"https:\/\/conexionnacional.mx\/wp-content\/uploads\/2022\/12\/Hoteles-de-la-Mixteca-CN.jpg","type":"image\/jpeg"}],"author":"Conexi\u00f3n Nacional","twitter_card":"summary_large_image","twitter_misc":{"Escrito por":"Conexi\u00f3n Nacional","Tiempo de lectura":"2 minutos"},"schema":{"@context":"https:\/\/schema.org","@graph":[{"@type":"Article","@id":"https:\/\/conexionnacional.mx\/index.php\/2022\/12\/26\/hoteles-mixteca-80\/#article","isPartOf":{"@id":"https:\/\/conexionnacional.mx\/index.php\/2022\/12\/26\/hoteles-mixteca-80\/"},"author":{"name":"Conexi\u00f3n Nacional","@id":"https:\/\/conexionnacional.mx\/#\/schema\/person\/dd14aeda902120f5e0e021903fdb6931"},"headline":"Hoteles de la Mixteca registran 80% por temporada navide\u00f1a","datePublished":"2022-12-26T23:02:00+00:00","dateModified":"2022-12-26T23:02:32+00:00","mainEntityOfPage":{"@id":"https:\/\/conexionnacional.mx\/index.php\/2022\/12\/26\/hoteles-mixteca-80\/"},"wordCount":340,"publisher":{"@id":"https:\/\/conexionnacional.mx\/#organization"},"image":{"@id":"https:\/\/conexionnacional.mx\/index.php\/2022\/12\/26\/hoteles-mixteca-80\/#primaryimage"},"thumbnailUrl":"https:\/\/conexionnacional.mx\/wp-content\/uploads\/2022\/12\/Hoteles-de-la-Mixteca-CN.jpg","keywords":["hoteles","Mixteca","Oaxaca","ocupaci\u00f3n","temporada navide\u00f1a"],"articleSection":["Estados","Mi Dinero"],"inLanguage":"es"},{"@type":"WebPage","@id":"https:\/\/conexionnacional.mx\/index.php\/2022\/12\/26\/hoteles-mixteca-80\/","url":"https:\/\/conexionnacional.mx\/index.php\/2022\/12\/26\/hoteles-mixteca-80\/","name":"Hoteles de la Mixteca registran 80% por temporada navide\u00f1a |","isPartOf":{"@id":"https:\/\/conexionnacional.mx\/#website"},"primaryImageOfPage":{"@id":"https:\/\/conexionnacional.mx\/index.php\/2022\/12\/26\/hoteles-mixteca-80\/#primaryimage"},"image":{"@id":"https:\/\/conexionnacional.mx\/index.php\/2022\/12\/26\/hoteles-mixteca-80\/#primaryimage"},"thumbnailUrl":"https:\/\/conexionnacional.mx\/wp-content\/uploads\/2022\/12\/Hoteles-de-la-Mixteca-CN.jpg","datePublished":"2022-12-26T23:02:00+00:00","dateModified":"2022-12-26T23:02:32+00:00","description":"La Asociaci\u00f3n Mexicana de Hoteles y Moteles de la regi\u00f3n Mixteca inform\u00f3 que registran una ocupaci\u00f3n del 80 por ciento.","breadcrumb":{"@id":"https:\/\/conexionnacional.mx\/index.php\/2022\/12\/26\/hoteles-mixteca-80\/#breadcrumb"},"inLanguage":"es","potentialAction":[{"@type":"ReadAction","target":["https:\/\/conexionnacional.mx\/index.php\/2022\/12\/26\/hoteles-mixteca-80\/"]}]},{"@type":"ImageObject","inLanguage":"es","@id":"https:\/\/conexionnacional.mx\/index.php\/2022\/12\/26\/hoteles-mixteca-80\/#primaryimage","url":"https:\/\/conexionnacional.mx\/wp-content\/uploads\/2022\/12\/Hoteles-de-la-Mixteca-CN.jpg","contentUrl":"https:\/\/conexionnacional.mx\/wp-content\/uploads\/2022\/12\/Hoteles-de-la-Mixteca-CN.jpg","width":1000,"height":600,"caption":"Hoteles de la Mixteca registran 80%"},{"@type":"BreadcrumbList","@id":"https:\/\/conexionnacional.mx\/index.php\/2022\/12\/26\/hoteles-mixteca-80\/#breadcrumb","itemListElement":[{"@type":"ListItem","position":1,"name":"Inicio","item":"https:\/\/conexionnacional.mx\/"},{"@type":"ListItem","position":2,"name":"Hoteles de la Mixteca registran 80% por temporada navide\u00f1a"}]},{"@type":"WebSite","@id":"https:\/\/conexionnacional.mx\/#website","url":"https:\/\/conexionnacional.mx\/","name":"Conexi\u00f3n Nacional","description":"Noticias al momento","publisher":{"@id":"https:\/\/conexionnacional.mx\/#organization"},"alternateName":"Noticias nacionales","potentialAction":[{"@type":"SearchAction","target":{"@type":"EntryPoint","urlTemplate":"https:\/\/conexionnacional.mx\/?s={search_term_string}"},"query-input":{"@type":"PropertyValueSpecification","valueRequired":true,"valueName":"search_term_string"}}],"inLanguage":"es"},{"@type":"Organization","@id":"https:\/\/conexionnacional.mx\/#organization","name":"Conexi\u00f3n Nacional","url":"https:\/\/conexionnacional.mx\/","logo":{"@type":"ImageObject","inLanguage":"es","@id":"https:\/\/conexionnacional.mx\/#\/schema\/logo\/image\/","url":"https:\/\/conexionnacional.mx\/wp-content\/uploads\/2022\/09\/conexion_nacional.png","contentUrl":"https:\/\/conexionnacional.mx\/wp-content\/uploads\/2022\/09\/conexion_nacional.png","width":2964,"height":1173,"caption":"Conexi\u00f3n Nacional"},"image":{"@id":"https:\/\/conexionnacional.mx\/#\/schema\/logo\/image\/"},"sameAs":["https:\/\/www.facebook.com\/cnmxradio"]},{"@type":"Person","@id":"https:\/\/conexionnacional.mx\/#\/schema\/person\/dd14aeda902120f5e0e021903fdb6931","name":"Conexi\u00f3n Nacional","image":{"@type":"ImageObject","inLanguage":"es","@id":"https:\/\/secure.gravatar.com\/avatar\/e523100f284110b2ecca7e17b2be9cf140a5e8f35294c9ec0543e6916cc1f9be?s=96&d=blank&r=g","url":"https:\/\/secure.gravatar.com\/avatar\/e523100f284110b2ecca7e17b2be9cf140a5e8f35294c9ec0543e6916cc1f9be?s=96&d=blank&r=g","contentUrl":"https:\/\/secure.gravatar.com\/avatar\/e523100f284110b2ecca7e17b2be9cf140a5e8f35294c9ec0543e6916cc1f9be?s=96&d=blank&r=g","caption":"Conexi\u00f3n Nacional"},"sameAs":["https:\/\/conexionnacional.mx"],"url":"https:\/\/conexionnacional.mx\/index.php\/author\/administrador\/"}]}},"_links":{"self":[{"href":"https:\/\/conexionnacional.mx\/index.php\/wp-json\/wp\/v2\/posts\/5909","targetHints":{"allow":["GET"]}}],"collection":[{"href":"https:\/\/conexionnacional.mx\/index.php\/wp-json\/wp\/v2\/posts"}],"about":[{"href":"https:\/\/conexionnacional.mx\/index.php\/wp-json\/wp\/v2\/types\/post"}],"author":[{"embeddable":true,"href":"https:\/\/conexionnacional.mx\/index.php\/wp-json\/wp\/v2\/users\/1"}],"replies":[{"embeddable":true,"href":"https:\/\/conexionnacional.mx\/index.php\/wp-json\/wp\/v2\/comments?post=5909"}],"version-history":[{"count":1,"href":"https:\/\/conexionnacional.mx\/index.php\/wp-json\/wp\/v2\/posts\/5909\/revisions"}],"predecessor-version":[{"id":5911,"href":"https:\/\/conexionnacional.mx\/index.php\/wp-json\/wp\/v2\/posts\/5909\/revisions\/5911"}],"wp:featuredmedia":[{"embeddable":true,"href":"https:\/\/conexionnacional.mx\/index.php\/wp-json\/wp\/v2\/media\/5910"}],"wp:attachment":[{"href":"https:\/\/conexionnacional.mx\/index.php\/wp-json\/wp\/v2\/media?parent=5909"}],"wp:term":[{"taxonomy":"category","embeddable":true,"href":"https:\/\/conexionnacional.mx\/index.php\/wp-json\/wp\/v2\/categories?post=5909"},{"taxonomy":"post_tag","embeddable":true,"href":"https:\/\/conexionnacional.mx\/index.php\/wp-json\/wp\/v2\/tags?post=5909"}],"curies":[{"name":"wp","href":"https:\/\/api.w.org\/{rel}","templated":true}]}}