{"id":5906,"date":"2022-12-26T17:00:00","date_gmt":"2022-12-26T23:00:00","guid":{"rendered":"https:\/\/conexionnacional.mx\/?p=5906"},"modified":"2022-12-26T16:57:19","modified_gmt":"2022-12-26T22:57:19","slug":"fin-pandemia-coronavirus","status":"publish","type":"post","link":"https:\/\/conexionnacional.mx\/index.php\/2022\/12\/26\/fin-pandemia-coronavirus\/","title":{"rendered":"Un experto vir\u00f3logo alem\u00e1n apunta al fin de la pandemia de coronavirus y apunta a una enfermedad \u201cend\u00e9mica\u201d"},"content":{"rendered":"\n<p>Por: <a href=\"https:\/\/californiamedios.com\/coronavirus-un-experto-virologo-aleman-apunta-al-fin-de-la-pandemia-de-coronavirus-y-apunta-a-una-enfermedad-endemica\/\">californiamedios.com<\/a> |&nbsp;<\/p>\n\n\n\n<p>Christian Drosten, jefe de virolog\u00eda del hospital Charit\u00e9 de la capital de Alemania, Berl\u00edn, ha se\u00f1alado que la pandemia de coronavirus podr\u00eda haber llegado a su fin, pues los contagios detectados este invierno apuntan m\u00e1s a una enfermedad de car\u00e1cter end\u00e9mico.<\/p>\n\n\n\n<p>\u201cEste invierno estamos viviendo la primera ola end\u00e9mica con Sars-Cov-2, en mi opini\u00f3n la pandemia ha terminado\u201d, ha se\u00f1alado el experto vir\u00f3logo en el marco de una entrevista para el diario alem\u00e1n \u2018Tagesspiegel\u2019.<\/p>\n\n\n\n<p>Para Drosten la situaci\u00f3n parece ahora controlada y, a no ser que se d\u00e9 una nueva mutaci\u00f3n del virus, algo que tampoco ve probable, el coronavirus podr\u00eda llegar a su fin el pr\u00f3ximo verano gracias a la inmunidad de la poblaci\u00f3n.<\/p>\n\n\n\n<p>En este sentido, el jefe de virolog\u00eda del Charit\u00e9 de Berl\u00edn ha puesto en valor las exitosas campa\u00f1as de vacunaci\u00f3n no solo en Alemania, sino en el conjunto de Europa. Para \u00e9l, este factor ha sido diferencial respecto a otros lugares, como China.<\/p>\n\n\n\n<p>\u201cEl gran error en China fue que no hab\u00eda conciencia de vacunaci\u00f3n entre la poblaci\u00f3n, especialmente entre los ancianos\u201d, ha dicho Drosten, quien tambi\u00e9n ha puesto en valor las medidas tomadas por el Gobierno alem\u00e1n al comienzo de la pandemia.<\/p>\n\n\n\n<p>\u201cNunca se trat\u00f3 de parar la pandemia, desde el principio qued\u00f3 claro que eso no era posible. Pero si no se hubiera hecho nada, en Alemania, en las olas hasta (la variante) delta, habr\u00eda habido un mill\u00f3n de muertos, o m\u00e1s\u201d, ha se\u00f1alado.<\/p>\n\n\n\n<p>Por otro lado, el m\u00e9dico Christian Karagiannidis, miembro del Consejo de Expertos de la COVID-19 de Alemania, ha coincidido con Drosten en que es probable que la pandemia de coronavirus llegue a su fin despu\u00e9s del invierno.<\/p>\n\n\n\n<p>Aunque considera que a\u00fan habr\u00e1 una o dos peque\u00f1as olas de contagios, Karagiannidis ha explicado en una entrevista a Redaktionsnetzwerk Deutschland que la inmunidad de la poblaci\u00f3n es s\u00f3lida y que hay muchos notable descenso de pacientes de COVID-19 en cuidados intensivos.<\/p>\n\n\n\n<p>Con informaci\u00f3n de: <a href=\"https:\/\/californiamedios.com\/\">California Medios<\/a>.<\/p>\n","protected":false},"excerpt":{"rendered":"<p>Por: californiamedios.com |&nbsp; Christian Drosten, jefe de virolog\u00eda del hospital Charit\u00e9 de la capital de Alemania, Berl\u00edn, ha se\u00f1alado que la pandemia de coronavirus podr\u00eda haber llegado a su fin, pues los contagios detectados este invierno apuntan m\u00e1s a una enfermedad de car\u00e1cter end\u00e9mico. \u201cEste invierno estamos viviendo la primera ola end\u00e9mica con Sars-Cov-2, en [&hellip;]<\/p>\n","protected":false},"author":1,"featured_media":5907,"comment_status":"closed","ping_status":"closed","sticky":false,"template":"","format":"aside","meta":{"googlesitekit_rrm_CAowytPeCw:productID":"","footnotes":""},"categories":[22],"tags":[191,3037,3036,849],"class_list":["post-5906","post","type-post","status-publish","format-aside","has-post-thumbnail","hentry","category-salud","tag-coronavirus","tag-enfermedad-endemica","tag-experto","tag-pandemia","post_format-post-format-aside"],"yoast_head":"<!-- This site is optimized with the Yoast SEO plugin v27.5 - https:\/\/yoast.com\/product\/yoast-seo-wordpress\/ -->\n<title>Un experto vir\u00f3logo alem\u00e1n apunta al fin de la pandemia de coronavirus y apunta a una enfermedad \u201cend\u00e9mica\u201d |<\/title>\n<meta name=\"description\" content=\"Christian Drosten, jefe de virolog\u00eda del hospital Charit\u00e9 de la capital de Berl\u00edn, se\u00f1ala que la pandemia de coronavirus podr\u00eda haber llegado a su fin.\" \/>\n<meta name=\"robots\" content=\"index, follow, max-snippet:-1, max-image-preview:large, max-video-preview:-1\" \/>\n<link rel=\"canonical\" href=\"https:\/\/conexionnacional.mx\/index.php\/2022\/12\/26\/fin-pandemia-coronavirus\/\" \/>\n<meta property=\"og:locale\" content=\"es_MX\" \/>\n<meta property=\"og:type\" content=\"article\" \/>\n<meta property=\"og:title\" content=\"Un experto vir\u00f3logo alem\u00e1n apunta al fin de la pandemia de coronavirus y apunta a una enfermedad \u201cend\u00e9mica\u201d |\" \/>\n<meta property=\"og:description\" content=\"Christian Drosten, jefe de virolog\u00eda del hospital Charit\u00e9 de la capital de Berl\u00edn, se\u00f1ala que la pandemia de coronavirus podr\u00eda haber llegado a su fin.\" \/>\n<meta property=\"og:url\" content=\"https:\/\/conexionnacional.mx\/index.php\/2022\/12\/26\/fin-pandemia-coronavirus\/\" \/>\n<meta property=\"og:site_name\" content=\"Conexi\u00f3n Nacional\" \/>\n<meta property=\"article:publisher\" content=\"https:\/\/www.facebook.com\/cnmxradio\" \/>\n<meta property=\"article:published_time\" content=\"2022-12-26T23:00:00+00:00\" \/>\n<meta property=\"og:image\" content=\"https:\/\/conexionnacional.mx\/wp-content\/uploads\/2022\/12\/Un-experto-virologo-aleman-apunta-al-fin-de-la-pandemia-CN.jpg\" \/>\n\t<meta property=\"og:image:width\" content=\"1000\" \/>\n\t<meta property=\"og:image:height\" content=\"600\" \/>\n\t<meta property=\"og:image:type\" content=\"image\/jpeg\" \/>\n<meta name=\"author\" content=\"Conexi\u00f3n Nacional\" \/>\n<meta name=\"twitter:card\" content=\"summary_large_image\" \/>\n<meta name=\"twitter:label1\" content=\"Escrito por\" \/>\n\t<meta name=\"twitter:data1\" content=\"Conexi\u00f3n Nacional\" \/>\n\t<meta name=\"twitter:label2\" content=\"Tiempo de lectura\" \/>\n\t<meta name=\"twitter:data2\" content=\"2 minutos\" \/>\n<script type=\"application\/ld+json\" class=\"yoast-schema-graph\">{\"@context\":\"https:\\\/\\\/schema.org\",\"@graph\":[{\"@type\":\"Article\",\"@id\":\"https:\\\/\\\/conexionnacional.mx\\\/index.php\\\/2022\\\/12\\\/26\\\/fin-pandemia-coronavirus\\\/#article\",\"isPartOf\":{\"@id\":\"https:\\\/\\\/conexionnacional.mx\\\/index.php\\\/2022\\\/12\\\/26\\\/fin-pandemia-coronavirus\\\/\"},\"author\":{\"name\":\"Conexi\u00f3n Nacional\",\"@id\":\"https:\\\/\\\/conexionnacional.mx\\\/#\\\/schema\\\/person\\\/dd14aeda902120f5e0e021903fdb6931\"},\"headline\":\"Un experto vir\u00f3logo alem\u00e1n apunta al fin de la pandemia de coronavirus y apunta a una enfermedad \u201cend\u00e9mica\u201d\",\"datePublished\":\"2022-12-26T23:00:00+00:00\",\"mainEntityOfPage\":{\"@id\":\"https:\\\/\\\/conexionnacional.mx\\\/index.php\\\/2022\\\/12\\\/26\\\/fin-pandemia-coronavirus\\\/\"},\"wordCount\":387,\"publisher\":{\"@id\":\"https:\\\/\\\/conexionnacional.mx\\\/#organization\"},\"image\":{\"@id\":\"https:\\\/\\\/conexionnacional.mx\\\/index.php\\\/2022\\\/12\\\/26\\\/fin-pandemia-coronavirus\\\/#primaryimage\"},\"thumbnailUrl\":\"https:\\\/\\\/conexionnacional.mx\\\/wp-content\\\/uploads\\\/2022\\\/12\\\/Un-experto-virologo-aleman-apunta-al-fin-de-la-pandemia-CN.jpg\",\"keywords\":[\"coronavirus\",\"enfermedad end\u00e9mica\",\"experto\",\"pandemia\"],\"articleSection\":[\"Salud\"],\"inLanguage\":\"es\"},{\"@type\":\"WebPage\",\"@id\":\"https:\\\/\\\/conexionnacional.mx\\\/index.php\\\/2022\\\/12\\\/26\\\/fin-pandemia-coronavirus\\\/\",\"url\":\"https:\\\/\\\/conexionnacional.mx\\\/index.php\\\/2022\\\/12\\\/26\\\/fin-pandemia-coronavirus\\\/\",\"name\":\"Un experto vir\u00f3logo alem\u00e1n apunta al fin de la pandemia de coronavirus y apunta a una enfermedad \u201cend\u00e9mica\u201d |\",\"isPartOf\":{\"@id\":\"https:\\\/\\\/conexionnacional.mx\\\/#website\"},\"primaryImageOfPage\":{\"@id\":\"https:\\\/\\\/conexionnacional.mx\\\/index.php\\\/2022\\\/12\\\/26\\\/fin-pandemia-coronavirus\\\/#primaryimage\"},\"image\":{\"@id\":\"https:\\\/\\\/conexionnacional.mx\\\/index.php\\\/2022\\\/12\\\/26\\\/fin-pandemia-coronavirus\\\/#primaryimage\"},\"thumbnailUrl\":\"https:\\\/\\\/conexionnacional.mx\\\/wp-content\\\/uploads\\\/2022\\\/12\\\/Un-experto-virologo-aleman-apunta-al-fin-de-la-pandemia-CN.jpg\",\"datePublished\":\"2022-12-26T23:00:00+00:00\",\"description\":\"Christian Drosten, jefe de virolog\u00eda del hospital Charit\u00e9 de la capital de Berl\u00edn, se\u00f1ala que la pandemia de coronavirus podr\u00eda haber llegado a su fin.\",\"breadcrumb\":{\"@id\":\"https:\\\/\\\/conexionnacional.mx\\\/index.php\\\/2022\\\/12\\\/26\\\/fin-pandemia-coronavirus\\\/#breadcrumb\"},\"inLanguage\":\"es\",\"potentialAction\":[{\"@type\":\"ReadAction\",\"target\":[\"https:\\\/\\\/conexionnacional.mx\\\/index.php\\\/2022\\\/12\\\/26\\\/fin-pandemia-coronavirus\\\/\"]}]},{\"@type\":\"ImageObject\",\"inLanguage\":\"es\",\"@id\":\"https:\\\/\\\/conexionnacional.mx\\\/index.php\\\/2022\\\/12\\\/26\\\/fin-pandemia-coronavirus\\\/#primaryimage\",\"url\":\"https:\\\/\\\/conexionnacional.mx\\\/wp-content\\\/uploads\\\/2022\\\/12\\\/Un-experto-virologo-aleman-apunta-al-fin-de-la-pandemia-CN.jpg\",\"contentUrl\":\"https:\\\/\\\/conexionnacional.mx\\\/wp-content\\\/uploads\\\/2022\\\/12\\\/Un-experto-virologo-aleman-apunta-al-fin-de-la-pandemia-CN.jpg\",\"width\":1000,\"height\":600,\"caption\":\"fin de la pandemia de coronavirus\"},{\"@type\":\"BreadcrumbList\",\"@id\":\"https:\\\/\\\/conexionnacional.mx\\\/index.php\\\/2022\\\/12\\\/26\\\/fin-pandemia-coronavirus\\\/#breadcrumb\",\"itemListElement\":[{\"@type\":\"ListItem\",\"position\":1,\"name\":\"Inicio\",\"item\":\"https:\\\/\\\/conexionnacional.mx\\\/\"},{\"@type\":\"ListItem\",\"position\":2,\"name\":\"Un experto vir\u00f3logo alem\u00e1n apunta al fin de la pandemia de coronavirus y apunta a una enfermedad \u201cend\u00e9mica\u201d\"}]},{\"@type\":\"WebSite\",\"@id\":\"https:\\\/\\\/conexionnacional.mx\\\/#website\",\"url\":\"https:\\\/\\\/conexionnacional.mx\\\/\",\"name\":\"Conexi\u00f3n Nacional\",\"description\":\"Noticias al momento\",\"publisher\":{\"@id\":\"https:\\\/\\\/conexionnacional.mx\\\/#organization\"},\"alternateName\":\"Noticias nacionales\",\"potentialAction\":[{\"@type\":\"SearchAction\",\"target\":{\"@type\":\"EntryPoint\",\"urlTemplate\":\"https:\\\/\\\/conexionnacional.mx\\\/?s={search_term_string}\"},\"query-input\":{\"@type\":\"PropertyValueSpecification\",\"valueRequired\":true,\"valueName\":\"search_term_string\"}}],\"inLanguage\":\"es\"},{\"@type\":\"Organization\",\"@id\":\"https:\\\/\\\/conexionnacional.mx\\\/#organization\",\"name\":\"Conexi\u00f3n Nacional\",\"url\":\"https:\\\/\\\/conexionnacional.mx\\\/\",\"logo\":{\"@type\":\"ImageObject\",\"inLanguage\":\"es\",\"@id\":\"https:\\\/\\\/conexionnacional.mx\\\/#\\\/schema\\\/logo\\\/image\\\/\",\"url\":\"https:\\\/\\\/conexionnacional.mx\\\/wp-content\\\/uploads\\\/2022\\\/09\\\/conexion_nacional.png\",\"contentUrl\":\"https:\\\/\\\/conexionnacional.mx\\\/wp-content\\\/uploads\\\/2022\\\/09\\\/conexion_nacional.png\",\"width\":2964,\"height\":1173,\"caption\":\"Conexi\u00f3n Nacional\"},\"image\":{\"@id\":\"https:\\\/\\\/conexionnacional.mx\\\/#\\\/schema\\\/logo\\\/image\\\/\"},\"sameAs\":[\"https:\\\/\\\/www.facebook.com\\\/cnmxradio\"]},{\"@type\":\"Person\",\"@id\":\"https:\\\/\\\/conexionnacional.mx\\\/#\\\/schema\\\/person\\\/dd14aeda902120f5e0e021903fdb6931\",\"name\":\"Conexi\u00f3n Nacional\",\"image\":{\"@type\":\"ImageObject\",\"inLanguage\":\"es\",\"@id\":\"https:\\\/\\\/secure.gravatar.com\\\/avatar\\\/e523100f284110b2ecca7e17b2be9cf140a5e8f35294c9ec0543e6916cc1f9be?s=96&d=blank&r=g\",\"url\":\"https:\\\/\\\/secure.gravatar.com\\\/avatar\\\/e523100f284110b2ecca7e17b2be9cf140a5e8f35294c9ec0543e6916cc1f9be?s=96&d=blank&r=g\",\"contentUrl\":\"https:\\\/\\\/secure.gravatar.com\\\/avatar\\\/e523100f284110b2ecca7e17b2be9cf140a5e8f35294c9ec0543e6916cc1f9be?s=96&d=blank&r=g\",\"caption\":\"Conexi\u00f3n Nacional\"},\"sameAs\":[\"https:\\\/\\\/conexionnacional.mx\"],\"url\":\"https:\\\/\\\/conexionnacional.mx\\\/index.php\\\/author\\\/administrador\\\/\"}]}<\/script>\n<!-- \/ Yoast SEO plugin. -->","yoast_head_json":{"title":"Un experto vir\u00f3logo alem\u00e1n apunta al fin de la pandemia de coronavirus y apunta a una enfermedad \u201cend\u00e9mica\u201d |","description":"Christian Drosten, jefe de virolog\u00eda del hospital Charit\u00e9 de la capital de Berl\u00edn, se\u00f1ala que la pandemia de coronavirus podr\u00eda haber llegado a su fin.","robots":{"index":"index","follow":"follow","max-snippet":"max-snippet:-1","max-image-preview":"max-image-preview:large","max-video-preview":"max-video-preview:-1"},"canonical":"https:\/\/conexionnacional.mx\/index.php\/2022\/12\/26\/fin-pandemia-coronavirus\/","og_locale":"es_MX","og_type":"article","og_title":"Un experto vir\u00f3logo alem\u00e1n apunta al fin de la pandemia de coronavirus y apunta a una enfermedad \u201cend\u00e9mica\u201d |","og_description":"Christian Drosten, jefe de virolog\u00eda del hospital Charit\u00e9 de la capital de Berl\u00edn, se\u00f1ala que la pandemia de coronavirus podr\u00eda haber llegado a su fin.","og_url":"https:\/\/conexionnacional.mx\/index.php\/2022\/12\/26\/fin-pandemia-coronavirus\/","og_site_name":"Conexi\u00f3n Nacional","article_publisher":"https:\/\/www.facebook.com\/cnmxradio","article_published_time":"2022-12-26T23:00:00+00:00","og_image":[{"width":1000,"height":600,"url":"https:\/\/conexionnacional.mx\/wp-content\/uploads\/2022\/12\/Un-experto-virologo-aleman-apunta-al-fin-de-la-pandemia-CN.jpg","type":"image\/jpeg"}],"author":"Conexi\u00f3n Nacional","twitter_card":"summary_large_image","twitter_misc":{"Escrito por":"Conexi\u00f3n Nacional","Tiempo de lectura":"2 minutos"},"schema":{"@context":"https:\/\/schema.org","@graph":[{"@type":"Article","@id":"https:\/\/conexionnacional.mx\/index.php\/2022\/12\/26\/fin-pandemia-coronavirus\/#article","isPartOf":{"@id":"https:\/\/conexionnacional.mx\/index.php\/2022\/12\/26\/fin-pandemia-coronavirus\/"},"author":{"name":"Conexi\u00f3n Nacional","@id":"https:\/\/conexionnacional.mx\/#\/schema\/person\/dd14aeda902120f5e0e021903fdb6931"},"headline":"Un experto vir\u00f3logo alem\u00e1n apunta al fin de la pandemia de coronavirus y apunta a una enfermedad \u201cend\u00e9mica\u201d","datePublished":"2022-12-26T23:00:00+00:00","mainEntityOfPage":{"@id":"https:\/\/conexionnacional.mx\/index.php\/2022\/12\/26\/fin-pandemia-coronavirus\/"},"wordCount":387,"publisher":{"@id":"https:\/\/conexionnacional.mx\/#organization"},"image":{"@id":"https:\/\/conexionnacional.mx\/index.php\/2022\/12\/26\/fin-pandemia-coronavirus\/#primaryimage"},"thumbnailUrl":"https:\/\/conexionnacional.mx\/wp-content\/uploads\/2022\/12\/Un-experto-virologo-aleman-apunta-al-fin-de-la-pandemia-CN.jpg","keywords":["coronavirus","enfermedad end\u00e9mica","experto","pandemia"],"articleSection":["Salud"],"inLanguage":"es"},{"@type":"WebPage","@id":"https:\/\/conexionnacional.mx\/index.php\/2022\/12\/26\/fin-pandemia-coronavirus\/","url":"https:\/\/conexionnacional.mx\/index.php\/2022\/12\/26\/fin-pandemia-coronavirus\/","name":"Un experto vir\u00f3logo alem\u00e1n apunta al fin de la pandemia de coronavirus y apunta a una enfermedad \u201cend\u00e9mica\u201d |","isPartOf":{"@id":"https:\/\/conexionnacional.mx\/#website"},"primaryImageOfPage":{"@id":"https:\/\/conexionnacional.mx\/index.php\/2022\/12\/26\/fin-pandemia-coronavirus\/#primaryimage"},"image":{"@id":"https:\/\/conexionnacional.mx\/index.php\/2022\/12\/26\/fin-pandemia-coronavirus\/#primaryimage"},"thumbnailUrl":"https:\/\/conexionnacional.mx\/wp-content\/uploads\/2022\/12\/Un-experto-virologo-aleman-apunta-al-fin-de-la-pandemia-CN.jpg","datePublished":"2022-12-26T23:00:00+00:00","description":"Christian Drosten, jefe de virolog\u00eda del hospital Charit\u00e9 de la capital de Berl\u00edn, se\u00f1ala que la pandemia de coronavirus podr\u00eda haber llegado a su fin.","breadcrumb":{"@id":"https:\/\/conexionnacional.mx\/index.php\/2022\/12\/26\/fin-pandemia-coronavirus\/#breadcrumb"},"inLanguage":"es","potentialAction":[{"@type":"ReadAction","target":["https:\/\/conexionnacional.mx\/index.php\/2022\/12\/26\/fin-pandemia-coronavirus\/"]}]},{"@type":"ImageObject","inLanguage":"es","@id":"https:\/\/conexionnacional.mx\/index.php\/2022\/12\/26\/fin-pandemia-coronavirus\/#primaryimage","url":"https:\/\/conexionnacional.mx\/wp-content\/uploads\/2022\/12\/Un-experto-virologo-aleman-apunta-al-fin-de-la-pandemia-CN.jpg","contentUrl":"https:\/\/conexionnacional.mx\/wp-content\/uploads\/2022\/12\/Un-experto-virologo-aleman-apunta-al-fin-de-la-pandemia-CN.jpg","width":1000,"height":600,"caption":"fin de la pandemia de coronavirus"},{"@type":"BreadcrumbList","@id":"https:\/\/conexionnacional.mx\/index.php\/2022\/12\/26\/fin-pandemia-coronavirus\/#breadcrumb","itemListElement":[{"@type":"ListItem","position":1,"name":"Inicio","item":"https:\/\/conexionnacional.mx\/"},{"@type":"ListItem","position":2,"name":"Un experto vir\u00f3logo alem\u00e1n apunta al fin de la pandemia de coronavirus y apunta a una enfermedad \u201cend\u00e9mica\u201d"}]},{"@type":"WebSite","@id":"https:\/\/conexionnacional.mx\/#website","url":"https:\/\/conexionnacional.mx\/","name":"Conexi\u00f3n Nacional","description":"Noticias al momento","publisher":{"@id":"https:\/\/conexionnacional.mx\/#organization"},"alternateName":"Noticias nacionales","potentialAction":[{"@type":"SearchAction","target":{"@type":"EntryPoint","urlTemplate":"https:\/\/conexionnacional.mx\/?s={search_term_string}"},"query-input":{"@type":"PropertyValueSpecification","valueRequired":true,"valueName":"search_term_string"}}],"inLanguage":"es"},{"@type":"Organization","@id":"https:\/\/conexionnacional.mx\/#organization","name":"Conexi\u00f3n Nacional","url":"https:\/\/conexionnacional.mx\/","logo":{"@type":"ImageObject","inLanguage":"es","@id":"https:\/\/conexionnacional.mx\/#\/schema\/logo\/image\/","url":"https:\/\/conexionnacional.mx\/wp-content\/uploads\/2022\/09\/conexion_nacional.png","contentUrl":"https:\/\/conexionnacional.mx\/wp-content\/uploads\/2022\/09\/conexion_nacional.png","width":2964,"height":1173,"caption":"Conexi\u00f3n Nacional"},"image":{"@id":"https:\/\/conexionnacional.mx\/#\/schema\/logo\/image\/"},"sameAs":["https:\/\/www.facebook.com\/cnmxradio"]},{"@type":"Person","@id":"https:\/\/conexionnacional.mx\/#\/schema\/person\/dd14aeda902120f5e0e021903fdb6931","name":"Conexi\u00f3n Nacional","image":{"@type":"ImageObject","inLanguage":"es","@id":"https:\/\/secure.gravatar.com\/avatar\/e523100f284110b2ecca7e17b2be9cf140a5e8f35294c9ec0543e6916cc1f9be?s=96&d=blank&r=g","url":"https:\/\/secure.gravatar.com\/avatar\/e523100f284110b2ecca7e17b2be9cf140a5e8f35294c9ec0543e6916cc1f9be?s=96&d=blank&r=g","contentUrl":"https:\/\/secure.gravatar.com\/avatar\/e523100f284110b2ecca7e17b2be9cf140a5e8f35294c9ec0543e6916cc1f9be?s=96&d=blank&r=g","caption":"Conexi\u00f3n Nacional"},"sameAs":["https:\/\/conexionnacional.mx"],"url":"https:\/\/conexionnacional.mx\/index.php\/author\/administrador\/"}]}},"_links":{"self":[{"href":"https:\/\/conexionnacional.mx\/index.php\/wp-json\/wp\/v2\/posts\/5906","targetHints":{"allow":["GET"]}}],"collection":[{"href":"https:\/\/conexionnacional.mx\/index.php\/wp-json\/wp\/v2\/posts"}],"about":[{"href":"https:\/\/conexionnacional.mx\/index.php\/wp-json\/wp\/v2\/types\/post"}],"author":[{"embeddable":true,"href":"https:\/\/conexionnacional.mx\/index.php\/wp-json\/wp\/v2\/users\/1"}],"replies":[{"embeddable":true,"href":"https:\/\/conexionnacional.mx\/index.php\/wp-json\/wp\/v2\/comments?post=5906"}],"version-history":[{"count":1,"href":"https:\/\/conexionnacional.mx\/index.php\/wp-json\/wp\/v2\/posts\/5906\/revisions"}],"predecessor-version":[{"id":5908,"href":"https:\/\/conexionnacional.mx\/index.php\/wp-json\/wp\/v2\/posts\/5906\/revisions\/5908"}],"wp:featuredmedia":[{"embeddable":true,"href":"https:\/\/conexionnacional.mx\/index.php\/wp-json\/wp\/v2\/media\/5907"}],"wp:attachment":[{"href":"https:\/\/conexionnacional.mx\/index.php\/wp-json\/wp\/v2\/media?parent=5906"}],"wp:term":[{"taxonomy":"category","embeddable":true,"href":"https:\/\/conexionnacional.mx\/index.php\/wp-json\/wp\/v2\/categories?post=5906"},{"taxonomy":"post_tag","embeddable":true,"href":"https:\/\/conexionnacional.mx\/index.php\/wp-json\/wp\/v2\/tags?post=5906"}],"curies":[{"name":"wp","href":"https:\/\/api.w.org\/{rel}","templated":true}]}}