{"id":5860,"date":"2022-12-25T12:00:00","date_gmt":"2022-12-25T18:00:00","guid":{"rendered":"https:\/\/conexionnacional.mx\/?p=5860"},"modified":"2022-12-25T12:10:24","modified_gmt":"2022-12-25T18:10:24","slug":"eeuu-elliot-deja-20-muertos","status":"publish","type":"post","link":"https:\/\/conexionnacional.mx\/index.php\/2022\/12\/25\/eeuu-elliot-deja-20-muertos\/","title":{"rendered":"<strong>En EEUU la tormenta invernal Elliot, deja un saldo de 20 muertos por bajas temperaturas<\/strong>"},"content":{"rendered":"\n<p>Por: <a href=\"https:\/\/www.cydnoticias.mx\/2022\/12\/25\/eeuu-elliot-deja-20-muertos\/\">Dulce Garc\u00eda | cydnoticias.mx<\/a> |<\/p>\n\n\n\n<p>Este domingo en los Estados Unidos (EEUU), la congelante tormenta invernal Elliot comenz\u00f3 a remitir, aunque todav\u00eda mantiene al pa\u00eds con bajas temperaturas, mismas que han generado que al menos 20 personas fallecieron por el temporal, muchas de ellas al quedar atrapadas en sus veh\u00edculos durante la tormenta de nieve o en accidentes en carreteras.<\/p>\n\n\n\n<figure class=\"wp-block-embed is-type-rich is-provider-twitter wp-block-embed-twitter\"><div class=\"wp-block-embed__wrapper\">\n<blockquote class=\"twitter-tweet\" data-width=\"550\" data-dnt=\"true\"><p lang=\"es\" dir=\"ltr\">\u2744\ufe0f\u00a1Disminuye!\u2744\ufe0f<br><br>La tormenta invernal <a href=\"https:\/\/twitter.com\/hashtag\/Elliot?src=hash&amp;ref_src=twsrc%5Etfw\">#Elliot<\/a> comenz\u00f3 a remitir este domingo, aunque todav\u00eda mantiene al pa\u00eds sumido en bajas <a href=\"https:\/\/twitter.com\/hashtag\/temperaturas?src=hash&amp;ref_src=twsrc%5Etfw\">#temperaturas<\/a> y con algunos estragos en aeropuertos y carreteras.<a href=\"https:\/\/twitter.com\/hashtag\/ElNuevoDiarioRD?src=hash&amp;ref_src=twsrc%5Etfw\">#ElNuevoDiarioRD<\/a> <a href=\"https:\/\/twitter.com\/hashtag\/TormentaInvernal?src=hash&amp;ref_src=twsrc%5Etfw\">#TormentaInvernal<\/a> <a href=\"https:\/\/t.co\/Bcor0Qnjxb\">pic.twitter.com\/Bcor0Qnjxb<\/a><\/p>&mdash; El Nuevo Diario (@elnuevodiariord) <a href=\"https:\/\/twitter.com\/elnuevodiariord\/status\/1607034105287573505?ref_src=twsrc%5Etfw\">December 25, 2022<\/a><\/blockquote><script async src=\"https:\/\/platform.twitter.com\/widgets.js\" charset=\"utf-8\"><\/script>\n<\/div><\/figure>\n\n\n\n<p>El servicio meteorol\u00f3gico nacional (NWS), pronostic\u00f3 que el frente \u00e1rtico avanza lentamente hacia el este mientras se debilita, y a su paso, deja bajas temperaturas y nevadas.<\/p>\n\n\n\n<figure class=\"wp-block-embed is-type-rich is-provider-twitter wp-block-embed-twitter\"><div class=\"wp-block-embed__wrapper\">\n<blockquote class=\"twitter-tweet\" data-width=\"550\" data-dnt=\"true\"><p lang=\"es\" dir=\"ltr\">La tormenta invernal Elliot, que ha afectado a <a href=\"https:\/\/twitter.com\/hashtag\/EEUU?src=hash&amp;ref_src=twsrc%5Etfw\">#EEUU<\/a> en plenas festividades, comenz\u00f3 a perder fuerza este domingo, pero todav\u00eda tiene al pa\u00eds con bajas temperaturas. <br><br>Seg\u00fan el Servicio Meteorol\u00f3gico Nacional, unas 190 mil personas est\u00e1n bajo alerta de nieve en Nueva York. <a href=\"https:\/\/twitter.com\/hashtag\/TCSN?src=hash&amp;ref_src=twsrc%5Etfw\">#TCSN<\/a> <a href=\"https:\/\/t.co\/WNFhxdM76C\">pic.twitter.com\/WNFhxdM76C<\/a><\/p>&mdash; TCS NOTICIAS (@tcsnoticias) <a href=\"https:\/\/twitter.com\/tcsnoticias\/status\/1607048991274835968?ref_src=twsrc%5Etfw\">December 25, 2022<\/a><\/blockquote><script async src=\"https:\/\/platform.twitter.com\/widgets.js\" charset=\"utf-8\"><\/script>\n<\/div><\/figure>\n\n\n\n<p>Los estragos de Elliot todav\u00eda se sienten en los aeropuertos, donde fueron cancelados 2 mil 800 vuelos en este domingo de Navidad, seg\u00fan datos del portal Flight Aware, que tambi\u00e9n se\u00f1al\u00f3 que permanecen cerrados los aeropuertos de Milwaukee (Wisconsin) y de B\u00fafalo (Nueva York).<\/p>\n\n\n\n<figure class=\"wp-block-embed is-type-rich is-provider-twitter wp-block-embed-twitter\"><div class=\"wp-block-embed__wrapper\">\n<blockquote class=\"twitter-tweet\" data-width=\"550\" data-dnt=\"true\"><p lang=\"es\" dir=\"ltr\">Temperaturas de -40\u00ba C en EE. UU. <br><br>Miles de vuelos navide\u00f1os fueron suspendidos por la gran tormenta invernal Elliot. Nueva York, Oklahoma, Kentucky, Georgia y Carolina del Norte declararon el estado de emergencia. <a href=\"https:\/\/t.co\/8zfv1qb7AS\">pic.twitter.com\/8zfv1qb7AS<\/a><\/p>&mdash; Tribuna Digital7 (@TribunaLibreES) <a href=\"https:\/\/twitter.com\/TribunaLibreES\/status\/1606297293493133312?ref_src=twsrc%5Etfw\">December 23, 2022<\/a><\/blockquote><script async src=\"https:\/\/platform.twitter.com\/widgets.js\" charset=\"utf-8\"><\/script>\n<\/div><\/figure>\n\n\n\n<p>El servicio el\u00e9ctrico, afectado por los fuertes vientos, las nevadas y la alta demanda, ya ha sido restablecido en buena parte de Estados Unidos, donde quedan 260 mil usuarios a oscuras, entre hogares y negocios, y al menos 200 millones de personas, el 60 % de la poblaci\u00f3n, han estado bajo alguna alerta por el clima.<\/p>\n\n\n\n<figure class=\"wp-block-embed is-type-wp-embed is-provider-claro-y-directo-mx wp-block-embed-claro-y-directo-mx\"><div class=\"wp-block-embed__wrapper\">\nhttps:\/\/www.cydnoticias.mx\/2022\/12\/24\/helada-navidad-en-eeuu\/\n<\/div><\/figure>\n\n\n\n<p>Con informaci\u00f3n de: <a href=\"https:\/\/www.cydnoticias.mx\/\">Claro y DirectoMx<\/a>.<\/p>\n","protected":false},"excerpt":{"rendered":"<p>Por: Dulce Garc\u00eda | cydnoticias.mx | Este domingo en los Estados Unidos (EEUU), la congelante tormenta invernal Elliot comenz\u00f3 a remitir, aunque todav\u00eda mantiene al pa\u00eds con bajas temperaturas, mismas que han generado que al menos 20 personas fallecieron por el temporal, muchas de ellas al quedar atrapadas en sus veh\u00edculos durante la tormenta de [&hellip;]<\/p>\n","protected":false},"author":1,"featured_media":5861,"comment_status":"closed","ping_status":"closed","sticky":false,"template":"","format":"aside","meta":{"googlesitekit_rrm_CAowytPeCw:productID":"","footnotes":""},"categories":[8],"tags":[2268,339,3008,2336],"class_list":["post-5860","post","type-post","status-publish","format-aside","has-post-thumbnail","hentry","category-internacional","tag-bajas-temperaturas","tag-eeuu","tag-elliot","tag-muertos","post_format-post-format-aside"],"yoast_head":"<!-- This site is optimized with the Yoast SEO plugin v27.5 - https:\/\/yoast.com\/product\/yoast-seo-wordpress\/ -->\n<title>En EEUU la tormenta invernal Elliot, deja un saldo de 20 muertos por bajas temperaturas |<\/title>\n<meta name=\"description\" content=\"EEUU, Elliot, todav\u00eda mantiene al pa\u00eds con bajas temperaturas, mismas que han generado que al menos 20 personas fallecieron.\" \/>\n<meta name=\"robots\" content=\"index, follow, max-snippet:-1, max-image-preview:large, max-video-preview:-1\" \/>\n<link rel=\"canonical\" href=\"https:\/\/conexionnacional.mx\/index.php\/2022\/12\/25\/eeuu-elliot-deja-20-muertos\/\" \/>\n<meta property=\"og:locale\" content=\"es_MX\" \/>\n<meta property=\"og:type\" content=\"article\" \/>\n<meta property=\"og:title\" content=\"En EEUU la tormenta invernal Elliot, deja un saldo de 20 muertos por bajas temperaturas |\" \/>\n<meta property=\"og:description\" content=\"EEUU, Elliot, todav\u00eda mantiene al pa\u00eds con bajas temperaturas, mismas que han generado que al menos 20 personas fallecieron.\" \/>\n<meta property=\"og:url\" content=\"https:\/\/conexionnacional.mx\/index.php\/2022\/12\/25\/eeuu-elliot-deja-20-muertos\/\" \/>\n<meta property=\"og:site_name\" content=\"Conexi\u00f3n Nacional\" \/>\n<meta property=\"article:publisher\" content=\"https:\/\/www.facebook.com\/cnmxradio\" \/>\n<meta property=\"article:published_time\" content=\"2022-12-25T18:00:00+00:00\" \/>\n<meta property=\"article:modified_time\" content=\"2022-12-25T18:10:24+00:00\" \/>\n<meta property=\"og:image\" content=\"https:\/\/conexionnacional.mx\/wp-content\/uploads\/2022\/12\/EEUU-Elliot-deja-20-muertos-CN.jpg\" \/>\n\t<meta property=\"og:image:width\" content=\"1000\" \/>\n\t<meta property=\"og:image:height\" content=\"600\" \/>\n\t<meta property=\"og:image:type\" content=\"image\/jpeg\" \/>\n<meta name=\"author\" content=\"Conexi\u00f3n Nacional\" \/>\n<meta name=\"twitter:card\" content=\"summary_large_image\" \/>\n<meta name=\"twitter:label1\" content=\"Escrito por\" \/>\n\t<meta name=\"twitter:data1\" content=\"Conexi\u00f3n Nacional\" \/>\n\t<meta name=\"twitter:label2\" content=\"Tiempo de lectura\" \/>\n\t<meta name=\"twitter:data2\" content=\"1 minuto\" \/>\n<script type=\"application\/ld+json\" class=\"yoast-schema-graph\">{\"@context\":\"https:\\\/\\\/schema.org\",\"@graph\":[{\"@type\":\"Article\",\"@id\":\"https:\\\/\\\/conexionnacional.mx\\\/index.php\\\/2022\\\/12\\\/25\\\/eeuu-elliot-deja-20-muertos\\\/#article\",\"isPartOf\":{\"@id\":\"https:\\\/\\\/conexionnacional.mx\\\/index.php\\\/2022\\\/12\\\/25\\\/eeuu-elliot-deja-20-muertos\\\/\"},\"author\":{\"name\":\"Conexi\u00f3n Nacional\",\"@id\":\"https:\\\/\\\/conexionnacional.mx\\\/#\\\/schema\\\/person\\\/dd14aeda902120f5e0e021903fdb6931\"},\"headline\":\"En EEUU la tormenta invernal Elliot, deja un saldo de 20 muertos por bajas temperaturas\",\"datePublished\":\"2022-12-25T18:00:00+00:00\",\"dateModified\":\"2022-12-25T18:10:24+00:00\",\"mainEntityOfPage\":{\"@id\":\"https:\\\/\\\/conexionnacional.mx\\\/index.php\\\/2022\\\/12\\\/25\\\/eeuu-elliot-deja-20-muertos\\\/\"},\"wordCount\":254,\"publisher\":{\"@id\":\"https:\\\/\\\/conexionnacional.mx\\\/#organization\"},\"image\":{\"@id\":\"https:\\\/\\\/conexionnacional.mx\\\/index.php\\\/2022\\\/12\\\/25\\\/eeuu-elliot-deja-20-muertos\\\/#primaryimage\"},\"thumbnailUrl\":\"https:\\\/\\\/conexionnacional.mx\\\/wp-content\\\/uploads\\\/2022\\\/12\\\/EEUU-Elliot-deja-20-muertos-CN.jpg\",\"keywords\":[\"bajas temperaturas\",\"EEUU\",\"Elliot\",\"muertos\"],\"articleSection\":[\"Internacional\"],\"inLanguage\":\"es\"},{\"@type\":\"WebPage\",\"@id\":\"https:\\\/\\\/conexionnacional.mx\\\/index.php\\\/2022\\\/12\\\/25\\\/eeuu-elliot-deja-20-muertos\\\/\",\"url\":\"https:\\\/\\\/conexionnacional.mx\\\/index.php\\\/2022\\\/12\\\/25\\\/eeuu-elliot-deja-20-muertos\\\/\",\"name\":\"En EEUU la tormenta invernal Elliot, deja un saldo de 20 muertos por bajas temperaturas |\",\"isPartOf\":{\"@id\":\"https:\\\/\\\/conexionnacional.mx\\\/#website\"},\"primaryImageOfPage\":{\"@id\":\"https:\\\/\\\/conexionnacional.mx\\\/index.php\\\/2022\\\/12\\\/25\\\/eeuu-elliot-deja-20-muertos\\\/#primaryimage\"},\"image\":{\"@id\":\"https:\\\/\\\/conexionnacional.mx\\\/index.php\\\/2022\\\/12\\\/25\\\/eeuu-elliot-deja-20-muertos\\\/#primaryimage\"},\"thumbnailUrl\":\"https:\\\/\\\/conexionnacional.mx\\\/wp-content\\\/uploads\\\/2022\\\/12\\\/EEUU-Elliot-deja-20-muertos-CN.jpg\",\"datePublished\":\"2022-12-25T18:00:00+00:00\",\"dateModified\":\"2022-12-25T18:10:24+00:00\",\"description\":\"EEUU, Elliot, todav\u00eda mantiene al pa\u00eds con bajas temperaturas, mismas que han generado que al menos 20 personas fallecieron.\",\"breadcrumb\":{\"@id\":\"https:\\\/\\\/conexionnacional.mx\\\/index.php\\\/2022\\\/12\\\/25\\\/eeuu-elliot-deja-20-muertos\\\/#breadcrumb\"},\"inLanguage\":\"es\",\"potentialAction\":[{\"@type\":\"ReadAction\",\"target\":[\"https:\\\/\\\/conexionnacional.mx\\\/index.php\\\/2022\\\/12\\\/25\\\/eeuu-elliot-deja-20-muertos\\\/\"]}]},{\"@type\":\"ImageObject\",\"inLanguage\":\"es\",\"@id\":\"https:\\\/\\\/conexionnacional.mx\\\/index.php\\\/2022\\\/12\\\/25\\\/eeuu-elliot-deja-20-muertos\\\/#primaryimage\",\"url\":\"https:\\\/\\\/conexionnacional.mx\\\/wp-content\\\/uploads\\\/2022\\\/12\\\/EEUU-Elliot-deja-20-muertos-CN.jpg\",\"contentUrl\":\"https:\\\/\\\/conexionnacional.mx\\\/wp-content\\\/uploads\\\/2022\\\/12\\\/EEUU-Elliot-deja-20-muertos-CN.jpg\",\"width\":1000,\"height\":600,\"caption\":\"EEUU la tormenta invernal Elliot, deja un saldo de 20 muertos\"},{\"@type\":\"BreadcrumbList\",\"@id\":\"https:\\\/\\\/conexionnacional.mx\\\/index.php\\\/2022\\\/12\\\/25\\\/eeuu-elliot-deja-20-muertos\\\/#breadcrumb\",\"itemListElement\":[{\"@type\":\"ListItem\",\"position\":1,\"name\":\"Inicio\",\"item\":\"https:\\\/\\\/conexionnacional.mx\\\/\"},{\"@type\":\"ListItem\",\"position\":2,\"name\":\"En EEUU la tormenta invernal Elliot, deja un saldo de 20 muertos por bajas temperaturas\"}]},{\"@type\":\"WebSite\",\"@id\":\"https:\\\/\\\/conexionnacional.mx\\\/#website\",\"url\":\"https:\\\/\\\/conexionnacional.mx\\\/\",\"name\":\"Conexi\u00f3n Nacional\",\"description\":\"Noticias al momento\",\"publisher\":{\"@id\":\"https:\\\/\\\/conexionnacional.mx\\\/#organization\"},\"alternateName\":\"Noticias nacionales\",\"potentialAction\":[{\"@type\":\"SearchAction\",\"target\":{\"@type\":\"EntryPoint\",\"urlTemplate\":\"https:\\\/\\\/conexionnacional.mx\\\/?s={search_term_string}\"},\"query-input\":{\"@type\":\"PropertyValueSpecification\",\"valueRequired\":true,\"valueName\":\"search_term_string\"}}],\"inLanguage\":\"es\"},{\"@type\":\"Organization\",\"@id\":\"https:\\\/\\\/conexionnacional.mx\\\/#organization\",\"name\":\"Conexi\u00f3n Nacional\",\"url\":\"https:\\\/\\\/conexionnacional.mx\\\/\",\"logo\":{\"@type\":\"ImageObject\",\"inLanguage\":\"es\",\"@id\":\"https:\\\/\\\/conexionnacional.mx\\\/#\\\/schema\\\/logo\\\/image\\\/\",\"url\":\"https:\\\/\\\/conexionnacional.mx\\\/wp-content\\\/uploads\\\/2022\\\/09\\\/conexion_nacional.png\",\"contentUrl\":\"https:\\\/\\\/conexionnacional.mx\\\/wp-content\\\/uploads\\\/2022\\\/09\\\/conexion_nacional.png\",\"width\":2964,\"height\":1173,\"caption\":\"Conexi\u00f3n Nacional\"},\"image\":{\"@id\":\"https:\\\/\\\/conexionnacional.mx\\\/#\\\/schema\\\/logo\\\/image\\\/\"},\"sameAs\":[\"https:\\\/\\\/www.facebook.com\\\/cnmxradio\"]},{\"@type\":\"Person\",\"@id\":\"https:\\\/\\\/conexionnacional.mx\\\/#\\\/schema\\\/person\\\/dd14aeda902120f5e0e021903fdb6931\",\"name\":\"Conexi\u00f3n Nacional\",\"image\":{\"@type\":\"ImageObject\",\"inLanguage\":\"es\",\"@id\":\"https:\\\/\\\/secure.gravatar.com\\\/avatar\\\/e523100f284110b2ecca7e17b2be9cf140a5e8f35294c9ec0543e6916cc1f9be?s=96&d=blank&r=g\",\"url\":\"https:\\\/\\\/secure.gravatar.com\\\/avatar\\\/e523100f284110b2ecca7e17b2be9cf140a5e8f35294c9ec0543e6916cc1f9be?s=96&d=blank&r=g\",\"contentUrl\":\"https:\\\/\\\/secure.gravatar.com\\\/avatar\\\/e523100f284110b2ecca7e17b2be9cf140a5e8f35294c9ec0543e6916cc1f9be?s=96&d=blank&r=g\",\"caption\":\"Conexi\u00f3n Nacional\"},\"sameAs\":[\"https:\\\/\\\/conexionnacional.mx\"],\"url\":\"https:\\\/\\\/conexionnacional.mx\\\/index.php\\\/author\\\/administrador\\\/\"}]}<\/script>\n<!-- \/ Yoast SEO plugin. -->","yoast_head_json":{"title":"En EEUU la tormenta invernal Elliot, deja un saldo de 20 muertos por bajas temperaturas |","description":"EEUU, Elliot, todav\u00eda mantiene al pa\u00eds con bajas temperaturas, mismas que han generado que al menos 20 personas fallecieron.","robots":{"index":"index","follow":"follow","max-snippet":"max-snippet:-1","max-image-preview":"max-image-preview:large","max-video-preview":"max-video-preview:-1"},"canonical":"https:\/\/conexionnacional.mx\/index.php\/2022\/12\/25\/eeuu-elliot-deja-20-muertos\/","og_locale":"es_MX","og_type":"article","og_title":"En EEUU la tormenta invernal Elliot, deja un saldo de 20 muertos por bajas temperaturas |","og_description":"EEUU, Elliot, todav\u00eda mantiene al pa\u00eds con bajas temperaturas, mismas que han generado que al menos 20 personas fallecieron.","og_url":"https:\/\/conexionnacional.mx\/index.php\/2022\/12\/25\/eeuu-elliot-deja-20-muertos\/","og_site_name":"Conexi\u00f3n Nacional","article_publisher":"https:\/\/www.facebook.com\/cnmxradio","article_published_time":"2022-12-25T18:00:00+00:00","article_modified_time":"2022-12-25T18:10:24+00:00","og_image":[{"width":1000,"height":600,"url":"https:\/\/conexionnacional.mx\/wp-content\/uploads\/2022\/12\/EEUU-Elliot-deja-20-muertos-CN.jpg","type":"image\/jpeg"}],"author":"Conexi\u00f3n Nacional","twitter_card":"summary_large_image","twitter_misc":{"Escrito por":"Conexi\u00f3n Nacional","Tiempo de lectura":"1 minuto"},"schema":{"@context":"https:\/\/schema.org","@graph":[{"@type":"Article","@id":"https:\/\/conexionnacional.mx\/index.php\/2022\/12\/25\/eeuu-elliot-deja-20-muertos\/#article","isPartOf":{"@id":"https:\/\/conexionnacional.mx\/index.php\/2022\/12\/25\/eeuu-elliot-deja-20-muertos\/"},"author":{"name":"Conexi\u00f3n Nacional","@id":"https:\/\/conexionnacional.mx\/#\/schema\/person\/dd14aeda902120f5e0e021903fdb6931"},"headline":"En EEUU la tormenta invernal Elliot, deja un saldo de 20 muertos por bajas temperaturas","datePublished":"2022-12-25T18:00:00+00:00","dateModified":"2022-12-25T18:10:24+00:00","mainEntityOfPage":{"@id":"https:\/\/conexionnacional.mx\/index.php\/2022\/12\/25\/eeuu-elliot-deja-20-muertos\/"},"wordCount":254,"publisher":{"@id":"https:\/\/conexionnacional.mx\/#organization"},"image":{"@id":"https:\/\/conexionnacional.mx\/index.php\/2022\/12\/25\/eeuu-elliot-deja-20-muertos\/#primaryimage"},"thumbnailUrl":"https:\/\/conexionnacional.mx\/wp-content\/uploads\/2022\/12\/EEUU-Elliot-deja-20-muertos-CN.jpg","keywords":["bajas temperaturas","EEUU","Elliot","muertos"],"articleSection":["Internacional"],"inLanguage":"es"},{"@type":"WebPage","@id":"https:\/\/conexionnacional.mx\/index.php\/2022\/12\/25\/eeuu-elliot-deja-20-muertos\/","url":"https:\/\/conexionnacional.mx\/index.php\/2022\/12\/25\/eeuu-elliot-deja-20-muertos\/","name":"En EEUU la tormenta invernal Elliot, deja un saldo de 20 muertos por bajas temperaturas |","isPartOf":{"@id":"https:\/\/conexionnacional.mx\/#website"},"primaryImageOfPage":{"@id":"https:\/\/conexionnacional.mx\/index.php\/2022\/12\/25\/eeuu-elliot-deja-20-muertos\/#primaryimage"},"image":{"@id":"https:\/\/conexionnacional.mx\/index.php\/2022\/12\/25\/eeuu-elliot-deja-20-muertos\/#primaryimage"},"thumbnailUrl":"https:\/\/conexionnacional.mx\/wp-content\/uploads\/2022\/12\/EEUU-Elliot-deja-20-muertos-CN.jpg","datePublished":"2022-12-25T18:00:00+00:00","dateModified":"2022-12-25T18:10:24+00:00","description":"EEUU, Elliot, todav\u00eda mantiene al pa\u00eds con bajas temperaturas, mismas que han generado que al menos 20 personas fallecieron.","breadcrumb":{"@id":"https:\/\/conexionnacional.mx\/index.php\/2022\/12\/25\/eeuu-elliot-deja-20-muertos\/#breadcrumb"},"inLanguage":"es","potentialAction":[{"@type":"ReadAction","target":["https:\/\/conexionnacional.mx\/index.php\/2022\/12\/25\/eeuu-elliot-deja-20-muertos\/"]}]},{"@type":"ImageObject","inLanguage":"es","@id":"https:\/\/conexionnacional.mx\/index.php\/2022\/12\/25\/eeuu-elliot-deja-20-muertos\/#primaryimage","url":"https:\/\/conexionnacional.mx\/wp-content\/uploads\/2022\/12\/EEUU-Elliot-deja-20-muertos-CN.jpg","contentUrl":"https:\/\/conexionnacional.mx\/wp-content\/uploads\/2022\/12\/EEUU-Elliot-deja-20-muertos-CN.jpg","width":1000,"height":600,"caption":"EEUU la tormenta invernal Elliot, deja un saldo de 20 muertos"},{"@type":"BreadcrumbList","@id":"https:\/\/conexionnacional.mx\/index.php\/2022\/12\/25\/eeuu-elliot-deja-20-muertos\/#breadcrumb","itemListElement":[{"@type":"ListItem","position":1,"name":"Inicio","item":"https:\/\/conexionnacional.mx\/"},{"@type":"ListItem","position":2,"name":"En EEUU la tormenta invernal Elliot, deja un saldo de 20 muertos por bajas temperaturas"}]},{"@type":"WebSite","@id":"https:\/\/conexionnacional.mx\/#website","url":"https:\/\/conexionnacional.mx\/","name":"Conexi\u00f3n Nacional","description":"Noticias al momento","publisher":{"@id":"https:\/\/conexionnacional.mx\/#organization"},"alternateName":"Noticias nacionales","potentialAction":[{"@type":"SearchAction","target":{"@type":"EntryPoint","urlTemplate":"https:\/\/conexionnacional.mx\/?s={search_term_string}"},"query-input":{"@type":"PropertyValueSpecification","valueRequired":true,"valueName":"search_term_string"}}],"inLanguage":"es"},{"@type":"Organization","@id":"https:\/\/conexionnacional.mx\/#organization","name":"Conexi\u00f3n Nacional","url":"https:\/\/conexionnacional.mx\/","logo":{"@type":"ImageObject","inLanguage":"es","@id":"https:\/\/conexionnacional.mx\/#\/schema\/logo\/image\/","url":"https:\/\/conexionnacional.mx\/wp-content\/uploads\/2022\/09\/conexion_nacional.png","contentUrl":"https:\/\/conexionnacional.mx\/wp-content\/uploads\/2022\/09\/conexion_nacional.png","width":2964,"height":1173,"caption":"Conexi\u00f3n Nacional"},"image":{"@id":"https:\/\/conexionnacional.mx\/#\/schema\/logo\/image\/"},"sameAs":["https:\/\/www.facebook.com\/cnmxradio"]},{"@type":"Person","@id":"https:\/\/conexionnacional.mx\/#\/schema\/person\/dd14aeda902120f5e0e021903fdb6931","name":"Conexi\u00f3n Nacional","image":{"@type":"ImageObject","inLanguage":"es","@id":"https:\/\/secure.gravatar.com\/avatar\/e523100f284110b2ecca7e17b2be9cf140a5e8f35294c9ec0543e6916cc1f9be?s=96&d=blank&r=g","url":"https:\/\/secure.gravatar.com\/avatar\/e523100f284110b2ecca7e17b2be9cf140a5e8f35294c9ec0543e6916cc1f9be?s=96&d=blank&r=g","contentUrl":"https:\/\/secure.gravatar.com\/avatar\/e523100f284110b2ecca7e17b2be9cf140a5e8f35294c9ec0543e6916cc1f9be?s=96&d=blank&r=g","caption":"Conexi\u00f3n Nacional"},"sameAs":["https:\/\/conexionnacional.mx"],"url":"https:\/\/conexionnacional.mx\/index.php\/author\/administrador\/"}]}},"_links":{"self":[{"href":"https:\/\/conexionnacional.mx\/index.php\/wp-json\/wp\/v2\/posts\/5860","targetHints":{"allow":["GET"]}}],"collection":[{"href":"https:\/\/conexionnacional.mx\/index.php\/wp-json\/wp\/v2\/posts"}],"about":[{"href":"https:\/\/conexionnacional.mx\/index.php\/wp-json\/wp\/v2\/types\/post"}],"author":[{"embeddable":true,"href":"https:\/\/conexionnacional.mx\/index.php\/wp-json\/wp\/v2\/users\/1"}],"replies":[{"embeddable":true,"href":"https:\/\/conexionnacional.mx\/index.php\/wp-json\/wp\/v2\/comments?post=5860"}],"version-history":[{"count":1,"href":"https:\/\/conexionnacional.mx\/index.php\/wp-json\/wp\/v2\/posts\/5860\/revisions"}],"predecessor-version":[{"id":5862,"href":"https:\/\/conexionnacional.mx\/index.php\/wp-json\/wp\/v2\/posts\/5860\/revisions\/5862"}],"wp:featuredmedia":[{"embeddable":true,"href":"https:\/\/conexionnacional.mx\/index.php\/wp-json\/wp\/v2\/media\/5861"}],"wp:attachment":[{"href":"https:\/\/conexionnacional.mx\/index.php\/wp-json\/wp\/v2\/media?parent=5860"}],"wp:term":[{"taxonomy":"category","embeddable":true,"href":"https:\/\/conexionnacional.mx\/index.php\/wp-json\/wp\/v2\/categories?post=5860"},{"taxonomy":"post_tag","embeddable":true,"href":"https:\/\/conexionnacional.mx\/index.php\/wp-json\/wp\/v2\/tags?post=5860"}],"curies":[{"name":"wp","href":"https:\/\/api.w.org\/{rel}","templated":true}]}}