{"id":5763,"date":"2022-12-22T17:02:00","date_gmt":"2022-12-22T23:02:00","guid":{"rendered":"https:\/\/conexionnacional.mx\/?p=5763"},"modified":"2022-12-22T16:57:42","modified_gmt":"2022-12-22T22:57:42","slug":"zelenski-viaja-con-biden","status":"publish","type":"post","link":"https:\/\/conexionnacional.mx\/index.php\/2022\/12\/22\/zelenski-viaja-con-biden\/","title":{"rendered":"<strong>Zelenski viaja a Washington para reunirse con Biden y pedir m\u00e1s armas para defenderse de Rusia<\/strong>"},"content":{"rendered":"\n<p>Por: <a href=\"https:\/\/www.radiozitacuaro.com\/archives\/3718\/zelenski-viaja-a-washington-para-reunirse-con-biden-y-pedir-mas-armas-para-defenderse-de-rusia\/\">radiozitacuaro.com<\/a> |&nbsp;<\/p>\n\n\n\n<p>El presidente ucraniano, Volod\u00edmir Zelenski, viaj\u00f3 el mi\u00e9rcoles a Washington para reunirse con su hom\u00f3logo estadounidense, Joe Biden, dirigirse al Congreso y buscar \u201carmas, armas y m\u00e1s armas\u201d en su primer viaje al extranjero desde que Rusia invadi\u00f3 Ucrania hace 300 d\u00edas.<\/p>\n\n\n\n<p>Zelenski dijo que la visita tiene por objeto reforzar la \u201ccapacidad de resistencia y defensa\u201d de Ucrania en medio de los repetidos ataques rusos con misiles y aviones no tripulados contra los suministros de energ\u00eda y agua del pa\u00eds en pleno invierno boreal.<\/p>\n\n\n\n<p>Su asesor pol\u00edtico, Mykhailo Podolyak, dijo que la visita pone de manifiesto el alto grado de confianza entre los dos pa\u00edses y le ofrece la oportunidad de explicar qu\u00e9 armas necesita Kyiv.<\/p>\n\n\n\n<p>\u201cEsto acaba por fin con los intentos de la parte rusa (\u2026) de demostrar un supuesto enfriamiento creciente en nuestras relaciones bilaterales\u201d, coment\u00f3 Podolyak a Reuters. \u201cEsto, por supuesto, ni siquiera est\u00e1 cerca. Estados Unidos apoya de forma inequ\u00edvoca a Ucrania\u201d.<\/p>\n\n\n\n<p>Biden anunciar\u00e1 cerca de 2 mil millones de d\u00f3lares en m\u00e1s ayuda militar para Ucrania que incluir\u00e1 una bater\u00eda de misiles Patriot para ayudarla a defenderse de las andanadas de misiles rusos, dijo un alto funcionario estadounidense.<\/p>\n\n\n\n<p>\u201c\u2026Armas, armas y m\u00e1s armas. Es importante explicar personalmente por qu\u00e9 necesitamos ciertos tipos de armas\u201d, dijo Podolyak. \u201cEn particular, veh\u00edculos blindados, los \u00faltimos sistemas de defensa antimisiles y misiles de largo alcance\u201d.<\/p>\n\n\n\n<p>Se espera que la visita de Zelenski dure varias horas. Se reunir\u00e1 con Biden en la Casa Blanca a las 14:30 horas, participar\u00e1 en una rueda de prensa con su hom\u00f3logo y despu\u00e9s se dirigir\u00e1 al Capitolio para hablar en una sesi\u00f3n conjunta del Senado y la C\u00e1mara de Representantes.<\/p>\n\n\n\n<p>El portavoz de la Casa Blanca, John Kirby, dijo que la diplomacia y las capacidades de defensa encabezar\u00e1n la agenda. \u201cEvidentemente, vamos a asegurarnos de que el presidente Zelenski, cuando abandone este pa\u00eds, sepa que se marcha con el pleno apoyo de Estados Unidos en el futuro\u201d, declar\u00f3 a MSNBC.<\/p>\n\n\n\n<p>El presidente ruso, Vladimir Putin, se mostr\u00f3 desafiante el mi\u00e9rcoles en una reuni\u00f3n de fin de a\u00f1o de los principales jefes de Defensa, afirmando que las fuerzas rusas est\u00e1n luchando como h\u00e9roes en Ucrania, que estar\u00e1n equipadas con armas modernas y que alcanzar\u00e1n todos los objetivos de Mosc\u00fa.<\/p>\n\n\n\n<p>Asimismo, indic\u00f3 que no hay l\u00edmites financieros a lo que el gobierno proporcionar\u00eda en t\u00e9rminos de equipos y material, y que el ej\u00e9rcito debe aprender de los problemas que hab\u00eda sufrido en Ucrania y solucionarlos.<\/p>\n\n\n\n<p>Fuera de la agenda<\/p>\n\n\n\n<p>Biden se ver\u00e1 cara a cara con la persona con quien ha hablado regularmente en los \u00faltimos 10 meses, pero al que no ha visto en persona desde que estall\u00f3 la guerra. No utilizar\u00e1 las conversaciones para empujar a Zelenski hacia la mesa de negociaciones con Putin, dijo el funcionario estadounidense.<\/p>\n\n\n\n<p>El Kremlin declar\u00f3 el mi\u00e9rcoles que no ve posibilidad de entablar conversaciones de paz con Kyiv. En una llamada con periodistas, el portavoz Dmitry Peskov dijo que la continuaci\u00f3n de los suministros occidentales de armas a Ucrania conducir\u00e1 a una \u201cprofundizaci\u00f3n\u201d del conflicto.<\/p>\n\n\n\n<p>La administraci\u00f3n Biden ha proporcionado unos 20 mil millones de d\u00f3lares en ayuda militar a Ucrania, incluida munici\u00f3n de artiller\u00eda, municiones para los sistemas de defensa antia\u00e9rea NASAMS y para los sistemas de cohetes de artiller\u00eda de alta movilidad (HIMARS).<\/p>\n\n\n\n<p>Zelenski ha pedido reiteradamente a Occidente que suministre armamento m\u00e1s avanzado, desde modernos carros de combate hasta sistemas de defensa antimisiles.<\/p>\n\n\n\n<p>Putin dice que el ej\u00e9rcito ruso debe afrontar los problemas que ha sufrido en Ucrania.<\/p>\n\n\n\n<p>Con informaci\u00f3n de: <a href=\"https:\/\/www.radiozitacuaro.com\">Radio Zit\u00e1cuaro<\/a>.<\/p>\n","protected":false},"excerpt":{"rendered":"<p>Por: radiozitacuaro.com |&nbsp; El presidente ucraniano, Volod\u00edmir Zelenski, viaj\u00f3 el mi\u00e9rcoles a Washington para reunirse con su hom\u00f3logo estadounidense, Joe Biden, dirigirse al Congreso y buscar \u201carmas, armas y m\u00e1s armas\u201d en su primer viaje al extranjero desde que Rusia invadi\u00f3 Ucrania hace 300 d\u00edas. Zelenski dijo que la visita tiene por objeto reforzar la [&hellip;]<\/p>\n","protected":false},"author":1,"featured_media":5764,"comment_status":"closed","ping_status":"closed","sticky":false,"template":"","format":"aside","meta":{"googlesitekit_rrm_CAowytPeCw:productID":"","footnotes":""},"categories":[8],"tags":[1845,2963,282,2962,2123],"class_list":["post-5763","post","type-post","status-publish","format-aside","has-post-thumbnail","hentry","category-internacional","tag-armas","tag-joe-biden","tag-rusia","tag-volodimir-zelenski","tag-washington","post_format-post-format-aside"],"yoast_head":"<!-- This site is optimized with the Yoast SEO plugin v27.5 - https:\/\/yoast.com\/product\/yoast-seo-wordpress\/ -->\n<title>Zelenski viaja a Washington para reunirse con Biden y pedir m\u00e1s armas para defenderse de Rusia |<\/title>\n<meta name=\"description\" content=\"El presidente ucraniano, Volod\u00edmir Zelenski, viaj\u00f3 el mi\u00e9rcoles a Washington para reunirse con su hom\u00f3logo estadounidense, Joe Biden.\" \/>\n<meta name=\"robots\" content=\"index, follow, max-snippet:-1, max-image-preview:large, max-video-preview:-1\" \/>\n<link rel=\"canonical\" href=\"https:\/\/conexionnacional.mx\/index.php\/2022\/12\/22\/zelenski-viaja-con-biden\/\" \/>\n<meta property=\"og:locale\" content=\"es_MX\" \/>\n<meta property=\"og:type\" content=\"article\" \/>\n<meta property=\"og:title\" content=\"Zelenski viaja a Washington para reunirse con Biden y pedir m\u00e1s armas para defenderse de Rusia |\" \/>\n<meta property=\"og:description\" content=\"El presidente ucraniano, Volod\u00edmir Zelenski, viaj\u00f3 el mi\u00e9rcoles a Washington para reunirse con su hom\u00f3logo estadounidense, Joe Biden.\" \/>\n<meta property=\"og:url\" content=\"https:\/\/conexionnacional.mx\/index.php\/2022\/12\/22\/zelenski-viaja-con-biden\/\" \/>\n<meta property=\"og:site_name\" content=\"Conexi\u00f3n Nacional\" \/>\n<meta property=\"article:publisher\" content=\"https:\/\/www.facebook.com\/cnmxradio\" \/>\n<meta property=\"article:published_time\" content=\"2022-12-22T23:02:00+00:00\" \/>\n<meta property=\"og:image\" content=\"https:\/\/conexionnacional.mx\/wp-content\/uploads\/2022\/12\/Zelenski-viaja-con-Biden-CN.jpg\" \/>\n\t<meta property=\"og:image:width\" content=\"1000\" \/>\n\t<meta property=\"og:image:height\" content=\"600\" \/>\n\t<meta property=\"og:image:type\" content=\"image\/jpeg\" \/>\n<meta name=\"author\" content=\"Conexi\u00f3n Nacional\" \/>\n<meta name=\"twitter:card\" content=\"summary_large_image\" \/>\n<meta name=\"twitter:label1\" content=\"Escrito por\" \/>\n\t<meta name=\"twitter:data1\" content=\"Conexi\u00f3n Nacional\" \/>\n\t<meta name=\"twitter:label2\" content=\"Tiempo de lectura\" \/>\n\t<meta name=\"twitter:data2\" content=\"3 minutos\" \/>\n<script type=\"application\/ld+json\" class=\"yoast-schema-graph\">{\"@context\":\"https:\\\/\\\/schema.org\",\"@graph\":[{\"@type\":\"Article\",\"@id\":\"https:\\\/\\\/conexionnacional.mx\\\/index.php\\\/2022\\\/12\\\/22\\\/zelenski-viaja-con-biden\\\/#article\",\"isPartOf\":{\"@id\":\"https:\\\/\\\/conexionnacional.mx\\\/index.php\\\/2022\\\/12\\\/22\\\/zelenski-viaja-con-biden\\\/\"},\"author\":{\"name\":\"Conexi\u00f3n Nacional\",\"@id\":\"https:\\\/\\\/conexionnacional.mx\\\/#\\\/schema\\\/person\\\/dd14aeda902120f5e0e021903fdb6931\"},\"headline\":\"Zelenski viaja a Washington para reunirse con Biden y pedir m\u00e1s armas para defenderse de Rusia\",\"datePublished\":\"2022-12-22T23:02:00+00:00\",\"mainEntityOfPage\":{\"@id\":\"https:\\\/\\\/conexionnacional.mx\\\/index.php\\\/2022\\\/12\\\/22\\\/zelenski-viaja-con-biden\\\/\"},\"wordCount\":651,\"publisher\":{\"@id\":\"https:\\\/\\\/conexionnacional.mx\\\/#organization\"},\"image\":{\"@id\":\"https:\\\/\\\/conexionnacional.mx\\\/index.php\\\/2022\\\/12\\\/22\\\/zelenski-viaja-con-biden\\\/#primaryimage\"},\"thumbnailUrl\":\"https:\\\/\\\/conexionnacional.mx\\\/wp-content\\\/uploads\\\/2022\\\/12\\\/Zelenski-viaja-con-Biden-CN.jpg\",\"keywords\":[\"armas\",\"Joe Biden\",\"Rusia\",\"Volod\u00edmir Zelenski\",\"Washington\"],\"articleSection\":[\"Internacional\"],\"inLanguage\":\"es\"},{\"@type\":\"WebPage\",\"@id\":\"https:\\\/\\\/conexionnacional.mx\\\/index.php\\\/2022\\\/12\\\/22\\\/zelenski-viaja-con-biden\\\/\",\"url\":\"https:\\\/\\\/conexionnacional.mx\\\/index.php\\\/2022\\\/12\\\/22\\\/zelenski-viaja-con-biden\\\/\",\"name\":\"Zelenski viaja a Washington para reunirse con Biden y pedir m\u00e1s armas para defenderse de Rusia |\",\"isPartOf\":{\"@id\":\"https:\\\/\\\/conexionnacional.mx\\\/#website\"},\"primaryImageOfPage\":{\"@id\":\"https:\\\/\\\/conexionnacional.mx\\\/index.php\\\/2022\\\/12\\\/22\\\/zelenski-viaja-con-biden\\\/#primaryimage\"},\"image\":{\"@id\":\"https:\\\/\\\/conexionnacional.mx\\\/index.php\\\/2022\\\/12\\\/22\\\/zelenski-viaja-con-biden\\\/#primaryimage\"},\"thumbnailUrl\":\"https:\\\/\\\/conexionnacional.mx\\\/wp-content\\\/uploads\\\/2022\\\/12\\\/Zelenski-viaja-con-Biden-CN.jpg\",\"datePublished\":\"2022-12-22T23:02:00+00:00\",\"description\":\"El presidente ucraniano, Volod\u00edmir Zelenski, viaj\u00f3 el mi\u00e9rcoles a Washington para reunirse con su hom\u00f3logo estadounidense, Joe Biden.\",\"breadcrumb\":{\"@id\":\"https:\\\/\\\/conexionnacional.mx\\\/index.php\\\/2022\\\/12\\\/22\\\/zelenski-viaja-con-biden\\\/#breadcrumb\"},\"inLanguage\":\"es\",\"potentialAction\":[{\"@type\":\"ReadAction\",\"target\":[\"https:\\\/\\\/conexionnacional.mx\\\/index.php\\\/2022\\\/12\\\/22\\\/zelenski-viaja-con-biden\\\/\"]}]},{\"@type\":\"ImageObject\",\"inLanguage\":\"es\",\"@id\":\"https:\\\/\\\/conexionnacional.mx\\\/index.php\\\/2022\\\/12\\\/22\\\/zelenski-viaja-con-biden\\\/#primaryimage\",\"url\":\"https:\\\/\\\/conexionnacional.mx\\\/wp-content\\\/uploads\\\/2022\\\/12\\\/Zelenski-viaja-con-Biden-CN.jpg\",\"contentUrl\":\"https:\\\/\\\/conexionnacional.mx\\\/wp-content\\\/uploads\\\/2022\\\/12\\\/Zelenski-viaja-con-Biden-CN.jpg\",\"width\":1000,\"height\":600,\"caption\":\"Zelenski viaja a Washington para reunirse con Biden\"},{\"@type\":\"BreadcrumbList\",\"@id\":\"https:\\\/\\\/conexionnacional.mx\\\/index.php\\\/2022\\\/12\\\/22\\\/zelenski-viaja-con-biden\\\/#breadcrumb\",\"itemListElement\":[{\"@type\":\"ListItem\",\"position\":1,\"name\":\"Inicio\",\"item\":\"https:\\\/\\\/conexionnacional.mx\\\/\"},{\"@type\":\"ListItem\",\"position\":2,\"name\":\"Zelenski viaja a Washington para reunirse con Biden y pedir m\u00e1s armas para defenderse de Rusia\"}]},{\"@type\":\"WebSite\",\"@id\":\"https:\\\/\\\/conexionnacional.mx\\\/#website\",\"url\":\"https:\\\/\\\/conexionnacional.mx\\\/\",\"name\":\"Conexi\u00f3n Nacional\",\"description\":\"Noticias al momento\",\"publisher\":{\"@id\":\"https:\\\/\\\/conexionnacional.mx\\\/#organization\"},\"alternateName\":\"Noticias nacionales\",\"potentialAction\":[{\"@type\":\"SearchAction\",\"target\":{\"@type\":\"EntryPoint\",\"urlTemplate\":\"https:\\\/\\\/conexionnacional.mx\\\/?s={search_term_string}\"},\"query-input\":{\"@type\":\"PropertyValueSpecification\",\"valueRequired\":true,\"valueName\":\"search_term_string\"}}],\"inLanguage\":\"es\"},{\"@type\":\"Organization\",\"@id\":\"https:\\\/\\\/conexionnacional.mx\\\/#organization\",\"name\":\"Conexi\u00f3n Nacional\",\"url\":\"https:\\\/\\\/conexionnacional.mx\\\/\",\"logo\":{\"@type\":\"ImageObject\",\"inLanguage\":\"es\",\"@id\":\"https:\\\/\\\/conexionnacional.mx\\\/#\\\/schema\\\/logo\\\/image\\\/\",\"url\":\"https:\\\/\\\/conexionnacional.mx\\\/wp-content\\\/uploads\\\/2022\\\/09\\\/conexion_nacional.png\",\"contentUrl\":\"https:\\\/\\\/conexionnacional.mx\\\/wp-content\\\/uploads\\\/2022\\\/09\\\/conexion_nacional.png\",\"width\":2964,\"height\":1173,\"caption\":\"Conexi\u00f3n Nacional\"},\"image\":{\"@id\":\"https:\\\/\\\/conexionnacional.mx\\\/#\\\/schema\\\/logo\\\/image\\\/\"},\"sameAs\":[\"https:\\\/\\\/www.facebook.com\\\/cnmxradio\"]},{\"@type\":\"Person\",\"@id\":\"https:\\\/\\\/conexionnacional.mx\\\/#\\\/schema\\\/person\\\/dd14aeda902120f5e0e021903fdb6931\",\"name\":\"Conexi\u00f3n Nacional\",\"image\":{\"@type\":\"ImageObject\",\"inLanguage\":\"es\",\"@id\":\"https:\\\/\\\/secure.gravatar.com\\\/avatar\\\/e523100f284110b2ecca7e17b2be9cf140a5e8f35294c9ec0543e6916cc1f9be?s=96&d=blank&r=g\",\"url\":\"https:\\\/\\\/secure.gravatar.com\\\/avatar\\\/e523100f284110b2ecca7e17b2be9cf140a5e8f35294c9ec0543e6916cc1f9be?s=96&d=blank&r=g\",\"contentUrl\":\"https:\\\/\\\/secure.gravatar.com\\\/avatar\\\/e523100f284110b2ecca7e17b2be9cf140a5e8f35294c9ec0543e6916cc1f9be?s=96&d=blank&r=g\",\"caption\":\"Conexi\u00f3n Nacional\"},\"sameAs\":[\"https:\\\/\\\/conexionnacional.mx\"],\"url\":\"https:\\\/\\\/conexionnacional.mx\\\/index.php\\\/author\\\/administrador\\\/\"}]}<\/script>\n<!-- \/ Yoast SEO plugin. -->","yoast_head_json":{"title":"Zelenski viaja a Washington para reunirse con Biden y pedir m\u00e1s armas para defenderse de Rusia |","description":"El presidente ucraniano, Volod\u00edmir Zelenski, viaj\u00f3 el mi\u00e9rcoles a Washington para reunirse con su hom\u00f3logo estadounidense, Joe Biden.","robots":{"index":"index","follow":"follow","max-snippet":"max-snippet:-1","max-image-preview":"max-image-preview:large","max-video-preview":"max-video-preview:-1"},"canonical":"https:\/\/conexionnacional.mx\/index.php\/2022\/12\/22\/zelenski-viaja-con-biden\/","og_locale":"es_MX","og_type":"article","og_title":"Zelenski viaja a Washington para reunirse con Biden y pedir m\u00e1s armas para defenderse de Rusia |","og_description":"El presidente ucraniano, Volod\u00edmir Zelenski, viaj\u00f3 el mi\u00e9rcoles a Washington para reunirse con su hom\u00f3logo estadounidense, Joe Biden.","og_url":"https:\/\/conexionnacional.mx\/index.php\/2022\/12\/22\/zelenski-viaja-con-biden\/","og_site_name":"Conexi\u00f3n Nacional","article_publisher":"https:\/\/www.facebook.com\/cnmxradio","article_published_time":"2022-12-22T23:02:00+00:00","og_image":[{"width":1000,"height":600,"url":"https:\/\/conexionnacional.mx\/wp-content\/uploads\/2022\/12\/Zelenski-viaja-con-Biden-CN.jpg","type":"image\/jpeg"}],"author":"Conexi\u00f3n Nacional","twitter_card":"summary_large_image","twitter_misc":{"Escrito por":"Conexi\u00f3n Nacional","Tiempo de lectura":"3 minutos"},"schema":{"@context":"https:\/\/schema.org","@graph":[{"@type":"Article","@id":"https:\/\/conexionnacional.mx\/index.php\/2022\/12\/22\/zelenski-viaja-con-biden\/#article","isPartOf":{"@id":"https:\/\/conexionnacional.mx\/index.php\/2022\/12\/22\/zelenski-viaja-con-biden\/"},"author":{"name":"Conexi\u00f3n Nacional","@id":"https:\/\/conexionnacional.mx\/#\/schema\/person\/dd14aeda902120f5e0e021903fdb6931"},"headline":"Zelenski viaja a Washington para reunirse con Biden y pedir m\u00e1s armas para defenderse de Rusia","datePublished":"2022-12-22T23:02:00+00:00","mainEntityOfPage":{"@id":"https:\/\/conexionnacional.mx\/index.php\/2022\/12\/22\/zelenski-viaja-con-biden\/"},"wordCount":651,"publisher":{"@id":"https:\/\/conexionnacional.mx\/#organization"},"image":{"@id":"https:\/\/conexionnacional.mx\/index.php\/2022\/12\/22\/zelenski-viaja-con-biden\/#primaryimage"},"thumbnailUrl":"https:\/\/conexionnacional.mx\/wp-content\/uploads\/2022\/12\/Zelenski-viaja-con-Biden-CN.jpg","keywords":["armas","Joe Biden","Rusia","Volod\u00edmir Zelenski","Washington"],"articleSection":["Internacional"],"inLanguage":"es"},{"@type":"WebPage","@id":"https:\/\/conexionnacional.mx\/index.php\/2022\/12\/22\/zelenski-viaja-con-biden\/","url":"https:\/\/conexionnacional.mx\/index.php\/2022\/12\/22\/zelenski-viaja-con-biden\/","name":"Zelenski viaja a Washington para reunirse con Biden y pedir m\u00e1s armas para defenderse de Rusia |","isPartOf":{"@id":"https:\/\/conexionnacional.mx\/#website"},"primaryImageOfPage":{"@id":"https:\/\/conexionnacional.mx\/index.php\/2022\/12\/22\/zelenski-viaja-con-biden\/#primaryimage"},"image":{"@id":"https:\/\/conexionnacional.mx\/index.php\/2022\/12\/22\/zelenski-viaja-con-biden\/#primaryimage"},"thumbnailUrl":"https:\/\/conexionnacional.mx\/wp-content\/uploads\/2022\/12\/Zelenski-viaja-con-Biden-CN.jpg","datePublished":"2022-12-22T23:02:00+00:00","description":"El presidente ucraniano, Volod\u00edmir Zelenski, viaj\u00f3 el mi\u00e9rcoles a Washington para reunirse con su hom\u00f3logo estadounidense, Joe Biden.","breadcrumb":{"@id":"https:\/\/conexionnacional.mx\/index.php\/2022\/12\/22\/zelenski-viaja-con-biden\/#breadcrumb"},"inLanguage":"es","potentialAction":[{"@type":"ReadAction","target":["https:\/\/conexionnacional.mx\/index.php\/2022\/12\/22\/zelenski-viaja-con-biden\/"]}]},{"@type":"ImageObject","inLanguage":"es","@id":"https:\/\/conexionnacional.mx\/index.php\/2022\/12\/22\/zelenski-viaja-con-biden\/#primaryimage","url":"https:\/\/conexionnacional.mx\/wp-content\/uploads\/2022\/12\/Zelenski-viaja-con-Biden-CN.jpg","contentUrl":"https:\/\/conexionnacional.mx\/wp-content\/uploads\/2022\/12\/Zelenski-viaja-con-Biden-CN.jpg","width":1000,"height":600,"caption":"Zelenski viaja a Washington para reunirse con Biden"},{"@type":"BreadcrumbList","@id":"https:\/\/conexionnacional.mx\/index.php\/2022\/12\/22\/zelenski-viaja-con-biden\/#breadcrumb","itemListElement":[{"@type":"ListItem","position":1,"name":"Inicio","item":"https:\/\/conexionnacional.mx\/"},{"@type":"ListItem","position":2,"name":"Zelenski viaja a Washington para reunirse con Biden y pedir m\u00e1s armas para defenderse de Rusia"}]},{"@type":"WebSite","@id":"https:\/\/conexionnacional.mx\/#website","url":"https:\/\/conexionnacional.mx\/","name":"Conexi\u00f3n Nacional","description":"Noticias al momento","publisher":{"@id":"https:\/\/conexionnacional.mx\/#organization"},"alternateName":"Noticias nacionales","potentialAction":[{"@type":"SearchAction","target":{"@type":"EntryPoint","urlTemplate":"https:\/\/conexionnacional.mx\/?s={search_term_string}"},"query-input":{"@type":"PropertyValueSpecification","valueRequired":true,"valueName":"search_term_string"}}],"inLanguage":"es"},{"@type":"Organization","@id":"https:\/\/conexionnacional.mx\/#organization","name":"Conexi\u00f3n Nacional","url":"https:\/\/conexionnacional.mx\/","logo":{"@type":"ImageObject","inLanguage":"es","@id":"https:\/\/conexionnacional.mx\/#\/schema\/logo\/image\/","url":"https:\/\/conexionnacional.mx\/wp-content\/uploads\/2022\/09\/conexion_nacional.png","contentUrl":"https:\/\/conexionnacional.mx\/wp-content\/uploads\/2022\/09\/conexion_nacional.png","width":2964,"height":1173,"caption":"Conexi\u00f3n Nacional"},"image":{"@id":"https:\/\/conexionnacional.mx\/#\/schema\/logo\/image\/"},"sameAs":["https:\/\/www.facebook.com\/cnmxradio"]},{"@type":"Person","@id":"https:\/\/conexionnacional.mx\/#\/schema\/person\/dd14aeda902120f5e0e021903fdb6931","name":"Conexi\u00f3n Nacional","image":{"@type":"ImageObject","inLanguage":"es","@id":"https:\/\/secure.gravatar.com\/avatar\/e523100f284110b2ecca7e17b2be9cf140a5e8f35294c9ec0543e6916cc1f9be?s=96&d=blank&r=g","url":"https:\/\/secure.gravatar.com\/avatar\/e523100f284110b2ecca7e17b2be9cf140a5e8f35294c9ec0543e6916cc1f9be?s=96&d=blank&r=g","contentUrl":"https:\/\/secure.gravatar.com\/avatar\/e523100f284110b2ecca7e17b2be9cf140a5e8f35294c9ec0543e6916cc1f9be?s=96&d=blank&r=g","caption":"Conexi\u00f3n Nacional"},"sameAs":["https:\/\/conexionnacional.mx"],"url":"https:\/\/conexionnacional.mx\/index.php\/author\/administrador\/"}]}},"_links":{"self":[{"href":"https:\/\/conexionnacional.mx\/index.php\/wp-json\/wp\/v2\/posts\/5763","targetHints":{"allow":["GET"]}}],"collection":[{"href":"https:\/\/conexionnacional.mx\/index.php\/wp-json\/wp\/v2\/posts"}],"about":[{"href":"https:\/\/conexionnacional.mx\/index.php\/wp-json\/wp\/v2\/types\/post"}],"author":[{"embeddable":true,"href":"https:\/\/conexionnacional.mx\/index.php\/wp-json\/wp\/v2\/users\/1"}],"replies":[{"embeddable":true,"href":"https:\/\/conexionnacional.mx\/index.php\/wp-json\/wp\/v2\/comments?post=5763"}],"version-history":[{"count":1,"href":"https:\/\/conexionnacional.mx\/index.php\/wp-json\/wp\/v2\/posts\/5763\/revisions"}],"predecessor-version":[{"id":5765,"href":"https:\/\/conexionnacional.mx\/index.php\/wp-json\/wp\/v2\/posts\/5763\/revisions\/5765"}],"wp:featuredmedia":[{"embeddable":true,"href":"https:\/\/conexionnacional.mx\/index.php\/wp-json\/wp\/v2\/media\/5764"}],"wp:attachment":[{"href":"https:\/\/conexionnacional.mx\/index.php\/wp-json\/wp\/v2\/media?parent=5763"}],"wp:term":[{"taxonomy":"category","embeddable":true,"href":"https:\/\/conexionnacional.mx\/index.php\/wp-json\/wp\/v2\/categories?post=5763"},{"taxonomy":"post_tag","embeddable":true,"href":"https:\/\/conexionnacional.mx\/index.php\/wp-json\/wp\/v2\/tags?post=5763"}],"curies":[{"name":"wp","href":"https:\/\/api.w.org\/{rel}","templated":true}]}}