{"id":5760,"date":"2022-12-22T17:00:00","date_gmt":"2022-12-22T23:00:00","guid":{"rendered":"https:\/\/conexionnacional.mx\/?p=5760"},"modified":"2022-12-22T16:42:00","modified_gmt":"2022-12-22T22:42:00","slug":"nuevo-hospital-general-tijuana","status":"publish","type":"post","link":"https:\/\/conexionnacional.mx\/index.php\/2022\/12\/22\/nuevo-hospital-general-tijuana\/","title":{"rendered":"<strong>Anuncia Marina del Pilar nuevo hospital general para la zona este de Tijuana<\/strong>"},"content":{"rendered":"\n<p>Por: <a href=\"https:\/\/californiamedios.com\/anuncia-marina-del-pilar-nuevo-hospital-general-para-la-zona-este-de-tijuana\/\">californiamedios.com<\/a> |&nbsp;<\/p>\n\n\n\n<p>Dicha unidad de salud atender\u00e1 a cientos de miles de ciudadanos, desahogando el antiguo Hospital General de Tijuana y fortaleciendo la atenci\u00f3n m\u00e9dica de la Zona Metropolitana.<\/p>\n\n\n\n<p>TIJUANA.- La Gobernadora de Baja California, Marina del Pilar Avila Olmeda, anunci\u00f3 la construcci\u00f3n de un nuevo Hospital General para la Zona Este de Tijuana, mismo que atender\u00e1 las necesidades de m\u00e1s de 750 mil personas de dicho sector de la ciudad y responde a la demanda hist\u00f3rica de uno de los sectores con mayor crecimiento poblacional en el Estado.<\/p>\n\n\n<div class=\"wp-block-image\">\n<figure class=\"aligncenter is-resized\"><img decoding=\"async\" src=\"data:image\/gif;base64,R0lGODlhAQABAAAAACH5BAEKAAEALAAAAAABAAEAAAICTAEAOw==\" data-src=\"https:\/\/lh4.googleusercontent.com\/90qOtuc1m78p_y5lh23Wa9cgbr1Wc_S9HyoxzBefRv3PjqWErqv1AV6iqRUlttLaCGCoMi0zMmXJjyDgn3PwjCjjgVijyveLoqabhXBhHX95zO_6FnESguZ8vTZlRnUksQx87oQn2MsKZwW4SKVH9C3EflllyDPjD7H-4r6D-wzfN2aCA7ROQAmdJvZOeg\" alt=\"\" width=\"720\" class=\"lazyload\" \/><\/figure>\n<\/div>\n\n\n<p>Cabe se\u00f1alar que, una vez que dicha nueva unidad hospitalaria entre en operaci\u00f3n, se restar\u00e1 presi\u00f3n al actual Hospital General, que actualmente atiende la demanda de la ciudad.<\/p>\n\n\n\n<p>Durante la quincuag\u00e9simo s\u00e9ptima edici\u00f3n del \u201cMi\u00e9rcoles de Ma\u00f1anera con Marina del Pilar\u201d, la mandataria estatal se\u00f1al\u00f3 que desde los primeros d\u00edas de la administraci\u00f3n se ha trabajado por garantizar los derechos de todas las personas, siendo uno de los principales el derecho a la salud.<\/p>\n\n\n\n<p>Marina del Pilar resalt\u00f3 que, a diferencia de gobiernos anteriores, la administraci\u00f3n que encabeza est\u00e1 desarrollando acciones para construir oportunidades en favor de todos los grupos de la sociedad que fueron olvidados durante d\u00e9cadas.<\/p>\n\n\n<div class=\"wp-block-image\">\n<figure class=\"aligncenter is-resized\"><img decoding=\"async\" src=\"data:image\/gif;base64,R0lGODlhAQABAAAAACH5BAEKAAEALAAAAAABAAEAAAICTAEAOw==\" data-src=\"https:\/\/lh6.googleusercontent.com\/YoU__4VP6YaH7Ceo2D8pmDHhP-KtQMOtwWCZik7PhpEUMn-7TsM6g2DazLzLtvr6OBoVF3S_is8GteJf9JyhJcI9SLV3jo3Lhv8DHxc9LmMumwthxkaPI732w4v9OqrsFM_OYhPU9ukANoNCFAT10t4zH-RzK79BPNI5JdRaGgVPRgTh9FmbHGDFzlwf9g\" alt=\"\" width=\"720\" class=\"lazyload\" \/><\/figure>\n<\/div>\n\n\n<p>La Titular del Poder Ejecutivo del Estado explic\u00f3 que una ciudad como Tijuana, que alberga a dos millones de personas, requiere un trabajo de planeaci\u00f3n que busque garantizar todos los servicios que son responsabilidad del Estado, especialmente a la salud p\u00fablica.<\/p>\n\n\n\n<p>Puso como ejemplo el desarrollo de un centro oncol\u00f3gico en la ciudad de Tijuana, que cuenta con consultorios, una central para la preparaci\u00f3n de quimioterapias y espacios para su aplicaci\u00f3n, adem\u00e1s de un mast\u00f3grafo, con personal especializado en atenci\u00f3n a pacientes oncol\u00f3gicos.<\/p>\n\n\n\n<p>Por su parte, el secretario de Salud del Estado, J. Adri\u00e1n Medina Amarillas, inform\u00f3 acerca de la apertura del Centro de Salud en la colonia Villas del Prado, una demanda de las y los vecinos registrada y atendida por las autoridades estatales.<\/p>\n\n\n\n<p>Respecto al Hospital General Zona Este, la Gobernadora Marina del Pilar se\u00f1al\u00f3 que a trav\u00e9s de \u00e9l se consolida el proyecto de tener una unidad de segundo nivel que busca acercar los servicios de hospitalizaci\u00f3n.<\/p>\n\n\n\n<p>\u201cCon este hospital vamos a poder contar con 60 camas disponibles, pudiendo atender pacientes en los servicios de traumatolog\u00eda y ortopedia, gineco obstetricia, medicina interna, pediatr\u00eda, cirug\u00eda y urgencias\u201d, detall\u00f3 la mandataria estatal.<\/p>\n\n\n\n<p>En dicho hospital de tres niveles se brindar\u00e1n tambi\u00e9n servicios de cuidados intensivos tanto para adultos como en pacientes neonatos, adem\u00e1s de contar con servicio de consulta externa, as\u00ed como salas de labor-parto-recuperaci\u00f3n para garantizar un parto digno.<\/p>\n\n\n<div class=\"wp-block-image\">\n<figure class=\"aligncenter is-resized\"><img decoding=\"async\" src=\"data:image\/gif;base64,R0lGODlhAQABAAAAACH5BAEKAAEALAAAAAABAAEAAAICTAEAOw==\" data-src=\"https:\/\/lh3.googleusercontent.com\/XWbdu_rtir4gH5scsu4EBAlBMff9WPRZTPtFOo5On8DYaIbIH6X8BXRLA9pCFQ6Muu4OAT-HthNgSL5vJwFuGU6KU7sz39mxfLLFumPpYcm2qonKf8l0G0ywONj9b3Hyg1asRBpIO7qT5tf61H4FdI0NK2GCG2eI6jLpLRxi_E08-NLXbpyC18acFJ5viA\" alt=\"\" width=\"720\" class=\"lazyload\" \/><\/figure>\n<\/div>\n\n\n<p>La Gobernadora resalt\u00f3 el apoyo permanente del Presidente de M\u00e9xico, Andr\u00e9s Manuel L\u00f3pez Obrador, para destinar la inversi\u00f3n federal necesaria para concluir las obras de infraestructura m\u00e9dica en comunidades clave en la entidad.<\/p>\n\n\n\n<p>\u201cEste proyecto tambi\u00e9n es una muestra concreta del compromiso que hicimos con los habitantes de la Zona Este, de impulsar el desarrollo de los servicios de calidad en todo Tijuana, no solo en algunas zonas de la ciudad como antes suced\u00eda\u201d, agreg\u00f3 la Gobernadora, quien hizo referencia a los avances en la materia obtenidos durante los primeros 14 meses de la administraci\u00f3n.<\/p>\n\n\n\n<p>Con informaci\u00f3n de: <a href=\"https:\/\/californiamedios.com\/\">California Medios<\/a>.<\/p>\n","protected":false},"excerpt":{"rendered":"<p>Por: californiamedios.com |&nbsp; Dicha unidad de salud atender\u00e1 a cientos de miles de ciudadanos, desahogando el antiguo Hospital General de Tijuana y fortaleciendo la atenci\u00f3n m\u00e9dica de la Zona Metropolitana. TIJUANA.- La Gobernadora de Baja California, Marina del Pilar Avila Olmeda, anunci\u00f3 la construcci\u00f3n de un nuevo Hospital General para la Zona Este de Tijuana, [&hellip;]<\/p>\n","protected":false},"author":1,"featured_media":5761,"comment_status":"closed","ping_status":"closed","sticky":false,"template":"","format":"aside","meta":{"googlesitekit_rrm_CAowytPeCw:productID":"","footnotes":""},"categories":[17],"tags":[570,2961,2629],"class_list":["post-5760","post","type-post","status-publish","format-aside","has-post-thumbnail","hentry","category-estados","tag-hospital","tag-marina-del-pilar-avila-olmeda","tag-tijuana","post_format-post-format-aside"],"yoast_head":"<!-- This site is optimized with the Yoast SEO plugin v27.5 - https:\/\/yoast.com\/product\/yoast-seo-wordpress\/ -->\n<title>Anuncia Marina del Pilar nuevo hospital general para la zona este de Tijuana |<\/title>\n<meta name=\"description\" content=\"Atender\u00e1 a cientos de miles de ciudadanos, desahogando el antiguo Hospital General de Tijuana y fortaleciendo la atenci\u00f3n m\u00e9dica.\" \/>\n<meta name=\"robots\" content=\"index, follow, max-snippet:-1, max-image-preview:large, max-video-preview:-1\" \/>\n<link rel=\"canonical\" href=\"https:\/\/conexionnacional.mx\/index.php\/2022\/12\/22\/nuevo-hospital-general-tijuana\/\" \/>\n<meta property=\"og:locale\" content=\"es_MX\" \/>\n<meta property=\"og:type\" content=\"article\" \/>\n<meta property=\"og:title\" content=\"Anuncia Marina del Pilar nuevo hospital general para la zona este de Tijuana |\" \/>\n<meta property=\"og:description\" content=\"Atender\u00e1 a cientos de miles de ciudadanos, desahogando el antiguo Hospital General de Tijuana y fortaleciendo la atenci\u00f3n m\u00e9dica.\" \/>\n<meta property=\"og:url\" content=\"https:\/\/conexionnacional.mx\/index.php\/2022\/12\/22\/nuevo-hospital-general-tijuana\/\" \/>\n<meta property=\"og:site_name\" content=\"Conexi\u00f3n Nacional\" \/>\n<meta property=\"article:publisher\" content=\"https:\/\/www.facebook.com\/cnmxradio\" \/>\n<meta property=\"article:published_time\" content=\"2022-12-22T23:00:00+00:00\" \/>\n<meta property=\"og:image\" content=\"https:\/\/conexionnacional.mx\/wp-content\/uploads\/2022\/12\/Anuncia-Marina-del-Pilar-nuevo-hospital-CN.jpg\" \/>\n\t<meta property=\"og:image:width\" content=\"1000\" \/>\n\t<meta property=\"og:image:height\" content=\"600\" \/>\n\t<meta property=\"og:image:type\" content=\"image\/jpeg\" \/>\n<meta name=\"author\" content=\"Conexi\u00f3n Nacional\" \/>\n<meta name=\"twitter:card\" content=\"summary_large_image\" \/>\n<meta name=\"twitter:label1\" content=\"Escrito por\" \/>\n\t<meta name=\"twitter:data1\" content=\"Conexi\u00f3n Nacional\" \/>\n\t<meta name=\"twitter:label2\" content=\"Tiempo de lectura\" \/>\n\t<meta name=\"twitter:data2\" content=\"4 minutos\" \/>\n<script type=\"application\/ld+json\" class=\"yoast-schema-graph\">{\"@context\":\"https:\\\/\\\/schema.org\",\"@graph\":[{\"@type\":\"Article\",\"@id\":\"https:\\\/\\\/conexionnacional.mx\\\/index.php\\\/2022\\\/12\\\/22\\\/nuevo-hospital-general-tijuana\\\/#article\",\"isPartOf\":{\"@id\":\"https:\\\/\\\/conexionnacional.mx\\\/index.php\\\/2022\\\/12\\\/22\\\/nuevo-hospital-general-tijuana\\\/\"},\"author\":{\"name\":\"Conexi\u00f3n Nacional\",\"@id\":\"https:\\\/\\\/conexionnacional.mx\\\/#\\\/schema\\\/person\\\/dd14aeda902120f5e0e021903fdb6931\"},\"headline\":\"Anuncia Marina del Pilar nuevo hospital general para la zona este de Tijuana\",\"datePublished\":\"2022-12-22T23:00:00+00:00\",\"mainEntityOfPage\":{\"@id\":\"https:\\\/\\\/conexionnacional.mx\\\/index.php\\\/2022\\\/12\\\/22\\\/nuevo-hospital-general-tijuana\\\/\"},\"wordCount\":588,\"publisher\":{\"@id\":\"https:\\\/\\\/conexionnacional.mx\\\/#organization\"},\"image\":{\"@id\":\"https:\\\/\\\/conexionnacional.mx\\\/index.php\\\/2022\\\/12\\\/22\\\/nuevo-hospital-general-tijuana\\\/#primaryimage\"},\"thumbnailUrl\":\"https:\\\/\\\/conexionnacional.mx\\\/wp-content\\\/uploads\\\/2022\\\/12\\\/Anuncia-Marina-del-Pilar-nuevo-hospital-CN.jpg\",\"keywords\":[\"hospital\",\"Marina del Pilar Avila Olmeda\",\"Tijuana\"],\"articleSection\":[\"Estados\"],\"inLanguage\":\"es\"},{\"@type\":\"WebPage\",\"@id\":\"https:\\\/\\\/conexionnacional.mx\\\/index.php\\\/2022\\\/12\\\/22\\\/nuevo-hospital-general-tijuana\\\/\",\"url\":\"https:\\\/\\\/conexionnacional.mx\\\/index.php\\\/2022\\\/12\\\/22\\\/nuevo-hospital-general-tijuana\\\/\",\"name\":\"Anuncia Marina del Pilar nuevo hospital general para la zona este de Tijuana |\",\"isPartOf\":{\"@id\":\"https:\\\/\\\/conexionnacional.mx\\\/#website\"},\"primaryImageOfPage\":{\"@id\":\"https:\\\/\\\/conexionnacional.mx\\\/index.php\\\/2022\\\/12\\\/22\\\/nuevo-hospital-general-tijuana\\\/#primaryimage\"},\"image\":{\"@id\":\"https:\\\/\\\/conexionnacional.mx\\\/index.php\\\/2022\\\/12\\\/22\\\/nuevo-hospital-general-tijuana\\\/#primaryimage\"},\"thumbnailUrl\":\"https:\\\/\\\/conexionnacional.mx\\\/wp-content\\\/uploads\\\/2022\\\/12\\\/Anuncia-Marina-del-Pilar-nuevo-hospital-CN.jpg\",\"datePublished\":\"2022-12-22T23:00:00+00:00\",\"description\":\"Atender\u00e1 a cientos de miles de ciudadanos, desahogando el antiguo Hospital General de Tijuana y fortaleciendo la atenci\u00f3n m\u00e9dica.\",\"breadcrumb\":{\"@id\":\"https:\\\/\\\/conexionnacional.mx\\\/index.php\\\/2022\\\/12\\\/22\\\/nuevo-hospital-general-tijuana\\\/#breadcrumb\"},\"inLanguage\":\"es\",\"potentialAction\":[{\"@type\":\"ReadAction\",\"target\":[\"https:\\\/\\\/conexionnacional.mx\\\/index.php\\\/2022\\\/12\\\/22\\\/nuevo-hospital-general-tijuana\\\/\"]}]},{\"@type\":\"ImageObject\",\"inLanguage\":\"es\",\"@id\":\"https:\\\/\\\/conexionnacional.mx\\\/index.php\\\/2022\\\/12\\\/22\\\/nuevo-hospital-general-tijuana\\\/#primaryimage\",\"url\":\"https:\\\/\\\/conexionnacional.mx\\\/wp-content\\\/uploads\\\/2022\\\/12\\\/Anuncia-Marina-del-Pilar-nuevo-hospital-CN.jpg\",\"contentUrl\":\"https:\\\/\\\/conexionnacional.mx\\\/wp-content\\\/uploads\\\/2022\\\/12\\\/Anuncia-Marina-del-Pilar-nuevo-hospital-CN.jpg\",\"width\":1000,\"height\":600,\"caption\":\"Nuevo hospital de Tijuana\"},{\"@type\":\"BreadcrumbList\",\"@id\":\"https:\\\/\\\/conexionnacional.mx\\\/index.php\\\/2022\\\/12\\\/22\\\/nuevo-hospital-general-tijuana\\\/#breadcrumb\",\"itemListElement\":[{\"@type\":\"ListItem\",\"position\":1,\"name\":\"Inicio\",\"item\":\"https:\\\/\\\/conexionnacional.mx\\\/\"},{\"@type\":\"ListItem\",\"position\":2,\"name\":\"Anuncia Marina del Pilar nuevo hospital general para la zona este de Tijuana\"}]},{\"@type\":\"WebSite\",\"@id\":\"https:\\\/\\\/conexionnacional.mx\\\/#website\",\"url\":\"https:\\\/\\\/conexionnacional.mx\\\/\",\"name\":\"Conexi\u00f3n Nacional\",\"description\":\"Noticias al momento\",\"publisher\":{\"@id\":\"https:\\\/\\\/conexionnacional.mx\\\/#organization\"},\"alternateName\":\"Noticias nacionales\",\"potentialAction\":[{\"@type\":\"SearchAction\",\"target\":{\"@type\":\"EntryPoint\",\"urlTemplate\":\"https:\\\/\\\/conexionnacional.mx\\\/?s={search_term_string}\"},\"query-input\":{\"@type\":\"PropertyValueSpecification\",\"valueRequired\":true,\"valueName\":\"search_term_string\"}}],\"inLanguage\":\"es\"},{\"@type\":\"Organization\",\"@id\":\"https:\\\/\\\/conexionnacional.mx\\\/#organization\",\"name\":\"Conexi\u00f3n Nacional\",\"url\":\"https:\\\/\\\/conexionnacional.mx\\\/\",\"logo\":{\"@type\":\"ImageObject\",\"inLanguage\":\"es\",\"@id\":\"https:\\\/\\\/conexionnacional.mx\\\/#\\\/schema\\\/logo\\\/image\\\/\",\"url\":\"https:\\\/\\\/conexionnacional.mx\\\/wp-content\\\/uploads\\\/2022\\\/09\\\/conexion_nacional.png\",\"contentUrl\":\"https:\\\/\\\/conexionnacional.mx\\\/wp-content\\\/uploads\\\/2022\\\/09\\\/conexion_nacional.png\",\"width\":2964,\"height\":1173,\"caption\":\"Conexi\u00f3n Nacional\"},\"image\":{\"@id\":\"https:\\\/\\\/conexionnacional.mx\\\/#\\\/schema\\\/logo\\\/image\\\/\"},\"sameAs\":[\"https:\\\/\\\/www.facebook.com\\\/cnmxradio\"]},{\"@type\":\"Person\",\"@id\":\"https:\\\/\\\/conexionnacional.mx\\\/#\\\/schema\\\/person\\\/dd14aeda902120f5e0e021903fdb6931\",\"name\":\"Conexi\u00f3n Nacional\",\"image\":{\"@type\":\"ImageObject\",\"inLanguage\":\"es\",\"@id\":\"https:\\\/\\\/secure.gravatar.com\\\/avatar\\\/e523100f284110b2ecca7e17b2be9cf140a5e8f35294c9ec0543e6916cc1f9be?s=96&d=blank&r=g\",\"url\":\"https:\\\/\\\/secure.gravatar.com\\\/avatar\\\/e523100f284110b2ecca7e17b2be9cf140a5e8f35294c9ec0543e6916cc1f9be?s=96&d=blank&r=g\",\"contentUrl\":\"https:\\\/\\\/secure.gravatar.com\\\/avatar\\\/e523100f284110b2ecca7e17b2be9cf140a5e8f35294c9ec0543e6916cc1f9be?s=96&d=blank&r=g\",\"caption\":\"Conexi\u00f3n Nacional\"},\"sameAs\":[\"https:\\\/\\\/conexionnacional.mx\"],\"url\":\"https:\\\/\\\/conexionnacional.mx\\\/index.php\\\/author\\\/administrador\\\/\"}]}<\/script>\n<!-- \/ Yoast SEO plugin. -->","yoast_head_json":{"title":"Anuncia Marina del Pilar nuevo hospital general para la zona este de Tijuana |","description":"Atender\u00e1 a cientos de miles de ciudadanos, desahogando el antiguo Hospital General de Tijuana y fortaleciendo la atenci\u00f3n m\u00e9dica.","robots":{"index":"index","follow":"follow","max-snippet":"max-snippet:-1","max-image-preview":"max-image-preview:large","max-video-preview":"max-video-preview:-1"},"canonical":"https:\/\/conexionnacional.mx\/index.php\/2022\/12\/22\/nuevo-hospital-general-tijuana\/","og_locale":"es_MX","og_type":"article","og_title":"Anuncia Marina del Pilar nuevo hospital general para la zona este de Tijuana |","og_description":"Atender\u00e1 a cientos de miles de ciudadanos, desahogando el antiguo Hospital General de Tijuana y fortaleciendo la atenci\u00f3n m\u00e9dica.","og_url":"https:\/\/conexionnacional.mx\/index.php\/2022\/12\/22\/nuevo-hospital-general-tijuana\/","og_site_name":"Conexi\u00f3n Nacional","article_publisher":"https:\/\/www.facebook.com\/cnmxradio","article_published_time":"2022-12-22T23:00:00+00:00","og_image":[{"width":1000,"height":600,"url":"https:\/\/conexionnacional.mx\/wp-content\/uploads\/2022\/12\/Anuncia-Marina-del-Pilar-nuevo-hospital-CN.jpg","type":"image\/jpeg"}],"author":"Conexi\u00f3n Nacional","twitter_card":"summary_large_image","twitter_misc":{"Escrito por":"Conexi\u00f3n Nacional","Tiempo de lectura":"4 minutos"},"schema":{"@context":"https:\/\/schema.org","@graph":[{"@type":"Article","@id":"https:\/\/conexionnacional.mx\/index.php\/2022\/12\/22\/nuevo-hospital-general-tijuana\/#article","isPartOf":{"@id":"https:\/\/conexionnacional.mx\/index.php\/2022\/12\/22\/nuevo-hospital-general-tijuana\/"},"author":{"name":"Conexi\u00f3n Nacional","@id":"https:\/\/conexionnacional.mx\/#\/schema\/person\/dd14aeda902120f5e0e021903fdb6931"},"headline":"Anuncia Marina del Pilar nuevo hospital general para la zona este de Tijuana","datePublished":"2022-12-22T23:00:00+00:00","mainEntityOfPage":{"@id":"https:\/\/conexionnacional.mx\/index.php\/2022\/12\/22\/nuevo-hospital-general-tijuana\/"},"wordCount":588,"publisher":{"@id":"https:\/\/conexionnacional.mx\/#organization"},"image":{"@id":"https:\/\/conexionnacional.mx\/index.php\/2022\/12\/22\/nuevo-hospital-general-tijuana\/#primaryimage"},"thumbnailUrl":"https:\/\/conexionnacional.mx\/wp-content\/uploads\/2022\/12\/Anuncia-Marina-del-Pilar-nuevo-hospital-CN.jpg","keywords":["hospital","Marina del Pilar Avila Olmeda","Tijuana"],"articleSection":["Estados"],"inLanguage":"es"},{"@type":"WebPage","@id":"https:\/\/conexionnacional.mx\/index.php\/2022\/12\/22\/nuevo-hospital-general-tijuana\/","url":"https:\/\/conexionnacional.mx\/index.php\/2022\/12\/22\/nuevo-hospital-general-tijuana\/","name":"Anuncia Marina del Pilar nuevo hospital general para la zona este de Tijuana |","isPartOf":{"@id":"https:\/\/conexionnacional.mx\/#website"},"primaryImageOfPage":{"@id":"https:\/\/conexionnacional.mx\/index.php\/2022\/12\/22\/nuevo-hospital-general-tijuana\/#primaryimage"},"image":{"@id":"https:\/\/conexionnacional.mx\/index.php\/2022\/12\/22\/nuevo-hospital-general-tijuana\/#primaryimage"},"thumbnailUrl":"https:\/\/conexionnacional.mx\/wp-content\/uploads\/2022\/12\/Anuncia-Marina-del-Pilar-nuevo-hospital-CN.jpg","datePublished":"2022-12-22T23:00:00+00:00","description":"Atender\u00e1 a cientos de miles de ciudadanos, desahogando el antiguo Hospital General de Tijuana y fortaleciendo la atenci\u00f3n m\u00e9dica.","breadcrumb":{"@id":"https:\/\/conexionnacional.mx\/index.php\/2022\/12\/22\/nuevo-hospital-general-tijuana\/#breadcrumb"},"inLanguage":"es","potentialAction":[{"@type":"ReadAction","target":["https:\/\/conexionnacional.mx\/index.php\/2022\/12\/22\/nuevo-hospital-general-tijuana\/"]}]},{"@type":"ImageObject","inLanguage":"es","@id":"https:\/\/conexionnacional.mx\/index.php\/2022\/12\/22\/nuevo-hospital-general-tijuana\/#primaryimage","url":"https:\/\/conexionnacional.mx\/wp-content\/uploads\/2022\/12\/Anuncia-Marina-del-Pilar-nuevo-hospital-CN.jpg","contentUrl":"https:\/\/conexionnacional.mx\/wp-content\/uploads\/2022\/12\/Anuncia-Marina-del-Pilar-nuevo-hospital-CN.jpg","width":1000,"height":600,"caption":"Nuevo hospital de Tijuana"},{"@type":"BreadcrumbList","@id":"https:\/\/conexionnacional.mx\/index.php\/2022\/12\/22\/nuevo-hospital-general-tijuana\/#breadcrumb","itemListElement":[{"@type":"ListItem","position":1,"name":"Inicio","item":"https:\/\/conexionnacional.mx\/"},{"@type":"ListItem","position":2,"name":"Anuncia Marina del Pilar nuevo hospital general para la zona este de Tijuana"}]},{"@type":"WebSite","@id":"https:\/\/conexionnacional.mx\/#website","url":"https:\/\/conexionnacional.mx\/","name":"Conexi\u00f3n Nacional","description":"Noticias al momento","publisher":{"@id":"https:\/\/conexionnacional.mx\/#organization"},"alternateName":"Noticias nacionales","potentialAction":[{"@type":"SearchAction","target":{"@type":"EntryPoint","urlTemplate":"https:\/\/conexionnacional.mx\/?s={search_term_string}"},"query-input":{"@type":"PropertyValueSpecification","valueRequired":true,"valueName":"search_term_string"}}],"inLanguage":"es"},{"@type":"Organization","@id":"https:\/\/conexionnacional.mx\/#organization","name":"Conexi\u00f3n Nacional","url":"https:\/\/conexionnacional.mx\/","logo":{"@type":"ImageObject","inLanguage":"es","@id":"https:\/\/conexionnacional.mx\/#\/schema\/logo\/image\/","url":"https:\/\/conexionnacional.mx\/wp-content\/uploads\/2022\/09\/conexion_nacional.png","contentUrl":"https:\/\/conexionnacional.mx\/wp-content\/uploads\/2022\/09\/conexion_nacional.png","width":2964,"height":1173,"caption":"Conexi\u00f3n Nacional"},"image":{"@id":"https:\/\/conexionnacional.mx\/#\/schema\/logo\/image\/"},"sameAs":["https:\/\/www.facebook.com\/cnmxradio"]},{"@type":"Person","@id":"https:\/\/conexionnacional.mx\/#\/schema\/person\/dd14aeda902120f5e0e021903fdb6931","name":"Conexi\u00f3n Nacional","image":{"@type":"ImageObject","inLanguage":"es","@id":"https:\/\/secure.gravatar.com\/avatar\/e523100f284110b2ecca7e17b2be9cf140a5e8f35294c9ec0543e6916cc1f9be?s=96&d=blank&r=g","url":"https:\/\/secure.gravatar.com\/avatar\/e523100f284110b2ecca7e17b2be9cf140a5e8f35294c9ec0543e6916cc1f9be?s=96&d=blank&r=g","contentUrl":"https:\/\/secure.gravatar.com\/avatar\/e523100f284110b2ecca7e17b2be9cf140a5e8f35294c9ec0543e6916cc1f9be?s=96&d=blank&r=g","caption":"Conexi\u00f3n Nacional"},"sameAs":["https:\/\/conexionnacional.mx"],"url":"https:\/\/conexionnacional.mx\/index.php\/author\/administrador\/"}]}},"_links":{"self":[{"href":"https:\/\/conexionnacional.mx\/index.php\/wp-json\/wp\/v2\/posts\/5760","targetHints":{"allow":["GET"]}}],"collection":[{"href":"https:\/\/conexionnacional.mx\/index.php\/wp-json\/wp\/v2\/posts"}],"about":[{"href":"https:\/\/conexionnacional.mx\/index.php\/wp-json\/wp\/v2\/types\/post"}],"author":[{"embeddable":true,"href":"https:\/\/conexionnacional.mx\/index.php\/wp-json\/wp\/v2\/users\/1"}],"replies":[{"embeddable":true,"href":"https:\/\/conexionnacional.mx\/index.php\/wp-json\/wp\/v2\/comments?post=5760"}],"version-history":[{"count":1,"href":"https:\/\/conexionnacional.mx\/index.php\/wp-json\/wp\/v2\/posts\/5760\/revisions"}],"predecessor-version":[{"id":5762,"href":"https:\/\/conexionnacional.mx\/index.php\/wp-json\/wp\/v2\/posts\/5760\/revisions\/5762"}],"wp:featuredmedia":[{"embeddable":true,"href":"https:\/\/conexionnacional.mx\/index.php\/wp-json\/wp\/v2\/media\/5761"}],"wp:attachment":[{"href":"https:\/\/conexionnacional.mx\/index.php\/wp-json\/wp\/v2\/media?parent=5760"}],"wp:term":[{"taxonomy":"category","embeddable":true,"href":"https:\/\/conexionnacional.mx\/index.php\/wp-json\/wp\/v2\/categories?post=5760"},{"taxonomy":"post_tag","embeddable":true,"href":"https:\/\/conexionnacional.mx\/index.php\/wp-json\/wp\/v2\/tags?post=5760"}],"curies":[{"name":"wp","href":"https:\/\/api.w.org\/{rel}","templated":true}]}}