{"id":5756,"date":"2022-12-22T14:02:00","date_gmt":"2022-12-22T20:02:00","guid":{"rendered":"https:\/\/conexionnacional.mx\/?p=5756"},"modified":"2022-12-22T14:40:36","modified_gmt":"2022-12-22T20:40:36","slug":"aplazan-integracion-de-mesa-de-paz","status":"publish","type":"post","link":"https:\/\/conexionnacional.mx\/index.php\/2022\/12\/22\/aplazan-integracion-de-mesa-de-paz\/","title":{"rendered":"<strong>Aplazan integraci\u00f3n de mesa de paz con organizaciones triquis<\/strong>"},"content":{"rendered":"\n<p>Por: <a href=\"https:\/\/www.xeouradio.com\/2022\/12\/22\/aplazan-integracion-de-mesa-de-paz-con-organizaciones-triquis\/\">xeouradio.com<\/a> |<\/p>\n\n\n\n<p>* MULT exige justicia por sus militantes asesinados *<\/p>\n\n\n\n<p>El integrante de la Direcci\u00f3n Pol\u00edtica Colectiva del Movimiento de Unificaci\u00f3n y Lucha Triqui (MULT), Eleazar Ortiz Ram\u00edrez, inform\u00f3 que el Gobierno del Estado aplaz\u00f3 para ma\u00f1ana viernes la instalaci\u00f3n de la mesa de paz, seguridad, justicia y bienestar, programada para ayer mi\u00e9rcoles.<\/p>\n\n\n\n<p>Indic\u00f3 que el MULT apuesta al di\u00e1logo y la pacificaci\u00f3n de la regi\u00f3n triqui; sin embargo, dijo que, a la par, el Gobierno del Estado debe realizar acciones para castigar a los responsables de los asesinatos y emboscadas contra sus militantes. Se\u00f1al\u00f3 que este martes 20 de diciembre falleci\u00f3 Ana Cristina Mart\u00ednez Garc\u00eda, de 18 a\u00f1os de edad, originaria de Tierra Blanca, Copala, por las heridas de bala que ten\u00eda en la cabeza, como resultado de la emboscada registrada el 08 de agosto, cuando resultaron heridas seis personas m\u00e1s.<\/p>\n\n\n\n<p>Dijo que Mart\u00ednez Garc\u00eda dej\u00f3 en la horfandad a su hijo de tres a\u00f1os de edad, por lo que el MULT exige justicia.<\/p>\n\n\n\n<p>\u201cNosotros seguimos firmes con nuestra exigencia de justicia. Nos dijeron el d\u00eda viernes, pero creo que esperemos que se lleve, pero no se trata de instalar y ya, vamos a tomarnos fotos. Wu\u00e9 bueno que las organizaciones est\u00e1n de acuerdo, creo que una cosa es venir a exhibirnos, que nos tomen fotos, y otra cosa es que el Gobierno tome cartas en el asunto y aplique la ley, porque no podemos nosotros negociar a trav\u00e9s de nuestros muertos\u201d, enfatiz\u00f3.<\/p>\n\n\n\n<p>El dirigente de la Unidad de Bienestar Social de la Regi\u00f3n Triqui (Ubisort), Fabi\u00e1n Pereda, refrend\u00f3 su compromiso y voluntad pol\u00edtica de trabajar por la paz en la zona, tal como lo mencion\u00f3 durante la visita del gobernador Salom\u00f3n Jara Cruz el s\u00e1bado 17 de diciembre en Guadalupe Tilapa.<\/p>\n\n\n\n<p>Expres\u00f3 que la Ubisort participar\u00e1 en la mesa de paz a realizarse el viernes tras diferirse por las agendas de los funcionarios federales.<\/p>\n\n\n\n<p>\u201cPoder encaminar la paz en la zona y que se haga realidad el tema, que ya se deje de estar haciendo mucho papeleo solamente de la paz, y que se vaya a los hechos. Veremos c\u00f3mo sale la primera reuni\u00f3n, esperemos que salga todo bien, esperemos que todos realmente tengamos la voluntad de trabajar y que no sean solo letras muertas\u201d, sentenci\u00f3.<\/p>\n\n\n\n<p>Este medio de comunicaci\u00f3n intent\u00f3 contactar s dirigentes del Movimiento de Unificaci\u00f3n y Lucha Triqui Independiente (MULTI) para conocer su posicionamiento, sin embargo, no fue posible tener respuesta.<\/p>\n\n\n\n<p>Con informaci\u00f3n de: <a href=\"https:\/\/www.xeouradio.com\">Sistema Radiof\u00f3nico Informativo<\/a>.<\/p>\n","protected":false},"excerpt":{"rendered":"<p>Por: xeouradio.com | * MULT exige justicia por sus militantes asesinados * El integrante de la Direcci\u00f3n Pol\u00edtica Colectiva del Movimiento de Unificaci\u00f3n y Lucha Triqui (MULT), Eleazar Ortiz Ram\u00edrez, inform\u00f3 que el Gobierno del Estado aplaz\u00f3 para ma\u00f1ana viernes la instalaci\u00f3n de la mesa de paz, seguridad, justicia y bienestar, programada para ayer mi\u00e9rcoles. [&hellip;]<\/p>\n","protected":false},"author":1,"featured_media":5757,"comment_status":"closed","ping_status":"closed","sticky":false,"template":"","format":"aside","meta":{"googlesitekit_rrm_CAowytPeCw:productID":"","footnotes":""},"categories":[17],"tags":[2960,500,224],"class_list":["post-5756","post","type-post","status-publish","format-aside","has-post-thumbnail","hentry","category-estados","tag-mesa-de-paz","tag-mult","tag-triquis","post_format-post-format-aside"],"yoast_head":"<!-- This site is optimized with the Yoast SEO plugin v27.5 - https:\/\/yoast.com\/product\/yoast-seo-wordpress\/ -->\n<title>Aplazan integraci\u00f3n de mesa de paz con organizaciones triquis |<\/title>\n<meta name=\"description\" content=\"El integrante de la Direcci\u00f3n Pol\u00edtica Colectiva del MULT, Eleazar Ortiz Ram\u00edrez, inform\u00f3 que el Gobierno del Estado aplaz\u00f3 para ma\u00f1ana viernes la instalaci\u00f3n de la mesa de paz\" \/>\n<meta name=\"robots\" content=\"index, follow, max-snippet:-1, max-image-preview:large, max-video-preview:-1\" \/>\n<link rel=\"canonical\" href=\"https:\/\/conexionnacional.mx\/index.php\/2022\/12\/22\/aplazan-integracion-de-mesa-de-paz\/\" \/>\n<meta property=\"og:locale\" content=\"es_MX\" \/>\n<meta property=\"og:type\" content=\"article\" \/>\n<meta property=\"og:title\" content=\"Aplazan integraci\u00f3n de mesa de paz con organizaciones triquis |\" \/>\n<meta property=\"og:description\" content=\"El integrante de la Direcci\u00f3n Pol\u00edtica Colectiva del MULT, Eleazar Ortiz Ram\u00edrez, inform\u00f3 que el Gobierno del Estado aplaz\u00f3 para ma\u00f1ana viernes la instalaci\u00f3n de la mesa de paz\" \/>\n<meta property=\"og:url\" content=\"https:\/\/conexionnacional.mx\/index.php\/2022\/12\/22\/aplazan-integracion-de-mesa-de-paz\/\" \/>\n<meta property=\"og:site_name\" content=\"Conexi\u00f3n Nacional\" \/>\n<meta property=\"article:publisher\" content=\"https:\/\/www.facebook.com\/cnmxradio\" \/>\n<meta property=\"article:published_time\" content=\"2022-12-22T20:02:00+00:00\" \/>\n<meta property=\"article:modified_time\" content=\"2022-12-22T20:40:36+00:00\" \/>\n<meta property=\"og:image\" content=\"https:\/\/conexionnacional.mx\/wp-content\/uploads\/2022\/12\/Aplazan-integracion-de-mesa-de-paz-CN.jpg\" \/>\n\t<meta property=\"og:image:width\" content=\"1000\" \/>\n\t<meta property=\"og:image:height\" content=\"600\" \/>\n\t<meta property=\"og:image:type\" content=\"image\/jpeg\" \/>\n<meta name=\"author\" content=\"Conexi\u00f3n Nacional\" \/>\n<meta name=\"twitter:card\" content=\"summary_large_image\" \/>\n<meta name=\"twitter:label1\" content=\"Escrito por\" \/>\n\t<meta name=\"twitter:data1\" content=\"Conexi\u00f3n Nacional\" \/>\n\t<meta name=\"twitter:label2\" content=\"Tiempo de lectura\" \/>\n\t<meta name=\"twitter:data2\" content=\"2 minutos\" \/>\n<script type=\"application\/ld+json\" class=\"yoast-schema-graph\">{\"@context\":\"https:\\\/\\\/schema.org\",\"@graph\":[{\"@type\":\"Article\",\"@id\":\"https:\\\/\\\/conexionnacional.mx\\\/index.php\\\/2022\\\/12\\\/22\\\/aplazan-integracion-de-mesa-de-paz\\\/#article\",\"isPartOf\":{\"@id\":\"https:\\\/\\\/conexionnacional.mx\\\/index.php\\\/2022\\\/12\\\/22\\\/aplazan-integracion-de-mesa-de-paz\\\/\"},\"author\":{\"name\":\"Conexi\u00f3n Nacional\",\"@id\":\"https:\\\/\\\/conexionnacional.mx\\\/#\\\/schema\\\/person\\\/dd14aeda902120f5e0e021903fdb6931\"},\"headline\":\"Aplazan integraci\u00f3n de mesa de paz con organizaciones triquis\",\"datePublished\":\"2022-12-22T20:02:00+00:00\",\"dateModified\":\"2022-12-22T20:40:36+00:00\",\"mainEntityOfPage\":{\"@id\":\"https:\\\/\\\/conexionnacional.mx\\\/index.php\\\/2022\\\/12\\\/22\\\/aplazan-integracion-de-mesa-de-paz\\\/\"},\"wordCount\":451,\"publisher\":{\"@id\":\"https:\\\/\\\/conexionnacional.mx\\\/#organization\"},\"image\":{\"@id\":\"https:\\\/\\\/conexionnacional.mx\\\/index.php\\\/2022\\\/12\\\/22\\\/aplazan-integracion-de-mesa-de-paz\\\/#primaryimage\"},\"thumbnailUrl\":\"https:\\\/\\\/conexionnacional.mx\\\/wp-content\\\/uploads\\\/2022\\\/12\\\/Aplazan-integracion-de-mesa-de-paz-CN.jpg\",\"keywords\":[\"mesa de paz\",\"MULT\",\"Triquis\"],\"articleSection\":[\"Estados\"],\"inLanguage\":\"es\"},{\"@type\":\"WebPage\",\"@id\":\"https:\\\/\\\/conexionnacional.mx\\\/index.php\\\/2022\\\/12\\\/22\\\/aplazan-integracion-de-mesa-de-paz\\\/\",\"url\":\"https:\\\/\\\/conexionnacional.mx\\\/index.php\\\/2022\\\/12\\\/22\\\/aplazan-integracion-de-mesa-de-paz\\\/\",\"name\":\"Aplazan integraci\u00f3n de mesa de paz con organizaciones triquis |\",\"isPartOf\":{\"@id\":\"https:\\\/\\\/conexionnacional.mx\\\/#website\"},\"primaryImageOfPage\":{\"@id\":\"https:\\\/\\\/conexionnacional.mx\\\/index.php\\\/2022\\\/12\\\/22\\\/aplazan-integracion-de-mesa-de-paz\\\/#primaryimage\"},\"image\":{\"@id\":\"https:\\\/\\\/conexionnacional.mx\\\/index.php\\\/2022\\\/12\\\/22\\\/aplazan-integracion-de-mesa-de-paz\\\/#primaryimage\"},\"thumbnailUrl\":\"https:\\\/\\\/conexionnacional.mx\\\/wp-content\\\/uploads\\\/2022\\\/12\\\/Aplazan-integracion-de-mesa-de-paz-CN.jpg\",\"datePublished\":\"2022-12-22T20:02:00+00:00\",\"dateModified\":\"2022-12-22T20:40:36+00:00\",\"description\":\"El integrante de la Direcci\u00f3n Pol\u00edtica Colectiva del MULT, Eleazar Ortiz Ram\u00edrez, inform\u00f3 que el Gobierno del Estado aplaz\u00f3 para ma\u00f1ana viernes la instalaci\u00f3n de la mesa de paz\",\"breadcrumb\":{\"@id\":\"https:\\\/\\\/conexionnacional.mx\\\/index.php\\\/2022\\\/12\\\/22\\\/aplazan-integracion-de-mesa-de-paz\\\/#breadcrumb\"},\"inLanguage\":\"es\",\"potentialAction\":[{\"@type\":\"ReadAction\",\"target\":[\"https:\\\/\\\/conexionnacional.mx\\\/index.php\\\/2022\\\/12\\\/22\\\/aplazan-integracion-de-mesa-de-paz\\\/\"]}]},{\"@type\":\"ImageObject\",\"inLanguage\":\"es\",\"@id\":\"https:\\\/\\\/conexionnacional.mx\\\/index.php\\\/2022\\\/12\\\/22\\\/aplazan-integracion-de-mesa-de-paz\\\/#primaryimage\",\"url\":\"https:\\\/\\\/conexionnacional.mx\\\/wp-content\\\/uploads\\\/2022\\\/12\\\/Aplazan-integracion-de-mesa-de-paz-CN.jpg\",\"contentUrl\":\"https:\\\/\\\/conexionnacional.mx\\\/wp-content\\\/uploads\\\/2022\\\/12\\\/Aplazan-integracion-de-mesa-de-paz-CN.jpg\",\"width\":1000,\"height\":600,\"caption\":\"Aplazan integraci\u00f3n de mesa de paz con organizaciones triquis\"},{\"@type\":\"BreadcrumbList\",\"@id\":\"https:\\\/\\\/conexionnacional.mx\\\/index.php\\\/2022\\\/12\\\/22\\\/aplazan-integracion-de-mesa-de-paz\\\/#breadcrumb\",\"itemListElement\":[{\"@type\":\"ListItem\",\"position\":1,\"name\":\"Inicio\",\"item\":\"https:\\\/\\\/conexionnacional.mx\\\/\"},{\"@type\":\"ListItem\",\"position\":2,\"name\":\"Aplazan integraci\u00f3n de mesa de paz con organizaciones triquis\"}]},{\"@type\":\"WebSite\",\"@id\":\"https:\\\/\\\/conexionnacional.mx\\\/#website\",\"url\":\"https:\\\/\\\/conexionnacional.mx\\\/\",\"name\":\"Conexi\u00f3n Nacional\",\"description\":\"Noticias al momento\",\"publisher\":{\"@id\":\"https:\\\/\\\/conexionnacional.mx\\\/#organization\"},\"alternateName\":\"Noticias nacionales\",\"potentialAction\":[{\"@type\":\"SearchAction\",\"target\":{\"@type\":\"EntryPoint\",\"urlTemplate\":\"https:\\\/\\\/conexionnacional.mx\\\/?s={search_term_string}\"},\"query-input\":{\"@type\":\"PropertyValueSpecification\",\"valueRequired\":true,\"valueName\":\"search_term_string\"}}],\"inLanguage\":\"es\"},{\"@type\":\"Organization\",\"@id\":\"https:\\\/\\\/conexionnacional.mx\\\/#organization\",\"name\":\"Conexi\u00f3n Nacional\",\"url\":\"https:\\\/\\\/conexionnacional.mx\\\/\",\"logo\":{\"@type\":\"ImageObject\",\"inLanguage\":\"es\",\"@id\":\"https:\\\/\\\/conexionnacional.mx\\\/#\\\/schema\\\/logo\\\/image\\\/\",\"url\":\"https:\\\/\\\/conexionnacional.mx\\\/wp-content\\\/uploads\\\/2022\\\/09\\\/conexion_nacional.png\",\"contentUrl\":\"https:\\\/\\\/conexionnacional.mx\\\/wp-content\\\/uploads\\\/2022\\\/09\\\/conexion_nacional.png\",\"width\":2964,\"height\":1173,\"caption\":\"Conexi\u00f3n Nacional\"},\"image\":{\"@id\":\"https:\\\/\\\/conexionnacional.mx\\\/#\\\/schema\\\/logo\\\/image\\\/\"},\"sameAs\":[\"https:\\\/\\\/www.facebook.com\\\/cnmxradio\"]},{\"@type\":\"Person\",\"@id\":\"https:\\\/\\\/conexionnacional.mx\\\/#\\\/schema\\\/person\\\/dd14aeda902120f5e0e021903fdb6931\",\"name\":\"Conexi\u00f3n Nacional\",\"image\":{\"@type\":\"ImageObject\",\"inLanguage\":\"es\",\"@id\":\"https:\\\/\\\/secure.gravatar.com\\\/avatar\\\/e523100f284110b2ecca7e17b2be9cf140a5e8f35294c9ec0543e6916cc1f9be?s=96&d=blank&r=g\",\"url\":\"https:\\\/\\\/secure.gravatar.com\\\/avatar\\\/e523100f284110b2ecca7e17b2be9cf140a5e8f35294c9ec0543e6916cc1f9be?s=96&d=blank&r=g\",\"contentUrl\":\"https:\\\/\\\/secure.gravatar.com\\\/avatar\\\/e523100f284110b2ecca7e17b2be9cf140a5e8f35294c9ec0543e6916cc1f9be?s=96&d=blank&r=g\",\"caption\":\"Conexi\u00f3n Nacional\"},\"sameAs\":[\"https:\\\/\\\/conexionnacional.mx\"],\"url\":\"https:\\\/\\\/conexionnacional.mx\\\/index.php\\\/author\\\/administrador\\\/\"}]}<\/script>\n<!-- \/ Yoast SEO plugin. -->","yoast_head_json":{"title":"Aplazan integraci\u00f3n de mesa de paz con organizaciones triquis |","description":"El integrante de la Direcci\u00f3n Pol\u00edtica Colectiva del MULT, Eleazar Ortiz Ram\u00edrez, inform\u00f3 que el Gobierno del Estado aplaz\u00f3 para ma\u00f1ana viernes la instalaci\u00f3n de la mesa de paz","robots":{"index":"index","follow":"follow","max-snippet":"max-snippet:-1","max-image-preview":"max-image-preview:large","max-video-preview":"max-video-preview:-1"},"canonical":"https:\/\/conexionnacional.mx\/index.php\/2022\/12\/22\/aplazan-integracion-de-mesa-de-paz\/","og_locale":"es_MX","og_type":"article","og_title":"Aplazan integraci\u00f3n de mesa de paz con organizaciones triquis |","og_description":"El integrante de la Direcci\u00f3n Pol\u00edtica Colectiva del MULT, Eleazar Ortiz Ram\u00edrez, inform\u00f3 que el Gobierno del Estado aplaz\u00f3 para ma\u00f1ana viernes la instalaci\u00f3n de la mesa de paz","og_url":"https:\/\/conexionnacional.mx\/index.php\/2022\/12\/22\/aplazan-integracion-de-mesa-de-paz\/","og_site_name":"Conexi\u00f3n Nacional","article_publisher":"https:\/\/www.facebook.com\/cnmxradio","article_published_time":"2022-12-22T20:02:00+00:00","article_modified_time":"2022-12-22T20:40:36+00:00","og_image":[{"width":1000,"height":600,"url":"https:\/\/conexionnacional.mx\/wp-content\/uploads\/2022\/12\/Aplazan-integracion-de-mesa-de-paz-CN.jpg","type":"image\/jpeg"}],"author":"Conexi\u00f3n Nacional","twitter_card":"summary_large_image","twitter_misc":{"Escrito por":"Conexi\u00f3n Nacional","Tiempo de lectura":"2 minutos"},"schema":{"@context":"https:\/\/schema.org","@graph":[{"@type":"Article","@id":"https:\/\/conexionnacional.mx\/index.php\/2022\/12\/22\/aplazan-integracion-de-mesa-de-paz\/#article","isPartOf":{"@id":"https:\/\/conexionnacional.mx\/index.php\/2022\/12\/22\/aplazan-integracion-de-mesa-de-paz\/"},"author":{"name":"Conexi\u00f3n Nacional","@id":"https:\/\/conexionnacional.mx\/#\/schema\/person\/dd14aeda902120f5e0e021903fdb6931"},"headline":"Aplazan integraci\u00f3n de mesa de paz con organizaciones triquis","datePublished":"2022-12-22T20:02:00+00:00","dateModified":"2022-12-22T20:40:36+00:00","mainEntityOfPage":{"@id":"https:\/\/conexionnacional.mx\/index.php\/2022\/12\/22\/aplazan-integracion-de-mesa-de-paz\/"},"wordCount":451,"publisher":{"@id":"https:\/\/conexionnacional.mx\/#organization"},"image":{"@id":"https:\/\/conexionnacional.mx\/index.php\/2022\/12\/22\/aplazan-integracion-de-mesa-de-paz\/#primaryimage"},"thumbnailUrl":"https:\/\/conexionnacional.mx\/wp-content\/uploads\/2022\/12\/Aplazan-integracion-de-mesa-de-paz-CN.jpg","keywords":["mesa de paz","MULT","Triquis"],"articleSection":["Estados"],"inLanguage":"es"},{"@type":"WebPage","@id":"https:\/\/conexionnacional.mx\/index.php\/2022\/12\/22\/aplazan-integracion-de-mesa-de-paz\/","url":"https:\/\/conexionnacional.mx\/index.php\/2022\/12\/22\/aplazan-integracion-de-mesa-de-paz\/","name":"Aplazan integraci\u00f3n de mesa de paz con organizaciones triquis |","isPartOf":{"@id":"https:\/\/conexionnacional.mx\/#website"},"primaryImageOfPage":{"@id":"https:\/\/conexionnacional.mx\/index.php\/2022\/12\/22\/aplazan-integracion-de-mesa-de-paz\/#primaryimage"},"image":{"@id":"https:\/\/conexionnacional.mx\/index.php\/2022\/12\/22\/aplazan-integracion-de-mesa-de-paz\/#primaryimage"},"thumbnailUrl":"https:\/\/conexionnacional.mx\/wp-content\/uploads\/2022\/12\/Aplazan-integracion-de-mesa-de-paz-CN.jpg","datePublished":"2022-12-22T20:02:00+00:00","dateModified":"2022-12-22T20:40:36+00:00","description":"El integrante de la Direcci\u00f3n Pol\u00edtica Colectiva del MULT, Eleazar Ortiz Ram\u00edrez, inform\u00f3 que el Gobierno del Estado aplaz\u00f3 para ma\u00f1ana viernes la instalaci\u00f3n de la mesa de paz","breadcrumb":{"@id":"https:\/\/conexionnacional.mx\/index.php\/2022\/12\/22\/aplazan-integracion-de-mesa-de-paz\/#breadcrumb"},"inLanguage":"es","potentialAction":[{"@type":"ReadAction","target":["https:\/\/conexionnacional.mx\/index.php\/2022\/12\/22\/aplazan-integracion-de-mesa-de-paz\/"]}]},{"@type":"ImageObject","inLanguage":"es","@id":"https:\/\/conexionnacional.mx\/index.php\/2022\/12\/22\/aplazan-integracion-de-mesa-de-paz\/#primaryimage","url":"https:\/\/conexionnacional.mx\/wp-content\/uploads\/2022\/12\/Aplazan-integracion-de-mesa-de-paz-CN.jpg","contentUrl":"https:\/\/conexionnacional.mx\/wp-content\/uploads\/2022\/12\/Aplazan-integracion-de-mesa-de-paz-CN.jpg","width":1000,"height":600,"caption":"Aplazan integraci\u00f3n de mesa de paz con organizaciones triquis"},{"@type":"BreadcrumbList","@id":"https:\/\/conexionnacional.mx\/index.php\/2022\/12\/22\/aplazan-integracion-de-mesa-de-paz\/#breadcrumb","itemListElement":[{"@type":"ListItem","position":1,"name":"Inicio","item":"https:\/\/conexionnacional.mx\/"},{"@type":"ListItem","position":2,"name":"Aplazan integraci\u00f3n de mesa de paz con organizaciones triquis"}]},{"@type":"WebSite","@id":"https:\/\/conexionnacional.mx\/#website","url":"https:\/\/conexionnacional.mx\/","name":"Conexi\u00f3n Nacional","description":"Noticias al momento","publisher":{"@id":"https:\/\/conexionnacional.mx\/#organization"},"alternateName":"Noticias nacionales","potentialAction":[{"@type":"SearchAction","target":{"@type":"EntryPoint","urlTemplate":"https:\/\/conexionnacional.mx\/?s={search_term_string}"},"query-input":{"@type":"PropertyValueSpecification","valueRequired":true,"valueName":"search_term_string"}}],"inLanguage":"es"},{"@type":"Organization","@id":"https:\/\/conexionnacional.mx\/#organization","name":"Conexi\u00f3n Nacional","url":"https:\/\/conexionnacional.mx\/","logo":{"@type":"ImageObject","inLanguage":"es","@id":"https:\/\/conexionnacional.mx\/#\/schema\/logo\/image\/","url":"https:\/\/conexionnacional.mx\/wp-content\/uploads\/2022\/09\/conexion_nacional.png","contentUrl":"https:\/\/conexionnacional.mx\/wp-content\/uploads\/2022\/09\/conexion_nacional.png","width":2964,"height":1173,"caption":"Conexi\u00f3n Nacional"},"image":{"@id":"https:\/\/conexionnacional.mx\/#\/schema\/logo\/image\/"},"sameAs":["https:\/\/www.facebook.com\/cnmxradio"]},{"@type":"Person","@id":"https:\/\/conexionnacional.mx\/#\/schema\/person\/dd14aeda902120f5e0e021903fdb6931","name":"Conexi\u00f3n Nacional","image":{"@type":"ImageObject","inLanguage":"es","@id":"https:\/\/secure.gravatar.com\/avatar\/e523100f284110b2ecca7e17b2be9cf140a5e8f35294c9ec0543e6916cc1f9be?s=96&d=blank&r=g","url":"https:\/\/secure.gravatar.com\/avatar\/e523100f284110b2ecca7e17b2be9cf140a5e8f35294c9ec0543e6916cc1f9be?s=96&d=blank&r=g","contentUrl":"https:\/\/secure.gravatar.com\/avatar\/e523100f284110b2ecca7e17b2be9cf140a5e8f35294c9ec0543e6916cc1f9be?s=96&d=blank&r=g","caption":"Conexi\u00f3n Nacional"},"sameAs":["https:\/\/conexionnacional.mx"],"url":"https:\/\/conexionnacional.mx\/index.php\/author\/administrador\/"}]}},"_links":{"self":[{"href":"https:\/\/conexionnacional.mx\/index.php\/wp-json\/wp\/v2\/posts\/5756","targetHints":{"allow":["GET"]}}],"collection":[{"href":"https:\/\/conexionnacional.mx\/index.php\/wp-json\/wp\/v2\/posts"}],"about":[{"href":"https:\/\/conexionnacional.mx\/index.php\/wp-json\/wp\/v2\/types\/post"}],"author":[{"embeddable":true,"href":"https:\/\/conexionnacional.mx\/index.php\/wp-json\/wp\/v2\/users\/1"}],"replies":[{"embeddable":true,"href":"https:\/\/conexionnacional.mx\/index.php\/wp-json\/wp\/v2\/comments?post=5756"}],"version-history":[{"count":1,"href":"https:\/\/conexionnacional.mx\/index.php\/wp-json\/wp\/v2\/posts\/5756\/revisions"}],"predecessor-version":[{"id":5758,"href":"https:\/\/conexionnacional.mx\/index.php\/wp-json\/wp\/v2\/posts\/5756\/revisions\/5758"}],"wp:featuredmedia":[{"embeddable":true,"href":"https:\/\/conexionnacional.mx\/index.php\/wp-json\/wp\/v2\/media\/5757"}],"wp:attachment":[{"href":"https:\/\/conexionnacional.mx\/index.php\/wp-json\/wp\/v2\/media?parent=5756"}],"wp:term":[{"taxonomy":"category","embeddable":true,"href":"https:\/\/conexionnacional.mx\/index.php\/wp-json\/wp\/v2\/categories?post=5756"},{"taxonomy":"post_tag","embeddable":true,"href":"https:\/\/conexionnacional.mx\/index.php\/wp-json\/wp\/v2\/tags?post=5756"}],"curies":[{"name":"wp","href":"https:\/\/api.w.org\/{rel}","templated":true}]}}