{"id":5713,"date":"2022-12-21T14:00:00","date_gmt":"2022-12-21T20:00:00","guid":{"rendered":"https:\/\/conexionnacional.mx\/?p=5713"},"modified":"2022-12-21T14:04:03","modified_gmt":"2022-12-21T20:04:03","slug":"este-aeropuerto-da-pena","status":"publish","type":"post","link":"https:\/\/conexionnacional.mx\/index.php\/2022\/12\/21\/este-aeropuerto-da-pena\/","title":{"rendered":"<strong>\u2018Este aeropuerto da pena, vengo de Qatar\u2019; Joserra se queja de la CDMX<\/strong>"},"content":{"rendered":"\n<p>Por: <a href=\"https:\/\/californiamedios.com\/este-aeropuerto-da-pena-vengo-de-qatar-joserra-se-queja-de-la-cdmx\/\">californiamedios.com<\/a> |&nbsp;<\/p>\n\n\n\n<p>De los lujos de un pa\u00eds como Qatar a la \u201causteridad\u201d de la Ciudad de M\u00e9xico. Reci\u00e9n llegado de tierras mundialistas, <a href=\"https:\/\/www.mediotiempo.com\/otros-mundos\/television\/faitelson-le-mento-la-madre-a-jose-ramon-fernandez-en-programa-en-vivo-video\">Jos\u00e9 Ram\u00f3n Fern\u00e1ndez<\/a> dijo sentir \u201cl\u00e1stima\u201d del Aeropuerto Internacional de la CDMX tras estar m\u00e1s de un mes rodeado de la opulencia qatar\u00ed, top\u00e1ndose ahora con una terminal a\u00e9rea que no est\u00e1 a la altura.<\/p>\n\n\n\n<p>\u00bfQu\u00e9 dijo Jos\u00e9 Ram\u00f3n Fern\u00e1ndez en Twitter?&nbsp;<\/p>\n\n\n\n<p>Joserra ha cubierto 12 Mundiales en la televisi\u00f3n, pero ninguno con el lujo y comodidades de Qatar 2022, por lo que hizo un llamado a que se restaure el Aeropuerto Internacional Benito Ju\u00e1rez porque es \u201cla primera cara que damos a los extranjeros\u201d y no es muy grata que digamos.<\/p>\n\n\n\n<p>\u201cDespu\u00e9s de ver tantos aeropuertos y el de Doha, una ciudad tan peque\u00f1ita que es espectacular, con trenes internos, lujos, enfermamente limpio. Sent\u00ed pena (del AICM)\u201d, public\u00f3 en su cuenta de Twitter.<\/p>\n\n\n<div class=\"wp-block-image\">\n<figure class=\"aligncenter is-resized\"><img decoding=\"async\" src=\"data:image\/gif;base64,R0lGODlhAQABAAAAACH5BAEKAAEALAAAAAABAAEAAAICTAEAOw==\" data-src=\"https:\/\/lh4.googleusercontent.com\/xjlhk9SRGrd2359g86qim6BArAykJ1YH2wYZ5x-jvnR4LTVjC6HVwJ7dtUrJsro6VkTGiDt_QIBAYXOXyweRdCuULeeuis8w-k1kkWhbeg8DHqi8IEEO4NaVcGaHJzqFjN6U08XpWQSsL-5xAzBaQr1f4JD1ahkTPzoCa8Kw36PitNrxl6ehCgBP0uM3Mw\" alt=\"\" width=\"720\" class=\"lazyload\" \/><\/figure>\n<\/div>\n\n\n<p>Su comentario fue tomado con tintes pol\u00edticos por sus seguidores, con algunos lamentando que el Gobierno actual cancelase el proyecto del Nuevo Aeropuerto en Texcoco para desarrollar el AIFA. Otros defendieron que \u201cM\u00e9xico no necesita aparentar\u201d algo que no es, acusando que hay problemas m\u00e1s graves que las condiciones de la terminal a\u00e9rea.<\/p>\n\n\n\n<p>\u00bfQui\u00e9n es Joserra Fern\u00e1ndez?<\/p>\n\n\n\n<p>El veterano comunicador de ESPN tiene 76 a\u00f1os, naci\u00f3 el 6 de abril de 1946 en Puebla y es hijo de inmigrantes espa\u00f1oles. Es confeso seguidor de los Pumas en la Liga MX y del Real Madrid en La Liga, adem\u00e1s de la Selecci\u00f3n Espa\u00f1ola. Es reconocido como el fundador de la corriente llamada <a href=\"https:\/\/www.mediotiempo.com\/futbol\/liga-mx\/cuauhtemoc-blanco-dedico-beso-a-jose-ramon-fernandez-en-tv-azteca-le-dijeron-rarito\">Antiamericanismo<\/a>, criticando todo lo que tenga que ver con el Club Am\u00e9rica y con la empresa Televisa.<\/p>\n\n\n\n<p>Con informaci\u00f3n de: <a href=\"https:\/\/californiamedios.com\">California Medios<\/a>.<\/p>\n","protected":false},"excerpt":{"rendered":"<p>Por: californiamedios.com |&nbsp; De los lujos de un pa\u00eds como Qatar a la \u201causteridad\u201d de la Ciudad de M\u00e9xico. Reci\u00e9n llegado de tierras mundialistas, Jos\u00e9 Ram\u00f3n Fern\u00e1ndez dijo sentir \u201cl\u00e1stima\u201d del Aeropuerto Internacional de la CDMX tras estar m\u00e1s de un mes rodeado de la opulencia qatar\u00ed, top\u00e1ndose ahora con una terminal a\u00e9rea que no [&hellip;]<\/p>\n","protected":false},"author":1,"featured_media":5714,"comment_status":"closed","ping_status":"closed","sticky":false,"template":"","format":"aside","meta":{"googlesitekit_rrm_CAowytPeCw:productID":"","footnotes":""},"categories":[26],"tags":[1615,41,2946,2947],"class_list":["post-5713","post","type-post","status-publish","format-aside","has-post-thumbnail","hentry","category-espectaculos","tag-aeropuerto","tag-cdmx","tag-jose-ramon-fernandez","tag-pena-2","post_format-post-format-aside"],"yoast_head":"<!-- This site is optimized with the Yoast SEO plugin v27.4 - https:\/\/yoast.com\/product\/yoast-seo-wordpress\/ -->\n<title>\u2018Este aeropuerto da pena, vengo de Qatar\u2019; Joserra se queja de la CDMX |<\/title>\n<meta name=\"description\" content=\"Reci\u00e9n llegado de tierras mundialistas, Jos\u00e9 Ram\u00f3n Fern\u00e1ndez dijo sentir \u201cl\u00e1stima\u201d del Aeropuerto Internacional de la CDMX.\" \/>\n<meta name=\"robots\" content=\"index, follow, max-snippet:-1, max-image-preview:large, max-video-preview:-1\" \/>\n<link rel=\"canonical\" href=\"https:\/\/conexionnacional.mx\/index.php\/2022\/12\/21\/este-aeropuerto-da-pena\/\" \/>\n<meta property=\"og:locale\" content=\"es_MX\" \/>\n<meta property=\"og:type\" content=\"article\" \/>\n<meta property=\"og:title\" content=\"\u2018Este aeropuerto da pena, vengo de Qatar\u2019; Joserra se queja de la CDMX |\" \/>\n<meta property=\"og:description\" content=\"Reci\u00e9n llegado de tierras mundialistas, Jos\u00e9 Ram\u00f3n Fern\u00e1ndez dijo sentir \u201cl\u00e1stima\u201d del Aeropuerto Internacional de la CDMX.\" \/>\n<meta property=\"og:url\" content=\"https:\/\/conexionnacional.mx\/index.php\/2022\/12\/21\/este-aeropuerto-da-pena\/\" \/>\n<meta property=\"og:site_name\" content=\"Conexi\u00f3n Nacional\" \/>\n<meta property=\"article:publisher\" content=\"https:\/\/www.facebook.com\/cnmxradio\" \/>\n<meta property=\"article:published_time\" content=\"2022-12-21T20:00:00+00:00\" \/>\n<meta property=\"article:modified_time\" content=\"2022-12-21T20:04:03+00:00\" \/>\n<meta property=\"og:image\" content=\"https:\/\/conexionnacional.mx\/wp-content\/uploads\/2022\/12\/Este-aeropuerto-da-pena-CN.jpg\" \/>\n\t<meta property=\"og:image:width\" content=\"1000\" \/>\n\t<meta property=\"og:image:height\" content=\"600\" \/>\n\t<meta property=\"og:image:type\" content=\"image\/jpeg\" \/>\n<meta name=\"author\" content=\"Conexi\u00f3n Nacional\" \/>\n<meta name=\"twitter:card\" content=\"summary_large_image\" \/>\n<meta name=\"twitter:label1\" content=\"Escrito por\" \/>\n\t<meta name=\"twitter:data1\" content=\"Conexi\u00f3n Nacional\" \/>\n\t<meta name=\"twitter:label2\" content=\"Tiempo de lectura\" \/>\n\t<meta name=\"twitter:data2\" content=\"2 minutos\" \/>\n<script type=\"application\/ld+json\" class=\"yoast-schema-graph\">{\"@context\":\"https:\\\/\\\/schema.org\",\"@graph\":[{\"@type\":\"Article\",\"@id\":\"https:\\\/\\\/conexionnacional.mx\\\/index.php\\\/2022\\\/12\\\/21\\\/este-aeropuerto-da-pena\\\/#article\",\"isPartOf\":{\"@id\":\"https:\\\/\\\/conexionnacional.mx\\\/index.php\\\/2022\\\/12\\\/21\\\/este-aeropuerto-da-pena\\\/\"},\"author\":{\"name\":\"Conexi\u00f3n Nacional\",\"@id\":\"https:\\\/\\\/conexionnacional.mx\\\/#\\\/schema\\\/person\\\/dd14aeda902120f5e0e021903fdb6931\"},\"headline\":\"\u2018Este aeropuerto da pena, vengo de Qatar\u2019; Joserra se queja de la CDMX\",\"datePublished\":\"2022-12-21T20:00:00+00:00\",\"dateModified\":\"2022-12-21T20:04:03+00:00\",\"mainEntityOfPage\":{\"@id\":\"https:\\\/\\\/conexionnacional.mx\\\/index.php\\\/2022\\\/12\\\/21\\\/este-aeropuerto-da-pena\\\/\"},\"wordCount\":319,\"publisher\":{\"@id\":\"https:\\\/\\\/conexionnacional.mx\\\/#organization\"},\"image\":{\"@id\":\"https:\\\/\\\/conexionnacional.mx\\\/index.php\\\/2022\\\/12\\\/21\\\/este-aeropuerto-da-pena\\\/#primaryimage\"},\"thumbnailUrl\":\"https:\\\/\\\/conexionnacional.mx\\\/wp-content\\\/uploads\\\/2022\\\/12\\\/Este-aeropuerto-da-pena-CN.jpg\",\"keywords\":[\"aeropuerto\",\"CDMX\",\"Jos\u00e9 Ram\u00f3n Fern\u00e1ndez\",\"pena\"],\"articleSection\":[\"Espect\u00e1culos\"],\"inLanguage\":\"es\"},{\"@type\":\"WebPage\",\"@id\":\"https:\\\/\\\/conexionnacional.mx\\\/index.php\\\/2022\\\/12\\\/21\\\/este-aeropuerto-da-pena\\\/\",\"url\":\"https:\\\/\\\/conexionnacional.mx\\\/index.php\\\/2022\\\/12\\\/21\\\/este-aeropuerto-da-pena\\\/\",\"name\":\"\u2018Este aeropuerto da pena, vengo de Qatar\u2019; Joserra se queja de la CDMX |\",\"isPartOf\":{\"@id\":\"https:\\\/\\\/conexionnacional.mx\\\/#website\"},\"primaryImageOfPage\":{\"@id\":\"https:\\\/\\\/conexionnacional.mx\\\/index.php\\\/2022\\\/12\\\/21\\\/este-aeropuerto-da-pena\\\/#primaryimage\"},\"image\":{\"@id\":\"https:\\\/\\\/conexionnacional.mx\\\/index.php\\\/2022\\\/12\\\/21\\\/este-aeropuerto-da-pena\\\/#primaryimage\"},\"thumbnailUrl\":\"https:\\\/\\\/conexionnacional.mx\\\/wp-content\\\/uploads\\\/2022\\\/12\\\/Este-aeropuerto-da-pena-CN.jpg\",\"datePublished\":\"2022-12-21T20:00:00+00:00\",\"dateModified\":\"2022-12-21T20:04:03+00:00\",\"description\":\"Reci\u00e9n llegado de tierras mundialistas, Jos\u00e9 Ram\u00f3n Fern\u00e1ndez dijo sentir \u201cl\u00e1stima\u201d del Aeropuerto Internacional de la CDMX.\",\"breadcrumb\":{\"@id\":\"https:\\\/\\\/conexionnacional.mx\\\/index.php\\\/2022\\\/12\\\/21\\\/este-aeropuerto-da-pena\\\/#breadcrumb\"},\"inLanguage\":\"es\",\"potentialAction\":[{\"@type\":\"ReadAction\",\"target\":[\"https:\\\/\\\/conexionnacional.mx\\\/index.php\\\/2022\\\/12\\\/21\\\/este-aeropuerto-da-pena\\\/\"]}]},{\"@type\":\"ImageObject\",\"inLanguage\":\"es\",\"@id\":\"https:\\\/\\\/conexionnacional.mx\\\/index.php\\\/2022\\\/12\\\/21\\\/este-aeropuerto-da-pena\\\/#primaryimage\",\"url\":\"https:\\\/\\\/conexionnacional.mx\\\/wp-content\\\/uploads\\\/2022\\\/12\\\/Este-aeropuerto-da-pena-CN.jpg\",\"contentUrl\":\"https:\\\/\\\/conexionnacional.mx\\\/wp-content\\\/uploads\\\/2022\\\/12\\\/Este-aeropuerto-da-pena-CN.jpg\",\"width\":1000,\"height\":600,\"caption\":\"Este aeropuerto da pena\"},{\"@type\":\"BreadcrumbList\",\"@id\":\"https:\\\/\\\/conexionnacional.mx\\\/index.php\\\/2022\\\/12\\\/21\\\/este-aeropuerto-da-pena\\\/#breadcrumb\",\"itemListElement\":[{\"@type\":\"ListItem\",\"position\":1,\"name\":\"Inicio\",\"item\":\"https:\\\/\\\/conexionnacional.mx\\\/\"},{\"@type\":\"ListItem\",\"position\":2,\"name\":\"\u2018Este aeropuerto da pena, vengo de Qatar\u2019; Joserra se queja de la CDMX\"}]},{\"@type\":\"WebSite\",\"@id\":\"https:\\\/\\\/conexionnacional.mx\\\/#website\",\"url\":\"https:\\\/\\\/conexionnacional.mx\\\/\",\"name\":\"Conexi\u00f3n Nacional\",\"description\":\"Noticias al momento\",\"publisher\":{\"@id\":\"https:\\\/\\\/conexionnacional.mx\\\/#organization\"},\"alternateName\":\"Noticias nacionales\",\"potentialAction\":[{\"@type\":\"SearchAction\",\"target\":{\"@type\":\"EntryPoint\",\"urlTemplate\":\"https:\\\/\\\/conexionnacional.mx\\\/?s={search_term_string}\"},\"query-input\":{\"@type\":\"PropertyValueSpecification\",\"valueRequired\":true,\"valueName\":\"search_term_string\"}}],\"inLanguage\":\"es\"},{\"@type\":\"Organization\",\"@id\":\"https:\\\/\\\/conexionnacional.mx\\\/#organization\",\"name\":\"Conexi\u00f3n Nacional\",\"url\":\"https:\\\/\\\/conexionnacional.mx\\\/\",\"logo\":{\"@type\":\"ImageObject\",\"inLanguage\":\"es\",\"@id\":\"https:\\\/\\\/conexionnacional.mx\\\/#\\\/schema\\\/logo\\\/image\\\/\",\"url\":\"https:\\\/\\\/conexionnacional.mx\\\/wp-content\\\/uploads\\\/2022\\\/09\\\/conexion_nacional.png\",\"contentUrl\":\"https:\\\/\\\/conexionnacional.mx\\\/wp-content\\\/uploads\\\/2022\\\/09\\\/conexion_nacional.png\",\"width\":2964,\"height\":1173,\"caption\":\"Conexi\u00f3n Nacional\"},\"image\":{\"@id\":\"https:\\\/\\\/conexionnacional.mx\\\/#\\\/schema\\\/logo\\\/image\\\/\"},\"sameAs\":[\"https:\\\/\\\/www.facebook.com\\\/cnmxradio\"]},{\"@type\":\"Person\",\"@id\":\"https:\\\/\\\/conexionnacional.mx\\\/#\\\/schema\\\/person\\\/dd14aeda902120f5e0e021903fdb6931\",\"name\":\"Conexi\u00f3n Nacional\",\"image\":{\"@type\":\"ImageObject\",\"inLanguage\":\"es\",\"@id\":\"https:\\\/\\\/secure.gravatar.com\\\/avatar\\\/e523100f284110b2ecca7e17b2be9cf140a5e8f35294c9ec0543e6916cc1f9be?s=96&d=blank&r=g\",\"url\":\"https:\\\/\\\/secure.gravatar.com\\\/avatar\\\/e523100f284110b2ecca7e17b2be9cf140a5e8f35294c9ec0543e6916cc1f9be?s=96&d=blank&r=g\",\"contentUrl\":\"https:\\\/\\\/secure.gravatar.com\\\/avatar\\\/e523100f284110b2ecca7e17b2be9cf140a5e8f35294c9ec0543e6916cc1f9be?s=96&d=blank&r=g\",\"caption\":\"Conexi\u00f3n Nacional\"},\"sameAs\":[\"https:\\\/\\\/conexionnacional.mx\"],\"url\":\"https:\\\/\\\/conexionnacional.mx\\\/index.php\\\/author\\\/administrador\\\/\"}]}<\/script>\n<!-- \/ Yoast SEO plugin. -->","yoast_head_json":{"title":"\u2018Este aeropuerto da pena, vengo de Qatar\u2019; Joserra se queja de la CDMX |","description":"Reci\u00e9n llegado de tierras mundialistas, Jos\u00e9 Ram\u00f3n Fern\u00e1ndez dijo sentir \u201cl\u00e1stima\u201d del Aeropuerto Internacional de la CDMX.","robots":{"index":"index","follow":"follow","max-snippet":"max-snippet:-1","max-image-preview":"max-image-preview:large","max-video-preview":"max-video-preview:-1"},"canonical":"https:\/\/conexionnacional.mx\/index.php\/2022\/12\/21\/este-aeropuerto-da-pena\/","og_locale":"es_MX","og_type":"article","og_title":"\u2018Este aeropuerto da pena, vengo de Qatar\u2019; Joserra se queja de la CDMX |","og_description":"Reci\u00e9n llegado de tierras mundialistas, Jos\u00e9 Ram\u00f3n Fern\u00e1ndez dijo sentir \u201cl\u00e1stima\u201d del Aeropuerto Internacional de la CDMX.","og_url":"https:\/\/conexionnacional.mx\/index.php\/2022\/12\/21\/este-aeropuerto-da-pena\/","og_site_name":"Conexi\u00f3n Nacional","article_publisher":"https:\/\/www.facebook.com\/cnmxradio","article_published_time":"2022-12-21T20:00:00+00:00","article_modified_time":"2022-12-21T20:04:03+00:00","og_image":[{"width":1000,"height":600,"url":"https:\/\/conexionnacional.mx\/wp-content\/uploads\/2022\/12\/Este-aeropuerto-da-pena-CN.jpg","type":"image\/jpeg"}],"author":"Conexi\u00f3n Nacional","twitter_card":"summary_large_image","twitter_misc":{"Escrito por":"Conexi\u00f3n Nacional","Tiempo de lectura":"2 minutos"},"schema":{"@context":"https:\/\/schema.org","@graph":[{"@type":"Article","@id":"https:\/\/conexionnacional.mx\/index.php\/2022\/12\/21\/este-aeropuerto-da-pena\/#article","isPartOf":{"@id":"https:\/\/conexionnacional.mx\/index.php\/2022\/12\/21\/este-aeropuerto-da-pena\/"},"author":{"name":"Conexi\u00f3n Nacional","@id":"https:\/\/conexionnacional.mx\/#\/schema\/person\/dd14aeda902120f5e0e021903fdb6931"},"headline":"\u2018Este aeropuerto da pena, vengo de Qatar\u2019; Joserra se queja de la CDMX","datePublished":"2022-12-21T20:00:00+00:00","dateModified":"2022-12-21T20:04:03+00:00","mainEntityOfPage":{"@id":"https:\/\/conexionnacional.mx\/index.php\/2022\/12\/21\/este-aeropuerto-da-pena\/"},"wordCount":319,"publisher":{"@id":"https:\/\/conexionnacional.mx\/#organization"},"image":{"@id":"https:\/\/conexionnacional.mx\/index.php\/2022\/12\/21\/este-aeropuerto-da-pena\/#primaryimage"},"thumbnailUrl":"https:\/\/conexionnacional.mx\/wp-content\/uploads\/2022\/12\/Este-aeropuerto-da-pena-CN.jpg","keywords":["aeropuerto","CDMX","Jos\u00e9 Ram\u00f3n Fern\u00e1ndez","pena"],"articleSection":["Espect\u00e1culos"],"inLanguage":"es"},{"@type":"WebPage","@id":"https:\/\/conexionnacional.mx\/index.php\/2022\/12\/21\/este-aeropuerto-da-pena\/","url":"https:\/\/conexionnacional.mx\/index.php\/2022\/12\/21\/este-aeropuerto-da-pena\/","name":"\u2018Este aeropuerto da pena, vengo de Qatar\u2019; Joserra se queja de la CDMX |","isPartOf":{"@id":"https:\/\/conexionnacional.mx\/#website"},"primaryImageOfPage":{"@id":"https:\/\/conexionnacional.mx\/index.php\/2022\/12\/21\/este-aeropuerto-da-pena\/#primaryimage"},"image":{"@id":"https:\/\/conexionnacional.mx\/index.php\/2022\/12\/21\/este-aeropuerto-da-pena\/#primaryimage"},"thumbnailUrl":"https:\/\/conexionnacional.mx\/wp-content\/uploads\/2022\/12\/Este-aeropuerto-da-pena-CN.jpg","datePublished":"2022-12-21T20:00:00+00:00","dateModified":"2022-12-21T20:04:03+00:00","description":"Reci\u00e9n llegado de tierras mundialistas, Jos\u00e9 Ram\u00f3n Fern\u00e1ndez dijo sentir \u201cl\u00e1stima\u201d del Aeropuerto Internacional de la CDMX.","breadcrumb":{"@id":"https:\/\/conexionnacional.mx\/index.php\/2022\/12\/21\/este-aeropuerto-da-pena\/#breadcrumb"},"inLanguage":"es","potentialAction":[{"@type":"ReadAction","target":["https:\/\/conexionnacional.mx\/index.php\/2022\/12\/21\/este-aeropuerto-da-pena\/"]}]},{"@type":"ImageObject","inLanguage":"es","@id":"https:\/\/conexionnacional.mx\/index.php\/2022\/12\/21\/este-aeropuerto-da-pena\/#primaryimage","url":"https:\/\/conexionnacional.mx\/wp-content\/uploads\/2022\/12\/Este-aeropuerto-da-pena-CN.jpg","contentUrl":"https:\/\/conexionnacional.mx\/wp-content\/uploads\/2022\/12\/Este-aeropuerto-da-pena-CN.jpg","width":1000,"height":600,"caption":"Este aeropuerto da pena"},{"@type":"BreadcrumbList","@id":"https:\/\/conexionnacional.mx\/index.php\/2022\/12\/21\/este-aeropuerto-da-pena\/#breadcrumb","itemListElement":[{"@type":"ListItem","position":1,"name":"Inicio","item":"https:\/\/conexionnacional.mx\/"},{"@type":"ListItem","position":2,"name":"\u2018Este aeropuerto da pena, vengo de Qatar\u2019; Joserra se queja de la CDMX"}]},{"@type":"WebSite","@id":"https:\/\/conexionnacional.mx\/#website","url":"https:\/\/conexionnacional.mx\/","name":"Conexi\u00f3n Nacional","description":"Noticias al momento","publisher":{"@id":"https:\/\/conexionnacional.mx\/#organization"},"alternateName":"Noticias nacionales","potentialAction":[{"@type":"SearchAction","target":{"@type":"EntryPoint","urlTemplate":"https:\/\/conexionnacional.mx\/?s={search_term_string}"},"query-input":{"@type":"PropertyValueSpecification","valueRequired":true,"valueName":"search_term_string"}}],"inLanguage":"es"},{"@type":"Organization","@id":"https:\/\/conexionnacional.mx\/#organization","name":"Conexi\u00f3n Nacional","url":"https:\/\/conexionnacional.mx\/","logo":{"@type":"ImageObject","inLanguage":"es","@id":"https:\/\/conexionnacional.mx\/#\/schema\/logo\/image\/","url":"https:\/\/conexionnacional.mx\/wp-content\/uploads\/2022\/09\/conexion_nacional.png","contentUrl":"https:\/\/conexionnacional.mx\/wp-content\/uploads\/2022\/09\/conexion_nacional.png","width":2964,"height":1173,"caption":"Conexi\u00f3n Nacional"},"image":{"@id":"https:\/\/conexionnacional.mx\/#\/schema\/logo\/image\/"},"sameAs":["https:\/\/www.facebook.com\/cnmxradio"]},{"@type":"Person","@id":"https:\/\/conexionnacional.mx\/#\/schema\/person\/dd14aeda902120f5e0e021903fdb6931","name":"Conexi\u00f3n Nacional","image":{"@type":"ImageObject","inLanguage":"es","@id":"https:\/\/secure.gravatar.com\/avatar\/e523100f284110b2ecca7e17b2be9cf140a5e8f35294c9ec0543e6916cc1f9be?s=96&d=blank&r=g","url":"https:\/\/secure.gravatar.com\/avatar\/e523100f284110b2ecca7e17b2be9cf140a5e8f35294c9ec0543e6916cc1f9be?s=96&d=blank&r=g","contentUrl":"https:\/\/secure.gravatar.com\/avatar\/e523100f284110b2ecca7e17b2be9cf140a5e8f35294c9ec0543e6916cc1f9be?s=96&d=blank&r=g","caption":"Conexi\u00f3n Nacional"},"sameAs":["https:\/\/conexionnacional.mx"],"url":"https:\/\/conexionnacional.mx\/index.php\/author\/administrador\/"}]}},"_links":{"self":[{"href":"https:\/\/conexionnacional.mx\/index.php\/wp-json\/wp\/v2\/posts\/5713","targetHints":{"allow":["GET"]}}],"collection":[{"href":"https:\/\/conexionnacional.mx\/index.php\/wp-json\/wp\/v2\/posts"}],"about":[{"href":"https:\/\/conexionnacional.mx\/index.php\/wp-json\/wp\/v2\/types\/post"}],"author":[{"embeddable":true,"href":"https:\/\/conexionnacional.mx\/index.php\/wp-json\/wp\/v2\/users\/1"}],"replies":[{"embeddable":true,"href":"https:\/\/conexionnacional.mx\/index.php\/wp-json\/wp\/v2\/comments?post=5713"}],"version-history":[{"count":1,"href":"https:\/\/conexionnacional.mx\/index.php\/wp-json\/wp\/v2\/posts\/5713\/revisions"}],"predecessor-version":[{"id":5715,"href":"https:\/\/conexionnacional.mx\/index.php\/wp-json\/wp\/v2\/posts\/5713\/revisions\/5715"}],"wp:featuredmedia":[{"embeddable":true,"href":"https:\/\/conexionnacional.mx\/index.php\/wp-json\/wp\/v2\/media\/5714"}],"wp:attachment":[{"href":"https:\/\/conexionnacional.mx\/index.php\/wp-json\/wp\/v2\/media?parent=5713"}],"wp:term":[{"taxonomy":"category","embeddable":true,"href":"https:\/\/conexionnacional.mx\/index.php\/wp-json\/wp\/v2\/categories?post=5713"},{"taxonomy":"post_tag","embeddable":true,"href":"https:\/\/conexionnacional.mx\/index.php\/wp-json\/wp\/v2\/tags?post=5713"}],"curies":[{"name":"wp","href":"https:\/\/api.w.org\/{rel}","templated":true}]}}