{"id":5580,"date":"2022-12-18T11:01:03","date_gmt":"2022-12-18T17:01:03","guid":{"rendered":"https:\/\/conexionnacional.mx\/?p=5580"},"modified":"2022-12-18T11:01:04","modified_gmt":"2022-12-18T17:01:04","slug":"nino-asaltante-en-toluca","status":"publish","type":"post","link":"https:\/\/conexionnacional.mx\/index.php\/2022\/12\/18\/nino-asaltante-en-toluca\/","title":{"rendered":"<strong>Exhiben al ni\u00f1o asaltante en Toluca, tiene 10 a\u00f1os y es muy violento<\/strong>"},"content":{"rendered":"\n<p>Por: <a href=\"https:\/\/www.cydnoticias.mx\/2022\/12\/18\/nino-asaltante-en-toluca\/\">cydnoticias.mx<\/a>    |<\/p>\n\n\n\n<p>Un ni\u00f1o de entre ocho y diez a\u00f1os de edad se volvi\u00f3 el &#8216;terror&#8217; de su vecinos , a quienes les roba sus celulares y en ocasiones intenta robar el dinero de producto de las ventas en negocios.<\/p>\n\n\n\n<p>De acuerdo con informaci\u00f3n publicada por El Universal, comerciantes identificaron al menor quien asalta con arma punzocortante en las inmediaciones del mercado 16 de Septiembre y al interior de las naves.<\/p>\n\n\n\n<p>Mar\u00eda Antonia Terr\u00f3n, dijo a El Universal que el peque\u00f1o es vecino del Barrio de Zopilocalco, una de las comunidades m\u00e1s inseguras de Toluca.<\/p>\n\n\n\n<p>Asimismo, la mujer indic\u00f3 que locatarios del mercado han buscado a los padres y la abuela del menor, para que pongan un alto a la conducta del ni\u00f1o, pero han hecho caso omiso.<\/p>\n\n\n\n<p>La locataria, quien es una de las afectadas, proporcion\u00f3 al diario un video que grab\u00f3 su nieto adolescente durante un intento de asalto por parte del ni\u00f1o, en el que se le escucha exigiendo el celular y amaga con &#8220;picarlo con su cuchillo&#8221; de no entregarlo.&nbsp;&nbsp;<\/p>\n\n\n\n<figure class=\"wp-block-embed is-type-rich is-provider-twitter wp-block-embed-twitter\"><div class=\"wp-block-embed__wrapper\">\n<blockquote class=\"twitter-tweet\" data-width=\"550\" data-dnt=\"true\"><p lang=\"es\" dir=\"ltr\">\u26a0 Advertencia de im\u00e1genes \u26a0 Ni\u00f1o de 8 a\u00f1os asalta a sus vecinos; &quot;dame tu celular o te pico&quot;, les dice<a href=\"https:\/\/twitter.com\/hashtag\/VIDEO?src=hash&amp;ref_src=twsrc%5Etfw\">#VIDEO<\/a> Especial <a href=\"https:\/\/t.co\/flZYFZWyn1\">pic.twitter.com\/flZYFZWyn1<\/a><\/p>&mdash; El Universal (@El_Universal_Mx) <a href=\"https:\/\/twitter.com\/El_Universal_Mx\/status\/1604240345415704577?ref_src=twsrc%5Etfw\">December 17, 2022<\/a><\/blockquote><script async src=\"https:\/\/platform.twitter.com\/widgets.js\" charset=\"utf-8\"><\/script>\n<\/div><\/figure>\n\n\n\n<p>Mar\u00eda Antonia detall\u00f3 que, al ser un menor de edad, saben que es imposible que la polic\u00eda lo detenga, por lo que piden que sea el DIF&nbsp; quien intervenga, pues el ni\u00f1o ha asaltado a adolescentes que atraviesa por la zona.<\/p>\n\n\n\n<p>Con informaci\u00f3n de <a href=\"https:\/\/www.cydnoticias.mx\/2022\/12\/16\/condena-amlo-ataque-a-ciro\/\">\u00a0Claro y Directo Mx\u00ae<\/a><\/p>\n","protected":false},"excerpt":{"rendered":"<p>Por: cydnoticias.mx | Un ni\u00f1o de entre ocho y diez a\u00f1os de edad se volvi\u00f3 el &#8216;terror&#8217; de su vecinos , a quienes les roba sus celulares y en ocasiones intenta robar el dinero de producto de las ventas en negocios. De acuerdo con informaci\u00f3n publicada por El Universal, comerciantes identificaron al menor quien asalta [&hellip;]<\/p>\n","protected":false},"author":1,"featured_media":5581,"comment_status":"closed","ping_status":"closed","sticky":false,"template":"","format":"aside","meta":{"googlesitekit_rrm_CAowytPeCw:productID":"","footnotes":""},"categories":[20],"tags":[358,60,1077,101],"class_list":["post-5580","post","type-post","status-publish","format-aside","has-post-thumbnail","hentry","category-policiaca","tag-asalto","tag-delincuencia","tag-toluca","tag-violencia","post_format-post-format-aside"],"yoast_head":"<!-- This site is optimized with the Yoast SEO plugin v27.4 - https:\/\/yoast.com\/product\/yoast-seo-wordpress\/ -->\n<title>Exhiben al ni\u00f1o asaltante en Toluca, tiene 10 a\u00f1os y es muy violento |<\/title>\n<meta name=\"description\" content=\"Un ni\u00f1o de entre ocho y diez a\u00f1os de edad se volvi\u00f3 el &#039;terror&#039; de su vecinos , a quienes les roba sus celulares y en ocasiones intenta robar\" \/>\n<meta name=\"robots\" content=\"index, follow, max-snippet:-1, max-image-preview:large, max-video-preview:-1\" \/>\n<link rel=\"canonical\" href=\"https:\/\/conexionnacional.mx\/index.php\/2022\/12\/18\/nino-asaltante-en-toluca\/\" \/>\n<meta property=\"og:locale\" content=\"es_MX\" \/>\n<meta property=\"og:type\" content=\"article\" \/>\n<meta property=\"og:title\" content=\"Exhiben al ni\u00f1o asaltante en Toluca, tiene 10 a\u00f1os y es muy violento |\" \/>\n<meta property=\"og:description\" content=\"Un ni\u00f1o de entre ocho y diez a\u00f1os de edad se volvi\u00f3 el &#039;terror&#039; de su vecinos , a quienes les roba sus celulares y en ocasiones intenta robar\" \/>\n<meta property=\"og:url\" content=\"https:\/\/conexionnacional.mx\/index.php\/2022\/12\/18\/nino-asaltante-en-toluca\/\" \/>\n<meta property=\"og:site_name\" content=\"Conexi\u00f3n Nacional\" \/>\n<meta property=\"article:publisher\" content=\"https:\/\/www.facebook.com\/cnmxradio\" \/>\n<meta property=\"article:published_time\" content=\"2022-12-18T17:01:03+00:00\" \/>\n<meta property=\"article:modified_time\" content=\"2022-12-18T17:01:04+00:00\" \/>\n<meta property=\"og:image\" content=\"https:\/\/conexionnacional.mx\/wp-content\/uploads\/2022\/12\/3DD97F11-400B-47A1-B183-D80EAABA760A.jpeg\" \/>\n\t<meta property=\"og:image:width\" content=\"1000\" \/>\n\t<meta property=\"og:image:height\" content=\"600\" \/>\n\t<meta property=\"og:image:type\" content=\"image\/jpeg\" \/>\n<meta name=\"author\" content=\"Conexi\u00f3n Nacional\" \/>\n<meta name=\"twitter:card\" content=\"summary_large_image\" \/>\n<meta name=\"twitter:label1\" content=\"Escrito por\" \/>\n\t<meta name=\"twitter:data1\" content=\"Conexi\u00f3n Nacional\" \/>\n\t<meta name=\"twitter:label2\" content=\"Tiempo de lectura\" \/>\n\t<meta name=\"twitter:data2\" content=\"2 minutos\" \/>\n<script type=\"application\/ld+json\" class=\"yoast-schema-graph\">{\"@context\":\"https:\\\/\\\/schema.org\",\"@graph\":[{\"@type\":\"Article\",\"@id\":\"https:\\\/\\\/conexionnacional.mx\\\/index.php\\\/2022\\\/12\\\/18\\\/nino-asaltante-en-toluca\\\/#article\",\"isPartOf\":{\"@id\":\"https:\\\/\\\/conexionnacional.mx\\\/index.php\\\/2022\\\/12\\\/18\\\/nino-asaltante-en-toluca\\\/\"},\"author\":{\"name\":\"Conexi\u00f3n Nacional\",\"@id\":\"https:\\\/\\\/conexionnacional.mx\\\/#\\\/schema\\\/person\\\/dd14aeda902120f5e0e021903fdb6931\"},\"headline\":\"Exhiben al ni\u00f1o asaltante en Toluca, tiene 10 a\u00f1os y es muy violento\",\"datePublished\":\"2022-12-18T17:01:03+00:00\",\"dateModified\":\"2022-12-18T17:01:04+00:00\",\"mainEntityOfPage\":{\"@id\":\"https:\\\/\\\/conexionnacional.mx\\\/index.php\\\/2022\\\/12\\\/18\\\/nino-asaltante-en-toluca\\\/\"},\"wordCount\":266,\"publisher\":{\"@id\":\"https:\\\/\\\/conexionnacional.mx\\\/#organization\"},\"image\":{\"@id\":\"https:\\\/\\\/conexionnacional.mx\\\/index.php\\\/2022\\\/12\\\/18\\\/nino-asaltante-en-toluca\\\/#primaryimage\"},\"thumbnailUrl\":\"https:\\\/\\\/conexionnacional.mx\\\/wp-content\\\/uploads\\\/2022\\\/12\\\/3DD97F11-400B-47A1-B183-D80EAABA760A.jpeg\",\"keywords\":[\"asalto\",\"delincuencia\",\"Toluca\",\"violencia\"],\"articleSection\":[\"Polic\u00edaca\"],\"inLanguage\":\"es\"},{\"@type\":\"WebPage\",\"@id\":\"https:\\\/\\\/conexionnacional.mx\\\/index.php\\\/2022\\\/12\\\/18\\\/nino-asaltante-en-toluca\\\/\",\"url\":\"https:\\\/\\\/conexionnacional.mx\\\/index.php\\\/2022\\\/12\\\/18\\\/nino-asaltante-en-toluca\\\/\",\"name\":\"Exhiben al ni\u00f1o asaltante en Toluca, tiene 10 a\u00f1os y es muy violento |\",\"isPartOf\":{\"@id\":\"https:\\\/\\\/conexionnacional.mx\\\/#website\"},\"primaryImageOfPage\":{\"@id\":\"https:\\\/\\\/conexionnacional.mx\\\/index.php\\\/2022\\\/12\\\/18\\\/nino-asaltante-en-toluca\\\/#primaryimage\"},\"image\":{\"@id\":\"https:\\\/\\\/conexionnacional.mx\\\/index.php\\\/2022\\\/12\\\/18\\\/nino-asaltante-en-toluca\\\/#primaryimage\"},\"thumbnailUrl\":\"https:\\\/\\\/conexionnacional.mx\\\/wp-content\\\/uploads\\\/2022\\\/12\\\/3DD97F11-400B-47A1-B183-D80EAABA760A.jpeg\",\"datePublished\":\"2022-12-18T17:01:03+00:00\",\"dateModified\":\"2022-12-18T17:01:04+00:00\",\"description\":\"Un ni\u00f1o de entre ocho y diez a\u00f1os de edad se volvi\u00f3 el 'terror' de su vecinos , a quienes les roba sus celulares y en ocasiones intenta robar\",\"breadcrumb\":{\"@id\":\"https:\\\/\\\/conexionnacional.mx\\\/index.php\\\/2022\\\/12\\\/18\\\/nino-asaltante-en-toluca\\\/#breadcrumb\"},\"inLanguage\":\"es\",\"potentialAction\":[{\"@type\":\"ReadAction\",\"target\":[\"https:\\\/\\\/conexionnacional.mx\\\/index.php\\\/2022\\\/12\\\/18\\\/nino-asaltante-en-toluca\\\/\"]}]},{\"@type\":\"ImageObject\",\"inLanguage\":\"es\",\"@id\":\"https:\\\/\\\/conexionnacional.mx\\\/index.php\\\/2022\\\/12\\\/18\\\/nino-asaltante-en-toluca\\\/#primaryimage\",\"url\":\"https:\\\/\\\/conexionnacional.mx\\\/wp-content\\\/uploads\\\/2022\\\/12\\\/3DD97F11-400B-47A1-B183-D80EAABA760A.jpeg\",\"contentUrl\":\"https:\\\/\\\/conexionnacional.mx\\\/wp-content\\\/uploads\\\/2022\\\/12\\\/3DD97F11-400B-47A1-B183-D80EAABA760A.jpeg\",\"width\":1000,\"height\":600,\"caption\":\"Exhiben al ni\u00f1o asaltante en Toluca, tiene 10 a\u00f1os y es muy violento\"},{\"@type\":\"BreadcrumbList\",\"@id\":\"https:\\\/\\\/conexionnacional.mx\\\/index.php\\\/2022\\\/12\\\/18\\\/nino-asaltante-en-toluca\\\/#breadcrumb\",\"itemListElement\":[{\"@type\":\"ListItem\",\"position\":1,\"name\":\"Inicio\",\"item\":\"https:\\\/\\\/conexionnacional.mx\\\/\"},{\"@type\":\"ListItem\",\"position\":2,\"name\":\"Exhiben al ni\u00f1o asaltante en Toluca, tiene 10 a\u00f1os y es muy violento\"}]},{\"@type\":\"WebSite\",\"@id\":\"https:\\\/\\\/conexionnacional.mx\\\/#website\",\"url\":\"https:\\\/\\\/conexionnacional.mx\\\/\",\"name\":\"Conexi\u00f3n Nacional\",\"description\":\"Noticias al momento\",\"publisher\":{\"@id\":\"https:\\\/\\\/conexionnacional.mx\\\/#organization\"},\"alternateName\":\"Noticias nacionales\",\"potentialAction\":[{\"@type\":\"SearchAction\",\"target\":{\"@type\":\"EntryPoint\",\"urlTemplate\":\"https:\\\/\\\/conexionnacional.mx\\\/?s={search_term_string}\"},\"query-input\":{\"@type\":\"PropertyValueSpecification\",\"valueRequired\":true,\"valueName\":\"search_term_string\"}}],\"inLanguage\":\"es\"},{\"@type\":\"Organization\",\"@id\":\"https:\\\/\\\/conexionnacional.mx\\\/#organization\",\"name\":\"Conexi\u00f3n Nacional\",\"url\":\"https:\\\/\\\/conexionnacional.mx\\\/\",\"logo\":{\"@type\":\"ImageObject\",\"inLanguage\":\"es\",\"@id\":\"https:\\\/\\\/conexionnacional.mx\\\/#\\\/schema\\\/logo\\\/image\\\/\",\"url\":\"https:\\\/\\\/conexionnacional.mx\\\/wp-content\\\/uploads\\\/2022\\\/09\\\/conexion_nacional.png\",\"contentUrl\":\"https:\\\/\\\/conexionnacional.mx\\\/wp-content\\\/uploads\\\/2022\\\/09\\\/conexion_nacional.png\",\"width\":2964,\"height\":1173,\"caption\":\"Conexi\u00f3n Nacional\"},\"image\":{\"@id\":\"https:\\\/\\\/conexionnacional.mx\\\/#\\\/schema\\\/logo\\\/image\\\/\"},\"sameAs\":[\"https:\\\/\\\/www.facebook.com\\\/cnmxradio\"]},{\"@type\":\"Person\",\"@id\":\"https:\\\/\\\/conexionnacional.mx\\\/#\\\/schema\\\/person\\\/dd14aeda902120f5e0e021903fdb6931\",\"name\":\"Conexi\u00f3n Nacional\",\"image\":{\"@type\":\"ImageObject\",\"inLanguage\":\"es\",\"@id\":\"https:\\\/\\\/secure.gravatar.com\\\/avatar\\\/e523100f284110b2ecca7e17b2be9cf140a5e8f35294c9ec0543e6916cc1f9be?s=96&d=blank&r=g\",\"url\":\"https:\\\/\\\/secure.gravatar.com\\\/avatar\\\/e523100f284110b2ecca7e17b2be9cf140a5e8f35294c9ec0543e6916cc1f9be?s=96&d=blank&r=g\",\"contentUrl\":\"https:\\\/\\\/secure.gravatar.com\\\/avatar\\\/e523100f284110b2ecca7e17b2be9cf140a5e8f35294c9ec0543e6916cc1f9be?s=96&d=blank&r=g\",\"caption\":\"Conexi\u00f3n Nacional\"},\"sameAs\":[\"https:\\\/\\\/conexionnacional.mx\"],\"url\":\"https:\\\/\\\/conexionnacional.mx\\\/index.php\\\/author\\\/administrador\\\/\"}]}<\/script>\n<!-- \/ Yoast SEO plugin. -->","yoast_head_json":{"title":"Exhiben al ni\u00f1o asaltante en Toluca, tiene 10 a\u00f1os y es muy violento |","description":"Un ni\u00f1o de entre ocho y diez a\u00f1os de edad se volvi\u00f3 el 'terror' de su vecinos , a quienes les roba sus celulares y en ocasiones intenta robar","robots":{"index":"index","follow":"follow","max-snippet":"max-snippet:-1","max-image-preview":"max-image-preview:large","max-video-preview":"max-video-preview:-1"},"canonical":"https:\/\/conexionnacional.mx\/index.php\/2022\/12\/18\/nino-asaltante-en-toluca\/","og_locale":"es_MX","og_type":"article","og_title":"Exhiben al ni\u00f1o asaltante en Toluca, tiene 10 a\u00f1os y es muy violento |","og_description":"Un ni\u00f1o de entre ocho y diez a\u00f1os de edad se volvi\u00f3 el 'terror' de su vecinos , a quienes les roba sus celulares y en ocasiones intenta robar","og_url":"https:\/\/conexionnacional.mx\/index.php\/2022\/12\/18\/nino-asaltante-en-toluca\/","og_site_name":"Conexi\u00f3n Nacional","article_publisher":"https:\/\/www.facebook.com\/cnmxradio","article_published_time":"2022-12-18T17:01:03+00:00","article_modified_time":"2022-12-18T17:01:04+00:00","og_image":[{"width":1000,"height":600,"url":"https:\/\/conexionnacional.mx\/wp-content\/uploads\/2022\/12\/3DD97F11-400B-47A1-B183-D80EAABA760A.jpeg","type":"image\/jpeg"}],"author":"Conexi\u00f3n Nacional","twitter_card":"summary_large_image","twitter_misc":{"Escrito por":"Conexi\u00f3n Nacional","Tiempo de lectura":"2 minutos"},"schema":{"@context":"https:\/\/schema.org","@graph":[{"@type":"Article","@id":"https:\/\/conexionnacional.mx\/index.php\/2022\/12\/18\/nino-asaltante-en-toluca\/#article","isPartOf":{"@id":"https:\/\/conexionnacional.mx\/index.php\/2022\/12\/18\/nino-asaltante-en-toluca\/"},"author":{"name":"Conexi\u00f3n Nacional","@id":"https:\/\/conexionnacional.mx\/#\/schema\/person\/dd14aeda902120f5e0e021903fdb6931"},"headline":"Exhiben al ni\u00f1o asaltante en Toluca, tiene 10 a\u00f1os y es muy violento","datePublished":"2022-12-18T17:01:03+00:00","dateModified":"2022-12-18T17:01:04+00:00","mainEntityOfPage":{"@id":"https:\/\/conexionnacional.mx\/index.php\/2022\/12\/18\/nino-asaltante-en-toluca\/"},"wordCount":266,"publisher":{"@id":"https:\/\/conexionnacional.mx\/#organization"},"image":{"@id":"https:\/\/conexionnacional.mx\/index.php\/2022\/12\/18\/nino-asaltante-en-toluca\/#primaryimage"},"thumbnailUrl":"https:\/\/conexionnacional.mx\/wp-content\/uploads\/2022\/12\/3DD97F11-400B-47A1-B183-D80EAABA760A.jpeg","keywords":["asalto","delincuencia","Toluca","violencia"],"articleSection":["Polic\u00edaca"],"inLanguage":"es"},{"@type":"WebPage","@id":"https:\/\/conexionnacional.mx\/index.php\/2022\/12\/18\/nino-asaltante-en-toluca\/","url":"https:\/\/conexionnacional.mx\/index.php\/2022\/12\/18\/nino-asaltante-en-toluca\/","name":"Exhiben al ni\u00f1o asaltante en Toluca, tiene 10 a\u00f1os y es muy violento |","isPartOf":{"@id":"https:\/\/conexionnacional.mx\/#website"},"primaryImageOfPage":{"@id":"https:\/\/conexionnacional.mx\/index.php\/2022\/12\/18\/nino-asaltante-en-toluca\/#primaryimage"},"image":{"@id":"https:\/\/conexionnacional.mx\/index.php\/2022\/12\/18\/nino-asaltante-en-toluca\/#primaryimage"},"thumbnailUrl":"https:\/\/conexionnacional.mx\/wp-content\/uploads\/2022\/12\/3DD97F11-400B-47A1-B183-D80EAABA760A.jpeg","datePublished":"2022-12-18T17:01:03+00:00","dateModified":"2022-12-18T17:01:04+00:00","description":"Un ni\u00f1o de entre ocho y diez a\u00f1os de edad se volvi\u00f3 el 'terror' de su vecinos , a quienes les roba sus celulares y en ocasiones intenta robar","breadcrumb":{"@id":"https:\/\/conexionnacional.mx\/index.php\/2022\/12\/18\/nino-asaltante-en-toluca\/#breadcrumb"},"inLanguage":"es","potentialAction":[{"@type":"ReadAction","target":["https:\/\/conexionnacional.mx\/index.php\/2022\/12\/18\/nino-asaltante-en-toluca\/"]}]},{"@type":"ImageObject","inLanguage":"es","@id":"https:\/\/conexionnacional.mx\/index.php\/2022\/12\/18\/nino-asaltante-en-toluca\/#primaryimage","url":"https:\/\/conexionnacional.mx\/wp-content\/uploads\/2022\/12\/3DD97F11-400B-47A1-B183-D80EAABA760A.jpeg","contentUrl":"https:\/\/conexionnacional.mx\/wp-content\/uploads\/2022\/12\/3DD97F11-400B-47A1-B183-D80EAABA760A.jpeg","width":1000,"height":600,"caption":"Exhiben al ni\u00f1o asaltante en Toluca, tiene 10 a\u00f1os y es muy violento"},{"@type":"BreadcrumbList","@id":"https:\/\/conexionnacional.mx\/index.php\/2022\/12\/18\/nino-asaltante-en-toluca\/#breadcrumb","itemListElement":[{"@type":"ListItem","position":1,"name":"Inicio","item":"https:\/\/conexionnacional.mx\/"},{"@type":"ListItem","position":2,"name":"Exhiben al ni\u00f1o asaltante en Toluca, tiene 10 a\u00f1os y es muy violento"}]},{"@type":"WebSite","@id":"https:\/\/conexionnacional.mx\/#website","url":"https:\/\/conexionnacional.mx\/","name":"Conexi\u00f3n Nacional","description":"Noticias al momento","publisher":{"@id":"https:\/\/conexionnacional.mx\/#organization"},"alternateName":"Noticias nacionales","potentialAction":[{"@type":"SearchAction","target":{"@type":"EntryPoint","urlTemplate":"https:\/\/conexionnacional.mx\/?s={search_term_string}"},"query-input":{"@type":"PropertyValueSpecification","valueRequired":true,"valueName":"search_term_string"}}],"inLanguage":"es"},{"@type":"Organization","@id":"https:\/\/conexionnacional.mx\/#organization","name":"Conexi\u00f3n Nacional","url":"https:\/\/conexionnacional.mx\/","logo":{"@type":"ImageObject","inLanguage":"es","@id":"https:\/\/conexionnacional.mx\/#\/schema\/logo\/image\/","url":"https:\/\/conexionnacional.mx\/wp-content\/uploads\/2022\/09\/conexion_nacional.png","contentUrl":"https:\/\/conexionnacional.mx\/wp-content\/uploads\/2022\/09\/conexion_nacional.png","width":2964,"height":1173,"caption":"Conexi\u00f3n Nacional"},"image":{"@id":"https:\/\/conexionnacional.mx\/#\/schema\/logo\/image\/"},"sameAs":["https:\/\/www.facebook.com\/cnmxradio"]},{"@type":"Person","@id":"https:\/\/conexionnacional.mx\/#\/schema\/person\/dd14aeda902120f5e0e021903fdb6931","name":"Conexi\u00f3n Nacional","image":{"@type":"ImageObject","inLanguage":"es","@id":"https:\/\/secure.gravatar.com\/avatar\/e523100f284110b2ecca7e17b2be9cf140a5e8f35294c9ec0543e6916cc1f9be?s=96&d=blank&r=g","url":"https:\/\/secure.gravatar.com\/avatar\/e523100f284110b2ecca7e17b2be9cf140a5e8f35294c9ec0543e6916cc1f9be?s=96&d=blank&r=g","contentUrl":"https:\/\/secure.gravatar.com\/avatar\/e523100f284110b2ecca7e17b2be9cf140a5e8f35294c9ec0543e6916cc1f9be?s=96&d=blank&r=g","caption":"Conexi\u00f3n Nacional"},"sameAs":["https:\/\/conexionnacional.mx"],"url":"https:\/\/conexionnacional.mx\/index.php\/author\/administrador\/"}]}},"_links":{"self":[{"href":"https:\/\/conexionnacional.mx\/index.php\/wp-json\/wp\/v2\/posts\/5580","targetHints":{"allow":["GET"]}}],"collection":[{"href":"https:\/\/conexionnacional.mx\/index.php\/wp-json\/wp\/v2\/posts"}],"about":[{"href":"https:\/\/conexionnacional.mx\/index.php\/wp-json\/wp\/v2\/types\/post"}],"author":[{"embeddable":true,"href":"https:\/\/conexionnacional.mx\/index.php\/wp-json\/wp\/v2\/users\/1"}],"replies":[{"embeddable":true,"href":"https:\/\/conexionnacional.mx\/index.php\/wp-json\/wp\/v2\/comments?post=5580"}],"version-history":[{"count":1,"href":"https:\/\/conexionnacional.mx\/index.php\/wp-json\/wp\/v2\/posts\/5580\/revisions"}],"predecessor-version":[{"id":5582,"href":"https:\/\/conexionnacional.mx\/index.php\/wp-json\/wp\/v2\/posts\/5580\/revisions\/5582"}],"wp:featuredmedia":[{"embeddable":true,"href":"https:\/\/conexionnacional.mx\/index.php\/wp-json\/wp\/v2\/media\/5581"}],"wp:attachment":[{"href":"https:\/\/conexionnacional.mx\/index.php\/wp-json\/wp\/v2\/media?parent=5580"}],"wp:term":[{"taxonomy":"category","embeddable":true,"href":"https:\/\/conexionnacional.mx\/index.php\/wp-json\/wp\/v2\/categories?post=5580"},{"taxonomy":"post_tag","embeddable":true,"href":"https:\/\/conexionnacional.mx\/index.php\/wp-json\/wp\/v2\/tags?post=5580"}],"curies":[{"name":"wp","href":"https:\/\/api.w.org\/{rel}","templated":true}]}}