{"id":5577,"date":"2022-12-17T19:02:00","date_gmt":"2022-12-18T01:02:00","guid":{"rendered":"https:\/\/conexionnacional.mx\/?p=5577"},"modified":"2022-12-17T14:30:44","modified_gmt":"2022-12-17T20:30:44","slug":"pri-pan-prd-van-en-alianza-en-el-estado-de-mexico","status":"publish","type":"post","link":"https:\/\/conexionnacional.mx\/index.php\/2022\/12\/17\/pri-pan-prd-van-en-alianza-en-el-estado-de-mexico\/","title":{"rendered":"<strong>PRI, PAN, PRD van en alianza en el Estado de M\u00e9xico<\/strong>"},"content":{"rendered":"\n<p>Por: <a href=\"https:\/\/www.cydnoticias.mx\/2022\/12\/17\/pri-pan-prd-alianza-edomex\/\">Redacci\u00f3n | cydnoticias.mx<\/a> |<\/p>\n\n\n\n<p>Alejandra Del Moral candidata del PRI al gobierno del Estado de M\u00e9xico, Enrique Vargas, aspirante por el PAN y Omar Ortega por el Partido de la Revoluci\u00f3n Democr\u00e1tica PRD, se reunieron este viernes 16 de diciembre previo a los preparativos para la elecci\u00f3n de la entidad mexiquense.<\/p>\n\n\n\n<p>A trav\u00e9s de su cuenta de Twitter, la priista escribi\u00f3: \u201c\u00a1Cerrando un gran 2022 y listos para el 2023! #PorEdom\u00e9xVamosJuntos!\u201d.<\/p>\n\n\n\n<figure class=\"wp-block-embed is-type-rich is-provider-twitter wp-block-embed-twitter\"><div class=\"wp-block-embed__wrapper\">\n<blockquote class=\"twitter-tweet\" data-width=\"550\" data-dnt=\"true\"><p lang=\"es\" dir=\"ltr\">\u00a1Cerrando un gran 2022 y listos para el 2023! <a href=\"https:\/\/twitter.com\/hashtag\/PorEdom%C3%A9xVamosJuntos?src=hash&amp;ref_src=twsrc%5Etfw\">#PorEdom\u00e9xVamosJuntos<\/a> <a href=\"https:\/\/twitter.com\/EnriqueVargasdV?ref_src=twsrc%5Etfw\">@EnriqueVargasdV<\/a> <a href=\"https:\/\/twitter.com\/omarortegaa_mx?ref_src=twsrc%5Etfw\">@omarortegaa_mx<\/a> <a href=\"https:\/\/t.co\/WI51l200Ew\">pic.twitter.com\/WI51l200Ew<\/a><\/p>&mdash; Alejandra Del Moral (@AlejandraDMV) <a href=\"https:\/\/twitter.com\/AlejandraDMV\/status\/1603797149707161601?ref_src=twsrc%5Etfw\">December 16, 2022<\/a><\/blockquote><script async src=\"https:\/\/platform.twitter.com\/widgets.js\" charset=\"utf-8\"><\/script>\n<\/div><\/figure>\n\n\n\n<p>En el marco de CXXV Sesi\u00f3n Extraordinaria del Consejo Pol\u00edtico Estatal del PRI, la coordinadora para la defensa del Estado de M\u00e9xico, Alejandra del Moral Vela, destac\u00f3 que el partido ha sido una muralla contra los contrincantes de Morena y sus aliados.&nbsp;<\/p>\n\n\n\n<figure class=\"wp-block-embed is-type-rich is-provider-twitter wp-block-embed-twitter\"><div class=\"wp-block-embed__wrapper\">\n<blockquote class=\"twitter-tweet\" data-width=\"550\" data-dnt=\"true\"><p lang=\"es\" dir=\"ltr\">As\u00ed es, Alejandra del Moral <a href=\"https:\/\/twitter.com\/AlejandraDMV?ref_src=twsrc%5Etfw\">@AlejandraDMV<\/a> la unidad ser\u00e1 la muralla contra la que chocar\u00e1 la intenci\u00f3n de polarizar y dividir. Vamos a detener la intenci\u00f3n de confrontar a los mexiquenses. (1\/2) <a href=\"https:\/\/t.co\/j4YFDUGiGn\">pic.twitter.com\/j4YFDUGiGn<\/a><\/p>&mdash; Enrique Vargas Del Villar (@EnriqueVargasdV) <a href=\"https:\/\/twitter.com\/EnriqueVargasdV\/status\/1603958077987778562?ref_src=twsrc%5Etfw\">December 17, 2022<\/a><\/blockquote><script async src=\"https:\/\/platform.twitter.com\/widgets.js\" charset=\"utf-8\"><\/script>\n<\/div><\/figure>\n\n\n\n<p>Hasta el momento, la coalici\u00f3n no ha definido quien ser\u00e1 su candidato que aparecer\u00e1 en las boletas en los comicios del pr\u00f3ximo a\u00f1o.<\/p>\n\n\n\n<p>Con informaci\u00f3n de: <a href=\"https:\/\/www.cydnoticias.mx\">Conexi\u00f3n Nacional<\/a>.<\/p>\n","protected":false},"excerpt":{"rendered":"<p>Por: Redacci\u00f3n | cydnoticias.mx | Alejandra Del Moral candidata del PRI al gobierno del Estado de M\u00e9xico, Enrique Vargas, aspirante por el PAN y Omar Ortega por el Partido de la Revoluci\u00f3n Democr\u00e1tica PRD, se reunieron este viernes 16 de diciembre previo a los preparativos para la elecci\u00f3n de la entidad mexiquense. A trav\u00e9s de [&hellip;]<\/p>\n","protected":false},"author":1,"featured_media":5578,"comment_status":"closed","ping_status":"closed","sticky":false,"template":"","format":"aside","meta":{"googlesitekit_rrm_CAowytPeCw:productID":"","footnotes":""},"categories":[3],"tags":[351,864,1012,2201,72],"class_list":["post-5577","post","type-post","status-publish","format-aside","has-post-thumbnail","hentry","category-nacional","tag-alianza","tag-edomex","tag-pan","tag-prd","tag-pri","post_format-post-format-aside"],"yoast_head":"<!-- This site is optimized with the Yoast SEO plugin v27.4 - https:\/\/yoast.com\/product\/yoast-seo-wordpress\/ -->\n<title>PRI, PAN, PRD van en alianza en el Estado de M\u00e9xico |<\/title>\n<meta name=\"description\" content=\"PRI, PAN, PRD se reunieron este viernes 16 de diciembre previo a los preparativos para la elecci\u00f3n de la entidad mexiquense.\" \/>\n<meta name=\"robots\" content=\"index, follow, max-snippet:-1, max-image-preview:large, max-video-preview:-1\" \/>\n<link rel=\"canonical\" href=\"https:\/\/conexionnacional.mx\/index.php\/2022\/12\/17\/pri-pan-prd-van-en-alianza-en-el-estado-de-mexico\/\" \/>\n<meta property=\"og:locale\" content=\"es_MX\" \/>\n<meta property=\"og:type\" content=\"article\" \/>\n<meta property=\"og:title\" content=\"PRI, PAN, PRD van en alianza en el Estado de M\u00e9xico |\" \/>\n<meta property=\"og:description\" content=\"PRI, PAN, PRD se reunieron este viernes 16 de diciembre previo a los preparativos para la elecci\u00f3n de la entidad mexiquense.\" \/>\n<meta property=\"og:url\" content=\"https:\/\/conexionnacional.mx\/index.php\/2022\/12\/17\/pri-pan-prd-van-en-alianza-en-el-estado-de-mexico\/\" \/>\n<meta property=\"og:site_name\" content=\"Conexi\u00f3n Nacional\" \/>\n<meta property=\"article:publisher\" content=\"https:\/\/www.facebook.com\/cnmxradio\" \/>\n<meta property=\"article:published_time\" content=\"2022-12-18T01:02:00+00:00\" \/>\n<meta property=\"og:image\" content=\"https:\/\/conexionnacional.mx\/wp-content\/uploads\/2022\/12\/PRI-PAN-PRD-alianza-Estado-de-Mexico-CN.jpg\" \/>\n\t<meta property=\"og:image:width\" content=\"1000\" \/>\n\t<meta property=\"og:image:height\" content=\"600\" \/>\n\t<meta property=\"og:image:type\" content=\"image\/jpeg\" \/>\n<meta name=\"author\" content=\"Conexi\u00f3n Nacional\" \/>\n<meta name=\"twitter:card\" content=\"summary_large_image\" \/>\n<meta name=\"twitter:label1\" content=\"Escrito por\" \/>\n\t<meta name=\"twitter:data1\" content=\"Conexi\u00f3n Nacional\" \/>\n\t<meta name=\"twitter:label2\" content=\"Tiempo de lectura\" \/>\n\t<meta name=\"twitter:data2\" content=\"1 minuto\" \/>\n<script type=\"application\/ld+json\" class=\"yoast-schema-graph\">{\"@context\":\"https:\\\/\\\/schema.org\",\"@graph\":[{\"@type\":\"Article\",\"@id\":\"https:\\\/\\\/conexionnacional.mx\\\/index.php\\\/2022\\\/12\\\/17\\\/pri-pan-prd-van-en-alianza-en-el-estado-de-mexico\\\/#article\",\"isPartOf\":{\"@id\":\"https:\\\/\\\/conexionnacional.mx\\\/index.php\\\/2022\\\/12\\\/17\\\/pri-pan-prd-van-en-alianza-en-el-estado-de-mexico\\\/\"},\"author\":{\"name\":\"Conexi\u00f3n Nacional\",\"@id\":\"https:\\\/\\\/conexionnacional.mx\\\/#\\\/schema\\\/person\\\/dd14aeda902120f5e0e021903fdb6931\"},\"headline\":\"PRI, PAN, PRD van en alianza en el Estado de M\u00e9xico\",\"datePublished\":\"2022-12-18T01:02:00+00:00\",\"mainEntityOfPage\":{\"@id\":\"https:\\\/\\\/conexionnacional.mx\\\/index.php\\\/2022\\\/12\\\/17\\\/pri-pan-prd-van-en-alianza-en-el-estado-de-mexico\\\/\"},\"wordCount\":186,\"publisher\":{\"@id\":\"https:\\\/\\\/conexionnacional.mx\\\/#organization\"},\"image\":{\"@id\":\"https:\\\/\\\/conexionnacional.mx\\\/index.php\\\/2022\\\/12\\\/17\\\/pri-pan-prd-van-en-alianza-en-el-estado-de-mexico\\\/#primaryimage\"},\"thumbnailUrl\":\"https:\\\/\\\/conexionnacional.mx\\\/wp-content\\\/uploads\\\/2022\\\/12\\\/PRI-PAN-PRD-alianza-Estado-de-Mexico-CN.jpg\",\"keywords\":[\"Alianza\",\"EdoMex\",\"PAN\",\"PRD\",\"pri\"],\"articleSection\":[\"Nacional\"],\"inLanguage\":\"es\"},{\"@type\":\"WebPage\",\"@id\":\"https:\\\/\\\/conexionnacional.mx\\\/index.php\\\/2022\\\/12\\\/17\\\/pri-pan-prd-van-en-alianza-en-el-estado-de-mexico\\\/\",\"url\":\"https:\\\/\\\/conexionnacional.mx\\\/index.php\\\/2022\\\/12\\\/17\\\/pri-pan-prd-van-en-alianza-en-el-estado-de-mexico\\\/\",\"name\":\"PRI, PAN, PRD van en alianza en el Estado de M\u00e9xico |\",\"isPartOf\":{\"@id\":\"https:\\\/\\\/conexionnacional.mx\\\/#website\"},\"primaryImageOfPage\":{\"@id\":\"https:\\\/\\\/conexionnacional.mx\\\/index.php\\\/2022\\\/12\\\/17\\\/pri-pan-prd-van-en-alianza-en-el-estado-de-mexico\\\/#primaryimage\"},\"image\":{\"@id\":\"https:\\\/\\\/conexionnacional.mx\\\/index.php\\\/2022\\\/12\\\/17\\\/pri-pan-prd-van-en-alianza-en-el-estado-de-mexico\\\/#primaryimage\"},\"thumbnailUrl\":\"https:\\\/\\\/conexionnacional.mx\\\/wp-content\\\/uploads\\\/2022\\\/12\\\/PRI-PAN-PRD-alianza-Estado-de-Mexico-CN.jpg\",\"datePublished\":\"2022-12-18T01:02:00+00:00\",\"description\":\"PRI, PAN, PRD se reunieron este viernes 16 de diciembre previo a los preparativos para la elecci\u00f3n de la entidad mexiquense.\",\"breadcrumb\":{\"@id\":\"https:\\\/\\\/conexionnacional.mx\\\/index.php\\\/2022\\\/12\\\/17\\\/pri-pan-prd-van-en-alianza-en-el-estado-de-mexico\\\/#breadcrumb\"},\"inLanguage\":\"es\",\"potentialAction\":[{\"@type\":\"ReadAction\",\"target\":[\"https:\\\/\\\/conexionnacional.mx\\\/index.php\\\/2022\\\/12\\\/17\\\/pri-pan-prd-van-en-alianza-en-el-estado-de-mexico\\\/\"]}]},{\"@type\":\"ImageObject\",\"inLanguage\":\"es\",\"@id\":\"https:\\\/\\\/conexionnacional.mx\\\/index.php\\\/2022\\\/12\\\/17\\\/pri-pan-prd-van-en-alianza-en-el-estado-de-mexico\\\/#primaryimage\",\"url\":\"https:\\\/\\\/conexionnacional.mx\\\/wp-content\\\/uploads\\\/2022\\\/12\\\/PRI-PAN-PRD-alianza-Estado-de-Mexico-CN.jpg\",\"contentUrl\":\"https:\\\/\\\/conexionnacional.mx\\\/wp-content\\\/uploads\\\/2022\\\/12\\\/PRI-PAN-PRD-alianza-Estado-de-Mexico-CN.jpg\",\"width\":1000,\"height\":600,\"caption\":\"PRI, PAN, PRD van en alianza en el Estado de M\u00e9xico\"},{\"@type\":\"BreadcrumbList\",\"@id\":\"https:\\\/\\\/conexionnacional.mx\\\/index.php\\\/2022\\\/12\\\/17\\\/pri-pan-prd-van-en-alianza-en-el-estado-de-mexico\\\/#breadcrumb\",\"itemListElement\":[{\"@type\":\"ListItem\",\"position\":1,\"name\":\"Inicio\",\"item\":\"https:\\\/\\\/conexionnacional.mx\\\/\"},{\"@type\":\"ListItem\",\"position\":2,\"name\":\"PRI, PAN, PRD van en alianza en el Estado de M\u00e9xico\"}]},{\"@type\":\"WebSite\",\"@id\":\"https:\\\/\\\/conexionnacional.mx\\\/#website\",\"url\":\"https:\\\/\\\/conexionnacional.mx\\\/\",\"name\":\"Conexi\u00f3n Nacional\",\"description\":\"Noticias al momento\",\"publisher\":{\"@id\":\"https:\\\/\\\/conexionnacional.mx\\\/#organization\"},\"alternateName\":\"Noticias nacionales\",\"potentialAction\":[{\"@type\":\"SearchAction\",\"target\":{\"@type\":\"EntryPoint\",\"urlTemplate\":\"https:\\\/\\\/conexionnacional.mx\\\/?s={search_term_string}\"},\"query-input\":{\"@type\":\"PropertyValueSpecification\",\"valueRequired\":true,\"valueName\":\"search_term_string\"}}],\"inLanguage\":\"es\"},{\"@type\":\"Organization\",\"@id\":\"https:\\\/\\\/conexionnacional.mx\\\/#organization\",\"name\":\"Conexi\u00f3n Nacional\",\"url\":\"https:\\\/\\\/conexionnacional.mx\\\/\",\"logo\":{\"@type\":\"ImageObject\",\"inLanguage\":\"es\",\"@id\":\"https:\\\/\\\/conexionnacional.mx\\\/#\\\/schema\\\/logo\\\/image\\\/\",\"url\":\"https:\\\/\\\/conexionnacional.mx\\\/wp-content\\\/uploads\\\/2022\\\/09\\\/conexion_nacional.png\",\"contentUrl\":\"https:\\\/\\\/conexionnacional.mx\\\/wp-content\\\/uploads\\\/2022\\\/09\\\/conexion_nacional.png\",\"width\":2964,\"height\":1173,\"caption\":\"Conexi\u00f3n Nacional\"},\"image\":{\"@id\":\"https:\\\/\\\/conexionnacional.mx\\\/#\\\/schema\\\/logo\\\/image\\\/\"},\"sameAs\":[\"https:\\\/\\\/www.facebook.com\\\/cnmxradio\"]},{\"@type\":\"Person\",\"@id\":\"https:\\\/\\\/conexionnacional.mx\\\/#\\\/schema\\\/person\\\/dd14aeda902120f5e0e021903fdb6931\",\"name\":\"Conexi\u00f3n Nacional\",\"image\":{\"@type\":\"ImageObject\",\"inLanguage\":\"es\",\"@id\":\"https:\\\/\\\/secure.gravatar.com\\\/avatar\\\/e523100f284110b2ecca7e17b2be9cf140a5e8f35294c9ec0543e6916cc1f9be?s=96&d=blank&r=g\",\"url\":\"https:\\\/\\\/secure.gravatar.com\\\/avatar\\\/e523100f284110b2ecca7e17b2be9cf140a5e8f35294c9ec0543e6916cc1f9be?s=96&d=blank&r=g\",\"contentUrl\":\"https:\\\/\\\/secure.gravatar.com\\\/avatar\\\/e523100f284110b2ecca7e17b2be9cf140a5e8f35294c9ec0543e6916cc1f9be?s=96&d=blank&r=g\",\"caption\":\"Conexi\u00f3n Nacional\"},\"sameAs\":[\"https:\\\/\\\/conexionnacional.mx\"],\"url\":\"https:\\\/\\\/conexionnacional.mx\\\/index.php\\\/author\\\/administrador\\\/\"}]}<\/script>\n<!-- \/ Yoast SEO plugin. -->","yoast_head_json":{"title":"PRI, PAN, PRD van en alianza en el Estado de M\u00e9xico |","description":"PRI, PAN, PRD se reunieron este viernes 16 de diciembre previo a los preparativos para la elecci\u00f3n de la entidad mexiquense.","robots":{"index":"index","follow":"follow","max-snippet":"max-snippet:-1","max-image-preview":"max-image-preview:large","max-video-preview":"max-video-preview:-1"},"canonical":"https:\/\/conexionnacional.mx\/index.php\/2022\/12\/17\/pri-pan-prd-van-en-alianza-en-el-estado-de-mexico\/","og_locale":"es_MX","og_type":"article","og_title":"PRI, PAN, PRD van en alianza en el Estado de M\u00e9xico |","og_description":"PRI, PAN, PRD se reunieron este viernes 16 de diciembre previo a los preparativos para la elecci\u00f3n de la entidad mexiquense.","og_url":"https:\/\/conexionnacional.mx\/index.php\/2022\/12\/17\/pri-pan-prd-van-en-alianza-en-el-estado-de-mexico\/","og_site_name":"Conexi\u00f3n Nacional","article_publisher":"https:\/\/www.facebook.com\/cnmxradio","article_published_time":"2022-12-18T01:02:00+00:00","og_image":[{"width":1000,"height":600,"url":"https:\/\/conexionnacional.mx\/wp-content\/uploads\/2022\/12\/PRI-PAN-PRD-alianza-Estado-de-Mexico-CN.jpg","type":"image\/jpeg"}],"author":"Conexi\u00f3n Nacional","twitter_card":"summary_large_image","twitter_misc":{"Escrito por":"Conexi\u00f3n Nacional","Tiempo de lectura":"1 minuto"},"schema":{"@context":"https:\/\/schema.org","@graph":[{"@type":"Article","@id":"https:\/\/conexionnacional.mx\/index.php\/2022\/12\/17\/pri-pan-prd-van-en-alianza-en-el-estado-de-mexico\/#article","isPartOf":{"@id":"https:\/\/conexionnacional.mx\/index.php\/2022\/12\/17\/pri-pan-prd-van-en-alianza-en-el-estado-de-mexico\/"},"author":{"name":"Conexi\u00f3n Nacional","@id":"https:\/\/conexionnacional.mx\/#\/schema\/person\/dd14aeda902120f5e0e021903fdb6931"},"headline":"PRI, PAN, PRD van en alianza en el Estado de M\u00e9xico","datePublished":"2022-12-18T01:02:00+00:00","mainEntityOfPage":{"@id":"https:\/\/conexionnacional.mx\/index.php\/2022\/12\/17\/pri-pan-prd-van-en-alianza-en-el-estado-de-mexico\/"},"wordCount":186,"publisher":{"@id":"https:\/\/conexionnacional.mx\/#organization"},"image":{"@id":"https:\/\/conexionnacional.mx\/index.php\/2022\/12\/17\/pri-pan-prd-van-en-alianza-en-el-estado-de-mexico\/#primaryimage"},"thumbnailUrl":"https:\/\/conexionnacional.mx\/wp-content\/uploads\/2022\/12\/PRI-PAN-PRD-alianza-Estado-de-Mexico-CN.jpg","keywords":["Alianza","EdoMex","PAN","PRD","pri"],"articleSection":["Nacional"],"inLanguage":"es"},{"@type":"WebPage","@id":"https:\/\/conexionnacional.mx\/index.php\/2022\/12\/17\/pri-pan-prd-van-en-alianza-en-el-estado-de-mexico\/","url":"https:\/\/conexionnacional.mx\/index.php\/2022\/12\/17\/pri-pan-prd-van-en-alianza-en-el-estado-de-mexico\/","name":"PRI, PAN, PRD van en alianza en el Estado de M\u00e9xico |","isPartOf":{"@id":"https:\/\/conexionnacional.mx\/#website"},"primaryImageOfPage":{"@id":"https:\/\/conexionnacional.mx\/index.php\/2022\/12\/17\/pri-pan-prd-van-en-alianza-en-el-estado-de-mexico\/#primaryimage"},"image":{"@id":"https:\/\/conexionnacional.mx\/index.php\/2022\/12\/17\/pri-pan-prd-van-en-alianza-en-el-estado-de-mexico\/#primaryimage"},"thumbnailUrl":"https:\/\/conexionnacional.mx\/wp-content\/uploads\/2022\/12\/PRI-PAN-PRD-alianza-Estado-de-Mexico-CN.jpg","datePublished":"2022-12-18T01:02:00+00:00","description":"PRI, PAN, PRD se reunieron este viernes 16 de diciembre previo a los preparativos para la elecci\u00f3n de la entidad mexiquense.","breadcrumb":{"@id":"https:\/\/conexionnacional.mx\/index.php\/2022\/12\/17\/pri-pan-prd-van-en-alianza-en-el-estado-de-mexico\/#breadcrumb"},"inLanguage":"es","potentialAction":[{"@type":"ReadAction","target":["https:\/\/conexionnacional.mx\/index.php\/2022\/12\/17\/pri-pan-prd-van-en-alianza-en-el-estado-de-mexico\/"]}]},{"@type":"ImageObject","inLanguage":"es","@id":"https:\/\/conexionnacional.mx\/index.php\/2022\/12\/17\/pri-pan-prd-van-en-alianza-en-el-estado-de-mexico\/#primaryimage","url":"https:\/\/conexionnacional.mx\/wp-content\/uploads\/2022\/12\/PRI-PAN-PRD-alianza-Estado-de-Mexico-CN.jpg","contentUrl":"https:\/\/conexionnacional.mx\/wp-content\/uploads\/2022\/12\/PRI-PAN-PRD-alianza-Estado-de-Mexico-CN.jpg","width":1000,"height":600,"caption":"PRI, PAN, PRD van en alianza en el Estado de M\u00e9xico"},{"@type":"BreadcrumbList","@id":"https:\/\/conexionnacional.mx\/index.php\/2022\/12\/17\/pri-pan-prd-van-en-alianza-en-el-estado-de-mexico\/#breadcrumb","itemListElement":[{"@type":"ListItem","position":1,"name":"Inicio","item":"https:\/\/conexionnacional.mx\/"},{"@type":"ListItem","position":2,"name":"PRI, PAN, PRD van en alianza en el Estado de M\u00e9xico"}]},{"@type":"WebSite","@id":"https:\/\/conexionnacional.mx\/#website","url":"https:\/\/conexionnacional.mx\/","name":"Conexi\u00f3n Nacional","description":"Noticias al momento","publisher":{"@id":"https:\/\/conexionnacional.mx\/#organization"},"alternateName":"Noticias nacionales","potentialAction":[{"@type":"SearchAction","target":{"@type":"EntryPoint","urlTemplate":"https:\/\/conexionnacional.mx\/?s={search_term_string}"},"query-input":{"@type":"PropertyValueSpecification","valueRequired":true,"valueName":"search_term_string"}}],"inLanguage":"es"},{"@type":"Organization","@id":"https:\/\/conexionnacional.mx\/#organization","name":"Conexi\u00f3n Nacional","url":"https:\/\/conexionnacional.mx\/","logo":{"@type":"ImageObject","inLanguage":"es","@id":"https:\/\/conexionnacional.mx\/#\/schema\/logo\/image\/","url":"https:\/\/conexionnacional.mx\/wp-content\/uploads\/2022\/09\/conexion_nacional.png","contentUrl":"https:\/\/conexionnacional.mx\/wp-content\/uploads\/2022\/09\/conexion_nacional.png","width":2964,"height":1173,"caption":"Conexi\u00f3n Nacional"},"image":{"@id":"https:\/\/conexionnacional.mx\/#\/schema\/logo\/image\/"},"sameAs":["https:\/\/www.facebook.com\/cnmxradio"]},{"@type":"Person","@id":"https:\/\/conexionnacional.mx\/#\/schema\/person\/dd14aeda902120f5e0e021903fdb6931","name":"Conexi\u00f3n Nacional","image":{"@type":"ImageObject","inLanguage":"es","@id":"https:\/\/secure.gravatar.com\/avatar\/e523100f284110b2ecca7e17b2be9cf140a5e8f35294c9ec0543e6916cc1f9be?s=96&d=blank&r=g","url":"https:\/\/secure.gravatar.com\/avatar\/e523100f284110b2ecca7e17b2be9cf140a5e8f35294c9ec0543e6916cc1f9be?s=96&d=blank&r=g","contentUrl":"https:\/\/secure.gravatar.com\/avatar\/e523100f284110b2ecca7e17b2be9cf140a5e8f35294c9ec0543e6916cc1f9be?s=96&d=blank&r=g","caption":"Conexi\u00f3n Nacional"},"sameAs":["https:\/\/conexionnacional.mx"],"url":"https:\/\/conexionnacional.mx\/index.php\/author\/administrador\/"}]}},"_links":{"self":[{"href":"https:\/\/conexionnacional.mx\/index.php\/wp-json\/wp\/v2\/posts\/5577","targetHints":{"allow":["GET"]}}],"collection":[{"href":"https:\/\/conexionnacional.mx\/index.php\/wp-json\/wp\/v2\/posts"}],"about":[{"href":"https:\/\/conexionnacional.mx\/index.php\/wp-json\/wp\/v2\/types\/post"}],"author":[{"embeddable":true,"href":"https:\/\/conexionnacional.mx\/index.php\/wp-json\/wp\/v2\/users\/1"}],"replies":[{"embeddable":true,"href":"https:\/\/conexionnacional.mx\/index.php\/wp-json\/wp\/v2\/comments?post=5577"}],"version-history":[{"count":1,"href":"https:\/\/conexionnacional.mx\/index.php\/wp-json\/wp\/v2\/posts\/5577\/revisions"}],"predecessor-version":[{"id":5579,"href":"https:\/\/conexionnacional.mx\/index.php\/wp-json\/wp\/v2\/posts\/5577\/revisions\/5579"}],"wp:featuredmedia":[{"embeddable":true,"href":"https:\/\/conexionnacional.mx\/index.php\/wp-json\/wp\/v2\/media\/5578"}],"wp:attachment":[{"href":"https:\/\/conexionnacional.mx\/index.php\/wp-json\/wp\/v2\/media?parent=5577"}],"wp:term":[{"taxonomy":"category","embeddable":true,"href":"https:\/\/conexionnacional.mx\/index.php\/wp-json\/wp\/v2\/categories?post=5577"},{"taxonomy":"post_tag","embeddable":true,"href":"https:\/\/conexionnacional.mx\/index.php\/wp-json\/wp\/v2\/tags?post=5577"}],"curies":[{"name":"wp","href":"https:\/\/api.w.org\/{rel}","templated":true}]}}