{"id":4702,"date":"2022-12-02T17:36:00","date_gmt":"2022-12-02T23:36:00","guid":{"rendered":"https:\/\/conexionnacional.mx\/?p=4702"},"modified":"2022-12-02T17:54:58","modified_gmt":"2022-12-02T23:54:58","slug":"4-mil-desaparecidos-michoacan","status":"publish","type":"post","link":"https:\/\/conexionnacional.mx\/index.php\/2022\/12\/02\/4-mil-desaparecidos-michoacan\/","title":{"rendered":"M\u00e1s de 4 mil desaparecidos en Michoac\u00e1n durante el 2022"},"content":{"rendered":"\n<p>Por: <a href=\"https:\/\/radio-mejor.com\/mas-de-4-mil-desaparecidos-en-michoacan-durante-el-2022\/\">radio-mejor.com<\/a> |<\/p>\n\n\n\n<p>Crece sin parar, la lista de personas desaparecidas y no localizadas en el estado de Michoac\u00e1n. A semanas de que cierre el 2022, ya suman m\u00e1s de 4 mil 533 registros las distintas regiones de esta entidad.<\/p>\n\n\n\n<p>Informaci\u00f3n de la Comisi\u00f3n Estatal de B\u00fasqueda de Personas Desaparecidas revel\u00f3 que se recibieron un total de 1 mil 173 reportes de desaparecidos desde julio del 2019 a septiembre del 2022.<\/p>\n\n\n\n<p>De la cifra anterior, 1 mil corresponden a hombres y 173 a Mujeres principalmente en las regiones de Morelia, Zamora, Coeneo y el municipio de Uruapan.<\/p>\n\n\n\n<p>A pesar de la creaci\u00f3n de mecanismos de b\u00fasqueda e incluso e instituciones, la cifra de personas desaparecidas que contin\u00faan sin ser encontradas es alta: un total de 3 mil 701 personas, muchas de ellas con hasta dos d\u00e9cadas de haber desaparecido.<\/p>\n\n\n\n<p>Los focos en materia de desaparici\u00f3n se siguen encendiendo en distintas regiones del estado. La falta de denuncias en muchos casos ha silenciado a familias mutiladas por una de las caras m\u00e1s duras de la violencia provocada principalmente por el crimen organizado.<\/p>\n\n\n\n<p>Los registros revelan a Morelia como el epicentro de las personas desaparecidas. La capital del estado concentra 1 mil 447 v\u00edctimas; mientras que la regi\u00f3n Zamora presenta 582 personas, Coeneo con 546, Uruapan 545, L\u00e1zaro C\u00e1rdenas 386, Apatzing\u00e1n 300, La Puedas 277 y Zit\u00e1cuaro 264.<\/p>\n\n\n\n<p>Para los colectivos de madres buscadoras del estado de Michoac\u00e1n, los abultados datos no son el aspecto m\u00e1s preocupante del fen\u00f3meno. Aseguran, diariamente desaparecen decenas de personas y son los menos, los que presentan las denuncias ante la fiscal\u00eda.<\/p>\n\n\n\n<p>Denunciaron ante la opini\u00f3n p\u00fablica un alto grado de revictimizaci\u00f3n por parte de las autoridades al interior del estado al momento de interponer la denuncia correspondiente o pedir el auxilio de las autoridades, por lo que las familias han preferido callar cada d\u00eda m\u00e1s.<\/p>\n\n\n\n<p>Con informaci\u00f3n de: <a href=\"https:\/\/radio-mejor.com\">Radio Mejor<\/a>.<\/p>\n","protected":false},"excerpt":{"rendered":"<p>Por: radio-mejor.com | Crece sin parar, la lista de personas desaparecidas y no localizadas en el estado de Michoac\u00e1n. A semanas de que cierre el 2022, ya suman m\u00e1s de 4 mil 533 registros las distintas regiones de esta entidad. Informaci\u00f3n de la Comisi\u00f3n Estatal de B\u00fasqueda de Personas Desaparecidas revel\u00f3 que se recibieron un [&hellip;]<\/p>\n","protected":false},"author":1,"featured_media":4703,"comment_status":"closed","ping_status":"closed","sticky":false,"template":"","format":"aside","meta":{"googlesitekit_rrm_CAowytPeCw:productID":"","footnotes":""},"categories":[17,20],"tags":[508,222,64],"class_list":["post-4702","post","type-post","status-publish","format-aside","has-post-thumbnail","hentry","category-estados","category-policiaca","tag-508","tag-desaparecidos","tag-michoacan","post_format-post-format-aside"],"yoast_head":"<!-- This site is optimized with the Yoast SEO plugin v27.5 - https:\/\/yoast.com\/product\/yoast-seo-wordpress\/ -->\n<title>M\u00e1s de 4 mil desaparecidos en Michoac\u00e1n durante el 2022 |<\/title>\n<meta name=\"description\" content=\"Crece sin parar, la lista de personas desaparecidas y no localizadas en el estado de Michoac\u00e1n. A semanas de que cierre el 2022.\" \/>\n<meta name=\"robots\" content=\"index, follow, max-snippet:-1, max-image-preview:large, max-video-preview:-1\" \/>\n<link rel=\"canonical\" href=\"https:\/\/conexionnacional.mx\/index.php\/2022\/12\/02\/4-mil-desaparecidos-michoacan\/\" \/>\n<meta property=\"og:locale\" content=\"es_MX\" \/>\n<meta property=\"og:type\" content=\"article\" \/>\n<meta property=\"og:title\" content=\"M\u00e1s de 4 mil desaparecidos en Michoac\u00e1n durante el 2022 |\" \/>\n<meta property=\"og:description\" content=\"Crece sin parar, la lista de personas desaparecidas y no localizadas en el estado de Michoac\u00e1n. A semanas de que cierre el 2022.\" \/>\n<meta property=\"og:url\" content=\"https:\/\/conexionnacional.mx\/index.php\/2022\/12\/02\/4-mil-desaparecidos-michoacan\/\" \/>\n<meta property=\"og:site_name\" content=\"Conexi\u00f3n Nacional\" \/>\n<meta property=\"article:publisher\" content=\"https:\/\/www.facebook.com\/cnmxradio\" \/>\n<meta property=\"article:published_time\" content=\"2022-12-02T23:36:00+00:00\" \/>\n<meta property=\"article:modified_time\" content=\"2022-12-02T23:54:58+00:00\" \/>\n<meta property=\"og:image\" content=\"https:\/\/conexionnacional.mx\/wp-content\/uploads\/2022\/12\/Mas-de-4-mil-desaparecidos-en-Michoacan-CN.jpg\" \/>\n\t<meta property=\"og:image:width\" content=\"1000\" \/>\n\t<meta property=\"og:image:height\" content=\"600\" \/>\n\t<meta property=\"og:image:type\" content=\"image\/jpeg\" \/>\n<meta name=\"author\" content=\"Conexi\u00f3n Nacional\" \/>\n<meta name=\"twitter:card\" content=\"summary_large_image\" \/>\n<meta name=\"twitter:label1\" content=\"Escrito por\" \/>\n\t<meta name=\"twitter:data1\" content=\"Conexi\u00f3n Nacional\" \/>\n\t<meta name=\"twitter:label2\" content=\"Tiempo de lectura\" \/>\n\t<meta name=\"twitter:data2\" content=\"2 minutos\" \/>\n<script type=\"application\/ld+json\" class=\"yoast-schema-graph\">{\"@context\":\"https:\\\/\\\/schema.org\",\"@graph\":[{\"@type\":\"Article\",\"@id\":\"https:\\\/\\\/conexionnacional.mx\\\/index.php\\\/2022\\\/12\\\/02\\\/4-mil-desaparecidos-michoacan\\\/#article\",\"isPartOf\":{\"@id\":\"https:\\\/\\\/conexionnacional.mx\\\/index.php\\\/2022\\\/12\\\/02\\\/4-mil-desaparecidos-michoacan\\\/\"},\"author\":{\"name\":\"Conexi\u00f3n Nacional\",\"@id\":\"https:\\\/\\\/conexionnacional.mx\\\/#\\\/schema\\\/person\\\/dd14aeda902120f5e0e021903fdb6931\"},\"headline\":\"M\u00e1s de 4 mil desaparecidos en Michoac\u00e1n durante el 2022\",\"datePublished\":\"2022-12-02T23:36:00+00:00\",\"dateModified\":\"2022-12-02T23:54:58+00:00\",\"mainEntityOfPage\":{\"@id\":\"https:\\\/\\\/conexionnacional.mx\\\/index.php\\\/2022\\\/12\\\/02\\\/4-mil-desaparecidos-michoacan\\\/\"},\"wordCount\":331,\"publisher\":{\"@id\":\"https:\\\/\\\/conexionnacional.mx\\\/#organization\"},\"image\":{\"@id\":\"https:\\\/\\\/conexionnacional.mx\\\/index.php\\\/2022\\\/12\\\/02\\\/4-mil-desaparecidos-michoacan\\\/#primaryimage\"},\"thumbnailUrl\":\"https:\\\/\\\/conexionnacional.mx\\\/wp-content\\\/uploads\\\/2022\\\/12\\\/Mas-de-4-mil-desaparecidos-en-Michoacan-CN.jpg\",\"keywords\":[\"2022\",\"desaparecidos\",\"Michoac\u00e1n\"],\"articleSection\":[\"Estados\",\"Polic\u00edaca\"],\"inLanguage\":\"es\"},{\"@type\":\"WebPage\",\"@id\":\"https:\\\/\\\/conexionnacional.mx\\\/index.php\\\/2022\\\/12\\\/02\\\/4-mil-desaparecidos-michoacan\\\/\",\"url\":\"https:\\\/\\\/conexionnacional.mx\\\/index.php\\\/2022\\\/12\\\/02\\\/4-mil-desaparecidos-michoacan\\\/\",\"name\":\"M\u00e1s de 4 mil desaparecidos en Michoac\u00e1n durante el 2022 |\",\"isPartOf\":{\"@id\":\"https:\\\/\\\/conexionnacional.mx\\\/#website\"},\"primaryImageOfPage\":{\"@id\":\"https:\\\/\\\/conexionnacional.mx\\\/index.php\\\/2022\\\/12\\\/02\\\/4-mil-desaparecidos-michoacan\\\/#primaryimage\"},\"image\":{\"@id\":\"https:\\\/\\\/conexionnacional.mx\\\/index.php\\\/2022\\\/12\\\/02\\\/4-mil-desaparecidos-michoacan\\\/#primaryimage\"},\"thumbnailUrl\":\"https:\\\/\\\/conexionnacional.mx\\\/wp-content\\\/uploads\\\/2022\\\/12\\\/Mas-de-4-mil-desaparecidos-en-Michoacan-CN.jpg\",\"datePublished\":\"2022-12-02T23:36:00+00:00\",\"dateModified\":\"2022-12-02T23:54:58+00:00\",\"description\":\"Crece sin parar, la lista de personas desaparecidas y no localizadas en el estado de Michoac\u00e1n. A semanas de que cierre el 2022.\",\"breadcrumb\":{\"@id\":\"https:\\\/\\\/conexionnacional.mx\\\/index.php\\\/2022\\\/12\\\/02\\\/4-mil-desaparecidos-michoacan\\\/#breadcrumb\"},\"inLanguage\":\"es\",\"potentialAction\":[{\"@type\":\"ReadAction\",\"target\":[\"https:\\\/\\\/conexionnacional.mx\\\/index.php\\\/2022\\\/12\\\/02\\\/4-mil-desaparecidos-michoacan\\\/\"]}]},{\"@type\":\"ImageObject\",\"inLanguage\":\"es\",\"@id\":\"https:\\\/\\\/conexionnacional.mx\\\/index.php\\\/2022\\\/12\\\/02\\\/4-mil-desaparecidos-michoacan\\\/#primaryimage\",\"url\":\"https:\\\/\\\/conexionnacional.mx\\\/wp-content\\\/uploads\\\/2022\\\/12\\\/Mas-de-4-mil-desaparecidos-en-Michoacan-CN.jpg\",\"contentUrl\":\"https:\\\/\\\/conexionnacional.mx\\\/wp-content\\\/uploads\\\/2022\\\/12\\\/Mas-de-4-mil-desaparecidos-en-Michoacan-CN.jpg\",\"width\":1000,\"height\":600,\"caption\":\"M\u00e1s de 4 mil desaparecidos en Michoac\u00e1n durante el 2022\"},{\"@type\":\"BreadcrumbList\",\"@id\":\"https:\\\/\\\/conexionnacional.mx\\\/index.php\\\/2022\\\/12\\\/02\\\/4-mil-desaparecidos-michoacan\\\/#breadcrumb\",\"itemListElement\":[{\"@type\":\"ListItem\",\"position\":1,\"name\":\"Inicio\",\"item\":\"https:\\\/\\\/conexionnacional.mx\\\/\"},{\"@type\":\"ListItem\",\"position\":2,\"name\":\"M\u00e1s de 4 mil desaparecidos en Michoac\u00e1n durante el 2022\"}]},{\"@type\":\"WebSite\",\"@id\":\"https:\\\/\\\/conexionnacional.mx\\\/#website\",\"url\":\"https:\\\/\\\/conexionnacional.mx\\\/\",\"name\":\"Conexi\u00f3n Nacional\",\"description\":\"Noticias al momento\",\"publisher\":{\"@id\":\"https:\\\/\\\/conexionnacional.mx\\\/#organization\"},\"alternateName\":\"Noticias nacionales\",\"potentialAction\":[{\"@type\":\"SearchAction\",\"target\":{\"@type\":\"EntryPoint\",\"urlTemplate\":\"https:\\\/\\\/conexionnacional.mx\\\/?s={search_term_string}\"},\"query-input\":{\"@type\":\"PropertyValueSpecification\",\"valueRequired\":true,\"valueName\":\"search_term_string\"}}],\"inLanguage\":\"es\"},{\"@type\":\"Organization\",\"@id\":\"https:\\\/\\\/conexionnacional.mx\\\/#organization\",\"name\":\"Conexi\u00f3n Nacional\",\"url\":\"https:\\\/\\\/conexionnacional.mx\\\/\",\"logo\":{\"@type\":\"ImageObject\",\"inLanguage\":\"es\",\"@id\":\"https:\\\/\\\/conexionnacional.mx\\\/#\\\/schema\\\/logo\\\/image\\\/\",\"url\":\"https:\\\/\\\/conexionnacional.mx\\\/wp-content\\\/uploads\\\/2022\\\/09\\\/conexion_nacional.png\",\"contentUrl\":\"https:\\\/\\\/conexionnacional.mx\\\/wp-content\\\/uploads\\\/2022\\\/09\\\/conexion_nacional.png\",\"width\":2964,\"height\":1173,\"caption\":\"Conexi\u00f3n Nacional\"},\"image\":{\"@id\":\"https:\\\/\\\/conexionnacional.mx\\\/#\\\/schema\\\/logo\\\/image\\\/\"},\"sameAs\":[\"https:\\\/\\\/www.facebook.com\\\/cnmxradio\"]},{\"@type\":\"Person\",\"@id\":\"https:\\\/\\\/conexionnacional.mx\\\/#\\\/schema\\\/person\\\/dd14aeda902120f5e0e021903fdb6931\",\"name\":\"Conexi\u00f3n Nacional\",\"image\":{\"@type\":\"ImageObject\",\"inLanguage\":\"es\",\"@id\":\"https:\\\/\\\/secure.gravatar.com\\\/avatar\\\/e523100f284110b2ecca7e17b2be9cf140a5e8f35294c9ec0543e6916cc1f9be?s=96&d=blank&r=g\",\"url\":\"https:\\\/\\\/secure.gravatar.com\\\/avatar\\\/e523100f284110b2ecca7e17b2be9cf140a5e8f35294c9ec0543e6916cc1f9be?s=96&d=blank&r=g\",\"contentUrl\":\"https:\\\/\\\/secure.gravatar.com\\\/avatar\\\/e523100f284110b2ecca7e17b2be9cf140a5e8f35294c9ec0543e6916cc1f9be?s=96&d=blank&r=g\",\"caption\":\"Conexi\u00f3n Nacional\"},\"sameAs\":[\"https:\\\/\\\/conexionnacional.mx\"],\"url\":\"https:\\\/\\\/conexionnacional.mx\\\/index.php\\\/author\\\/administrador\\\/\"}]}<\/script>\n<!-- \/ Yoast SEO plugin. -->","yoast_head_json":{"title":"M\u00e1s de 4 mil desaparecidos en Michoac\u00e1n durante el 2022 |","description":"Crece sin parar, la lista de personas desaparecidas y no localizadas en el estado de Michoac\u00e1n. A semanas de que cierre el 2022.","robots":{"index":"index","follow":"follow","max-snippet":"max-snippet:-1","max-image-preview":"max-image-preview:large","max-video-preview":"max-video-preview:-1"},"canonical":"https:\/\/conexionnacional.mx\/index.php\/2022\/12\/02\/4-mil-desaparecidos-michoacan\/","og_locale":"es_MX","og_type":"article","og_title":"M\u00e1s de 4 mil desaparecidos en Michoac\u00e1n durante el 2022 |","og_description":"Crece sin parar, la lista de personas desaparecidas y no localizadas en el estado de Michoac\u00e1n. A semanas de que cierre el 2022.","og_url":"https:\/\/conexionnacional.mx\/index.php\/2022\/12\/02\/4-mil-desaparecidos-michoacan\/","og_site_name":"Conexi\u00f3n Nacional","article_publisher":"https:\/\/www.facebook.com\/cnmxradio","article_published_time":"2022-12-02T23:36:00+00:00","article_modified_time":"2022-12-02T23:54:58+00:00","og_image":[{"width":1000,"height":600,"url":"https:\/\/conexionnacional.mx\/wp-content\/uploads\/2022\/12\/Mas-de-4-mil-desaparecidos-en-Michoacan-CN.jpg","type":"image\/jpeg"}],"author":"Conexi\u00f3n Nacional","twitter_card":"summary_large_image","twitter_misc":{"Escrito por":"Conexi\u00f3n Nacional","Tiempo de lectura":"2 minutos"},"schema":{"@context":"https:\/\/schema.org","@graph":[{"@type":"Article","@id":"https:\/\/conexionnacional.mx\/index.php\/2022\/12\/02\/4-mil-desaparecidos-michoacan\/#article","isPartOf":{"@id":"https:\/\/conexionnacional.mx\/index.php\/2022\/12\/02\/4-mil-desaparecidos-michoacan\/"},"author":{"name":"Conexi\u00f3n Nacional","@id":"https:\/\/conexionnacional.mx\/#\/schema\/person\/dd14aeda902120f5e0e021903fdb6931"},"headline":"M\u00e1s de 4 mil desaparecidos en Michoac\u00e1n durante el 2022","datePublished":"2022-12-02T23:36:00+00:00","dateModified":"2022-12-02T23:54:58+00:00","mainEntityOfPage":{"@id":"https:\/\/conexionnacional.mx\/index.php\/2022\/12\/02\/4-mil-desaparecidos-michoacan\/"},"wordCount":331,"publisher":{"@id":"https:\/\/conexionnacional.mx\/#organization"},"image":{"@id":"https:\/\/conexionnacional.mx\/index.php\/2022\/12\/02\/4-mil-desaparecidos-michoacan\/#primaryimage"},"thumbnailUrl":"https:\/\/conexionnacional.mx\/wp-content\/uploads\/2022\/12\/Mas-de-4-mil-desaparecidos-en-Michoacan-CN.jpg","keywords":["2022","desaparecidos","Michoac\u00e1n"],"articleSection":["Estados","Polic\u00edaca"],"inLanguage":"es"},{"@type":"WebPage","@id":"https:\/\/conexionnacional.mx\/index.php\/2022\/12\/02\/4-mil-desaparecidos-michoacan\/","url":"https:\/\/conexionnacional.mx\/index.php\/2022\/12\/02\/4-mil-desaparecidos-michoacan\/","name":"M\u00e1s de 4 mil desaparecidos en Michoac\u00e1n durante el 2022 |","isPartOf":{"@id":"https:\/\/conexionnacional.mx\/#website"},"primaryImageOfPage":{"@id":"https:\/\/conexionnacional.mx\/index.php\/2022\/12\/02\/4-mil-desaparecidos-michoacan\/#primaryimage"},"image":{"@id":"https:\/\/conexionnacional.mx\/index.php\/2022\/12\/02\/4-mil-desaparecidos-michoacan\/#primaryimage"},"thumbnailUrl":"https:\/\/conexionnacional.mx\/wp-content\/uploads\/2022\/12\/Mas-de-4-mil-desaparecidos-en-Michoacan-CN.jpg","datePublished":"2022-12-02T23:36:00+00:00","dateModified":"2022-12-02T23:54:58+00:00","description":"Crece sin parar, la lista de personas desaparecidas y no localizadas en el estado de Michoac\u00e1n. A semanas de que cierre el 2022.","breadcrumb":{"@id":"https:\/\/conexionnacional.mx\/index.php\/2022\/12\/02\/4-mil-desaparecidos-michoacan\/#breadcrumb"},"inLanguage":"es","potentialAction":[{"@type":"ReadAction","target":["https:\/\/conexionnacional.mx\/index.php\/2022\/12\/02\/4-mil-desaparecidos-michoacan\/"]}]},{"@type":"ImageObject","inLanguage":"es","@id":"https:\/\/conexionnacional.mx\/index.php\/2022\/12\/02\/4-mil-desaparecidos-michoacan\/#primaryimage","url":"https:\/\/conexionnacional.mx\/wp-content\/uploads\/2022\/12\/Mas-de-4-mil-desaparecidos-en-Michoacan-CN.jpg","contentUrl":"https:\/\/conexionnacional.mx\/wp-content\/uploads\/2022\/12\/Mas-de-4-mil-desaparecidos-en-Michoacan-CN.jpg","width":1000,"height":600,"caption":"M\u00e1s de 4 mil desaparecidos en Michoac\u00e1n durante el 2022"},{"@type":"BreadcrumbList","@id":"https:\/\/conexionnacional.mx\/index.php\/2022\/12\/02\/4-mil-desaparecidos-michoacan\/#breadcrumb","itemListElement":[{"@type":"ListItem","position":1,"name":"Inicio","item":"https:\/\/conexionnacional.mx\/"},{"@type":"ListItem","position":2,"name":"M\u00e1s de 4 mil desaparecidos en Michoac\u00e1n durante el 2022"}]},{"@type":"WebSite","@id":"https:\/\/conexionnacional.mx\/#website","url":"https:\/\/conexionnacional.mx\/","name":"Conexi\u00f3n Nacional","description":"Noticias al momento","publisher":{"@id":"https:\/\/conexionnacional.mx\/#organization"},"alternateName":"Noticias nacionales","potentialAction":[{"@type":"SearchAction","target":{"@type":"EntryPoint","urlTemplate":"https:\/\/conexionnacional.mx\/?s={search_term_string}"},"query-input":{"@type":"PropertyValueSpecification","valueRequired":true,"valueName":"search_term_string"}}],"inLanguage":"es"},{"@type":"Organization","@id":"https:\/\/conexionnacional.mx\/#organization","name":"Conexi\u00f3n Nacional","url":"https:\/\/conexionnacional.mx\/","logo":{"@type":"ImageObject","inLanguage":"es","@id":"https:\/\/conexionnacional.mx\/#\/schema\/logo\/image\/","url":"https:\/\/conexionnacional.mx\/wp-content\/uploads\/2022\/09\/conexion_nacional.png","contentUrl":"https:\/\/conexionnacional.mx\/wp-content\/uploads\/2022\/09\/conexion_nacional.png","width":2964,"height":1173,"caption":"Conexi\u00f3n Nacional"},"image":{"@id":"https:\/\/conexionnacional.mx\/#\/schema\/logo\/image\/"},"sameAs":["https:\/\/www.facebook.com\/cnmxradio"]},{"@type":"Person","@id":"https:\/\/conexionnacional.mx\/#\/schema\/person\/dd14aeda902120f5e0e021903fdb6931","name":"Conexi\u00f3n Nacional","image":{"@type":"ImageObject","inLanguage":"es","@id":"https:\/\/secure.gravatar.com\/avatar\/e523100f284110b2ecca7e17b2be9cf140a5e8f35294c9ec0543e6916cc1f9be?s=96&d=blank&r=g","url":"https:\/\/secure.gravatar.com\/avatar\/e523100f284110b2ecca7e17b2be9cf140a5e8f35294c9ec0543e6916cc1f9be?s=96&d=blank&r=g","contentUrl":"https:\/\/secure.gravatar.com\/avatar\/e523100f284110b2ecca7e17b2be9cf140a5e8f35294c9ec0543e6916cc1f9be?s=96&d=blank&r=g","caption":"Conexi\u00f3n Nacional"},"sameAs":["https:\/\/conexionnacional.mx"],"url":"https:\/\/conexionnacional.mx\/index.php\/author\/administrador\/"}]}},"_links":{"self":[{"href":"https:\/\/conexionnacional.mx\/index.php\/wp-json\/wp\/v2\/posts\/4702","targetHints":{"allow":["GET"]}}],"collection":[{"href":"https:\/\/conexionnacional.mx\/index.php\/wp-json\/wp\/v2\/posts"}],"about":[{"href":"https:\/\/conexionnacional.mx\/index.php\/wp-json\/wp\/v2\/types\/post"}],"author":[{"embeddable":true,"href":"https:\/\/conexionnacional.mx\/index.php\/wp-json\/wp\/v2\/users\/1"}],"replies":[{"embeddable":true,"href":"https:\/\/conexionnacional.mx\/index.php\/wp-json\/wp\/v2\/comments?post=4702"}],"version-history":[{"count":1,"href":"https:\/\/conexionnacional.mx\/index.php\/wp-json\/wp\/v2\/posts\/4702\/revisions"}],"predecessor-version":[{"id":4704,"href":"https:\/\/conexionnacional.mx\/index.php\/wp-json\/wp\/v2\/posts\/4702\/revisions\/4704"}],"wp:featuredmedia":[{"embeddable":true,"href":"https:\/\/conexionnacional.mx\/index.php\/wp-json\/wp\/v2\/media\/4703"}],"wp:attachment":[{"href":"https:\/\/conexionnacional.mx\/index.php\/wp-json\/wp\/v2\/media?parent=4702"}],"wp:term":[{"taxonomy":"category","embeddable":true,"href":"https:\/\/conexionnacional.mx\/index.php\/wp-json\/wp\/v2\/categories?post=4702"},{"taxonomy":"post_tag","embeddable":true,"href":"https:\/\/conexionnacional.mx\/index.php\/wp-json\/wp\/v2\/tags?post=4702"}],"curies":[{"name":"wp","href":"https:\/\/api.w.org\/{rel}","templated":true}]}}