{"id":4437,"date":"2022-11-29T10:32:00","date_gmt":"2022-11-29T16:32:00","guid":{"rendered":"https:\/\/conexionnacional.mx\/?p=4437"},"modified":"2022-11-29T10:10:47","modified_gmt":"2022-11-29T16:10:47","slug":"llueve-en-oaxaca-y-chiapas","status":"publish","type":"post","link":"https:\/\/conexionnacional.mx\/index.php\/2022\/11\/29\/llueve-en-oaxaca-y-chiapas\/","title":{"rendered":"Paraguas y chamarra, llueve en Oaxaca y Chiapas, se aproxima un nuevo frente fr\u00edo"},"content":{"rendered":"\n<p>Por: <a href=\"https:\/\/www.cydnoticias.mx\/2022\/11\/29\/llueve-en-oaxaca-y-chiapas\/\">Dulce Garc\u00eda | cydnoticas.mx<\/a>&nbsp; |<\/p>\n\n\n\n<p>Este martes <strong>canales de baja presi\u00f3n<\/strong> sobre el centro del pa\u00eds y sobre el sureste mexicano, en combinaci\u00f3n con la <strong>entrada de humedad<\/strong> del Oc\u00e9ano Pac\u00edfico, Golfo de M\u00e9xico y Mar Caribe, propiciar\u00e1 <strong>lluvias puntuales fuertes<\/strong> en Oaxaca y Chiapas, as\u00ed como <strong>lluvias con chubascos<\/strong> en Michoac\u00e1n, Guerrero, Puebla, Veracruz y Quintana Roo, incluyendo el Valle de M\u00e9xico. Las <strong>lluvias<\/strong> se podr\u00edan acompa\u00f1ar de <strong>descargas el\u00e9ctricas.<\/strong>&nbsp;<\/p>\n\n\n<div class=\"wp-block-image\">\n<figure class=\"aligncenter is-resized\"><img decoding=\"async\" src=\"data:image\/gif;base64,R0lGODlhAQABAAAAACH5BAEKAAEALAAAAAABAAEAAAICTAEAOw==\" data-src=\"https:\/\/lh6.googleusercontent.com\/5VIWBCGS4GhOOnVWRBQdZMKPb4QpUVeGOfUMjDsLhV7zHg1FG4F9gXItEU9auGew4ARGlpTXdd9sf-itgD1WmRO0S3jRxDDn-KYSHXFfuP7HCCwjeJwZGUE2OcpA9xH-eyCsOmxzFwbt73cFtFV8AMF0pDZS76ktL-qLkbDXyrOJzKGd0Z31W4OEN1y7lg\" alt=\"\" class=\"lazyload\" width=\"600\"\/><\/figure>\n<\/div>\n\n\n<p>Por otra parte, una <strong>l\u00ednea seca<\/strong>&nbsp;sobre el norte de Coahuila, en interacci\u00f3n con la corriente en chorro subtropical y con la <strong>aproximaci\u00f3n de un nuevo frente fr\u00edo<\/strong> al norte del territorio nacional esta noche.<\/p>\n\n\n<div class=\"wp-block-image\">\n<figure class=\"aligncenter is-resized\"><img decoding=\"async\" src=\"data:image\/gif;base64,R0lGODlhAQABAAAAACH5BAEKAAEALAAAAAABAAEAAAICTAEAOw==\" data-src=\"https:\/\/lh4.googleusercontent.com\/cm0pyqQOf7bDhydgcgr3t5cFXKOtPOiH4ChOYgFZrgtkH18FLrSqkCPtxs9xriWeqMJdN92fcmztXIfcB1UKpOpm8l2WTCfAoFds9YnhDAFwsiF5AnZHzcM5EwqLhmPwJWeJcTUQYVEGdiI55rjslE8ieKWPnWd1SglT-CRiO-CXS69n5e-nfs1hjyp-pw\" alt=\"\" class=\"lazyload\" width=\"600\"\/><\/figure>\n<\/div>\n\n\n<p>En el noroeste, norte y noreste de M\u00e9xico, se originar\u00e1n <strong>rachas de viento fuertes a muy fuertes<\/strong>, llegando a ser intensas en Chihuahua.&nbsp;<\/p>\n\n\n<div class=\"wp-block-image\">\n<figure class=\"aligncenter is-resized\"><img decoding=\"async\" src=\"data:image\/gif;base64,R0lGODlhAQABAAAAACH5BAEKAAEALAAAAAABAAEAAAICTAEAOw==\" data-src=\"https:\/\/lh4.googleusercontent.com\/Pa681kyahz5dzrreoZ8WkUA2OqR5LTPfPpUUuJo8kBkeaedM5EtRw3bxBXcOI7X6FLY1HTQ8kMg5Jb1u3NM0GxYx8iMZ16u7XOOzGCZHH7OqHjS6CtvIQeL7MNLBWshzhtZnTsvC4bevy45exuoUskk87O89HtonQwZPQQhGqfFHWswqgdyJcJeV9uRrlg\" alt=\"\" class=\"lazyload\" width=\"600\"\/><\/figure>\n<\/div>\n\n\n<p>Tambi\u00e9n se pronostica <strong>ambiente fr\u00edo a muy fr\u00edo<\/strong> durante la ma\u00f1ana y noche, con <strong>heladas<\/strong> al amanecer, en zonas altas del noroeste, norte, noreste y centro del pa\u00eds, adem\u00e1s de <strong>ambiente g\u00e9lido<\/strong> en sierras de Chihuahua y Durango.<\/p>\n\n\n<div class=\"wp-block-image\">\n<figure class=\"aligncenter is-resized\"><img decoding=\"async\" src=\"data:image\/gif;base64,R0lGODlhAQABAAAAACH5BAEKAAEALAAAAAABAAEAAAICTAEAOw==\" data-src=\"https:\/\/lh4.googleusercontent.com\/XEFIfdyEjtaV7qd9w_alIBxeKHD5cOmETBgDdQhOTgz4kqi5ac3WwrReWL-s0Zufr20fFxldAABE1aBNXYacxfk_O5w15OvaOT36zzvkLgRLTcDtaYqusaFODvU4bmo0DJFHldtBbBau3k-Bb34KkzjpkEzYAadxBcJ3voIB6HWjmeO8XYYspX-7g14nlw\" alt=\"\" class=\"lazyload\" width=\"600\"\/><\/figure>\n<\/div>\n\n\n<p>Con informaci\u00f3n de <a href=\"https:\/\/www.cydnoticias.mx\/\">Claro y Directo MX<\/a><\/p>\n","protected":false},"excerpt":{"rendered":"<p>Por: Dulce Garc\u00eda | cydnoticas.mx&nbsp; | Este martes canales de baja presi\u00f3n sobre el centro del pa\u00eds y sobre el sureste mexicano, en combinaci\u00f3n con la entrada de humedad del Oc\u00e9ano Pac\u00edfico, Golfo de M\u00e9xico y Mar Caribe, propiciar\u00e1 lluvias puntuales fuertes en Oaxaca y Chiapas, as\u00ed como lluvias con chubascos en Michoac\u00e1n, Guerrero, Puebla, [&hellip;]<\/p>\n","protected":false},"author":1,"featured_media":4438,"comment_status":"closed","ping_status":"closed","sticky":false,"template":"","format":"aside","meta":{"googlesitekit_rrm_CAowytPeCw:productID":"","footnotes":""},"categories":[21],"tags":[46,96,189],"class_list":["post-4437","post","type-post","status-publish","format-aside","has-post-thumbnail","hentry","category-medio-ambiente","tag-clima","tag-frio","tag-lluvia","post_format-post-format-aside"],"yoast_head":"<!-- This site is optimized with the Yoast SEO plugin v27.5 - https:\/\/yoast.com\/product\/yoast-seo-wordpress\/ -->\n<title>Paraguas y chamarra, llueve en Oaxaca y Chiapas, se aproxima un nuevo frente fr\u00edo |<\/title>\n<meta name=\"description\" content=\"Este martes canales de baja presi\u00f3n sobre el centro del pa\u00eds y sobre el sureste mexicano, en combinaci\u00f3n con la entrada de humedad del Oc\u00e9ano\" \/>\n<meta name=\"robots\" content=\"index, follow, max-snippet:-1, max-image-preview:large, max-video-preview:-1\" \/>\n<link rel=\"canonical\" href=\"https:\/\/conexionnacional.mx\/index.php\/2022\/11\/29\/llueve-en-oaxaca-y-chiapas\/\" \/>\n<meta property=\"og:locale\" content=\"es_MX\" \/>\n<meta property=\"og:type\" content=\"article\" \/>\n<meta property=\"og:title\" content=\"Paraguas y chamarra, llueve en Oaxaca y Chiapas, se aproxima un nuevo frente fr\u00edo |\" \/>\n<meta property=\"og:description\" content=\"Este martes canales de baja presi\u00f3n sobre el centro del pa\u00eds y sobre el sureste mexicano, en combinaci\u00f3n con la entrada de humedad del Oc\u00e9ano\" \/>\n<meta property=\"og:url\" content=\"https:\/\/conexionnacional.mx\/index.php\/2022\/11\/29\/llueve-en-oaxaca-y-chiapas\/\" \/>\n<meta property=\"og:site_name\" content=\"Conexi\u00f3n Nacional\" \/>\n<meta property=\"article:publisher\" content=\"https:\/\/www.facebook.com\/cnmxradio\" \/>\n<meta property=\"article:published_time\" content=\"2022-11-29T16:32:00+00:00\" \/>\n<meta property=\"og:image\" content=\"https:\/\/conexionnacional.mx\/wp-content\/uploads\/2022\/11\/Clima-lluvia-CN-2.jpg\" \/>\n\t<meta property=\"og:image:width\" content=\"1000\" \/>\n\t<meta property=\"og:image:height\" content=\"600\" \/>\n\t<meta property=\"og:image:type\" content=\"image\/jpeg\" \/>\n<meta name=\"author\" content=\"Conexi\u00f3n Nacional\" \/>\n<meta name=\"twitter:card\" content=\"summary_large_image\" \/>\n<meta name=\"twitter:label1\" content=\"Escrito por\" \/>\n\t<meta name=\"twitter:data1\" content=\"Conexi\u00f3n Nacional\" \/>\n\t<meta name=\"twitter:label2\" content=\"Tiempo de lectura\" \/>\n\t<meta name=\"twitter:data2\" content=\"2 minutos\" \/>\n<script type=\"application\/ld+json\" class=\"yoast-schema-graph\">{\"@context\":\"https:\\\/\\\/schema.org\",\"@graph\":[{\"@type\":\"Article\",\"@id\":\"https:\\\/\\\/conexionnacional.mx\\\/index.php\\\/2022\\\/11\\\/29\\\/llueve-en-oaxaca-y-chiapas\\\/#article\",\"isPartOf\":{\"@id\":\"https:\\\/\\\/conexionnacional.mx\\\/index.php\\\/2022\\\/11\\\/29\\\/llueve-en-oaxaca-y-chiapas\\\/\"},\"author\":{\"name\":\"Conexi\u00f3n Nacional\",\"@id\":\"https:\\\/\\\/conexionnacional.mx\\\/#\\\/schema\\\/person\\\/dd14aeda902120f5e0e021903fdb6931\"},\"headline\":\"Paraguas y chamarra, llueve en Oaxaca y Chiapas, se aproxima un nuevo frente fr\u00edo\",\"datePublished\":\"2022-11-29T16:32:00+00:00\",\"mainEntityOfPage\":{\"@id\":\"https:\\\/\\\/conexionnacional.mx\\\/index.php\\\/2022\\\/11\\\/29\\\/llueve-en-oaxaca-y-chiapas\\\/\"},\"wordCount\":219,\"publisher\":{\"@id\":\"https:\\\/\\\/conexionnacional.mx\\\/#organization\"},\"image\":{\"@id\":\"https:\\\/\\\/conexionnacional.mx\\\/index.php\\\/2022\\\/11\\\/29\\\/llueve-en-oaxaca-y-chiapas\\\/#primaryimage\"},\"thumbnailUrl\":\"https:\\\/\\\/conexionnacional.mx\\\/wp-content\\\/uploads\\\/2022\\\/11\\\/Clima-lluvia-CN-2.jpg\",\"keywords\":[\"clima\",\"fr\u00edo\",\"lluvia\"],\"articleSection\":[\"Medio Ambiente\"],\"inLanguage\":\"es\"},{\"@type\":\"WebPage\",\"@id\":\"https:\\\/\\\/conexionnacional.mx\\\/index.php\\\/2022\\\/11\\\/29\\\/llueve-en-oaxaca-y-chiapas\\\/\",\"url\":\"https:\\\/\\\/conexionnacional.mx\\\/index.php\\\/2022\\\/11\\\/29\\\/llueve-en-oaxaca-y-chiapas\\\/\",\"name\":\"Paraguas y chamarra, llueve en Oaxaca y Chiapas, se aproxima un nuevo frente fr\u00edo |\",\"isPartOf\":{\"@id\":\"https:\\\/\\\/conexionnacional.mx\\\/#website\"},\"primaryImageOfPage\":{\"@id\":\"https:\\\/\\\/conexionnacional.mx\\\/index.php\\\/2022\\\/11\\\/29\\\/llueve-en-oaxaca-y-chiapas\\\/#primaryimage\"},\"image\":{\"@id\":\"https:\\\/\\\/conexionnacional.mx\\\/index.php\\\/2022\\\/11\\\/29\\\/llueve-en-oaxaca-y-chiapas\\\/#primaryimage\"},\"thumbnailUrl\":\"https:\\\/\\\/conexionnacional.mx\\\/wp-content\\\/uploads\\\/2022\\\/11\\\/Clima-lluvia-CN-2.jpg\",\"datePublished\":\"2022-11-29T16:32:00+00:00\",\"description\":\"Este martes canales de baja presi\u00f3n sobre el centro del pa\u00eds y sobre el sureste mexicano, en combinaci\u00f3n con la entrada de humedad del Oc\u00e9ano\",\"breadcrumb\":{\"@id\":\"https:\\\/\\\/conexionnacional.mx\\\/index.php\\\/2022\\\/11\\\/29\\\/llueve-en-oaxaca-y-chiapas\\\/#breadcrumb\"},\"inLanguage\":\"es\",\"potentialAction\":[{\"@type\":\"ReadAction\",\"target\":[\"https:\\\/\\\/conexionnacional.mx\\\/index.php\\\/2022\\\/11\\\/29\\\/llueve-en-oaxaca-y-chiapas\\\/\"]}]},{\"@type\":\"ImageObject\",\"inLanguage\":\"es\",\"@id\":\"https:\\\/\\\/conexionnacional.mx\\\/index.php\\\/2022\\\/11\\\/29\\\/llueve-en-oaxaca-y-chiapas\\\/#primaryimage\",\"url\":\"https:\\\/\\\/conexionnacional.mx\\\/wp-content\\\/uploads\\\/2022\\\/11\\\/Clima-lluvia-CN-2.jpg\",\"contentUrl\":\"https:\\\/\\\/conexionnacional.mx\\\/wp-content\\\/uploads\\\/2022\\\/11\\\/Clima-lluvia-CN-2.jpg\",\"width\":1000,\"height\":600,\"caption\":\"Paraguas y chamarra, llueve en Oaxaca y Chiapas, se aproxima un nuevo frente fr\u00edo\"},{\"@type\":\"BreadcrumbList\",\"@id\":\"https:\\\/\\\/conexionnacional.mx\\\/index.php\\\/2022\\\/11\\\/29\\\/llueve-en-oaxaca-y-chiapas\\\/#breadcrumb\",\"itemListElement\":[{\"@type\":\"ListItem\",\"position\":1,\"name\":\"Inicio\",\"item\":\"https:\\\/\\\/conexionnacional.mx\\\/\"},{\"@type\":\"ListItem\",\"position\":2,\"name\":\"Paraguas y chamarra, llueve en Oaxaca y Chiapas, se aproxima un nuevo frente fr\u00edo\"}]},{\"@type\":\"WebSite\",\"@id\":\"https:\\\/\\\/conexionnacional.mx\\\/#website\",\"url\":\"https:\\\/\\\/conexionnacional.mx\\\/\",\"name\":\"Conexi\u00f3n Nacional\",\"description\":\"Noticias al momento\",\"publisher\":{\"@id\":\"https:\\\/\\\/conexionnacional.mx\\\/#organization\"},\"alternateName\":\"Noticias nacionales\",\"potentialAction\":[{\"@type\":\"SearchAction\",\"target\":{\"@type\":\"EntryPoint\",\"urlTemplate\":\"https:\\\/\\\/conexionnacional.mx\\\/?s={search_term_string}\"},\"query-input\":{\"@type\":\"PropertyValueSpecification\",\"valueRequired\":true,\"valueName\":\"search_term_string\"}}],\"inLanguage\":\"es\"},{\"@type\":\"Organization\",\"@id\":\"https:\\\/\\\/conexionnacional.mx\\\/#organization\",\"name\":\"Conexi\u00f3n Nacional\",\"url\":\"https:\\\/\\\/conexionnacional.mx\\\/\",\"logo\":{\"@type\":\"ImageObject\",\"inLanguage\":\"es\",\"@id\":\"https:\\\/\\\/conexionnacional.mx\\\/#\\\/schema\\\/logo\\\/image\\\/\",\"url\":\"https:\\\/\\\/conexionnacional.mx\\\/wp-content\\\/uploads\\\/2022\\\/09\\\/conexion_nacional.png\",\"contentUrl\":\"https:\\\/\\\/conexionnacional.mx\\\/wp-content\\\/uploads\\\/2022\\\/09\\\/conexion_nacional.png\",\"width\":2964,\"height\":1173,\"caption\":\"Conexi\u00f3n Nacional\"},\"image\":{\"@id\":\"https:\\\/\\\/conexionnacional.mx\\\/#\\\/schema\\\/logo\\\/image\\\/\"},\"sameAs\":[\"https:\\\/\\\/www.facebook.com\\\/cnmxradio\"]},{\"@type\":\"Person\",\"@id\":\"https:\\\/\\\/conexionnacional.mx\\\/#\\\/schema\\\/person\\\/dd14aeda902120f5e0e021903fdb6931\",\"name\":\"Conexi\u00f3n Nacional\",\"image\":{\"@type\":\"ImageObject\",\"inLanguage\":\"es\",\"@id\":\"https:\\\/\\\/secure.gravatar.com\\\/avatar\\\/e523100f284110b2ecca7e17b2be9cf140a5e8f35294c9ec0543e6916cc1f9be?s=96&d=blank&r=g\",\"url\":\"https:\\\/\\\/secure.gravatar.com\\\/avatar\\\/e523100f284110b2ecca7e17b2be9cf140a5e8f35294c9ec0543e6916cc1f9be?s=96&d=blank&r=g\",\"contentUrl\":\"https:\\\/\\\/secure.gravatar.com\\\/avatar\\\/e523100f284110b2ecca7e17b2be9cf140a5e8f35294c9ec0543e6916cc1f9be?s=96&d=blank&r=g\",\"caption\":\"Conexi\u00f3n Nacional\"},\"sameAs\":[\"https:\\\/\\\/conexionnacional.mx\"],\"url\":\"https:\\\/\\\/conexionnacional.mx\\\/index.php\\\/author\\\/administrador\\\/\"}]}<\/script>\n<!-- \/ Yoast SEO plugin. -->","yoast_head_json":{"title":"Paraguas y chamarra, llueve en Oaxaca y Chiapas, se aproxima un nuevo frente fr\u00edo |","description":"Este martes canales de baja presi\u00f3n sobre el centro del pa\u00eds y sobre el sureste mexicano, en combinaci\u00f3n con la entrada de humedad del Oc\u00e9ano","robots":{"index":"index","follow":"follow","max-snippet":"max-snippet:-1","max-image-preview":"max-image-preview:large","max-video-preview":"max-video-preview:-1"},"canonical":"https:\/\/conexionnacional.mx\/index.php\/2022\/11\/29\/llueve-en-oaxaca-y-chiapas\/","og_locale":"es_MX","og_type":"article","og_title":"Paraguas y chamarra, llueve en Oaxaca y Chiapas, se aproxima un nuevo frente fr\u00edo |","og_description":"Este martes canales de baja presi\u00f3n sobre el centro del pa\u00eds y sobre el sureste mexicano, en combinaci\u00f3n con la entrada de humedad del Oc\u00e9ano","og_url":"https:\/\/conexionnacional.mx\/index.php\/2022\/11\/29\/llueve-en-oaxaca-y-chiapas\/","og_site_name":"Conexi\u00f3n Nacional","article_publisher":"https:\/\/www.facebook.com\/cnmxradio","article_published_time":"2022-11-29T16:32:00+00:00","og_image":[{"width":1000,"height":600,"url":"https:\/\/conexionnacional.mx\/wp-content\/uploads\/2022\/11\/Clima-lluvia-CN-2.jpg","type":"image\/jpeg"}],"author":"Conexi\u00f3n Nacional","twitter_card":"summary_large_image","twitter_misc":{"Escrito por":"Conexi\u00f3n Nacional","Tiempo de lectura":"2 minutos"},"schema":{"@context":"https:\/\/schema.org","@graph":[{"@type":"Article","@id":"https:\/\/conexionnacional.mx\/index.php\/2022\/11\/29\/llueve-en-oaxaca-y-chiapas\/#article","isPartOf":{"@id":"https:\/\/conexionnacional.mx\/index.php\/2022\/11\/29\/llueve-en-oaxaca-y-chiapas\/"},"author":{"name":"Conexi\u00f3n Nacional","@id":"https:\/\/conexionnacional.mx\/#\/schema\/person\/dd14aeda902120f5e0e021903fdb6931"},"headline":"Paraguas y chamarra, llueve en Oaxaca y Chiapas, se aproxima un nuevo frente fr\u00edo","datePublished":"2022-11-29T16:32:00+00:00","mainEntityOfPage":{"@id":"https:\/\/conexionnacional.mx\/index.php\/2022\/11\/29\/llueve-en-oaxaca-y-chiapas\/"},"wordCount":219,"publisher":{"@id":"https:\/\/conexionnacional.mx\/#organization"},"image":{"@id":"https:\/\/conexionnacional.mx\/index.php\/2022\/11\/29\/llueve-en-oaxaca-y-chiapas\/#primaryimage"},"thumbnailUrl":"https:\/\/conexionnacional.mx\/wp-content\/uploads\/2022\/11\/Clima-lluvia-CN-2.jpg","keywords":["clima","fr\u00edo","lluvia"],"articleSection":["Medio Ambiente"],"inLanguage":"es"},{"@type":"WebPage","@id":"https:\/\/conexionnacional.mx\/index.php\/2022\/11\/29\/llueve-en-oaxaca-y-chiapas\/","url":"https:\/\/conexionnacional.mx\/index.php\/2022\/11\/29\/llueve-en-oaxaca-y-chiapas\/","name":"Paraguas y chamarra, llueve en Oaxaca y Chiapas, se aproxima un nuevo frente fr\u00edo |","isPartOf":{"@id":"https:\/\/conexionnacional.mx\/#website"},"primaryImageOfPage":{"@id":"https:\/\/conexionnacional.mx\/index.php\/2022\/11\/29\/llueve-en-oaxaca-y-chiapas\/#primaryimage"},"image":{"@id":"https:\/\/conexionnacional.mx\/index.php\/2022\/11\/29\/llueve-en-oaxaca-y-chiapas\/#primaryimage"},"thumbnailUrl":"https:\/\/conexionnacional.mx\/wp-content\/uploads\/2022\/11\/Clima-lluvia-CN-2.jpg","datePublished":"2022-11-29T16:32:00+00:00","description":"Este martes canales de baja presi\u00f3n sobre el centro del pa\u00eds y sobre el sureste mexicano, en combinaci\u00f3n con la entrada de humedad del Oc\u00e9ano","breadcrumb":{"@id":"https:\/\/conexionnacional.mx\/index.php\/2022\/11\/29\/llueve-en-oaxaca-y-chiapas\/#breadcrumb"},"inLanguage":"es","potentialAction":[{"@type":"ReadAction","target":["https:\/\/conexionnacional.mx\/index.php\/2022\/11\/29\/llueve-en-oaxaca-y-chiapas\/"]}]},{"@type":"ImageObject","inLanguage":"es","@id":"https:\/\/conexionnacional.mx\/index.php\/2022\/11\/29\/llueve-en-oaxaca-y-chiapas\/#primaryimage","url":"https:\/\/conexionnacional.mx\/wp-content\/uploads\/2022\/11\/Clima-lluvia-CN-2.jpg","contentUrl":"https:\/\/conexionnacional.mx\/wp-content\/uploads\/2022\/11\/Clima-lluvia-CN-2.jpg","width":1000,"height":600,"caption":"Paraguas y chamarra, llueve en Oaxaca y Chiapas, se aproxima un nuevo frente fr\u00edo"},{"@type":"BreadcrumbList","@id":"https:\/\/conexionnacional.mx\/index.php\/2022\/11\/29\/llueve-en-oaxaca-y-chiapas\/#breadcrumb","itemListElement":[{"@type":"ListItem","position":1,"name":"Inicio","item":"https:\/\/conexionnacional.mx\/"},{"@type":"ListItem","position":2,"name":"Paraguas y chamarra, llueve en Oaxaca y Chiapas, se aproxima un nuevo frente fr\u00edo"}]},{"@type":"WebSite","@id":"https:\/\/conexionnacional.mx\/#website","url":"https:\/\/conexionnacional.mx\/","name":"Conexi\u00f3n Nacional","description":"Noticias al momento","publisher":{"@id":"https:\/\/conexionnacional.mx\/#organization"},"alternateName":"Noticias nacionales","potentialAction":[{"@type":"SearchAction","target":{"@type":"EntryPoint","urlTemplate":"https:\/\/conexionnacional.mx\/?s={search_term_string}"},"query-input":{"@type":"PropertyValueSpecification","valueRequired":true,"valueName":"search_term_string"}}],"inLanguage":"es"},{"@type":"Organization","@id":"https:\/\/conexionnacional.mx\/#organization","name":"Conexi\u00f3n Nacional","url":"https:\/\/conexionnacional.mx\/","logo":{"@type":"ImageObject","inLanguage":"es","@id":"https:\/\/conexionnacional.mx\/#\/schema\/logo\/image\/","url":"https:\/\/conexionnacional.mx\/wp-content\/uploads\/2022\/09\/conexion_nacional.png","contentUrl":"https:\/\/conexionnacional.mx\/wp-content\/uploads\/2022\/09\/conexion_nacional.png","width":2964,"height":1173,"caption":"Conexi\u00f3n Nacional"},"image":{"@id":"https:\/\/conexionnacional.mx\/#\/schema\/logo\/image\/"},"sameAs":["https:\/\/www.facebook.com\/cnmxradio"]},{"@type":"Person","@id":"https:\/\/conexionnacional.mx\/#\/schema\/person\/dd14aeda902120f5e0e021903fdb6931","name":"Conexi\u00f3n Nacional","image":{"@type":"ImageObject","inLanguage":"es","@id":"https:\/\/secure.gravatar.com\/avatar\/e523100f284110b2ecca7e17b2be9cf140a5e8f35294c9ec0543e6916cc1f9be?s=96&d=blank&r=g","url":"https:\/\/secure.gravatar.com\/avatar\/e523100f284110b2ecca7e17b2be9cf140a5e8f35294c9ec0543e6916cc1f9be?s=96&d=blank&r=g","contentUrl":"https:\/\/secure.gravatar.com\/avatar\/e523100f284110b2ecca7e17b2be9cf140a5e8f35294c9ec0543e6916cc1f9be?s=96&d=blank&r=g","caption":"Conexi\u00f3n Nacional"},"sameAs":["https:\/\/conexionnacional.mx"],"url":"https:\/\/conexionnacional.mx\/index.php\/author\/administrador\/"}]}},"_links":{"self":[{"href":"https:\/\/conexionnacional.mx\/index.php\/wp-json\/wp\/v2\/posts\/4437","targetHints":{"allow":["GET"]}}],"collection":[{"href":"https:\/\/conexionnacional.mx\/index.php\/wp-json\/wp\/v2\/posts"}],"about":[{"href":"https:\/\/conexionnacional.mx\/index.php\/wp-json\/wp\/v2\/types\/post"}],"author":[{"embeddable":true,"href":"https:\/\/conexionnacional.mx\/index.php\/wp-json\/wp\/v2\/users\/1"}],"replies":[{"embeddable":true,"href":"https:\/\/conexionnacional.mx\/index.php\/wp-json\/wp\/v2\/comments?post=4437"}],"version-history":[{"count":1,"href":"https:\/\/conexionnacional.mx\/index.php\/wp-json\/wp\/v2\/posts\/4437\/revisions"}],"predecessor-version":[{"id":4439,"href":"https:\/\/conexionnacional.mx\/index.php\/wp-json\/wp\/v2\/posts\/4437\/revisions\/4439"}],"wp:featuredmedia":[{"embeddable":true,"href":"https:\/\/conexionnacional.mx\/index.php\/wp-json\/wp\/v2\/media\/4438"}],"wp:attachment":[{"href":"https:\/\/conexionnacional.mx\/index.php\/wp-json\/wp\/v2\/media?parent=4437"}],"wp:term":[{"taxonomy":"category","embeddable":true,"href":"https:\/\/conexionnacional.mx\/index.php\/wp-json\/wp\/v2\/categories?post=4437"},{"taxonomy":"post_tag","embeddable":true,"href":"https:\/\/conexionnacional.mx\/index.php\/wp-json\/wp\/v2\/tags?post=4437"}],"curies":[{"name":"wp","href":"https:\/\/api.w.org\/{rel}","templated":true}]}}