{"id":4428,"date":"2022-11-29T09:41:23","date_gmt":"2022-11-29T15:41:23","guid":{"rendered":"https:\/\/conexionnacional.mx\/?p=4428"},"modified":"2022-11-29T09:41:23","modified_gmt":"2022-11-29T15:41:23","slug":"portugal-vence-a-uruguay","status":"publish","type":"post","link":"https:\/\/conexionnacional.mx\/index.php\/2022\/11\/29\/portugal-vence-a-uruguay\/","title":{"rendered":"<strong>Portugal vence a Uruguay y asegura su lugar la siguiente ronda<\/strong>"},"content":{"rendered":"\n<p>Por: <a href=\"https:\/\/www.cydnoticias.mx\/2022\/11\/29\/portugal-vence-a-uruguay\/\">Qronistas | cydnoticias.mx<\/a>&nbsp; |<\/p>\n\n\n\n<figure class=\"wp-block-embed is-type-rich is-provider-twitter wp-block-embed-twitter\"><div class=\"wp-block-embed__wrapper\">\n<blockquote class=\"twitter-tweet\" data-width=\"550\" data-dnt=\"true\"><p lang=\"es\" dir=\"ltr\"><a href=\"https:\/\/twitter.com\/hashtag\/Qatar2022?src=hash&amp;ref_src=twsrc%5Etfw\">#Qatar2022<\/a> Con dos tantos de <a href=\"https:\/\/twitter.com\/hashtag\/BrunoFernandes?src=hash&amp;ref_src=twsrc%5Etfw\">#BrunoFernandes<\/a>, el <a href=\"https:\/\/twitter.com\/hashtag\/CuadroLuso?src=hash&amp;ref_src=twsrc%5Etfw\">#CuadroLuso<\/a> derrot\u00f3 a <a href=\"https:\/\/twitter.com\/hashtag\/Uruguay?src=hash&amp;ref_src=twsrc%5Etfw\">#Uruguay<\/a>.<a href=\"https:\/\/twitter.com\/VioletaHR_13?ref_src=twsrc%5Etfw\">@VioletaHR_13<\/a> tiene los detalles<a href=\"https:\/\/twitter.com\/claroydirectomx?ref_src=twsrc%5Etfw\">@claroydirectomx<\/a><br> <a href=\"https:\/\/twitter.com\/hashtag\/QatarEnQronistas?src=hash&amp;ref_src=twsrc%5Etfw\">#QatarEnQronistas<\/a><a href=\"https:\/\/twitter.com\/hashtag\/GrupoSantandrea?src=hash&amp;ref_src=twsrc%5Etfw\">#GrupoSantandrea<\/a><a href=\"https:\/\/twitter.com\/hashtag\/Soluci%C3%B3nIntegralEnLaConstrucci%C3%B3nDeTuProyecto?src=hash&amp;ref_src=twsrc%5Etfw\">#Soluci\u00f3nIntegralEnLaConstrucci\u00f3nDeTuProyecto<\/a> <a href=\"https:\/\/t.co\/cWNTsAtGmM\">pic.twitter.com\/cWNTsAtGmM<\/a><\/p>&mdash; Qronistas (@qronistas) <a href=\"https:\/\/twitter.com\/qronistas\/status\/1597373965991022592?ref_src=twsrc%5Etfw\">November 28, 2022<\/a><\/blockquote><script async src=\"https:\/\/platform.twitter.com\/widgets.js\" charset=\"utf-8\"><\/script>\n<\/div><\/figure>\n\n\n\n<p>El aparato portugu\u00e9s va de dos, dos. Portugal ya est\u00e1 en la siguiente ronda al derrotar 2-0 a Uruguay, que parece despedirse de la Copa del Mundo.<\/p>\n\n\n\n<p>Los lusitanos se van con seis puntos en el Grupo H, y ante Corea del Sur, si ganan, pueden cerrar una primera fase perfecta, en tanto que los uruguayos se quedan con un solo punto, sin marcar un gol y ante Ghana se jugar\u00e1 la vida que les queda.<\/p>\n\n\n\n<p>Pero a pesar del triunfo, de las dos victorias en fila, Portugal no se ve como candidata a coronarse en el Mundial qatar\u00ed, simplemente porque no juegan como conjunto.<\/p>\n\n\n\n<p>Portugal es una sinf\u00f3nica con muchos solistas que intentan tocar una misma canci\u00f3n. Lamentablemente no tienen el ritmo, el comp\u00e1s, la cadencia para que su futbol suene a una melod\u00eda exitosa. Es puro ir al frente, en l\u00ednea recta quiz\u00e1.<\/p>\n\n\n\n<p>Uruguay es mucha garra y un toque de inspiraci\u00f3n. Cada vez que Diego God\u00edn toma la pelota es un homenaje a los guerreros de anta\u00f1o, comenzando con Obdulio Varela, terminando con \u00e9l mismo. Uruguay juega a que no le hagan da\u00f1o, as\u00ed le gusta.<\/p>\n\n\n\n<p>Los papeles est\u00e1n m\u00e1s que dados y puestos en la novela.<\/p>\n\n\n\n<p>Uruguay se siente menos en la segunda parte, la garra charr\u00faa se convierte en hacha, los portugueses resienten los golpes, menos el intocable Cristiano.<\/p>\n\n\n\n<p>El juego entra en un remanso, tanto que un invasor con bandera con los colores del arco\u00edris cruza el campo tratando de llamar la atenci\u00f3n. Acto seguido Bruno Fernandes manda el bal\u00f3n al centro del \u00e1rea donde Cristiano se levanta para tocar o no tocarlo, pero este entra a la porter\u00eda de Rochet (55\u2019). El gol lo festeja el \u00eddilo pero la FIFA se lo da a Fernandes.<\/p>\n\n\n\n<iframe src=\"https:\/\/www.facebook.com\/plugins\/post.php?href=https%3A%2F%2Fwww.facebook.com%2FPORTUGAL%2Fposts%2Fpfbid031nVCjLG41UNEQphn6BPnEV29cjExccmuvYq115WRdM3CSK6mmpgZ6rkHK3TkQRHQl&#038;show_text=true&#038;width=500\" width=\"500\" height=\"615\" style=\"border:none;overflow:hidden\" scrolling=\"no\" frameborder=\"0\" allowfullscreen=\"true\" allow=\"autoplay; clipboard-write; encrypted-media; picture-in-picture; web-share\"><\/iframe>\n\n\n\n<p>Uruguay muy a su manera se despierta. Comienza a dar vistas de que tambi\u00e9n sabe atacar. Pepe y compa\u00f1\u00eda ponen atenci\u00f3n a lo que viene; Cristiano, hambriento de gol, quiere anotar a toda costa.<\/p>\n\n\n\n<p>Y Diego Alonso manda a la cancha a Luis Su\u00e1rez y saca a Cavani ante la incredulidad de todos los uruguayos en el estadio.<\/p>\n\n\n\n<p>Uruguay evoluciona: Mat\u00edas Vecino manda una pelota al poste; Luis Su\u00e1rez falla en el \u00e1rea chica y a\u00fan quedan minutos de juego. Valverde falla un mano a mano con el portero portugu\u00e9s Costa.<\/p>\n\n\n\n<iframe src=\"https:\/\/www.facebook.com\/plugins\/post.php?href=https%3A%2F%2Fwww.facebook.com%2FPORTUGAL%2Fposts%2Fpfbid03hZBytdB2TQgBCeKNJNV9mWWw6ted6nfvKoQ4Xo9LDgkda46aDn8BnzWHHE5EZkcl&#038;show_text=true&#038;width=500\" width=\"500\" height=\"671\" style=\"border:none;overflow:hidden\" scrolling=\"no\" frameborder=\"0\" allowfullscreen=\"true\" allow=\"autoplay; clipboard-write; encrypted-media; picture-in-picture; web-share\"><\/iframe>\n\n\n\n<p>Cristiano se fue y Pepe tom\u00f3 el gafete y el liderazgo. La defensa se volvi\u00f3 el punto fuerte de Portugal que en una descolgada recibi\u00f3 su recompensa con un penalti v\u00eda VAR, previa mano que Bruno Fernandes hizo gol (90\u2019).<\/p>\n\n\n\n<p>El cambio en la direcci\u00f3n t\u00e9cnica de Uruguay fue perfecto, hasta que comenz\u00f3 la Copa del Mundo, Diego Alonso deber\u00e1 explicar el por qu\u00e9 dej\u00f3 fuera a Luis Su\u00e1rez de la titularidad en este juego y por qu\u00e9 sac\u00f3 a Cavani cuando lo que se necesitaban eran goles. Ahora los orientales van por el milagro, pero con la p\u00f3lvora mojada, se ve complicado que enciendan algo.<\/p>\n\n\n\n<iframe src=\"https:\/\/www.facebook.com\/plugins\/post.php?href=https%3A%2F%2Fwww.facebook.com%2FPORTUGAL%2Fposts%2Fpfbid09VGUitgNqDWmQg6sCfYriQUqSoaca1rW8NS7orgtNTV2BAQ8MgBZnFCZe1NjVXihl&#038;show_text=true&#038;width=500\" width=\"500\" height=\"615\" style=\"border:none;overflow:hidden\" scrolling=\"no\" frameborder=\"0\" allowfullscreen=\"true\" allow=\"autoplay; clipboard-write; encrypted-media; picture-in-picture; web-share\"><\/iframe>\n\n\n\n<figure class=\"wp-block-embed is-type-rich is-provider-twitter wp-block-embed-twitter\"><div class=\"wp-block-embed__wrapper\">\n<blockquote class=\"twitter-tweet\" data-width=\"550\" data-dnt=\"true\"><p lang=\"es\" dir=\"ltr\"><a href=\"https:\/\/twitter.com\/hashtag\/Qatar2022?src=hash&amp;ref_src=twsrc%5Etfw\">#Qatar2022<\/a> El equipo portugu\u00e9s derrot\u00f3 2-0 a la Garra Charr\u00faa<a href=\"https:\/\/twitter.com\/claroydirectomx?ref_src=twsrc%5Etfw\">@claroydirectomx<\/a> <a href=\"https:\/\/t.co\/pT5IBO9k79\">pic.twitter.com\/pT5IBO9k79<\/a><\/p>&mdash; Qronistas (@qronistas) <a href=\"https:\/\/twitter.com\/qronistas\/status\/1597344692949385219?ref_src=twsrc%5Etfw\">November 28, 2022<\/a><\/blockquote><script async src=\"https:\/\/platform.twitter.com\/widgets.js\" charset=\"utf-8\"><\/script>\n<\/div><\/figure>\n\n\n\n<p>Con Informaci\u00f3n de <a href=\"https:\/\/www.cydnoticias.mx\/\">Claro y Directo Mx\u00ae<\/a><\/p>\n","protected":false},"excerpt":{"rendered":"<p>Por: Qronistas | cydnoticias.mx&nbsp; | El aparato portugu\u00e9s va de dos, dos. Portugal ya est\u00e1 en la siguiente ronda al derrotar 2-0 a Uruguay, que parece despedirse de la Copa del Mundo. Los lusitanos se van con seis puntos en el Grupo H, y ante Corea del Sur, si ganan, pueden cerrar una primera fase [&hellip;]<\/p>\n","protected":false},"author":1,"featured_media":4429,"comment_status":"closed","ping_status":"closed","sticky":false,"template":"","format":"aside","meta":{"googlesitekit_rrm_CAowytPeCw:productID":"","footnotes":""},"categories":[19],"tags":[106,2396,865,2258],"class_list":["post-4428","post","type-post","status-publish","format-aside","has-post-thumbnail","hentry","category-deportes","tag-futbol","tag-portugal","tag-qatar","tag-uruguay","post_format-post-format-aside"],"yoast_head":"<!-- This site is optimized with the Yoast SEO plugin v27.5 - https:\/\/yoast.com\/product\/yoast-seo-wordpress\/ -->\n<title>Portugal vence a Uruguay y asegura su lugar la siguiente ronda |<\/title>\n<meta name=\"description\" content=\"El aparato portugu\u00e9s va de dos, dos. Portugal ya est\u00e1 en la siguiente ronda al derrotar 2-0 a Uruguay, que parece despedirse de la Copa\" \/>\n<meta name=\"robots\" content=\"index, follow, max-snippet:-1, max-image-preview:large, max-video-preview:-1\" \/>\n<link rel=\"canonical\" href=\"https:\/\/conexionnacional.mx\/index.php\/2022\/11\/29\/portugal-vence-a-uruguay\/\" \/>\n<meta property=\"og:locale\" content=\"es_MX\" \/>\n<meta property=\"og:type\" content=\"article\" \/>\n<meta property=\"og:title\" content=\"Portugal vence a Uruguay y asegura su lugar la siguiente ronda |\" \/>\n<meta property=\"og:description\" content=\"El aparato portugu\u00e9s va de dos, dos. Portugal ya est\u00e1 en la siguiente ronda al derrotar 2-0 a Uruguay, que parece despedirse de la Copa\" \/>\n<meta property=\"og:url\" content=\"https:\/\/conexionnacional.mx\/index.php\/2022\/11\/29\/portugal-vence-a-uruguay\/\" \/>\n<meta property=\"og:site_name\" content=\"Conexi\u00f3n Nacional\" \/>\n<meta property=\"article:publisher\" content=\"https:\/\/www.facebook.com\/cnmxradio\" \/>\n<meta property=\"article:published_time\" content=\"2022-11-29T15:41:23+00:00\" \/>\n<meta property=\"og:image\" content=\"https:\/\/conexionnacional.mx\/wp-content\/uploads\/2022\/11\/Portugal-vence-a-Uruguay-CN.jpg\" \/>\n\t<meta property=\"og:image:width\" content=\"1000\" \/>\n\t<meta property=\"og:image:height\" content=\"600\" \/>\n\t<meta property=\"og:image:type\" content=\"image\/jpeg\" \/>\n<meta name=\"author\" content=\"Conexi\u00f3n Nacional\" \/>\n<meta name=\"twitter:card\" content=\"summary_large_image\" \/>\n<meta name=\"twitter:label1\" content=\"Escrito por\" \/>\n\t<meta name=\"twitter:data1\" content=\"Conexi\u00f3n Nacional\" \/>\n\t<meta name=\"twitter:label2\" content=\"Tiempo de lectura\" \/>\n\t<meta name=\"twitter:data2\" content=\"3 minutos\" \/>\n<script type=\"application\/ld+json\" class=\"yoast-schema-graph\">{\"@context\":\"https:\\\/\\\/schema.org\",\"@graph\":[{\"@type\":\"Article\",\"@id\":\"https:\\\/\\\/conexionnacional.mx\\\/index.php\\\/2022\\\/11\\\/29\\\/portugal-vence-a-uruguay\\\/#article\",\"isPartOf\":{\"@id\":\"https:\\\/\\\/conexionnacional.mx\\\/index.php\\\/2022\\\/11\\\/29\\\/portugal-vence-a-uruguay\\\/\"},\"author\":{\"name\":\"Conexi\u00f3n Nacional\",\"@id\":\"https:\\\/\\\/conexionnacional.mx\\\/#\\\/schema\\\/person\\\/dd14aeda902120f5e0e021903fdb6931\"},\"headline\":\"Portugal vence a Uruguay y asegura su lugar la siguiente ronda\",\"datePublished\":\"2022-11-29T15:41:23+00:00\",\"mainEntityOfPage\":{\"@id\":\"https:\\\/\\\/conexionnacional.mx\\\/index.php\\\/2022\\\/11\\\/29\\\/portugal-vence-a-uruguay\\\/\"},\"wordCount\":565,\"publisher\":{\"@id\":\"https:\\\/\\\/conexionnacional.mx\\\/#organization\"},\"image\":{\"@id\":\"https:\\\/\\\/conexionnacional.mx\\\/index.php\\\/2022\\\/11\\\/29\\\/portugal-vence-a-uruguay\\\/#primaryimage\"},\"thumbnailUrl\":\"https:\\\/\\\/conexionnacional.mx\\\/wp-content\\\/uploads\\\/2022\\\/11\\\/Portugal-vence-a-Uruguay-CN.jpg\",\"keywords\":[\"f\u00fatbol\",\"Portugal\",\"Qatar\",\"Uruguay\"],\"articleSection\":[\"Deportes\"],\"inLanguage\":\"es\"},{\"@type\":\"WebPage\",\"@id\":\"https:\\\/\\\/conexionnacional.mx\\\/index.php\\\/2022\\\/11\\\/29\\\/portugal-vence-a-uruguay\\\/\",\"url\":\"https:\\\/\\\/conexionnacional.mx\\\/index.php\\\/2022\\\/11\\\/29\\\/portugal-vence-a-uruguay\\\/\",\"name\":\"Portugal vence a Uruguay y asegura su lugar la siguiente ronda |\",\"isPartOf\":{\"@id\":\"https:\\\/\\\/conexionnacional.mx\\\/#website\"},\"primaryImageOfPage\":{\"@id\":\"https:\\\/\\\/conexionnacional.mx\\\/index.php\\\/2022\\\/11\\\/29\\\/portugal-vence-a-uruguay\\\/#primaryimage\"},\"image\":{\"@id\":\"https:\\\/\\\/conexionnacional.mx\\\/index.php\\\/2022\\\/11\\\/29\\\/portugal-vence-a-uruguay\\\/#primaryimage\"},\"thumbnailUrl\":\"https:\\\/\\\/conexionnacional.mx\\\/wp-content\\\/uploads\\\/2022\\\/11\\\/Portugal-vence-a-Uruguay-CN.jpg\",\"datePublished\":\"2022-11-29T15:41:23+00:00\",\"description\":\"El aparato portugu\u00e9s va de dos, dos. Portugal ya est\u00e1 en la siguiente ronda al derrotar 2-0 a Uruguay, que parece despedirse de la Copa\",\"breadcrumb\":{\"@id\":\"https:\\\/\\\/conexionnacional.mx\\\/index.php\\\/2022\\\/11\\\/29\\\/portugal-vence-a-uruguay\\\/#breadcrumb\"},\"inLanguage\":\"es\",\"potentialAction\":[{\"@type\":\"ReadAction\",\"target\":[\"https:\\\/\\\/conexionnacional.mx\\\/index.php\\\/2022\\\/11\\\/29\\\/portugal-vence-a-uruguay\\\/\"]}]},{\"@type\":\"ImageObject\",\"inLanguage\":\"es\",\"@id\":\"https:\\\/\\\/conexionnacional.mx\\\/index.php\\\/2022\\\/11\\\/29\\\/portugal-vence-a-uruguay\\\/#primaryimage\",\"url\":\"https:\\\/\\\/conexionnacional.mx\\\/wp-content\\\/uploads\\\/2022\\\/11\\\/Portugal-vence-a-Uruguay-CN.jpg\",\"contentUrl\":\"https:\\\/\\\/conexionnacional.mx\\\/wp-content\\\/uploads\\\/2022\\\/11\\\/Portugal-vence-a-Uruguay-CN.jpg\",\"width\":1000,\"height\":600,\"caption\":\"Portugal vence a Uruguay y asegura su lugar la siguiente ronda\"},{\"@type\":\"BreadcrumbList\",\"@id\":\"https:\\\/\\\/conexionnacional.mx\\\/index.php\\\/2022\\\/11\\\/29\\\/portugal-vence-a-uruguay\\\/#breadcrumb\",\"itemListElement\":[{\"@type\":\"ListItem\",\"position\":1,\"name\":\"Inicio\",\"item\":\"https:\\\/\\\/conexionnacional.mx\\\/\"},{\"@type\":\"ListItem\",\"position\":2,\"name\":\"Portugal vence a Uruguay y asegura su lugar la siguiente ronda\"}]},{\"@type\":\"WebSite\",\"@id\":\"https:\\\/\\\/conexionnacional.mx\\\/#website\",\"url\":\"https:\\\/\\\/conexionnacional.mx\\\/\",\"name\":\"Conexi\u00f3n Nacional\",\"description\":\"Noticias al momento\",\"publisher\":{\"@id\":\"https:\\\/\\\/conexionnacional.mx\\\/#organization\"},\"alternateName\":\"Noticias nacionales\",\"potentialAction\":[{\"@type\":\"SearchAction\",\"target\":{\"@type\":\"EntryPoint\",\"urlTemplate\":\"https:\\\/\\\/conexionnacional.mx\\\/?s={search_term_string}\"},\"query-input\":{\"@type\":\"PropertyValueSpecification\",\"valueRequired\":true,\"valueName\":\"search_term_string\"}}],\"inLanguage\":\"es\"},{\"@type\":\"Organization\",\"@id\":\"https:\\\/\\\/conexionnacional.mx\\\/#organization\",\"name\":\"Conexi\u00f3n Nacional\",\"url\":\"https:\\\/\\\/conexionnacional.mx\\\/\",\"logo\":{\"@type\":\"ImageObject\",\"inLanguage\":\"es\",\"@id\":\"https:\\\/\\\/conexionnacional.mx\\\/#\\\/schema\\\/logo\\\/image\\\/\",\"url\":\"https:\\\/\\\/conexionnacional.mx\\\/wp-content\\\/uploads\\\/2022\\\/09\\\/conexion_nacional.png\",\"contentUrl\":\"https:\\\/\\\/conexionnacional.mx\\\/wp-content\\\/uploads\\\/2022\\\/09\\\/conexion_nacional.png\",\"width\":2964,\"height\":1173,\"caption\":\"Conexi\u00f3n Nacional\"},\"image\":{\"@id\":\"https:\\\/\\\/conexionnacional.mx\\\/#\\\/schema\\\/logo\\\/image\\\/\"},\"sameAs\":[\"https:\\\/\\\/www.facebook.com\\\/cnmxradio\"]},{\"@type\":\"Person\",\"@id\":\"https:\\\/\\\/conexionnacional.mx\\\/#\\\/schema\\\/person\\\/dd14aeda902120f5e0e021903fdb6931\",\"name\":\"Conexi\u00f3n Nacional\",\"image\":{\"@type\":\"ImageObject\",\"inLanguage\":\"es\",\"@id\":\"https:\\\/\\\/secure.gravatar.com\\\/avatar\\\/e523100f284110b2ecca7e17b2be9cf140a5e8f35294c9ec0543e6916cc1f9be?s=96&d=blank&r=g\",\"url\":\"https:\\\/\\\/secure.gravatar.com\\\/avatar\\\/e523100f284110b2ecca7e17b2be9cf140a5e8f35294c9ec0543e6916cc1f9be?s=96&d=blank&r=g\",\"contentUrl\":\"https:\\\/\\\/secure.gravatar.com\\\/avatar\\\/e523100f284110b2ecca7e17b2be9cf140a5e8f35294c9ec0543e6916cc1f9be?s=96&d=blank&r=g\",\"caption\":\"Conexi\u00f3n Nacional\"},\"sameAs\":[\"https:\\\/\\\/conexionnacional.mx\"],\"url\":\"https:\\\/\\\/conexionnacional.mx\\\/index.php\\\/author\\\/administrador\\\/\"}]}<\/script>\n<!-- \/ Yoast SEO plugin. -->","yoast_head_json":{"title":"Portugal vence a Uruguay y asegura su lugar la siguiente ronda |","description":"El aparato portugu\u00e9s va de dos, dos. Portugal ya est\u00e1 en la siguiente ronda al derrotar 2-0 a Uruguay, que parece despedirse de la Copa","robots":{"index":"index","follow":"follow","max-snippet":"max-snippet:-1","max-image-preview":"max-image-preview:large","max-video-preview":"max-video-preview:-1"},"canonical":"https:\/\/conexionnacional.mx\/index.php\/2022\/11\/29\/portugal-vence-a-uruguay\/","og_locale":"es_MX","og_type":"article","og_title":"Portugal vence a Uruguay y asegura su lugar la siguiente ronda |","og_description":"El aparato portugu\u00e9s va de dos, dos. Portugal ya est\u00e1 en la siguiente ronda al derrotar 2-0 a Uruguay, que parece despedirse de la Copa","og_url":"https:\/\/conexionnacional.mx\/index.php\/2022\/11\/29\/portugal-vence-a-uruguay\/","og_site_name":"Conexi\u00f3n Nacional","article_publisher":"https:\/\/www.facebook.com\/cnmxradio","article_published_time":"2022-11-29T15:41:23+00:00","og_image":[{"width":1000,"height":600,"url":"https:\/\/conexionnacional.mx\/wp-content\/uploads\/2022\/11\/Portugal-vence-a-Uruguay-CN.jpg","type":"image\/jpeg"}],"author":"Conexi\u00f3n Nacional","twitter_card":"summary_large_image","twitter_misc":{"Escrito por":"Conexi\u00f3n Nacional","Tiempo de lectura":"3 minutos"},"schema":{"@context":"https:\/\/schema.org","@graph":[{"@type":"Article","@id":"https:\/\/conexionnacional.mx\/index.php\/2022\/11\/29\/portugal-vence-a-uruguay\/#article","isPartOf":{"@id":"https:\/\/conexionnacional.mx\/index.php\/2022\/11\/29\/portugal-vence-a-uruguay\/"},"author":{"name":"Conexi\u00f3n Nacional","@id":"https:\/\/conexionnacional.mx\/#\/schema\/person\/dd14aeda902120f5e0e021903fdb6931"},"headline":"Portugal vence a Uruguay y asegura su lugar la siguiente ronda","datePublished":"2022-11-29T15:41:23+00:00","mainEntityOfPage":{"@id":"https:\/\/conexionnacional.mx\/index.php\/2022\/11\/29\/portugal-vence-a-uruguay\/"},"wordCount":565,"publisher":{"@id":"https:\/\/conexionnacional.mx\/#organization"},"image":{"@id":"https:\/\/conexionnacional.mx\/index.php\/2022\/11\/29\/portugal-vence-a-uruguay\/#primaryimage"},"thumbnailUrl":"https:\/\/conexionnacional.mx\/wp-content\/uploads\/2022\/11\/Portugal-vence-a-Uruguay-CN.jpg","keywords":["f\u00fatbol","Portugal","Qatar","Uruguay"],"articleSection":["Deportes"],"inLanguage":"es"},{"@type":"WebPage","@id":"https:\/\/conexionnacional.mx\/index.php\/2022\/11\/29\/portugal-vence-a-uruguay\/","url":"https:\/\/conexionnacional.mx\/index.php\/2022\/11\/29\/portugal-vence-a-uruguay\/","name":"Portugal vence a Uruguay y asegura su lugar la siguiente ronda |","isPartOf":{"@id":"https:\/\/conexionnacional.mx\/#website"},"primaryImageOfPage":{"@id":"https:\/\/conexionnacional.mx\/index.php\/2022\/11\/29\/portugal-vence-a-uruguay\/#primaryimage"},"image":{"@id":"https:\/\/conexionnacional.mx\/index.php\/2022\/11\/29\/portugal-vence-a-uruguay\/#primaryimage"},"thumbnailUrl":"https:\/\/conexionnacional.mx\/wp-content\/uploads\/2022\/11\/Portugal-vence-a-Uruguay-CN.jpg","datePublished":"2022-11-29T15:41:23+00:00","description":"El aparato portugu\u00e9s va de dos, dos. Portugal ya est\u00e1 en la siguiente ronda al derrotar 2-0 a Uruguay, que parece despedirse de la Copa","breadcrumb":{"@id":"https:\/\/conexionnacional.mx\/index.php\/2022\/11\/29\/portugal-vence-a-uruguay\/#breadcrumb"},"inLanguage":"es","potentialAction":[{"@type":"ReadAction","target":["https:\/\/conexionnacional.mx\/index.php\/2022\/11\/29\/portugal-vence-a-uruguay\/"]}]},{"@type":"ImageObject","inLanguage":"es","@id":"https:\/\/conexionnacional.mx\/index.php\/2022\/11\/29\/portugal-vence-a-uruguay\/#primaryimage","url":"https:\/\/conexionnacional.mx\/wp-content\/uploads\/2022\/11\/Portugal-vence-a-Uruguay-CN.jpg","contentUrl":"https:\/\/conexionnacional.mx\/wp-content\/uploads\/2022\/11\/Portugal-vence-a-Uruguay-CN.jpg","width":1000,"height":600,"caption":"Portugal vence a Uruguay y asegura su lugar la siguiente ronda"},{"@type":"BreadcrumbList","@id":"https:\/\/conexionnacional.mx\/index.php\/2022\/11\/29\/portugal-vence-a-uruguay\/#breadcrumb","itemListElement":[{"@type":"ListItem","position":1,"name":"Inicio","item":"https:\/\/conexionnacional.mx\/"},{"@type":"ListItem","position":2,"name":"Portugal vence a Uruguay y asegura su lugar la siguiente ronda"}]},{"@type":"WebSite","@id":"https:\/\/conexionnacional.mx\/#website","url":"https:\/\/conexionnacional.mx\/","name":"Conexi\u00f3n Nacional","description":"Noticias al momento","publisher":{"@id":"https:\/\/conexionnacional.mx\/#organization"},"alternateName":"Noticias nacionales","potentialAction":[{"@type":"SearchAction","target":{"@type":"EntryPoint","urlTemplate":"https:\/\/conexionnacional.mx\/?s={search_term_string}"},"query-input":{"@type":"PropertyValueSpecification","valueRequired":true,"valueName":"search_term_string"}}],"inLanguage":"es"},{"@type":"Organization","@id":"https:\/\/conexionnacional.mx\/#organization","name":"Conexi\u00f3n Nacional","url":"https:\/\/conexionnacional.mx\/","logo":{"@type":"ImageObject","inLanguage":"es","@id":"https:\/\/conexionnacional.mx\/#\/schema\/logo\/image\/","url":"https:\/\/conexionnacional.mx\/wp-content\/uploads\/2022\/09\/conexion_nacional.png","contentUrl":"https:\/\/conexionnacional.mx\/wp-content\/uploads\/2022\/09\/conexion_nacional.png","width":2964,"height":1173,"caption":"Conexi\u00f3n Nacional"},"image":{"@id":"https:\/\/conexionnacional.mx\/#\/schema\/logo\/image\/"},"sameAs":["https:\/\/www.facebook.com\/cnmxradio"]},{"@type":"Person","@id":"https:\/\/conexionnacional.mx\/#\/schema\/person\/dd14aeda902120f5e0e021903fdb6931","name":"Conexi\u00f3n Nacional","image":{"@type":"ImageObject","inLanguage":"es","@id":"https:\/\/secure.gravatar.com\/avatar\/e523100f284110b2ecca7e17b2be9cf140a5e8f35294c9ec0543e6916cc1f9be?s=96&d=blank&r=g","url":"https:\/\/secure.gravatar.com\/avatar\/e523100f284110b2ecca7e17b2be9cf140a5e8f35294c9ec0543e6916cc1f9be?s=96&d=blank&r=g","contentUrl":"https:\/\/secure.gravatar.com\/avatar\/e523100f284110b2ecca7e17b2be9cf140a5e8f35294c9ec0543e6916cc1f9be?s=96&d=blank&r=g","caption":"Conexi\u00f3n Nacional"},"sameAs":["https:\/\/conexionnacional.mx"],"url":"https:\/\/conexionnacional.mx\/index.php\/author\/administrador\/"}]}},"_links":{"self":[{"href":"https:\/\/conexionnacional.mx\/index.php\/wp-json\/wp\/v2\/posts\/4428","targetHints":{"allow":["GET"]}}],"collection":[{"href":"https:\/\/conexionnacional.mx\/index.php\/wp-json\/wp\/v2\/posts"}],"about":[{"href":"https:\/\/conexionnacional.mx\/index.php\/wp-json\/wp\/v2\/types\/post"}],"author":[{"embeddable":true,"href":"https:\/\/conexionnacional.mx\/index.php\/wp-json\/wp\/v2\/users\/1"}],"replies":[{"embeddable":true,"href":"https:\/\/conexionnacional.mx\/index.php\/wp-json\/wp\/v2\/comments?post=4428"}],"version-history":[{"count":1,"href":"https:\/\/conexionnacional.mx\/index.php\/wp-json\/wp\/v2\/posts\/4428\/revisions"}],"predecessor-version":[{"id":4430,"href":"https:\/\/conexionnacional.mx\/index.php\/wp-json\/wp\/v2\/posts\/4428\/revisions\/4430"}],"wp:featuredmedia":[{"embeddable":true,"href":"https:\/\/conexionnacional.mx\/index.php\/wp-json\/wp\/v2\/media\/4429"}],"wp:attachment":[{"href":"https:\/\/conexionnacional.mx\/index.php\/wp-json\/wp\/v2\/media?parent=4428"}],"wp:term":[{"taxonomy":"category","embeddable":true,"href":"https:\/\/conexionnacional.mx\/index.php\/wp-json\/wp\/v2\/categories?post=4428"},{"taxonomy":"post_tag","embeddable":true,"href":"https:\/\/conexionnacional.mx\/index.php\/wp-json\/wp\/v2\/tags?post=4428"}],"curies":[{"name":"wp","href":"https:\/\/api.w.org\/{rel}","templated":true}]}}