{"id":4425,"date":"2022-11-29T09:34:30","date_gmt":"2022-11-29T15:34:30","guid":{"rendered":"https:\/\/conexionnacional.mx\/?p=4425"},"modified":"2022-11-29T09:34:30","modified_gmt":"2022-11-29T15:34:30","slug":"incendio-en-holbox","status":"publish","type":"post","link":"https:\/\/conexionnacional.mx\/index.php\/2022\/11\/29\/incendio-en-holbox\/","title":{"rendered":"<strong>Incendio en Holbox devora dos hoteles<\/strong>"},"content":{"rendered":"\n<p>Por: <a href=\"https:\/\/www.cydnoticias.mx\/2022\/11\/29\/incendio-en-holbox\/\">Yeri Gonz\u00e1lez | cydnoticias.mx<\/a>&nbsp; |<\/p>\n\n\n\n<p>Un&nbsp; <strong>fuerte incendio consumi\u00f3 al menos dos hoteles<\/strong>, en la <strong>isla de Holbox, Quintana Roo<\/strong>, la noche de este lunes.<\/p>\n\n\n\n<figure class=\"wp-block-embed is-type-rich is-provider-twitter wp-block-embed-twitter\"><div class=\"wp-block-embed__wrapper\">\nhttps:\/\/twitter.com\/rulosorio\/status\/1597425841650429952?s=20&#038;t=9uYCEN-vdih4_H_lx11cyg\n<\/div><\/figure>\n\n\n\n<p>Pese al intento de algunas personas de sofocar las llamas por su propios medios,<strong> el siniestro se extendi\u00f3 a varias edificaciones de la zona<\/strong>, por lo que colapsaron varios muros y techos de los complejos de hospedaje.<\/p>\n\n\n\n<p>En un primer momento, afect\u00f3 al <strong>hotel Casa Las Tortugas<\/strong>, los videos mostraron c\u00f3mo habitantes y turistas se coordinaban entre s\u00ed para intentar apagar el fuego con extinguidores, pero el viento provoc\u00f3 que las llamas se expandieran a otras estructuras.<\/p>\n\n\n\n<figure class=\"wp-block-embed is-type-rich is-provider-twitter wp-block-embed-twitter\"><div class=\"wp-block-embed__wrapper\">\n<blockquote class=\"twitter-tweet\" data-width=\"550\" data-dnt=\"true\"><p lang=\"es\" dir=\"ltr\">Impresionante incendio en la isla Holbox en estos momentos. Hotel tortugas agoniza y crece la desesperaci\u00f3n de los habitantes <a href=\"https:\/\/t.co\/8yZliTk0kn\">pic.twitter.com\/8yZliTk0kn<\/a><\/p>&mdash; Fernando Salvador (@ferchavagilmx) <a href=\"https:\/\/twitter.com\/ferchavagilmx\/status\/1597432725849313280?ref_src=twsrc%5Etfw\">November 29, 2022<\/a><\/blockquote><script async src=\"https:\/\/platform.twitter.com\/widgets.js\" charset=\"utf-8\"><\/script>\n<\/div><\/figure>\n\n\n\n<p>Informaci\u00f3n de medios con presencia en la zona detallaron que el incendio acab\u00f3 con al menos 60 habitaciones de <strong>Casa Las Tortugas y del hotel Mawimbi<\/strong>.<\/p>\n\n\n\n<figure class=\"wp-block-embed is-type-rich is-provider-twitter wp-block-embed-twitter\"><div class=\"wp-block-embed__wrapper\">\n<blockquote class=\"twitter-tweet\" data-width=\"550\" data-dnt=\"true\"><p lang=\"es\" dir=\"ltr\">\ud83d\udd25 \ud83d\udd25 <a href=\"https:\/\/twitter.com\/hashtag\/Video?src=hash&amp;ref_src=twsrc%5Etfw\">#Video<\/a> <a href=\"https:\/\/twitter.com\/hashtag\/Holbox?src=hash&amp;ref_src=twsrc%5Etfw\">#Holbox<\/a> Incendio en el Hotel Casa Tortugas que fue p\u00e9rdida total. El Hotel Mawinvi da\u00f1os en un 80% y da\u00f1os en restaurante Cariocas en Holbox, Quintana Roo . As\u00ed consum\u00edan las llamas \ud83d\udc47 <a href=\"https:\/\/t.co\/9Ojs9tFtFD\">pic.twitter.com\/9Ojs9tFtFD<\/a><\/p>&mdash; La Periodista (@LaPeriodista_MX) <a href=\"https:\/\/twitter.com\/LaPeriodista_MX\/status\/1597564869292609536?ref_src=twsrc%5Etfw\">November 29, 2022<\/a><\/blockquote><script async src=\"https:\/\/platform.twitter.com\/widgets.js\" charset=\"utf-8\"><\/script>\n<\/div><\/figure>\n\n\n\n<p>Hasta ahora no hay una versi\u00f3n oficial que permita esclarecer el origen del incendio. En tanto, algunas versiones resaltaron que el incidente inici\u00f3 en el restaurante Luuma, ubicado sobre la <strong>Avenida Damero<\/strong>, a unos cuantos metros de<strong> Casa Las Tortugas y Mawimbi<\/strong>.<\/p>\n\n\n\n<p>Con Informaci\u00f3n de <a href=\"https:\/\/www.cydnoticias.mx\/\">Claro y Directo Mx\u00ae<\/a><\/p>\n","protected":false},"excerpt":{"rendered":"<p>Por: Yeri Gonz\u00e1lez | cydnoticias.mx&nbsp; | Un&nbsp; fuerte incendio consumi\u00f3 al menos dos hoteles, en la isla de Holbox, Quintana Roo, la noche de este lunes. Pese al intento de algunas personas de sofocar las llamas por su propios medios, el siniestro se extendi\u00f3 a varias edificaciones de la zona, por lo que colapsaron varios [&hellip;]<\/p>\n","protected":false},"author":1,"featured_media":4426,"comment_status":"closed","ping_status":"closed","sticky":false,"template":"","format":"aside","meta":{"googlesitekit_rrm_CAowytPeCw:productID":"","footnotes":""},"categories":[17],"tags":[2501,2502,2173,206],"class_list":["post-4425","post","type-post","status-publish","format-aside","has-post-thumbnail","hentry","category-estados","tag-holbox","tag-hoteles","tag-incendios","tag-quintana-roo","post_format-post-format-aside"],"yoast_head":"<!-- This site is optimized with the Yoast SEO plugin v27.5 - https:\/\/yoast.com\/product\/yoast-seo-wordpress\/ -->\n<title>Incendio en Holbox devora dos hoteles |<\/title>\n<meta name=\"description\" content=\"Un fuerte incendio consumi\u00f3 al menos dos hoteles, en la isla de Holbox, Quintana Roo, la noche de este lunes.\" \/>\n<meta name=\"robots\" content=\"index, follow, max-snippet:-1, max-image-preview:large, max-video-preview:-1\" \/>\n<link rel=\"canonical\" href=\"https:\/\/conexionnacional.mx\/index.php\/2022\/11\/29\/incendio-en-holbox\/\" \/>\n<meta property=\"og:locale\" content=\"es_MX\" \/>\n<meta property=\"og:type\" content=\"article\" \/>\n<meta property=\"og:title\" content=\"Incendio en Holbox devora dos hoteles |\" \/>\n<meta property=\"og:description\" content=\"Un fuerte incendio consumi\u00f3 al menos dos hoteles, en la isla de Holbox, Quintana Roo, la noche de este lunes.\" \/>\n<meta property=\"og:url\" content=\"https:\/\/conexionnacional.mx\/index.php\/2022\/11\/29\/incendio-en-holbox\/\" \/>\n<meta property=\"og:site_name\" content=\"Conexi\u00f3n Nacional\" \/>\n<meta property=\"article:publisher\" content=\"https:\/\/www.facebook.com\/cnmxradio\" \/>\n<meta property=\"article:published_time\" content=\"2022-11-29T15:34:30+00:00\" \/>\n<meta property=\"og:image\" content=\"https:\/\/conexionnacional.mx\/wp-content\/uploads\/2022\/11\/Incendio-en-Holbox-CN.jpg\" \/>\n\t<meta property=\"og:image:width\" content=\"1000\" \/>\n\t<meta property=\"og:image:height\" content=\"600\" \/>\n\t<meta property=\"og:image:type\" content=\"image\/jpeg\" \/>\n<meta name=\"author\" content=\"Conexi\u00f3n Nacional\" \/>\n<meta name=\"twitter:card\" content=\"summary_large_image\" \/>\n<meta name=\"twitter:label1\" content=\"Escrito por\" \/>\n\t<meta name=\"twitter:data1\" content=\"Conexi\u00f3n Nacional\" \/>\n\t<meta name=\"twitter:label2\" content=\"Tiempo de lectura\" \/>\n\t<meta name=\"twitter:data2\" content=\"1 minuto\" \/>\n<script type=\"application\/ld+json\" class=\"yoast-schema-graph\">{\"@context\":\"https:\\\/\\\/schema.org\",\"@graph\":[{\"@type\":\"Article\",\"@id\":\"https:\\\/\\\/conexionnacional.mx\\\/index.php\\\/2022\\\/11\\\/29\\\/incendio-en-holbox\\\/#article\",\"isPartOf\":{\"@id\":\"https:\\\/\\\/conexionnacional.mx\\\/index.php\\\/2022\\\/11\\\/29\\\/incendio-en-holbox\\\/\"},\"author\":{\"name\":\"Conexi\u00f3n Nacional\",\"@id\":\"https:\\\/\\\/conexionnacional.mx\\\/#\\\/schema\\\/person\\\/dd14aeda902120f5e0e021903fdb6931\"},\"headline\":\"Incendio en Holbox devora dos hoteles\",\"datePublished\":\"2022-11-29T15:34:30+00:00\",\"mainEntityOfPage\":{\"@id\":\"https:\\\/\\\/conexionnacional.mx\\\/index.php\\\/2022\\\/11\\\/29\\\/incendio-en-holbox\\\/\"},\"wordCount\":225,\"publisher\":{\"@id\":\"https:\\\/\\\/conexionnacional.mx\\\/#organization\"},\"image\":{\"@id\":\"https:\\\/\\\/conexionnacional.mx\\\/index.php\\\/2022\\\/11\\\/29\\\/incendio-en-holbox\\\/#primaryimage\"},\"thumbnailUrl\":\"https:\\\/\\\/conexionnacional.mx\\\/wp-content\\\/uploads\\\/2022\\\/11\\\/Incendio-en-Holbox-CN.jpg\",\"keywords\":[\"Holbox\",\"hoteles\",\"incendios\",\"Quintana Roo\"],\"articleSection\":[\"Estados\"],\"inLanguage\":\"es\"},{\"@type\":\"WebPage\",\"@id\":\"https:\\\/\\\/conexionnacional.mx\\\/index.php\\\/2022\\\/11\\\/29\\\/incendio-en-holbox\\\/\",\"url\":\"https:\\\/\\\/conexionnacional.mx\\\/index.php\\\/2022\\\/11\\\/29\\\/incendio-en-holbox\\\/\",\"name\":\"Incendio en Holbox devora dos hoteles |\",\"isPartOf\":{\"@id\":\"https:\\\/\\\/conexionnacional.mx\\\/#website\"},\"primaryImageOfPage\":{\"@id\":\"https:\\\/\\\/conexionnacional.mx\\\/index.php\\\/2022\\\/11\\\/29\\\/incendio-en-holbox\\\/#primaryimage\"},\"image\":{\"@id\":\"https:\\\/\\\/conexionnacional.mx\\\/index.php\\\/2022\\\/11\\\/29\\\/incendio-en-holbox\\\/#primaryimage\"},\"thumbnailUrl\":\"https:\\\/\\\/conexionnacional.mx\\\/wp-content\\\/uploads\\\/2022\\\/11\\\/Incendio-en-Holbox-CN.jpg\",\"datePublished\":\"2022-11-29T15:34:30+00:00\",\"description\":\"Un fuerte incendio consumi\u00f3 al menos dos hoteles, en la isla de Holbox, Quintana Roo, la noche de este lunes.\",\"breadcrumb\":{\"@id\":\"https:\\\/\\\/conexionnacional.mx\\\/index.php\\\/2022\\\/11\\\/29\\\/incendio-en-holbox\\\/#breadcrumb\"},\"inLanguage\":\"es\",\"potentialAction\":[{\"@type\":\"ReadAction\",\"target\":[\"https:\\\/\\\/conexionnacional.mx\\\/index.php\\\/2022\\\/11\\\/29\\\/incendio-en-holbox\\\/\"]}]},{\"@type\":\"ImageObject\",\"inLanguage\":\"es\",\"@id\":\"https:\\\/\\\/conexionnacional.mx\\\/index.php\\\/2022\\\/11\\\/29\\\/incendio-en-holbox\\\/#primaryimage\",\"url\":\"https:\\\/\\\/conexionnacional.mx\\\/wp-content\\\/uploads\\\/2022\\\/11\\\/Incendio-en-Holbox-CN.jpg\",\"contentUrl\":\"https:\\\/\\\/conexionnacional.mx\\\/wp-content\\\/uploads\\\/2022\\\/11\\\/Incendio-en-Holbox-CN.jpg\",\"width\":1000,\"height\":600,\"caption\":\"Incendio en Holbox devora dos hoteles\"},{\"@type\":\"BreadcrumbList\",\"@id\":\"https:\\\/\\\/conexionnacional.mx\\\/index.php\\\/2022\\\/11\\\/29\\\/incendio-en-holbox\\\/#breadcrumb\",\"itemListElement\":[{\"@type\":\"ListItem\",\"position\":1,\"name\":\"Inicio\",\"item\":\"https:\\\/\\\/conexionnacional.mx\\\/\"},{\"@type\":\"ListItem\",\"position\":2,\"name\":\"Incendio en Holbox devora dos hoteles\"}]},{\"@type\":\"WebSite\",\"@id\":\"https:\\\/\\\/conexionnacional.mx\\\/#website\",\"url\":\"https:\\\/\\\/conexionnacional.mx\\\/\",\"name\":\"Conexi\u00f3n Nacional\",\"description\":\"Noticias al momento\",\"publisher\":{\"@id\":\"https:\\\/\\\/conexionnacional.mx\\\/#organization\"},\"alternateName\":\"Noticias nacionales\",\"potentialAction\":[{\"@type\":\"SearchAction\",\"target\":{\"@type\":\"EntryPoint\",\"urlTemplate\":\"https:\\\/\\\/conexionnacional.mx\\\/?s={search_term_string}\"},\"query-input\":{\"@type\":\"PropertyValueSpecification\",\"valueRequired\":true,\"valueName\":\"search_term_string\"}}],\"inLanguage\":\"es\"},{\"@type\":\"Organization\",\"@id\":\"https:\\\/\\\/conexionnacional.mx\\\/#organization\",\"name\":\"Conexi\u00f3n Nacional\",\"url\":\"https:\\\/\\\/conexionnacional.mx\\\/\",\"logo\":{\"@type\":\"ImageObject\",\"inLanguage\":\"es\",\"@id\":\"https:\\\/\\\/conexionnacional.mx\\\/#\\\/schema\\\/logo\\\/image\\\/\",\"url\":\"https:\\\/\\\/conexionnacional.mx\\\/wp-content\\\/uploads\\\/2022\\\/09\\\/conexion_nacional.png\",\"contentUrl\":\"https:\\\/\\\/conexionnacional.mx\\\/wp-content\\\/uploads\\\/2022\\\/09\\\/conexion_nacional.png\",\"width\":2964,\"height\":1173,\"caption\":\"Conexi\u00f3n Nacional\"},\"image\":{\"@id\":\"https:\\\/\\\/conexionnacional.mx\\\/#\\\/schema\\\/logo\\\/image\\\/\"},\"sameAs\":[\"https:\\\/\\\/www.facebook.com\\\/cnmxradio\"]},{\"@type\":\"Person\",\"@id\":\"https:\\\/\\\/conexionnacional.mx\\\/#\\\/schema\\\/person\\\/dd14aeda902120f5e0e021903fdb6931\",\"name\":\"Conexi\u00f3n Nacional\",\"image\":{\"@type\":\"ImageObject\",\"inLanguage\":\"es\",\"@id\":\"https:\\\/\\\/secure.gravatar.com\\\/avatar\\\/e523100f284110b2ecca7e17b2be9cf140a5e8f35294c9ec0543e6916cc1f9be?s=96&d=blank&r=g\",\"url\":\"https:\\\/\\\/secure.gravatar.com\\\/avatar\\\/e523100f284110b2ecca7e17b2be9cf140a5e8f35294c9ec0543e6916cc1f9be?s=96&d=blank&r=g\",\"contentUrl\":\"https:\\\/\\\/secure.gravatar.com\\\/avatar\\\/e523100f284110b2ecca7e17b2be9cf140a5e8f35294c9ec0543e6916cc1f9be?s=96&d=blank&r=g\",\"caption\":\"Conexi\u00f3n Nacional\"},\"sameAs\":[\"https:\\\/\\\/conexionnacional.mx\"],\"url\":\"https:\\\/\\\/conexionnacional.mx\\\/index.php\\\/author\\\/administrador\\\/\"}]}<\/script>\n<!-- \/ Yoast SEO plugin. -->","yoast_head_json":{"title":"Incendio en Holbox devora dos hoteles |","description":"Un fuerte incendio consumi\u00f3 al menos dos hoteles, en la isla de Holbox, Quintana Roo, la noche de este lunes.","robots":{"index":"index","follow":"follow","max-snippet":"max-snippet:-1","max-image-preview":"max-image-preview:large","max-video-preview":"max-video-preview:-1"},"canonical":"https:\/\/conexionnacional.mx\/index.php\/2022\/11\/29\/incendio-en-holbox\/","og_locale":"es_MX","og_type":"article","og_title":"Incendio en Holbox devora dos hoteles |","og_description":"Un fuerte incendio consumi\u00f3 al menos dos hoteles, en la isla de Holbox, Quintana Roo, la noche de este lunes.","og_url":"https:\/\/conexionnacional.mx\/index.php\/2022\/11\/29\/incendio-en-holbox\/","og_site_name":"Conexi\u00f3n Nacional","article_publisher":"https:\/\/www.facebook.com\/cnmxradio","article_published_time":"2022-11-29T15:34:30+00:00","og_image":[{"width":1000,"height":600,"url":"https:\/\/conexionnacional.mx\/wp-content\/uploads\/2022\/11\/Incendio-en-Holbox-CN.jpg","type":"image\/jpeg"}],"author":"Conexi\u00f3n Nacional","twitter_card":"summary_large_image","twitter_misc":{"Escrito por":"Conexi\u00f3n Nacional","Tiempo de lectura":"1 minuto"},"schema":{"@context":"https:\/\/schema.org","@graph":[{"@type":"Article","@id":"https:\/\/conexionnacional.mx\/index.php\/2022\/11\/29\/incendio-en-holbox\/#article","isPartOf":{"@id":"https:\/\/conexionnacional.mx\/index.php\/2022\/11\/29\/incendio-en-holbox\/"},"author":{"name":"Conexi\u00f3n Nacional","@id":"https:\/\/conexionnacional.mx\/#\/schema\/person\/dd14aeda902120f5e0e021903fdb6931"},"headline":"Incendio en Holbox devora dos hoteles","datePublished":"2022-11-29T15:34:30+00:00","mainEntityOfPage":{"@id":"https:\/\/conexionnacional.mx\/index.php\/2022\/11\/29\/incendio-en-holbox\/"},"wordCount":225,"publisher":{"@id":"https:\/\/conexionnacional.mx\/#organization"},"image":{"@id":"https:\/\/conexionnacional.mx\/index.php\/2022\/11\/29\/incendio-en-holbox\/#primaryimage"},"thumbnailUrl":"https:\/\/conexionnacional.mx\/wp-content\/uploads\/2022\/11\/Incendio-en-Holbox-CN.jpg","keywords":["Holbox","hoteles","incendios","Quintana Roo"],"articleSection":["Estados"],"inLanguage":"es"},{"@type":"WebPage","@id":"https:\/\/conexionnacional.mx\/index.php\/2022\/11\/29\/incendio-en-holbox\/","url":"https:\/\/conexionnacional.mx\/index.php\/2022\/11\/29\/incendio-en-holbox\/","name":"Incendio en Holbox devora dos hoteles |","isPartOf":{"@id":"https:\/\/conexionnacional.mx\/#website"},"primaryImageOfPage":{"@id":"https:\/\/conexionnacional.mx\/index.php\/2022\/11\/29\/incendio-en-holbox\/#primaryimage"},"image":{"@id":"https:\/\/conexionnacional.mx\/index.php\/2022\/11\/29\/incendio-en-holbox\/#primaryimage"},"thumbnailUrl":"https:\/\/conexionnacional.mx\/wp-content\/uploads\/2022\/11\/Incendio-en-Holbox-CN.jpg","datePublished":"2022-11-29T15:34:30+00:00","description":"Un fuerte incendio consumi\u00f3 al menos dos hoteles, en la isla de Holbox, Quintana Roo, la noche de este lunes.","breadcrumb":{"@id":"https:\/\/conexionnacional.mx\/index.php\/2022\/11\/29\/incendio-en-holbox\/#breadcrumb"},"inLanguage":"es","potentialAction":[{"@type":"ReadAction","target":["https:\/\/conexionnacional.mx\/index.php\/2022\/11\/29\/incendio-en-holbox\/"]}]},{"@type":"ImageObject","inLanguage":"es","@id":"https:\/\/conexionnacional.mx\/index.php\/2022\/11\/29\/incendio-en-holbox\/#primaryimage","url":"https:\/\/conexionnacional.mx\/wp-content\/uploads\/2022\/11\/Incendio-en-Holbox-CN.jpg","contentUrl":"https:\/\/conexionnacional.mx\/wp-content\/uploads\/2022\/11\/Incendio-en-Holbox-CN.jpg","width":1000,"height":600,"caption":"Incendio en Holbox devora dos hoteles"},{"@type":"BreadcrumbList","@id":"https:\/\/conexionnacional.mx\/index.php\/2022\/11\/29\/incendio-en-holbox\/#breadcrumb","itemListElement":[{"@type":"ListItem","position":1,"name":"Inicio","item":"https:\/\/conexionnacional.mx\/"},{"@type":"ListItem","position":2,"name":"Incendio en Holbox devora dos hoteles"}]},{"@type":"WebSite","@id":"https:\/\/conexionnacional.mx\/#website","url":"https:\/\/conexionnacional.mx\/","name":"Conexi\u00f3n Nacional","description":"Noticias al momento","publisher":{"@id":"https:\/\/conexionnacional.mx\/#organization"},"alternateName":"Noticias nacionales","potentialAction":[{"@type":"SearchAction","target":{"@type":"EntryPoint","urlTemplate":"https:\/\/conexionnacional.mx\/?s={search_term_string}"},"query-input":{"@type":"PropertyValueSpecification","valueRequired":true,"valueName":"search_term_string"}}],"inLanguage":"es"},{"@type":"Organization","@id":"https:\/\/conexionnacional.mx\/#organization","name":"Conexi\u00f3n Nacional","url":"https:\/\/conexionnacional.mx\/","logo":{"@type":"ImageObject","inLanguage":"es","@id":"https:\/\/conexionnacional.mx\/#\/schema\/logo\/image\/","url":"https:\/\/conexionnacional.mx\/wp-content\/uploads\/2022\/09\/conexion_nacional.png","contentUrl":"https:\/\/conexionnacional.mx\/wp-content\/uploads\/2022\/09\/conexion_nacional.png","width":2964,"height":1173,"caption":"Conexi\u00f3n Nacional"},"image":{"@id":"https:\/\/conexionnacional.mx\/#\/schema\/logo\/image\/"},"sameAs":["https:\/\/www.facebook.com\/cnmxradio"]},{"@type":"Person","@id":"https:\/\/conexionnacional.mx\/#\/schema\/person\/dd14aeda902120f5e0e021903fdb6931","name":"Conexi\u00f3n Nacional","image":{"@type":"ImageObject","inLanguage":"es","@id":"https:\/\/secure.gravatar.com\/avatar\/e523100f284110b2ecca7e17b2be9cf140a5e8f35294c9ec0543e6916cc1f9be?s=96&d=blank&r=g","url":"https:\/\/secure.gravatar.com\/avatar\/e523100f284110b2ecca7e17b2be9cf140a5e8f35294c9ec0543e6916cc1f9be?s=96&d=blank&r=g","contentUrl":"https:\/\/secure.gravatar.com\/avatar\/e523100f284110b2ecca7e17b2be9cf140a5e8f35294c9ec0543e6916cc1f9be?s=96&d=blank&r=g","caption":"Conexi\u00f3n Nacional"},"sameAs":["https:\/\/conexionnacional.mx"],"url":"https:\/\/conexionnacional.mx\/index.php\/author\/administrador\/"}]}},"_links":{"self":[{"href":"https:\/\/conexionnacional.mx\/index.php\/wp-json\/wp\/v2\/posts\/4425","targetHints":{"allow":["GET"]}}],"collection":[{"href":"https:\/\/conexionnacional.mx\/index.php\/wp-json\/wp\/v2\/posts"}],"about":[{"href":"https:\/\/conexionnacional.mx\/index.php\/wp-json\/wp\/v2\/types\/post"}],"author":[{"embeddable":true,"href":"https:\/\/conexionnacional.mx\/index.php\/wp-json\/wp\/v2\/users\/1"}],"replies":[{"embeddable":true,"href":"https:\/\/conexionnacional.mx\/index.php\/wp-json\/wp\/v2\/comments?post=4425"}],"version-history":[{"count":1,"href":"https:\/\/conexionnacional.mx\/index.php\/wp-json\/wp\/v2\/posts\/4425\/revisions"}],"predecessor-version":[{"id":4427,"href":"https:\/\/conexionnacional.mx\/index.php\/wp-json\/wp\/v2\/posts\/4425\/revisions\/4427"}],"wp:featuredmedia":[{"embeddable":true,"href":"https:\/\/conexionnacional.mx\/index.php\/wp-json\/wp\/v2\/media\/4426"}],"wp:attachment":[{"href":"https:\/\/conexionnacional.mx\/index.php\/wp-json\/wp\/v2\/media?parent=4425"}],"wp:term":[{"taxonomy":"category","embeddable":true,"href":"https:\/\/conexionnacional.mx\/index.php\/wp-json\/wp\/v2\/categories?post=4425"},{"taxonomy":"post_tag","embeddable":true,"href":"https:\/\/conexionnacional.mx\/index.php\/wp-json\/wp\/v2\/tags?post=4425"}],"curies":[{"name":"wp","href":"https:\/\/api.w.org\/{rel}","templated":true}]}}