{"id":4245,"date":"2022-11-25T15:34:00","date_gmt":"2022-11-25T21:34:00","guid":{"rendered":"https:\/\/conexionnacional.mx\/?p=4245"},"modified":"2022-11-25T15:03:24","modified_gmt":"2022-11-25T21:03:24","slug":"marcha-amlo-acarreo-y-amenazas","status":"publish","type":"post","link":"https:\/\/conexionnacional.mx\/index.php\/2022\/11\/25\/marcha-amlo-acarreo-y-amenazas\/","title":{"rendered":"<strong>\u00bfIr a la marcha de AMLO es voluntario? Para algunos no, hay pruebas de acarreo y amenazas<\/strong>"},"content":{"rendered":"\n<p>Por: <a href=\"https:\/\/www.cydnoticias.mx\/2022\/11\/25\/marcha-amlo-acarreo-y-amenazas\/\">Yeri Gonz\u00e1lez | cydnoticias.mx<\/a> |<\/p>\n\n\n\n<p><strong>El presidente Andr\u00e9s Manuel L\u00f3pez Obrador dice que la asistencia a la marcha del pr\u00f3ximo domingo 27 de noviembre en la CDMX es voluntaria<\/strong> y abierta porque es una fiesta.<\/p>\n\n\n\n<p>Sus opositores acusan que se trata de un <strong>desfile al que miles tendr\u00e1n que acudir por obligaci\u00f3n y bajo amenazas<\/strong> de dejar de recibir un apoyo del gobierno.<\/p>\n\n\n\n<p>Desde los gobiernos y organizaciones afines a la 4T se niegan las acusaciones y en redes sociales abundan las pruebas de que si hay coacci\u00f3n para asistir a la marcha.<\/p>\n\n\n\n<p>La Secretar\u00eda de Educaci\u00f3n, Ciencia y Tecnolog\u00eda (Sectei) del gobierno de la CDMX neg\u00f3 que en los Puntos de Innovaci\u00f3n, Libertad, Arte, Educaci\u00f3n y Saberes (Pilares) <strong>se amenace o se obligue a los talleristas a asistir a la marcha<\/strong> convocada por el presidente Andr\u00e9s Manuel L\u00f3pez Obrador el domingo 27 de noviembre.<\/p>\n\n\n\n<figure class=\"wp-block-embed is-type-rich is-provider-twitter wp-block-embed-twitter\"><div class=\"wp-block-embed__wrapper\">\n<blockquote class=\"twitter-tweet\" data-width=\"550\" data-dnt=\"true\"><p lang=\"es\" dir=\"ltr\">Figuras beneficiarias agrupadas entorno a los programas sociales del gobierno de la Ciudad de M\u00e9xico pertenecientes al programa PiLARES denunciamos que nos quieren obligar a asistir a la <a href=\"https:\/\/twitter.com\/hashtag\/MarchaDelPueblo?src=hash&amp;ref_src=twsrc%5Etfw\">#MarchaDelPueblo<\/a> o si no, nos dan de baja del programa. <a href=\"https:\/\/t.co\/zRc7TQwqyM\">pic.twitter.com\/zRc7TQwqyM<\/a><\/p>&mdash; Dignidad Pilares CDMX (@DignidadPiLARES) <a href=\"https:\/\/twitter.com\/DignidadPiLARES\/status\/1595934010450284544?ref_src=twsrc%5Etfw\">November 25, 2022<\/a><\/blockquote><script async src=\"https:\/\/platform.twitter.com\/widgets.js\" charset=\"utf-8\"><\/script>\n<\/div><\/figure>\n\n\n\n<p>No obstante, mediante reuniones en la plataforma digital Zoom a las que tuvo acceso la reportera, coordinadores del programa los \u201cinvitaron\u201d a pasar la voz a sus alumnos y a reunirse ese d\u00eda, a las 8 de la ma\u00f1ana en la calle Amberes, entre el Paseo de la Reforma y Chapultepec para participar en la movilizaci\u00f3n.<\/p>\n\n\n\n<figure class=\"wp-block-embed is-type-rich is-provider-twitter wp-block-embed-twitter\"><div class=\"wp-block-embed__wrapper\">\n<blockquote class=\"twitter-tweet\" data-width=\"550\" data-dnt=\"true\"><p lang=\"es\" dir=\"ltr\">\u26a0\ufe0fTrabajadores de Pilares en <a href=\"https:\/\/twitter.com\/hashtag\/CDMX?src=hash&amp;ref_src=twsrc%5Etfw\">#CDMX<\/a> denuncian ser obligados a asistir a la <a href=\"https:\/\/twitter.com\/hashtag\/MarchaDelPueblo?src=hash&amp;ref_src=twsrc%5Etfw\">#MarchaDelPueblo<\/a> o si no, ser\u00e1n dados de baja del programa. Aqu\u00ed les comparto el comunicado. <a href=\"https:\/\/t.co\/FJ9UNzkjmt\">pic.twitter.com\/FJ9UNzkjmt<\/a><\/p>&mdash; Sara Arteaga (@_osodeagua_) <a href=\"https:\/\/twitter.com\/_osodeagua_\/status\/1595918551046836224?ref_src=twsrc%5Etfw\">November 24, 2022<\/a><\/blockquote><script async src=\"https:\/\/platform.twitter.com\/widgets.js\" charset=\"utf-8\"><\/script>\n<\/div><\/figure>\n\n\n\n<p><strong>Amenazan a comerciantes de Tepito<\/strong><\/p>\n\n\n\n<p>Tambi\u00e9n se dio a conocer un escrito firmado y sellado por Julieta Cornejo Campos, presidenta de la Asociaci\u00f3n de Comerciantes Fijos y Ambulantes Tianguistas del Barrio de Tepito Colonia Morelos, A.C. con fecha del 24 de noviembre de 2022.<\/p>\n\n\n\n<figure class=\"wp-block-embed is-type-rich is-provider-twitter wp-block-embed-twitter\"><div class=\"wp-block-embed__wrapper\">\n<blockquote class=\"twitter-tweet\" data-width=\"550\" data-dnt=\"true\"><p lang=\"es\" dir=\"ltr\">Solidaridad y apoyo con quienes son obligados a ir al z\u00f3calo\u2026<br><br>\ud83d\udc47\ud83c\udffc <a href=\"https:\/\/t.co\/C4nUYfvy26\">pic.twitter.com\/C4nUYfvy26<\/a><\/p>&mdash; Sociedad Civil M\u00e9xico (@SocCivilMx) <a href=\"https:\/\/twitter.com\/SocCivilMx\/status\/1595953860459347968?ref_src=twsrc%5Etfw\">November 25, 2022<\/a><\/blockquote><script async src=\"https:\/\/platform.twitter.com\/widgets.js\" charset=\"utf-8\"><\/script>\n<\/div><\/figure>\n\n\n\n<p>En el\u00a0 aviso se hace \u00e9nfasis que cada comerciante deber\u00e1 llevar dos personas m\u00e1s sin\u00a0 excusas, ni pretextos bajo advertencia de un pase de lista en el punto de encuentro. En caso de no asistir, contin\u00faa el escrito, \u201cser\u00e1s descansado por toda la temporada 2022-2023\u2033.<\/p>\n\n\n\n<figure class=\"wp-block-embed is-type-wp-embed is-provider-claro-y-directo-mx wp-block-embed-claro-y-directo-mx\"><div class=\"wp-block-embed__wrapper\">\nhttps:\/\/www.cydnoticias.mx\/2022\/11\/25\/marcha-amlo-acarreo-y-amenazas\/\n<\/div><\/figure>\n\n\n\n<p>Con informaci\u00f3n de: <a href=\"https:\/\/www.cydnoticias.mx\">Claro y DirectoMx<\/a>.<\/p>\n","protected":false},"excerpt":{"rendered":"<p>Por: Yeri Gonz\u00e1lez | cydnoticias.mx | El presidente Andr\u00e9s Manuel L\u00f3pez Obrador dice que la asistencia a la marcha del pr\u00f3ximo domingo 27 de noviembre en la CDMX es voluntaria y abierta porque es una fiesta. Sus opositores acusan que se trata de un desfile al que miles tendr\u00e1n que acudir por obligaci\u00f3n y bajo [&hellip;]<\/p>\n","protected":false},"author":1,"featured_media":4246,"comment_status":"closed","ping_status":"closed","sticky":false,"template":"","format":"aside","meta":{"googlesitekit_rrm_CAowytPeCw:productID":"","footnotes":""},"categories":[3],"tags":[2430,2136,7,216],"class_list":["post-4245","post","type-post","status-publish","format-aside","has-post-thumbnail","hentry","category-nacional","tag-acarreo","tag-amenazas","tag-amlo","tag-marcha","post_format-post-format-aside"],"yoast_head":"<!-- This site is optimized with the Yoast SEO plugin v27.5 - https:\/\/yoast.com\/product\/yoast-seo-wordpress\/ -->\n<title>\u00bfIr a la marcha de AMLO es voluntario? Para algunos no, hay pruebas de acarreo y amenazas |<\/title>\n<meta name=\"description\" content=\"El presidente Andr\u00e9s Manuel L\u00f3pez Obrador dice que la asistencia a la marcha del pr\u00f3ximo domingo 27 de noviembre en la CDMX es voluntaria.\" \/>\n<meta name=\"robots\" content=\"index, follow, max-snippet:-1, max-image-preview:large, max-video-preview:-1\" \/>\n<link rel=\"canonical\" href=\"https:\/\/conexionnacional.mx\/index.php\/2022\/11\/25\/marcha-amlo-acarreo-y-amenazas\/\" \/>\n<meta property=\"og:locale\" content=\"es_MX\" \/>\n<meta property=\"og:type\" content=\"article\" \/>\n<meta property=\"og:title\" content=\"\u00bfIr a la marcha de AMLO es voluntario? Para algunos no, hay pruebas de acarreo y amenazas |\" \/>\n<meta property=\"og:description\" content=\"El presidente Andr\u00e9s Manuel L\u00f3pez Obrador dice que la asistencia a la marcha del pr\u00f3ximo domingo 27 de noviembre en la CDMX es voluntaria.\" \/>\n<meta property=\"og:url\" content=\"https:\/\/conexionnacional.mx\/index.php\/2022\/11\/25\/marcha-amlo-acarreo-y-amenazas\/\" \/>\n<meta property=\"og:site_name\" content=\"Conexi\u00f3n Nacional\" \/>\n<meta property=\"article:publisher\" content=\"https:\/\/www.facebook.com\/cnmxradio\" \/>\n<meta property=\"article:published_time\" content=\"2022-11-25T21:34:00+00:00\" \/>\n<meta property=\"og:image\" content=\"https:\/\/conexionnacional.mx\/wp-content\/uploads\/2022\/11\/Marcha-de-AMLO-CN.jpg\" \/>\n\t<meta property=\"og:image:width\" content=\"1000\" \/>\n\t<meta property=\"og:image:height\" content=\"600\" \/>\n\t<meta property=\"og:image:type\" content=\"image\/jpeg\" \/>\n<meta name=\"author\" content=\"Conexi\u00f3n Nacional\" \/>\n<meta name=\"twitter:card\" content=\"summary_large_image\" \/>\n<meta name=\"twitter:label1\" content=\"Escrito por\" \/>\n\t<meta name=\"twitter:data1\" content=\"Conexi\u00f3n Nacional\" \/>\n\t<meta name=\"twitter:label2\" content=\"Tiempo de lectura\" \/>\n\t<meta name=\"twitter:data2\" content=\"2 minutos\" \/>\n<script type=\"application\/ld+json\" class=\"yoast-schema-graph\">{\"@context\":\"https:\\\/\\\/schema.org\",\"@graph\":[{\"@type\":\"Article\",\"@id\":\"https:\\\/\\\/conexionnacional.mx\\\/index.php\\\/2022\\\/11\\\/25\\\/marcha-amlo-acarreo-y-amenazas\\\/#article\",\"isPartOf\":{\"@id\":\"https:\\\/\\\/conexionnacional.mx\\\/index.php\\\/2022\\\/11\\\/25\\\/marcha-amlo-acarreo-y-amenazas\\\/\"},\"author\":{\"name\":\"Conexi\u00f3n Nacional\",\"@id\":\"https:\\\/\\\/conexionnacional.mx\\\/#\\\/schema\\\/person\\\/dd14aeda902120f5e0e021903fdb6931\"},\"headline\":\"\u00bfIr a la marcha de AMLO es voluntario? Para algunos no, hay pruebas de acarreo y amenazas\",\"datePublished\":\"2022-11-25T21:34:00+00:00\",\"mainEntityOfPage\":{\"@id\":\"https:\\\/\\\/conexionnacional.mx\\\/index.php\\\/2022\\\/11\\\/25\\\/marcha-amlo-acarreo-y-amenazas\\\/\"},\"wordCount\":371,\"publisher\":{\"@id\":\"https:\\\/\\\/conexionnacional.mx\\\/#organization\"},\"image\":{\"@id\":\"https:\\\/\\\/conexionnacional.mx\\\/index.php\\\/2022\\\/11\\\/25\\\/marcha-amlo-acarreo-y-amenazas\\\/#primaryimage\"},\"thumbnailUrl\":\"https:\\\/\\\/conexionnacional.mx\\\/wp-content\\\/uploads\\\/2022\\\/11\\\/Marcha-de-AMLO-CN.jpg\",\"keywords\":[\"acarreo\",\"amenazas\",\"AMLO\",\"marcha\"],\"articleSection\":[\"Nacional\"],\"inLanguage\":\"es\"},{\"@type\":\"WebPage\",\"@id\":\"https:\\\/\\\/conexionnacional.mx\\\/index.php\\\/2022\\\/11\\\/25\\\/marcha-amlo-acarreo-y-amenazas\\\/\",\"url\":\"https:\\\/\\\/conexionnacional.mx\\\/index.php\\\/2022\\\/11\\\/25\\\/marcha-amlo-acarreo-y-amenazas\\\/\",\"name\":\"\u00bfIr a la marcha de AMLO es voluntario? Para algunos no, hay pruebas de acarreo y amenazas |\",\"isPartOf\":{\"@id\":\"https:\\\/\\\/conexionnacional.mx\\\/#website\"},\"primaryImageOfPage\":{\"@id\":\"https:\\\/\\\/conexionnacional.mx\\\/index.php\\\/2022\\\/11\\\/25\\\/marcha-amlo-acarreo-y-amenazas\\\/#primaryimage\"},\"image\":{\"@id\":\"https:\\\/\\\/conexionnacional.mx\\\/index.php\\\/2022\\\/11\\\/25\\\/marcha-amlo-acarreo-y-amenazas\\\/#primaryimage\"},\"thumbnailUrl\":\"https:\\\/\\\/conexionnacional.mx\\\/wp-content\\\/uploads\\\/2022\\\/11\\\/Marcha-de-AMLO-CN.jpg\",\"datePublished\":\"2022-11-25T21:34:00+00:00\",\"description\":\"El presidente Andr\u00e9s Manuel L\u00f3pez Obrador dice que la asistencia a la marcha del pr\u00f3ximo domingo 27 de noviembre en la CDMX es voluntaria.\",\"breadcrumb\":{\"@id\":\"https:\\\/\\\/conexionnacional.mx\\\/index.php\\\/2022\\\/11\\\/25\\\/marcha-amlo-acarreo-y-amenazas\\\/#breadcrumb\"},\"inLanguage\":\"es\",\"potentialAction\":[{\"@type\":\"ReadAction\",\"target\":[\"https:\\\/\\\/conexionnacional.mx\\\/index.php\\\/2022\\\/11\\\/25\\\/marcha-amlo-acarreo-y-amenazas\\\/\"]}]},{\"@type\":\"ImageObject\",\"inLanguage\":\"es\",\"@id\":\"https:\\\/\\\/conexionnacional.mx\\\/index.php\\\/2022\\\/11\\\/25\\\/marcha-amlo-acarreo-y-amenazas\\\/#primaryimage\",\"url\":\"https:\\\/\\\/conexionnacional.mx\\\/wp-content\\\/uploads\\\/2022\\\/11\\\/Marcha-de-AMLO-CN.jpg\",\"contentUrl\":\"https:\\\/\\\/conexionnacional.mx\\\/wp-content\\\/uploads\\\/2022\\\/11\\\/Marcha-de-AMLO-CN.jpg\",\"width\":1000,\"height\":600,\"caption\":\"marcha de AMLO\"},{\"@type\":\"BreadcrumbList\",\"@id\":\"https:\\\/\\\/conexionnacional.mx\\\/index.php\\\/2022\\\/11\\\/25\\\/marcha-amlo-acarreo-y-amenazas\\\/#breadcrumb\",\"itemListElement\":[{\"@type\":\"ListItem\",\"position\":1,\"name\":\"Inicio\",\"item\":\"https:\\\/\\\/conexionnacional.mx\\\/\"},{\"@type\":\"ListItem\",\"position\":2,\"name\":\"\u00bfIr a la marcha de AMLO es voluntario? Para algunos no, hay pruebas de acarreo y amenazas\"}]},{\"@type\":\"WebSite\",\"@id\":\"https:\\\/\\\/conexionnacional.mx\\\/#website\",\"url\":\"https:\\\/\\\/conexionnacional.mx\\\/\",\"name\":\"Conexi\u00f3n Nacional\",\"description\":\"Noticias al momento\",\"publisher\":{\"@id\":\"https:\\\/\\\/conexionnacional.mx\\\/#organization\"},\"alternateName\":\"Noticias nacionales\",\"potentialAction\":[{\"@type\":\"SearchAction\",\"target\":{\"@type\":\"EntryPoint\",\"urlTemplate\":\"https:\\\/\\\/conexionnacional.mx\\\/?s={search_term_string}\"},\"query-input\":{\"@type\":\"PropertyValueSpecification\",\"valueRequired\":true,\"valueName\":\"search_term_string\"}}],\"inLanguage\":\"es\"},{\"@type\":\"Organization\",\"@id\":\"https:\\\/\\\/conexionnacional.mx\\\/#organization\",\"name\":\"Conexi\u00f3n Nacional\",\"url\":\"https:\\\/\\\/conexionnacional.mx\\\/\",\"logo\":{\"@type\":\"ImageObject\",\"inLanguage\":\"es\",\"@id\":\"https:\\\/\\\/conexionnacional.mx\\\/#\\\/schema\\\/logo\\\/image\\\/\",\"url\":\"https:\\\/\\\/conexionnacional.mx\\\/wp-content\\\/uploads\\\/2022\\\/09\\\/conexion_nacional.png\",\"contentUrl\":\"https:\\\/\\\/conexionnacional.mx\\\/wp-content\\\/uploads\\\/2022\\\/09\\\/conexion_nacional.png\",\"width\":2964,\"height\":1173,\"caption\":\"Conexi\u00f3n Nacional\"},\"image\":{\"@id\":\"https:\\\/\\\/conexionnacional.mx\\\/#\\\/schema\\\/logo\\\/image\\\/\"},\"sameAs\":[\"https:\\\/\\\/www.facebook.com\\\/cnmxradio\"]},{\"@type\":\"Person\",\"@id\":\"https:\\\/\\\/conexionnacional.mx\\\/#\\\/schema\\\/person\\\/dd14aeda902120f5e0e021903fdb6931\",\"name\":\"Conexi\u00f3n Nacional\",\"image\":{\"@type\":\"ImageObject\",\"inLanguage\":\"es\",\"@id\":\"https:\\\/\\\/secure.gravatar.com\\\/avatar\\\/e523100f284110b2ecca7e17b2be9cf140a5e8f35294c9ec0543e6916cc1f9be?s=96&d=blank&r=g\",\"url\":\"https:\\\/\\\/secure.gravatar.com\\\/avatar\\\/e523100f284110b2ecca7e17b2be9cf140a5e8f35294c9ec0543e6916cc1f9be?s=96&d=blank&r=g\",\"contentUrl\":\"https:\\\/\\\/secure.gravatar.com\\\/avatar\\\/e523100f284110b2ecca7e17b2be9cf140a5e8f35294c9ec0543e6916cc1f9be?s=96&d=blank&r=g\",\"caption\":\"Conexi\u00f3n Nacional\"},\"sameAs\":[\"https:\\\/\\\/conexionnacional.mx\"],\"url\":\"https:\\\/\\\/conexionnacional.mx\\\/index.php\\\/author\\\/administrador\\\/\"}]}<\/script>\n<!-- \/ Yoast SEO plugin. -->","yoast_head_json":{"title":"\u00bfIr a la marcha de AMLO es voluntario? Para algunos no, hay pruebas de acarreo y amenazas |","description":"El presidente Andr\u00e9s Manuel L\u00f3pez Obrador dice que la asistencia a la marcha del pr\u00f3ximo domingo 27 de noviembre en la CDMX es voluntaria.","robots":{"index":"index","follow":"follow","max-snippet":"max-snippet:-1","max-image-preview":"max-image-preview:large","max-video-preview":"max-video-preview:-1"},"canonical":"https:\/\/conexionnacional.mx\/index.php\/2022\/11\/25\/marcha-amlo-acarreo-y-amenazas\/","og_locale":"es_MX","og_type":"article","og_title":"\u00bfIr a la marcha de AMLO es voluntario? Para algunos no, hay pruebas de acarreo y amenazas |","og_description":"El presidente Andr\u00e9s Manuel L\u00f3pez Obrador dice que la asistencia a la marcha del pr\u00f3ximo domingo 27 de noviembre en la CDMX es voluntaria.","og_url":"https:\/\/conexionnacional.mx\/index.php\/2022\/11\/25\/marcha-amlo-acarreo-y-amenazas\/","og_site_name":"Conexi\u00f3n Nacional","article_publisher":"https:\/\/www.facebook.com\/cnmxradio","article_published_time":"2022-11-25T21:34:00+00:00","og_image":[{"width":1000,"height":600,"url":"https:\/\/conexionnacional.mx\/wp-content\/uploads\/2022\/11\/Marcha-de-AMLO-CN.jpg","type":"image\/jpeg"}],"author":"Conexi\u00f3n Nacional","twitter_card":"summary_large_image","twitter_misc":{"Escrito por":"Conexi\u00f3n Nacional","Tiempo de lectura":"2 minutos"},"schema":{"@context":"https:\/\/schema.org","@graph":[{"@type":"Article","@id":"https:\/\/conexionnacional.mx\/index.php\/2022\/11\/25\/marcha-amlo-acarreo-y-amenazas\/#article","isPartOf":{"@id":"https:\/\/conexionnacional.mx\/index.php\/2022\/11\/25\/marcha-amlo-acarreo-y-amenazas\/"},"author":{"name":"Conexi\u00f3n Nacional","@id":"https:\/\/conexionnacional.mx\/#\/schema\/person\/dd14aeda902120f5e0e021903fdb6931"},"headline":"\u00bfIr a la marcha de AMLO es voluntario? Para algunos no, hay pruebas de acarreo y amenazas","datePublished":"2022-11-25T21:34:00+00:00","mainEntityOfPage":{"@id":"https:\/\/conexionnacional.mx\/index.php\/2022\/11\/25\/marcha-amlo-acarreo-y-amenazas\/"},"wordCount":371,"publisher":{"@id":"https:\/\/conexionnacional.mx\/#organization"},"image":{"@id":"https:\/\/conexionnacional.mx\/index.php\/2022\/11\/25\/marcha-amlo-acarreo-y-amenazas\/#primaryimage"},"thumbnailUrl":"https:\/\/conexionnacional.mx\/wp-content\/uploads\/2022\/11\/Marcha-de-AMLO-CN.jpg","keywords":["acarreo","amenazas","AMLO","marcha"],"articleSection":["Nacional"],"inLanguage":"es"},{"@type":"WebPage","@id":"https:\/\/conexionnacional.mx\/index.php\/2022\/11\/25\/marcha-amlo-acarreo-y-amenazas\/","url":"https:\/\/conexionnacional.mx\/index.php\/2022\/11\/25\/marcha-amlo-acarreo-y-amenazas\/","name":"\u00bfIr a la marcha de AMLO es voluntario? Para algunos no, hay pruebas de acarreo y amenazas |","isPartOf":{"@id":"https:\/\/conexionnacional.mx\/#website"},"primaryImageOfPage":{"@id":"https:\/\/conexionnacional.mx\/index.php\/2022\/11\/25\/marcha-amlo-acarreo-y-amenazas\/#primaryimage"},"image":{"@id":"https:\/\/conexionnacional.mx\/index.php\/2022\/11\/25\/marcha-amlo-acarreo-y-amenazas\/#primaryimage"},"thumbnailUrl":"https:\/\/conexionnacional.mx\/wp-content\/uploads\/2022\/11\/Marcha-de-AMLO-CN.jpg","datePublished":"2022-11-25T21:34:00+00:00","description":"El presidente Andr\u00e9s Manuel L\u00f3pez Obrador dice que la asistencia a la marcha del pr\u00f3ximo domingo 27 de noviembre en la CDMX es voluntaria.","breadcrumb":{"@id":"https:\/\/conexionnacional.mx\/index.php\/2022\/11\/25\/marcha-amlo-acarreo-y-amenazas\/#breadcrumb"},"inLanguage":"es","potentialAction":[{"@type":"ReadAction","target":["https:\/\/conexionnacional.mx\/index.php\/2022\/11\/25\/marcha-amlo-acarreo-y-amenazas\/"]}]},{"@type":"ImageObject","inLanguage":"es","@id":"https:\/\/conexionnacional.mx\/index.php\/2022\/11\/25\/marcha-amlo-acarreo-y-amenazas\/#primaryimage","url":"https:\/\/conexionnacional.mx\/wp-content\/uploads\/2022\/11\/Marcha-de-AMLO-CN.jpg","contentUrl":"https:\/\/conexionnacional.mx\/wp-content\/uploads\/2022\/11\/Marcha-de-AMLO-CN.jpg","width":1000,"height":600,"caption":"marcha de AMLO"},{"@type":"BreadcrumbList","@id":"https:\/\/conexionnacional.mx\/index.php\/2022\/11\/25\/marcha-amlo-acarreo-y-amenazas\/#breadcrumb","itemListElement":[{"@type":"ListItem","position":1,"name":"Inicio","item":"https:\/\/conexionnacional.mx\/"},{"@type":"ListItem","position":2,"name":"\u00bfIr a la marcha de AMLO es voluntario? Para algunos no, hay pruebas de acarreo y amenazas"}]},{"@type":"WebSite","@id":"https:\/\/conexionnacional.mx\/#website","url":"https:\/\/conexionnacional.mx\/","name":"Conexi\u00f3n Nacional","description":"Noticias al momento","publisher":{"@id":"https:\/\/conexionnacional.mx\/#organization"},"alternateName":"Noticias nacionales","potentialAction":[{"@type":"SearchAction","target":{"@type":"EntryPoint","urlTemplate":"https:\/\/conexionnacional.mx\/?s={search_term_string}"},"query-input":{"@type":"PropertyValueSpecification","valueRequired":true,"valueName":"search_term_string"}}],"inLanguage":"es"},{"@type":"Organization","@id":"https:\/\/conexionnacional.mx\/#organization","name":"Conexi\u00f3n Nacional","url":"https:\/\/conexionnacional.mx\/","logo":{"@type":"ImageObject","inLanguage":"es","@id":"https:\/\/conexionnacional.mx\/#\/schema\/logo\/image\/","url":"https:\/\/conexionnacional.mx\/wp-content\/uploads\/2022\/09\/conexion_nacional.png","contentUrl":"https:\/\/conexionnacional.mx\/wp-content\/uploads\/2022\/09\/conexion_nacional.png","width":2964,"height":1173,"caption":"Conexi\u00f3n Nacional"},"image":{"@id":"https:\/\/conexionnacional.mx\/#\/schema\/logo\/image\/"},"sameAs":["https:\/\/www.facebook.com\/cnmxradio"]},{"@type":"Person","@id":"https:\/\/conexionnacional.mx\/#\/schema\/person\/dd14aeda902120f5e0e021903fdb6931","name":"Conexi\u00f3n Nacional","image":{"@type":"ImageObject","inLanguage":"es","@id":"https:\/\/secure.gravatar.com\/avatar\/e523100f284110b2ecca7e17b2be9cf140a5e8f35294c9ec0543e6916cc1f9be?s=96&d=blank&r=g","url":"https:\/\/secure.gravatar.com\/avatar\/e523100f284110b2ecca7e17b2be9cf140a5e8f35294c9ec0543e6916cc1f9be?s=96&d=blank&r=g","contentUrl":"https:\/\/secure.gravatar.com\/avatar\/e523100f284110b2ecca7e17b2be9cf140a5e8f35294c9ec0543e6916cc1f9be?s=96&d=blank&r=g","caption":"Conexi\u00f3n Nacional"},"sameAs":["https:\/\/conexionnacional.mx"],"url":"https:\/\/conexionnacional.mx\/index.php\/author\/administrador\/"}]}},"_links":{"self":[{"href":"https:\/\/conexionnacional.mx\/index.php\/wp-json\/wp\/v2\/posts\/4245","targetHints":{"allow":["GET"]}}],"collection":[{"href":"https:\/\/conexionnacional.mx\/index.php\/wp-json\/wp\/v2\/posts"}],"about":[{"href":"https:\/\/conexionnacional.mx\/index.php\/wp-json\/wp\/v2\/types\/post"}],"author":[{"embeddable":true,"href":"https:\/\/conexionnacional.mx\/index.php\/wp-json\/wp\/v2\/users\/1"}],"replies":[{"embeddable":true,"href":"https:\/\/conexionnacional.mx\/index.php\/wp-json\/wp\/v2\/comments?post=4245"}],"version-history":[{"count":1,"href":"https:\/\/conexionnacional.mx\/index.php\/wp-json\/wp\/v2\/posts\/4245\/revisions"}],"predecessor-version":[{"id":4247,"href":"https:\/\/conexionnacional.mx\/index.php\/wp-json\/wp\/v2\/posts\/4245\/revisions\/4247"}],"wp:featuredmedia":[{"embeddable":true,"href":"https:\/\/conexionnacional.mx\/index.php\/wp-json\/wp\/v2\/media\/4246"}],"wp:attachment":[{"href":"https:\/\/conexionnacional.mx\/index.php\/wp-json\/wp\/v2\/media?parent=4245"}],"wp:term":[{"taxonomy":"category","embeddable":true,"href":"https:\/\/conexionnacional.mx\/index.php\/wp-json\/wp\/v2\/categories?post=4245"},{"taxonomy":"post_tag","embeddable":true,"href":"https:\/\/conexionnacional.mx\/index.php\/wp-json\/wp\/v2\/tags?post=4245"}],"curies":[{"name":"wp","href":"https:\/\/api.w.org\/{rel}","templated":true}]}}