{"id":4242,"date":"2022-11-25T15:32:00","date_gmt":"2022-11-25T21:32:00","guid":{"rendered":"https:\/\/conexionnacional.mx\/?p=4242"},"modified":"2022-11-25T14:51:07","modified_gmt":"2022-11-25T20:51:07","slug":"policia-recuper-perrita-secuestrada","status":"publish","type":"post","link":"https:\/\/conexionnacional.mx\/index.php\/2022\/11\/25\/policia-recuper-perrita-secuestrada\/","title":{"rendered":"<strong>Polic\u00eda logra recuperar a una perrita secuestrada y reunirla con su due\u00f1a despu\u00e9s de dos meses&nbsp;<\/strong>"},"content":{"rendered":"\n<p>Por: <a href=\"https:\/\/radio-mejor.com\/policia-logra-recuperar-a-una-perrita-secuestrada-y-reunirla-con-su-duena-despues-de-dos-meses\/\">radio-mejor.com<\/a> |<\/p>\n\n\n\n<p>Debido a que el amor de los seres humanos por los peluditos se manifiesta cada vez m\u00e1s, pues son considerados por muchos como parte de su familia, la delincuencia organizada decidi\u00f3 aprovechar la situaci\u00f3n, ya que ahora existen bandas de secuestradores de mascotas.<\/p>\n\n\n\n<p>Lamentablemente, snow, <strong>una perrita husky siberiano<\/strong> de nueve meses, fue<strong> v\u00edctima<\/strong> de una de estas <strong>bandas de criminales<\/strong>, ya que <strong>estuvo secuestrada<\/strong> por <strong>dos largos meses<\/strong>, en el estado de <strong>Florida, Estados Unidos<\/strong>.<\/p>\n\n\n<div class=\"wp-block-image\">\n<figure class=\"aligncenter is-resized\"><img decoding=\"async\" src=\"data:image\/gif;base64,R0lGODlhAQABAAAAACH5BAEKAAEALAAAAAABAAEAAAICTAEAOw==\" data-src=\"https:\/\/lh6.googleusercontent.com\/7-PkuiCb48V_yileAMtUCvoR8ERifk5-UAD3f8hZfj4EMnmjTjDXkX8P3AxDrmYYcDkBMpQ8BMMINr2SvuEkJfmW8865-SYP_x8dVJtfcCUh-lp1gberhP4QtzpnFpVMz6O9XqFZsLvBXid8NWXz8Btis9M7Ey7Y8jZyAZmel0qIDPNSiB8W4x-7wdVfjQ\" alt=\"\" width=\"720\" class=\"lazyload\" \/><\/figure>\n<\/div>\n\n\n<p>A trav\u00e9s de la p\u00e1gina oficial de Facebook del Departamento de Polic\u00eda del condado de Miami-Dade, se dio a conocer la historia de la hermosa cachorrita.<\/p>\n\n\n\n<p>\u201cSnow, un husky de nueve meses, fue reportado como desaparecido por su due\u00f1o hace dos meses. \u00a1Anoche, nuestra sargento del distrito del medio oeste, Grisell Fern\u00e1ndez, pudo encontrar a Snow y reunirla con su due\u00f1o! Los besos de cachorro lo dicen todo\u201d.<\/p>\n\n\n<div class=\"wp-block-image\">\n<figure class=\"aligncenter is-resized\"><img decoding=\"async\" src=\"data:image\/gif;base64,R0lGODlhAQABAAAAACH5BAEKAAEALAAAAAABAAEAAAICTAEAOw==\" data-src=\"https:\/\/lh6.googleusercontent.com\/r_2Hrf_bdCJtNtQ-6__tITEGIsgLTAMZGUFGEClf_JjnGL-hhC379jpZEAhNNctVczeIhdxk0bCdRfD6REZ_h3T_xlz1870Z94l0VW1hRfXSrp-BOoAnyueUWEuWP6C79Jokt1Ov--2_P9Lc9aRUrdlFgv3K31g6unF27WVzIDkkPmfOEeGRIk0BdSTcig\" alt=\"\" width=\"720\" class=\"lazyload\" \/><\/figure>\n<\/div>\n\n\n<p>En entrevista con el medio The dodo, la sargento Fern\u00e1ndez coment\u00f3 que el caso de esta cachorrita todav\u00eda est\u00e1 en investigaci\u00f3n, pues se desconocen las circunstancias exactas que llevaron a su desaparici\u00f3n.<\/p>\n\n\n\n<p>\u201cSe volvi\u00f3 personal. Fue como buscar una aguja en un pajar. Me sent\u00ed superfeliz. Todav\u00eda no lo creo, pero estoy muy feliz de que mi persistencia vali\u00f3 la pena\u201d<\/p>\n\n\n<div class=\"wp-block-image\">\n<figure class=\"aligncenter is-resized\"><img decoding=\"async\" src=\"data:image\/gif;base64,R0lGODlhAQABAAAAACH5BAEKAAEALAAAAAABAAEAAAICTAEAOw==\" data-src=\"https:\/\/lh3.googleusercontent.com\/mrSZCIZfvVn7-j-J4zUXe7Kj2TrKuexv-eTlTf3b0i9yQ7fHHZJTRLCimu3g_kL5ovk3HqaylSdk7b5bAOO2TpFC0IBhurvif_bSGZG4aJr-91hX8eqvbhXTr5TFEJekzIcIzZlooxacg-bIHIlS-VAMA51xU4XmRTlKN6FOLWt31l77H5VtgQ8KoZFAnA\" alt=\"\" width=\"720\" class=\"lazyload\" \/><\/figure>\n<\/div>\n\n\n<p>En el momento en que la peque\u00f1a snow se reuni\u00f3 con su due\u00f1a, esta no pod\u00eda dejar de mostrarle su cari\u00f1o, pues se sent\u00eda muy feliz de estar de nuevo junto a ella. Por fin esa horrible experiencia hab\u00eda quedado atr\u00e1s.<\/p>\n\n\n\n<p>Aunque esta historia tuvo un final feliz, la realidad es que en la mayor\u00eda de los casos en los que alguna mascota desaparece no se logra dar con su paradero. Tristemente, adem\u00e1s de los peligros habituales a los que nuestras mascotitas se enfrentan cuando se pierden, ahora se le agrega que los delincuentes est\u00e1n aprovechando el cari\u00f1o que les tenemos para hacer negocios sucios con ellos.<\/p>\n\n\n\n<figure class=\"wp-block-embed is-type-video is-provider-youtube wp-block-embed-youtube wp-embed-aspect-16-9 wp-has-aspect-ratio\"><div class=\"wp-block-embed__wrapper\">\n<div class=\"jlvid_container \"><iframe title=\"Secuestro de mascotas incrementa en M\u00e9xico un 125%\" width=\"1200\" height=\"675\" src=\"https:\/\/www.youtube.com\/embed\/FiWxxgJsRT4?feature=oembed\" frameborder=\"0\" allow=\"accelerometer; autoplay; clipboard-write; encrypted-media; gyroscope; picture-in-picture; web-share\" referrerpolicy=\"strict-origin-when-cross-origin\" allowfullscreen><\/iframe><\/div>\n<\/div><\/figure>\n\n\n\n<p>Con informaci\u00f3n de: <a href=\"https:\/\/radio-mejor.com\">Radio Mejor<\/a>.<\/p>\n","protected":false},"excerpt":{"rendered":"<p>Por: radio-mejor.com | Debido a que el amor de los seres humanos por los peluditos se manifiesta cada vez m\u00e1s, pues son considerados por muchos como parte de su familia, la delincuencia organizada decidi\u00f3 aprovechar la situaci\u00f3n, ya que ahora existen bandas de secuestradores de mascotas. Lamentablemente, snow, una perrita husky siberiano de nueve meses, [&hellip;]<\/p>\n","protected":false},"author":1,"featured_media":4243,"comment_status":"closed","ping_status":"closed","sticky":false,"template":"","format":"aside","meta":{"googlesitekit_rrm_CAowytPeCw:productID":"","footnotes":""},"categories":[8],"tags":[35,229,124,1955,446],"class_list":["post-4242","post","type-post","status-publish","format-aside","has-post-thumbnail","hentry","category-internacional","tag-estados-unidos","tag-florida","tag-mascotas","tag-policia","tag-secuestradores","post_format-post-format-aside"],"yoast_head":"<!-- This site is optimized with the Yoast SEO plugin v27.5 - https:\/\/yoast.com\/product\/yoast-seo-wordpress\/ -->\n<title>Polic\u00eda logra recuperar a una perrita secuestrada y reunirla con su due\u00f1a despu\u00e9s de dos meses&nbsp; |<\/title>\n<meta name=\"description\" content=\"perrita husky siberiano de nueve meses, fue v\u00edctima de una de estas bandas de criminales, estuvo secuestrada por dos largos meses.\" \/>\n<meta name=\"robots\" content=\"index, follow, max-snippet:-1, max-image-preview:large, max-video-preview:-1\" \/>\n<link rel=\"canonical\" href=\"https:\/\/conexionnacional.mx\/index.php\/2022\/11\/25\/policia-recuper-perrita-secuestrada\/\" \/>\n<meta property=\"og:locale\" content=\"es_MX\" \/>\n<meta property=\"og:type\" content=\"article\" \/>\n<meta property=\"og:title\" content=\"Polic\u00eda logra recuperar a una perrita secuestrada y reunirla con su due\u00f1a despu\u00e9s de dos meses&nbsp; |\" \/>\n<meta property=\"og:description\" content=\"perrita husky siberiano de nueve meses, fue v\u00edctima de una de estas bandas de criminales, estuvo secuestrada por dos largos meses.\" \/>\n<meta property=\"og:url\" content=\"https:\/\/conexionnacional.mx\/index.php\/2022\/11\/25\/policia-recuper-perrita-secuestrada\/\" \/>\n<meta property=\"og:site_name\" content=\"Conexi\u00f3n Nacional\" \/>\n<meta property=\"article:publisher\" content=\"https:\/\/www.facebook.com\/cnmxradio\" \/>\n<meta property=\"article:published_time\" content=\"2022-11-25T21:32:00+00:00\" \/>\n<meta property=\"og:image\" content=\"https:\/\/conexionnacional.mx\/wp-content\/uploads\/2022\/11\/Policia-logra-recuperar-perrita-secuestrada-CN.jpg\" \/>\n\t<meta property=\"og:image:width\" content=\"1000\" \/>\n\t<meta property=\"og:image:height\" content=\"600\" \/>\n\t<meta property=\"og:image:type\" content=\"image\/jpeg\" \/>\n<meta name=\"author\" content=\"Conexi\u00f3n Nacional\" \/>\n<meta name=\"twitter:card\" content=\"summary_large_image\" \/>\n<meta name=\"twitter:label1\" content=\"Escrito por\" \/>\n\t<meta name=\"twitter:data1\" content=\"Conexi\u00f3n Nacional\" \/>\n\t<meta name=\"twitter:label2\" content=\"Tiempo de lectura\" \/>\n\t<meta name=\"twitter:data2\" content=\"3 minutos\" \/>\n<script type=\"application\/ld+json\" class=\"yoast-schema-graph\">{\"@context\":\"https:\\\/\\\/schema.org\",\"@graph\":[{\"@type\":\"Article\",\"@id\":\"https:\\\/\\\/conexionnacional.mx\\\/index.php\\\/2022\\\/11\\\/25\\\/policia-recuper-perrita-secuestrada\\\/#article\",\"isPartOf\":{\"@id\":\"https:\\\/\\\/conexionnacional.mx\\\/index.php\\\/2022\\\/11\\\/25\\\/policia-recuper-perrita-secuestrada\\\/\"},\"author\":{\"name\":\"Conexi\u00f3n Nacional\",\"@id\":\"https:\\\/\\\/conexionnacional.mx\\\/#\\\/schema\\\/person\\\/dd14aeda902120f5e0e021903fdb6931\"},\"headline\":\"Polic\u00eda logra recuperar a una perrita secuestrada y reunirla con su due\u00f1a despu\u00e9s de dos meses&nbsp;\",\"datePublished\":\"2022-11-25T21:32:00+00:00\",\"mainEntityOfPage\":{\"@id\":\"https:\\\/\\\/conexionnacional.mx\\\/index.php\\\/2022\\\/11\\\/25\\\/policia-recuper-perrita-secuestrada\\\/\"},\"wordCount\":370,\"publisher\":{\"@id\":\"https:\\\/\\\/conexionnacional.mx\\\/#organization\"},\"image\":{\"@id\":\"https:\\\/\\\/conexionnacional.mx\\\/index.php\\\/2022\\\/11\\\/25\\\/policia-recuper-perrita-secuestrada\\\/#primaryimage\"},\"thumbnailUrl\":\"https:\\\/\\\/conexionnacional.mx\\\/wp-content\\\/uploads\\\/2022\\\/11\\\/Policia-logra-recuperar-perrita-secuestrada-CN.jpg\",\"keywords\":[\"Estados Unidos\",\"Florida\",\"mascotas\",\"polic\u00eda\",\"secuestradores\"],\"articleSection\":[\"Internacional\"],\"inLanguage\":\"es\"},{\"@type\":\"WebPage\",\"@id\":\"https:\\\/\\\/conexionnacional.mx\\\/index.php\\\/2022\\\/11\\\/25\\\/policia-recuper-perrita-secuestrada\\\/\",\"url\":\"https:\\\/\\\/conexionnacional.mx\\\/index.php\\\/2022\\\/11\\\/25\\\/policia-recuper-perrita-secuestrada\\\/\",\"name\":\"Polic\u00eda logra recuperar a una perrita secuestrada y reunirla con su due\u00f1a despu\u00e9s de dos meses&nbsp; |\",\"isPartOf\":{\"@id\":\"https:\\\/\\\/conexionnacional.mx\\\/#website\"},\"primaryImageOfPage\":{\"@id\":\"https:\\\/\\\/conexionnacional.mx\\\/index.php\\\/2022\\\/11\\\/25\\\/policia-recuper-perrita-secuestrada\\\/#primaryimage\"},\"image\":{\"@id\":\"https:\\\/\\\/conexionnacional.mx\\\/index.php\\\/2022\\\/11\\\/25\\\/policia-recuper-perrita-secuestrada\\\/#primaryimage\"},\"thumbnailUrl\":\"https:\\\/\\\/conexionnacional.mx\\\/wp-content\\\/uploads\\\/2022\\\/11\\\/Policia-logra-recuperar-perrita-secuestrada-CN.jpg\",\"datePublished\":\"2022-11-25T21:32:00+00:00\",\"description\":\"perrita husky siberiano de nueve meses, fue v\u00edctima de una de estas bandas de criminales, estuvo secuestrada por dos largos meses.\",\"breadcrumb\":{\"@id\":\"https:\\\/\\\/conexionnacional.mx\\\/index.php\\\/2022\\\/11\\\/25\\\/policia-recuper-perrita-secuestrada\\\/#breadcrumb\"},\"inLanguage\":\"es\",\"potentialAction\":[{\"@type\":\"ReadAction\",\"target\":[\"https:\\\/\\\/conexionnacional.mx\\\/index.php\\\/2022\\\/11\\\/25\\\/policia-recuper-perrita-secuestrada\\\/\"]}]},{\"@type\":\"ImageObject\",\"inLanguage\":\"es\",\"@id\":\"https:\\\/\\\/conexionnacional.mx\\\/index.php\\\/2022\\\/11\\\/25\\\/policia-recuper-perrita-secuestrada\\\/#primaryimage\",\"url\":\"https:\\\/\\\/conexionnacional.mx\\\/wp-content\\\/uploads\\\/2022\\\/11\\\/Policia-logra-recuperar-perrita-secuestrada-CN.jpg\",\"contentUrl\":\"https:\\\/\\\/conexionnacional.mx\\\/wp-content\\\/uploads\\\/2022\\\/11\\\/Policia-logra-recuperar-perrita-secuestrada-CN.jpg\",\"width\":1000,\"height\":600,\"caption\":\"Polic\u00eda logra recuperar a una perrita secuestrada\"},{\"@type\":\"BreadcrumbList\",\"@id\":\"https:\\\/\\\/conexionnacional.mx\\\/index.php\\\/2022\\\/11\\\/25\\\/policia-recuper-perrita-secuestrada\\\/#breadcrumb\",\"itemListElement\":[{\"@type\":\"ListItem\",\"position\":1,\"name\":\"Inicio\",\"item\":\"https:\\\/\\\/conexionnacional.mx\\\/\"},{\"@type\":\"ListItem\",\"position\":2,\"name\":\"Polic\u00eda logra recuperar a una perrita secuestrada y reunirla con su due\u00f1a despu\u00e9s de dos meses&nbsp;\"}]},{\"@type\":\"WebSite\",\"@id\":\"https:\\\/\\\/conexionnacional.mx\\\/#website\",\"url\":\"https:\\\/\\\/conexionnacional.mx\\\/\",\"name\":\"Conexi\u00f3n Nacional\",\"description\":\"Noticias al momento\",\"publisher\":{\"@id\":\"https:\\\/\\\/conexionnacional.mx\\\/#organization\"},\"alternateName\":\"Noticias nacionales\",\"potentialAction\":[{\"@type\":\"SearchAction\",\"target\":{\"@type\":\"EntryPoint\",\"urlTemplate\":\"https:\\\/\\\/conexionnacional.mx\\\/?s={search_term_string}\"},\"query-input\":{\"@type\":\"PropertyValueSpecification\",\"valueRequired\":true,\"valueName\":\"search_term_string\"}}],\"inLanguage\":\"es\"},{\"@type\":\"Organization\",\"@id\":\"https:\\\/\\\/conexionnacional.mx\\\/#organization\",\"name\":\"Conexi\u00f3n Nacional\",\"url\":\"https:\\\/\\\/conexionnacional.mx\\\/\",\"logo\":{\"@type\":\"ImageObject\",\"inLanguage\":\"es\",\"@id\":\"https:\\\/\\\/conexionnacional.mx\\\/#\\\/schema\\\/logo\\\/image\\\/\",\"url\":\"https:\\\/\\\/conexionnacional.mx\\\/wp-content\\\/uploads\\\/2022\\\/09\\\/conexion_nacional.png\",\"contentUrl\":\"https:\\\/\\\/conexionnacional.mx\\\/wp-content\\\/uploads\\\/2022\\\/09\\\/conexion_nacional.png\",\"width\":2964,\"height\":1173,\"caption\":\"Conexi\u00f3n Nacional\"},\"image\":{\"@id\":\"https:\\\/\\\/conexionnacional.mx\\\/#\\\/schema\\\/logo\\\/image\\\/\"},\"sameAs\":[\"https:\\\/\\\/www.facebook.com\\\/cnmxradio\"]},{\"@type\":\"Person\",\"@id\":\"https:\\\/\\\/conexionnacional.mx\\\/#\\\/schema\\\/person\\\/dd14aeda902120f5e0e021903fdb6931\",\"name\":\"Conexi\u00f3n Nacional\",\"image\":{\"@type\":\"ImageObject\",\"inLanguage\":\"es\",\"@id\":\"https:\\\/\\\/secure.gravatar.com\\\/avatar\\\/e523100f284110b2ecca7e17b2be9cf140a5e8f35294c9ec0543e6916cc1f9be?s=96&d=blank&r=g\",\"url\":\"https:\\\/\\\/secure.gravatar.com\\\/avatar\\\/e523100f284110b2ecca7e17b2be9cf140a5e8f35294c9ec0543e6916cc1f9be?s=96&d=blank&r=g\",\"contentUrl\":\"https:\\\/\\\/secure.gravatar.com\\\/avatar\\\/e523100f284110b2ecca7e17b2be9cf140a5e8f35294c9ec0543e6916cc1f9be?s=96&d=blank&r=g\",\"caption\":\"Conexi\u00f3n Nacional\"},\"sameAs\":[\"https:\\\/\\\/conexionnacional.mx\"],\"url\":\"https:\\\/\\\/conexionnacional.mx\\\/index.php\\\/author\\\/administrador\\\/\"}]}<\/script>\n<!-- \/ Yoast SEO plugin. -->","yoast_head_json":{"title":"Polic\u00eda logra recuperar a una perrita secuestrada y reunirla con su due\u00f1a despu\u00e9s de dos meses&nbsp; |","description":"perrita husky siberiano de nueve meses, fue v\u00edctima de una de estas bandas de criminales, estuvo secuestrada por dos largos meses.","robots":{"index":"index","follow":"follow","max-snippet":"max-snippet:-1","max-image-preview":"max-image-preview:large","max-video-preview":"max-video-preview:-1"},"canonical":"https:\/\/conexionnacional.mx\/index.php\/2022\/11\/25\/policia-recuper-perrita-secuestrada\/","og_locale":"es_MX","og_type":"article","og_title":"Polic\u00eda logra recuperar a una perrita secuestrada y reunirla con su due\u00f1a despu\u00e9s de dos meses&nbsp; |","og_description":"perrita husky siberiano de nueve meses, fue v\u00edctima de una de estas bandas de criminales, estuvo secuestrada por dos largos meses.","og_url":"https:\/\/conexionnacional.mx\/index.php\/2022\/11\/25\/policia-recuper-perrita-secuestrada\/","og_site_name":"Conexi\u00f3n Nacional","article_publisher":"https:\/\/www.facebook.com\/cnmxradio","article_published_time":"2022-11-25T21:32:00+00:00","og_image":[{"width":1000,"height":600,"url":"https:\/\/conexionnacional.mx\/wp-content\/uploads\/2022\/11\/Policia-logra-recuperar-perrita-secuestrada-CN.jpg","type":"image\/jpeg"}],"author":"Conexi\u00f3n Nacional","twitter_card":"summary_large_image","twitter_misc":{"Escrito por":"Conexi\u00f3n Nacional","Tiempo de lectura":"3 minutos"},"schema":{"@context":"https:\/\/schema.org","@graph":[{"@type":"Article","@id":"https:\/\/conexionnacional.mx\/index.php\/2022\/11\/25\/policia-recuper-perrita-secuestrada\/#article","isPartOf":{"@id":"https:\/\/conexionnacional.mx\/index.php\/2022\/11\/25\/policia-recuper-perrita-secuestrada\/"},"author":{"name":"Conexi\u00f3n Nacional","@id":"https:\/\/conexionnacional.mx\/#\/schema\/person\/dd14aeda902120f5e0e021903fdb6931"},"headline":"Polic\u00eda logra recuperar a una perrita secuestrada y reunirla con su due\u00f1a despu\u00e9s de dos meses&nbsp;","datePublished":"2022-11-25T21:32:00+00:00","mainEntityOfPage":{"@id":"https:\/\/conexionnacional.mx\/index.php\/2022\/11\/25\/policia-recuper-perrita-secuestrada\/"},"wordCount":370,"publisher":{"@id":"https:\/\/conexionnacional.mx\/#organization"},"image":{"@id":"https:\/\/conexionnacional.mx\/index.php\/2022\/11\/25\/policia-recuper-perrita-secuestrada\/#primaryimage"},"thumbnailUrl":"https:\/\/conexionnacional.mx\/wp-content\/uploads\/2022\/11\/Policia-logra-recuperar-perrita-secuestrada-CN.jpg","keywords":["Estados Unidos","Florida","mascotas","polic\u00eda","secuestradores"],"articleSection":["Internacional"],"inLanguage":"es"},{"@type":"WebPage","@id":"https:\/\/conexionnacional.mx\/index.php\/2022\/11\/25\/policia-recuper-perrita-secuestrada\/","url":"https:\/\/conexionnacional.mx\/index.php\/2022\/11\/25\/policia-recuper-perrita-secuestrada\/","name":"Polic\u00eda logra recuperar a una perrita secuestrada y reunirla con su due\u00f1a despu\u00e9s de dos meses&nbsp; |","isPartOf":{"@id":"https:\/\/conexionnacional.mx\/#website"},"primaryImageOfPage":{"@id":"https:\/\/conexionnacional.mx\/index.php\/2022\/11\/25\/policia-recuper-perrita-secuestrada\/#primaryimage"},"image":{"@id":"https:\/\/conexionnacional.mx\/index.php\/2022\/11\/25\/policia-recuper-perrita-secuestrada\/#primaryimage"},"thumbnailUrl":"https:\/\/conexionnacional.mx\/wp-content\/uploads\/2022\/11\/Policia-logra-recuperar-perrita-secuestrada-CN.jpg","datePublished":"2022-11-25T21:32:00+00:00","description":"perrita husky siberiano de nueve meses, fue v\u00edctima de una de estas bandas de criminales, estuvo secuestrada por dos largos meses.","breadcrumb":{"@id":"https:\/\/conexionnacional.mx\/index.php\/2022\/11\/25\/policia-recuper-perrita-secuestrada\/#breadcrumb"},"inLanguage":"es","potentialAction":[{"@type":"ReadAction","target":["https:\/\/conexionnacional.mx\/index.php\/2022\/11\/25\/policia-recuper-perrita-secuestrada\/"]}]},{"@type":"ImageObject","inLanguage":"es","@id":"https:\/\/conexionnacional.mx\/index.php\/2022\/11\/25\/policia-recuper-perrita-secuestrada\/#primaryimage","url":"https:\/\/conexionnacional.mx\/wp-content\/uploads\/2022\/11\/Policia-logra-recuperar-perrita-secuestrada-CN.jpg","contentUrl":"https:\/\/conexionnacional.mx\/wp-content\/uploads\/2022\/11\/Policia-logra-recuperar-perrita-secuestrada-CN.jpg","width":1000,"height":600,"caption":"Polic\u00eda logra recuperar a una perrita secuestrada"},{"@type":"BreadcrumbList","@id":"https:\/\/conexionnacional.mx\/index.php\/2022\/11\/25\/policia-recuper-perrita-secuestrada\/#breadcrumb","itemListElement":[{"@type":"ListItem","position":1,"name":"Inicio","item":"https:\/\/conexionnacional.mx\/"},{"@type":"ListItem","position":2,"name":"Polic\u00eda logra recuperar a una perrita secuestrada y reunirla con su due\u00f1a despu\u00e9s de dos meses&nbsp;"}]},{"@type":"WebSite","@id":"https:\/\/conexionnacional.mx\/#website","url":"https:\/\/conexionnacional.mx\/","name":"Conexi\u00f3n Nacional","description":"Noticias al momento","publisher":{"@id":"https:\/\/conexionnacional.mx\/#organization"},"alternateName":"Noticias nacionales","potentialAction":[{"@type":"SearchAction","target":{"@type":"EntryPoint","urlTemplate":"https:\/\/conexionnacional.mx\/?s={search_term_string}"},"query-input":{"@type":"PropertyValueSpecification","valueRequired":true,"valueName":"search_term_string"}}],"inLanguage":"es"},{"@type":"Organization","@id":"https:\/\/conexionnacional.mx\/#organization","name":"Conexi\u00f3n Nacional","url":"https:\/\/conexionnacional.mx\/","logo":{"@type":"ImageObject","inLanguage":"es","@id":"https:\/\/conexionnacional.mx\/#\/schema\/logo\/image\/","url":"https:\/\/conexionnacional.mx\/wp-content\/uploads\/2022\/09\/conexion_nacional.png","contentUrl":"https:\/\/conexionnacional.mx\/wp-content\/uploads\/2022\/09\/conexion_nacional.png","width":2964,"height":1173,"caption":"Conexi\u00f3n Nacional"},"image":{"@id":"https:\/\/conexionnacional.mx\/#\/schema\/logo\/image\/"},"sameAs":["https:\/\/www.facebook.com\/cnmxradio"]},{"@type":"Person","@id":"https:\/\/conexionnacional.mx\/#\/schema\/person\/dd14aeda902120f5e0e021903fdb6931","name":"Conexi\u00f3n Nacional","image":{"@type":"ImageObject","inLanguage":"es","@id":"https:\/\/secure.gravatar.com\/avatar\/e523100f284110b2ecca7e17b2be9cf140a5e8f35294c9ec0543e6916cc1f9be?s=96&d=blank&r=g","url":"https:\/\/secure.gravatar.com\/avatar\/e523100f284110b2ecca7e17b2be9cf140a5e8f35294c9ec0543e6916cc1f9be?s=96&d=blank&r=g","contentUrl":"https:\/\/secure.gravatar.com\/avatar\/e523100f284110b2ecca7e17b2be9cf140a5e8f35294c9ec0543e6916cc1f9be?s=96&d=blank&r=g","caption":"Conexi\u00f3n Nacional"},"sameAs":["https:\/\/conexionnacional.mx"],"url":"https:\/\/conexionnacional.mx\/index.php\/author\/administrador\/"}]}},"_links":{"self":[{"href":"https:\/\/conexionnacional.mx\/index.php\/wp-json\/wp\/v2\/posts\/4242","targetHints":{"allow":["GET"]}}],"collection":[{"href":"https:\/\/conexionnacional.mx\/index.php\/wp-json\/wp\/v2\/posts"}],"about":[{"href":"https:\/\/conexionnacional.mx\/index.php\/wp-json\/wp\/v2\/types\/post"}],"author":[{"embeddable":true,"href":"https:\/\/conexionnacional.mx\/index.php\/wp-json\/wp\/v2\/users\/1"}],"replies":[{"embeddable":true,"href":"https:\/\/conexionnacional.mx\/index.php\/wp-json\/wp\/v2\/comments?post=4242"}],"version-history":[{"count":1,"href":"https:\/\/conexionnacional.mx\/index.php\/wp-json\/wp\/v2\/posts\/4242\/revisions"}],"predecessor-version":[{"id":4244,"href":"https:\/\/conexionnacional.mx\/index.php\/wp-json\/wp\/v2\/posts\/4242\/revisions\/4244"}],"wp:featuredmedia":[{"embeddable":true,"href":"https:\/\/conexionnacional.mx\/index.php\/wp-json\/wp\/v2\/media\/4243"}],"wp:attachment":[{"href":"https:\/\/conexionnacional.mx\/index.php\/wp-json\/wp\/v2\/media?parent=4242"}],"wp:term":[{"taxonomy":"category","embeddable":true,"href":"https:\/\/conexionnacional.mx\/index.php\/wp-json\/wp\/v2\/categories?post=4242"},{"taxonomy":"post_tag","embeddable":true,"href":"https:\/\/conexionnacional.mx\/index.php\/wp-json\/wp\/v2\/tags?post=4242"}],"curies":[{"name":"wp","href":"https:\/\/api.w.org\/{rel}","templated":true}]}}