{"id":4239,"date":"2022-11-25T15:30:00","date_gmt":"2022-11-25T21:30:00","guid":{"rendered":"https:\/\/conexionnacional.mx\/?p=4239"},"modified":"2022-11-25T14:40:25","modified_gmt":"2022-11-25T20:40:25","slug":"niega-multi-ataque-armado","status":"publish","type":"post","link":"https:\/\/conexionnacional.mx\/index.php\/2022\/11\/25\/niega-multi-ataque-armado\/","title":{"rendered":"<strong>Niega MULTI ataque armado en Tierra Blanca, Copala<\/strong>"},"content":{"rendered":"\n<p>Por: <a href=\"https:\/\/www.xeouradio.com\/2022\/11\/25\/niega-multi-ataque-armado-en-tierra-blanca-copala\/\">xeouradio.com<\/a> |<\/p>\n\n\n\n<p>**<strong>Exigen reinstalaci\u00f3n de mesa de di\u00e1logo para el retorno de desplazados<\/strong>**&nbsp;<\/p>\n\n\n\n<p>El integrante de la Direcci\u00f3n Pol\u00edtica del Movimiento de Unificaci\u00f3n y Lucha Triqui Independiente (MULTI), Horacio Santiago Garc\u00eda, deslind\u00f3 a esa organizaci\u00f3n de los se\u00f1alamientos hechos por el Movimiento de Unificaci\u00f3n y Lucha Triqui (MULT) el cual asegur\u00f3 que integrantes de esa organizaci\u00f3n realizaron un ataque armado en Tierra Blanca, Copala, la ma\u00f1ana de este mi\u00e9rcoles. Se\u00f1al\u00f3 que no se tiene registro de alg\u00fan ataque armado en ese lugar.<\/p>\n\n\n\n<p>Lament\u00f3 los se\u00f1alamientos contra el dirigente del MULTI, Macario Garc\u00eda Merino, a quien el MULT acus\u00f3 de ser el responsable del supuesto ataque.<\/p>\n\n\n\n<p>&#8220;Nosotros nos deslindamos de esa acusaci\u00f3n, pero tambi\u00e9n nos parece alarmante que el MULT est\u00e9 acusando a uno de nuestros integrantes de la mesa directiva del MULTI, porque ese acto no existe, ese acto nunca existi\u00f3&#8221;, enfatiz\u00f3.<\/p>\n\n\n\n<p>Santiago Garc\u00eda expres\u00f3 que tras la difusi\u00f3n del comunicado del MULT, publicado la tarde del mi\u00e9rcoles, funcionarios del Gobierno estatal que entrar\u00e1 en funci\u00f3n el primero de diciembre se contactaron con la dirigencia del MULTI, la cual se deslindaron de los hechos y pidi\u00f3 que se realicen las realizar investigaciones sobre los se\u00f1alamientos del MULT.<\/p>\n\n\n\n<p>Ante esto, el MULTI pidi\u00f3 la intervenci\u00f3n directa del Gobierno estatal y del pr\u00f3ximo gobernador Salom\u00f3n Jara Cruz, para que se act\u00fae con responsabilidad y se convoque a una mesa de di\u00e1logo que permita crear las condiciones para el retorno de los desplazados a Tierra Blanca.<\/p>\n\n\n\n<p>&#8220;Como movimiento hemos estado directo y constante con el pr\u00f3ximo Gobierno a tomar posesi\u00f3n en una semana, en el cual se le ha exigido y se le ha planteado al pr\u00f3ximo gobernador la necesidad inmediata de poder retomar la mesa de di\u00e1logo, la cual fue rota por el propio MULT.&nbsp;<\/p>\n\n\n\n<p>Nosotros creemos que la mesa es el instrumento para lograr la reconciliaci\u00f3n y lograr, en primer lugar, el retorno pac\u00edfico y seguro de las familias de Tierra Blanca&#8221;, sentenci\u00f3.<\/p>\n\n\n\n<p>Finalmente, el dirigente del MULTI se\u00f1al\u00f3 que las corporaciones destacamentadas en Concepci\u00f3n Carrizal deben generar acciones de seguridad a favor de las comunidades triquis, y evitar caer en informaci\u00f3n falsa originada por el MULT para desestabilizar la zona triqui.<br>&nbsp;Con informaci\u00f3n de: <a href=\"https:\/\/www.xeouradio.com\">Sistema Radiof\u00f3nico Informativo<\/a>.<\/p>\n","protected":false},"excerpt":{"rendered":"<p>Por: xeouradio.com | **Exigen reinstalaci\u00f3n de mesa de di\u00e1logo para el retorno de desplazados**&nbsp; El integrante de la Direcci\u00f3n Pol\u00edtica del Movimiento de Unificaci\u00f3n y Lucha Triqui Independiente (MULTI), Horacio Santiago Garc\u00eda, deslind\u00f3 a esa organizaci\u00f3n de los se\u00f1alamientos hechos por el Movimiento de Unificaci\u00f3n y Lucha Triqui (MULT) el cual asegur\u00f3 que integrantes de [&hellip;]<\/p>\n","protected":false},"author":1,"featured_media":4240,"comment_status":"closed","ping_status":"closed","sticky":false,"template":"","format":"aside","meta":{"googlesitekit_rrm_CAowytPeCw:productID":"","footnotes":""},"categories":[17],"tags":[2429,500,499,80],"class_list":["post-4239","post","type-post","status-publish","format-aside","has-post-thumbnail","hentry","category-estados","tag-copala","tag-mult","tag-multi","tag-oaxaca","post_format-post-format-aside"],"yoast_head":"<!-- This site is optimized with the Yoast SEO plugin v27.5 - https:\/\/yoast.com\/product\/yoast-seo-wordpress\/ -->\n<title>Niega MULTI ataque armado en Tierra Blanca, Copala |<\/title>\n<meta name=\"description\" content=\"Exigen reinstalaci\u00f3n de mesa de di\u00e1logo para el retorno de desplazados. Se\u00f1al\u00f3 que no se tiene registro de alg\u00fan ataque armado en ese lugar.\" \/>\n<meta name=\"robots\" content=\"index, follow, max-snippet:-1, max-image-preview:large, max-video-preview:-1\" \/>\n<link rel=\"canonical\" href=\"https:\/\/conexionnacional.mx\/index.php\/2022\/11\/25\/niega-multi-ataque-armado\/\" \/>\n<meta property=\"og:locale\" content=\"es_MX\" \/>\n<meta property=\"og:type\" content=\"article\" \/>\n<meta property=\"og:title\" content=\"Niega MULTI ataque armado en Tierra Blanca, Copala |\" \/>\n<meta property=\"og:description\" content=\"Exigen reinstalaci\u00f3n de mesa de di\u00e1logo para el retorno de desplazados. Se\u00f1al\u00f3 que no se tiene registro de alg\u00fan ataque armado en ese lugar.\" \/>\n<meta property=\"og:url\" content=\"https:\/\/conexionnacional.mx\/index.php\/2022\/11\/25\/niega-multi-ataque-armado\/\" \/>\n<meta property=\"og:site_name\" content=\"Conexi\u00f3n Nacional\" \/>\n<meta property=\"article:publisher\" content=\"https:\/\/www.facebook.com\/cnmxradio\" \/>\n<meta property=\"article:published_time\" content=\"2022-11-25T21:30:00+00:00\" \/>\n<meta property=\"og:image\" content=\"https:\/\/conexionnacional.mx\/wp-content\/uploads\/2022\/11\/Niega-MULTI-ataque-armado-CN.jpg\" \/>\n\t<meta property=\"og:image:width\" content=\"1000\" \/>\n\t<meta property=\"og:image:height\" content=\"600\" \/>\n\t<meta property=\"og:image:type\" content=\"image\/jpeg\" \/>\n<meta name=\"author\" content=\"Conexi\u00f3n Nacional\" \/>\n<meta name=\"twitter:card\" content=\"summary_large_image\" \/>\n<meta name=\"twitter:label1\" content=\"Escrito por\" \/>\n\t<meta name=\"twitter:data1\" content=\"Conexi\u00f3n Nacional\" \/>\n\t<meta name=\"twitter:label2\" content=\"Tiempo de lectura\" \/>\n\t<meta name=\"twitter:data2\" content=\"2 minutos\" \/>\n<script type=\"application\/ld+json\" class=\"yoast-schema-graph\">{\"@context\":\"https:\\\/\\\/schema.org\",\"@graph\":[{\"@type\":\"Article\",\"@id\":\"https:\\\/\\\/conexionnacional.mx\\\/index.php\\\/2022\\\/11\\\/25\\\/niega-multi-ataque-armado\\\/#article\",\"isPartOf\":{\"@id\":\"https:\\\/\\\/conexionnacional.mx\\\/index.php\\\/2022\\\/11\\\/25\\\/niega-multi-ataque-armado\\\/\"},\"author\":{\"name\":\"Conexi\u00f3n Nacional\",\"@id\":\"https:\\\/\\\/conexionnacional.mx\\\/#\\\/schema\\\/person\\\/dd14aeda902120f5e0e021903fdb6931\"},\"headline\":\"Niega MULTI ataque armado en Tierra Blanca, Copala\",\"datePublished\":\"2022-11-25T21:30:00+00:00\",\"mainEntityOfPage\":{\"@id\":\"https:\\\/\\\/conexionnacional.mx\\\/index.php\\\/2022\\\/11\\\/25\\\/niega-multi-ataque-armado\\\/\"},\"wordCount\":418,\"publisher\":{\"@id\":\"https:\\\/\\\/conexionnacional.mx\\\/#organization\"},\"image\":{\"@id\":\"https:\\\/\\\/conexionnacional.mx\\\/index.php\\\/2022\\\/11\\\/25\\\/niega-multi-ataque-armado\\\/#primaryimage\"},\"thumbnailUrl\":\"https:\\\/\\\/conexionnacional.mx\\\/wp-content\\\/uploads\\\/2022\\\/11\\\/Niega-MULTI-ataque-armado-CN.jpg\",\"keywords\":[\"Copala\",\"MULT\",\"MULTI\",\"Oaxaca\"],\"articleSection\":[\"Estados\"],\"inLanguage\":\"es\"},{\"@type\":\"WebPage\",\"@id\":\"https:\\\/\\\/conexionnacional.mx\\\/index.php\\\/2022\\\/11\\\/25\\\/niega-multi-ataque-armado\\\/\",\"url\":\"https:\\\/\\\/conexionnacional.mx\\\/index.php\\\/2022\\\/11\\\/25\\\/niega-multi-ataque-armado\\\/\",\"name\":\"Niega MULTI ataque armado en Tierra Blanca, Copala |\",\"isPartOf\":{\"@id\":\"https:\\\/\\\/conexionnacional.mx\\\/#website\"},\"primaryImageOfPage\":{\"@id\":\"https:\\\/\\\/conexionnacional.mx\\\/index.php\\\/2022\\\/11\\\/25\\\/niega-multi-ataque-armado\\\/#primaryimage\"},\"image\":{\"@id\":\"https:\\\/\\\/conexionnacional.mx\\\/index.php\\\/2022\\\/11\\\/25\\\/niega-multi-ataque-armado\\\/#primaryimage\"},\"thumbnailUrl\":\"https:\\\/\\\/conexionnacional.mx\\\/wp-content\\\/uploads\\\/2022\\\/11\\\/Niega-MULTI-ataque-armado-CN.jpg\",\"datePublished\":\"2022-11-25T21:30:00+00:00\",\"description\":\"Exigen reinstalaci\u00f3n de mesa de di\u00e1logo para el retorno de desplazados. Se\u00f1al\u00f3 que no se tiene registro de alg\u00fan ataque armado en ese lugar.\",\"breadcrumb\":{\"@id\":\"https:\\\/\\\/conexionnacional.mx\\\/index.php\\\/2022\\\/11\\\/25\\\/niega-multi-ataque-armado\\\/#breadcrumb\"},\"inLanguage\":\"es\",\"potentialAction\":[{\"@type\":\"ReadAction\",\"target\":[\"https:\\\/\\\/conexionnacional.mx\\\/index.php\\\/2022\\\/11\\\/25\\\/niega-multi-ataque-armado\\\/\"]}]},{\"@type\":\"ImageObject\",\"inLanguage\":\"es\",\"@id\":\"https:\\\/\\\/conexionnacional.mx\\\/index.php\\\/2022\\\/11\\\/25\\\/niega-multi-ataque-armado\\\/#primaryimage\",\"url\":\"https:\\\/\\\/conexionnacional.mx\\\/wp-content\\\/uploads\\\/2022\\\/11\\\/Niega-MULTI-ataque-armado-CN.jpg\",\"contentUrl\":\"https:\\\/\\\/conexionnacional.mx\\\/wp-content\\\/uploads\\\/2022\\\/11\\\/Niega-MULTI-ataque-armado-CN.jpg\",\"width\":1000,\"height\":600,\"caption\":\"Niega MULTI ataque armado\"},{\"@type\":\"BreadcrumbList\",\"@id\":\"https:\\\/\\\/conexionnacional.mx\\\/index.php\\\/2022\\\/11\\\/25\\\/niega-multi-ataque-armado\\\/#breadcrumb\",\"itemListElement\":[{\"@type\":\"ListItem\",\"position\":1,\"name\":\"Inicio\",\"item\":\"https:\\\/\\\/conexionnacional.mx\\\/\"},{\"@type\":\"ListItem\",\"position\":2,\"name\":\"Niega MULTI ataque armado en Tierra Blanca, Copala\"}]},{\"@type\":\"WebSite\",\"@id\":\"https:\\\/\\\/conexionnacional.mx\\\/#website\",\"url\":\"https:\\\/\\\/conexionnacional.mx\\\/\",\"name\":\"Conexi\u00f3n Nacional\",\"description\":\"Noticias al momento\",\"publisher\":{\"@id\":\"https:\\\/\\\/conexionnacional.mx\\\/#organization\"},\"alternateName\":\"Noticias nacionales\",\"potentialAction\":[{\"@type\":\"SearchAction\",\"target\":{\"@type\":\"EntryPoint\",\"urlTemplate\":\"https:\\\/\\\/conexionnacional.mx\\\/?s={search_term_string}\"},\"query-input\":{\"@type\":\"PropertyValueSpecification\",\"valueRequired\":true,\"valueName\":\"search_term_string\"}}],\"inLanguage\":\"es\"},{\"@type\":\"Organization\",\"@id\":\"https:\\\/\\\/conexionnacional.mx\\\/#organization\",\"name\":\"Conexi\u00f3n Nacional\",\"url\":\"https:\\\/\\\/conexionnacional.mx\\\/\",\"logo\":{\"@type\":\"ImageObject\",\"inLanguage\":\"es\",\"@id\":\"https:\\\/\\\/conexionnacional.mx\\\/#\\\/schema\\\/logo\\\/image\\\/\",\"url\":\"https:\\\/\\\/conexionnacional.mx\\\/wp-content\\\/uploads\\\/2022\\\/09\\\/conexion_nacional.png\",\"contentUrl\":\"https:\\\/\\\/conexionnacional.mx\\\/wp-content\\\/uploads\\\/2022\\\/09\\\/conexion_nacional.png\",\"width\":2964,\"height\":1173,\"caption\":\"Conexi\u00f3n Nacional\"},\"image\":{\"@id\":\"https:\\\/\\\/conexionnacional.mx\\\/#\\\/schema\\\/logo\\\/image\\\/\"},\"sameAs\":[\"https:\\\/\\\/www.facebook.com\\\/cnmxradio\"]},{\"@type\":\"Person\",\"@id\":\"https:\\\/\\\/conexionnacional.mx\\\/#\\\/schema\\\/person\\\/dd14aeda902120f5e0e021903fdb6931\",\"name\":\"Conexi\u00f3n Nacional\",\"image\":{\"@type\":\"ImageObject\",\"inLanguage\":\"es\",\"@id\":\"https:\\\/\\\/secure.gravatar.com\\\/avatar\\\/e523100f284110b2ecca7e17b2be9cf140a5e8f35294c9ec0543e6916cc1f9be?s=96&d=blank&r=g\",\"url\":\"https:\\\/\\\/secure.gravatar.com\\\/avatar\\\/e523100f284110b2ecca7e17b2be9cf140a5e8f35294c9ec0543e6916cc1f9be?s=96&d=blank&r=g\",\"contentUrl\":\"https:\\\/\\\/secure.gravatar.com\\\/avatar\\\/e523100f284110b2ecca7e17b2be9cf140a5e8f35294c9ec0543e6916cc1f9be?s=96&d=blank&r=g\",\"caption\":\"Conexi\u00f3n Nacional\"},\"sameAs\":[\"https:\\\/\\\/conexionnacional.mx\"],\"url\":\"https:\\\/\\\/conexionnacional.mx\\\/index.php\\\/author\\\/administrador\\\/\"}]}<\/script>\n<!-- \/ Yoast SEO plugin. -->","yoast_head_json":{"title":"Niega MULTI ataque armado en Tierra Blanca, Copala |","description":"Exigen reinstalaci\u00f3n de mesa de di\u00e1logo para el retorno de desplazados. Se\u00f1al\u00f3 que no se tiene registro de alg\u00fan ataque armado en ese lugar.","robots":{"index":"index","follow":"follow","max-snippet":"max-snippet:-1","max-image-preview":"max-image-preview:large","max-video-preview":"max-video-preview:-1"},"canonical":"https:\/\/conexionnacional.mx\/index.php\/2022\/11\/25\/niega-multi-ataque-armado\/","og_locale":"es_MX","og_type":"article","og_title":"Niega MULTI ataque armado en Tierra Blanca, Copala |","og_description":"Exigen reinstalaci\u00f3n de mesa de di\u00e1logo para el retorno de desplazados. Se\u00f1al\u00f3 que no se tiene registro de alg\u00fan ataque armado en ese lugar.","og_url":"https:\/\/conexionnacional.mx\/index.php\/2022\/11\/25\/niega-multi-ataque-armado\/","og_site_name":"Conexi\u00f3n Nacional","article_publisher":"https:\/\/www.facebook.com\/cnmxradio","article_published_time":"2022-11-25T21:30:00+00:00","og_image":[{"width":1000,"height":600,"url":"https:\/\/conexionnacional.mx\/wp-content\/uploads\/2022\/11\/Niega-MULTI-ataque-armado-CN.jpg","type":"image\/jpeg"}],"author":"Conexi\u00f3n Nacional","twitter_card":"summary_large_image","twitter_misc":{"Escrito por":"Conexi\u00f3n Nacional","Tiempo de lectura":"2 minutos"},"schema":{"@context":"https:\/\/schema.org","@graph":[{"@type":"Article","@id":"https:\/\/conexionnacional.mx\/index.php\/2022\/11\/25\/niega-multi-ataque-armado\/#article","isPartOf":{"@id":"https:\/\/conexionnacional.mx\/index.php\/2022\/11\/25\/niega-multi-ataque-armado\/"},"author":{"name":"Conexi\u00f3n Nacional","@id":"https:\/\/conexionnacional.mx\/#\/schema\/person\/dd14aeda902120f5e0e021903fdb6931"},"headline":"Niega MULTI ataque armado en Tierra Blanca, Copala","datePublished":"2022-11-25T21:30:00+00:00","mainEntityOfPage":{"@id":"https:\/\/conexionnacional.mx\/index.php\/2022\/11\/25\/niega-multi-ataque-armado\/"},"wordCount":418,"publisher":{"@id":"https:\/\/conexionnacional.mx\/#organization"},"image":{"@id":"https:\/\/conexionnacional.mx\/index.php\/2022\/11\/25\/niega-multi-ataque-armado\/#primaryimage"},"thumbnailUrl":"https:\/\/conexionnacional.mx\/wp-content\/uploads\/2022\/11\/Niega-MULTI-ataque-armado-CN.jpg","keywords":["Copala","MULT","MULTI","Oaxaca"],"articleSection":["Estados"],"inLanguage":"es"},{"@type":"WebPage","@id":"https:\/\/conexionnacional.mx\/index.php\/2022\/11\/25\/niega-multi-ataque-armado\/","url":"https:\/\/conexionnacional.mx\/index.php\/2022\/11\/25\/niega-multi-ataque-armado\/","name":"Niega MULTI ataque armado en Tierra Blanca, Copala |","isPartOf":{"@id":"https:\/\/conexionnacional.mx\/#website"},"primaryImageOfPage":{"@id":"https:\/\/conexionnacional.mx\/index.php\/2022\/11\/25\/niega-multi-ataque-armado\/#primaryimage"},"image":{"@id":"https:\/\/conexionnacional.mx\/index.php\/2022\/11\/25\/niega-multi-ataque-armado\/#primaryimage"},"thumbnailUrl":"https:\/\/conexionnacional.mx\/wp-content\/uploads\/2022\/11\/Niega-MULTI-ataque-armado-CN.jpg","datePublished":"2022-11-25T21:30:00+00:00","description":"Exigen reinstalaci\u00f3n de mesa de di\u00e1logo para el retorno de desplazados. Se\u00f1al\u00f3 que no se tiene registro de alg\u00fan ataque armado en ese lugar.","breadcrumb":{"@id":"https:\/\/conexionnacional.mx\/index.php\/2022\/11\/25\/niega-multi-ataque-armado\/#breadcrumb"},"inLanguage":"es","potentialAction":[{"@type":"ReadAction","target":["https:\/\/conexionnacional.mx\/index.php\/2022\/11\/25\/niega-multi-ataque-armado\/"]}]},{"@type":"ImageObject","inLanguage":"es","@id":"https:\/\/conexionnacional.mx\/index.php\/2022\/11\/25\/niega-multi-ataque-armado\/#primaryimage","url":"https:\/\/conexionnacional.mx\/wp-content\/uploads\/2022\/11\/Niega-MULTI-ataque-armado-CN.jpg","contentUrl":"https:\/\/conexionnacional.mx\/wp-content\/uploads\/2022\/11\/Niega-MULTI-ataque-armado-CN.jpg","width":1000,"height":600,"caption":"Niega MULTI ataque armado"},{"@type":"BreadcrumbList","@id":"https:\/\/conexionnacional.mx\/index.php\/2022\/11\/25\/niega-multi-ataque-armado\/#breadcrumb","itemListElement":[{"@type":"ListItem","position":1,"name":"Inicio","item":"https:\/\/conexionnacional.mx\/"},{"@type":"ListItem","position":2,"name":"Niega MULTI ataque armado en Tierra Blanca, Copala"}]},{"@type":"WebSite","@id":"https:\/\/conexionnacional.mx\/#website","url":"https:\/\/conexionnacional.mx\/","name":"Conexi\u00f3n Nacional","description":"Noticias al momento","publisher":{"@id":"https:\/\/conexionnacional.mx\/#organization"},"alternateName":"Noticias nacionales","potentialAction":[{"@type":"SearchAction","target":{"@type":"EntryPoint","urlTemplate":"https:\/\/conexionnacional.mx\/?s={search_term_string}"},"query-input":{"@type":"PropertyValueSpecification","valueRequired":true,"valueName":"search_term_string"}}],"inLanguage":"es"},{"@type":"Organization","@id":"https:\/\/conexionnacional.mx\/#organization","name":"Conexi\u00f3n Nacional","url":"https:\/\/conexionnacional.mx\/","logo":{"@type":"ImageObject","inLanguage":"es","@id":"https:\/\/conexionnacional.mx\/#\/schema\/logo\/image\/","url":"https:\/\/conexionnacional.mx\/wp-content\/uploads\/2022\/09\/conexion_nacional.png","contentUrl":"https:\/\/conexionnacional.mx\/wp-content\/uploads\/2022\/09\/conexion_nacional.png","width":2964,"height":1173,"caption":"Conexi\u00f3n Nacional"},"image":{"@id":"https:\/\/conexionnacional.mx\/#\/schema\/logo\/image\/"},"sameAs":["https:\/\/www.facebook.com\/cnmxradio"]},{"@type":"Person","@id":"https:\/\/conexionnacional.mx\/#\/schema\/person\/dd14aeda902120f5e0e021903fdb6931","name":"Conexi\u00f3n Nacional","image":{"@type":"ImageObject","inLanguage":"es","@id":"https:\/\/secure.gravatar.com\/avatar\/e523100f284110b2ecca7e17b2be9cf140a5e8f35294c9ec0543e6916cc1f9be?s=96&d=blank&r=g","url":"https:\/\/secure.gravatar.com\/avatar\/e523100f284110b2ecca7e17b2be9cf140a5e8f35294c9ec0543e6916cc1f9be?s=96&d=blank&r=g","contentUrl":"https:\/\/secure.gravatar.com\/avatar\/e523100f284110b2ecca7e17b2be9cf140a5e8f35294c9ec0543e6916cc1f9be?s=96&d=blank&r=g","caption":"Conexi\u00f3n Nacional"},"sameAs":["https:\/\/conexionnacional.mx"],"url":"https:\/\/conexionnacional.mx\/index.php\/author\/administrador\/"}]}},"_links":{"self":[{"href":"https:\/\/conexionnacional.mx\/index.php\/wp-json\/wp\/v2\/posts\/4239","targetHints":{"allow":["GET"]}}],"collection":[{"href":"https:\/\/conexionnacional.mx\/index.php\/wp-json\/wp\/v2\/posts"}],"about":[{"href":"https:\/\/conexionnacional.mx\/index.php\/wp-json\/wp\/v2\/types\/post"}],"author":[{"embeddable":true,"href":"https:\/\/conexionnacional.mx\/index.php\/wp-json\/wp\/v2\/users\/1"}],"replies":[{"embeddable":true,"href":"https:\/\/conexionnacional.mx\/index.php\/wp-json\/wp\/v2\/comments?post=4239"}],"version-history":[{"count":1,"href":"https:\/\/conexionnacional.mx\/index.php\/wp-json\/wp\/v2\/posts\/4239\/revisions"}],"predecessor-version":[{"id":4241,"href":"https:\/\/conexionnacional.mx\/index.php\/wp-json\/wp\/v2\/posts\/4239\/revisions\/4241"}],"wp:featuredmedia":[{"embeddable":true,"href":"https:\/\/conexionnacional.mx\/index.php\/wp-json\/wp\/v2\/media\/4240"}],"wp:attachment":[{"href":"https:\/\/conexionnacional.mx\/index.php\/wp-json\/wp\/v2\/media?parent=4239"}],"wp:term":[{"taxonomy":"category","embeddable":true,"href":"https:\/\/conexionnacional.mx\/index.php\/wp-json\/wp\/v2\/categories?post=4239"},{"taxonomy":"post_tag","embeddable":true,"href":"https:\/\/conexionnacional.mx\/index.php\/wp-json\/wp\/v2\/tags?post=4239"}],"curies":[{"name":"wp","href":"https:\/\/api.w.org\/{rel}","templated":true}]}}