{"id":3703,"date":"2022-11-17T17:32:00","date_gmt":"2022-11-17T23:32:00","guid":{"rendered":"https:\/\/conexionnacional.mx\/?p=3703"},"modified":"2022-11-17T18:02:40","modified_gmt":"2022-11-18T00:02:40","slug":"impulsa-elena-rios-tipifiquen","status":"publish","type":"post","link":"https:\/\/conexionnacional.mx\/index.php\/2022\/11\/17\/impulsa-elena-rios-tipifiquen\/","title":{"rendered":"<strong>Impulsa Elena R\u00edos en congresos locales que se tipifiquen como feminicidio ataques con \u00e1cido<\/strong>"},"content":{"rendered":"\n<p>Por: <a href=\"https:\/\/www.xeouradio.com\/2022\/11\/17\/impulsa-elena-rios-en-congresos-locales-que-se-tipifiquen-como-feminicidio-ataques-con-acido\/\">xeouradio.com<\/a> |<\/p>\n\n\n\n<p>La saxofonista mixteca Mar\u00eda Elena R\u00edos Ortiz inform\u00f3 que con la realizaci\u00f3n de foros en el Congreso del Estado de Puebla, impulsa que los ataque con \u00e1cido sean tipificados como feminicidio, para que quienes los cometan reciban penas severas.<\/p>\n\n\n\n<p>Indic\u00f3 que tras ser v\u00edctima de ataque con \u00e1cido, el 09 de septiembre de 2019 en Huajuapan, ha exigido que el castigo a quienes cometen este delito se endurezca a nivel local y federal. Ahora busca que las leyes en los estados se modifiquen para considerar estos ataques como delitos graves, a trav\u00e9s de iniciativas en los congresos locales.<\/p>\n\n\n\n<p>\u201cMientras no est\u00e9 tipificado como feminicidio, los criminales que nos lastiman no tienen un castigo equiparable al da\u00f1o que nos hacen. Es decir, el Senado propuso y se dictamin\u00f3 un castigo entre 7 y 13 a\u00f1os de prisi\u00f3n, si a este le antecede una relaci\u00f3n sentimental o de parentesco, se suben dos terceras partes de la norma, es decir, estamos hablando entre 21 a 22 a\u00f1os\u201d, explic\u00f3.<\/p>\n\n\n\n<p>R\u00edos Ortiz manifest\u00f3 que esa disposici\u00f3n ya est\u00e1 aprobada en el Senado de la Rep\u00fablica, sin embargo se requiere de su legislaci\u00f3n en los congresos locales para modificar las leyes que permitan emitir sanciones graves a quienes realicen ataques con \u00e1cido, ya que actualmente solo se han tipificado como feminicidio los ataques con \u00e1cido en seis estados.<\/p>\n\n\n\n<p>\u201cMientras no est\u00e9 tipificado como feminicidio y solamente se quede como lesiones, suponiendo que capturan al agresor, que se vincula, se lleva a cabo todo el proceso y se sentencia, va a tener beneficios, estamos hablando de una reducci\u00f3n con beneficio entre 5 y 6 a\u00f1os, lo cual no es equiparable al da\u00f1o que nos ocasionan, porque el da\u00f1o tiene como objetivo principal matarte\u201d, sentenci\u00f3.<\/p>\n\n\n\n<p>La saxofonista manifest\u00f3 que otro tema que se analiza en la iniciativa a presentarse en el Congreso de Puebla es la reparaci\u00f3n de los da\u00f1os materiales, a fin de que \u00e9l responsable asuma los costos para los gastos m\u00e9dicos y psicol\u00f3gicos, entre otros, derivados de un ataque con \u00e1cido.<\/p>\n\n\n\n<p>Dijo que despu\u00e9s del Congreso de Puebla, realizar\u00e1 foros, junto con expertos en el tema jur\u00eddico y especialistas en salud, en el resto de congresos locales del pa\u00eds para que se sancionen como feminicido los ataques con \u00e1cido.<\/p>\n\n\n\n<p>Con informaci\u00f3n de: <a href=\"https:\/\/www.xeouradio.com\">Sistema Radiof\u00f3nico Informativo<\/a>.<\/p>\n","protected":false},"excerpt":{"rendered":"<p>Por: xeouradio.com | La saxofonista mixteca Mar\u00eda Elena R\u00edos Ortiz inform\u00f3 que con la realizaci\u00f3n de foros en el Congreso del Estado de Puebla, impulsa que los ataque con \u00e1cido sean tipificados como feminicidio, para que quienes los cometan reciban penas severas. Indic\u00f3 que tras ser v\u00edctima de ataque con \u00e1cido, el 09 de septiembre [&hellip;]<\/p>\n","protected":false},"author":1,"featured_media":3704,"comment_status":"closed","ping_status":"closed","sticky":false,"template":"","format":"aside","meta":{"googlesitekit_rrm_CAowytPeCw:productID":"","footnotes":""},"categories":[17],"tags":[2207,2205,2204,320,2203,2206],"class_list":["post-3703","post","type-post","status-publish","format-aside","has-post-thumbnail","hentry","category-estados","tag-ataques-con-acido","tag-congresos-locales","tag-elena-rios","tag-feminicidio","tag-impulsa","tag-tipifiquen","post_format-post-format-aside"],"yoast_head":"<!-- This site is optimized with the Yoast SEO plugin v27.4 - https:\/\/yoast.com\/product\/yoast-seo-wordpress\/ -->\n<title>Impulsa Elena R\u00edos en congresos locales que se tipifiquen como feminicidio ataques con \u00e1cido |<\/title>\n<meta name=\"description\" content=\"Mar\u00eda Elena R\u00edos Ortiz con la realizaci\u00f3n de foros en Congreso de Puebla, impulsa que ataque con \u00e1cido sean tipificados como feminicidio\" \/>\n<meta name=\"robots\" content=\"index, follow, max-snippet:-1, max-image-preview:large, max-video-preview:-1\" \/>\n<link rel=\"canonical\" href=\"https:\/\/conexionnacional.mx\/index.php\/2022\/11\/17\/impulsa-elena-rios-tipifiquen\/\" \/>\n<meta property=\"og:locale\" content=\"es_MX\" \/>\n<meta property=\"og:type\" content=\"article\" \/>\n<meta property=\"og:title\" content=\"Impulsa Elena R\u00edos en congresos locales que se tipifiquen como feminicidio ataques con \u00e1cido |\" \/>\n<meta property=\"og:description\" content=\"Mar\u00eda Elena R\u00edos Ortiz con la realizaci\u00f3n de foros en Congreso de Puebla, impulsa que ataque con \u00e1cido sean tipificados como feminicidio\" \/>\n<meta property=\"og:url\" content=\"https:\/\/conexionnacional.mx\/index.php\/2022\/11\/17\/impulsa-elena-rios-tipifiquen\/\" \/>\n<meta property=\"og:site_name\" content=\"Conexi\u00f3n Nacional\" \/>\n<meta property=\"article:publisher\" content=\"https:\/\/www.facebook.com\/cnmxradio\" \/>\n<meta property=\"article:published_time\" content=\"2022-11-17T23:32:00+00:00\" \/>\n<meta property=\"article:modified_time\" content=\"2022-11-18T00:02:40+00:00\" \/>\n<meta property=\"og:image\" content=\"https:\/\/conexionnacional.mx\/wp-content\/uploads\/2022\/11\/Elena-Rios-congresos-feminicidio-ataques-con-acidoCN.jpg\" \/>\n\t<meta property=\"og:image:width\" content=\"1000\" \/>\n\t<meta property=\"og:image:height\" content=\"600\" \/>\n\t<meta property=\"og:image:type\" content=\"image\/jpeg\" \/>\n<meta name=\"author\" content=\"Conexi\u00f3n Nacional\" \/>\n<meta name=\"twitter:card\" content=\"summary_large_image\" \/>\n<meta name=\"twitter:label1\" content=\"Escrito por\" \/>\n\t<meta name=\"twitter:data1\" content=\"Conexi\u00f3n Nacional\" \/>\n\t<meta name=\"twitter:label2\" content=\"Tiempo de lectura\" \/>\n\t<meta name=\"twitter:data2\" content=\"2 minutos\" \/>\n<script type=\"application\/ld+json\" class=\"yoast-schema-graph\">{\"@context\":\"https:\\\/\\\/schema.org\",\"@graph\":[{\"@type\":\"Article\",\"@id\":\"https:\\\/\\\/conexionnacional.mx\\\/index.php\\\/2022\\\/11\\\/17\\\/impulsa-elena-rios-tipifiquen\\\/#article\",\"isPartOf\":{\"@id\":\"https:\\\/\\\/conexionnacional.mx\\\/index.php\\\/2022\\\/11\\\/17\\\/impulsa-elena-rios-tipifiquen\\\/\"},\"author\":{\"name\":\"Conexi\u00f3n Nacional\",\"@id\":\"https:\\\/\\\/conexionnacional.mx\\\/#\\\/schema\\\/person\\\/dd14aeda902120f5e0e021903fdb6931\"},\"headline\":\"Impulsa Elena R\u00edos en congresos locales que se tipifiquen como feminicidio ataques con \u00e1cido\",\"datePublished\":\"2022-11-17T23:32:00+00:00\",\"dateModified\":\"2022-11-18T00:02:40+00:00\",\"mainEntityOfPage\":{\"@id\":\"https:\\\/\\\/conexionnacional.mx\\\/index.php\\\/2022\\\/11\\\/17\\\/impulsa-elena-rios-tipifiquen\\\/\"},\"wordCount\":417,\"publisher\":{\"@id\":\"https:\\\/\\\/conexionnacional.mx\\\/#organization\"},\"image\":{\"@id\":\"https:\\\/\\\/conexionnacional.mx\\\/index.php\\\/2022\\\/11\\\/17\\\/impulsa-elena-rios-tipifiquen\\\/#primaryimage\"},\"thumbnailUrl\":\"https:\\\/\\\/conexionnacional.mx\\\/wp-content\\\/uploads\\\/2022\\\/11\\\/Elena-Rios-congresos-feminicidio-ataques-con-acidoCN.jpg\",\"keywords\":[\"ataques con \u00e1cido\",\"congresos locales\",\"Elena R\u00edos\",\"feminicidio\",\"Impulsa\",\"tipifiquen\"],\"articleSection\":[\"Estados\"],\"inLanguage\":\"es\"},{\"@type\":\"WebPage\",\"@id\":\"https:\\\/\\\/conexionnacional.mx\\\/index.php\\\/2022\\\/11\\\/17\\\/impulsa-elena-rios-tipifiquen\\\/\",\"url\":\"https:\\\/\\\/conexionnacional.mx\\\/index.php\\\/2022\\\/11\\\/17\\\/impulsa-elena-rios-tipifiquen\\\/\",\"name\":\"Impulsa Elena R\u00edos en congresos locales que se tipifiquen como feminicidio ataques con \u00e1cido |\",\"isPartOf\":{\"@id\":\"https:\\\/\\\/conexionnacional.mx\\\/#website\"},\"primaryImageOfPage\":{\"@id\":\"https:\\\/\\\/conexionnacional.mx\\\/index.php\\\/2022\\\/11\\\/17\\\/impulsa-elena-rios-tipifiquen\\\/#primaryimage\"},\"image\":{\"@id\":\"https:\\\/\\\/conexionnacional.mx\\\/index.php\\\/2022\\\/11\\\/17\\\/impulsa-elena-rios-tipifiquen\\\/#primaryimage\"},\"thumbnailUrl\":\"https:\\\/\\\/conexionnacional.mx\\\/wp-content\\\/uploads\\\/2022\\\/11\\\/Elena-Rios-congresos-feminicidio-ataques-con-acidoCN.jpg\",\"datePublished\":\"2022-11-17T23:32:00+00:00\",\"dateModified\":\"2022-11-18T00:02:40+00:00\",\"description\":\"Mar\u00eda Elena R\u00edos Ortiz con la realizaci\u00f3n de foros en Congreso de Puebla, impulsa que ataque con \u00e1cido sean tipificados como feminicidio\",\"breadcrumb\":{\"@id\":\"https:\\\/\\\/conexionnacional.mx\\\/index.php\\\/2022\\\/11\\\/17\\\/impulsa-elena-rios-tipifiquen\\\/#breadcrumb\"},\"inLanguage\":\"es\",\"potentialAction\":[{\"@type\":\"ReadAction\",\"target\":[\"https:\\\/\\\/conexionnacional.mx\\\/index.php\\\/2022\\\/11\\\/17\\\/impulsa-elena-rios-tipifiquen\\\/\"]}]},{\"@type\":\"ImageObject\",\"inLanguage\":\"es\",\"@id\":\"https:\\\/\\\/conexionnacional.mx\\\/index.php\\\/2022\\\/11\\\/17\\\/impulsa-elena-rios-tipifiquen\\\/#primaryimage\",\"url\":\"https:\\\/\\\/conexionnacional.mx\\\/wp-content\\\/uploads\\\/2022\\\/11\\\/Elena-Rios-congresos-feminicidio-ataques-con-acidoCN.jpg\",\"contentUrl\":\"https:\\\/\\\/conexionnacional.mx\\\/wp-content\\\/uploads\\\/2022\\\/11\\\/Elena-Rios-congresos-feminicidio-ataques-con-acidoCN.jpg\",\"width\":1000,\"height\":600,\"caption\":\"Elena R\u00edos en congresos locales que se tipifiquen como feminicidio ataques con \u00e1cido\"},{\"@type\":\"BreadcrumbList\",\"@id\":\"https:\\\/\\\/conexionnacional.mx\\\/index.php\\\/2022\\\/11\\\/17\\\/impulsa-elena-rios-tipifiquen\\\/#breadcrumb\",\"itemListElement\":[{\"@type\":\"ListItem\",\"position\":1,\"name\":\"Inicio\",\"item\":\"https:\\\/\\\/conexionnacional.mx\\\/\"},{\"@type\":\"ListItem\",\"position\":2,\"name\":\"Impulsa Elena R\u00edos en congresos locales que se tipifiquen como feminicidio ataques con \u00e1cido\"}]},{\"@type\":\"WebSite\",\"@id\":\"https:\\\/\\\/conexionnacional.mx\\\/#website\",\"url\":\"https:\\\/\\\/conexionnacional.mx\\\/\",\"name\":\"Conexi\u00f3n Nacional\",\"description\":\"Noticias al momento\",\"publisher\":{\"@id\":\"https:\\\/\\\/conexionnacional.mx\\\/#organization\"},\"alternateName\":\"Noticias nacionales\",\"potentialAction\":[{\"@type\":\"SearchAction\",\"target\":{\"@type\":\"EntryPoint\",\"urlTemplate\":\"https:\\\/\\\/conexionnacional.mx\\\/?s={search_term_string}\"},\"query-input\":{\"@type\":\"PropertyValueSpecification\",\"valueRequired\":true,\"valueName\":\"search_term_string\"}}],\"inLanguage\":\"es\"},{\"@type\":\"Organization\",\"@id\":\"https:\\\/\\\/conexionnacional.mx\\\/#organization\",\"name\":\"Conexi\u00f3n Nacional\",\"url\":\"https:\\\/\\\/conexionnacional.mx\\\/\",\"logo\":{\"@type\":\"ImageObject\",\"inLanguage\":\"es\",\"@id\":\"https:\\\/\\\/conexionnacional.mx\\\/#\\\/schema\\\/logo\\\/image\\\/\",\"url\":\"https:\\\/\\\/conexionnacional.mx\\\/wp-content\\\/uploads\\\/2022\\\/09\\\/conexion_nacional.png\",\"contentUrl\":\"https:\\\/\\\/conexionnacional.mx\\\/wp-content\\\/uploads\\\/2022\\\/09\\\/conexion_nacional.png\",\"width\":2964,\"height\":1173,\"caption\":\"Conexi\u00f3n Nacional\"},\"image\":{\"@id\":\"https:\\\/\\\/conexionnacional.mx\\\/#\\\/schema\\\/logo\\\/image\\\/\"},\"sameAs\":[\"https:\\\/\\\/www.facebook.com\\\/cnmxradio\"]},{\"@type\":\"Person\",\"@id\":\"https:\\\/\\\/conexionnacional.mx\\\/#\\\/schema\\\/person\\\/dd14aeda902120f5e0e021903fdb6931\",\"name\":\"Conexi\u00f3n Nacional\",\"image\":{\"@type\":\"ImageObject\",\"inLanguage\":\"es\",\"@id\":\"https:\\\/\\\/secure.gravatar.com\\\/avatar\\\/e523100f284110b2ecca7e17b2be9cf140a5e8f35294c9ec0543e6916cc1f9be?s=96&d=blank&r=g\",\"url\":\"https:\\\/\\\/secure.gravatar.com\\\/avatar\\\/e523100f284110b2ecca7e17b2be9cf140a5e8f35294c9ec0543e6916cc1f9be?s=96&d=blank&r=g\",\"contentUrl\":\"https:\\\/\\\/secure.gravatar.com\\\/avatar\\\/e523100f284110b2ecca7e17b2be9cf140a5e8f35294c9ec0543e6916cc1f9be?s=96&d=blank&r=g\",\"caption\":\"Conexi\u00f3n Nacional\"},\"sameAs\":[\"https:\\\/\\\/conexionnacional.mx\"],\"url\":\"https:\\\/\\\/conexionnacional.mx\\\/index.php\\\/author\\\/administrador\\\/\"}]}<\/script>\n<!-- \/ Yoast SEO plugin. -->","yoast_head_json":{"title":"Impulsa Elena R\u00edos en congresos locales que se tipifiquen como feminicidio ataques con \u00e1cido |","description":"Mar\u00eda Elena R\u00edos Ortiz con la realizaci\u00f3n de foros en Congreso de Puebla, impulsa que ataque con \u00e1cido sean tipificados como feminicidio","robots":{"index":"index","follow":"follow","max-snippet":"max-snippet:-1","max-image-preview":"max-image-preview:large","max-video-preview":"max-video-preview:-1"},"canonical":"https:\/\/conexionnacional.mx\/index.php\/2022\/11\/17\/impulsa-elena-rios-tipifiquen\/","og_locale":"es_MX","og_type":"article","og_title":"Impulsa Elena R\u00edos en congresos locales que se tipifiquen como feminicidio ataques con \u00e1cido |","og_description":"Mar\u00eda Elena R\u00edos Ortiz con la realizaci\u00f3n de foros en Congreso de Puebla, impulsa que ataque con \u00e1cido sean tipificados como feminicidio","og_url":"https:\/\/conexionnacional.mx\/index.php\/2022\/11\/17\/impulsa-elena-rios-tipifiquen\/","og_site_name":"Conexi\u00f3n Nacional","article_publisher":"https:\/\/www.facebook.com\/cnmxradio","article_published_time":"2022-11-17T23:32:00+00:00","article_modified_time":"2022-11-18T00:02:40+00:00","og_image":[{"width":1000,"height":600,"url":"https:\/\/conexionnacional.mx\/wp-content\/uploads\/2022\/11\/Elena-Rios-congresos-feminicidio-ataques-con-acidoCN.jpg","type":"image\/jpeg"}],"author":"Conexi\u00f3n Nacional","twitter_card":"summary_large_image","twitter_misc":{"Escrito por":"Conexi\u00f3n Nacional","Tiempo de lectura":"2 minutos"},"schema":{"@context":"https:\/\/schema.org","@graph":[{"@type":"Article","@id":"https:\/\/conexionnacional.mx\/index.php\/2022\/11\/17\/impulsa-elena-rios-tipifiquen\/#article","isPartOf":{"@id":"https:\/\/conexionnacional.mx\/index.php\/2022\/11\/17\/impulsa-elena-rios-tipifiquen\/"},"author":{"name":"Conexi\u00f3n Nacional","@id":"https:\/\/conexionnacional.mx\/#\/schema\/person\/dd14aeda902120f5e0e021903fdb6931"},"headline":"Impulsa Elena R\u00edos en congresos locales que se tipifiquen como feminicidio ataques con \u00e1cido","datePublished":"2022-11-17T23:32:00+00:00","dateModified":"2022-11-18T00:02:40+00:00","mainEntityOfPage":{"@id":"https:\/\/conexionnacional.mx\/index.php\/2022\/11\/17\/impulsa-elena-rios-tipifiquen\/"},"wordCount":417,"publisher":{"@id":"https:\/\/conexionnacional.mx\/#organization"},"image":{"@id":"https:\/\/conexionnacional.mx\/index.php\/2022\/11\/17\/impulsa-elena-rios-tipifiquen\/#primaryimage"},"thumbnailUrl":"https:\/\/conexionnacional.mx\/wp-content\/uploads\/2022\/11\/Elena-Rios-congresos-feminicidio-ataques-con-acidoCN.jpg","keywords":["ataques con \u00e1cido","congresos locales","Elena R\u00edos","feminicidio","Impulsa","tipifiquen"],"articleSection":["Estados"],"inLanguage":"es"},{"@type":"WebPage","@id":"https:\/\/conexionnacional.mx\/index.php\/2022\/11\/17\/impulsa-elena-rios-tipifiquen\/","url":"https:\/\/conexionnacional.mx\/index.php\/2022\/11\/17\/impulsa-elena-rios-tipifiquen\/","name":"Impulsa Elena R\u00edos en congresos locales que se tipifiquen como feminicidio ataques con \u00e1cido |","isPartOf":{"@id":"https:\/\/conexionnacional.mx\/#website"},"primaryImageOfPage":{"@id":"https:\/\/conexionnacional.mx\/index.php\/2022\/11\/17\/impulsa-elena-rios-tipifiquen\/#primaryimage"},"image":{"@id":"https:\/\/conexionnacional.mx\/index.php\/2022\/11\/17\/impulsa-elena-rios-tipifiquen\/#primaryimage"},"thumbnailUrl":"https:\/\/conexionnacional.mx\/wp-content\/uploads\/2022\/11\/Elena-Rios-congresos-feminicidio-ataques-con-acidoCN.jpg","datePublished":"2022-11-17T23:32:00+00:00","dateModified":"2022-11-18T00:02:40+00:00","description":"Mar\u00eda Elena R\u00edos Ortiz con la realizaci\u00f3n de foros en Congreso de Puebla, impulsa que ataque con \u00e1cido sean tipificados como feminicidio","breadcrumb":{"@id":"https:\/\/conexionnacional.mx\/index.php\/2022\/11\/17\/impulsa-elena-rios-tipifiquen\/#breadcrumb"},"inLanguage":"es","potentialAction":[{"@type":"ReadAction","target":["https:\/\/conexionnacional.mx\/index.php\/2022\/11\/17\/impulsa-elena-rios-tipifiquen\/"]}]},{"@type":"ImageObject","inLanguage":"es","@id":"https:\/\/conexionnacional.mx\/index.php\/2022\/11\/17\/impulsa-elena-rios-tipifiquen\/#primaryimage","url":"https:\/\/conexionnacional.mx\/wp-content\/uploads\/2022\/11\/Elena-Rios-congresos-feminicidio-ataques-con-acidoCN.jpg","contentUrl":"https:\/\/conexionnacional.mx\/wp-content\/uploads\/2022\/11\/Elena-Rios-congresos-feminicidio-ataques-con-acidoCN.jpg","width":1000,"height":600,"caption":"Elena R\u00edos en congresos locales que se tipifiquen como feminicidio ataques con \u00e1cido"},{"@type":"BreadcrumbList","@id":"https:\/\/conexionnacional.mx\/index.php\/2022\/11\/17\/impulsa-elena-rios-tipifiquen\/#breadcrumb","itemListElement":[{"@type":"ListItem","position":1,"name":"Inicio","item":"https:\/\/conexionnacional.mx\/"},{"@type":"ListItem","position":2,"name":"Impulsa Elena R\u00edos en congresos locales que se tipifiquen como feminicidio ataques con \u00e1cido"}]},{"@type":"WebSite","@id":"https:\/\/conexionnacional.mx\/#website","url":"https:\/\/conexionnacional.mx\/","name":"Conexi\u00f3n Nacional","description":"Noticias al momento","publisher":{"@id":"https:\/\/conexionnacional.mx\/#organization"},"alternateName":"Noticias nacionales","potentialAction":[{"@type":"SearchAction","target":{"@type":"EntryPoint","urlTemplate":"https:\/\/conexionnacional.mx\/?s={search_term_string}"},"query-input":{"@type":"PropertyValueSpecification","valueRequired":true,"valueName":"search_term_string"}}],"inLanguage":"es"},{"@type":"Organization","@id":"https:\/\/conexionnacional.mx\/#organization","name":"Conexi\u00f3n Nacional","url":"https:\/\/conexionnacional.mx\/","logo":{"@type":"ImageObject","inLanguage":"es","@id":"https:\/\/conexionnacional.mx\/#\/schema\/logo\/image\/","url":"https:\/\/conexionnacional.mx\/wp-content\/uploads\/2022\/09\/conexion_nacional.png","contentUrl":"https:\/\/conexionnacional.mx\/wp-content\/uploads\/2022\/09\/conexion_nacional.png","width":2964,"height":1173,"caption":"Conexi\u00f3n Nacional"},"image":{"@id":"https:\/\/conexionnacional.mx\/#\/schema\/logo\/image\/"},"sameAs":["https:\/\/www.facebook.com\/cnmxradio"]},{"@type":"Person","@id":"https:\/\/conexionnacional.mx\/#\/schema\/person\/dd14aeda902120f5e0e021903fdb6931","name":"Conexi\u00f3n Nacional","image":{"@type":"ImageObject","inLanguage":"es","@id":"https:\/\/secure.gravatar.com\/avatar\/e523100f284110b2ecca7e17b2be9cf140a5e8f35294c9ec0543e6916cc1f9be?s=96&d=blank&r=g","url":"https:\/\/secure.gravatar.com\/avatar\/e523100f284110b2ecca7e17b2be9cf140a5e8f35294c9ec0543e6916cc1f9be?s=96&d=blank&r=g","contentUrl":"https:\/\/secure.gravatar.com\/avatar\/e523100f284110b2ecca7e17b2be9cf140a5e8f35294c9ec0543e6916cc1f9be?s=96&d=blank&r=g","caption":"Conexi\u00f3n Nacional"},"sameAs":["https:\/\/conexionnacional.mx"],"url":"https:\/\/conexionnacional.mx\/index.php\/author\/administrador\/"}]}},"_links":{"self":[{"href":"https:\/\/conexionnacional.mx\/index.php\/wp-json\/wp\/v2\/posts\/3703","targetHints":{"allow":["GET"]}}],"collection":[{"href":"https:\/\/conexionnacional.mx\/index.php\/wp-json\/wp\/v2\/posts"}],"about":[{"href":"https:\/\/conexionnacional.mx\/index.php\/wp-json\/wp\/v2\/types\/post"}],"author":[{"embeddable":true,"href":"https:\/\/conexionnacional.mx\/index.php\/wp-json\/wp\/v2\/users\/1"}],"replies":[{"embeddable":true,"href":"https:\/\/conexionnacional.mx\/index.php\/wp-json\/wp\/v2\/comments?post=3703"}],"version-history":[{"count":1,"href":"https:\/\/conexionnacional.mx\/index.php\/wp-json\/wp\/v2\/posts\/3703\/revisions"}],"predecessor-version":[{"id":3705,"href":"https:\/\/conexionnacional.mx\/index.php\/wp-json\/wp\/v2\/posts\/3703\/revisions\/3705"}],"wp:featuredmedia":[{"embeddable":true,"href":"https:\/\/conexionnacional.mx\/index.php\/wp-json\/wp\/v2\/media\/3704"}],"wp:attachment":[{"href":"https:\/\/conexionnacional.mx\/index.php\/wp-json\/wp\/v2\/media?parent=3703"}],"wp:term":[{"taxonomy":"category","embeddable":true,"href":"https:\/\/conexionnacional.mx\/index.php\/wp-json\/wp\/v2\/categories?post=3703"},{"taxonomy":"post_tag","embeddable":true,"href":"https:\/\/conexionnacional.mx\/index.php\/wp-json\/wp\/v2\/tags?post=3703"}],"curies":[{"name":"wp","href":"https:\/\/api.w.org\/{rel}","templated":true}]}}