{"id":3700,"date":"2022-11-17T17:30:00","date_gmt":"2022-11-17T23:30:00","guid":{"rendered":"https:\/\/conexionnacional.mx\/?p=3700"},"modified":"2022-11-17T17:52:49","modified_gmt":"2022-11-17T23:52:49","slug":"coahuila-pri-pan-prd-coalicion","status":"publish","type":"post","link":"https:\/\/conexionnacional.mx\/index.php\/2022\/11\/17\/coahuila-pri-pan-prd-coalicion\/","title":{"rendered":"<strong>Va Por\u2026 \u00bfCoahuila? PRI, PAN y PRD preparan coalici\u00f3n para elecciones en 2023<\/strong>"},"content":{"rendered":"\n<p>Por: <a href=\"http:\/\/lagrandota.com.mx\/2019\/va-por-coahuila-pri-pan-y-prd-preparan-coalicion-para-elecciones-en-2023\/\">lagrandota.com<\/a> |<\/p>\n\n\n\n<p>Las dirigencias estatales de PRI, PAN y PRD (que conformaban la coalici\u00f3n Va por M\u00e9xico hasta septiembre) iniciaron formalmente los di\u00e1logos para concretar una \u201calianza invencible\u201d este mi\u00e9rcoles 16 de noviembre rumbo a la elecci\u00f3n de 2023, donde Coahuila renueva gubernatura y Congreso.<\/p>\n\n\n\n<p>La alianza est\u00e1 enfocada a establecer un gobierno de coalici\u00f3n, algo que nunca ha ocurrido en la entidad.<\/p>\n\n\n\n<p>En la mesa de di\u00e1logo, encabezada por Rodrigo Fuentes Avila, dirigente estatal del PRI; Mary Telma Guajardo Villarreal, representante perredista, y Elisa Maldonado, l\u00edder del PAN en Coahuila, se olvidaron rencillas y reclamos del pasado.<\/p>\n\n\n\n<p>Fuentes Avila, quien se refiri\u00f3 a Guajardo Villarreal como \u201cuna gran l\u00edder y luchadora social\u201d y a Elisa Maldonado como \u201cuna amiga\u201d, se\u00f1al\u00f3 que la intenci\u00f3n es construir juntos una gran alianza para el pr\u00f3ximo a\u00f1o ganar las elecciones para la gubernatura y el Congreso del Estado.<\/p>\n\n\n\n<p>\u201cEsta alianza nos va a permitir hacer un frente com\u00fan invencible, principalmente con la sociedad\u201d, dijo el l\u00edder tricolor, \u201cpero principalmente una alianza ciudadana que est\u00e9 encabezada por los ciudadanos y que la podamos arropar el PAN, el PRD y el PRI\u201d.<\/p>\n\n\n\n<p>\u201cLa sociedad est\u00e1 muy dividida, la est\u00e1n polarizando m\u00e1s y el chiste es que en Coahuila nos unamos m\u00e1s de manera organizada\u201d, refrend\u00f3 la l\u00edder albiazul.<\/p>\n\n\n\n<p>\u201cEstamos bien, pero queremos estar mejor, entonces estamos explorando esta posibilidad, ver c\u00f3mo impulsar una coalici\u00f3n (PRI, PAN y PRD), que no solo sea una alianza electoral, sino que podamos construir un gobierno de coalici\u00f3n, cogobernar, a final de cuentas en el gobierno que se debe construir con la gente debe existir la pluralidad, las distintas visiones que representan a la sociedad\u201d, dijo la delegada estatal del PRD.<\/p>\n\n\n\n<p>Coincidieron en la importancia de mantener la paz social en la entidad, \u201cporque las buenas intenciones no bastan, las cosas se construyen desde el gobierno, de ah\u00ed el objetivo de establecer un gobierno de coalici\u00f3n y mandar ejemplo al resto del pa\u00eds\u201d, dijo Fuentes \u00c1vila.<\/p>\n\n\n\n<p>Con informaci\u00f3n de: <a href=\"http:\/\/lagrandota.com.mx\">La Grandota<\/a>.<\/p>\n","protected":false},"excerpt":{"rendered":"<p>Por: lagrandota.com | Las dirigencias estatales de PRI, PAN y PRD (que conformaban la coalici\u00f3n Va por M\u00e9xico hasta septiembre) iniciaron formalmente los di\u00e1logos para concretar una \u201calianza invencible\u201d este mi\u00e9rcoles 16 de noviembre rumbo a la elecci\u00f3n de 2023, donde Coahuila renueva gubernatura y Congreso. La alianza est\u00e1 enfocada a establecer un gobierno de [&hellip;]<\/p>\n","protected":false},"author":1,"featured_media":3701,"comment_status":"closed","ping_status":"closed","sticky":false,"template":"","format":"aside","meta":{"googlesitekit_rrm_CAowytPeCw:productID":"","footnotes":""},"categories":[17],"tags":[232,2202,1012,2201,72],"class_list":["post-3700","post","type-post","status-publish","format-aside","has-post-thumbnail","hentry","category-estados","tag-coahuila","tag-coalicion","tag-pan","tag-prd","tag-pri","post_format-post-format-aside"],"yoast_head":"<!-- This site is optimized with the Yoast SEO plugin v27.4 - https:\/\/yoast.com\/product\/yoast-seo-wordpress\/ -->\n<title>Va Por\u2026 \u00bfCoahuila? PRI, PAN y PRD preparan coalici\u00f3n para elecciones en 2023 |<\/title>\n<meta name=\"description\" content=\"Las dirigencias estatales de PRI, PAN y PRD iniciaron formalmente los di\u00e1logos para concretar una \u201calianza invencible\u201d\" \/>\n<meta name=\"robots\" content=\"index, follow, max-snippet:-1, max-image-preview:large, max-video-preview:-1\" \/>\n<link rel=\"canonical\" href=\"https:\/\/conexionnacional.mx\/index.php\/2022\/11\/17\/coahuila-pri-pan-prd-coalicion\/\" \/>\n<meta property=\"og:locale\" content=\"es_MX\" \/>\n<meta property=\"og:type\" content=\"article\" \/>\n<meta property=\"og:title\" content=\"Va Por\u2026 \u00bfCoahuila? PRI, PAN y PRD preparan coalici\u00f3n para elecciones en 2023 |\" \/>\n<meta property=\"og:description\" content=\"Las dirigencias estatales de PRI, PAN y PRD iniciaron formalmente los di\u00e1logos para concretar una \u201calianza invencible\u201d\" \/>\n<meta property=\"og:url\" content=\"https:\/\/conexionnacional.mx\/index.php\/2022\/11\/17\/coahuila-pri-pan-prd-coalicion\/\" \/>\n<meta property=\"og:site_name\" content=\"Conexi\u00f3n Nacional\" \/>\n<meta property=\"article:publisher\" content=\"https:\/\/www.facebook.com\/cnmxradio\" \/>\n<meta property=\"article:published_time\" content=\"2022-11-17T23:30:00+00:00\" \/>\n<meta property=\"article:modified_time\" content=\"2022-11-17T23:52:49+00:00\" \/>\n<meta property=\"og:image\" content=\"https:\/\/conexionnacional.mx\/wp-content\/uploads\/2022\/11\/PRI-PAN-y-PRD-preparan-coalicion-CN.jpg\" \/>\n\t<meta property=\"og:image:width\" content=\"1000\" \/>\n\t<meta property=\"og:image:height\" content=\"600\" \/>\n\t<meta property=\"og:image:type\" content=\"image\/jpeg\" \/>\n<meta name=\"author\" content=\"Conexi\u00f3n Nacional\" \/>\n<meta name=\"twitter:card\" content=\"summary_large_image\" \/>\n<meta name=\"twitter:label1\" content=\"Escrito por\" \/>\n\t<meta name=\"twitter:data1\" content=\"Conexi\u00f3n Nacional\" \/>\n\t<meta name=\"twitter:label2\" content=\"Tiempo de lectura\" \/>\n\t<meta name=\"twitter:data2\" content=\"2 minutos\" \/>\n<script type=\"application\/ld+json\" class=\"yoast-schema-graph\">{\"@context\":\"https:\\\/\\\/schema.org\",\"@graph\":[{\"@type\":\"Article\",\"@id\":\"https:\\\/\\\/conexionnacional.mx\\\/index.php\\\/2022\\\/11\\\/17\\\/coahuila-pri-pan-prd-coalicion\\\/#article\",\"isPartOf\":{\"@id\":\"https:\\\/\\\/conexionnacional.mx\\\/index.php\\\/2022\\\/11\\\/17\\\/coahuila-pri-pan-prd-coalicion\\\/\"},\"author\":{\"name\":\"Conexi\u00f3n Nacional\",\"@id\":\"https:\\\/\\\/conexionnacional.mx\\\/#\\\/schema\\\/person\\\/dd14aeda902120f5e0e021903fdb6931\"},\"headline\":\"Va Por\u2026 \u00bfCoahuila? PRI, PAN y PRD preparan coalici\u00f3n para elecciones en 2023\",\"datePublished\":\"2022-11-17T23:30:00+00:00\",\"dateModified\":\"2022-11-17T23:52:49+00:00\",\"mainEntityOfPage\":{\"@id\":\"https:\\\/\\\/conexionnacional.mx\\\/index.php\\\/2022\\\/11\\\/17\\\/coahuila-pri-pan-prd-coalicion\\\/\"},\"wordCount\":368,\"publisher\":{\"@id\":\"https:\\\/\\\/conexionnacional.mx\\\/#organization\"},\"image\":{\"@id\":\"https:\\\/\\\/conexionnacional.mx\\\/index.php\\\/2022\\\/11\\\/17\\\/coahuila-pri-pan-prd-coalicion\\\/#primaryimage\"},\"thumbnailUrl\":\"https:\\\/\\\/conexionnacional.mx\\\/wp-content\\\/uploads\\\/2022\\\/11\\\/PRI-PAN-y-PRD-preparan-coalicion-CN.jpg\",\"keywords\":[\"Coahuila\",\"coalici\u00f3n\",\"PAN\",\"PRD\",\"pri\"],\"articleSection\":[\"Estados\"],\"inLanguage\":\"es\"},{\"@type\":\"WebPage\",\"@id\":\"https:\\\/\\\/conexionnacional.mx\\\/index.php\\\/2022\\\/11\\\/17\\\/coahuila-pri-pan-prd-coalicion\\\/\",\"url\":\"https:\\\/\\\/conexionnacional.mx\\\/index.php\\\/2022\\\/11\\\/17\\\/coahuila-pri-pan-prd-coalicion\\\/\",\"name\":\"Va Por\u2026 \u00bfCoahuila? PRI, PAN y PRD preparan coalici\u00f3n para elecciones en 2023 |\",\"isPartOf\":{\"@id\":\"https:\\\/\\\/conexionnacional.mx\\\/#website\"},\"primaryImageOfPage\":{\"@id\":\"https:\\\/\\\/conexionnacional.mx\\\/index.php\\\/2022\\\/11\\\/17\\\/coahuila-pri-pan-prd-coalicion\\\/#primaryimage\"},\"image\":{\"@id\":\"https:\\\/\\\/conexionnacional.mx\\\/index.php\\\/2022\\\/11\\\/17\\\/coahuila-pri-pan-prd-coalicion\\\/#primaryimage\"},\"thumbnailUrl\":\"https:\\\/\\\/conexionnacional.mx\\\/wp-content\\\/uploads\\\/2022\\\/11\\\/PRI-PAN-y-PRD-preparan-coalicion-CN.jpg\",\"datePublished\":\"2022-11-17T23:30:00+00:00\",\"dateModified\":\"2022-11-17T23:52:49+00:00\",\"description\":\"Las dirigencias estatales de PRI, PAN y PRD iniciaron formalmente los di\u00e1logos para concretar una \u201calianza invencible\u201d\",\"breadcrumb\":{\"@id\":\"https:\\\/\\\/conexionnacional.mx\\\/index.php\\\/2022\\\/11\\\/17\\\/coahuila-pri-pan-prd-coalicion\\\/#breadcrumb\"},\"inLanguage\":\"es\",\"potentialAction\":[{\"@type\":\"ReadAction\",\"target\":[\"https:\\\/\\\/conexionnacional.mx\\\/index.php\\\/2022\\\/11\\\/17\\\/coahuila-pri-pan-prd-coalicion\\\/\"]}]},{\"@type\":\"ImageObject\",\"inLanguage\":\"es\",\"@id\":\"https:\\\/\\\/conexionnacional.mx\\\/index.php\\\/2022\\\/11\\\/17\\\/coahuila-pri-pan-prd-coalicion\\\/#primaryimage\",\"url\":\"https:\\\/\\\/conexionnacional.mx\\\/wp-content\\\/uploads\\\/2022\\\/11\\\/PRI-PAN-y-PRD-preparan-coalicion-CN.jpg\",\"contentUrl\":\"https:\\\/\\\/conexionnacional.mx\\\/wp-content\\\/uploads\\\/2022\\\/11\\\/PRI-PAN-y-PRD-preparan-coalicion-CN.jpg\",\"width\":1000,\"height\":600,\"caption\":\"Coahuila PRI, PAN y PRD preparan coalici\u00f3n\"},{\"@type\":\"BreadcrumbList\",\"@id\":\"https:\\\/\\\/conexionnacional.mx\\\/index.php\\\/2022\\\/11\\\/17\\\/coahuila-pri-pan-prd-coalicion\\\/#breadcrumb\",\"itemListElement\":[{\"@type\":\"ListItem\",\"position\":1,\"name\":\"Inicio\",\"item\":\"https:\\\/\\\/conexionnacional.mx\\\/\"},{\"@type\":\"ListItem\",\"position\":2,\"name\":\"Va Por\u2026 \u00bfCoahuila? PRI, PAN y PRD preparan coalici\u00f3n para elecciones en 2023\"}]},{\"@type\":\"WebSite\",\"@id\":\"https:\\\/\\\/conexionnacional.mx\\\/#website\",\"url\":\"https:\\\/\\\/conexionnacional.mx\\\/\",\"name\":\"Conexi\u00f3n Nacional\",\"description\":\"Noticias al momento\",\"publisher\":{\"@id\":\"https:\\\/\\\/conexionnacional.mx\\\/#organization\"},\"alternateName\":\"Noticias nacionales\",\"potentialAction\":[{\"@type\":\"SearchAction\",\"target\":{\"@type\":\"EntryPoint\",\"urlTemplate\":\"https:\\\/\\\/conexionnacional.mx\\\/?s={search_term_string}\"},\"query-input\":{\"@type\":\"PropertyValueSpecification\",\"valueRequired\":true,\"valueName\":\"search_term_string\"}}],\"inLanguage\":\"es\"},{\"@type\":\"Organization\",\"@id\":\"https:\\\/\\\/conexionnacional.mx\\\/#organization\",\"name\":\"Conexi\u00f3n Nacional\",\"url\":\"https:\\\/\\\/conexionnacional.mx\\\/\",\"logo\":{\"@type\":\"ImageObject\",\"inLanguage\":\"es\",\"@id\":\"https:\\\/\\\/conexionnacional.mx\\\/#\\\/schema\\\/logo\\\/image\\\/\",\"url\":\"https:\\\/\\\/conexionnacional.mx\\\/wp-content\\\/uploads\\\/2022\\\/09\\\/conexion_nacional.png\",\"contentUrl\":\"https:\\\/\\\/conexionnacional.mx\\\/wp-content\\\/uploads\\\/2022\\\/09\\\/conexion_nacional.png\",\"width\":2964,\"height\":1173,\"caption\":\"Conexi\u00f3n Nacional\"},\"image\":{\"@id\":\"https:\\\/\\\/conexionnacional.mx\\\/#\\\/schema\\\/logo\\\/image\\\/\"},\"sameAs\":[\"https:\\\/\\\/www.facebook.com\\\/cnmxradio\"]},{\"@type\":\"Person\",\"@id\":\"https:\\\/\\\/conexionnacional.mx\\\/#\\\/schema\\\/person\\\/dd14aeda902120f5e0e021903fdb6931\",\"name\":\"Conexi\u00f3n Nacional\",\"image\":{\"@type\":\"ImageObject\",\"inLanguage\":\"es\",\"@id\":\"https:\\\/\\\/secure.gravatar.com\\\/avatar\\\/e523100f284110b2ecca7e17b2be9cf140a5e8f35294c9ec0543e6916cc1f9be?s=96&d=blank&r=g\",\"url\":\"https:\\\/\\\/secure.gravatar.com\\\/avatar\\\/e523100f284110b2ecca7e17b2be9cf140a5e8f35294c9ec0543e6916cc1f9be?s=96&d=blank&r=g\",\"contentUrl\":\"https:\\\/\\\/secure.gravatar.com\\\/avatar\\\/e523100f284110b2ecca7e17b2be9cf140a5e8f35294c9ec0543e6916cc1f9be?s=96&d=blank&r=g\",\"caption\":\"Conexi\u00f3n Nacional\"},\"sameAs\":[\"https:\\\/\\\/conexionnacional.mx\"],\"url\":\"https:\\\/\\\/conexionnacional.mx\\\/index.php\\\/author\\\/administrador\\\/\"}]}<\/script>\n<!-- \/ Yoast SEO plugin. -->","yoast_head_json":{"title":"Va Por\u2026 \u00bfCoahuila? PRI, PAN y PRD preparan coalici\u00f3n para elecciones en 2023 |","description":"Las dirigencias estatales de PRI, PAN y PRD iniciaron formalmente los di\u00e1logos para concretar una \u201calianza invencible\u201d","robots":{"index":"index","follow":"follow","max-snippet":"max-snippet:-1","max-image-preview":"max-image-preview:large","max-video-preview":"max-video-preview:-1"},"canonical":"https:\/\/conexionnacional.mx\/index.php\/2022\/11\/17\/coahuila-pri-pan-prd-coalicion\/","og_locale":"es_MX","og_type":"article","og_title":"Va Por\u2026 \u00bfCoahuila? PRI, PAN y PRD preparan coalici\u00f3n para elecciones en 2023 |","og_description":"Las dirigencias estatales de PRI, PAN y PRD iniciaron formalmente los di\u00e1logos para concretar una \u201calianza invencible\u201d","og_url":"https:\/\/conexionnacional.mx\/index.php\/2022\/11\/17\/coahuila-pri-pan-prd-coalicion\/","og_site_name":"Conexi\u00f3n Nacional","article_publisher":"https:\/\/www.facebook.com\/cnmxradio","article_published_time":"2022-11-17T23:30:00+00:00","article_modified_time":"2022-11-17T23:52:49+00:00","og_image":[{"width":1000,"height":600,"url":"https:\/\/conexionnacional.mx\/wp-content\/uploads\/2022\/11\/PRI-PAN-y-PRD-preparan-coalicion-CN.jpg","type":"image\/jpeg"}],"author":"Conexi\u00f3n Nacional","twitter_card":"summary_large_image","twitter_misc":{"Escrito por":"Conexi\u00f3n Nacional","Tiempo de lectura":"2 minutos"},"schema":{"@context":"https:\/\/schema.org","@graph":[{"@type":"Article","@id":"https:\/\/conexionnacional.mx\/index.php\/2022\/11\/17\/coahuila-pri-pan-prd-coalicion\/#article","isPartOf":{"@id":"https:\/\/conexionnacional.mx\/index.php\/2022\/11\/17\/coahuila-pri-pan-prd-coalicion\/"},"author":{"name":"Conexi\u00f3n Nacional","@id":"https:\/\/conexionnacional.mx\/#\/schema\/person\/dd14aeda902120f5e0e021903fdb6931"},"headline":"Va Por\u2026 \u00bfCoahuila? PRI, PAN y PRD preparan coalici\u00f3n para elecciones en 2023","datePublished":"2022-11-17T23:30:00+00:00","dateModified":"2022-11-17T23:52:49+00:00","mainEntityOfPage":{"@id":"https:\/\/conexionnacional.mx\/index.php\/2022\/11\/17\/coahuila-pri-pan-prd-coalicion\/"},"wordCount":368,"publisher":{"@id":"https:\/\/conexionnacional.mx\/#organization"},"image":{"@id":"https:\/\/conexionnacional.mx\/index.php\/2022\/11\/17\/coahuila-pri-pan-prd-coalicion\/#primaryimage"},"thumbnailUrl":"https:\/\/conexionnacional.mx\/wp-content\/uploads\/2022\/11\/PRI-PAN-y-PRD-preparan-coalicion-CN.jpg","keywords":["Coahuila","coalici\u00f3n","PAN","PRD","pri"],"articleSection":["Estados"],"inLanguage":"es"},{"@type":"WebPage","@id":"https:\/\/conexionnacional.mx\/index.php\/2022\/11\/17\/coahuila-pri-pan-prd-coalicion\/","url":"https:\/\/conexionnacional.mx\/index.php\/2022\/11\/17\/coahuila-pri-pan-prd-coalicion\/","name":"Va Por\u2026 \u00bfCoahuila? PRI, PAN y PRD preparan coalici\u00f3n para elecciones en 2023 |","isPartOf":{"@id":"https:\/\/conexionnacional.mx\/#website"},"primaryImageOfPage":{"@id":"https:\/\/conexionnacional.mx\/index.php\/2022\/11\/17\/coahuila-pri-pan-prd-coalicion\/#primaryimage"},"image":{"@id":"https:\/\/conexionnacional.mx\/index.php\/2022\/11\/17\/coahuila-pri-pan-prd-coalicion\/#primaryimage"},"thumbnailUrl":"https:\/\/conexionnacional.mx\/wp-content\/uploads\/2022\/11\/PRI-PAN-y-PRD-preparan-coalicion-CN.jpg","datePublished":"2022-11-17T23:30:00+00:00","dateModified":"2022-11-17T23:52:49+00:00","description":"Las dirigencias estatales de PRI, PAN y PRD iniciaron formalmente los di\u00e1logos para concretar una \u201calianza invencible\u201d","breadcrumb":{"@id":"https:\/\/conexionnacional.mx\/index.php\/2022\/11\/17\/coahuila-pri-pan-prd-coalicion\/#breadcrumb"},"inLanguage":"es","potentialAction":[{"@type":"ReadAction","target":["https:\/\/conexionnacional.mx\/index.php\/2022\/11\/17\/coahuila-pri-pan-prd-coalicion\/"]}]},{"@type":"ImageObject","inLanguage":"es","@id":"https:\/\/conexionnacional.mx\/index.php\/2022\/11\/17\/coahuila-pri-pan-prd-coalicion\/#primaryimage","url":"https:\/\/conexionnacional.mx\/wp-content\/uploads\/2022\/11\/PRI-PAN-y-PRD-preparan-coalicion-CN.jpg","contentUrl":"https:\/\/conexionnacional.mx\/wp-content\/uploads\/2022\/11\/PRI-PAN-y-PRD-preparan-coalicion-CN.jpg","width":1000,"height":600,"caption":"Coahuila PRI, PAN y PRD preparan coalici\u00f3n"},{"@type":"BreadcrumbList","@id":"https:\/\/conexionnacional.mx\/index.php\/2022\/11\/17\/coahuila-pri-pan-prd-coalicion\/#breadcrumb","itemListElement":[{"@type":"ListItem","position":1,"name":"Inicio","item":"https:\/\/conexionnacional.mx\/"},{"@type":"ListItem","position":2,"name":"Va Por\u2026 \u00bfCoahuila? PRI, PAN y PRD preparan coalici\u00f3n para elecciones en 2023"}]},{"@type":"WebSite","@id":"https:\/\/conexionnacional.mx\/#website","url":"https:\/\/conexionnacional.mx\/","name":"Conexi\u00f3n Nacional","description":"Noticias al momento","publisher":{"@id":"https:\/\/conexionnacional.mx\/#organization"},"alternateName":"Noticias nacionales","potentialAction":[{"@type":"SearchAction","target":{"@type":"EntryPoint","urlTemplate":"https:\/\/conexionnacional.mx\/?s={search_term_string}"},"query-input":{"@type":"PropertyValueSpecification","valueRequired":true,"valueName":"search_term_string"}}],"inLanguage":"es"},{"@type":"Organization","@id":"https:\/\/conexionnacional.mx\/#organization","name":"Conexi\u00f3n Nacional","url":"https:\/\/conexionnacional.mx\/","logo":{"@type":"ImageObject","inLanguage":"es","@id":"https:\/\/conexionnacional.mx\/#\/schema\/logo\/image\/","url":"https:\/\/conexionnacional.mx\/wp-content\/uploads\/2022\/09\/conexion_nacional.png","contentUrl":"https:\/\/conexionnacional.mx\/wp-content\/uploads\/2022\/09\/conexion_nacional.png","width":2964,"height":1173,"caption":"Conexi\u00f3n Nacional"},"image":{"@id":"https:\/\/conexionnacional.mx\/#\/schema\/logo\/image\/"},"sameAs":["https:\/\/www.facebook.com\/cnmxradio"]},{"@type":"Person","@id":"https:\/\/conexionnacional.mx\/#\/schema\/person\/dd14aeda902120f5e0e021903fdb6931","name":"Conexi\u00f3n Nacional","image":{"@type":"ImageObject","inLanguage":"es","@id":"https:\/\/secure.gravatar.com\/avatar\/e523100f284110b2ecca7e17b2be9cf140a5e8f35294c9ec0543e6916cc1f9be?s=96&d=blank&r=g","url":"https:\/\/secure.gravatar.com\/avatar\/e523100f284110b2ecca7e17b2be9cf140a5e8f35294c9ec0543e6916cc1f9be?s=96&d=blank&r=g","contentUrl":"https:\/\/secure.gravatar.com\/avatar\/e523100f284110b2ecca7e17b2be9cf140a5e8f35294c9ec0543e6916cc1f9be?s=96&d=blank&r=g","caption":"Conexi\u00f3n Nacional"},"sameAs":["https:\/\/conexionnacional.mx"],"url":"https:\/\/conexionnacional.mx\/index.php\/author\/administrador\/"}]}},"_links":{"self":[{"href":"https:\/\/conexionnacional.mx\/index.php\/wp-json\/wp\/v2\/posts\/3700","targetHints":{"allow":["GET"]}}],"collection":[{"href":"https:\/\/conexionnacional.mx\/index.php\/wp-json\/wp\/v2\/posts"}],"about":[{"href":"https:\/\/conexionnacional.mx\/index.php\/wp-json\/wp\/v2\/types\/post"}],"author":[{"embeddable":true,"href":"https:\/\/conexionnacional.mx\/index.php\/wp-json\/wp\/v2\/users\/1"}],"replies":[{"embeddable":true,"href":"https:\/\/conexionnacional.mx\/index.php\/wp-json\/wp\/v2\/comments?post=3700"}],"version-history":[{"count":1,"href":"https:\/\/conexionnacional.mx\/index.php\/wp-json\/wp\/v2\/posts\/3700\/revisions"}],"predecessor-version":[{"id":3702,"href":"https:\/\/conexionnacional.mx\/index.php\/wp-json\/wp\/v2\/posts\/3700\/revisions\/3702"}],"wp:featuredmedia":[{"embeddable":true,"href":"https:\/\/conexionnacional.mx\/index.php\/wp-json\/wp\/v2\/media\/3701"}],"wp:attachment":[{"href":"https:\/\/conexionnacional.mx\/index.php\/wp-json\/wp\/v2\/media?parent=3700"}],"wp:term":[{"taxonomy":"category","embeddable":true,"href":"https:\/\/conexionnacional.mx\/index.php\/wp-json\/wp\/v2\/categories?post=3700"},{"taxonomy":"post_tag","embeddable":true,"href":"https:\/\/conexionnacional.mx\/index.php\/wp-json\/wp\/v2\/tags?post=3700"}],"curies":[{"name":"wp","href":"https:\/\/api.w.org\/{rel}","templated":true}]}}