{"id":3697,"date":"2022-11-17T15:42:56","date_gmt":"2022-11-17T21:42:56","guid":{"rendered":"https:\/\/conexionnacional.mx\/?p=3697"},"modified":"2022-11-17T15:42:57","modified_gmt":"2022-11-17T21:42:57","slug":"platanito-disculpa-padres-debanhi","status":"publish","type":"post","link":"https:\/\/conexionnacional.mx\/index.php\/2022\/11\/17\/platanito-disculpa-padres-debanhi\/","title":{"rendered":"<strong>De cara lavada, Platanito se disculpa con los padres de Debanhi por su controvertido chiste.<\/strong>"},"content":{"rendered":"\n<p>Por: <a href=\"https:\/\/www.cydnoticias.mx\/2022\/11\/17\/platanito-disculpa-padres-debanhi\/\">Dulce Garc\u00eda | cydnoticias.mx<\/a> |<\/p>\n\n\n\n<p>Derivado de la pol\u00e9mica generada por el chiste de Platanito que involucr\u00f3 a Debahni Escobar, el comediante se quit\u00f3 su caracter\u00edstico maquillaje de payaso y ofreci\u00f3 disculpas por el agravio que pudo causar su chiste.<\/p>\n\n\n\n<blockquote class=\"instagram-media\" data-instgrm-captioned data-instgrm-permalink=\"https:\/\/www.instagram.com\/reel\/ClCrTP8OQ_8\/?utm_source=ig_embed&amp;utm_campaign=loading\" data-instgrm-version=\"14\" style=\"background:#FFF;border:0;border-radius:3px;margin: 1px;max-width:540px;min-width:326px;padding:0;width:99.375%;width:-webkit-calc(100% - 2px);width:calc(100% - 2px)\"><div style=\"padding:16px\"> <a href=\"https:\/\/www.instagram.com\/reel\/ClCrTP8OQ_8\/?utm_source=ig_embed&amp;utm_campaign=loading\" style=\"background:#FFFFFF;line-height:0;padding:0 0;text-align:center;text-decoration:none;width:100%\" target=\"_blank\" rel=\"noopener\"> <div style=\"flex-direction: row;align-items: center\"> <div style=\"background-color: #F4F4F4;border-radius: 50%;flex-grow: 0;height: 40px;margin-right: 14px;width: 40px\"><\/div> <div style=\"flex-direction: column;flex-grow: 1;justify-content: center\"> <div style=\"background-color: #F4F4F4;border-radius: 4px;flex-grow: 0;height: 14px;margin-bottom: 6px;width: 100px\"><\/div> <div style=\"background-color: #F4F4F4;border-radius: 4px;flex-grow: 0;height: 14px;width: 60px\"><\/div><\/div><\/div><div style=\"padding: 19% 0\"><\/div> <div style=\"height:50px;margin:0 auto 12px;width:50px\"><\/div><div style=\"padding-top: 8px\"> <div style=\"color:#3897f0;font-family:Arial,sans-serif;font-size:14px;font-style:normal;font-weight:550;line-height:18px\">Ver esta publicaci\u00f3n en Instagram<\/div><\/div><div style=\"padding: 12.5% 0\"><\/div> <div style=\"flex-direction: row;margin-bottom: 14px;align-items: center\"><div> <div style=\"background-color: #F4F4F4;border-radius: 50%;height: 12.5px;width: 12.5px\"><\/div> <div style=\"background-color: #F4F4F4;height: 12.5px;width: 12.5px;flex-grow: 0;margin-right: 14px;margin-left: 2px\"><\/div> <div style=\"background-color: #F4F4F4;border-radius: 50%;height: 12.5px;width: 12.5px\"><\/div><\/div><div style=\"margin-left: 8px\"> <div style=\"background-color: #F4F4F4;border-radius: 50%;flex-grow: 0;height: 20px;width: 20px\"><\/div> <div style=\"width: 0;height: 0;border-top: 2px solid transparent;border-left: 6px solid #f4f4f4;border-bottom: 2px solid transparent\"><\/div><\/div><div style=\"margin-left: auto\"> <div style=\"width: 0px;border-top: 8px solid #F4F4F4;border-right: 8px solid transparent\"><\/div> <div style=\"background-color: #F4F4F4;flex-grow: 0;height: 12px;width: 16px\"><\/div> <div style=\"width: 0;height: 0;border-top: 8px solid #F4F4F4;border-left: 8px solid transparent\"><\/div><\/div><\/div> <div style=\"flex-direction: column;flex-grow: 1;justify-content: center;margin-bottom: 24px\"> <div style=\"background-color: #F4F4F4;border-radius: 4px;flex-grow: 0;height: 14px;margin-bottom: 6px;width: 224px\"><\/div> <div style=\"background-color: #F4F4F4;border-radius: 4px;flex-grow: 0;height: 14px;width: 144px\"><\/div><\/div><\/a><p style=\"color:#c9c8cd;font-family:Arial,sans-serif;font-size:14px;line-height:17px;margin-bottom:0;margin-top:8px;overflow:hidden;padding:8px 0 7px;text-align:center\"><a href=\"https:\/\/www.instagram.com\/reel\/ClCrTP8OQ_8\/?utm_source=ig_embed&amp;utm_campaign=loading\" style=\"color:#c9c8cd;font-family:Arial,sans-serif;font-size:14px;font-style:normal;font-weight:normal;line-height:17px;text-decoration:none\" target=\"_blank\" rel=\"noopener\">Una publicaci\u00f3n compartida de Platanito show (@platanitoshow)<\/a><\/p><\/div><\/blockquote> \n\n\n\n<p>Sergio Alejandro Verduzco Rubiera, mejor conocido como Platanito, se disculp\u00f3 por el comentario desatinado y fuera de lugar, al bromear con un tema sensible y decir: &#8220;Uno, dos, tres por Debanhi que est\u00e1 en la cisterna&#8221;.<\/p>\n\n\n\n<p>El mensaje fue dirigido de manera directa a los padres de Debahni, y se\u00f1al\u00f3 que la raz\u00f3n de salir sin maquillaje, fue para ofrecer sinceras disculpas, afirmando que su intenci\u00f3n no fue lastimarlos, afirmando que la disculpa la hace desde el fondo de su coraz\u00f3n.<\/p>\n\n\n\n<p>Con informaci\u00f3n de <a href=\"https:\/\/www.cydnoticias.mx\">Claro y DirectoMx<\/a>.<\/p>\n","protected":false},"excerpt":{"rendered":"<p>Por: Dulce Garc\u00eda | cydnoticias.mx | Derivado de la pol\u00e9mica generada por el chiste de Platanito que involucr\u00f3 a Debahni Escobar, el comediante se quit\u00f3 su caracter\u00edstico maquillaje de payaso y ofreci\u00f3 disculpas por el agravio que pudo causar su chiste. Ver esta publicaci\u00f3n en Instagram Una publicaci\u00f3n compartida de Platanito show (@platanitoshow) Sergio Alejandro [&hellip;]<\/p>\n","protected":false},"author":1,"featured_media":3698,"comment_status":"closed","ping_status":"closed","sticky":false,"template":"","format":"aside","meta":{"googlesitekit_rrm_CAowytPeCw:productID":"","footnotes":""},"categories":[26,18],"tags":[2200,2197,2199,2198],"class_list":["post-3697","post","type-post","status-publish","format-aside","has-post-thumbnail","hentry","category-espectaculos","category-tendencias","tag-controvertido-chiste","tag-de-cara-lavada","tag-padres-de-debanhi","tag-platanito-se-disculpa","post_format-post-format-aside"],"yoast_head":"<!-- This site is optimized with the Yoast SEO plugin v27.4 - https:\/\/yoast.com\/product\/yoast-seo-wordpress\/ -->\n<title>De cara lavada, Platanito se disculpa con los padres de Debanhi por su controvertido chiste. |<\/title>\n<meta name=\"description\" content=\"Por el chiste de Platanito que involucr\u00f3 a Debahni Escobar, el comediante se quit\u00f3 su caracter\u00edstico maquillaje de payaso y ofreci\u00f3 disculpas\" \/>\n<meta name=\"robots\" content=\"index, follow, max-snippet:-1, max-image-preview:large, max-video-preview:-1\" \/>\n<link rel=\"canonical\" href=\"https:\/\/conexionnacional.mx\/index.php\/2022\/11\/17\/platanito-disculpa-padres-debanhi\/\" \/>\n<meta property=\"og:locale\" content=\"es_MX\" \/>\n<meta property=\"og:type\" content=\"article\" \/>\n<meta property=\"og:title\" content=\"De cara lavada, Platanito se disculpa con los padres de Debanhi por su controvertido chiste. |\" \/>\n<meta property=\"og:description\" content=\"Por el chiste de Platanito que involucr\u00f3 a Debahni Escobar, el comediante se quit\u00f3 su caracter\u00edstico maquillaje de payaso y ofreci\u00f3 disculpas\" \/>\n<meta property=\"og:url\" content=\"https:\/\/conexionnacional.mx\/index.php\/2022\/11\/17\/platanito-disculpa-padres-debanhi\/\" \/>\n<meta property=\"og:site_name\" content=\"Conexi\u00f3n Nacional\" \/>\n<meta property=\"article:publisher\" content=\"https:\/\/www.facebook.com\/cnmxradio\" \/>\n<meta property=\"article:published_time\" content=\"2022-11-17T21:42:56+00:00\" \/>\n<meta property=\"article:modified_time\" content=\"2022-11-17T21:42:57+00:00\" \/>\n<meta property=\"og:image\" content=\"https:\/\/conexionnacional.mx\/wp-content\/uploads\/2022\/11\/Platanito-se-disculpa-con-los-padres-de-Debanhi-CN.jpg\" \/>\n\t<meta property=\"og:image:width\" content=\"1000\" \/>\n\t<meta property=\"og:image:height\" content=\"600\" \/>\n\t<meta property=\"og:image:type\" content=\"image\/jpeg\" \/>\n<meta name=\"author\" content=\"Conexi\u00f3n Nacional\" \/>\n<meta name=\"twitter:card\" content=\"summary_large_image\" \/>\n<meta name=\"twitter:label1\" content=\"Escrito por\" \/>\n\t<meta name=\"twitter:data1\" content=\"Conexi\u00f3n Nacional\" \/>\n\t<meta name=\"twitter:label2\" content=\"Tiempo de lectura\" \/>\n\t<meta name=\"twitter:data2\" content=\"1 minuto\" \/>\n<script type=\"application\/ld+json\" class=\"yoast-schema-graph\">{\"@context\":\"https:\\\/\\\/schema.org\",\"@graph\":[{\"@type\":\"Article\",\"@id\":\"https:\\\/\\\/conexionnacional.mx\\\/index.php\\\/2022\\\/11\\\/17\\\/platanito-disculpa-padres-debanhi\\\/#article\",\"isPartOf\":{\"@id\":\"https:\\\/\\\/conexionnacional.mx\\\/index.php\\\/2022\\\/11\\\/17\\\/platanito-disculpa-padres-debanhi\\\/\"},\"author\":{\"name\":\"Conexi\u00f3n Nacional\",\"@id\":\"https:\\\/\\\/conexionnacional.mx\\\/#\\\/schema\\\/person\\\/dd14aeda902120f5e0e021903fdb6931\"},\"headline\":\"De cara lavada, Platanito se disculpa con los padres de Debanhi por su controvertido chiste.\",\"datePublished\":\"2022-11-17T21:42:56+00:00\",\"dateModified\":\"2022-11-17T21:42:57+00:00\",\"mainEntityOfPage\":{\"@id\":\"https:\\\/\\\/conexionnacional.mx\\\/index.php\\\/2022\\\/11\\\/17\\\/platanito-disculpa-padres-debanhi\\\/\"},\"wordCount\":164,\"publisher\":{\"@id\":\"https:\\\/\\\/conexionnacional.mx\\\/#organization\"},\"image\":{\"@id\":\"https:\\\/\\\/conexionnacional.mx\\\/index.php\\\/2022\\\/11\\\/17\\\/platanito-disculpa-padres-debanhi\\\/#primaryimage\"},\"thumbnailUrl\":\"https:\\\/\\\/conexionnacional.mx\\\/wp-content\\\/uploads\\\/2022\\\/11\\\/Platanito-se-disculpa-con-los-padres-de-Debanhi-CN.jpg\",\"keywords\":[\"controvertido chiste\",\"De cara lavada\",\"padres de Debanhi\",\"Platanito se disculpa\"],\"articleSection\":[\"Espect\u00e1culos\",\"Tendencias\"],\"inLanguage\":\"es\"},{\"@type\":\"WebPage\",\"@id\":\"https:\\\/\\\/conexionnacional.mx\\\/index.php\\\/2022\\\/11\\\/17\\\/platanito-disculpa-padres-debanhi\\\/\",\"url\":\"https:\\\/\\\/conexionnacional.mx\\\/index.php\\\/2022\\\/11\\\/17\\\/platanito-disculpa-padres-debanhi\\\/\",\"name\":\"De cara lavada, Platanito se disculpa con los padres de Debanhi por su controvertido chiste. |\",\"isPartOf\":{\"@id\":\"https:\\\/\\\/conexionnacional.mx\\\/#website\"},\"primaryImageOfPage\":{\"@id\":\"https:\\\/\\\/conexionnacional.mx\\\/index.php\\\/2022\\\/11\\\/17\\\/platanito-disculpa-padres-debanhi\\\/#primaryimage\"},\"image\":{\"@id\":\"https:\\\/\\\/conexionnacional.mx\\\/index.php\\\/2022\\\/11\\\/17\\\/platanito-disculpa-padres-debanhi\\\/#primaryimage\"},\"thumbnailUrl\":\"https:\\\/\\\/conexionnacional.mx\\\/wp-content\\\/uploads\\\/2022\\\/11\\\/Platanito-se-disculpa-con-los-padres-de-Debanhi-CN.jpg\",\"datePublished\":\"2022-11-17T21:42:56+00:00\",\"dateModified\":\"2022-11-17T21:42:57+00:00\",\"description\":\"Por el chiste de Platanito que involucr\u00f3 a Debahni Escobar, el comediante se quit\u00f3 su caracter\u00edstico maquillaje de payaso y ofreci\u00f3 disculpas\",\"breadcrumb\":{\"@id\":\"https:\\\/\\\/conexionnacional.mx\\\/index.php\\\/2022\\\/11\\\/17\\\/platanito-disculpa-padres-debanhi\\\/#breadcrumb\"},\"inLanguage\":\"es\",\"potentialAction\":[{\"@type\":\"ReadAction\",\"target\":[\"https:\\\/\\\/conexionnacional.mx\\\/index.php\\\/2022\\\/11\\\/17\\\/platanito-disculpa-padres-debanhi\\\/\"]}]},{\"@type\":\"ImageObject\",\"inLanguage\":\"es\",\"@id\":\"https:\\\/\\\/conexionnacional.mx\\\/index.php\\\/2022\\\/11\\\/17\\\/platanito-disculpa-padres-debanhi\\\/#primaryimage\",\"url\":\"https:\\\/\\\/conexionnacional.mx\\\/wp-content\\\/uploads\\\/2022\\\/11\\\/Platanito-se-disculpa-con-los-padres-de-Debanhi-CN.jpg\",\"contentUrl\":\"https:\\\/\\\/conexionnacional.mx\\\/wp-content\\\/uploads\\\/2022\\\/11\\\/Platanito-se-disculpa-con-los-padres-de-Debanhi-CN.jpg\",\"width\":1000,\"height\":600,\"caption\":\"Platanito se disculpa con los padres de Debanhi\"},{\"@type\":\"BreadcrumbList\",\"@id\":\"https:\\\/\\\/conexionnacional.mx\\\/index.php\\\/2022\\\/11\\\/17\\\/platanito-disculpa-padres-debanhi\\\/#breadcrumb\",\"itemListElement\":[{\"@type\":\"ListItem\",\"position\":1,\"name\":\"Inicio\",\"item\":\"https:\\\/\\\/conexionnacional.mx\\\/\"},{\"@type\":\"ListItem\",\"position\":2,\"name\":\"De cara lavada, Platanito se disculpa con los padres de Debanhi por su controvertido chiste.\"}]},{\"@type\":\"WebSite\",\"@id\":\"https:\\\/\\\/conexionnacional.mx\\\/#website\",\"url\":\"https:\\\/\\\/conexionnacional.mx\\\/\",\"name\":\"Conexi\u00f3n Nacional\",\"description\":\"Noticias al momento\",\"publisher\":{\"@id\":\"https:\\\/\\\/conexionnacional.mx\\\/#organization\"},\"alternateName\":\"Noticias nacionales\",\"potentialAction\":[{\"@type\":\"SearchAction\",\"target\":{\"@type\":\"EntryPoint\",\"urlTemplate\":\"https:\\\/\\\/conexionnacional.mx\\\/?s={search_term_string}\"},\"query-input\":{\"@type\":\"PropertyValueSpecification\",\"valueRequired\":true,\"valueName\":\"search_term_string\"}}],\"inLanguage\":\"es\"},{\"@type\":\"Organization\",\"@id\":\"https:\\\/\\\/conexionnacional.mx\\\/#organization\",\"name\":\"Conexi\u00f3n Nacional\",\"url\":\"https:\\\/\\\/conexionnacional.mx\\\/\",\"logo\":{\"@type\":\"ImageObject\",\"inLanguage\":\"es\",\"@id\":\"https:\\\/\\\/conexionnacional.mx\\\/#\\\/schema\\\/logo\\\/image\\\/\",\"url\":\"https:\\\/\\\/conexionnacional.mx\\\/wp-content\\\/uploads\\\/2022\\\/09\\\/conexion_nacional.png\",\"contentUrl\":\"https:\\\/\\\/conexionnacional.mx\\\/wp-content\\\/uploads\\\/2022\\\/09\\\/conexion_nacional.png\",\"width\":2964,\"height\":1173,\"caption\":\"Conexi\u00f3n Nacional\"},\"image\":{\"@id\":\"https:\\\/\\\/conexionnacional.mx\\\/#\\\/schema\\\/logo\\\/image\\\/\"},\"sameAs\":[\"https:\\\/\\\/www.facebook.com\\\/cnmxradio\"]},{\"@type\":\"Person\",\"@id\":\"https:\\\/\\\/conexionnacional.mx\\\/#\\\/schema\\\/person\\\/dd14aeda902120f5e0e021903fdb6931\",\"name\":\"Conexi\u00f3n Nacional\",\"image\":{\"@type\":\"ImageObject\",\"inLanguage\":\"es\",\"@id\":\"https:\\\/\\\/secure.gravatar.com\\\/avatar\\\/e523100f284110b2ecca7e17b2be9cf140a5e8f35294c9ec0543e6916cc1f9be?s=96&d=blank&r=g\",\"url\":\"https:\\\/\\\/secure.gravatar.com\\\/avatar\\\/e523100f284110b2ecca7e17b2be9cf140a5e8f35294c9ec0543e6916cc1f9be?s=96&d=blank&r=g\",\"contentUrl\":\"https:\\\/\\\/secure.gravatar.com\\\/avatar\\\/e523100f284110b2ecca7e17b2be9cf140a5e8f35294c9ec0543e6916cc1f9be?s=96&d=blank&r=g\",\"caption\":\"Conexi\u00f3n Nacional\"},\"sameAs\":[\"https:\\\/\\\/conexionnacional.mx\"],\"url\":\"https:\\\/\\\/conexionnacional.mx\\\/index.php\\\/author\\\/administrador\\\/\"}]}<\/script>\n<!-- \/ Yoast SEO plugin. -->","yoast_head_json":{"title":"De cara lavada, Platanito se disculpa con los padres de Debanhi por su controvertido chiste. |","description":"Por el chiste de Platanito que involucr\u00f3 a Debahni Escobar, el comediante se quit\u00f3 su caracter\u00edstico maquillaje de payaso y ofreci\u00f3 disculpas","robots":{"index":"index","follow":"follow","max-snippet":"max-snippet:-1","max-image-preview":"max-image-preview:large","max-video-preview":"max-video-preview:-1"},"canonical":"https:\/\/conexionnacional.mx\/index.php\/2022\/11\/17\/platanito-disculpa-padres-debanhi\/","og_locale":"es_MX","og_type":"article","og_title":"De cara lavada, Platanito se disculpa con los padres de Debanhi por su controvertido chiste. |","og_description":"Por el chiste de Platanito que involucr\u00f3 a Debahni Escobar, el comediante se quit\u00f3 su caracter\u00edstico maquillaje de payaso y ofreci\u00f3 disculpas","og_url":"https:\/\/conexionnacional.mx\/index.php\/2022\/11\/17\/platanito-disculpa-padres-debanhi\/","og_site_name":"Conexi\u00f3n Nacional","article_publisher":"https:\/\/www.facebook.com\/cnmxradio","article_published_time":"2022-11-17T21:42:56+00:00","article_modified_time":"2022-11-17T21:42:57+00:00","og_image":[{"width":1000,"height":600,"url":"https:\/\/conexionnacional.mx\/wp-content\/uploads\/2022\/11\/Platanito-se-disculpa-con-los-padres-de-Debanhi-CN.jpg","type":"image\/jpeg"}],"author":"Conexi\u00f3n Nacional","twitter_card":"summary_large_image","twitter_misc":{"Escrito por":"Conexi\u00f3n Nacional","Tiempo de lectura":"1 minuto"},"schema":{"@context":"https:\/\/schema.org","@graph":[{"@type":"Article","@id":"https:\/\/conexionnacional.mx\/index.php\/2022\/11\/17\/platanito-disculpa-padres-debanhi\/#article","isPartOf":{"@id":"https:\/\/conexionnacional.mx\/index.php\/2022\/11\/17\/platanito-disculpa-padres-debanhi\/"},"author":{"name":"Conexi\u00f3n Nacional","@id":"https:\/\/conexionnacional.mx\/#\/schema\/person\/dd14aeda902120f5e0e021903fdb6931"},"headline":"De cara lavada, Platanito se disculpa con los padres de Debanhi por su controvertido chiste.","datePublished":"2022-11-17T21:42:56+00:00","dateModified":"2022-11-17T21:42:57+00:00","mainEntityOfPage":{"@id":"https:\/\/conexionnacional.mx\/index.php\/2022\/11\/17\/platanito-disculpa-padres-debanhi\/"},"wordCount":164,"publisher":{"@id":"https:\/\/conexionnacional.mx\/#organization"},"image":{"@id":"https:\/\/conexionnacional.mx\/index.php\/2022\/11\/17\/platanito-disculpa-padres-debanhi\/#primaryimage"},"thumbnailUrl":"https:\/\/conexionnacional.mx\/wp-content\/uploads\/2022\/11\/Platanito-se-disculpa-con-los-padres-de-Debanhi-CN.jpg","keywords":["controvertido chiste","De cara lavada","padres de Debanhi","Platanito se disculpa"],"articleSection":["Espect\u00e1culos","Tendencias"],"inLanguage":"es"},{"@type":"WebPage","@id":"https:\/\/conexionnacional.mx\/index.php\/2022\/11\/17\/platanito-disculpa-padres-debanhi\/","url":"https:\/\/conexionnacional.mx\/index.php\/2022\/11\/17\/platanito-disculpa-padres-debanhi\/","name":"De cara lavada, Platanito se disculpa con los padres de Debanhi por su controvertido chiste. |","isPartOf":{"@id":"https:\/\/conexionnacional.mx\/#website"},"primaryImageOfPage":{"@id":"https:\/\/conexionnacional.mx\/index.php\/2022\/11\/17\/platanito-disculpa-padres-debanhi\/#primaryimage"},"image":{"@id":"https:\/\/conexionnacional.mx\/index.php\/2022\/11\/17\/platanito-disculpa-padres-debanhi\/#primaryimage"},"thumbnailUrl":"https:\/\/conexionnacional.mx\/wp-content\/uploads\/2022\/11\/Platanito-se-disculpa-con-los-padres-de-Debanhi-CN.jpg","datePublished":"2022-11-17T21:42:56+00:00","dateModified":"2022-11-17T21:42:57+00:00","description":"Por el chiste de Platanito que involucr\u00f3 a Debahni Escobar, el comediante se quit\u00f3 su caracter\u00edstico maquillaje de payaso y ofreci\u00f3 disculpas","breadcrumb":{"@id":"https:\/\/conexionnacional.mx\/index.php\/2022\/11\/17\/platanito-disculpa-padres-debanhi\/#breadcrumb"},"inLanguage":"es","potentialAction":[{"@type":"ReadAction","target":["https:\/\/conexionnacional.mx\/index.php\/2022\/11\/17\/platanito-disculpa-padres-debanhi\/"]}]},{"@type":"ImageObject","inLanguage":"es","@id":"https:\/\/conexionnacional.mx\/index.php\/2022\/11\/17\/platanito-disculpa-padres-debanhi\/#primaryimage","url":"https:\/\/conexionnacional.mx\/wp-content\/uploads\/2022\/11\/Platanito-se-disculpa-con-los-padres-de-Debanhi-CN.jpg","contentUrl":"https:\/\/conexionnacional.mx\/wp-content\/uploads\/2022\/11\/Platanito-se-disculpa-con-los-padres-de-Debanhi-CN.jpg","width":1000,"height":600,"caption":"Platanito se disculpa con los padres de Debanhi"},{"@type":"BreadcrumbList","@id":"https:\/\/conexionnacional.mx\/index.php\/2022\/11\/17\/platanito-disculpa-padres-debanhi\/#breadcrumb","itemListElement":[{"@type":"ListItem","position":1,"name":"Inicio","item":"https:\/\/conexionnacional.mx\/"},{"@type":"ListItem","position":2,"name":"De cara lavada, Platanito se disculpa con los padres de Debanhi por su controvertido chiste."}]},{"@type":"WebSite","@id":"https:\/\/conexionnacional.mx\/#website","url":"https:\/\/conexionnacional.mx\/","name":"Conexi\u00f3n Nacional","description":"Noticias al momento","publisher":{"@id":"https:\/\/conexionnacional.mx\/#organization"},"alternateName":"Noticias nacionales","potentialAction":[{"@type":"SearchAction","target":{"@type":"EntryPoint","urlTemplate":"https:\/\/conexionnacional.mx\/?s={search_term_string}"},"query-input":{"@type":"PropertyValueSpecification","valueRequired":true,"valueName":"search_term_string"}}],"inLanguage":"es"},{"@type":"Organization","@id":"https:\/\/conexionnacional.mx\/#organization","name":"Conexi\u00f3n Nacional","url":"https:\/\/conexionnacional.mx\/","logo":{"@type":"ImageObject","inLanguage":"es","@id":"https:\/\/conexionnacional.mx\/#\/schema\/logo\/image\/","url":"https:\/\/conexionnacional.mx\/wp-content\/uploads\/2022\/09\/conexion_nacional.png","contentUrl":"https:\/\/conexionnacional.mx\/wp-content\/uploads\/2022\/09\/conexion_nacional.png","width":2964,"height":1173,"caption":"Conexi\u00f3n Nacional"},"image":{"@id":"https:\/\/conexionnacional.mx\/#\/schema\/logo\/image\/"},"sameAs":["https:\/\/www.facebook.com\/cnmxradio"]},{"@type":"Person","@id":"https:\/\/conexionnacional.mx\/#\/schema\/person\/dd14aeda902120f5e0e021903fdb6931","name":"Conexi\u00f3n Nacional","image":{"@type":"ImageObject","inLanguage":"es","@id":"https:\/\/secure.gravatar.com\/avatar\/e523100f284110b2ecca7e17b2be9cf140a5e8f35294c9ec0543e6916cc1f9be?s=96&d=blank&r=g","url":"https:\/\/secure.gravatar.com\/avatar\/e523100f284110b2ecca7e17b2be9cf140a5e8f35294c9ec0543e6916cc1f9be?s=96&d=blank&r=g","contentUrl":"https:\/\/secure.gravatar.com\/avatar\/e523100f284110b2ecca7e17b2be9cf140a5e8f35294c9ec0543e6916cc1f9be?s=96&d=blank&r=g","caption":"Conexi\u00f3n Nacional"},"sameAs":["https:\/\/conexionnacional.mx"],"url":"https:\/\/conexionnacional.mx\/index.php\/author\/administrador\/"}]}},"_links":{"self":[{"href":"https:\/\/conexionnacional.mx\/index.php\/wp-json\/wp\/v2\/posts\/3697","targetHints":{"allow":["GET"]}}],"collection":[{"href":"https:\/\/conexionnacional.mx\/index.php\/wp-json\/wp\/v2\/posts"}],"about":[{"href":"https:\/\/conexionnacional.mx\/index.php\/wp-json\/wp\/v2\/types\/post"}],"author":[{"embeddable":true,"href":"https:\/\/conexionnacional.mx\/index.php\/wp-json\/wp\/v2\/users\/1"}],"replies":[{"embeddable":true,"href":"https:\/\/conexionnacional.mx\/index.php\/wp-json\/wp\/v2\/comments?post=3697"}],"version-history":[{"count":1,"href":"https:\/\/conexionnacional.mx\/index.php\/wp-json\/wp\/v2\/posts\/3697\/revisions"}],"predecessor-version":[{"id":3699,"href":"https:\/\/conexionnacional.mx\/index.php\/wp-json\/wp\/v2\/posts\/3697\/revisions\/3699"}],"wp:featuredmedia":[{"embeddable":true,"href":"https:\/\/conexionnacional.mx\/index.php\/wp-json\/wp\/v2\/media\/3698"}],"wp:attachment":[{"href":"https:\/\/conexionnacional.mx\/index.php\/wp-json\/wp\/v2\/media?parent=3697"}],"wp:term":[{"taxonomy":"category","embeddable":true,"href":"https:\/\/conexionnacional.mx\/index.php\/wp-json\/wp\/v2\/categories?post=3697"},{"taxonomy":"post_tag","embeddable":true,"href":"https:\/\/conexionnacional.mx\/index.php\/wp-json\/wp\/v2\/tags?post=3697"}],"curies":[{"name":"wp","href":"https:\/\/api.w.org\/{rel}","templated":true}]}}