{"id":28100,"date":"2026-02-25T11:24:32","date_gmt":"2026-02-25T17:24:32","guid":{"rendered":"https:\/\/conexionnacional.mx\/?p=28100"},"modified":"2026-02-25T11:24:36","modified_gmt":"2026-02-25T17:24:36","slug":"infantino-afirma-que-tiene-confianza-total-en-mexico-para-el-mundial-pese-a-la-violencia","status":"publish","type":"post","link":"https:\/\/conexionnacional.mx\/index.php\/2026\/02\/25\/infantino-afirma-que-tiene-confianza-total-en-mexico-para-el-mundial-pese-a-la-violencia\/","title":{"rendered":"Infantino afirma que tiene confianza total en M\u00e9xico para el Mundial, pese a la violencia"},"content":{"rendered":"\n<p>El presidente de la FIFA, Gianni Infantino, afirm\u00f3 este martes en la ciudad colombiana de Barranquilla que tiene &#8220;confianza total en M\u00e9xico&#8221; para la realizaci\u00f3n del Mundial de este a\u00f1o, que tiene partidos programados en Ciudad de M\u00e9xico, Guadalajara y Monterrey, pese a la violencia desatada en el pa\u00eds.<\/p>\n\n\n\n<p>&#8220;Estamos analizando y monitoreando la situaci\u00f3n en M\u00e9xico en estos d\u00edas, en estos momentos, pero quiero decir desde el principio que tenemos confianza total en M\u00e9xico, en su presidenta (Claudia) Sheinbaum, en las autoridades, y estamos convencidos que todo va a pasar de la mejor manera posible&#8221;, afirm\u00f3 Infantino en una rueda de prensa.<\/p>\n\n\n\n<p>Como consecuencia de la muerte el pasado domingo en Jalisco de Nemesio Oseguera Cervantes, alias &#8216;El Mencho&#8217;, l\u00edder del Cartel Jalisco Nueva Generaci\u00f3n, M\u00e9xico sufri\u00f3 un brote de violencia que despert\u00f3 inquietud en el extranjero donde se preguntaron si el pa\u00eds podr\u00e1 garantizar la seguridad durante el Mundial.<\/p>\n\n\n\n<p>El Gobernador del Estado mexicano de Jalisco, Pablo Lemus, asegur\u00f3 que el lunes hubo un encuentro con las oficinas de la FIFA en M\u00e9xico y el organismo rector del f\u00fatbol en el mundo dijo no tiene ninguna intenci\u00f3n de quitar la sede a M\u00e9xico, que organizar\u00e1 cinco partidos en el Estadio Azteca, cuatro en Guadalajara y cuatro en Monterrey.<\/p>\n\n\n\n<p>Igualmente, en marzo se celebrar\u00e1 en M\u00e9xico el Torneo clasificatorio para el Mundial de F\u00fatbol de 2026, que dar\u00e1 dos cupos a la Copa del Mundo, y ser\u00e1 inaugurado el remodelado estadio Azteca, donde se disputar\u00e1 el partido inaugural del torneo entre los norteamericanos y Sud\u00e1frica el pr\u00f3ximo 11 de junio.<\/p>\n\n\n\n<p>&#8220;Tenemos unos partidos en un mes en M\u00e9xico, los repechajes para el Mundial, y tambi\u00e9n se va a inaugurar el nuevo estadio Azteca. M\u00e9xico es un gran pa\u00eds de f\u00fatbol. Como en cada pa\u00eds del mundo pasan cosas, no vivimos en la luna ni en otro planeta, pasan cosas, por eso tenemos Estados, polic\u00edas, autoridades, que van a asegurar el orden y la seguridad&#8221;, expres\u00f3 Infantino.<\/p>\n\n\n\n<p>A rengl\u00f3n seguido agreg\u00f3: &#8220;De mi parte, de parte de la FIFA, confianza absoluta en la presidenta Sheinbaum, estamos en contacto regular con la Presidencia y las autoridades y seguimos, de todas maneras, la situaci\u00f3n. El Mundial va a ser una fiesta incre\u00edble&#8221;.<\/p>\n","protected":false},"excerpt":{"rendered":"<p>El presidente de la FIFA, Gianni Infantino, afirm\u00f3 este martes en la ciudad colombiana de Barranquilla que tiene &#8220;confianza total en M\u00e9xico&#8221; para la realizaci\u00f3n del Mundial de este a\u00f1o, que tiene partidos programados en Ciudad de M\u00e9xico, Guadalajara y Monterrey, pese a la violencia desatada en el pa\u00eds. &#8220;Estamos analizando y monitoreando la situaci\u00f3n [&hellip;]<\/p>\n","protected":false},"author":10,"featured_media":28101,"comment_status":"closed","ping_status":"closed","sticky":false,"template":"","format":"aside","meta":{"googlesitekit_rrm_CAowytPeCw:productID":"","footnotes":""},"categories":[9424],"tags":[184],"class_list":["post-28100","post","type-post","status-publish","format-aside","has-post-thumbnail","hentry","category-copa-mundial-de-la-fifa-2026","tag-fifa","post_format-post-format-aside"],"yoast_head":"<!-- This site is optimized with the Yoast SEO plugin v27.5 - https:\/\/yoast.com\/product\/yoast-seo-wordpress\/ -->\n<title>Infantino afirma que tiene confianza total en M\u00e9xico para el Mundial, pese a la violencia |<\/title>\n<meta name=\"robots\" content=\"index, follow, max-snippet:-1, max-image-preview:large, max-video-preview:-1\" \/>\n<link rel=\"canonical\" href=\"https:\/\/conexionnacional.mx\/index.php\/2026\/02\/25\/infantino-afirma-que-tiene-confianza-total-en-mexico-para-el-mundial-pese-a-la-violencia\/\" \/>\n<meta property=\"og:locale\" content=\"es_MX\" \/>\n<meta property=\"og:type\" content=\"article\" \/>\n<meta property=\"og:title\" content=\"Infantino afirma que tiene confianza total en M\u00e9xico para el Mundial, pese a la violencia |\" \/>\n<meta property=\"og:description\" content=\"El presidente de la FIFA, Gianni Infantino, afirm\u00f3 este martes en la ciudad colombiana de Barranquilla que tiene &#8220;confianza total en M\u00e9xico&#8221; para la realizaci\u00f3n del Mundial de este a\u00f1o, que tiene partidos programados en Ciudad de M\u00e9xico, Guadalajara y Monterrey, pese a la violencia desatada en el pa\u00eds. &#8220;Estamos analizando y monitoreando la situaci\u00f3n [&hellip;]\" \/>\n<meta property=\"og:url\" content=\"https:\/\/conexionnacional.mx\/index.php\/2026\/02\/25\/infantino-afirma-que-tiene-confianza-total-en-mexico-para-el-mundial-pese-a-la-violencia\/\" \/>\n<meta property=\"og:site_name\" content=\"Conexi\u00f3n Nacional\" \/>\n<meta property=\"article:publisher\" content=\"https:\/\/www.facebook.com\/cnmxradio\" \/>\n<meta property=\"article:published_time\" content=\"2026-02-25T17:24:32+00:00\" \/>\n<meta property=\"article:modified_time\" content=\"2026-02-25T17:24:36+00:00\" \/>\n<meta property=\"og:image\" content=\"https:\/\/conexionnacional.mx\/wp-content\/uploads\/2026\/02\/infantino.jpg\" \/>\n\t<meta property=\"og:image:width\" content=\"700\" \/>\n\t<meta property=\"og:image:height\" content=\"466\" \/>\n\t<meta property=\"og:image:type\" content=\"image\/jpeg\" \/>\n<meta name=\"author\" content=\"Redacci\u00f3n Conexi\u00f3n\" \/>\n<meta name=\"twitter:card\" content=\"summary_large_image\" \/>\n<meta name=\"twitter:label1\" content=\"Escrito por\" \/>\n\t<meta name=\"twitter:data1\" content=\"Redacci\u00f3n Conexi\u00f3n\" \/>\n\t<meta name=\"twitter:label2\" content=\"Tiempo de lectura\" \/>\n\t<meta name=\"twitter:data2\" content=\"2 minutos\" \/>\n<script type=\"application\/ld+json\" class=\"yoast-schema-graph\">{\"@context\":\"https:\\\/\\\/schema.org\",\"@graph\":[{\"@type\":\"Article\",\"@id\":\"https:\\\/\\\/conexionnacional.mx\\\/index.php\\\/2026\\\/02\\\/25\\\/infantino-afirma-que-tiene-confianza-total-en-mexico-para-el-mundial-pese-a-la-violencia\\\/#article\",\"isPartOf\":{\"@id\":\"https:\\\/\\\/conexionnacional.mx\\\/index.php\\\/2026\\\/02\\\/25\\\/infantino-afirma-que-tiene-confianza-total-en-mexico-para-el-mundial-pese-a-la-violencia\\\/\"},\"author\":{\"name\":\"Redacci\u00f3n Conexi\u00f3n\",\"@id\":\"https:\\\/\\\/conexionnacional.mx\\\/#\\\/schema\\\/person\\\/ba9cbd742badd9e3d29f2973a1391d18\"},\"headline\":\"Infantino afirma que tiene confianza total en M\u00e9xico para el Mundial, pese a la violencia\",\"datePublished\":\"2026-02-25T17:24:32+00:00\",\"dateModified\":\"2026-02-25T17:24:36+00:00\",\"mainEntityOfPage\":{\"@id\":\"https:\\\/\\\/conexionnacional.mx\\\/index.php\\\/2026\\\/02\\\/25\\\/infantino-afirma-que-tiene-confianza-total-en-mexico-para-el-mundial-pese-a-la-violencia\\\/\"},\"wordCount\":415,\"publisher\":{\"@id\":\"https:\\\/\\\/conexionnacional.mx\\\/#organization\"},\"image\":{\"@id\":\"https:\\\/\\\/conexionnacional.mx\\\/index.php\\\/2026\\\/02\\\/25\\\/infantino-afirma-que-tiene-confianza-total-en-mexico-para-el-mundial-pese-a-la-violencia\\\/#primaryimage\"},\"thumbnailUrl\":\"https:\\\/\\\/conexionnacional.mx\\\/wp-content\\\/uploads\\\/2026\\\/02\\\/infantino.jpg\",\"keywords\":[\"FIFA\"],\"articleSection\":[\"Copa Mundial de la FIFA 2026\"],\"inLanguage\":\"es\"},{\"@type\":\"WebPage\",\"@id\":\"https:\\\/\\\/conexionnacional.mx\\\/index.php\\\/2026\\\/02\\\/25\\\/infantino-afirma-que-tiene-confianza-total-en-mexico-para-el-mundial-pese-a-la-violencia\\\/\",\"url\":\"https:\\\/\\\/conexionnacional.mx\\\/index.php\\\/2026\\\/02\\\/25\\\/infantino-afirma-que-tiene-confianza-total-en-mexico-para-el-mundial-pese-a-la-violencia\\\/\",\"name\":\"Infantino afirma que tiene confianza total en M\u00e9xico para el Mundial, pese a la violencia |\",\"isPartOf\":{\"@id\":\"https:\\\/\\\/conexionnacional.mx\\\/#website\"},\"primaryImageOfPage\":{\"@id\":\"https:\\\/\\\/conexionnacional.mx\\\/index.php\\\/2026\\\/02\\\/25\\\/infantino-afirma-que-tiene-confianza-total-en-mexico-para-el-mundial-pese-a-la-violencia\\\/#primaryimage\"},\"image\":{\"@id\":\"https:\\\/\\\/conexionnacional.mx\\\/index.php\\\/2026\\\/02\\\/25\\\/infantino-afirma-que-tiene-confianza-total-en-mexico-para-el-mundial-pese-a-la-violencia\\\/#primaryimage\"},\"thumbnailUrl\":\"https:\\\/\\\/conexionnacional.mx\\\/wp-content\\\/uploads\\\/2026\\\/02\\\/infantino.jpg\",\"datePublished\":\"2026-02-25T17:24:32+00:00\",\"dateModified\":\"2026-02-25T17:24:36+00:00\",\"breadcrumb\":{\"@id\":\"https:\\\/\\\/conexionnacional.mx\\\/index.php\\\/2026\\\/02\\\/25\\\/infantino-afirma-que-tiene-confianza-total-en-mexico-para-el-mundial-pese-a-la-violencia\\\/#breadcrumb\"},\"inLanguage\":\"es\",\"potentialAction\":[{\"@type\":\"ReadAction\",\"target\":[\"https:\\\/\\\/conexionnacional.mx\\\/index.php\\\/2026\\\/02\\\/25\\\/infantino-afirma-que-tiene-confianza-total-en-mexico-para-el-mundial-pese-a-la-violencia\\\/\"]}]},{\"@type\":\"ImageObject\",\"inLanguage\":\"es\",\"@id\":\"https:\\\/\\\/conexionnacional.mx\\\/index.php\\\/2026\\\/02\\\/25\\\/infantino-afirma-que-tiene-confianza-total-en-mexico-para-el-mundial-pese-a-la-violencia\\\/#primaryimage\",\"url\":\"https:\\\/\\\/conexionnacional.mx\\\/wp-content\\\/uploads\\\/2026\\\/02\\\/infantino.jpg\",\"contentUrl\":\"https:\\\/\\\/conexionnacional.mx\\\/wp-content\\\/uploads\\\/2026\\\/02\\\/infantino.jpg\",\"width\":700,\"height\":466},{\"@type\":\"BreadcrumbList\",\"@id\":\"https:\\\/\\\/conexionnacional.mx\\\/index.php\\\/2026\\\/02\\\/25\\\/infantino-afirma-que-tiene-confianza-total-en-mexico-para-el-mundial-pese-a-la-violencia\\\/#breadcrumb\",\"itemListElement\":[{\"@type\":\"ListItem\",\"position\":1,\"name\":\"Inicio\",\"item\":\"https:\\\/\\\/conexionnacional.mx\\\/\"},{\"@type\":\"ListItem\",\"position\":2,\"name\":\"Infantino afirma que tiene confianza total en M\u00e9xico para el Mundial, pese a la violencia\"}]},{\"@type\":\"WebSite\",\"@id\":\"https:\\\/\\\/conexionnacional.mx\\\/#website\",\"url\":\"https:\\\/\\\/conexionnacional.mx\\\/\",\"name\":\"Conexi\u00f3n Nacional\",\"description\":\"Noticias al momento\",\"publisher\":{\"@id\":\"https:\\\/\\\/conexionnacional.mx\\\/#organization\"},\"alternateName\":\"Noticias nacionales\",\"potentialAction\":[{\"@type\":\"SearchAction\",\"target\":{\"@type\":\"EntryPoint\",\"urlTemplate\":\"https:\\\/\\\/conexionnacional.mx\\\/?s={search_term_string}\"},\"query-input\":{\"@type\":\"PropertyValueSpecification\",\"valueRequired\":true,\"valueName\":\"search_term_string\"}}],\"inLanguage\":\"es\"},{\"@type\":\"Organization\",\"@id\":\"https:\\\/\\\/conexionnacional.mx\\\/#organization\",\"name\":\"Conexi\u00f3n Nacional\",\"url\":\"https:\\\/\\\/conexionnacional.mx\\\/\",\"logo\":{\"@type\":\"ImageObject\",\"inLanguage\":\"es\",\"@id\":\"https:\\\/\\\/conexionnacional.mx\\\/#\\\/schema\\\/logo\\\/image\\\/\",\"url\":\"https:\\\/\\\/conexionnacional.mx\\\/wp-content\\\/uploads\\\/2022\\\/09\\\/conexion_nacional.png\",\"contentUrl\":\"https:\\\/\\\/conexionnacional.mx\\\/wp-content\\\/uploads\\\/2022\\\/09\\\/conexion_nacional.png\",\"width\":2964,\"height\":1173,\"caption\":\"Conexi\u00f3n Nacional\"},\"image\":{\"@id\":\"https:\\\/\\\/conexionnacional.mx\\\/#\\\/schema\\\/logo\\\/image\\\/\"},\"sameAs\":[\"https:\\\/\\\/www.facebook.com\\\/cnmxradio\"]},{\"@type\":\"Person\",\"@id\":\"https:\\\/\\\/conexionnacional.mx\\\/#\\\/schema\\\/person\\\/ba9cbd742badd9e3d29f2973a1391d18\",\"name\":\"Redacci\u00f3n Conexi\u00f3n\",\"image\":{\"@type\":\"ImageObject\",\"inLanguage\":\"es\",\"@id\":\"https:\\\/\\\/secure.gravatar.com\\\/avatar\\\/8d9ed9913523aff42c4fa3d2fdc52c4dfb8c185dc3f4126ecf97512ec86caa63?s=96&d=blank&r=g\",\"url\":\"https:\\\/\\\/secure.gravatar.com\\\/avatar\\\/8d9ed9913523aff42c4fa3d2fdc52c4dfb8c185dc3f4126ecf97512ec86caa63?s=96&d=blank&r=g\",\"contentUrl\":\"https:\\\/\\\/secure.gravatar.com\\\/avatar\\\/8d9ed9913523aff42c4fa3d2fdc52c4dfb8c185dc3f4126ecf97512ec86caa63?s=96&d=blank&r=g\",\"caption\":\"Redacci\u00f3n Conexi\u00f3n\"},\"url\":\"https:\\\/\\\/conexionnacional.mx\\\/index.php\\\/author\\\/rafael\\\/\"}]}<\/script>\n<!-- \/ Yoast SEO plugin. -->","yoast_head_json":{"title":"Infantino afirma que tiene confianza total en M\u00e9xico para el Mundial, pese a la violencia |","robots":{"index":"index","follow":"follow","max-snippet":"max-snippet:-1","max-image-preview":"max-image-preview:large","max-video-preview":"max-video-preview:-1"},"canonical":"https:\/\/conexionnacional.mx\/index.php\/2026\/02\/25\/infantino-afirma-que-tiene-confianza-total-en-mexico-para-el-mundial-pese-a-la-violencia\/","og_locale":"es_MX","og_type":"article","og_title":"Infantino afirma que tiene confianza total en M\u00e9xico para el Mundial, pese a la violencia |","og_description":"El presidente de la FIFA, Gianni Infantino, afirm\u00f3 este martes en la ciudad colombiana de Barranquilla que tiene &#8220;confianza total en M\u00e9xico&#8221; para la realizaci\u00f3n del Mundial de este a\u00f1o, que tiene partidos programados en Ciudad de M\u00e9xico, Guadalajara y Monterrey, pese a la violencia desatada en el pa\u00eds. &#8220;Estamos analizando y monitoreando la situaci\u00f3n [&hellip;]","og_url":"https:\/\/conexionnacional.mx\/index.php\/2026\/02\/25\/infantino-afirma-que-tiene-confianza-total-en-mexico-para-el-mundial-pese-a-la-violencia\/","og_site_name":"Conexi\u00f3n Nacional","article_publisher":"https:\/\/www.facebook.com\/cnmxradio","article_published_time":"2026-02-25T17:24:32+00:00","article_modified_time":"2026-02-25T17:24:36+00:00","og_image":[{"width":700,"height":466,"url":"https:\/\/conexionnacional.mx\/wp-content\/uploads\/2026\/02\/infantino.jpg","type":"image\/jpeg"}],"author":"Redacci\u00f3n Conexi\u00f3n","twitter_card":"summary_large_image","twitter_misc":{"Escrito por":"Redacci\u00f3n Conexi\u00f3n","Tiempo de lectura":"2 minutos"},"schema":{"@context":"https:\/\/schema.org","@graph":[{"@type":"Article","@id":"https:\/\/conexionnacional.mx\/index.php\/2026\/02\/25\/infantino-afirma-que-tiene-confianza-total-en-mexico-para-el-mundial-pese-a-la-violencia\/#article","isPartOf":{"@id":"https:\/\/conexionnacional.mx\/index.php\/2026\/02\/25\/infantino-afirma-que-tiene-confianza-total-en-mexico-para-el-mundial-pese-a-la-violencia\/"},"author":{"name":"Redacci\u00f3n Conexi\u00f3n","@id":"https:\/\/conexionnacional.mx\/#\/schema\/person\/ba9cbd742badd9e3d29f2973a1391d18"},"headline":"Infantino afirma que tiene confianza total en M\u00e9xico para el Mundial, pese a la violencia","datePublished":"2026-02-25T17:24:32+00:00","dateModified":"2026-02-25T17:24:36+00:00","mainEntityOfPage":{"@id":"https:\/\/conexionnacional.mx\/index.php\/2026\/02\/25\/infantino-afirma-que-tiene-confianza-total-en-mexico-para-el-mundial-pese-a-la-violencia\/"},"wordCount":415,"publisher":{"@id":"https:\/\/conexionnacional.mx\/#organization"},"image":{"@id":"https:\/\/conexionnacional.mx\/index.php\/2026\/02\/25\/infantino-afirma-que-tiene-confianza-total-en-mexico-para-el-mundial-pese-a-la-violencia\/#primaryimage"},"thumbnailUrl":"https:\/\/conexionnacional.mx\/wp-content\/uploads\/2026\/02\/infantino.jpg","keywords":["FIFA"],"articleSection":["Copa Mundial de la FIFA 2026"],"inLanguage":"es"},{"@type":"WebPage","@id":"https:\/\/conexionnacional.mx\/index.php\/2026\/02\/25\/infantino-afirma-que-tiene-confianza-total-en-mexico-para-el-mundial-pese-a-la-violencia\/","url":"https:\/\/conexionnacional.mx\/index.php\/2026\/02\/25\/infantino-afirma-que-tiene-confianza-total-en-mexico-para-el-mundial-pese-a-la-violencia\/","name":"Infantino afirma que tiene confianza total en M\u00e9xico para el Mundial, pese a la violencia |","isPartOf":{"@id":"https:\/\/conexionnacional.mx\/#website"},"primaryImageOfPage":{"@id":"https:\/\/conexionnacional.mx\/index.php\/2026\/02\/25\/infantino-afirma-que-tiene-confianza-total-en-mexico-para-el-mundial-pese-a-la-violencia\/#primaryimage"},"image":{"@id":"https:\/\/conexionnacional.mx\/index.php\/2026\/02\/25\/infantino-afirma-que-tiene-confianza-total-en-mexico-para-el-mundial-pese-a-la-violencia\/#primaryimage"},"thumbnailUrl":"https:\/\/conexionnacional.mx\/wp-content\/uploads\/2026\/02\/infantino.jpg","datePublished":"2026-02-25T17:24:32+00:00","dateModified":"2026-02-25T17:24:36+00:00","breadcrumb":{"@id":"https:\/\/conexionnacional.mx\/index.php\/2026\/02\/25\/infantino-afirma-que-tiene-confianza-total-en-mexico-para-el-mundial-pese-a-la-violencia\/#breadcrumb"},"inLanguage":"es","potentialAction":[{"@type":"ReadAction","target":["https:\/\/conexionnacional.mx\/index.php\/2026\/02\/25\/infantino-afirma-que-tiene-confianza-total-en-mexico-para-el-mundial-pese-a-la-violencia\/"]}]},{"@type":"ImageObject","inLanguage":"es","@id":"https:\/\/conexionnacional.mx\/index.php\/2026\/02\/25\/infantino-afirma-que-tiene-confianza-total-en-mexico-para-el-mundial-pese-a-la-violencia\/#primaryimage","url":"https:\/\/conexionnacional.mx\/wp-content\/uploads\/2026\/02\/infantino.jpg","contentUrl":"https:\/\/conexionnacional.mx\/wp-content\/uploads\/2026\/02\/infantino.jpg","width":700,"height":466},{"@type":"BreadcrumbList","@id":"https:\/\/conexionnacional.mx\/index.php\/2026\/02\/25\/infantino-afirma-que-tiene-confianza-total-en-mexico-para-el-mundial-pese-a-la-violencia\/#breadcrumb","itemListElement":[{"@type":"ListItem","position":1,"name":"Inicio","item":"https:\/\/conexionnacional.mx\/"},{"@type":"ListItem","position":2,"name":"Infantino afirma que tiene confianza total en M\u00e9xico para el Mundial, pese a la violencia"}]},{"@type":"WebSite","@id":"https:\/\/conexionnacional.mx\/#website","url":"https:\/\/conexionnacional.mx\/","name":"Conexi\u00f3n Nacional","description":"Noticias al momento","publisher":{"@id":"https:\/\/conexionnacional.mx\/#organization"},"alternateName":"Noticias nacionales","potentialAction":[{"@type":"SearchAction","target":{"@type":"EntryPoint","urlTemplate":"https:\/\/conexionnacional.mx\/?s={search_term_string}"},"query-input":{"@type":"PropertyValueSpecification","valueRequired":true,"valueName":"search_term_string"}}],"inLanguage":"es"},{"@type":"Organization","@id":"https:\/\/conexionnacional.mx\/#organization","name":"Conexi\u00f3n Nacional","url":"https:\/\/conexionnacional.mx\/","logo":{"@type":"ImageObject","inLanguage":"es","@id":"https:\/\/conexionnacional.mx\/#\/schema\/logo\/image\/","url":"https:\/\/conexionnacional.mx\/wp-content\/uploads\/2022\/09\/conexion_nacional.png","contentUrl":"https:\/\/conexionnacional.mx\/wp-content\/uploads\/2022\/09\/conexion_nacional.png","width":2964,"height":1173,"caption":"Conexi\u00f3n Nacional"},"image":{"@id":"https:\/\/conexionnacional.mx\/#\/schema\/logo\/image\/"},"sameAs":["https:\/\/www.facebook.com\/cnmxradio"]},{"@type":"Person","@id":"https:\/\/conexionnacional.mx\/#\/schema\/person\/ba9cbd742badd9e3d29f2973a1391d18","name":"Redacci\u00f3n Conexi\u00f3n","image":{"@type":"ImageObject","inLanguage":"es","@id":"https:\/\/secure.gravatar.com\/avatar\/8d9ed9913523aff42c4fa3d2fdc52c4dfb8c185dc3f4126ecf97512ec86caa63?s=96&d=blank&r=g","url":"https:\/\/secure.gravatar.com\/avatar\/8d9ed9913523aff42c4fa3d2fdc52c4dfb8c185dc3f4126ecf97512ec86caa63?s=96&d=blank&r=g","contentUrl":"https:\/\/secure.gravatar.com\/avatar\/8d9ed9913523aff42c4fa3d2fdc52c4dfb8c185dc3f4126ecf97512ec86caa63?s=96&d=blank&r=g","caption":"Redacci\u00f3n Conexi\u00f3n"},"url":"https:\/\/conexionnacional.mx\/index.php\/author\/rafael\/"}]}},"_links":{"self":[{"href":"https:\/\/conexionnacional.mx\/index.php\/wp-json\/wp\/v2\/posts\/28100","targetHints":{"allow":["GET"]}}],"collection":[{"href":"https:\/\/conexionnacional.mx\/index.php\/wp-json\/wp\/v2\/posts"}],"about":[{"href":"https:\/\/conexionnacional.mx\/index.php\/wp-json\/wp\/v2\/types\/post"}],"author":[{"embeddable":true,"href":"https:\/\/conexionnacional.mx\/index.php\/wp-json\/wp\/v2\/users\/10"}],"replies":[{"embeddable":true,"href":"https:\/\/conexionnacional.mx\/index.php\/wp-json\/wp\/v2\/comments?post=28100"}],"version-history":[{"count":1,"href":"https:\/\/conexionnacional.mx\/index.php\/wp-json\/wp\/v2\/posts\/28100\/revisions"}],"predecessor-version":[{"id":28102,"href":"https:\/\/conexionnacional.mx\/index.php\/wp-json\/wp\/v2\/posts\/28100\/revisions\/28102"}],"wp:featuredmedia":[{"embeddable":true,"href":"https:\/\/conexionnacional.mx\/index.php\/wp-json\/wp\/v2\/media\/28101"}],"wp:attachment":[{"href":"https:\/\/conexionnacional.mx\/index.php\/wp-json\/wp\/v2\/media?parent=28100"}],"wp:term":[{"taxonomy":"category","embeddable":true,"href":"https:\/\/conexionnacional.mx\/index.php\/wp-json\/wp\/v2\/categories?post=28100"},{"taxonomy":"post_tag","embeddable":true,"href":"https:\/\/conexionnacional.mx\/index.php\/wp-json\/wp\/v2\/tags?post=28100"}],"curies":[{"name":"wp","href":"https:\/\/api.w.org\/{rel}","templated":true}]}}