{"id":27963,"date":"2026-02-18T14:50:07","date_gmt":"2026-02-18T20:50:07","guid":{"rendered":"https:\/\/conexionnacional.mx\/?p=27963"},"modified":"2026-02-18T14:50:17","modified_gmt":"2026-02-18T20:50:17","slug":"bad-bunny-protagoniza-pelicula-dirigida-por-residente","status":"publish","type":"post","link":"https:\/\/conexionnacional.mx\/index.php\/2026\/02\/18\/bad-bunny-protagoniza-pelicula-dirigida-por-residente\/","title":{"rendered":"Bad Bunny protagoniza pel\u00edcula dirigida por Residente"},"content":{"rendered":"\n<p>Bad Bunny\u00a0no quita el dedo del rengl\u00f3n; busca conquistar la meca del cine, mundo al que ya pertenece. Su pr\u00f3ximo filme llegar\u00e1 con\u00a0<strong>Residente<\/strong>.<\/p>\n\n\n\n<p>El cantante\u00a0<strong>Ren\u00e9 P\u00e9rez Joglar<\/strong>, conocido art\u00edsticamente como\u00a0Residente, acaba de anunciar lo que llama \u201cel proyecto m\u00e1s ambicioso de su vida\u201d, filme que protagonizar\u00e1 Bad Bunny, de 31 a\u00f1os de edad.<\/p>\n\n\n\n<p>Este ser\u00e1 el primer protag\u00f3nico de&nbsp;<strong>Benito Antonio Mart\u00ednez Ocasio<\/strong>, nombre real del cantante, quien ha participado en filmes como:<\/p>\n\n\n\n<ul class=\"wp-block-list\">\n<li>F9: The Saga<\/li>\n\n\n\n<li>Te deseo lo mejor<\/li>\n\n\n\n<li>Happy Gilmore 2Caught Stealing<\/li>\n<\/ul>\n\n\n\n<p>Residente, de 47 a\u00f1os de edad, no vio en el \u2018Conejo malo\u2019 a un buen o mal actor sino a una persona a la que le duele Puerto Rico.<\/p>\n\n\n\n<blockquote class=\"wp-block-quote is-layout-flow wp-block-quote-is-layout-flow\">\n<p>\u201cBenito hace su primer rol protag\u00f3nico porque como le cont\u00e9 a \u00e9l, yo no estoy buscando a un actor, estoy buscando a alguien que le duela Puerto Rico tanto como a m\u00ed y que se enorgullezca tanto como yo cuando cantan nuestro himno verdadero\u201dResidente<\/p>\n<\/blockquote>\n\n\n\n<figure class=\"wp-block-image\"><img decoding=\"async\" src=\"data:image\/gif;base64,R0lGODlhAQABAAAAACH5BAEKAAEALAAAAAABAAEAAAICTAEAOw==\" data-src=\"https:\/\/www.sdpnoticias.com\/resizer\/v2\/SPBL2RUPQZHEZGJ6QD2MJMBQSM.jpg?smart=true&amp;auth=f562df8249b0314f785ff8d8acf7d2d08fde5c175e8cc51abdf7503de4d7a3e9&amp;width=345&amp;height=194\" class=\"lazyload\" alt=\"Bad Bunny en el show de medio tiempo del Super Bowl.\"\/><figcaption class=\"wp-element-caption\"><strong>Bad Bunny&nbsp;<\/strong>(Tomada de video\/@NFL)<\/figcaption><\/figure>\n\n\n\n<p>Adem\u00e1s de Bad Bunny, el&nbsp;<strong>elenco incluye a<\/strong>:<\/p>\n\n\n\n<ul class=\"wp-block-list\">\n<li>Viggo Mortensen, de 67 a\u00f1os de edad.<\/li>\n\n\n\n<li>Javier Bardem, de 56 a\u00f1os de edad.<\/li>\n\n\n\n<li>Edward Norton, de 56 a\u00f1os de edad.<\/li>\n<\/ul>\n\n\n\n<p>La pel\u00edcula cuenta con el respaldo del reconocido cineasta mexicano\u00a0Alejandro Gonz\u00e1lez I\u00f1\u00e1rritu, de 62 a\u00f1os de edad, mentor de Residente.<\/p>\n\n\n\n<p>En cuanto al guion, fue coescrito por Alexander Dinelaris, granador del Oscar detr\u00e1s de exitosos filmes como Birdman y El Renacido.<\/p>\n\n\n\n<p>El equipo de producci\u00f3n lo componen:<\/p>\n\n\n\n<ul class=\"wp-block-list\">\n<li>Scott Budnick<\/li>\n\n\n\n<li>Sukey Novogratz<\/li>\n\n\n\n<li>Noah Assad (manager de Bad Bunny)<\/li>\n<\/ul>\n\n\n\n<p>El&nbsp;<strong>proyecto a\u00fan sin nombre y fecha de lanzamiento<\/strong>&nbsp;est\u00e1 financiado por Live Nation Studios y Class 5 Films.<\/p>\n\n\n\n<figure class=\"wp-block-image\"><img decoding=\"async\" src=\"data:image\/gif;base64,R0lGODlhAQABAAAAACH5BAEKAAEALAAAAAABAAEAAAICTAEAOw==\" data-src=\"https:\/\/www.sdpnoticias.com\/resizer\/v2\/TWP6PW535JDNNO56O6K4CUXDTA.jpg?smart=true&amp;auth=7fc99224f94c06bf2aefaf92571214e5941ecadcd16b49cb079c5755c9f7b0e5&amp;width=516&amp;height=615\" class=\"lazyload\" alt=\"Residente lanzar\u00e1 pel\u00edcula protagonizada por Bad Bunny\"\/><figcaption class=\"wp-element-caption\"><strong>Residente lanzar\u00e1 pel\u00edcula protagonizada por Bad Bunny&nbsp;<\/strong>(Residente \/ Facebook)<\/figcaption><\/figure>\n\n\n\n<h2 class=\"wp-block-heading\">\u00bfDe qu\u00e9 trata la pel\u00edcula dirigida por Residente?<\/h2>\n\n\n\n<p>De acuerdo con el especializado portal Deadline, la pel\u00edcula dirigida por&nbsp;<strong>Residente<\/strong>, mediante una narrativa dram\u00e1tica, expondr\u00e1 la verdadera historia y ra\u00edces de su natal Puerto Rico.<\/p>\n\n\n\n<p>Revivir\u00e1 sucesos hist\u00f3ricos, incluyendo la figura del revolucionario Jos\u00e9 Maldonado Rom\u00e1n, considerado un bandido \u201cantiestadounidense\u201d que fue capturado e ingresado a prisi\u00f3n varias veces por sus m\u00faltiples batallas con el Ej\u00e9rcito Libertador de Cuba entre 1898-1909.<\/p>\n\n\n\n<p><\/p>\n","protected":false},"excerpt":{"rendered":"<p>Bad Bunny\u00a0no quita el dedo del rengl\u00f3n; busca conquistar la meca del cine, mundo al que ya pertenece. Su pr\u00f3ximo filme llegar\u00e1 con\u00a0Residente. El cantante\u00a0Ren\u00e9 P\u00e9rez Joglar, conocido art\u00edsticamente como\u00a0Residente, acaba de anunciar lo que llama \u201cel proyecto m\u00e1s ambicioso de su vida\u201d, filme que protagonizar\u00e1 Bad Bunny, de 31 a\u00f1os de edad. Este ser\u00e1 [&hellip;]<\/p>\n","protected":false},"author":10,"featured_media":27964,"comment_status":"closed","ping_status":"closed","sticky":false,"template":"","format":"aside","meta":{"googlesitekit_rrm_CAowytPeCw:productID":"","footnotes":""},"categories":[6354],"tags":[2619],"class_list":["post-27963","post","type-post","status-publish","format-aside","has-post-thumbnail","hentry","category-series-peliculas","tag-bad-bunny","post_format-post-format-aside"],"yoast_head":"<!-- This site is optimized with the Yoast SEO plugin v27.5 - https:\/\/yoast.com\/product\/yoast-seo-wordpress\/ -->\n<title>Bad Bunny protagoniza pel\u00edcula dirigida por Residente |<\/title>\n<meta name=\"robots\" content=\"index, follow, max-snippet:-1, max-image-preview:large, max-video-preview:-1\" \/>\n<link rel=\"canonical\" href=\"https:\/\/conexionnacional.mx\/index.php\/2026\/02\/18\/bad-bunny-protagoniza-pelicula-dirigida-por-residente\/\" \/>\n<meta property=\"og:locale\" content=\"es_MX\" \/>\n<meta property=\"og:type\" content=\"article\" \/>\n<meta property=\"og:title\" content=\"Bad Bunny protagoniza pel\u00edcula dirigida por Residente |\" \/>\n<meta property=\"og:description\" content=\"Bad Bunny\u00a0no quita el dedo del rengl\u00f3n; busca conquistar la meca del cine, mundo al que ya pertenece. Su pr\u00f3ximo filme llegar\u00e1 con\u00a0Residente. El cantante\u00a0Ren\u00e9 P\u00e9rez Joglar, conocido art\u00edsticamente como\u00a0Residente, acaba de anunciar lo que llama \u201cel proyecto m\u00e1s ambicioso de su vida\u201d, filme que protagonizar\u00e1 Bad Bunny, de 31 a\u00f1os de edad. Este ser\u00e1 [&hellip;]\" \/>\n<meta property=\"og:url\" content=\"https:\/\/conexionnacional.mx\/index.php\/2026\/02\/18\/bad-bunny-protagoniza-pelicula-dirigida-por-residente\/\" \/>\n<meta property=\"og:site_name\" content=\"Conexi\u00f3n Nacional\" \/>\n<meta property=\"article:publisher\" content=\"https:\/\/www.facebook.com\/cnmxradio\" \/>\n<meta property=\"article:published_time\" content=\"2026-02-18T20:50:07+00:00\" \/>\n<meta property=\"article:modified_time\" content=\"2026-02-18T20:50:17+00:00\" \/>\n<meta property=\"og:image\" content=\"https:\/\/conexionnacional.mx\/wp-content\/uploads\/2026\/02\/QPMU3TOM7FELFPLDN7YZ5A3PMI.jpg\" \/>\n\t<meta property=\"og:image:width\" content=\"1200\" \/>\n\t<meta property=\"og:image:height\" content=\"675\" \/>\n\t<meta property=\"og:image:type\" content=\"image\/jpeg\" \/>\n<meta name=\"author\" content=\"Redacci\u00f3n Conexi\u00f3n\" \/>\n<meta name=\"twitter:card\" content=\"summary_large_image\" \/>\n<meta name=\"twitter:label1\" content=\"Escrito por\" \/>\n\t<meta name=\"twitter:data1\" content=\"Redacci\u00f3n Conexi\u00f3n\" \/>\n\t<meta name=\"twitter:label2\" content=\"Tiempo de lectura\" \/>\n\t<meta name=\"twitter:data2\" content=\"3 minutos\" \/>\n<script type=\"application\/ld+json\" class=\"yoast-schema-graph\">{\"@context\":\"https:\\\/\\\/schema.org\",\"@graph\":[{\"@type\":\"Article\",\"@id\":\"https:\\\/\\\/conexionnacional.mx\\\/index.php\\\/2026\\\/02\\\/18\\\/bad-bunny-protagoniza-pelicula-dirigida-por-residente\\\/#article\",\"isPartOf\":{\"@id\":\"https:\\\/\\\/conexionnacional.mx\\\/index.php\\\/2026\\\/02\\\/18\\\/bad-bunny-protagoniza-pelicula-dirigida-por-residente\\\/\"},\"author\":{\"name\":\"Redacci\u00f3n Conexi\u00f3n\",\"@id\":\"https:\\\/\\\/conexionnacional.mx\\\/#\\\/schema\\\/person\\\/ba9cbd742badd9e3d29f2973a1391d18\"},\"headline\":\"Bad Bunny protagoniza pel\u00edcula dirigida por Residente\",\"datePublished\":\"2026-02-18T20:50:07+00:00\",\"dateModified\":\"2026-02-18T20:50:17+00:00\",\"mainEntityOfPage\":{\"@id\":\"https:\\\/\\\/conexionnacional.mx\\\/index.php\\\/2026\\\/02\\\/18\\\/bad-bunny-protagoniza-pelicula-dirigida-por-residente\\\/\"},\"wordCount\":393,\"publisher\":{\"@id\":\"https:\\\/\\\/conexionnacional.mx\\\/#organization\"},\"image\":{\"@id\":\"https:\\\/\\\/conexionnacional.mx\\\/index.php\\\/2026\\\/02\\\/18\\\/bad-bunny-protagoniza-pelicula-dirigida-por-residente\\\/#primaryimage\"},\"thumbnailUrl\":\"https:\\\/\\\/conexionnacional.mx\\\/wp-content\\\/uploads\\\/2026\\\/02\\\/QPMU3TOM7FELFPLDN7YZ5A3PMI.jpg\",\"keywords\":[\"Bad Bunny\"],\"articleSection\":[\"Series &amp; Pel\u00edculas\"],\"inLanguage\":\"es\"},{\"@type\":\"WebPage\",\"@id\":\"https:\\\/\\\/conexionnacional.mx\\\/index.php\\\/2026\\\/02\\\/18\\\/bad-bunny-protagoniza-pelicula-dirigida-por-residente\\\/\",\"url\":\"https:\\\/\\\/conexionnacional.mx\\\/index.php\\\/2026\\\/02\\\/18\\\/bad-bunny-protagoniza-pelicula-dirigida-por-residente\\\/\",\"name\":\"Bad Bunny protagoniza pel\u00edcula dirigida por Residente |\",\"isPartOf\":{\"@id\":\"https:\\\/\\\/conexionnacional.mx\\\/#website\"},\"primaryImageOfPage\":{\"@id\":\"https:\\\/\\\/conexionnacional.mx\\\/index.php\\\/2026\\\/02\\\/18\\\/bad-bunny-protagoniza-pelicula-dirigida-por-residente\\\/#primaryimage\"},\"image\":{\"@id\":\"https:\\\/\\\/conexionnacional.mx\\\/index.php\\\/2026\\\/02\\\/18\\\/bad-bunny-protagoniza-pelicula-dirigida-por-residente\\\/#primaryimage\"},\"thumbnailUrl\":\"https:\\\/\\\/conexionnacional.mx\\\/wp-content\\\/uploads\\\/2026\\\/02\\\/QPMU3TOM7FELFPLDN7YZ5A3PMI.jpg\",\"datePublished\":\"2026-02-18T20:50:07+00:00\",\"dateModified\":\"2026-02-18T20:50:17+00:00\",\"breadcrumb\":{\"@id\":\"https:\\\/\\\/conexionnacional.mx\\\/index.php\\\/2026\\\/02\\\/18\\\/bad-bunny-protagoniza-pelicula-dirigida-por-residente\\\/#breadcrumb\"},\"inLanguage\":\"es\",\"potentialAction\":[{\"@type\":\"ReadAction\",\"target\":[\"https:\\\/\\\/conexionnacional.mx\\\/index.php\\\/2026\\\/02\\\/18\\\/bad-bunny-protagoniza-pelicula-dirigida-por-residente\\\/\"]}]},{\"@type\":\"ImageObject\",\"inLanguage\":\"es\",\"@id\":\"https:\\\/\\\/conexionnacional.mx\\\/index.php\\\/2026\\\/02\\\/18\\\/bad-bunny-protagoniza-pelicula-dirigida-por-residente\\\/#primaryimage\",\"url\":\"https:\\\/\\\/conexionnacional.mx\\\/wp-content\\\/uploads\\\/2026\\\/02\\\/QPMU3TOM7FELFPLDN7YZ5A3PMI.jpg\",\"contentUrl\":\"https:\\\/\\\/conexionnacional.mx\\\/wp-content\\\/uploads\\\/2026\\\/02\\\/QPMU3TOM7FELFPLDN7YZ5A3PMI.jpg\",\"width\":1200,\"height\":675},{\"@type\":\"BreadcrumbList\",\"@id\":\"https:\\\/\\\/conexionnacional.mx\\\/index.php\\\/2026\\\/02\\\/18\\\/bad-bunny-protagoniza-pelicula-dirigida-por-residente\\\/#breadcrumb\",\"itemListElement\":[{\"@type\":\"ListItem\",\"position\":1,\"name\":\"Inicio\",\"item\":\"https:\\\/\\\/conexionnacional.mx\\\/\"},{\"@type\":\"ListItem\",\"position\":2,\"name\":\"Bad Bunny protagoniza pel\u00edcula dirigida por Residente\"}]},{\"@type\":\"WebSite\",\"@id\":\"https:\\\/\\\/conexionnacional.mx\\\/#website\",\"url\":\"https:\\\/\\\/conexionnacional.mx\\\/\",\"name\":\"Conexi\u00f3n Nacional\",\"description\":\"Noticias al momento\",\"publisher\":{\"@id\":\"https:\\\/\\\/conexionnacional.mx\\\/#organization\"},\"alternateName\":\"Noticias nacionales\",\"potentialAction\":[{\"@type\":\"SearchAction\",\"target\":{\"@type\":\"EntryPoint\",\"urlTemplate\":\"https:\\\/\\\/conexionnacional.mx\\\/?s={search_term_string}\"},\"query-input\":{\"@type\":\"PropertyValueSpecification\",\"valueRequired\":true,\"valueName\":\"search_term_string\"}}],\"inLanguage\":\"es\"},{\"@type\":\"Organization\",\"@id\":\"https:\\\/\\\/conexionnacional.mx\\\/#organization\",\"name\":\"Conexi\u00f3n Nacional\",\"url\":\"https:\\\/\\\/conexionnacional.mx\\\/\",\"logo\":{\"@type\":\"ImageObject\",\"inLanguage\":\"es\",\"@id\":\"https:\\\/\\\/conexionnacional.mx\\\/#\\\/schema\\\/logo\\\/image\\\/\",\"url\":\"https:\\\/\\\/conexionnacional.mx\\\/wp-content\\\/uploads\\\/2022\\\/09\\\/conexion_nacional.png\",\"contentUrl\":\"https:\\\/\\\/conexionnacional.mx\\\/wp-content\\\/uploads\\\/2022\\\/09\\\/conexion_nacional.png\",\"width\":2964,\"height\":1173,\"caption\":\"Conexi\u00f3n Nacional\"},\"image\":{\"@id\":\"https:\\\/\\\/conexionnacional.mx\\\/#\\\/schema\\\/logo\\\/image\\\/\"},\"sameAs\":[\"https:\\\/\\\/www.facebook.com\\\/cnmxradio\"]},{\"@type\":\"Person\",\"@id\":\"https:\\\/\\\/conexionnacional.mx\\\/#\\\/schema\\\/person\\\/ba9cbd742badd9e3d29f2973a1391d18\",\"name\":\"Redacci\u00f3n Conexi\u00f3n\",\"image\":{\"@type\":\"ImageObject\",\"inLanguage\":\"es\",\"@id\":\"https:\\\/\\\/secure.gravatar.com\\\/avatar\\\/8d9ed9913523aff42c4fa3d2fdc52c4dfb8c185dc3f4126ecf97512ec86caa63?s=96&d=blank&r=g\",\"url\":\"https:\\\/\\\/secure.gravatar.com\\\/avatar\\\/8d9ed9913523aff42c4fa3d2fdc52c4dfb8c185dc3f4126ecf97512ec86caa63?s=96&d=blank&r=g\",\"contentUrl\":\"https:\\\/\\\/secure.gravatar.com\\\/avatar\\\/8d9ed9913523aff42c4fa3d2fdc52c4dfb8c185dc3f4126ecf97512ec86caa63?s=96&d=blank&r=g\",\"caption\":\"Redacci\u00f3n Conexi\u00f3n\"},\"url\":\"https:\\\/\\\/conexionnacional.mx\\\/index.php\\\/author\\\/rafael\\\/\"}]}<\/script>\n<!-- \/ Yoast SEO plugin. -->","yoast_head_json":{"title":"Bad Bunny protagoniza pel\u00edcula dirigida por Residente |","robots":{"index":"index","follow":"follow","max-snippet":"max-snippet:-1","max-image-preview":"max-image-preview:large","max-video-preview":"max-video-preview:-1"},"canonical":"https:\/\/conexionnacional.mx\/index.php\/2026\/02\/18\/bad-bunny-protagoniza-pelicula-dirigida-por-residente\/","og_locale":"es_MX","og_type":"article","og_title":"Bad Bunny protagoniza pel\u00edcula dirigida por Residente |","og_description":"Bad Bunny\u00a0no quita el dedo del rengl\u00f3n; busca conquistar la meca del cine, mundo al que ya pertenece. Su pr\u00f3ximo filme llegar\u00e1 con\u00a0Residente. El cantante\u00a0Ren\u00e9 P\u00e9rez Joglar, conocido art\u00edsticamente como\u00a0Residente, acaba de anunciar lo que llama \u201cel proyecto m\u00e1s ambicioso de su vida\u201d, filme que protagonizar\u00e1 Bad Bunny, de 31 a\u00f1os de edad. Este ser\u00e1 [&hellip;]","og_url":"https:\/\/conexionnacional.mx\/index.php\/2026\/02\/18\/bad-bunny-protagoniza-pelicula-dirigida-por-residente\/","og_site_name":"Conexi\u00f3n Nacional","article_publisher":"https:\/\/www.facebook.com\/cnmxradio","article_published_time":"2026-02-18T20:50:07+00:00","article_modified_time":"2026-02-18T20:50:17+00:00","og_image":[{"width":1200,"height":675,"url":"https:\/\/conexionnacional.mx\/wp-content\/uploads\/2026\/02\/QPMU3TOM7FELFPLDN7YZ5A3PMI.jpg","type":"image\/jpeg"}],"author":"Redacci\u00f3n Conexi\u00f3n","twitter_card":"summary_large_image","twitter_misc":{"Escrito por":"Redacci\u00f3n Conexi\u00f3n","Tiempo de lectura":"3 minutos"},"schema":{"@context":"https:\/\/schema.org","@graph":[{"@type":"Article","@id":"https:\/\/conexionnacional.mx\/index.php\/2026\/02\/18\/bad-bunny-protagoniza-pelicula-dirigida-por-residente\/#article","isPartOf":{"@id":"https:\/\/conexionnacional.mx\/index.php\/2026\/02\/18\/bad-bunny-protagoniza-pelicula-dirigida-por-residente\/"},"author":{"name":"Redacci\u00f3n Conexi\u00f3n","@id":"https:\/\/conexionnacional.mx\/#\/schema\/person\/ba9cbd742badd9e3d29f2973a1391d18"},"headline":"Bad Bunny protagoniza pel\u00edcula dirigida por Residente","datePublished":"2026-02-18T20:50:07+00:00","dateModified":"2026-02-18T20:50:17+00:00","mainEntityOfPage":{"@id":"https:\/\/conexionnacional.mx\/index.php\/2026\/02\/18\/bad-bunny-protagoniza-pelicula-dirigida-por-residente\/"},"wordCount":393,"publisher":{"@id":"https:\/\/conexionnacional.mx\/#organization"},"image":{"@id":"https:\/\/conexionnacional.mx\/index.php\/2026\/02\/18\/bad-bunny-protagoniza-pelicula-dirigida-por-residente\/#primaryimage"},"thumbnailUrl":"https:\/\/conexionnacional.mx\/wp-content\/uploads\/2026\/02\/QPMU3TOM7FELFPLDN7YZ5A3PMI.jpg","keywords":["Bad Bunny"],"articleSection":["Series &amp; Pel\u00edculas"],"inLanguage":"es"},{"@type":"WebPage","@id":"https:\/\/conexionnacional.mx\/index.php\/2026\/02\/18\/bad-bunny-protagoniza-pelicula-dirigida-por-residente\/","url":"https:\/\/conexionnacional.mx\/index.php\/2026\/02\/18\/bad-bunny-protagoniza-pelicula-dirigida-por-residente\/","name":"Bad Bunny protagoniza pel\u00edcula dirigida por Residente |","isPartOf":{"@id":"https:\/\/conexionnacional.mx\/#website"},"primaryImageOfPage":{"@id":"https:\/\/conexionnacional.mx\/index.php\/2026\/02\/18\/bad-bunny-protagoniza-pelicula-dirigida-por-residente\/#primaryimage"},"image":{"@id":"https:\/\/conexionnacional.mx\/index.php\/2026\/02\/18\/bad-bunny-protagoniza-pelicula-dirigida-por-residente\/#primaryimage"},"thumbnailUrl":"https:\/\/conexionnacional.mx\/wp-content\/uploads\/2026\/02\/QPMU3TOM7FELFPLDN7YZ5A3PMI.jpg","datePublished":"2026-02-18T20:50:07+00:00","dateModified":"2026-02-18T20:50:17+00:00","breadcrumb":{"@id":"https:\/\/conexionnacional.mx\/index.php\/2026\/02\/18\/bad-bunny-protagoniza-pelicula-dirigida-por-residente\/#breadcrumb"},"inLanguage":"es","potentialAction":[{"@type":"ReadAction","target":["https:\/\/conexionnacional.mx\/index.php\/2026\/02\/18\/bad-bunny-protagoniza-pelicula-dirigida-por-residente\/"]}]},{"@type":"ImageObject","inLanguage":"es","@id":"https:\/\/conexionnacional.mx\/index.php\/2026\/02\/18\/bad-bunny-protagoniza-pelicula-dirigida-por-residente\/#primaryimage","url":"https:\/\/conexionnacional.mx\/wp-content\/uploads\/2026\/02\/QPMU3TOM7FELFPLDN7YZ5A3PMI.jpg","contentUrl":"https:\/\/conexionnacional.mx\/wp-content\/uploads\/2026\/02\/QPMU3TOM7FELFPLDN7YZ5A3PMI.jpg","width":1200,"height":675},{"@type":"BreadcrumbList","@id":"https:\/\/conexionnacional.mx\/index.php\/2026\/02\/18\/bad-bunny-protagoniza-pelicula-dirigida-por-residente\/#breadcrumb","itemListElement":[{"@type":"ListItem","position":1,"name":"Inicio","item":"https:\/\/conexionnacional.mx\/"},{"@type":"ListItem","position":2,"name":"Bad Bunny protagoniza pel\u00edcula dirigida por Residente"}]},{"@type":"WebSite","@id":"https:\/\/conexionnacional.mx\/#website","url":"https:\/\/conexionnacional.mx\/","name":"Conexi\u00f3n Nacional","description":"Noticias al momento","publisher":{"@id":"https:\/\/conexionnacional.mx\/#organization"},"alternateName":"Noticias nacionales","potentialAction":[{"@type":"SearchAction","target":{"@type":"EntryPoint","urlTemplate":"https:\/\/conexionnacional.mx\/?s={search_term_string}"},"query-input":{"@type":"PropertyValueSpecification","valueRequired":true,"valueName":"search_term_string"}}],"inLanguage":"es"},{"@type":"Organization","@id":"https:\/\/conexionnacional.mx\/#organization","name":"Conexi\u00f3n Nacional","url":"https:\/\/conexionnacional.mx\/","logo":{"@type":"ImageObject","inLanguage":"es","@id":"https:\/\/conexionnacional.mx\/#\/schema\/logo\/image\/","url":"https:\/\/conexionnacional.mx\/wp-content\/uploads\/2022\/09\/conexion_nacional.png","contentUrl":"https:\/\/conexionnacional.mx\/wp-content\/uploads\/2022\/09\/conexion_nacional.png","width":2964,"height":1173,"caption":"Conexi\u00f3n Nacional"},"image":{"@id":"https:\/\/conexionnacional.mx\/#\/schema\/logo\/image\/"},"sameAs":["https:\/\/www.facebook.com\/cnmxradio"]},{"@type":"Person","@id":"https:\/\/conexionnacional.mx\/#\/schema\/person\/ba9cbd742badd9e3d29f2973a1391d18","name":"Redacci\u00f3n Conexi\u00f3n","image":{"@type":"ImageObject","inLanguage":"es","@id":"https:\/\/secure.gravatar.com\/avatar\/8d9ed9913523aff42c4fa3d2fdc52c4dfb8c185dc3f4126ecf97512ec86caa63?s=96&d=blank&r=g","url":"https:\/\/secure.gravatar.com\/avatar\/8d9ed9913523aff42c4fa3d2fdc52c4dfb8c185dc3f4126ecf97512ec86caa63?s=96&d=blank&r=g","contentUrl":"https:\/\/secure.gravatar.com\/avatar\/8d9ed9913523aff42c4fa3d2fdc52c4dfb8c185dc3f4126ecf97512ec86caa63?s=96&d=blank&r=g","caption":"Redacci\u00f3n Conexi\u00f3n"},"url":"https:\/\/conexionnacional.mx\/index.php\/author\/rafael\/"}]}},"_links":{"self":[{"href":"https:\/\/conexionnacional.mx\/index.php\/wp-json\/wp\/v2\/posts\/27963","targetHints":{"allow":["GET"]}}],"collection":[{"href":"https:\/\/conexionnacional.mx\/index.php\/wp-json\/wp\/v2\/posts"}],"about":[{"href":"https:\/\/conexionnacional.mx\/index.php\/wp-json\/wp\/v2\/types\/post"}],"author":[{"embeddable":true,"href":"https:\/\/conexionnacional.mx\/index.php\/wp-json\/wp\/v2\/users\/10"}],"replies":[{"embeddable":true,"href":"https:\/\/conexionnacional.mx\/index.php\/wp-json\/wp\/v2\/comments?post=27963"}],"version-history":[{"count":1,"href":"https:\/\/conexionnacional.mx\/index.php\/wp-json\/wp\/v2\/posts\/27963\/revisions"}],"predecessor-version":[{"id":27965,"href":"https:\/\/conexionnacional.mx\/index.php\/wp-json\/wp\/v2\/posts\/27963\/revisions\/27965"}],"wp:featuredmedia":[{"embeddable":true,"href":"https:\/\/conexionnacional.mx\/index.php\/wp-json\/wp\/v2\/media\/27964"}],"wp:attachment":[{"href":"https:\/\/conexionnacional.mx\/index.php\/wp-json\/wp\/v2\/media?parent=27963"}],"wp:term":[{"taxonomy":"category","embeddable":true,"href":"https:\/\/conexionnacional.mx\/index.php\/wp-json\/wp\/v2\/categories?post=27963"},{"taxonomy":"post_tag","embeddable":true,"href":"https:\/\/conexionnacional.mx\/index.php\/wp-json\/wp\/v2\/tags?post=27963"}],"curies":[{"name":"wp","href":"https:\/\/api.w.org\/{rel}","templated":true}]}}