{"id":27892,"date":"2026-02-16T12:23:39","date_gmt":"2026-02-16T18:23:39","guid":{"rendered":"https:\/\/conexionnacional.mx\/?p=27892"},"modified":"2026-02-16T12:23:46","modified_gmt":"2026-02-16T18:23:46","slug":"pablo-dejo-a-su-esposa-e-hijos-para-convertirse-en-un-therian-asi-es-su-vida-ladra-se-rasca-y-odia-banarse","status":"publish","type":"post","link":"https:\/\/conexionnacional.mx\/index.php\/2026\/02\/16\/pablo-dejo-a-su-esposa-e-hijos-para-convertirse-en-un-therian-asi-es-su-vida-ladra-se-rasca-y-odia-banarse\/","title":{"rendered":"Pablo dej\u00f3 a su esposa e hijos para convertirse en un therian, as\u00ed es su vida: &#8220;Ladra, se rasca y odia ba\u00f1arse&#8221;"},"content":{"rendered":"\n<p>El tema de conversaci\u00f3n en los \u00faltimos d\u00edas no ha sido otro que el de los&nbsp;<strong>therian<\/strong>, personas que sienten una conexi\u00f3n intensa con alg\u00fan&nbsp;<strong>animal<\/strong>, esto tras la historia de uno de ellos que mordi\u00f3 a una ni\u00f1a o de los casos de&nbsp;<strong>veterinarios&nbsp;<\/strong>que cuentan c\u00f3mo cada vez se acercan a consulta personas que se identifican como&nbsp;<a href=\"https:\/\/heraldodemexico.com.mx\/tendencias\/2026\/2\/16\/veterinario-narra-su-primera-experiencia-en-consulta-con-un-therian-lo-tuve-que-dormir-video-769901.html\" target=\"_blank\" rel=\"noreferrer noopener\"><strong>therian&nbsp;<\/strong>para buscar ayuda por alg\u00fan problema de salud<\/a>.&nbsp;<\/p>\n\n\n\n<p>Pero las historias no acaban con lo anterior, pues incluso comienzan a circular en redes sociales los primeros blogs de c\u00f3mo vive una persona que se identifica como&nbsp;<strong>therian<\/strong>, ya que esta creencia no solo implica el&nbsp;<strong>disfrazarse&nbsp;<\/strong>con elementos con los que el sujeto sienta todav\u00eda m\u00e1s&nbsp;<strong>conexi\u00f3n&nbsp;<\/strong>con alguna especie&nbsp;<strong>animal<\/strong>, sino que tambi\u00e9n implica el comportamiento y el estilo de vida, tal y como le ocurre a&nbsp;<strong>Pablo<\/strong>.&nbsp;<\/p>\n\n\n\n<p>Pablo es un hombre originario de&nbsp;<strong>Argentina&nbsp;<\/strong>que desde hace un tiempo se mud\u00f3 a M\u00e9xico, dejando atr\u00e1s su pasado como cabeza de&nbsp;<strong>familia<\/strong>, ya que tiene&nbsp;<strong>esposa&nbsp;<\/strong>e&nbsp;<strong>hijos<\/strong>, para poder tener un comportamiento de un&nbsp;<strong>perro d\u00e1lmata<\/strong>. El caso fue difundido por el tiktoker&nbsp;<strong>Carlos Name<\/strong>, quien incluso tuvo la oportunidad de acudir a la vivienda del therian para ver en qu\u00e9 condiciones vive y el resultado ya es viral.&nbsp;<\/p>\n\n\n\n<figure class=\"wp-block-image\"><img decoding=\"async\" src=\"data:image\/gif;base64,R0lGODlhAQABAAAAACH5BAEKAAEALAAAAAABAAEAAAICTAEAOw==\" data-src=\"https:\/\/heraldodemexico.com.mx\/u\/fotografias\/m\/2026\/2\/16\/f768x1-1246992_1247119_5050.jpeg\" class=\"lazyload\" alt=\"\"\/><figcaption class=\"wp-element-caption\">As\u00ed es el d\u00eda de un therian. (Foto: TT&nbsp;@carlos_name)<\/figcaption><\/figure>\n\n\n\n<p>De acuerdo con lo que cont\u00f3 Carlos Name,&nbsp;<strong>Pablo&nbsp;<\/strong>es humano con un empleo formal, pero en la intimidad tambi\u00e9n es un&nbsp;<strong>therian&nbsp;<\/strong>que acude al&nbsp;<strong>veterinario&nbsp;<\/strong>como si de una consulta m\u00e9dica se tratara, quien se alimenta a base de&nbsp;<strong>croquetas<\/strong>,<strong>&nbsp;ladra, se rasca y adem\u00e1s odia ba\u00f1arse.&nbsp;<\/strong><\/p>\n\n\n\n<blockquote class=\"wp-block-quote is-layout-flow wp-block-quote-is-layout-flow\">\n<p>\u201cSer&nbsp;<strong>therian&nbsp;<\/strong>es para \u00e9l todo un estilo de vida\u2026 que lo quiere llevar de tiempo completo\u201d, mencion\u00f3 en un video viral que ya dividi\u00f3 opiniones en redes sociales.&nbsp;<\/p>\n<\/blockquote>\n\n\n\n<h2 class=\"wp-block-heading\">\u00bfC\u00f3mo vive en therian?<\/h2>\n\n\n\n<p>Ser&nbsp;<strong>therian&nbsp;<\/strong>no solo implica identificarse con alguna especie animal, sino tambi\u00e9n hacer todo lo posible por&nbsp;<strong>comportarse&nbsp;<\/strong>como uno desde la apariencia y rezagos, comportamientos, alimentaci\u00f3n y hasta el estilo de vida. Un ejemplo claro es un hombre de nombre&nbsp;<strong>Pablo&nbsp;<\/strong>quien se identifica como un perro d\u00e1lmata que incluso disfruta salir a pasear y jugar.&nbsp;<\/p>\n\n\n\n<blockquote class=\"wp-block-quote is-layout-flow wp-block-quote-is-layout-flow\">\n<p>\u201c\u00c9l se llamaba&nbsp;<strong>Pablo<\/strong>, lleva dos a\u00f1os identific\u00e1ndose como un&nbsp;<strong>therian<\/strong>. Dej\u00f3 en&nbsp;<strong>Argentina&nbsp;<\/strong>a su esposa y a sus dos hijos y ahora vive en M\u00e9xico\u201d, coment\u00f3 Carlos Name al visitar la casa de un therian.&nbsp;<\/p>\n<\/blockquote>\n\n\n\n<p>En el video mostr\u00f3 c\u00f3mo en la alacena \u00fanicamente hay postales de croquetas de distintas marcas y sabores, pues el influencer asegura que cuando&nbsp;<strong>Pablo&nbsp;<\/strong>est\u00e1 caracterizado de&nbsp;<strong>perro&nbsp;<\/strong>esta es su&nbsp;<strong>alimentaci\u00f3n<\/strong>.<\/p>\n\n\n\n<p>Adem\u00e1s, el sujeto tiene una cuidadora, quien habl\u00f3 en su lugar para detallar que el sentirse y caracterizarse como perro, \u201cle da una sensaci\u00f3n de control, le da fuerza para enfrentar momentos de estr\u00e9s, ansiedad o inclusive de soledad\u201d.&nbsp;<\/p>\n\n\n\n<p>Tras dar a conocer este caso en redes sociales, la secci\u00f3n de comentarios se llen\u00f3 de mensajes como:&nbsp;<\/p>\n\n\n\n<ul class=\"wp-block-list\">\n<li>El pap\u00e1 de mis hijos con tal de no pagar la pensi\u00f3n.\u00a0<\/li>\n\n\n\n<li>Desarroll\u00e9 un tipo nuevo de racismo.\u00a0<\/li>\n\n\n\n<li>La humanidad ya no puede sostener la vida. El n\u00facleo familiar est\u00e1 roto en la sociedad y eso nos lleva al colapso humano\u2026<\/li>\n\n\n\n<li>Yo me identifico como una persona millonaria y no veo el dinero.\u00a0<\/li>\n\n\n\n<li>Yo me identifico como un alce, de tantos cuernos que me montaron.\u00a0<\/li>\n\n\n\n<li>Vengo a confesar que soy therian, siento una gran conexi\u00f3n con las palomas porque me encantan las migajas.\u00a0<\/li>\n\n\n\n<li>Realmente da miedo.\u00a0<\/li>\n\n\n\n<li>En el peligro, llama al 911 o a los Paw Patrol.<\/li>\n<\/ul>\n\n\n\n<blockquote class=\"tiktok-embed\" cite=\"https:\/\/www.tiktok.com\/@carlos_name\/video\/7607305043389238549\" data-video-id=\"7607305043389238549\" style=\"max-width: 605px;min-width: 325px;\" > <section> <a target=\"_blank\" title=\"@carlos_name\" href=\"https:\/\/www.tiktok.com\/@carlos_name?refer=embed\">@carlos_name<\/a> Pablo acude al veterinario, come croquetas, ladra, se rasca y odia ba\u00f1arse\u2026 ser therian es para el todo un estilo de vida\u2026 que lo quiere llevar de tiempo completo <a title=\"horrortok\" target=\"_blank\" href=\"https:\/\/www.tiktok.com\/tag\/horrortok?refer=embed\">#horrortok<\/a> <a target=\"_blank\" title=\"\u266c Horror song with an eerie music box melody(845045) - \u30cf\u30b7\u30de\u30df\" href=\"https:\/\/www.tiktok.com\/music\/Horror-song-with-an-eerie-music-box-melody-845045-6860505104399730690?refer=embed\">\u266c Horror song with an eerie music box melody(845045) &#8211; \u30cf\u30b7\u30de\u30df<\/a> <\/section> <\/blockquote> <script async src=\"https:\/\/www.tiktok.com\/embed.js\"><\/script>\n\n\n\n<h2 class=\"wp-block-heading\">\u00bfUna persona therian puede ser humano?<\/h2>\n\n\n\n<p>Un&nbsp;<strong>therian&nbsp;<\/strong>no solo pasa su tiempo siendo y comport\u00e1ndose como el&nbsp;<strong>animal&nbsp;<\/strong>que lo representa, sino que tambi\u00e9n puede llegar a tener su&nbsp;<strong>versi\u00f3n humana&nbsp;<\/strong>con la cual presentarse ante la&nbsp;<strong>sociedad<\/strong>. Al menos as\u00ed lo cont\u00f3 la cuidadora de Pablo, un therian argentino, al tiktoker Carlos Name.&nbsp;<\/p>\n\n\n\n<blockquote class=\"wp-block-quote is-layout-flow wp-block-quote-is-layout-flow\">\n<p>\u201cEl se\u00f1or Pablo tiene una vida normal, no voy a decir qu\u00e9 profesi\u00f3n tiene ni nada, pero s\u00ed tiene una vida profesional, o sea, no todo el tiempo est\u00e1 caracterizado como un perro\u201d, explic\u00f3.<\/p>\n<\/blockquote>\n\n\n\n<p><\/p>\n","protected":false},"excerpt":{"rendered":"<p>El tema de conversaci\u00f3n en los \u00faltimos d\u00edas no ha sido otro que el de los&nbsp;therian, personas que sienten una conexi\u00f3n intensa con alg\u00fan&nbsp;animal, esto tras la historia de uno de ellos que mordi\u00f3 a una ni\u00f1a o de los casos de&nbsp;veterinarios&nbsp;que cuentan c\u00f3mo cada vez se acercan a consulta personas que se identifican como&nbsp;therian&nbsp;para [&hellip;]<\/p>\n","protected":false},"author":10,"featured_media":27893,"comment_status":"closed","ping_status":"closed","sticky":false,"template":"","format":"aside","meta":{"googlesitekit_rrm_CAowytPeCw:productID":"","footnotes":""},"categories":[3],"tags":[9408],"class_list":["post-27892","post","type-post","status-publish","format-aside","has-post-thumbnail","hentry","category-nacional","tag-therian","post_format-post-format-aside"],"yoast_head":"<!-- This site is optimized with the Yoast SEO plugin v27.5 - https:\/\/yoast.com\/product\/yoast-seo-wordpress\/ -->\n<title>Pablo dej\u00f3 a su esposa e hijos para convertirse en un therian, as\u00ed es su vida: &quot;Ladra, se rasca y odia ba\u00f1arse&quot; |<\/title>\n<meta name=\"robots\" content=\"index, follow, max-snippet:-1, max-image-preview:large, max-video-preview:-1\" \/>\n<link rel=\"canonical\" href=\"https:\/\/conexionnacional.mx\/index.php\/2026\/02\/16\/pablo-dejo-a-su-esposa-e-hijos-para-convertirse-en-un-therian-asi-es-su-vida-ladra-se-rasca-y-odia-banarse\/\" \/>\n<meta property=\"og:locale\" content=\"es_MX\" \/>\n<meta property=\"og:type\" content=\"article\" \/>\n<meta property=\"og:title\" content=\"Pablo dej\u00f3 a su esposa e hijos para convertirse en un therian, as\u00ed es su vida: &quot;Ladra, se rasca y odia ba\u00f1arse&quot; |\" \/>\n<meta property=\"og:description\" content=\"El tema de conversaci\u00f3n en los \u00faltimos d\u00edas no ha sido otro que el de los&nbsp;therian, personas que sienten una conexi\u00f3n intensa con alg\u00fan&nbsp;animal, esto tras la historia de uno de ellos que mordi\u00f3 a una ni\u00f1a o de los casos de&nbsp;veterinarios&nbsp;que cuentan c\u00f3mo cada vez se acercan a consulta personas que se identifican como&nbsp;therian&nbsp;para [&hellip;]\" \/>\n<meta property=\"og:url\" content=\"https:\/\/conexionnacional.mx\/index.php\/2026\/02\/16\/pablo-dejo-a-su-esposa-e-hijos-para-convertirse-en-un-therian-asi-es-su-vida-ladra-se-rasca-y-odia-banarse\/\" \/>\n<meta property=\"og:site_name\" content=\"Conexi\u00f3n Nacional\" \/>\n<meta property=\"article:publisher\" content=\"https:\/\/www.facebook.com\/cnmxradio\" \/>\n<meta property=\"article:published_time\" content=\"2026-02-16T18:23:39+00:00\" \/>\n<meta property=\"article:modified_time\" content=\"2026-02-16T18:23:46+00:00\" \/>\n<meta property=\"og:image\" content=\"https:\/\/conexionnacional.mx\/wp-content\/uploads\/2026\/02\/f848x477-1246993_1304796_1019.jpg\" \/>\n\t<meta property=\"og:image:width\" content=\"848\" \/>\n\t<meta property=\"og:image:height\" content=\"477\" \/>\n\t<meta property=\"og:image:type\" content=\"image\/jpeg\" \/>\n<meta name=\"author\" content=\"Redacci\u00f3n Conexi\u00f3n\" \/>\n<meta name=\"twitter:card\" content=\"summary_large_image\" \/>\n<meta name=\"twitter:label1\" content=\"Escrito por\" \/>\n\t<meta name=\"twitter:data1\" content=\"Redacci\u00f3n Conexi\u00f3n\" \/>\n\t<meta name=\"twitter:label2\" content=\"Tiempo de lectura\" \/>\n\t<meta name=\"twitter:data2\" content=\"4 minutos\" \/>\n<script type=\"application\/ld+json\" class=\"yoast-schema-graph\">{\"@context\":\"https:\\\/\\\/schema.org\",\"@graph\":[{\"@type\":\"Article\",\"@id\":\"https:\\\/\\\/conexionnacional.mx\\\/index.php\\\/2026\\\/02\\\/16\\\/pablo-dejo-a-su-esposa-e-hijos-para-convertirse-en-un-therian-asi-es-su-vida-ladra-se-rasca-y-odia-banarse\\\/#article\",\"isPartOf\":{\"@id\":\"https:\\\/\\\/conexionnacional.mx\\\/index.php\\\/2026\\\/02\\\/16\\\/pablo-dejo-a-su-esposa-e-hijos-para-convertirse-en-un-therian-asi-es-su-vida-ladra-se-rasca-y-odia-banarse\\\/\"},\"author\":{\"name\":\"Redacci\u00f3n Conexi\u00f3n\",\"@id\":\"https:\\\/\\\/conexionnacional.mx\\\/#\\\/schema\\\/person\\\/ba9cbd742badd9e3d29f2973a1391d18\"},\"headline\":\"Pablo dej\u00f3 a su esposa e hijos para convertirse en un therian, as\u00ed es su vida: &#8220;Ladra, se rasca y odia ba\u00f1arse&#8221;\",\"datePublished\":\"2026-02-16T18:23:39+00:00\",\"dateModified\":\"2026-02-16T18:23:46+00:00\",\"mainEntityOfPage\":{\"@id\":\"https:\\\/\\\/conexionnacional.mx\\\/index.php\\\/2026\\\/02\\\/16\\\/pablo-dejo-a-su-esposa-e-hijos-para-convertirse-en-un-therian-asi-es-su-vida-ladra-se-rasca-y-odia-banarse\\\/\"},\"wordCount\":843,\"publisher\":{\"@id\":\"https:\\\/\\\/conexionnacional.mx\\\/#organization\"},\"image\":{\"@id\":\"https:\\\/\\\/conexionnacional.mx\\\/index.php\\\/2026\\\/02\\\/16\\\/pablo-dejo-a-su-esposa-e-hijos-para-convertirse-en-un-therian-asi-es-su-vida-ladra-se-rasca-y-odia-banarse\\\/#primaryimage\"},\"thumbnailUrl\":\"https:\\\/\\\/conexionnacional.mx\\\/wp-content\\\/uploads\\\/2026\\\/02\\\/f848x477-1246993_1304796_1019.jpg\",\"keywords\":[\"Therian\"],\"articleSection\":[\"Nacional\"],\"inLanguage\":\"es\"},{\"@type\":\"WebPage\",\"@id\":\"https:\\\/\\\/conexionnacional.mx\\\/index.php\\\/2026\\\/02\\\/16\\\/pablo-dejo-a-su-esposa-e-hijos-para-convertirse-en-un-therian-asi-es-su-vida-ladra-se-rasca-y-odia-banarse\\\/\",\"url\":\"https:\\\/\\\/conexionnacional.mx\\\/index.php\\\/2026\\\/02\\\/16\\\/pablo-dejo-a-su-esposa-e-hijos-para-convertirse-en-un-therian-asi-es-su-vida-ladra-se-rasca-y-odia-banarse\\\/\",\"name\":\"Pablo dej\u00f3 a su esposa e hijos para convertirse en un therian, as\u00ed es su vida: \\\"Ladra, se rasca y odia ba\u00f1arse\\\" |\",\"isPartOf\":{\"@id\":\"https:\\\/\\\/conexionnacional.mx\\\/#website\"},\"primaryImageOfPage\":{\"@id\":\"https:\\\/\\\/conexionnacional.mx\\\/index.php\\\/2026\\\/02\\\/16\\\/pablo-dejo-a-su-esposa-e-hijos-para-convertirse-en-un-therian-asi-es-su-vida-ladra-se-rasca-y-odia-banarse\\\/#primaryimage\"},\"image\":{\"@id\":\"https:\\\/\\\/conexionnacional.mx\\\/index.php\\\/2026\\\/02\\\/16\\\/pablo-dejo-a-su-esposa-e-hijos-para-convertirse-en-un-therian-asi-es-su-vida-ladra-se-rasca-y-odia-banarse\\\/#primaryimage\"},\"thumbnailUrl\":\"https:\\\/\\\/conexionnacional.mx\\\/wp-content\\\/uploads\\\/2026\\\/02\\\/f848x477-1246993_1304796_1019.jpg\",\"datePublished\":\"2026-02-16T18:23:39+00:00\",\"dateModified\":\"2026-02-16T18:23:46+00:00\",\"breadcrumb\":{\"@id\":\"https:\\\/\\\/conexionnacional.mx\\\/index.php\\\/2026\\\/02\\\/16\\\/pablo-dejo-a-su-esposa-e-hijos-para-convertirse-en-un-therian-asi-es-su-vida-ladra-se-rasca-y-odia-banarse\\\/#breadcrumb\"},\"inLanguage\":\"es\",\"potentialAction\":[{\"@type\":\"ReadAction\",\"target\":[\"https:\\\/\\\/conexionnacional.mx\\\/index.php\\\/2026\\\/02\\\/16\\\/pablo-dejo-a-su-esposa-e-hijos-para-convertirse-en-un-therian-asi-es-su-vida-ladra-se-rasca-y-odia-banarse\\\/\"]}]},{\"@type\":\"ImageObject\",\"inLanguage\":\"es\",\"@id\":\"https:\\\/\\\/conexionnacional.mx\\\/index.php\\\/2026\\\/02\\\/16\\\/pablo-dejo-a-su-esposa-e-hijos-para-convertirse-en-un-therian-asi-es-su-vida-ladra-se-rasca-y-odia-banarse\\\/#primaryimage\",\"url\":\"https:\\\/\\\/conexionnacional.mx\\\/wp-content\\\/uploads\\\/2026\\\/02\\\/f848x477-1246993_1304796_1019.jpg\",\"contentUrl\":\"https:\\\/\\\/conexionnacional.mx\\\/wp-content\\\/uploads\\\/2026\\\/02\\\/f848x477-1246993_1304796_1019.jpg\",\"width\":848,\"height\":477},{\"@type\":\"BreadcrumbList\",\"@id\":\"https:\\\/\\\/conexionnacional.mx\\\/index.php\\\/2026\\\/02\\\/16\\\/pablo-dejo-a-su-esposa-e-hijos-para-convertirse-en-un-therian-asi-es-su-vida-ladra-se-rasca-y-odia-banarse\\\/#breadcrumb\",\"itemListElement\":[{\"@type\":\"ListItem\",\"position\":1,\"name\":\"Inicio\",\"item\":\"https:\\\/\\\/conexionnacional.mx\\\/\"},{\"@type\":\"ListItem\",\"position\":2,\"name\":\"Pablo dej\u00f3 a su esposa e hijos para convertirse en un therian, as\u00ed es su vida: &#8220;Ladra, se rasca y odia ba\u00f1arse&#8221;\"}]},{\"@type\":\"WebSite\",\"@id\":\"https:\\\/\\\/conexionnacional.mx\\\/#website\",\"url\":\"https:\\\/\\\/conexionnacional.mx\\\/\",\"name\":\"Conexi\u00f3n Nacional\",\"description\":\"Noticias al momento\",\"publisher\":{\"@id\":\"https:\\\/\\\/conexionnacional.mx\\\/#organization\"},\"alternateName\":\"Noticias nacionales\",\"potentialAction\":[{\"@type\":\"SearchAction\",\"target\":{\"@type\":\"EntryPoint\",\"urlTemplate\":\"https:\\\/\\\/conexionnacional.mx\\\/?s={search_term_string}\"},\"query-input\":{\"@type\":\"PropertyValueSpecification\",\"valueRequired\":true,\"valueName\":\"search_term_string\"}}],\"inLanguage\":\"es\"},{\"@type\":\"Organization\",\"@id\":\"https:\\\/\\\/conexionnacional.mx\\\/#organization\",\"name\":\"Conexi\u00f3n Nacional\",\"url\":\"https:\\\/\\\/conexionnacional.mx\\\/\",\"logo\":{\"@type\":\"ImageObject\",\"inLanguage\":\"es\",\"@id\":\"https:\\\/\\\/conexionnacional.mx\\\/#\\\/schema\\\/logo\\\/image\\\/\",\"url\":\"https:\\\/\\\/conexionnacional.mx\\\/wp-content\\\/uploads\\\/2022\\\/09\\\/conexion_nacional.png\",\"contentUrl\":\"https:\\\/\\\/conexionnacional.mx\\\/wp-content\\\/uploads\\\/2022\\\/09\\\/conexion_nacional.png\",\"width\":2964,\"height\":1173,\"caption\":\"Conexi\u00f3n Nacional\"},\"image\":{\"@id\":\"https:\\\/\\\/conexionnacional.mx\\\/#\\\/schema\\\/logo\\\/image\\\/\"},\"sameAs\":[\"https:\\\/\\\/www.facebook.com\\\/cnmxradio\"]},{\"@type\":\"Person\",\"@id\":\"https:\\\/\\\/conexionnacional.mx\\\/#\\\/schema\\\/person\\\/ba9cbd742badd9e3d29f2973a1391d18\",\"name\":\"Redacci\u00f3n Conexi\u00f3n\",\"image\":{\"@type\":\"ImageObject\",\"inLanguage\":\"es\",\"@id\":\"https:\\\/\\\/secure.gravatar.com\\\/avatar\\\/8d9ed9913523aff42c4fa3d2fdc52c4dfb8c185dc3f4126ecf97512ec86caa63?s=96&d=blank&r=g\",\"url\":\"https:\\\/\\\/secure.gravatar.com\\\/avatar\\\/8d9ed9913523aff42c4fa3d2fdc52c4dfb8c185dc3f4126ecf97512ec86caa63?s=96&d=blank&r=g\",\"contentUrl\":\"https:\\\/\\\/secure.gravatar.com\\\/avatar\\\/8d9ed9913523aff42c4fa3d2fdc52c4dfb8c185dc3f4126ecf97512ec86caa63?s=96&d=blank&r=g\",\"caption\":\"Redacci\u00f3n Conexi\u00f3n\"},\"url\":\"https:\\\/\\\/conexionnacional.mx\\\/index.php\\\/author\\\/rafael\\\/\"}]}<\/script>\n<!-- \/ Yoast SEO plugin. -->","yoast_head_json":{"title":"Pablo dej\u00f3 a su esposa e hijos para convertirse en un therian, as\u00ed es su vida: \"Ladra, se rasca y odia ba\u00f1arse\" |","robots":{"index":"index","follow":"follow","max-snippet":"max-snippet:-1","max-image-preview":"max-image-preview:large","max-video-preview":"max-video-preview:-1"},"canonical":"https:\/\/conexionnacional.mx\/index.php\/2026\/02\/16\/pablo-dejo-a-su-esposa-e-hijos-para-convertirse-en-un-therian-asi-es-su-vida-ladra-se-rasca-y-odia-banarse\/","og_locale":"es_MX","og_type":"article","og_title":"Pablo dej\u00f3 a su esposa e hijos para convertirse en un therian, as\u00ed es su vida: \"Ladra, se rasca y odia ba\u00f1arse\" |","og_description":"El tema de conversaci\u00f3n en los \u00faltimos d\u00edas no ha sido otro que el de los&nbsp;therian, personas que sienten una conexi\u00f3n intensa con alg\u00fan&nbsp;animal, esto tras la historia de uno de ellos que mordi\u00f3 a una ni\u00f1a o de los casos de&nbsp;veterinarios&nbsp;que cuentan c\u00f3mo cada vez se acercan a consulta personas que se identifican como&nbsp;therian&nbsp;para [&hellip;]","og_url":"https:\/\/conexionnacional.mx\/index.php\/2026\/02\/16\/pablo-dejo-a-su-esposa-e-hijos-para-convertirse-en-un-therian-asi-es-su-vida-ladra-se-rasca-y-odia-banarse\/","og_site_name":"Conexi\u00f3n Nacional","article_publisher":"https:\/\/www.facebook.com\/cnmxradio","article_published_time":"2026-02-16T18:23:39+00:00","article_modified_time":"2026-02-16T18:23:46+00:00","og_image":[{"width":848,"height":477,"url":"https:\/\/conexionnacional.mx\/wp-content\/uploads\/2026\/02\/f848x477-1246993_1304796_1019.jpg","type":"image\/jpeg"}],"author":"Redacci\u00f3n Conexi\u00f3n","twitter_card":"summary_large_image","twitter_misc":{"Escrito por":"Redacci\u00f3n Conexi\u00f3n","Tiempo de lectura":"4 minutos"},"schema":{"@context":"https:\/\/schema.org","@graph":[{"@type":"Article","@id":"https:\/\/conexionnacional.mx\/index.php\/2026\/02\/16\/pablo-dejo-a-su-esposa-e-hijos-para-convertirse-en-un-therian-asi-es-su-vida-ladra-se-rasca-y-odia-banarse\/#article","isPartOf":{"@id":"https:\/\/conexionnacional.mx\/index.php\/2026\/02\/16\/pablo-dejo-a-su-esposa-e-hijos-para-convertirse-en-un-therian-asi-es-su-vida-ladra-se-rasca-y-odia-banarse\/"},"author":{"name":"Redacci\u00f3n Conexi\u00f3n","@id":"https:\/\/conexionnacional.mx\/#\/schema\/person\/ba9cbd742badd9e3d29f2973a1391d18"},"headline":"Pablo dej\u00f3 a su esposa e hijos para convertirse en un therian, as\u00ed es su vida: &#8220;Ladra, se rasca y odia ba\u00f1arse&#8221;","datePublished":"2026-02-16T18:23:39+00:00","dateModified":"2026-02-16T18:23:46+00:00","mainEntityOfPage":{"@id":"https:\/\/conexionnacional.mx\/index.php\/2026\/02\/16\/pablo-dejo-a-su-esposa-e-hijos-para-convertirse-en-un-therian-asi-es-su-vida-ladra-se-rasca-y-odia-banarse\/"},"wordCount":843,"publisher":{"@id":"https:\/\/conexionnacional.mx\/#organization"},"image":{"@id":"https:\/\/conexionnacional.mx\/index.php\/2026\/02\/16\/pablo-dejo-a-su-esposa-e-hijos-para-convertirse-en-un-therian-asi-es-su-vida-ladra-se-rasca-y-odia-banarse\/#primaryimage"},"thumbnailUrl":"https:\/\/conexionnacional.mx\/wp-content\/uploads\/2026\/02\/f848x477-1246993_1304796_1019.jpg","keywords":["Therian"],"articleSection":["Nacional"],"inLanguage":"es"},{"@type":"WebPage","@id":"https:\/\/conexionnacional.mx\/index.php\/2026\/02\/16\/pablo-dejo-a-su-esposa-e-hijos-para-convertirse-en-un-therian-asi-es-su-vida-ladra-se-rasca-y-odia-banarse\/","url":"https:\/\/conexionnacional.mx\/index.php\/2026\/02\/16\/pablo-dejo-a-su-esposa-e-hijos-para-convertirse-en-un-therian-asi-es-su-vida-ladra-se-rasca-y-odia-banarse\/","name":"Pablo dej\u00f3 a su esposa e hijos para convertirse en un therian, as\u00ed es su vida: \"Ladra, se rasca y odia ba\u00f1arse\" |","isPartOf":{"@id":"https:\/\/conexionnacional.mx\/#website"},"primaryImageOfPage":{"@id":"https:\/\/conexionnacional.mx\/index.php\/2026\/02\/16\/pablo-dejo-a-su-esposa-e-hijos-para-convertirse-en-un-therian-asi-es-su-vida-ladra-se-rasca-y-odia-banarse\/#primaryimage"},"image":{"@id":"https:\/\/conexionnacional.mx\/index.php\/2026\/02\/16\/pablo-dejo-a-su-esposa-e-hijos-para-convertirse-en-un-therian-asi-es-su-vida-ladra-se-rasca-y-odia-banarse\/#primaryimage"},"thumbnailUrl":"https:\/\/conexionnacional.mx\/wp-content\/uploads\/2026\/02\/f848x477-1246993_1304796_1019.jpg","datePublished":"2026-02-16T18:23:39+00:00","dateModified":"2026-02-16T18:23:46+00:00","breadcrumb":{"@id":"https:\/\/conexionnacional.mx\/index.php\/2026\/02\/16\/pablo-dejo-a-su-esposa-e-hijos-para-convertirse-en-un-therian-asi-es-su-vida-ladra-se-rasca-y-odia-banarse\/#breadcrumb"},"inLanguage":"es","potentialAction":[{"@type":"ReadAction","target":["https:\/\/conexionnacional.mx\/index.php\/2026\/02\/16\/pablo-dejo-a-su-esposa-e-hijos-para-convertirse-en-un-therian-asi-es-su-vida-ladra-se-rasca-y-odia-banarse\/"]}]},{"@type":"ImageObject","inLanguage":"es","@id":"https:\/\/conexionnacional.mx\/index.php\/2026\/02\/16\/pablo-dejo-a-su-esposa-e-hijos-para-convertirse-en-un-therian-asi-es-su-vida-ladra-se-rasca-y-odia-banarse\/#primaryimage","url":"https:\/\/conexionnacional.mx\/wp-content\/uploads\/2026\/02\/f848x477-1246993_1304796_1019.jpg","contentUrl":"https:\/\/conexionnacional.mx\/wp-content\/uploads\/2026\/02\/f848x477-1246993_1304796_1019.jpg","width":848,"height":477},{"@type":"BreadcrumbList","@id":"https:\/\/conexionnacional.mx\/index.php\/2026\/02\/16\/pablo-dejo-a-su-esposa-e-hijos-para-convertirse-en-un-therian-asi-es-su-vida-ladra-se-rasca-y-odia-banarse\/#breadcrumb","itemListElement":[{"@type":"ListItem","position":1,"name":"Inicio","item":"https:\/\/conexionnacional.mx\/"},{"@type":"ListItem","position":2,"name":"Pablo dej\u00f3 a su esposa e hijos para convertirse en un therian, as\u00ed es su vida: &#8220;Ladra, se rasca y odia ba\u00f1arse&#8221;"}]},{"@type":"WebSite","@id":"https:\/\/conexionnacional.mx\/#website","url":"https:\/\/conexionnacional.mx\/","name":"Conexi\u00f3n Nacional","description":"Noticias al momento","publisher":{"@id":"https:\/\/conexionnacional.mx\/#organization"},"alternateName":"Noticias nacionales","potentialAction":[{"@type":"SearchAction","target":{"@type":"EntryPoint","urlTemplate":"https:\/\/conexionnacional.mx\/?s={search_term_string}"},"query-input":{"@type":"PropertyValueSpecification","valueRequired":true,"valueName":"search_term_string"}}],"inLanguage":"es"},{"@type":"Organization","@id":"https:\/\/conexionnacional.mx\/#organization","name":"Conexi\u00f3n Nacional","url":"https:\/\/conexionnacional.mx\/","logo":{"@type":"ImageObject","inLanguage":"es","@id":"https:\/\/conexionnacional.mx\/#\/schema\/logo\/image\/","url":"https:\/\/conexionnacional.mx\/wp-content\/uploads\/2022\/09\/conexion_nacional.png","contentUrl":"https:\/\/conexionnacional.mx\/wp-content\/uploads\/2022\/09\/conexion_nacional.png","width":2964,"height":1173,"caption":"Conexi\u00f3n Nacional"},"image":{"@id":"https:\/\/conexionnacional.mx\/#\/schema\/logo\/image\/"},"sameAs":["https:\/\/www.facebook.com\/cnmxradio"]},{"@type":"Person","@id":"https:\/\/conexionnacional.mx\/#\/schema\/person\/ba9cbd742badd9e3d29f2973a1391d18","name":"Redacci\u00f3n Conexi\u00f3n","image":{"@type":"ImageObject","inLanguage":"es","@id":"https:\/\/secure.gravatar.com\/avatar\/8d9ed9913523aff42c4fa3d2fdc52c4dfb8c185dc3f4126ecf97512ec86caa63?s=96&d=blank&r=g","url":"https:\/\/secure.gravatar.com\/avatar\/8d9ed9913523aff42c4fa3d2fdc52c4dfb8c185dc3f4126ecf97512ec86caa63?s=96&d=blank&r=g","contentUrl":"https:\/\/secure.gravatar.com\/avatar\/8d9ed9913523aff42c4fa3d2fdc52c4dfb8c185dc3f4126ecf97512ec86caa63?s=96&d=blank&r=g","caption":"Redacci\u00f3n Conexi\u00f3n"},"url":"https:\/\/conexionnacional.mx\/index.php\/author\/rafael\/"}]}},"_links":{"self":[{"href":"https:\/\/conexionnacional.mx\/index.php\/wp-json\/wp\/v2\/posts\/27892","targetHints":{"allow":["GET"]}}],"collection":[{"href":"https:\/\/conexionnacional.mx\/index.php\/wp-json\/wp\/v2\/posts"}],"about":[{"href":"https:\/\/conexionnacional.mx\/index.php\/wp-json\/wp\/v2\/types\/post"}],"author":[{"embeddable":true,"href":"https:\/\/conexionnacional.mx\/index.php\/wp-json\/wp\/v2\/users\/10"}],"replies":[{"embeddable":true,"href":"https:\/\/conexionnacional.mx\/index.php\/wp-json\/wp\/v2\/comments?post=27892"}],"version-history":[{"count":1,"href":"https:\/\/conexionnacional.mx\/index.php\/wp-json\/wp\/v2\/posts\/27892\/revisions"}],"predecessor-version":[{"id":27894,"href":"https:\/\/conexionnacional.mx\/index.php\/wp-json\/wp\/v2\/posts\/27892\/revisions\/27894"}],"wp:featuredmedia":[{"embeddable":true,"href":"https:\/\/conexionnacional.mx\/index.php\/wp-json\/wp\/v2\/media\/27893"}],"wp:attachment":[{"href":"https:\/\/conexionnacional.mx\/index.php\/wp-json\/wp\/v2\/media?parent=27892"}],"wp:term":[{"taxonomy":"category","embeddable":true,"href":"https:\/\/conexionnacional.mx\/index.php\/wp-json\/wp\/v2\/categories?post=27892"},{"taxonomy":"post_tag","embeddable":true,"href":"https:\/\/conexionnacional.mx\/index.php\/wp-json\/wp\/v2\/tags?post=27892"}],"curies":[{"name":"wp","href":"https:\/\/api.w.org\/{rel}","templated":true}]}}