{"id":27886,"date":"2026-02-16T11:46:45","date_gmt":"2026-02-16T17:46:45","guid":{"rendered":"https:\/\/conexionnacional.mx\/?p=27886"},"modified":"2026-02-16T11:46:49","modified_gmt":"2026-02-16T17:46:49","slug":"toma-nota-estos-autos-no-circulan-este-lunes-16-de-febrero-por-contingencia-ambiental","status":"publish","type":"post","link":"https:\/\/conexionnacional.mx\/index.php\/2026\/02\/16\/toma-nota-estos-autos-no-circulan-este-lunes-16-de-febrero-por-contingencia-ambiental\/","title":{"rendered":"\u00a1Toma nota! Estos autos NO circulan este lunes 16 de febrero por contingencia ambiental"},"content":{"rendered":"\n<p>Otra vez la mala calidad del aire hizo que la Comisi\u00f3n Ambiental de la Megal\u00f3polis (CAMe) activara<strong>&nbsp;la Fase 1 de Contingencia Ambiental por Ozono<\/strong>\u2026 as\u00ed que&nbsp;<strong>para este lunes 16 de febrero habr\u00e1 programa \u201cDoble Hoy No Circula\u201d.<\/strong><\/p>\n\n\n\n<p>Lo \u201cbueno\u201d de todo esto es que<strong>\u00a0el engomado azul se salv\u00f3 de ser nuevamente el afectado<\/strong>\u2026 pues\u00a0por dos d\u00edas seguidos no pudieron circular.<\/p>\n\n\n\n<figure class=\"wp-block-image\"><img decoding=\"async\" src=\"data:image\/gif;base64,R0lGODlhAQABAAAAACH5BAEKAAEALAAAAAABAAEAAAICTAEAOw==\" data-src=\"https:\/\/www.sopitas.com\/wp-content\/uploads\/2026\/02\/Doble-Hoy-No-Circula-sabado-14-de-febrero-2026-estos-autos-NO-circulan-por-contingencia-en-CDMX-y-Edomex_-1024x531.png\" alt=\"\" class=\"wp-image-1890203 lazyload\"\/><figcaption class=\"wp-element-caption\">Contingencia en CDMX y Edomex<\/figcaption><\/figure>\n\n\n\n<p>De acuerdo con las autoridades, este domingo a las 17:00 horas se registraron\u00a0<strong>concentraciones horarias m\u00e1ximas de ozono de\u00a0158 y 157 ppb<\/strong>.<\/p>\n\n\n\n<h2 class=\"wp-block-heading\" id=\"h-que-autos-no-circulan-el-lunes-16-de-febrero-en-cdmx-y-edomex\">\u00bfQu\u00e9 autos NO circulan el lunes 16 de febrero en CDMX y Edomex?<\/h2>\n\n\n\n<p>Debido a la contingencia ambiental,&nbsp;<strong>se activ\u00f3 el programa \u201cDoble Hoy No Circula\u201d para este lunes 16 de febrero<\/strong>&nbsp;y ac\u00e1 te dejamos los veh\u00edculos que no podr\u00e1n circular. Spoiler: No le toc\u00f3 al engomado azul.<\/p>\n\n\n\n<p>1.&nbsp;<strong>Los veh\u00edculos de uso particular con holograma de verificaci\u00f3n 2.<br><\/strong>2.<strong>&nbsp;<\/strong>Tambi\u00e9n<strong>&nbsp;veh\u00edculos de uso particular con holograma de verificaci\u00f3n 1<\/strong>, cuyo \u00faltimo d\u00edgito num\u00e9rico sea<strong>&nbsp;1, 3, 5, 6, 7 y 9.<\/strong><br>3.&nbsp;<strong>Los veh\u00edculos de uso particular con holograma de verificaci\u00f3n 0 y 00, engomado amarillo, terminaci\u00f3n de placa 5 o 6.<br><\/strong>4.&nbsp;<strong>Las unidades que no porten holograma de verificaci\u00f3n<\/strong>, los que tienen pase tur\u00edstico, placas for\u00e1neas o con placas formadas por letras.<br>5.&nbsp;Restricci\u00f3n a la circulaci\u00f3n del&nbsp;<strong>50% de las unidades de reparto de gas L.P. a tanques estacionarios<\/strong>, que no cuenten con v\u00e1lvula de desconexi\u00f3n seca, cuya terminaci\u00f3n de matr\u00edcula sea NON.<br>6.&nbsp;Tambi\u00e9n los&nbsp;<strong>veh\u00edculos de carga local o federal<\/strong>, dejan de circular&nbsp;<strong>entre las 6:00 y las 10:00 horas<\/strong>. Con excepci\u00f3n de aquellos que se encuentren en el Programa de Autorregulaci\u00f3n de la CDMX o del EDOMEX.<br>7.&nbsp;Adem\u00e1s de los&nbsp;<strong>taxis<\/strong>&nbsp;con holograma de verificaci\u00f3n \u201c00\u201d, \u201c0\u201d, \u201c1\u201d o \u201c2\u201d que deban dejar de circular de acuerdo a las disposiciones indicadas en los incisos 1, 2, y 3. Les aplicar\u00e1 la restricci\u00f3n a la circulaci\u00f3n<strong>&nbsp;de las 10:00 a las 22:00 horas<\/strong>.<\/p>\n\n\n\n<figure class=\"wp-block-embed is-type-rich is-provider-twitter wp-block-embed-twitter\"><div class=\"wp-block-embed__wrapper\">\n<blockquote class=\"twitter-tweet\" data-width=\"550\" data-dnt=\"true\"><p lang=\"es\" dir=\"ltr\">Se activa la Fase I de Contingencia ambiental atmosf\u00e9rica por ozono en la ZMVM<br><br>M\u00e1s informaci\u00f3n:<a href=\"https:\/\/t.co\/msjih74Wbj\">https:\/\/t.co\/msjih74Wbj<\/a> <a href=\"https:\/\/t.co\/7cGcfNhJID\">pic.twitter.com\/7cGcfNhJID<\/a><\/p>&mdash; CAMegal\u00f3polis (@CAMegalopolis) <a href=\"https:\/\/twitter.com\/CAMegalopolis\/status\/2023179194986074313?ref_src=twsrc%5Etfw\">February 15, 2026<\/a><\/blockquote><script async src=\"https:\/\/platform.twitter.com\/widgets.js\" charset=\"utf-8\"><\/script>\n<\/div><\/figure>\n\n\n\n<p><\/p>\n","protected":false},"excerpt":{"rendered":"<p>Otra vez la mala calidad del aire hizo que la Comisi\u00f3n Ambiental de la Megal\u00f3polis (CAMe) activara&nbsp;la Fase 1 de Contingencia Ambiental por Ozono\u2026 as\u00ed que&nbsp;para este lunes 16 de febrero habr\u00e1 programa \u201cDoble Hoy No Circula\u201d. Lo \u201cbueno\u201d de todo esto es que\u00a0el engomado azul se salv\u00f3 de ser nuevamente el afectado\u2026 pues\u00a0por dos [&hellip;]<\/p>\n","protected":false},"author":10,"featured_media":27887,"comment_status":"closed","ping_status":"closed","sticky":false,"template":"","format":"aside","meta":{"googlesitekit_rrm_CAowytPeCw:productID":"","footnotes":""},"categories":[3],"tags":[9404],"class_list":["post-27886","post","type-post","status-publish","format-aside","has-post-thumbnail","hentry","category-nacional","tag-contingencia-ambiental","post_format-post-format-aside"],"yoast_head":"<!-- This site is optimized with the Yoast SEO plugin v27.5 - https:\/\/yoast.com\/product\/yoast-seo-wordpress\/ -->\n<title>\u00a1Toma nota! Estos autos NO circulan este lunes 16 de febrero por contingencia ambiental |<\/title>\n<meta name=\"robots\" content=\"index, follow, max-snippet:-1, max-image-preview:large, max-video-preview:-1\" \/>\n<link rel=\"canonical\" href=\"https:\/\/conexionnacional.mx\/index.php\/2026\/02\/16\/toma-nota-estos-autos-no-circulan-este-lunes-16-de-febrero-por-contingencia-ambiental\/\" \/>\n<meta property=\"og:locale\" content=\"es_MX\" \/>\n<meta property=\"og:type\" content=\"article\" \/>\n<meta property=\"og:title\" content=\"\u00a1Toma nota! Estos autos NO circulan este lunes 16 de febrero por contingencia ambiental |\" \/>\n<meta property=\"og:description\" content=\"Otra vez la mala calidad del aire hizo que la Comisi\u00f3n Ambiental de la Megal\u00f3polis (CAMe) activara&nbsp;la Fase 1 de Contingencia Ambiental por Ozono\u2026 as\u00ed que&nbsp;para este lunes 16 de febrero habr\u00e1 programa \u201cDoble Hoy No Circula\u201d. Lo \u201cbueno\u201d de todo esto es que\u00a0el engomado azul se salv\u00f3 de ser nuevamente el afectado\u2026 pues\u00a0por dos [&hellip;]\" \/>\n<meta property=\"og:url\" content=\"https:\/\/conexionnacional.mx\/index.php\/2026\/02\/16\/toma-nota-estos-autos-no-circulan-este-lunes-16-de-febrero-por-contingencia-ambiental\/\" \/>\n<meta property=\"og:site_name\" content=\"Conexi\u00f3n Nacional\" \/>\n<meta property=\"article:publisher\" content=\"https:\/\/www.facebook.com\/cnmxradio\" \/>\n<meta property=\"article:published_time\" content=\"2026-02-16T17:46:45+00:00\" \/>\n<meta property=\"article:modified_time\" content=\"2026-02-16T17:46:49+00:00\" \/>\n<meta property=\"og:image\" content=\"https:\/\/conexionnacional.mx\/wp-content\/uploads\/2026\/02\/contaminacion-cdmx.jpg\" \/>\n\t<meta property=\"og:image:width\" content=\"1120\" \/>\n\t<meta property=\"og:image:height\" content=\"581\" \/>\n\t<meta property=\"og:image:type\" content=\"image\/jpeg\" \/>\n<meta name=\"author\" content=\"Redacci\u00f3n Conexi\u00f3n\" \/>\n<meta name=\"twitter:card\" content=\"summary_large_image\" \/>\n<meta name=\"twitter:label1\" content=\"Escrito por\" \/>\n\t<meta name=\"twitter:data1\" content=\"Redacci\u00f3n Conexi\u00f3n\" \/>\n\t<meta name=\"twitter:label2\" content=\"Tiempo de lectura\" \/>\n\t<meta name=\"twitter:data2\" content=\"2 minutos\" \/>\n<script type=\"application\/ld+json\" class=\"yoast-schema-graph\">{\"@context\":\"https:\\\/\\\/schema.org\",\"@graph\":[{\"@type\":\"Article\",\"@id\":\"https:\\\/\\\/conexionnacional.mx\\\/index.php\\\/2026\\\/02\\\/16\\\/toma-nota-estos-autos-no-circulan-este-lunes-16-de-febrero-por-contingencia-ambiental\\\/#article\",\"isPartOf\":{\"@id\":\"https:\\\/\\\/conexionnacional.mx\\\/index.php\\\/2026\\\/02\\\/16\\\/toma-nota-estos-autos-no-circulan-este-lunes-16-de-febrero-por-contingencia-ambiental\\\/\"},\"author\":{\"name\":\"Redacci\u00f3n Conexi\u00f3n\",\"@id\":\"https:\\\/\\\/conexionnacional.mx\\\/#\\\/schema\\\/person\\\/ba9cbd742badd9e3d29f2973a1391d18\"},\"headline\":\"\u00a1Toma nota! Estos autos NO circulan este lunes 16 de febrero por contingencia ambiental\",\"datePublished\":\"2026-02-16T17:46:45+00:00\",\"dateModified\":\"2026-02-16T17:46:49+00:00\",\"mainEntityOfPage\":{\"@id\":\"https:\\\/\\\/conexionnacional.mx\\\/index.php\\\/2026\\\/02\\\/16\\\/toma-nota-estos-autos-no-circulan-este-lunes-16-de-febrero-por-contingencia-ambiental\\\/\"},\"wordCount\":399,\"publisher\":{\"@id\":\"https:\\\/\\\/conexionnacional.mx\\\/#organization\"},\"image\":{\"@id\":\"https:\\\/\\\/conexionnacional.mx\\\/index.php\\\/2026\\\/02\\\/16\\\/toma-nota-estos-autos-no-circulan-este-lunes-16-de-febrero-por-contingencia-ambiental\\\/#primaryimage\"},\"thumbnailUrl\":\"https:\\\/\\\/conexionnacional.mx\\\/wp-content\\\/uploads\\\/2026\\\/02\\\/contaminacion-cdmx.jpg\",\"keywords\":[\"contingencia ambiental\"],\"articleSection\":[\"Nacional\"],\"inLanguage\":\"es\"},{\"@type\":\"WebPage\",\"@id\":\"https:\\\/\\\/conexionnacional.mx\\\/index.php\\\/2026\\\/02\\\/16\\\/toma-nota-estos-autos-no-circulan-este-lunes-16-de-febrero-por-contingencia-ambiental\\\/\",\"url\":\"https:\\\/\\\/conexionnacional.mx\\\/index.php\\\/2026\\\/02\\\/16\\\/toma-nota-estos-autos-no-circulan-este-lunes-16-de-febrero-por-contingencia-ambiental\\\/\",\"name\":\"\u00a1Toma nota! Estos autos NO circulan este lunes 16 de febrero por contingencia ambiental |\",\"isPartOf\":{\"@id\":\"https:\\\/\\\/conexionnacional.mx\\\/#website\"},\"primaryImageOfPage\":{\"@id\":\"https:\\\/\\\/conexionnacional.mx\\\/index.php\\\/2026\\\/02\\\/16\\\/toma-nota-estos-autos-no-circulan-este-lunes-16-de-febrero-por-contingencia-ambiental\\\/#primaryimage\"},\"image\":{\"@id\":\"https:\\\/\\\/conexionnacional.mx\\\/index.php\\\/2026\\\/02\\\/16\\\/toma-nota-estos-autos-no-circulan-este-lunes-16-de-febrero-por-contingencia-ambiental\\\/#primaryimage\"},\"thumbnailUrl\":\"https:\\\/\\\/conexionnacional.mx\\\/wp-content\\\/uploads\\\/2026\\\/02\\\/contaminacion-cdmx.jpg\",\"datePublished\":\"2026-02-16T17:46:45+00:00\",\"dateModified\":\"2026-02-16T17:46:49+00:00\",\"breadcrumb\":{\"@id\":\"https:\\\/\\\/conexionnacional.mx\\\/index.php\\\/2026\\\/02\\\/16\\\/toma-nota-estos-autos-no-circulan-este-lunes-16-de-febrero-por-contingencia-ambiental\\\/#breadcrumb\"},\"inLanguage\":\"es\",\"potentialAction\":[{\"@type\":\"ReadAction\",\"target\":[\"https:\\\/\\\/conexionnacional.mx\\\/index.php\\\/2026\\\/02\\\/16\\\/toma-nota-estos-autos-no-circulan-este-lunes-16-de-febrero-por-contingencia-ambiental\\\/\"]}]},{\"@type\":\"ImageObject\",\"inLanguage\":\"es\",\"@id\":\"https:\\\/\\\/conexionnacional.mx\\\/index.php\\\/2026\\\/02\\\/16\\\/toma-nota-estos-autos-no-circulan-este-lunes-16-de-febrero-por-contingencia-ambiental\\\/#primaryimage\",\"url\":\"https:\\\/\\\/conexionnacional.mx\\\/wp-content\\\/uploads\\\/2026\\\/02\\\/contaminacion-cdmx.jpg\",\"contentUrl\":\"https:\\\/\\\/conexionnacional.mx\\\/wp-content\\\/uploads\\\/2026\\\/02\\\/contaminacion-cdmx.jpg\",\"width\":1120,\"height\":581},{\"@type\":\"BreadcrumbList\",\"@id\":\"https:\\\/\\\/conexionnacional.mx\\\/index.php\\\/2026\\\/02\\\/16\\\/toma-nota-estos-autos-no-circulan-este-lunes-16-de-febrero-por-contingencia-ambiental\\\/#breadcrumb\",\"itemListElement\":[{\"@type\":\"ListItem\",\"position\":1,\"name\":\"Inicio\",\"item\":\"https:\\\/\\\/conexionnacional.mx\\\/\"},{\"@type\":\"ListItem\",\"position\":2,\"name\":\"\u00a1Toma nota! Estos autos NO circulan este lunes 16 de febrero por contingencia ambiental\"}]},{\"@type\":\"WebSite\",\"@id\":\"https:\\\/\\\/conexionnacional.mx\\\/#website\",\"url\":\"https:\\\/\\\/conexionnacional.mx\\\/\",\"name\":\"Conexi\u00f3n Nacional\",\"description\":\"Noticias al momento\",\"publisher\":{\"@id\":\"https:\\\/\\\/conexionnacional.mx\\\/#organization\"},\"alternateName\":\"Noticias nacionales\",\"potentialAction\":[{\"@type\":\"SearchAction\",\"target\":{\"@type\":\"EntryPoint\",\"urlTemplate\":\"https:\\\/\\\/conexionnacional.mx\\\/?s={search_term_string}\"},\"query-input\":{\"@type\":\"PropertyValueSpecification\",\"valueRequired\":true,\"valueName\":\"search_term_string\"}}],\"inLanguage\":\"es\"},{\"@type\":\"Organization\",\"@id\":\"https:\\\/\\\/conexionnacional.mx\\\/#organization\",\"name\":\"Conexi\u00f3n Nacional\",\"url\":\"https:\\\/\\\/conexionnacional.mx\\\/\",\"logo\":{\"@type\":\"ImageObject\",\"inLanguage\":\"es\",\"@id\":\"https:\\\/\\\/conexionnacional.mx\\\/#\\\/schema\\\/logo\\\/image\\\/\",\"url\":\"https:\\\/\\\/conexionnacional.mx\\\/wp-content\\\/uploads\\\/2022\\\/09\\\/conexion_nacional.png\",\"contentUrl\":\"https:\\\/\\\/conexionnacional.mx\\\/wp-content\\\/uploads\\\/2022\\\/09\\\/conexion_nacional.png\",\"width\":2964,\"height\":1173,\"caption\":\"Conexi\u00f3n Nacional\"},\"image\":{\"@id\":\"https:\\\/\\\/conexionnacional.mx\\\/#\\\/schema\\\/logo\\\/image\\\/\"},\"sameAs\":[\"https:\\\/\\\/www.facebook.com\\\/cnmxradio\"]},{\"@type\":\"Person\",\"@id\":\"https:\\\/\\\/conexionnacional.mx\\\/#\\\/schema\\\/person\\\/ba9cbd742badd9e3d29f2973a1391d18\",\"name\":\"Redacci\u00f3n Conexi\u00f3n\",\"image\":{\"@type\":\"ImageObject\",\"inLanguage\":\"es\",\"@id\":\"https:\\\/\\\/secure.gravatar.com\\\/avatar\\\/8d9ed9913523aff42c4fa3d2fdc52c4dfb8c185dc3f4126ecf97512ec86caa63?s=96&d=blank&r=g\",\"url\":\"https:\\\/\\\/secure.gravatar.com\\\/avatar\\\/8d9ed9913523aff42c4fa3d2fdc52c4dfb8c185dc3f4126ecf97512ec86caa63?s=96&d=blank&r=g\",\"contentUrl\":\"https:\\\/\\\/secure.gravatar.com\\\/avatar\\\/8d9ed9913523aff42c4fa3d2fdc52c4dfb8c185dc3f4126ecf97512ec86caa63?s=96&d=blank&r=g\",\"caption\":\"Redacci\u00f3n Conexi\u00f3n\"},\"url\":\"https:\\\/\\\/conexionnacional.mx\\\/index.php\\\/author\\\/rafael\\\/\"}]}<\/script>\n<!-- \/ Yoast SEO plugin. -->","yoast_head_json":{"title":"\u00a1Toma nota! Estos autos NO circulan este lunes 16 de febrero por contingencia ambiental |","robots":{"index":"index","follow":"follow","max-snippet":"max-snippet:-1","max-image-preview":"max-image-preview:large","max-video-preview":"max-video-preview:-1"},"canonical":"https:\/\/conexionnacional.mx\/index.php\/2026\/02\/16\/toma-nota-estos-autos-no-circulan-este-lunes-16-de-febrero-por-contingencia-ambiental\/","og_locale":"es_MX","og_type":"article","og_title":"\u00a1Toma nota! Estos autos NO circulan este lunes 16 de febrero por contingencia ambiental |","og_description":"Otra vez la mala calidad del aire hizo que la Comisi\u00f3n Ambiental de la Megal\u00f3polis (CAMe) activara&nbsp;la Fase 1 de Contingencia Ambiental por Ozono\u2026 as\u00ed que&nbsp;para este lunes 16 de febrero habr\u00e1 programa \u201cDoble Hoy No Circula\u201d. Lo \u201cbueno\u201d de todo esto es que\u00a0el engomado azul se salv\u00f3 de ser nuevamente el afectado\u2026 pues\u00a0por dos [&hellip;]","og_url":"https:\/\/conexionnacional.mx\/index.php\/2026\/02\/16\/toma-nota-estos-autos-no-circulan-este-lunes-16-de-febrero-por-contingencia-ambiental\/","og_site_name":"Conexi\u00f3n Nacional","article_publisher":"https:\/\/www.facebook.com\/cnmxradio","article_published_time":"2026-02-16T17:46:45+00:00","article_modified_time":"2026-02-16T17:46:49+00:00","og_image":[{"width":1120,"height":581,"url":"https:\/\/conexionnacional.mx\/wp-content\/uploads\/2026\/02\/contaminacion-cdmx.jpg","type":"image\/jpeg"}],"author":"Redacci\u00f3n Conexi\u00f3n","twitter_card":"summary_large_image","twitter_misc":{"Escrito por":"Redacci\u00f3n Conexi\u00f3n","Tiempo de lectura":"2 minutos"},"schema":{"@context":"https:\/\/schema.org","@graph":[{"@type":"Article","@id":"https:\/\/conexionnacional.mx\/index.php\/2026\/02\/16\/toma-nota-estos-autos-no-circulan-este-lunes-16-de-febrero-por-contingencia-ambiental\/#article","isPartOf":{"@id":"https:\/\/conexionnacional.mx\/index.php\/2026\/02\/16\/toma-nota-estos-autos-no-circulan-este-lunes-16-de-febrero-por-contingencia-ambiental\/"},"author":{"name":"Redacci\u00f3n Conexi\u00f3n","@id":"https:\/\/conexionnacional.mx\/#\/schema\/person\/ba9cbd742badd9e3d29f2973a1391d18"},"headline":"\u00a1Toma nota! Estos autos NO circulan este lunes 16 de febrero por contingencia ambiental","datePublished":"2026-02-16T17:46:45+00:00","dateModified":"2026-02-16T17:46:49+00:00","mainEntityOfPage":{"@id":"https:\/\/conexionnacional.mx\/index.php\/2026\/02\/16\/toma-nota-estos-autos-no-circulan-este-lunes-16-de-febrero-por-contingencia-ambiental\/"},"wordCount":399,"publisher":{"@id":"https:\/\/conexionnacional.mx\/#organization"},"image":{"@id":"https:\/\/conexionnacional.mx\/index.php\/2026\/02\/16\/toma-nota-estos-autos-no-circulan-este-lunes-16-de-febrero-por-contingencia-ambiental\/#primaryimage"},"thumbnailUrl":"https:\/\/conexionnacional.mx\/wp-content\/uploads\/2026\/02\/contaminacion-cdmx.jpg","keywords":["contingencia ambiental"],"articleSection":["Nacional"],"inLanguage":"es"},{"@type":"WebPage","@id":"https:\/\/conexionnacional.mx\/index.php\/2026\/02\/16\/toma-nota-estos-autos-no-circulan-este-lunes-16-de-febrero-por-contingencia-ambiental\/","url":"https:\/\/conexionnacional.mx\/index.php\/2026\/02\/16\/toma-nota-estos-autos-no-circulan-este-lunes-16-de-febrero-por-contingencia-ambiental\/","name":"\u00a1Toma nota! Estos autos NO circulan este lunes 16 de febrero por contingencia ambiental |","isPartOf":{"@id":"https:\/\/conexionnacional.mx\/#website"},"primaryImageOfPage":{"@id":"https:\/\/conexionnacional.mx\/index.php\/2026\/02\/16\/toma-nota-estos-autos-no-circulan-este-lunes-16-de-febrero-por-contingencia-ambiental\/#primaryimage"},"image":{"@id":"https:\/\/conexionnacional.mx\/index.php\/2026\/02\/16\/toma-nota-estos-autos-no-circulan-este-lunes-16-de-febrero-por-contingencia-ambiental\/#primaryimage"},"thumbnailUrl":"https:\/\/conexionnacional.mx\/wp-content\/uploads\/2026\/02\/contaminacion-cdmx.jpg","datePublished":"2026-02-16T17:46:45+00:00","dateModified":"2026-02-16T17:46:49+00:00","breadcrumb":{"@id":"https:\/\/conexionnacional.mx\/index.php\/2026\/02\/16\/toma-nota-estos-autos-no-circulan-este-lunes-16-de-febrero-por-contingencia-ambiental\/#breadcrumb"},"inLanguage":"es","potentialAction":[{"@type":"ReadAction","target":["https:\/\/conexionnacional.mx\/index.php\/2026\/02\/16\/toma-nota-estos-autos-no-circulan-este-lunes-16-de-febrero-por-contingencia-ambiental\/"]}]},{"@type":"ImageObject","inLanguage":"es","@id":"https:\/\/conexionnacional.mx\/index.php\/2026\/02\/16\/toma-nota-estos-autos-no-circulan-este-lunes-16-de-febrero-por-contingencia-ambiental\/#primaryimage","url":"https:\/\/conexionnacional.mx\/wp-content\/uploads\/2026\/02\/contaminacion-cdmx.jpg","contentUrl":"https:\/\/conexionnacional.mx\/wp-content\/uploads\/2026\/02\/contaminacion-cdmx.jpg","width":1120,"height":581},{"@type":"BreadcrumbList","@id":"https:\/\/conexionnacional.mx\/index.php\/2026\/02\/16\/toma-nota-estos-autos-no-circulan-este-lunes-16-de-febrero-por-contingencia-ambiental\/#breadcrumb","itemListElement":[{"@type":"ListItem","position":1,"name":"Inicio","item":"https:\/\/conexionnacional.mx\/"},{"@type":"ListItem","position":2,"name":"\u00a1Toma nota! Estos autos NO circulan este lunes 16 de febrero por contingencia ambiental"}]},{"@type":"WebSite","@id":"https:\/\/conexionnacional.mx\/#website","url":"https:\/\/conexionnacional.mx\/","name":"Conexi\u00f3n Nacional","description":"Noticias al momento","publisher":{"@id":"https:\/\/conexionnacional.mx\/#organization"},"alternateName":"Noticias nacionales","potentialAction":[{"@type":"SearchAction","target":{"@type":"EntryPoint","urlTemplate":"https:\/\/conexionnacional.mx\/?s={search_term_string}"},"query-input":{"@type":"PropertyValueSpecification","valueRequired":true,"valueName":"search_term_string"}}],"inLanguage":"es"},{"@type":"Organization","@id":"https:\/\/conexionnacional.mx\/#organization","name":"Conexi\u00f3n Nacional","url":"https:\/\/conexionnacional.mx\/","logo":{"@type":"ImageObject","inLanguage":"es","@id":"https:\/\/conexionnacional.mx\/#\/schema\/logo\/image\/","url":"https:\/\/conexionnacional.mx\/wp-content\/uploads\/2022\/09\/conexion_nacional.png","contentUrl":"https:\/\/conexionnacional.mx\/wp-content\/uploads\/2022\/09\/conexion_nacional.png","width":2964,"height":1173,"caption":"Conexi\u00f3n Nacional"},"image":{"@id":"https:\/\/conexionnacional.mx\/#\/schema\/logo\/image\/"},"sameAs":["https:\/\/www.facebook.com\/cnmxradio"]},{"@type":"Person","@id":"https:\/\/conexionnacional.mx\/#\/schema\/person\/ba9cbd742badd9e3d29f2973a1391d18","name":"Redacci\u00f3n Conexi\u00f3n","image":{"@type":"ImageObject","inLanguage":"es","@id":"https:\/\/secure.gravatar.com\/avatar\/8d9ed9913523aff42c4fa3d2fdc52c4dfb8c185dc3f4126ecf97512ec86caa63?s=96&d=blank&r=g","url":"https:\/\/secure.gravatar.com\/avatar\/8d9ed9913523aff42c4fa3d2fdc52c4dfb8c185dc3f4126ecf97512ec86caa63?s=96&d=blank&r=g","contentUrl":"https:\/\/secure.gravatar.com\/avatar\/8d9ed9913523aff42c4fa3d2fdc52c4dfb8c185dc3f4126ecf97512ec86caa63?s=96&d=blank&r=g","caption":"Redacci\u00f3n Conexi\u00f3n"},"url":"https:\/\/conexionnacional.mx\/index.php\/author\/rafael\/"}]}},"_links":{"self":[{"href":"https:\/\/conexionnacional.mx\/index.php\/wp-json\/wp\/v2\/posts\/27886","targetHints":{"allow":["GET"]}}],"collection":[{"href":"https:\/\/conexionnacional.mx\/index.php\/wp-json\/wp\/v2\/posts"}],"about":[{"href":"https:\/\/conexionnacional.mx\/index.php\/wp-json\/wp\/v2\/types\/post"}],"author":[{"embeddable":true,"href":"https:\/\/conexionnacional.mx\/index.php\/wp-json\/wp\/v2\/users\/10"}],"replies":[{"embeddable":true,"href":"https:\/\/conexionnacional.mx\/index.php\/wp-json\/wp\/v2\/comments?post=27886"}],"version-history":[{"count":1,"href":"https:\/\/conexionnacional.mx\/index.php\/wp-json\/wp\/v2\/posts\/27886\/revisions"}],"predecessor-version":[{"id":27888,"href":"https:\/\/conexionnacional.mx\/index.php\/wp-json\/wp\/v2\/posts\/27886\/revisions\/27888"}],"wp:featuredmedia":[{"embeddable":true,"href":"https:\/\/conexionnacional.mx\/index.php\/wp-json\/wp\/v2\/media\/27887"}],"wp:attachment":[{"href":"https:\/\/conexionnacional.mx\/index.php\/wp-json\/wp\/v2\/media?parent=27886"}],"wp:term":[{"taxonomy":"category","embeddable":true,"href":"https:\/\/conexionnacional.mx\/index.php\/wp-json\/wp\/v2\/categories?post=27886"},{"taxonomy":"post_tag","embeddable":true,"href":"https:\/\/conexionnacional.mx\/index.php\/wp-json\/wp\/v2\/tags?post=27886"}],"curies":[{"name":"wp","href":"https:\/\/api.w.org\/{rel}","templated":true}]}}