{"id":27874,"date":"2026-02-16T11:05:42","date_gmt":"2026-02-16T17:05:42","guid":{"rendered":"https:\/\/conexionnacional.mx\/?p=27874"},"modified":"2026-02-16T11:05:49","modified_gmt":"2026-02-16T17:05:49","slug":"lunes-de-doble-hoy-no-circula-en-cdmx-y-edomex-estos-autos-no-salen-el-16-de-febrero","status":"publish","type":"post","link":"https:\/\/conexionnacional.mx\/index.php\/2026\/02\/16\/lunes-de-doble-hoy-no-circula-en-cdmx-y-edomex-estos-autos-no-salen-el-16-de-febrero\/","title":{"rendered":"Lunes de Doble Hoy No Circula en CDMX y Edomex: Estos autos no salen el 16 de febrero"},"content":{"rendered":"\n<p>La Comisi\u00f3n Ambiental de la Megal\u00f3polis (CAMe) activ\u00f3 la\u00a0<strong>contingencia ambiental<\/strong>\u00a0en la Ciudad de M\u00e9xico y el Estado de M\u00e9xico, y con ello el\u00a0Doble Hoy No Circula para el lunes 16 de febrero.<\/p>\n\n\n\n<p>Cerca de las 17:00 horas se registr\u00f3 una concentraci\u00f3n de contaminantes de entre 157 y 158 part\u00edculas por bill\u00f3n (ppb) de ozono en la zona de\u00a0<strong>Ajusco Medio, Tlalpan<\/strong>, as\u00ed como en el\u00a0<strong>Centro de Ciencias de la Atm\u00f3sfera, en Coyoac\u00e1n<\/strong>, lo que provoc\u00f3 la\u00a0activaci\u00f3n de la contingencia ambiental.<\/p>\n\n\n\n<p>Apenas el s\u00e1bado 14 de febrero, a las 20:20 horas, la Comisi\u00f3n Ambiental de la Megal\u00f3polis\u00a0suspendi\u00f3 la anterior contingencia ambiental\u00a0en el Valle de M\u00e9xico, y\u00a0<strong>no pas\u00f3 ni un d\u00eda para que se activara de nuevo<\/strong>, siendo el sur de la Ciudad de M\u00e9xico la zona m\u00e1s afectada por\u00a0mala calidad del aire.<\/p>\n\n\n\n<h2 class=\"wp-block-heading\">As\u00ed queda el Doble Hoy No Circula para el lunes 16 de febrero en CDMX y Edomex<\/h2>\n\n\n\n<p>Los autos que no podr\u00e1n circular este lunes 16 de febrero,&nbsp;<strong>en un horario de 5:00 a 22:00 horas<\/strong>, son:<\/p>\n\n\n\n<ul class=\"wp-block-list\">\n<li>Autos de uso particular con\u00a0<strong>holograma de verificaci\u00f3n 2<\/strong>.<\/li>\n\n\n\n<li>Veh\u00edculos de uso particular con holograma de verificaci\u00f3n 1, cuyo \u00faltimo d\u00edgito num\u00e9rico sea\u00a0<strong>1, 3, 5, 6, 7 y 9<\/strong>.<\/li>\n\n\n\n<li>Los veh\u00edculos de uso particular con holograma de verificaci\u00f3n 0 y 00,\u00a0<strong>engomado amarillo, terminaci\u00f3n de placa 5 o 6<\/strong>.<\/li>\n\n\n\n<li>Las unidades que no porten holograma de verificaci\u00f3n, como los veh\u00edculos antiguos, de demostraci\u00f3n o traslado, nuevos, los que tienen pase tur\u00edstico,\u00a0<strong>placas for\u00e1neas o con placas formadas por letras<\/strong>, les aplica la misma restricci\u00f3n que a los veh\u00edculo que portan holograma 2.<\/li>\n\n\n\n<li>Restricci\u00f3n a la circulaci\u00f3n del 50 por ciento de las\u00a0<strong>unidades de reparto de gas L.P.<\/strong>\u00a0a tanques estacionarios, que no cuenten con v\u00e1lvula de desconexi\u00f3n seca, cuya terminaci\u00f3n de matr\u00edcula sea NON.<\/li>\n\n\n\n<li>Los\u00a0<strong>veh\u00edculos de carga local o federal<\/strong>, dejan de circular entre las 6:00 y las 10:00 horas, con excepci\u00f3n de aquellos que se encuentren en el Programa de Autorregulaci\u00f3n de la CDMX o del EDOMEX.<\/li>\n\n\n\n<li>Los\u00a0<strong>taxis con holograma de verificaci\u00f3n \u201900\u2032, \u20180\u2032, \u20181\u2032 o \u20182\u2032<\/strong>\u00a0que deban dejar de circular de acuerdo a las disposiciones indicadas en los incisos 1), 2), y 3), les aplicar\u00e1 la restricci\u00f3n a la circulaci\u00f3n de las 10:00 a las 22:00 horas.<\/li>\n<\/ul>\n\n\n\n<figure class=\"wp-block-embed is-type-rich is-provider-twitter wp-block-embed-twitter\"><div class=\"wp-block-embed__wrapper\">\n<blockquote class=\"twitter-tweet\" data-width=\"550\" data-dnt=\"true\"><p lang=\"es\" dir=\"ltr\">Conoce las restricciones a la circulaci\u00f3n para este lunes 16 de febrero.<br><br>M\u00e1s informaci\u00f3n: <a href=\"https:\/\/t.co\/AsmwJbNiH9\">https:\/\/t.co\/AsmwJbNiH9<\/a> <a href=\"https:\/\/t.co\/JYfEdPysYW\">pic.twitter.com\/JYfEdPysYW<\/a><\/p>&mdash; Secretar\u00eda del Medio Ambiente (@SEDEMA_CDMX) <a href=\"https:\/\/twitter.com\/SEDEMA_CDMX\/status\/2023186281132683430?ref_src=twsrc%5Etfw\">February 16, 2026<\/a><\/blockquote><script async src=\"https:\/\/platform.twitter.com\/widgets.js\" charset=\"utf-8\"><\/script>\n<\/div><\/figure>\n\n\n\n<h2 class=\"wp-block-heading\">Contingencia ambiental volvi\u00f3 en menos de 24 horas: \u00bfPor qu\u00e9 volvieron a activar el Doble Hoy No Circula?<\/h2>\n\n\n\n<p>Tras\u00a0suspender la contingencia ambiental del 14 de febrero, la Comisi\u00f3n Ambiental de la Megal\u00f3polis admiti\u00f3 que\u00a0<strong>la calidad del aire volvi\u00f3 a empeorar este domingo<\/strong>.<\/p>\n\n\n\n<p>El motivo por el que\u00a0volvi\u00f3 la contingencia ambiental\u00a0fue debido a la influencia de un nuevo sistema anticicl\u00f3nico, mismo que\u00a0<strong>afecta al centro del pa\u00eds<\/strong>\u00a0en reemplazo de uno que termin\u00f3 el s\u00e1bado.<\/p>\n\n\n\n<p>Aunque los efectos de este sistema anticicl\u00f3nico ser\u00e1n menores que las afectaciones de la semana pasada, se prev\u00e9&nbsp;<strong>la presencia de una masa de aire seca<\/strong>, con cielos despejados y viento d\u00e9bil, lo que provocar\u00e1 la entrada de rayos ultravioleta y temperaturas altas de hasta 28 grados.<\/p>\n\n\n\n<p>Estos fen\u00f3menos provocaron \u201ccondiciones favorables para la&nbsp;<strong>formaci\u00f3n y acumulaci\u00f3n del ozono<\/strong>\u201c.<\/p>\n\n\n\n<p><\/p>\n","protected":false},"excerpt":{"rendered":"<p>La Comisi\u00f3n Ambiental de la Megal\u00f3polis (CAMe) activ\u00f3 la\u00a0contingencia ambiental\u00a0en la Ciudad de M\u00e9xico y el Estado de M\u00e9xico, y con ello el\u00a0Doble Hoy No Circula para el lunes 16 de febrero. Cerca de las 17:00 horas se registr\u00f3 una concentraci\u00f3n de contaminantes de entre 157 y 158 part\u00edculas por bill\u00f3n (ppb) de ozono en [&hellip;]<\/p>\n","protected":false},"author":10,"featured_media":27875,"comment_status":"closed","ping_status":"closed","sticky":false,"template":"","format":"aside","meta":{"googlesitekit_rrm_CAowytPeCw:productID":"","footnotes":""},"categories":[3],"tags":[4378],"class_list":["post-27874","post","type-post","status-publish","format-aside","has-post-thumbnail","hentry","category-nacional","tag-hoy-no-circula","post_format-post-format-aside"],"yoast_head":"<!-- This site is optimized with the Yoast SEO plugin v27.5 - https:\/\/yoast.com\/product\/yoast-seo-wordpress\/ -->\n<title>Lunes de Doble Hoy No Circula en CDMX y Edomex: Estos autos no salen el 16 de febrero |<\/title>\n<meta name=\"robots\" content=\"index, follow, max-snippet:-1, max-image-preview:large, max-video-preview:-1\" \/>\n<link rel=\"canonical\" href=\"https:\/\/conexionnacional.mx\/index.php\/2026\/02\/16\/lunes-de-doble-hoy-no-circula-en-cdmx-y-edomex-estos-autos-no-salen-el-16-de-febrero\/\" \/>\n<meta property=\"og:locale\" content=\"es_MX\" \/>\n<meta property=\"og:type\" content=\"article\" \/>\n<meta property=\"og:title\" content=\"Lunes de Doble Hoy No Circula en CDMX y Edomex: Estos autos no salen el 16 de febrero |\" \/>\n<meta property=\"og:description\" content=\"La Comisi\u00f3n Ambiental de la Megal\u00f3polis (CAMe) activ\u00f3 la\u00a0contingencia ambiental\u00a0en la Ciudad de M\u00e9xico y el Estado de M\u00e9xico, y con ello el\u00a0Doble Hoy No Circula para el lunes 16 de febrero. Cerca de las 17:00 horas se registr\u00f3 una concentraci\u00f3n de contaminantes de entre 157 y 158 part\u00edculas por bill\u00f3n (ppb) de ozono en [&hellip;]\" \/>\n<meta property=\"og:url\" content=\"https:\/\/conexionnacional.mx\/index.php\/2026\/02\/16\/lunes-de-doble-hoy-no-circula-en-cdmx-y-edomex-estos-autos-no-salen-el-16-de-febrero\/\" \/>\n<meta property=\"og:site_name\" content=\"Conexi\u00f3n Nacional\" \/>\n<meta property=\"article:publisher\" content=\"https:\/\/www.facebook.com\/cnmxradio\" \/>\n<meta property=\"article:published_time\" content=\"2026-02-16T17:05:42+00:00\" \/>\n<meta property=\"article:modified_time\" content=\"2026-02-16T17:05:49+00:00\" \/>\n<meta property=\"og:image\" content=\"https:\/\/conexionnacional.mx\/wp-content\/uploads\/2026\/02\/QNOAGNJBIZAHNGNV63IBZES4TY.jpg\" \/>\n\t<meta property=\"og:image:width\" content=\"1200\" \/>\n\t<meta property=\"og:image:height\" content=\"675\" \/>\n\t<meta property=\"og:image:type\" content=\"image\/jpeg\" \/>\n<meta name=\"author\" content=\"Redacci\u00f3n Conexi\u00f3n\" \/>\n<meta name=\"twitter:card\" content=\"summary_large_image\" \/>\n<meta name=\"twitter:label1\" content=\"Escrito por\" \/>\n\t<meta name=\"twitter:data1\" content=\"Redacci\u00f3n Conexi\u00f3n\" \/>\n\t<meta name=\"twitter:label2\" content=\"Tiempo de lectura\" \/>\n\t<meta name=\"twitter:data2\" content=\"3 minutos\" \/>\n<script type=\"application\/ld+json\" class=\"yoast-schema-graph\">{\"@context\":\"https:\\\/\\\/schema.org\",\"@graph\":[{\"@type\":\"Article\",\"@id\":\"https:\\\/\\\/conexionnacional.mx\\\/index.php\\\/2026\\\/02\\\/16\\\/lunes-de-doble-hoy-no-circula-en-cdmx-y-edomex-estos-autos-no-salen-el-16-de-febrero\\\/#article\",\"isPartOf\":{\"@id\":\"https:\\\/\\\/conexionnacional.mx\\\/index.php\\\/2026\\\/02\\\/16\\\/lunes-de-doble-hoy-no-circula-en-cdmx-y-edomex-estos-autos-no-salen-el-16-de-febrero\\\/\"},\"author\":{\"name\":\"Redacci\u00f3n Conexi\u00f3n\",\"@id\":\"https:\\\/\\\/conexionnacional.mx\\\/#\\\/schema\\\/person\\\/ba9cbd742badd9e3d29f2973a1391d18\"},\"headline\":\"Lunes de Doble Hoy No Circula en CDMX y Edomex: Estos autos no salen el 16 de febrero\",\"datePublished\":\"2026-02-16T17:05:42+00:00\",\"dateModified\":\"2026-02-16T17:05:49+00:00\",\"mainEntityOfPage\":{\"@id\":\"https:\\\/\\\/conexionnacional.mx\\\/index.php\\\/2026\\\/02\\\/16\\\/lunes-de-doble-hoy-no-circula-en-cdmx-y-edomex-estos-autos-no-salen-el-16-de-febrero\\\/\"},\"wordCount\":602,\"publisher\":{\"@id\":\"https:\\\/\\\/conexionnacional.mx\\\/#organization\"},\"image\":{\"@id\":\"https:\\\/\\\/conexionnacional.mx\\\/index.php\\\/2026\\\/02\\\/16\\\/lunes-de-doble-hoy-no-circula-en-cdmx-y-edomex-estos-autos-no-salen-el-16-de-febrero\\\/#primaryimage\"},\"thumbnailUrl\":\"https:\\\/\\\/conexionnacional.mx\\\/wp-content\\\/uploads\\\/2026\\\/02\\\/QNOAGNJBIZAHNGNV63IBZES4TY.jpg\",\"keywords\":[\"Hoy No Circula\"],\"articleSection\":[\"Nacional\"],\"inLanguage\":\"es\"},{\"@type\":\"WebPage\",\"@id\":\"https:\\\/\\\/conexionnacional.mx\\\/index.php\\\/2026\\\/02\\\/16\\\/lunes-de-doble-hoy-no-circula-en-cdmx-y-edomex-estos-autos-no-salen-el-16-de-febrero\\\/\",\"url\":\"https:\\\/\\\/conexionnacional.mx\\\/index.php\\\/2026\\\/02\\\/16\\\/lunes-de-doble-hoy-no-circula-en-cdmx-y-edomex-estos-autos-no-salen-el-16-de-febrero\\\/\",\"name\":\"Lunes de Doble Hoy No Circula en CDMX y Edomex: Estos autos no salen el 16 de febrero |\",\"isPartOf\":{\"@id\":\"https:\\\/\\\/conexionnacional.mx\\\/#website\"},\"primaryImageOfPage\":{\"@id\":\"https:\\\/\\\/conexionnacional.mx\\\/index.php\\\/2026\\\/02\\\/16\\\/lunes-de-doble-hoy-no-circula-en-cdmx-y-edomex-estos-autos-no-salen-el-16-de-febrero\\\/#primaryimage\"},\"image\":{\"@id\":\"https:\\\/\\\/conexionnacional.mx\\\/index.php\\\/2026\\\/02\\\/16\\\/lunes-de-doble-hoy-no-circula-en-cdmx-y-edomex-estos-autos-no-salen-el-16-de-febrero\\\/#primaryimage\"},\"thumbnailUrl\":\"https:\\\/\\\/conexionnacional.mx\\\/wp-content\\\/uploads\\\/2026\\\/02\\\/QNOAGNJBIZAHNGNV63IBZES4TY.jpg\",\"datePublished\":\"2026-02-16T17:05:42+00:00\",\"dateModified\":\"2026-02-16T17:05:49+00:00\",\"breadcrumb\":{\"@id\":\"https:\\\/\\\/conexionnacional.mx\\\/index.php\\\/2026\\\/02\\\/16\\\/lunes-de-doble-hoy-no-circula-en-cdmx-y-edomex-estos-autos-no-salen-el-16-de-febrero\\\/#breadcrumb\"},\"inLanguage\":\"es\",\"potentialAction\":[{\"@type\":\"ReadAction\",\"target\":[\"https:\\\/\\\/conexionnacional.mx\\\/index.php\\\/2026\\\/02\\\/16\\\/lunes-de-doble-hoy-no-circula-en-cdmx-y-edomex-estos-autos-no-salen-el-16-de-febrero\\\/\"]}]},{\"@type\":\"ImageObject\",\"inLanguage\":\"es\",\"@id\":\"https:\\\/\\\/conexionnacional.mx\\\/index.php\\\/2026\\\/02\\\/16\\\/lunes-de-doble-hoy-no-circula-en-cdmx-y-edomex-estos-autos-no-salen-el-16-de-febrero\\\/#primaryimage\",\"url\":\"https:\\\/\\\/conexionnacional.mx\\\/wp-content\\\/uploads\\\/2026\\\/02\\\/QNOAGNJBIZAHNGNV63IBZES4TY.jpg\",\"contentUrl\":\"https:\\\/\\\/conexionnacional.mx\\\/wp-content\\\/uploads\\\/2026\\\/02\\\/QNOAGNJBIZAHNGNV63IBZES4TY.jpg\",\"width\":1200,\"height\":675},{\"@type\":\"BreadcrumbList\",\"@id\":\"https:\\\/\\\/conexionnacional.mx\\\/index.php\\\/2026\\\/02\\\/16\\\/lunes-de-doble-hoy-no-circula-en-cdmx-y-edomex-estos-autos-no-salen-el-16-de-febrero\\\/#breadcrumb\",\"itemListElement\":[{\"@type\":\"ListItem\",\"position\":1,\"name\":\"Inicio\",\"item\":\"https:\\\/\\\/conexionnacional.mx\\\/\"},{\"@type\":\"ListItem\",\"position\":2,\"name\":\"Lunes de Doble Hoy No Circula en CDMX y Edomex: Estos autos no salen el 16 de febrero\"}]},{\"@type\":\"WebSite\",\"@id\":\"https:\\\/\\\/conexionnacional.mx\\\/#website\",\"url\":\"https:\\\/\\\/conexionnacional.mx\\\/\",\"name\":\"Conexi\u00f3n Nacional\",\"description\":\"Noticias al momento\",\"publisher\":{\"@id\":\"https:\\\/\\\/conexionnacional.mx\\\/#organization\"},\"alternateName\":\"Noticias nacionales\",\"potentialAction\":[{\"@type\":\"SearchAction\",\"target\":{\"@type\":\"EntryPoint\",\"urlTemplate\":\"https:\\\/\\\/conexionnacional.mx\\\/?s={search_term_string}\"},\"query-input\":{\"@type\":\"PropertyValueSpecification\",\"valueRequired\":true,\"valueName\":\"search_term_string\"}}],\"inLanguage\":\"es\"},{\"@type\":\"Organization\",\"@id\":\"https:\\\/\\\/conexionnacional.mx\\\/#organization\",\"name\":\"Conexi\u00f3n Nacional\",\"url\":\"https:\\\/\\\/conexionnacional.mx\\\/\",\"logo\":{\"@type\":\"ImageObject\",\"inLanguage\":\"es\",\"@id\":\"https:\\\/\\\/conexionnacional.mx\\\/#\\\/schema\\\/logo\\\/image\\\/\",\"url\":\"https:\\\/\\\/conexionnacional.mx\\\/wp-content\\\/uploads\\\/2022\\\/09\\\/conexion_nacional.png\",\"contentUrl\":\"https:\\\/\\\/conexionnacional.mx\\\/wp-content\\\/uploads\\\/2022\\\/09\\\/conexion_nacional.png\",\"width\":2964,\"height\":1173,\"caption\":\"Conexi\u00f3n Nacional\"},\"image\":{\"@id\":\"https:\\\/\\\/conexionnacional.mx\\\/#\\\/schema\\\/logo\\\/image\\\/\"},\"sameAs\":[\"https:\\\/\\\/www.facebook.com\\\/cnmxradio\"]},{\"@type\":\"Person\",\"@id\":\"https:\\\/\\\/conexionnacional.mx\\\/#\\\/schema\\\/person\\\/ba9cbd742badd9e3d29f2973a1391d18\",\"name\":\"Redacci\u00f3n Conexi\u00f3n\",\"image\":{\"@type\":\"ImageObject\",\"inLanguage\":\"es\",\"@id\":\"https:\\\/\\\/secure.gravatar.com\\\/avatar\\\/8d9ed9913523aff42c4fa3d2fdc52c4dfb8c185dc3f4126ecf97512ec86caa63?s=96&d=blank&r=g\",\"url\":\"https:\\\/\\\/secure.gravatar.com\\\/avatar\\\/8d9ed9913523aff42c4fa3d2fdc52c4dfb8c185dc3f4126ecf97512ec86caa63?s=96&d=blank&r=g\",\"contentUrl\":\"https:\\\/\\\/secure.gravatar.com\\\/avatar\\\/8d9ed9913523aff42c4fa3d2fdc52c4dfb8c185dc3f4126ecf97512ec86caa63?s=96&d=blank&r=g\",\"caption\":\"Redacci\u00f3n Conexi\u00f3n\"},\"url\":\"https:\\\/\\\/conexionnacional.mx\\\/index.php\\\/author\\\/rafael\\\/\"}]}<\/script>\n<!-- \/ Yoast SEO plugin. -->","yoast_head_json":{"title":"Lunes de Doble Hoy No Circula en CDMX y Edomex: Estos autos no salen el 16 de febrero |","robots":{"index":"index","follow":"follow","max-snippet":"max-snippet:-1","max-image-preview":"max-image-preview:large","max-video-preview":"max-video-preview:-1"},"canonical":"https:\/\/conexionnacional.mx\/index.php\/2026\/02\/16\/lunes-de-doble-hoy-no-circula-en-cdmx-y-edomex-estos-autos-no-salen-el-16-de-febrero\/","og_locale":"es_MX","og_type":"article","og_title":"Lunes de Doble Hoy No Circula en CDMX y Edomex: Estos autos no salen el 16 de febrero |","og_description":"La Comisi\u00f3n Ambiental de la Megal\u00f3polis (CAMe) activ\u00f3 la\u00a0contingencia ambiental\u00a0en la Ciudad de M\u00e9xico y el Estado de M\u00e9xico, y con ello el\u00a0Doble Hoy No Circula para el lunes 16 de febrero. Cerca de las 17:00 horas se registr\u00f3 una concentraci\u00f3n de contaminantes de entre 157 y 158 part\u00edculas por bill\u00f3n (ppb) de ozono en [&hellip;]","og_url":"https:\/\/conexionnacional.mx\/index.php\/2026\/02\/16\/lunes-de-doble-hoy-no-circula-en-cdmx-y-edomex-estos-autos-no-salen-el-16-de-febrero\/","og_site_name":"Conexi\u00f3n Nacional","article_publisher":"https:\/\/www.facebook.com\/cnmxradio","article_published_time":"2026-02-16T17:05:42+00:00","article_modified_time":"2026-02-16T17:05:49+00:00","og_image":[{"width":1200,"height":675,"url":"https:\/\/conexionnacional.mx\/wp-content\/uploads\/2026\/02\/QNOAGNJBIZAHNGNV63IBZES4TY.jpg","type":"image\/jpeg"}],"author":"Redacci\u00f3n Conexi\u00f3n","twitter_card":"summary_large_image","twitter_misc":{"Escrito por":"Redacci\u00f3n Conexi\u00f3n","Tiempo de lectura":"3 minutos"},"schema":{"@context":"https:\/\/schema.org","@graph":[{"@type":"Article","@id":"https:\/\/conexionnacional.mx\/index.php\/2026\/02\/16\/lunes-de-doble-hoy-no-circula-en-cdmx-y-edomex-estos-autos-no-salen-el-16-de-febrero\/#article","isPartOf":{"@id":"https:\/\/conexionnacional.mx\/index.php\/2026\/02\/16\/lunes-de-doble-hoy-no-circula-en-cdmx-y-edomex-estos-autos-no-salen-el-16-de-febrero\/"},"author":{"name":"Redacci\u00f3n Conexi\u00f3n","@id":"https:\/\/conexionnacional.mx\/#\/schema\/person\/ba9cbd742badd9e3d29f2973a1391d18"},"headline":"Lunes de Doble Hoy No Circula en CDMX y Edomex: Estos autos no salen el 16 de febrero","datePublished":"2026-02-16T17:05:42+00:00","dateModified":"2026-02-16T17:05:49+00:00","mainEntityOfPage":{"@id":"https:\/\/conexionnacional.mx\/index.php\/2026\/02\/16\/lunes-de-doble-hoy-no-circula-en-cdmx-y-edomex-estos-autos-no-salen-el-16-de-febrero\/"},"wordCount":602,"publisher":{"@id":"https:\/\/conexionnacional.mx\/#organization"},"image":{"@id":"https:\/\/conexionnacional.mx\/index.php\/2026\/02\/16\/lunes-de-doble-hoy-no-circula-en-cdmx-y-edomex-estos-autos-no-salen-el-16-de-febrero\/#primaryimage"},"thumbnailUrl":"https:\/\/conexionnacional.mx\/wp-content\/uploads\/2026\/02\/QNOAGNJBIZAHNGNV63IBZES4TY.jpg","keywords":["Hoy No Circula"],"articleSection":["Nacional"],"inLanguage":"es"},{"@type":"WebPage","@id":"https:\/\/conexionnacional.mx\/index.php\/2026\/02\/16\/lunes-de-doble-hoy-no-circula-en-cdmx-y-edomex-estos-autos-no-salen-el-16-de-febrero\/","url":"https:\/\/conexionnacional.mx\/index.php\/2026\/02\/16\/lunes-de-doble-hoy-no-circula-en-cdmx-y-edomex-estos-autos-no-salen-el-16-de-febrero\/","name":"Lunes de Doble Hoy No Circula en CDMX y Edomex: Estos autos no salen el 16 de febrero |","isPartOf":{"@id":"https:\/\/conexionnacional.mx\/#website"},"primaryImageOfPage":{"@id":"https:\/\/conexionnacional.mx\/index.php\/2026\/02\/16\/lunes-de-doble-hoy-no-circula-en-cdmx-y-edomex-estos-autos-no-salen-el-16-de-febrero\/#primaryimage"},"image":{"@id":"https:\/\/conexionnacional.mx\/index.php\/2026\/02\/16\/lunes-de-doble-hoy-no-circula-en-cdmx-y-edomex-estos-autos-no-salen-el-16-de-febrero\/#primaryimage"},"thumbnailUrl":"https:\/\/conexionnacional.mx\/wp-content\/uploads\/2026\/02\/QNOAGNJBIZAHNGNV63IBZES4TY.jpg","datePublished":"2026-02-16T17:05:42+00:00","dateModified":"2026-02-16T17:05:49+00:00","breadcrumb":{"@id":"https:\/\/conexionnacional.mx\/index.php\/2026\/02\/16\/lunes-de-doble-hoy-no-circula-en-cdmx-y-edomex-estos-autos-no-salen-el-16-de-febrero\/#breadcrumb"},"inLanguage":"es","potentialAction":[{"@type":"ReadAction","target":["https:\/\/conexionnacional.mx\/index.php\/2026\/02\/16\/lunes-de-doble-hoy-no-circula-en-cdmx-y-edomex-estos-autos-no-salen-el-16-de-febrero\/"]}]},{"@type":"ImageObject","inLanguage":"es","@id":"https:\/\/conexionnacional.mx\/index.php\/2026\/02\/16\/lunes-de-doble-hoy-no-circula-en-cdmx-y-edomex-estos-autos-no-salen-el-16-de-febrero\/#primaryimage","url":"https:\/\/conexionnacional.mx\/wp-content\/uploads\/2026\/02\/QNOAGNJBIZAHNGNV63IBZES4TY.jpg","contentUrl":"https:\/\/conexionnacional.mx\/wp-content\/uploads\/2026\/02\/QNOAGNJBIZAHNGNV63IBZES4TY.jpg","width":1200,"height":675},{"@type":"BreadcrumbList","@id":"https:\/\/conexionnacional.mx\/index.php\/2026\/02\/16\/lunes-de-doble-hoy-no-circula-en-cdmx-y-edomex-estos-autos-no-salen-el-16-de-febrero\/#breadcrumb","itemListElement":[{"@type":"ListItem","position":1,"name":"Inicio","item":"https:\/\/conexionnacional.mx\/"},{"@type":"ListItem","position":2,"name":"Lunes de Doble Hoy No Circula en CDMX y Edomex: Estos autos no salen el 16 de febrero"}]},{"@type":"WebSite","@id":"https:\/\/conexionnacional.mx\/#website","url":"https:\/\/conexionnacional.mx\/","name":"Conexi\u00f3n Nacional","description":"Noticias al momento","publisher":{"@id":"https:\/\/conexionnacional.mx\/#organization"},"alternateName":"Noticias nacionales","potentialAction":[{"@type":"SearchAction","target":{"@type":"EntryPoint","urlTemplate":"https:\/\/conexionnacional.mx\/?s={search_term_string}"},"query-input":{"@type":"PropertyValueSpecification","valueRequired":true,"valueName":"search_term_string"}}],"inLanguage":"es"},{"@type":"Organization","@id":"https:\/\/conexionnacional.mx\/#organization","name":"Conexi\u00f3n Nacional","url":"https:\/\/conexionnacional.mx\/","logo":{"@type":"ImageObject","inLanguage":"es","@id":"https:\/\/conexionnacional.mx\/#\/schema\/logo\/image\/","url":"https:\/\/conexionnacional.mx\/wp-content\/uploads\/2022\/09\/conexion_nacional.png","contentUrl":"https:\/\/conexionnacional.mx\/wp-content\/uploads\/2022\/09\/conexion_nacional.png","width":2964,"height":1173,"caption":"Conexi\u00f3n Nacional"},"image":{"@id":"https:\/\/conexionnacional.mx\/#\/schema\/logo\/image\/"},"sameAs":["https:\/\/www.facebook.com\/cnmxradio"]},{"@type":"Person","@id":"https:\/\/conexionnacional.mx\/#\/schema\/person\/ba9cbd742badd9e3d29f2973a1391d18","name":"Redacci\u00f3n Conexi\u00f3n","image":{"@type":"ImageObject","inLanguage":"es","@id":"https:\/\/secure.gravatar.com\/avatar\/8d9ed9913523aff42c4fa3d2fdc52c4dfb8c185dc3f4126ecf97512ec86caa63?s=96&d=blank&r=g","url":"https:\/\/secure.gravatar.com\/avatar\/8d9ed9913523aff42c4fa3d2fdc52c4dfb8c185dc3f4126ecf97512ec86caa63?s=96&d=blank&r=g","contentUrl":"https:\/\/secure.gravatar.com\/avatar\/8d9ed9913523aff42c4fa3d2fdc52c4dfb8c185dc3f4126ecf97512ec86caa63?s=96&d=blank&r=g","caption":"Redacci\u00f3n Conexi\u00f3n"},"url":"https:\/\/conexionnacional.mx\/index.php\/author\/rafael\/"}]}},"_links":{"self":[{"href":"https:\/\/conexionnacional.mx\/index.php\/wp-json\/wp\/v2\/posts\/27874","targetHints":{"allow":["GET"]}}],"collection":[{"href":"https:\/\/conexionnacional.mx\/index.php\/wp-json\/wp\/v2\/posts"}],"about":[{"href":"https:\/\/conexionnacional.mx\/index.php\/wp-json\/wp\/v2\/types\/post"}],"author":[{"embeddable":true,"href":"https:\/\/conexionnacional.mx\/index.php\/wp-json\/wp\/v2\/users\/10"}],"replies":[{"embeddable":true,"href":"https:\/\/conexionnacional.mx\/index.php\/wp-json\/wp\/v2\/comments?post=27874"}],"version-history":[{"count":1,"href":"https:\/\/conexionnacional.mx\/index.php\/wp-json\/wp\/v2\/posts\/27874\/revisions"}],"predecessor-version":[{"id":27876,"href":"https:\/\/conexionnacional.mx\/index.php\/wp-json\/wp\/v2\/posts\/27874\/revisions\/27876"}],"wp:featuredmedia":[{"embeddable":true,"href":"https:\/\/conexionnacional.mx\/index.php\/wp-json\/wp\/v2\/media\/27875"}],"wp:attachment":[{"href":"https:\/\/conexionnacional.mx\/index.php\/wp-json\/wp\/v2\/media?parent=27874"}],"wp:term":[{"taxonomy":"category","embeddable":true,"href":"https:\/\/conexionnacional.mx\/index.php\/wp-json\/wp\/v2\/categories?post=27874"},{"taxonomy":"post_tag","embeddable":true,"href":"https:\/\/conexionnacional.mx\/index.php\/wp-json\/wp\/v2\/tags?post=27874"}],"curies":[{"name":"wp","href":"https:\/\/api.w.org\/{rel}","templated":true}]}}