{"id":27868,"date":"2026-02-16T10:52:45","date_gmt":"2026-02-16T16:52:45","guid":{"rendered":"https:\/\/conexionnacional.mx\/?p=27868"},"modified":"2026-02-16T10:52:49","modified_gmt":"2026-02-16T16:52:49","slug":"centro-de-acopio-en-el-zocalo-ha-reunido-6-toneladas-de-productos-para-cuba","status":"publish","type":"post","link":"https:\/\/conexionnacional.mx\/index.php\/2026\/02\/16\/centro-de-acopio-en-el-zocalo-ha-reunido-6-toneladas-de-productos-para-cuba\/","title":{"rendered":"Centro de acopio en el Z\u00f3calo ha reunido 6 toneladas de productos para Cuba"},"content":{"rendered":"\n<p>La respuesta de los mexicanos a las acciones de Donald Trump contra Cuba continu\u00f3 expres\u00e1ndose ayer. Al cierre del segundo d\u00eda de la campa\u00f1a de acopio de v\u00edveres y medicamentos para el pueblo cubano, instalada en el Z\u00f3calo de la Ciudad de M\u00e9xico, se hab\u00edan recolectado casi seis toneladas de productos, informaron los organizadores.<\/p>\n\n\n\n<p>El acopio evidenci\u00f3 la solidaridad de los mexicanos con la isla, asediada por el reciente bloqueo petrolero decretado por el mandatario de Estados Unidos.<\/p>\n\n\n\n<p>La iniciativa, que arranc\u00f3 el s\u00e1bado, es impulsada por el colectivo Va por Cuba y la Asociaci\u00f3n de Cubanos Residentes en M\u00e9xico Jos\u00e9 Mart\u00ed.<\/p>\n\n\n\n<p>Olivia Garza, vicepresidenta de dicha asociaci\u00f3n, detall\u00f3 a este diario que se ha logrado recabar distintos tipos de apoyo tanto en el centro de acopio instalado en el Z\u00f3calo como durante la manifestaci\u00f3n realizada ayer a las afueras de la embajada de Cuba en M\u00e9xico.<\/p>\n\n\n\n<p>\u201cLa respuesta del pueblo mexicano ha sido extraordinaria. Confieso que varias veces se me salen las l\u00e1grimas al ver c\u00f3mo personas mayores cargan sus cosas; en general todos, tambi\u00e9n j\u00f3venes\u201d, apunt\u00f3 la activista.<\/p>\n\n\n\n<p>Destac\u00f3 que la respuesta ha sido \u201cmasiva\u201d y demuestra que, pese a las acciones de Trump contra Cuba y el gobierno de la revoluci\u00f3n, la solidaridad internacional no se detendr\u00e1.<\/p>\n\n\n\n<p>El centro de acopio permanecer\u00e1 abierto hasta el 22 de febrero, de 11 de la ma\u00f1ana a 6 de la tarde, y recibe alimentos no perecederos, material m\u00e9dico \u2013como jeringas\u2013 y medicamentos.<\/p>\n\n\n\n<p>Garza puntualiz\u00f3 que, en general, la principal demanda de quienes han acudido a entregar apoyo es que se ponga fin al bloqueo contra Cuba, impuesto de manera unilateral por Estados Unidos desde hace m\u00e1s de seis d\u00e9cadas y que se ha intensificado con la administraci\u00f3n de Trump.<\/p>\n\n\n\n<p>A la par, a\u00f1adi\u00f3, la gente ha manifestado que \u201cCuba es un ejemplo\u201d de resistencia y lucha.<\/p>\n\n\n\n<p>Entre im\u00e1genes del hist\u00f3rico l\u00edder cubano, el comandante Fidel Castro, y de figuras relevantes de la revoluci\u00f3n, como Ernesto&nbsp;<em>Che<\/em>&nbsp;Guevara, la gente continu\u00f3 entregando apoyo, mientras los voluntarios recib\u00edan y clasificaban la ayuda.<\/p>\n","protected":false},"excerpt":{"rendered":"<p>La respuesta de los mexicanos a las acciones de Donald Trump contra Cuba continu\u00f3 expres\u00e1ndose ayer. Al cierre del segundo d\u00eda de la campa\u00f1a de acopio de v\u00edveres y medicamentos para el pueblo cubano, instalada en el Z\u00f3calo de la Ciudad de M\u00e9xico, se hab\u00edan recolectado casi seis toneladas de productos, informaron los organizadores. El [&hellip;]<\/p>\n","protected":false},"author":10,"featured_media":27869,"comment_status":"closed","ping_status":"closed","sticky":false,"template":"","format":"aside","meta":{"googlesitekit_rrm_CAowytPeCw:productID":"","footnotes":""},"categories":[3],"tags":[228],"class_list":["post-27868","post","type-post","status-publish","format-aside","has-post-thumbnail","hentry","category-nacional","tag-cuba","post_format-post-format-aside"],"yoast_head":"<!-- This site is optimized with the Yoast SEO plugin v27.5 - https:\/\/yoast.com\/product\/yoast-seo-wordpress\/ -->\n<title>Centro de acopio en el Z\u00f3calo ha reunido 6 toneladas de productos para Cuba |<\/title>\n<meta name=\"robots\" content=\"index, follow, max-snippet:-1, max-image-preview:large, max-video-preview:-1\" \/>\n<link rel=\"canonical\" href=\"https:\/\/conexionnacional.mx\/index.php\/2026\/02\/16\/centro-de-acopio-en-el-zocalo-ha-reunido-6-toneladas-de-productos-para-cuba\/\" \/>\n<meta property=\"og:locale\" content=\"es_MX\" \/>\n<meta property=\"og:type\" content=\"article\" \/>\n<meta property=\"og:title\" content=\"Centro de acopio en el Z\u00f3calo ha reunido 6 toneladas de productos para Cuba |\" \/>\n<meta property=\"og:description\" content=\"La respuesta de los mexicanos a las acciones de Donald Trump contra Cuba continu\u00f3 expres\u00e1ndose ayer. Al cierre del segundo d\u00eda de la campa\u00f1a de acopio de v\u00edveres y medicamentos para el pueblo cubano, instalada en el Z\u00f3calo de la Ciudad de M\u00e9xico, se hab\u00edan recolectado casi seis toneladas de productos, informaron los organizadores. El [&hellip;]\" \/>\n<meta property=\"og:url\" content=\"https:\/\/conexionnacional.mx\/index.php\/2026\/02\/16\/centro-de-acopio-en-el-zocalo-ha-reunido-6-toneladas-de-productos-para-cuba\/\" \/>\n<meta property=\"og:site_name\" content=\"Conexi\u00f3n Nacional\" \/>\n<meta property=\"article:publisher\" content=\"https:\/\/www.facebook.com\/cnmxradio\" \/>\n<meta property=\"article:published_time\" content=\"2026-02-16T16:52:45+00:00\" \/>\n<meta property=\"article:modified_time\" content=\"2026-02-16T16:52:49+00:00\" \/>\n<meta property=\"og:image\" content=\"https:\/\/conexionnacional.mx\/wp-content\/uploads\/2026\/02\/centro-de-acopio-en-el-zocalo-ha.jpg\" \/>\n\t<meta property=\"og:image:width\" content=\"1200\" \/>\n\t<meta property=\"og:image:height\" content=\"800\" \/>\n\t<meta property=\"og:image:type\" content=\"image\/jpeg\" \/>\n<meta name=\"author\" content=\"Redacci\u00f3n Conexi\u00f3n\" \/>\n<meta name=\"twitter:card\" content=\"summary_large_image\" \/>\n<meta name=\"twitter:label1\" content=\"Escrito por\" \/>\n\t<meta name=\"twitter:data1\" content=\"Redacci\u00f3n Conexi\u00f3n\" \/>\n\t<meta name=\"twitter:label2\" content=\"Tiempo de lectura\" \/>\n\t<meta name=\"twitter:data2\" content=\"2 minutos\" \/>\n<script type=\"application\/ld+json\" class=\"yoast-schema-graph\">{\"@context\":\"https:\\\/\\\/schema.org\",\"@graph\":[{\"@type\":\"Article\",\"@id\":\"https:\\\/\\\/conexionnacional.mx\\\/index.php\\\/2026\\\/02\\\/16\\\/centro-de-acopio-en-el-zocalo-ha-reunido-6-toneladas-de-productos-para-cuba\\\/#article\",\"isPartOf\":{\"@id\":\"https:\\\/\\\/conexionnacional.mx\\\/index.php\\\/2026\\\/02\\\/16\\\/centro-de-acopio-en-el-zocalo-ha-reunido-6-toneladas-de-productos-para-cuba\\\/\"},\"author\":{\"name\":\"Redacci\u00f3n Conexi\u00f3n\",\"@id\":\"https:\\\/\\\/conexionnacional.mx\\\/#\\\/schema\\\/person\\\/ba9cbd742badd9e3d29f2973a1391d18\"},\"headline\":\"Centro de acopio en el Z\u00f3calo ha reunido 6 toneladas de productos para Cuba\",\"datePublished\":\"2026-02-16T16:52:45+00:00\",\"dateModified\":\"2026-02-16T16:52:49+00:00\",\"mainEntityOfPage\":{\"@id\":\"https:\\\/\\\/conexionnacional.mx\\\/index.php\\\/2026\\\/02\\\/16\\\/centro-de-acopio-en-el-zocalo-ha-reunido-6-toneladas-de-productos-para-cuba\\\/\"},\"wordCount\":383,\"publisher\":{\"@id\":\"https:\\\/\\\/conexionnacional.mx\\\/#organization\"},\"image\":{\"@id\":\"https:\\\/\\\/conexionnacional.mx\\\/index.php\\\/2026\\\/02\\\/16\\\/centro-de-acopio-en-el-zocalo-ha-reunido-6-toneladas-de-productos-para-cuba\\\/#primaryimage\"},\"thumbnailUrl\":\"https:\\\/\\\/conexionnacional.mx\\\/wp-content\\\/uploads\\\/2026\\\/02\\\/centro-de-acopio-en-el-zocalo-ha.jpg\",\"keywords\":[\"Cuba\"],\"articleSection\":[\"Nacional\"],\"inLanguage\":\"es\"},{\"@type\":\"WebPage\",\"@id\":\"https:\\\/\\\/conexionnacional.mx\\\/index.php\\\/2026\\\/02\\\/16\\\/centro-de-acopio-en-el-zocalo-ha-reunido-6-toneladas-de-productos-para-cuba\\\/\",\"url\":\"https:\\\/\\\/conexionnacional.mx\\\/index.php\\\/2026\\\/02\\\/16\\\/centro-de-acopio-en-el-zocalo-ha-reunido-6-toneladas-de-productos-para-cuba\\\/\",\"name\":\"Centro de acopio en el Z\u00f3calo ha reunido 6 toneladas de productos para Cuba |\",\"isPartOf\":{\"@id\":\"https:\\\/\\\/conexionnacional.mx\\\/#website\"},\"primaryImageOfPage\":{\"@id\":\"https:\\\/\\\/conexionnacional.mx\\\/index.php\\\/2026\\\/02\\\/16\\\/centro-de-acopio-en-el-zocalo-ha-reunido-6-toneladas-de-productos-para-cuba\\\/#primaryimage\"},\"image\":{\"@id\":\"https:\\\/\\\/conexionnacional.mx\\\/index.php\\\/2026\\\/02\\\/16\\\/centro-de-acopio-en-el-zocalo-ha-reunido-6-toneladas-de-productos-para-cuba\\\/#primaryimage\"},\"thumbnailUrl\":\"https:\\\/\\\/conexionnacional.mx\\\/wp-content\\\/uploads\\\/2026\\\/02\\\/centro-de-acopio-en-el-zocalo-ha.jpg\",\"datePublished\":\"2026-02-16T16:52:45+00:00\",\"dateModified\":\"2026-02-16T16:52:49+00:00\",\"breadcrumb\":{\"@id\":\"https:\\\/\\\/conexionnacional.mx\\\/index.php\\\/2026\\\/02\\\/16\\\/centro-de-acopio-en-el-zocalo-ha-reunido-6-toneladas-de-productos-para-cuba\\\/#breadcrumb\"},\"inLanguage\":\"es\",\"potentialAction\":[{\"@type\":\"ReadAction\",\"target\":[\"https:\\\/\\\/conexionnacional.mx\\\/index.php\\\/2026\\\/02\\\/16\\\/centro-de-acopio-en-el-zocalo-ha-reunido-6-toneladas-de-productos-para-cuba\\\/\"]}]},{\"@type\":\"ImageObject\",\"inLanguage\":\"es\",\"@id\":\"https:\\\/\\\/conexionnacional.mx\\\/index.php\\\/2026\\\/02\\\/16\\\/centro-de-acopio-en-el-zocalo-ha-reunido-6-toneladas-de-productos-para-cuba\\\/#primaryimage\",\"url\":\"https:\\\/\\\/conexionnacional.mx\\\/wp-content\\\/uploads\\\/2026\\\/02\\\/centro-de-acopio-en-el-zocalo-ha.jpg\",\"contentUrl\":\"https:\\\/\\\/conexionnacional.mx\\\/wp-content\\\/uploads\\\/2026\\\/02\\\/centro-de-acopio-en-el-zocalo-ha.jpg\",\"width\":1200,\"height\":800},{\"@type\":\"BreadcrumbList\",\"@id\":\"https:\\\/\\\/conexionnacional.mx\\\/index.php\\\/2026\\\/02\\\/16\\\/centro-de-acopio-en-el-zocalo-ha-reunido-6-toneladas-de-productos-para-cuba\\\/#breadcrumb\",\"itemListElement\":[{\"@type\":\"ListItem\",\"position\":1,\"name\":\"Inicio\",\"item\":\"https:\\\/\\\/conexionnacional.mx\\\/\"},{\"@type\":\"ListItem\",\"position\":2,\"name\":\"Centro de acopio en el Z\u00f3calo ha reunido 6 toneladas de productos para Cuba\"}]},{\"@type\":\"WebSite\",\"@id\":\"https:\\\/\\\/conexionnacional.mx\\\/#website\",\"url\":\"https:\\\/\\\/conexionnacional.mx\\\/\",\"name\":\"Conexi\u00f3n Nacional\",\"description\":\"Noticias al momento\",\"publisher\":{\"@id\":\"https:\\\/\\\/conexionnacional.mx\\\/#organization\"},\"alternateName\":\"Noticias nacionales\",\"potentialAction\":[{\"@type\":\"SearchAction\",\"target\":{\"@type\":\"EntryPoint\",\"urlTemplate\":\"https:\\\/\\\/conexionnacional.mx\\\/?s={search_term_string}\"},\"query-input\":{\"@type\":\"PropertyValueSpecification\",\"valueRequired\":true,\"valueName\":\"search_term_string\"}}],\"inLanguage\":\"es\"},{\"@type\":\"Organization\",\"@id\":\"https:\\\/\\\/conexionnacional.mx\\\/#organization\",\"name\":\"Conexi\u00f3n Nacional\",\"url\":\"https:\\\/\\\/conexionnacional.mx\\\/\",\"logo\":{\"@type\":\"ImageObject\",\"inLanguage\":\"es\",\"@id\":\"https:\\\/\\\/conexionnacional.mx\\\/#\\\/schema\\\/logo\\\/image\\\/\",\"url\":\"https:\\\/\\\/conexionnacional.mx\\\/wp-content\\\/uploads\\\/2022\\\/09\\\/conexion_nacional.png\",\"contentUrl\":\"https:\\\/\\\/conexionnacional.mx\\\/wp-content\\\/uploads\\\/2022\\\/09\\\/conexion_nacional.png\",\"width\":2964,\"height\":1173,\"caption\":\"Conexi\u00f3n Nacional\"},\"image\":{\"@id\":\"https:\\\/\\\/conexionnacional.mx\\\/#\\\/schema\\\/logo\\\/image\\\/\"},\"sameAs\":[\"https:\\\/\\\/www.facebook.com\\\/cnmxradio\"]},{\"@type\":\"Person\",\"@id\":\"https:\\\/\\\/conexionnacional.mx\\\/#\\\/schema\\\/person\\\/ba9cbd742badd9e3d29f2973a1391d18\",\"name\":\"Redacci\u00f3n Conexi\u00f3n\",\"image\":{\"@type\":\"ImageObject\",\"inLanguage\":\"es\",\"@id\":\"https:\\\/\\\/secure.gravatar.com\\\/avatar\\\/8d9ed9913523aff42c4fa3d2fdc52c4dfb8c185dc3f4126ecf97512ec86caa63?s=96&d=blank&r=g\",\"url\":\"https:\\\/\\\/secure.gravatar.com\\\/avatar\\\/8d9ed9913523aff42c4fa3d2fdc52c4dfb8c185dc3f4126ecf97512ec86caa63?s=96&d=blank&r=g\",\"contentUrl\":\"https:\\\/\\\/secure.gravatar.com\\\/avatar\\\/8d9ed9913523aff42c4fa3d2fdc52c4dfb8c185dc3f4126ecf97512ec86caa63?s=96&d=blank&r=g\",\"caption\":\"Redacci\u00f3n Conexi\u00f3n\"},\"url\":\"https:\\\/\\\/conexionnacional.mx\\\/index.php\\\/author\\\/rafael\\\/\"}]}<\/script>\n<!-- \/ Yoast SEO plugin. -->","yoast_head_json":{"title":"Centro de acopio en el Z\u00f3calo ha reunido 6 toneladas de productos para Cuba |","robots":{"index":"index","follow":"follow","max-snippet":"max-snippet:-1","max-image-preview":"max-image-preview:large","max-video-preview":"max-video-preview:-1"},"canonical":"https:\/\/conexionnacional.mx\/index.php\/2026\/02\/16\/centro-de-acopio-en-el-zocalo-ha-reunido-6-toneladas-de-productos-para-cuba\/","og_locale":"es_MX","og_type":"article","og_title":"Centro de acopio en el Z\u00f3calo ha reunido 6 toneladas de productos para Cuba |","og_description":"La respuesta de los mexicanos a las acciones de Donald Trump contra Cuba continu\u00f3 expres\u00e1ndose ayer. Al cierre del segundo d\u00eda de la campa\u00f1a de acopio de v\u00edveres y medicamentos para el pueblo cubano, instalada en el Z\u00f3calo de la Ciudad de M\u00e9xico, se hab\u00edan recolectado casi seis toneladas de productos, informaron los organizadores. El [&hellip;]","og_url":"https:\/\/conexionnacional.mx\/index.php\/2026\/02\/16\/centro-de-acopio-en-el-zocalo-ha-reunido-6-toneladas-de-productos-para-cuba\/","og_site_name":"Conexi\u00f3n Nacional","article_publisher":"https:\/\/www.facebook.com\/cnmxradio","article_published_time":"2026-02-16T16:52:45+00:00","article_modified_time":"2026-02-16T16:52:49+00:00","og_image":[{"width":1200,"height":800,"url":"https:\/\/conexionnacional.mx\/wp-content\/uploads\/2026\/02\/centro-de-acopio-en-el-zocalo-ha.jpg","type":"image\/jpeg"}],"author":"Redacci\u00f3n Conexi\u00f3n","twitter_card":"summary_large_image","twitter_misc":{"Escrito por":"Redacci\u00f3n Conexi\u00f3n","Tiempo de lectura":"2 minutos"},"schema":{"@context":"https:\/\/schema.org","@graph":[{"@type":"Article","@id":"https:\/\/conexionnacional.mx\/index.php\/2026\/02\/16\/centro-de-acopio-en-el-zocalo-ha-reunido-6-toneladas-de-productos-para-cuba\/#article","isPartOf":{"@id":"https:\/\/conexionnacional.mx\/index.php\/2026\/02\/16\/centro-de-acopio-en-el-zocalo-ha-reunido-6-toneladas-de-productos-para-cuba\/"},"author":{"name":"Redacci\u00f3n Conexi\u00f3n","@id":"https:\/\/conexionnacional.mx\/#\/schema\/person\/ba9cbd742badd9e3d29f2973a1391d18"},"headline":"Centro de acopio en el Z\u00f3calo ha reunido 6 toneladas de productos para Cuba","datePublished":"2026-02-16T16:52:45+00:00","dateModified":"2026-02-16T16:52:49+00:00","mainEntityOfPage":{"@id":"https:\/\/conexionnacional.mx\/index.php\/2026\/02\/16\/centro-de-acopio-en-el-zocalo-ha-reunido-6-toneladas-de-productos-para-cuba\/"},"wordCount":383,"publisher":{"@id":"https:\/\/conexionnacional.mx\/#organization"},"image":{"@id":"https:\/\/conexionnacional.mx\/index.php\/2026\/02\/16\/centro-de-acopio-en-el-zocalo-ha-reunido-6-toneladas-de-productos-para-cuba\/#primaryimage"},"thumbnailUrl":"https:\/\/conexionnacional.mx\/wp-content\/uploads\/2026\/02\/centro-de-acopio-en-el-zocalo-ha.jpg","keywords":["Cuba"],"articleSection":["Nacional"],"inLanguage":"es"},{"@type":"WebPage","@id":"https:\/\/conexionnacional.mx\/index.php\/2026\/02\/16\/centro-de-acopio-en-el-zocalo-ha-reunido-6-toneladas-de-productos-para-cuba\/","url":"https:\/\/conexionnacional.mx\/index.php\/2026\/02\/16\/centro-de-acopio-en-el-zocalo-ha-reunido-6-toneladas-de-productos-para-cuba\/","name":"Centro de acopio en el Z\u00f3calo ha reunido 6 toneladas de productos para Cuba |","isPartOf":{"@id":"https:\/\/conexionnacional.mx\/#website"},"primaryImageOfPage":{"@id":"https:\/\/conexionnacional.mx\/index.php\/2026\/02\/16\/centro-de-acopio-en-el-zocalo-ha-reunido-6-toneladas-de-productos-para-cuba\/#primaryimage"},"image":{"@id":"https:\/\/conexionnacional.mx\/index.php\/2026\/02\/16\/centro-de-acopio-en-el-zocalo-ha-reunido-6-toneladas-de-productos-para-cuba\/#primaryimage"},"thumbnailUrl":"https:\/\/conexionnacional.mx\/wp-content\/uploads\/2026\/02\/centro-de-acopio-en-el-zocalo-ha.jpg","datePublished":"2026-02-16T16:52:45+00:00","dateModified":"2026-02-16T16:52:49+00:00","breadcrumb":{"@id":"https:\/\/conexionnacional.mx\/index.php\/2026\/02\/16\/centro-de-acopio-en-el-zocalo-ha-reunido-6-toneladas-de-productos-para-cuba\/#breadcrumb"},"inLanguage":"es","potentialAction":[{"@type":"ReadAction","target":["https:\/\/conexionnacional.mx\/index.php\/2026\/02\/16\/centro-de-acopio-en-el-zocalo-ha-reunido-6-toneladas-de-productos-para-cuba\/"]}]},{"@type":"ImageObject","inLanguage":"es","@id":"https:\/\/conexionnacional.mx\/index.php\/2026\/02\/16\/centro-de-acopio-en-el-zocalo-ha-reunido-6-toneladas-de-productos-para-cuba\/#primaryimage","url":"https:\/\/conexionnacional.mx\/wp-content\/uploads\/2026\/02\/centro-de-acopio-en-el-zocalo-ha.jpg","contentUrl":"https:\/\/conexionnacional.mx\/wp-content\/uploads\/2026\/02\/centro-de-acopio-en-el-zocalo-ha.jpg","width":1200,"height":800},{"@type":"BreadcrumbList","@id":"https:\/\/conexionnacional.mx\/index.php\/2026\/02\/16\/centro-de-acopio-en-el-zocalo-ha-reunido-6-toneladas-de-productos-para-cuba\/#breadcrumb","itemListElement":[{"@type":"ListItem","position":1,"name":"Inicio","item":"https:\/\/conexionnacional.mx\/"},{"@type":"ListItem","position":2,"name":"Centro de acopio en el Z\u00f3calo ha reunido 6 toneladas de productos para Cuba"}]},{"@type":"WebSite","@id":"https:\/\/conexionnacional.mx\/#website","url":"https:\/\/conexionnacional.mx\/","name":"Conexi\u00f3n Nacional","description":"Noticias al momento","publisher":{"@id":"https:\/\/conexionnacional.mx\/#organization"},"alternateName":"Noticias nacionales","potentialAction":[{"@type":"SearchAction","target":{"@type":"EntryPoint","urlTemplate":"https:\/\/conexionnacional.mx\/?s={search_term_string}"},"query-input":{"@type":"PropertyValueSpecification","valueRequired":true,"valueName":"search_term_string"}}],"inLanguage":"es"},{"@type":"Organization","@id":"https:\/\/conexionnacional.mx\/#organization","name":"Conexi\u00f3n Nacional","url":"https:\/\/conexionnacional.mx\/","logo":{"@type":"ImageObject","inLanguage":"es","@id":"https:\/\/conexionnacional.mx\/#\/schema\/logo\/image\/","url":"https:\/\/conexionnacional.mx\/wp-content\/uploads\/2022\/09\/conexion_nacional.png","contentUrl":"https:\/\/conexionnacional.mx\/wp-content\/uploads\/2022\/09\/conexion_nacional.png","width":2964,"height":1173,"caption":"Conexi\u00f3n Nacional"},"image":{"@id":"https:\/\/conexionnacional.mx\/#\/schema\/logo\/image\/"},"sameAs":["https:\/\/www.facebook.com\/cnmxradio"]},{"@type":"Person","@id":"https:\/\/conexionnacional.mx\/#\/schema\/person\/ba9cbd742badd9e3d29f2973a1391d18","name":"Redacci\u00f3n Conexi\u00f3n","image":{"@type":"ImageObject","inLanguage":"es","@id":"https:\/\/secure.gravatar.com\/avatar\/8d9ed9913523aff42c4fa3d2fdc52c4dfb8c185dc3f4126ecf97512ec86caa63?s=96&d=blank&r=g","url":"https:\/\/secure.gravatar.com\/avatar\/8d9ed9913523aff42c4fa3d2fdc52c4dfb8c185dc3f4126ecf97512ec86caa63?s=96&d=blank&r=g","contentUrl":"https:\/\/secure.gravatar.com\/avatar\/8d9ed9913523aff42c4fa3d2fdc52c4dfb8c185dc3f4126ecf97512ec86caa63?s=96&d=blank&r=g","caption":"Redacci\u00f3n Conexi\u00f3n"},"url":"https:\/\/conexionnacional.mx\/index.php\/author\/rafael\/"}]}},"_links":{"self":[{"href":"https:\/\/conexionnacional.mx\/index.php\/wp-json\/wp\/v2\/posts\/27868","targetHints":{"allow":["GET"]}}],"collection":[{"href":"https:\/\/conexionnacional.mx\/index.php\/wp-json\/wp\/v2\/posts"}],"about":[{"href":"https:\/\/conexionnacional.mx\/index.php\/wp-json\/wp\/v2\/types\/post"}],"author":[{"embeddable":true,"href":"https:\/\/conexionnacional.mx\/index.php\/wp-json\/wp\/v2\/users\/10"}],"replies":[{"embeddable":true,"href":"https:\/\/conexionnacional.mx\/index.php\/wp-json\/wp\/v2\/comments?post=27868"}],"version-history":[{"count":1,"href":"https:\/\/conexionnacional.mx\/index.php\/wp-json\/wp\/v2\/posts\/27868\/revisions"}],"predecessor-version":[{"id":27870,"href":"https:\/\/conexionnacional.mx\/index.php\/wp-json\/wp\/v2\/posts\/27868\/revisions\/27870"}],"wp:featuredmedia":[{"embeddable":true,"href":"https:\/\/conexionnacional.mx\/index.php\/wp-json\/wp\/v2\/media\/27869"}],"wp:attachment":[{"href":"https:\/\/conexionnacional.mx\/index.php\/wp-json\/wp\/v2\/media?parent=27868"}],"wp:term":[{"taxonomy":"category","embeddable":true,"href":"https:\/\/conexionnacional.mx\/index.php\/wp-json\/wp\/v2\/categories?post=27868"},{"taxonomy":"post_tag","embeddable":true,"href":"https:\/\/conexionnacional.mx\/index.php\/wp-json\/wp\/v2\/tags?post=27868"}],"curies":[{"name":"wp","href":"https:\/\/api.w.org\/{rel}","templated":true}]}}