{"id":27856,"date":"2026-02-13T16:17:10","date_gmt":"2026-02-13T22:17:10","guid":{"rendered":"https:\/\/conexionnacional.mx\/?p=27856"},"modified":"2026-02-13T16:17:14","modified_gmt":"2026-02-13T22:17:14","slug":"prision-provisional-en-cuba-para-dos-influencers-criticos","status":"publish","type":"post","link":"https:\/\/conexionnacional.mx\/index.php\/2026\/02\/13\/prision-provisional-en-cuba-para-dos-influencers-criticos\/","title":{"rendered":"Prisi\u00f3n provisional en Cuba para dos influencers cr\u00edticos"},"content":{"rendered":"\n<p>Ernesto Ricardo Medina y Kamil Zayas P\u00e9rez, integrantes del proyecto audiovisual independiente&nbsp;<em><a rel=\"noreferrer noopener\" target=\"_blank\" href=\"https:\/\/www.instagram.com\/el4tico\/\">El4tico<\/a><\/em>&nbsp;(el cuartico) y&nbsp; con miles de seguidores en redes sociales, fueron detenidos en 6 de enero en la ciudad de Holgu\u00edn,&nbsp;a m\u00e1s de 700 kil\u00f3metros de La Habana,&nbsp;<a href=\"https:\/\/www.dw.com\/es\/cuba\/t-17411744\">Cuba<\/a>.<\/p>\n\n\n\n<p>Hasta ahora las autoridades no hab\u00edan comunicado las razones del arresto. Pero este jueves (13.02.2026) aclararon que se les investiga por &#8220;propaganda contra el orden constitucional&#8221; e &#8220;instigaci\u00f3n a delinquir&#8221;. De acuerdo con el C\u00f3digo Penal cubano, las penas por estos delitos pueden llegar hasta los ocho a\u00f1os y los 18 meses de prisi\u00f3n, respectivamente.<\/p>\n\n\n\n<p>&#8220;Incitan al pueblo, a los miembros de las Fuerzas Armadas Revolucionarias y del Ministerio del Interior a cambiar el orden constitucional de la Rep\u00fablica de Cuba; y difaman sobre la actuaci\u00f3n de instituciones pol\u00edticas y sociales del pa\u00eds&#8221;, se\u00f1al\u00f3 la fiscal\u00eda de la provincia de Holgu\u00edn en su perfil en&nbsp;<a href=\"https:\/\/www.dw.com\/es\/facebook\/t-36802329\">Facebook<\/a>.<\/p>\n\n\n\n<p>Ambos j\u00f3venes han usado las redes para dar su visi\u00f3n de la realidad que enfrenta la isla, sumida en una profunda crisis econ\u00f3mica, y criticar abiertamente al Gobierno comunista.&nbsp;&#8220;El cuartico es un espacio disidente&nbsp;dentro de Cuba&#8221;, se lee en su cuenta de&nbsp;<a href=\"https:\/\/www.dw.com\/es\/instagram\/t-38819598\">Instagram<\/a>.<\/p>\n\n\n\n<h2 class=\"wp-block-heading\">Prisi\u00f3n provisional por criticar abiertamente al Gobierno<\/h2>\n\n\n\n<p>Estos dos j\u00f3venes&nbsp;<em>influencers&nbsp;<\/em>cubanos permanecen ahora en &#8220;prisi\u00f3n provisional&#8221;, sin petici\u00f3n formal de penas por el momento, seg\u00fan la nota publicada por la fiscal\u00eda provincial.<\/p>\n\n\n\n<p>La nota, que responde a una petici\u00f3n de&nbsp;<em>habeas corpus<\/em>, un procedimiento urgente para determinar si la privaci\u00f3n de libertad de una persona es legal o ilegal,&nbsp;presentado a favor de Medina y Zayas, asegura que actualmente &#8220;se practican diligencias de instrucci\u00f3n para la aportaci\u00f3n de los medios de prueba y la culminaci\u00f3n de las investigaciones&#8221;.<\/p>\n\n\n\n<p>En una publicaci\u00f3n que luego borr\u00f3 de redes sociales, Joel Queipo Ruiz, primer secretario en Holgu\u00edn del Partido Comunista de Cuba (PCC), \u00fanico oficialmente permitido en la isla, describi\u00f3 a los detenidos como los &#8220;rostros que pintan de inocentes y tienen alma de traidores invasores&#8221;.<\/p>\n\n\n\n<h2 class=\"wp-block-heading\">En medio de una&nbsp;&#8220;escalada de detenciones arbitrarias&#8221;<\/h2>\n\n\n\n<p>Tras conocerse la imputaci\u00f3n,&nbsp;<a href=\"https:\/\/www.dw.com\/es\/amnist%C3%ADa-internacional\/t-17411645\">Amnist\u00eda Internacional<\/a>&nbsp;carg\u00f3 contra la decisi\u00f3n del fiscal y asegur\u00f3 que &#8220;usar figuras penales amplias para encarcelar a quienes crean contenido env\u00eda un mensaje de miedo a toda la ciudadan\u00eda: opinar puede costarte la libertad&#8221;.<\/p>\n\n\n\n<p>En ese mismo tono, la ONG Justicia 11J denunci\u00f3 &#8220;el uso del sistema penal y de los mecanismos judiciales para criminalizar la libertad de expresi\u00f3n y castigar el disenso, tanto en el espacio p\u00fablico como en el entorno digital&#8221;.<\/p>\n\n\n\n<p>El pasado viernes, Amnist\u00eda Internacional y el Observatorio Cubano de Derechos Humanos (OCDH) alertaron de una &#8220;escalada&#8221; represiva desde enero en Cuba, que vinculan con la creciente presi\u00f3n de Estados Unidos contra La Habana.&nbsp;<\/p>\n\n\n\n<p>Ambas ONG, en comunicados separados, hablaron de detenciones arbitrarias, vigilancia ilegal,&nbsp;acoso contra familiares de presos de conciencia y negaci\u00f3n de derechos para ciudadanos y presos.<\/p>\n\n\n\n<p>La Sociedad Interamericana de Prensa (SIP) y la Oficina de Asuntos del Hemisferio Occidental del Departamento de Estado de Estados Unidos han denunciado tambi\u00e9n la detenci\u00f3n de los dos j\u00f3venes.<\/p>\n\n\n\n<p>El Gobierno del presidente&nbsp;<a href=\"https:\/\/www.dw.com\/es\/d%C3%ADaz-canel-miguel\/t-36562837\">Miguel D\u00edaz-Canel<\/a>&nbsp;niega la existencia de&nbsp;<a href=\"https:\/\/www.dw.com\/es\/cuba-devuelve-a-prisi%C3%B3n-a-los-opositores-ferrer-y-navarro\/a-72390343\">presos pol\u00edticos<\/a>&nbsp;y acusa a los opositores cubanos de ser &#8220;<a href=\"https:\/\/www.dw.com\/es\/otra-huelga-de-hambre-y-sed-en-el-movimiento-san-isidro-tensa-a-la-habana\/a-57414391\">mercenarios<\/a>&#8221; de&nbsp;<a href=\"https:\/\/www.dw.com\/es\/estados-unidos\/t-17411942\">Estados Unidos<\/a>.&nbsp; &nbsp;<\/p>\n","protected":false},"excerpt":{"rendered":"<p>Ernesto Ricardo Medina y Kamil Zayas P\u00e9rez, integrantes del proyecto audiovisual independiente&nbsp;El4tico&nbsp;(el cuartico) y&nbsp; con miles de seguidores en redes sociales, fueron detenidos en 6 de enero en la ciudad de Holgu\u00edn,&nbsp;a m\u00e1s de 700 kil\u00f3metros de La Habana,&nbsp;Cuba. Hasta ahora las autoridades no hab\u00edan comunicado las razones del arresto. Pero este jueves (13.02.2026) aclararon [&hellip;]<\/p>\n","protected":false},"author":10,"featured_media":27857,"comment_status":"closed","ping_status":"closed","sticky":false,"template":"","format":"aside","meta":{"googlesitekit_rrm_CAowytPeCw:productID":"","footnotes":""},"categories":[8],"tags":[228],"class_list":["post-27856","post","type-post","status-publish","format-aside","has-post-thumbnail","hentry","category-internacional","tag-cuba","post_format-post-format-aside"],"yoast_head":"<!-- This site is optimized with the Yoast SEO plugin v27.5 - https:\/\/yoast.com\/product\/yoast-seo-wordpress\/ -->\n<title>Prisi\u00f3n provisional en Cuba para dos influencers cr\u00edticos |<\/title>\n<meta name=\"robots\" content=\"index, follow, max-snippet:-1, max-image-preview:large, max-video-preview:-1\" \/>\n<link rel=\"canonical\" href=\"https:\/\/conexionnacional.mx\/index.php\/2026\/02\/13\/prision-provisional-en-cuba-para-dos-influencers-criticos\/\" \/>\n<meta property=\"og:locale\" content=\"es_MX\" \/>\n<meta property=\"og:type\" content=\"article\" \/>\n<meta property=\"og:title\" content=\"Prisi\u00f3n provisional en Cuba para dos influencers cr\u00edticos |\" \/>\n<meta property=\"og:description\" content=\"Ernesto Ricardo Medina y Kamil Zayas P\u00e9rez, integrantes del proyecto audiovisual independiente&nbsp;El4tico&nbsp;(el cuartico) y&nbsp; con miles de seguidores en redes sociales, fueron detenidos en 6 de enero en la ciudad de Holgu\u00edn,&nbsp;a m\u00e1s de 700 kil\u00f3metros de La Habana,&nbsp;Cuba. Hasta ahora las autoridades no hab\u00edan comunicado las razones del arresto. Pero este jueves (13.02.2026) aclararon [&hellip;]\" \/>\n<meta property=\"og:url\" content=\"https:\/\/conexionnacional.mx\/index.php\/2026\/02\/13\/prision-provisional-en-cuba-para-dos-influencers-criticos\/\" \/>\n<meta property=\"og:site_name\" content=\"Conexi\u00f3n Nacional\" \/>\n<meta property=\"article:publisher\" content=\"https:\/\/www.facebook.com\/cnmxradio\" \/>\n<meta property=\"article:published_time\" content=\"2026-02-13T22:17:10+00:00\" \/>\n<meta property=\"article:modified_time\" content=\"2026-02-13T22:17:14+00:00\" \/>\n<meta property=\"og:image\" content=\"https:\/\/conexionnacional.mx\/wp-content\/uploads\/2026\/02\/75953668_1004.jpg\" \/>\n\t<meta property=\"og:image:width\" content=\"1200\" \/>\n\t<meta property=\"og:image:height\" content=\"525\" \/>\n\t<meta property=\"og:image:type\" content=\"image\/jpeg\" \/>\n<meta name=\"author\" content=\"Redacci\u00f3n Conexi\u00f3n\" \/>\n<meta name=\"twitter:card\" content=\"summary_large_image\" \/>\n<meta name=\"twitter:label1\" content=\"Escrito por\" \/>\n\t<meta name=\"twitter:data1\" content=\"Redacci\u00f3n Conexi\u00f3n\" \/>\n\t<meta name=\"twitter:label2\" content=\"Tiempo de lectura\" \/>\n\t<meta name=\"twitter:data2\" content=\"3 minutos\" \/>\n<script type=\"application\/ld+json\" class=\"yoast-schema-graph\">{\"@context\":\"https:\\\/\\\/schema.org\",\"@graph\":[{\"@type\":\"Article\",\"@id\":\"https:\\\/\\\/conexionnacional.mx\\\/index.php\\\/2026\\\/02\\\/13\\\/prision-provisional-en-cuba-para-dos-influencers-criticos\\\/#article\",\"isPartOf\":{\"@id\":\"https:\\\/\\\/conexionnacional.mx\\\/index.php\\\/2026\\\/02\\\/13\\\/prision-provisional-en-cuba-para-dos-influencers-criticos\\\/\"},\"author\":{\"name\":\"Redacci\u00f3n Conexi\u00f3n\",\"@id\":\"https:\\\/\\\/conexionnacional.mx\\\/#\\\/schema\\\/person\\\/ba9cbd742badd9e3d29f2973a1391d18\"},\"headline\":\"Prisi\u00f3n provisional en Cuba para dos influencers cr\u00edticos\",\"datePublished\":\"2026-02-13T22:17:10+00:00\",\"dateModified\":\"2026-02-13T22:17:14+00:00\",\"mainEntityOfPage\":{\"@id\":\"https:\\\/\\\/conexionnacional.mx\\\/index.php\\\/2026\\\/02\\\/13\\\/prision-provisional-en-cuba-para-dos-influencers-criticos\\\/\"},\"wordCount\":607,\"publisher\":{\"@id\":\"https:\\\/\\\/conexionnacional.mx\\\/#organization\"},\"image\":{\"@id\":\"https:\\\/\\\/conexionnacional.mx\\\/index.php\\\/2026\\\/02\\\/13\\\/prision-provisional-en-cuba-para-dos-influencers-criticos\\\/#primaryimage\"},\"thumbnailUrl\":\"https:\\\/\\\/conexionnacional.mx\\\/wp-content\\\/uploads\\\/2026\\\/02\\\/75953668_1004.jpg\",\"keywords\":[\"Cuba\"],\"articleSection\":[\"Internacional\"],\"inLanguage\":\"es\"},{\"@type\":\"WebPage\",\"@id\":\"https:\\\/\\\/conexionnacional.mx\\\/index.php\\\/2026\\\/02\\\/13\\\/prision-provisional-en-cuba-para-dos-influencers-criticos\\\/\",\"url\":\"https:\\\/\\\/conexionnacional.mx\\\/index.php\\\/2026\\\/02\\\/13\\\/prision-provisional-en-cuba-para-dos-influencers-criticos\\\/\",\"name\":\"Prisi\u00f3n provisional en Cuba para dos influencers cr\u00edticos |\",\"isPartOf\":{\"@id\":\"https:\\\/\\\/conexionnacional.mx\\\/#website\"},\"primaryImageOfPage\":{\"@id\":\"https:\\\/\\\/conexionnacional.mx\\\/index.php\\\/2026\\\/02\\\/13\\\/prision-provisional-en-cuba-para-dos-influencers-criticos\\\/#primaryimage\"},\"image\":{\"@id\":\"https:\\\/\\\/conexionnacional.mx\\\/index.php\\\/2026\\\/02\\\/13\\\/prision-provisional-en-cuba-para-dos-influencers-criticos\\\/#primaryimage\"},\"thumbnailUrl\":\"https:\\\/\\\/conexionnacional.mx\\\/wp-content\\\/uploads\\\/2026\\\/02\\\/75953668_1004.jpg\",\"datePublished\":\"2026-02-13T22:17:10+00:00\",\"dateModified\":\"2026-02-13T22:17:14+00:00\",\"breadcrumb\":{\"@id\":\"https:\\\/\\\/conexionnacional.mx\\\/index.php\\\/2026\\\/02\\\/13\\\/prision-provisional-en-cuba-para-dos-influencers-criticos\\\/#breadcrumb\"},\"inLanguage\":\"es\",\"potentialAction\":[{\"@type\":\"ReadAction\",\"target\":[\"https:\\\/\\\/conexionnacional.mx\\\/index.php\\\/2026\\\/02\\\/13\\\/prision-provisional-en-cuba-para-dos-influencers-criticos\\\/\"]}]},{\"@type\":\"ImageObject\",\"inLanguage\":\"es\",\"@id\":\"https:\\\/\\\/conexionnacional.mx\\\/index.php\\\/2026\\\/02\\\/13\\\/prision-provisional-en-cuba-para-dos-influencers-criticos\\\/#primaryimage\",\"url\":\"https:\\\/\\\/conexionnacional.mx\\\/wp-content\\\/uploads\\\/2026\\\/02\\\/75953668_1004.jpg\",\"contentUrl\":\"https:\\\/\\\/conexionnacional.mx\\\/wp-content\\\/uploads\\\/2026\\\/02\\\/75953668_1004.jpg\",\"width\":1200,\"height\":525},{\"@type\":\"BreadcrumbList\",\"@id\":\"https:\\\/\\\/conexionnacional.mx\\\/index.php\\\/2026\\\/02\\\/13\\\/prision-provisional-en-cuba-para-dos-influencers-criticos\\\/#breadcrumb\",\"itemListElement\":[{\"@type\":\"ListItem\",\"position\":1,\"name\":\"Inicio\",\"item\":\"https:\\\/\\\/conexionnacional.mx\\\/\"},{\"@type\":\"ListItem\",\"position\":2,\"name\":\"Prisi\u00f3n provisional en Cuba para dos influencers cr\u00edticos\"}]},{\"@type\":\"WebSite\",\"@id\":\"https:\\\/\\\/conexionnacional.mx\\\/#website\",\"url\":\"https:\\\/\\\/conexionnacional.mx\\\/\",\"name\":\"Conexi\u00f3n Nacional\",\"description\":\"Noticias al momento\",\"publisher\":{\"@id\":\"https:\\\/\\\/conexionnacional.mx\\\/#organization\"},\"alternateName\":\"Noticias nacionales\",\"potentialAction\":[{\"@type\":\"SearchAction\",\"target\":{\"@type\":\"EntryPoint\",\"urlTemplate\":\"https:\\\/\\\/conexionnacional.mx\\\/?s={search_term_string}\"},\"query-input\":{\"@type\":\"PropertyValueSpecification\",\"valueRequired\":true,\"valueName\":\"search_term_string\"}}],\"inLanguage\":\"es\"},{\"@type\":\"Organization\",\"@id\":\"https:\\\/\\\/conexionnacional.mx\\\/#organization\",\"name\":\"Conexi\u00f3n Nacional\",\"url\":\"https:\\\/\\\/conexionnacional.mx\\\/\",\"logo\":{\"@type\":\"ImageObject\",\"inLanguage\":\"es\",\"@id\":\"https:\\\/\\\/conexionnacional.mx\\\/#\\\/schema\\\/logo\\\/image\\\/\",\"url\":\"https:\\\/\\\/conexionnacional.mx\\\/wp-content\\\/uploads\\\/2022\\\/09\\\/conexion_nacional.png\",\"contentUrl\":\"https:\\\/\\\/conexionnacional.mx\\\/wp-content\\\/uploads\\\/2022\\\/09\\\/conexion_nacional.png\",\"width\":2964,\"height\":1173,\"caption\":\"Conexi\u00f3n Nacional\"},\"image\":{\"@id\":\"https:\\\/\\\/conexionnacional.mx\\\/#\\\/schema\\\/logo\\\/image\\\/\"},\"sameAs\":[\"https:\\\/\\\/www.facebook.com\\\/cnmxradio\"]},{\"@type\":\"Person\",\"@id\":\"https:\\\/\\\/conexionnacional.mx\\\/#\\\/schema\\\/person\\\/ba9cbd742badd9e3d29f2973a1391d18\",\"name\":\"Redacci\u00f3n Conexi\u00f3n\",\"image\":{\"@type\":\"ImageObject\",\"inLanguage\":\"es\",\"@id\":\"https:\\\/\\\/secure.gravatar.com\\\/avatar\\\/8d9ed9913523aff42c4fa3d2fdc52c4dfb8c185dc3f4126ecf97512ec86caa63?s=96&d=blank&r=g\",\"url\":\"https:\\\/\\\/secure.gravatar.com\\\/avatar\\\/8d9ed9913523aff42c4fa3d2fdc52c4dfb8c185dc3f4126ecf97512ec86caa63?s=96&d=blank&r=g\",\"contentUrl\":\"https:\\\/\\\/secure.gravatar.com\\\/avatar\\\/8d9ed9913523aff42c4fa3d2fdc52c4dfb8c185dc3f4126ecf97512ec86caa63?s=96&d=blank&r=g\",\"caption\":\"Redacci\u00f3n Conexi\u00f3n\"},\"url\":\"https:\\\/\\\/conexionnacional.mx\\\/index.php\\\/author\\\/rafael\\\/\"}]}<\/script>\n<!-- \/ Yoast SEO plugin. -->","yoast_head_json":{"title":"Prisi\u00f3n provisional en Cuba para dos influencers cr\u00edticos |","robots":{"index":"index","follow":"follow","max-snippet":"max-snippet:-1","max-image-preview":"max-image-preview:large","max-video-preview":"max-video-preview:-1"},"canonical":"https:\/\/conexionnacional.mx\/index.php\/2026\/02\/13\/prision-provisional-en-cuba-para-dos-influencers-criticos\/","og_locale":"es_MX","og_type":"article","og_title":"Prisi\u00f3n provisional en Cuba para dos influencers cr\u00edticos |","og_description":"Ernesto Ricardo Medina y Kamil Zayas P\u00e9rez, integrantes del proyecto audiovisual independiente&nbsp;El4tico&nbsp;(el cuartico) y&nbsp; con miles de seguidores en redes sociales, fueron detenidos en 6 de enero en la ciudad de Holgu\u00edn,&nbsp;a m\u00e1s de 700 kil\u00f3metros de La Habana,&nbsp;Cuba. Hasta ahora las autoridades no hab\u00edan comunicado las razones del arresto. Pero este jueves (13.02.2026) aclararon [&hellip;]","og_url":"https:\/\/conexionnacional.mx\/index.php\/2026\/02\/13\/prision-provisional-en-cuba-para-dos-influencers-criticos\/","og_site_name":"Conexi\u00f3n Nacional","article_publisher":"https:\/\/www.facebook.com\/cnmxradio","article_published_time":"2026-02-13T22:17:10+00:00","article_modified_time":"2026-02-13T22:17:14+00:00","og_image":[{"width":1200,"height":525,"url":"https:\/\/conexionnacional.mx\/wp-content\/uploads\/2026\/02\/75953668_1004.jpg","type":"image\/jpeg"}],"author":"Redacci\u00f3n Conexi\u00f3n","twitter_card":"summary_large_image","twitter_misc":{"Escrito por":"Redacci\u00f3n Conexi\u00f3n","Tiempo de lectura":"3 minutos"},"schema":{"@context":"https:\/\/schema.org","@graph":[{"@type":"Article","@id":"https:\/\/conexionnacional.mx\/index.php\/2026\/02\/13\/prision-provisional-en-cuba-para-dos-influencers-criticos\/#article","isPartOf":{"@id":"https:\/\/conexionnacional.mx\/index.php\/2026\/02\/13\/prision-provisional-en-cuba-para-dos-influencers-criticos\/"},"author":{"name":"Redacci\u00f3n Conexi\u00f3n","@id":"https:\/\/conexionnacional.mx\/#\/schema\/person\/ba9cbd742badd9e3d29f2973a1391d18"},"headline":"Prisi\u00f3n provisional en Cuba para dos influencers cr\u00edticos","datePublished":"2026-02-13T22:17:10+00:00","dateModified":"2026-02-13T22:17:14+00:00","mainEntityOfPage":{"@id":"https:\/\/conexionnacional.mx\/index.php\/2026\/02\/13\/prision-provisional-en-cuba-para-dos-influencers-criticos\/"},"wordCount":607,"publisher":{"@id":"https:\/\/conexionnacional.mx\/#organization"},"image":{"@id":"https:\/\/conexionnacional.mx\/index.php\/2026\/02\/13\/prision-provisional-en-cuba-para-dos-influencers-criticos\/#primaryimage"},"thumbnailUrl":"https:\/\/conexionnacional.mx\/wp-content\/uploads\/2026\/02\/75953668_1004.jpg","keywords":["Cuba"],"articleSection":["Internacional"],"inLanguage":"es"},{"@type":"WebPage","@id":"https:\/\/conexionnacional.mx\/index.php\/2026\/02\/13\/prision-provisional-en-cuba-para-dos-influencers-criticos\/","url":"https:\/\/conexionnacional.mx\/index.php\/2026\/02\/13\/prision-provisional-en-cuba-para-dos-influencers-criticos\/","name":"Prisi\u00f3n provisional en Cuba para dos influencers cr\u00edticos |","isPartOf":{"@id":"https:\/\/conexionnacional.mx\/#website"},"primaryImageOfPage":{"@id":"https:\/\/conexionnacional.mx\/index.php\/2026\/02\/13\/prision-provisional-en-cuba-para-dos-influencers-criticos\/#primaryimage"},"image":{"@id":"https:\/\/conexionnacional.mx\/index.php\/2026\/02\/13\/prision-provisional-en-cuba-para-dos-influencers-criticos\/#primaryimage"},"thumbnailUrl":"https:\/\/conexionnacional.mx\/wp-content\/uploads\/2026\/02\/75953668_1004.jpg","datePublished":"2026-02-13T22:17:10+00:00","dateModified":"2026-02-13T22:17:14+00:00","breadcrumb":{"@id":"https:\/\/conexionnacional.mx\/index.php\/2026\/02\/13\/prision-provisional-en-cuba-para-dos-influencers-criticos\/#breadcrumb"},"inLanguage":"es","potentialAction":[{"@type":"ReadAction","target":["https:\/\/conexionnacional.mx\/index.php\/2026\/02\/13\/prision-provisional-en-cuba-para-dos-influencers-criticos\/"]}]},{"@type":"ImageObject","inLanguage":"es","@id":"https:\/\/conexionnacional.mx\/index.php\/2026\/02\/13\/prision-provisional-en-cuba-para-dos-influencers-criticos\/#primaryimage","url":"https:\/\/conexionnacional.mx\/wp-content\/uploads\/2026\/02\/75953668_1004.jpg","contentUrl":"https:\/\/conexionnacional.mx\/wp-content\/uploads\/2026\/02\/75953668_1004.jpg","width":1200,"height":525},{"@type":"BreadcrumbList","@id":"https:\/\/conexionnacional.mx\/index.php\/2026\/02\/13\/prision-provisional-en-cuba-para-dos-influencers-criticos\/#breadcrumb","itemListElement":[{"@type":"ListItem","position":1,"name":"Inicio","item":"https:\/\/conexionnacional.mx\/"},{"@type":"ListItem","position":2,"name":"Prisi\u00f3n provisional en Cuba para dos influencers cr\u00edticos"}]},{"@type":"WebSite","@id":"https:\/\/conexionnacional.mx\/#website","url":"https:\/\/conexionnacional.mx\/","name":"Conexi\u00f3n Nacional","description":"Noticias al momento","publisher":{"@id":"https:\/\/conexionnacional.mx\/#organization"},"alternateName":"Noticias nacionales","potentialAction":[{"@type":"SearchAction","target":{"@type":"EntryPoint","urlTemplate":"https:\/\/conexionnacional.mx\/?s={search_term_string}"},"query-input":{"@type":"PropertyValueSpecification","valueRequired":true,"valueName":"search_term_string"}}],"inLanguage":"es"},{"@type":"Organization","@id":"https:\/\/conexionnacional.mx\/#organization","name":"Conexi\u00f3n Nacional","url":"https:\/\/conexionnacional.mx\/","logo":{"@type":"ImageObject","inLanguage":"es","@id":"https:\/\/conexionnacional.mx\/#\/schema\/logo\/image\/","url":"https:\/\/conexionnacional.mx\/wp-content\/uploads\/2022\/09\/conexion_nacional.png","contentUrl":"https:\/\/conexionnacional.mx\/wp-content\/uploads\/2022\/09\/conexion_nacional.png","width":2964,"height":1173,"caption":"Conexi\u00f3n Nacional"},"image":{"@id":"https:\/\/conexionnacional.mx\/#\/schema\/logo\/image\/"},"sameAs":["https:\/\/www.facebook.com\/cnmxradio"]},{"@type":"Person","@id":"https:\/\/conexionnacional.mx\/#\/schema\/person\/ba9cbd742badd9e3d29f2973a1391d18","name":"Redacci\u00f3n Conexi\u00f3n","image":{"@type":"ImageObject","inLanguage":"es","@id":"https:\/\/secure.gravatar.com\/avatar\/8d9ed9913523aff42c4fa3d2fdc52c4dfb8c185dc3f4126ecf97512ec86caa63?s=96&d=blank&r=g","url":"https:\/\/secure.gravatar.com\/avatar\/8d9ed9913523aff42c4fa3d2fdc52c4dfb8c185dc3f4126ecf97512ec86caa63?s=96&d=blank&r=g","contentUrl":"https:\/\/secure.gravatar.com\/avatar\/8d9ed9913523aff42c4fa3d2fdc52c4dfb8c185dc3f4126ecf97512ec86caa63?s=96&d=blank&r=g","caption":"Redacci\u00f3n Conexi\u00f3n"},"url":"https:\/\/conexionnacional.mx\/index.php\/author\/rafael\/"}]}},"_links":{"self":[{"href":"https:\/\/conexionnacional.mx\/index.php\/wp-json\/wp\/v2\/posts\/27856","targetHints":{"allow":["GET"]}}],"collection":[{"href":"https:\/\/conexionnacional.mx\/index.php\/wp-json\/wp\/v2\/posts"}],"about":[{"href":"https:\/\/conexionnacional.mx\/index.php\/wp-json\/wp\/v2\/types\/post"}],"author":[{"embeddable":true,"href":"https:\/\/conexionnacional.mx\/index.php\/wp-json\/wp\/v2\/users\/10"}],"replies":[{"embeddable":true,"href":"https:\/\/conexionnacional.mx\/index.php\/wp-json\/wp\/v2\/comments?post=27856"}],"version-history":[{"count":1,"href":"https:\/\/conexionnacional.mx\/index.php\/wp-json\/wp\/v2\/posts\/27856\/revisions"}],"predecessor-version":[{"id":27858,"href":"https:\/\/conexionnacional.mx\/index.php\/wp-json\/wp\/v2\/posts\/27856\/revisions\/27858"}],"wp:featuredmedia":[{"embeddable":true,"href":"https:\/\/conexionnacional.mx\/index.php\/wp-json\/wp\/v2\/media\/27857"}],"wp:attachment":[{"href":"https:\/\/conexionnacional.mx\/index.php\/wp-json\/wp\/v2\/media?parent=27856"}],"wp:term":[{"taxonomy":"category","embeddable":true,"href":"https:\/\/conexionnacional.mx\/index.php\/wp-json\/wp\/v2\/categories?post=27856"},{"taxonomy":"post_tag","embeddable":true,"href":"https:\/\/conexionnacional.mx\/index.php\/wp-json\/wp\/v2\/tags?post=27856"}],"curies":[{"name":"wp","href":"https:\/\/api.w.org\/{rel}","templated":true}]}}