{"id":27853,"date":"2026-02-13T16:13:16","date_gmt":"2026-02-13T22:13:16","guid":{"rendered":"https:\/\/conexionnacional.mx\/?p=27853"},"modified":"2026-02-13T16:13:20","modified_gmt":"2026-02-13T22:13:20","slug":"donald-trump-anuncia-que-visitara-venezuela","status":"publish","type":"post","link":"https:\/\/conexionnacional.mx\/index.php\/2026\/02\/13\/donald-trump-anuncia-que-visitara-venezuela\/","title":{"rendered":"Donald Trump anuncia que visitar\u00e1 Venezuela"},"content":{"rendered":"\n<p>El presidente de Estados Unidos,&nbsp;<a href=\"https:\/\/www.dw.com\/es\/donald-trump\/t-19445010\">Donald Trump<\/a>, dijo este viernes (13.02.2026) que har\u00e1 una visita a&nbsp;<a href=\"https:\/\/www.dw.com\/es\/venezuela\/t-17410652\">Venezuela<\/a>, aunque admiti\u00f3 que a\u00fan no se ha decidido la fecha del viaje. &#8220;Visitar\u00e9 Venezuela&#8221;, dijo ante preguntas de un periodista en la Casa Blanca. El mandatario tambi\u00e9n explic\u00f3 que Washington reconoce a&nbsp;<a href=\"https:\/\/www.dw.com\/es\/rodr%C3%ADguez-delcy\/t-19555557\">Delcy Rodr\u00edguez<\/a>&nbsp;como la l\u00edder oficial del gobierno venezolano.<\/p>\n\n\n\n<p>Trump efectu\u00f3 esas declaraciones antes de dirigirse hacia una base militar en Carolina del Norte para reunirse con militares que participaron en la captura de Nicol\u00e1s Maduro, presidente de Venezuela que fue sacado de su pa\u00eds el 3 de enero y que ahora espera juicio en Nueva York por narcotr\u00e1fico. Esto oblig\u00f3 al chavismo a reacomodar sus piezas y a poner a Rodr\u00edguez como presidenta encargada.<\/p>\n\n\n\n<p>Consultado sobre si reconoc\u00eda a la ex vicepresidenta de Maduro&nbsp;como la presidenta leg\u00edtima de Venezuela, Trump respondi\u00f3 &#8220;ya lo estamos haciendo, estamos tratando con ellos&#8221;. Agreg\u00f3 que las relaciones con el pa\u00eds sudamericano son &#8220;tan buenas como uno podr\u00eda desear&#8221;, y valor\u00f3 que &#8220;Delcy (Rodr\u00edguez) ha hecho un muy, muy buen trabajo, excelente, y la relaci\u00f3n es s\u00f3lida&#8221;.<\/p>\n\n\n\n<h2 class=\"wp-block-heading\">Entrega de medicamentos<\/h2>\n\n\n\n<p>El republicano se refiri\u00f3 tambi\u00e9n al marco acordado con Caracas para reabrir el mercado de producci\u00f3n de crudo venezolano a petroleras extranjeras bajo el estricto control de Washington. &#8220;El petr\u00f3leo est\u00e1 saliendo, y otras naciones est\u00e1n pagando mucho dinero por \u00e9l, y nosotros nos encargamos de ello. Lo estamos refinando, y somos los \u00fanicos con la capacidad de refinar&#8221;, explic\u00f3 Trump.<\/p>\n\n\n\n<p>Estas declaraciones se conocen el mismo d\u00eda en que m\u00e1s de seis toneladas de medicamentos llegaron a Venezuela desde Estados Unidos. Laura Dogu, encargada de Negocios de la naci\u00f3n norteamericana en Caracas, se\u00f1al\u00f3 que los medicamentos servir\u00e1n &#8220;para apoyar la recuperaci\u00f3n del pueblo venezolano&#8221;. Por medio de X (Twitter), Dogu public\u00f3 fotograf\u00edas de un avi\u00f3n de carga y cajas forradas de negro con la bandera de Estados Unidos.<\/p>\n\n\n\n<p>La diplom\u00e1tica no detall\u00f3 qu\u00e9 tipos de medicamentos llegaron al pa\u00eds.<\/p>\n","protected":false},"excerpt":{"rendered":"<p>El presidente de Estados Unidos,&nbsp;Donald Trump, dijo este viernes (13.02.2026) que har\u00e1 una visita a&nbsp;Venezuela, aunque admiti\u00f3 que a\u00fan no se ha decidido la fecha del viaje. &#8220;Visitar\u00e9 Venezuela&#8221;, dijo ante preguntas de un periodista en la Casa Blanca. El mandatario tambi\u00e9n explic\u00f3 que Washington reconoce a&nbsp;Delcy Rodr\u00edguez&nbsp;como la l\u00edder oficial del gobierno venezolano. Trump [&hellip;]<\/p>\n","protected":false},"author":10,"featured_media":27854,"comment_status":"closed","ping_status":"closed","sticky":false,"template":"","format":"aside","meta":{"googlesitekit_rrm_CAowytPeCw:productID":"","footnotes":""},"categories":[8],"tags":[1158],"class_list":["post-27853","post","type-post","status-publish","format-aside","has-post-thumbnail","hentry","category-internacional","tag-venezuela","post_format-post-format-aside"],"yoast_head":"<!-- This site is optimized with the Yoast SEO plugin v27.5 - https:\/\/yoast.com\/product\/yoast-seo-wordpress\/ -->\n<title>Donald Trump anuncia que visitar\u00e1 Venezuela |<\/title>\n<meta name=\"robots\" content=\"index, follow, max-snippet:-1, max-image-preview:large, max-video-preview:-1\" \/>\n<link rel=\"canonical\" href=\"https:\/\/conexionnacional.mx\/index.php\/2026\/02\/13\/donald-trump-anuncia-que-visitara-venezuela\/\" \/>\n<meta property=\"og:locale\" content=\"es_MX\" \/>\n<meta property=\"og:type\" content=\"article\" \/>\n<meta property=\"og:title\" content=\"Donald Trump anuncia que visitar\u00e1 Venezuela |\" \/>\n<meta property=\"og:description\" content=\"El presidente de Estados Unidos,&nbsp;Donald Trump, dijo este viernes (13.02.2026) que har\u00e1 una visita a&nbsp;Venezuela, aunque admiti\u00f3 que a\u00fan no se ha decidido la fecha del viaje. &#8220;Visitar\u00e9 Venezuela&#8221;, dijo ante preguntas de un periodista en la Casa Blanca. El mandatario tambi\u00e9n explic\u00f3 que Washington reconoce a&nbsp;Delcy Rodr\u00edguez&nbsp;como la l\u00edder oficial del gobierno venezolano. Trump [&hellip;]\" \/>\n<meta property=\"og:url\" content=\"https:\/\/conexionnacional.mx\/index.php\/2026\/02\/13\/donald-trump-anuncia-que-visitara-venezuela\/\" \/>\n<meta property=\"og:site_name\" content=\"Conexi\u00f3n Nacional\" \/>\n<meta property=\"article:publisher\" content=\"https:\/\/www.facebook.com\/cnmxradio\" \/>\n<meta property=\"article:published_time\" content=\"2026-02-13T22:13:16+00:00\" \/>\n<meta property=\"article:modified_time\" content=\"2026-02-13T22:13:20+00:00\" \/>\n<meta property=\"og:image\" content=\"https:\/\/conexionnacional.mx\/wp-content\/uploads\/2026\/02\/75923469_1004.jpg\" \/>\n\t<meta property=\"og:image:width\" content=\"1200\" \/>\n\t<meta property=\"og:image:height\" content=\"525\" \/>\n\t<meta property=\"og:image:type\" content=\"image\/jpeg\" \/>\n<meta name=\"author\" content=\"Redacci\u00f3n Conexi\u00f3n\" \/>\n<meta name=\"twitter:card\" content=\"summary_large_image\" \/>\n<meta name=\"twitter:label1\" content=\"Escrito por\" \/>\n\t<meta name=\"twitter:data1\" content=\"Redacci\u00f3n Conexi\u00f3n\" \/>\n\t<meta name=\"twitter:label2\" content=\"Tiempo de lectura\" \/>\n\t<meta name=\"twitter:data2\" content=\"2 minutos\" \/>\n<script type=\"application\/ld+json\" class=\"yoast-schema-graph\">{\"@context\":\"https:\\\/\\\/schema.org\",\"@graph\":[{\"@type\":\"Article\",\"@id\":\"https:\\\/\\\/conexionnacional.mx\\\/index.php\\\/2026\\\/02\\\/13\\\/donald-trump-anuncia-que-visitara-venezuela\\\/#article\",\"isPartOf\":{\"@id\":\"https:\\\/\\\/conexionnacional.mx\\\/index.php\\\/2026\\\/02\\\/13\\\/donald-trump-anuncia-que-visitara-venezuela\\\/\"},\"author\":{\"name\":\"Redacci\u00f3n Conexi\u00f3n\",\"@id\":\"https:\\\/\\\/conexionnacional.mx\\\/#\\\/schema\\\/person\\\/ba9cbd742badd9e3d29f2973a1391d18\"},\"headline\":\"Donald Trump anuncia que visitar\u00e1 Venezuela\",\"datePublished\":\"2026-02-13T22:13:16+00:00\",\"dateModified\":\"2026-02-13T22:13:20+00:00\",\"mainEntityOfPage\":{\"@id\":\"https:\\\/\\\/conexionnacional.mx\\\/index.php\\\/2026\\\/02\\\/13\\\/donald-trump-anuncia-que-visitara-venezuela\\\/\"},\"wordCount\":364,\"publisher\":{\"@id\":\"https:\\\/\\\/conexionnacional.mx\\\/#organization\"},\"image\":{\"@id\":\"https:\\\/\\\/conexionnacional.mx\\\/index.php\\\/2026\\\/02\\\/13\\\/donald-trump-anuncia-que-visitara-venezuela\\\/#primaryimage\"},\"thumbnailUrl\":\"https:\\\/\\\/conexionnacional.mx\\\/wp-content\\\/uploads\\\/2026\\\/02\\\/75923469_1004.jpg\",\"keywords\":[\"Venezuela\"],\"articleSection\":[\"Internacional\"],\"inLanguage\":\"es\"},{\"@type\":\"WebPage\",\"@id\":\"https:\\\/\\\/conexionnacional.mx\\\/index.php\\\/2026\\\/02\\\/13\\\/donald-trump-anuncia-que-visitara-venezuela\\\/\",\"url\":\"https:\\\/\\\/conexionnacional.mx\\\/index.php\\\/2026\\\/02\\\/13\\\/donald-trump-anuncia-que-visitara-venezuela\\\/\",\"name\":\"Donald Trump anuncia que visitar\u00e1 Venezuela |\",\"isPartOf\":{\"@id\":\"https:\\\/\\\/conexionnacional.mx\\\/#website\"},\"primaryImageOfPage\":{\"@id\":\"https:\\\/\\\/conexionnacional.mx\\\/index.php\\\/2026\\\/02\\\/13\\\/donald-trump-anuncia-que-visitara-venezuela\\\/#primaryimage\"},\"image\":{\"@id\":\"https:\\\/\\\/conexionnacional.mx\\\/index.php\\\/2026\\\/02\\\/13\\\/donald-trump-anuncia-que-visitara-venezuela\\\/#primaryimage\"},\"thumbnailUrl\":\"https:\\\/\\\/conexionnacional.mx\\\/wp-content\\\/uploads\\\/2026\\\/02\\\/75923469_1004.jpg\",\"datePublished\":\"2026-02-13T22:13:16+00:00\",\"dateModified\":\"2026-02-13T22:13:20+00:00\",\"breadcrumb\":{\"@id\":\"https:\\\/\\\/conexionnacional.mx\\\/index.php\\\/2026\\\/02\\\/13\\\/donald-trump-anuncia-que-visitara-venezuela\\\/#breadcrumb\"},\"inLanguage\":\"es\",\"potentialAction\":[{\"@type\":\"ReadAction\",\"target\":[\"https:\\\/\\\/conexionnacional.mx\\\/index.php\\\/2026\\\/02\\\/13\\\/donald-trump-anuncia-que-visitara-venezuela\\\/\"]}]},{\"@type\":\"ImageObject\",\"inLanguage\":\"es\",\"@id\":\"https:\\\/\\\/conexionnacional.mx\\\/index.php\\\/2026\\\/02\\\/13\\\/donald-trump-anuncia-que-visitara-venezuela\\\/#primaryimage\",\"url\":\"https:\\\/\\\/conexionnacional.mx\\\/wp-content\\\/uploads\\\/2026\\\/02\\\/75923469_1004.jpg\",\"contentUrl\":\"https:\\\/\\\/conexionnacional.mx\\\/wp-content\\\/uploads\\\/2026\\\/02\\\/75923469_1004.jpg\",\"width\":1200,\"height\":525},{\"@type\":\"BreadcrumbList\",\"@id\":\"https:\\\/\\\/conexionnacional.mx\\\/index.php\\\/2026\\\/02\\\/13\\\/donald-trump-anuncia-que-visitara-venezuela\\\/#breadcrumb\",\"itemListElement\":[{\"@type\":\"ListItem\",\"position\":1,\"name\":\"Inicio\",\"item\":\"https:\\\/\\\/conexionnacional.mx\\\/\"},{\"@type\":\"ListItem\",\"position\":2,\"name\":\"Donald Trump anuncia que visitar\u00e1 Venezuela\"}]},{\"@type\":\"WebSite\",\"@id\":\"https:\\\/\\\/conexionnacional.mx\\\/#website\",\"url\":\"https:\\\/\\\/conexionnacional.mx\\\/\",\"name\":\"Conexi\u00f3n Nacional\",\"description\":\"Noticias al momento\",\"publisher\":{\"@id\":\"https:\\\/\\\/conexionnacional.mx\\\/#organization\"},\"alternateName\":\"Noticias nacionales\",\"potentialAction\":[{\"@type\":\"SearchAction\",\"target\":{\"@type\":\"EntryPoint\",\"urlTemplate\":\"https:\\\/\\\/conexionnacional.mx\\\/?s={search_term_string}\"},\"query-input\":{\"@type\":\"PropertyValueSpecification\",\"valueRequired\":true,\"valueName\":\"search_term_string\"}}],\"inLanguage\":\"es\"},{\"@type\":\"Organization\",\"@id\":\"https:\\\/\\\/conexionnacional.mx\\\/#organization\",\"name\":\"Conexi\u00f3n Nacional\",\"url\":\"https:\\\/\\\/conexionnacional.mx\\\/\",\"logo\":{\"@type\":\"ImageObject\",\"inLanguage\":\"es\",\"@id\":\"https:\\\/\\\/conexionnacional.mx\\\/#\\\/schema\\\/logo\\\/image\\\/\",\"url\":\"https:\\\/\\\/conexionnacional.mx\\\/wp-content\\\/uploads\\\/2022\\\/09\\\/conexion_nacional.png\",\"contentUrl\":\"https:\\\/\\\/conexionnacional.mx\\\/wp-content\\\/uploads\\\/2022\\\/09\\\/conexion_nacional.png\",\"width\":2964,\"height\":1173,\"caption\":\"Conexi\u00f3n Nacional\"},\"image\":{\"@id\":\"https:\\\/\\\/conexionnacional.mx\\\/#\\\/schema\\\/logo\\\/image\\\/\"},\"sameAs\":[\"https:\\\/\\\/www.facebook.com\\\/cnmxradio\"]},{\"@type\":\"Person\",\"@id\":\"https:\\\/\\\/conexionnacional.mx\\\/#\\\/schema\\\/person\\\/ba9cbd742badd9e3d29f2973a1391d18\",\"name\":\"Redacci\u00f3n Conexi\u00f3n\",\"image\":{\"@type\":\"ImageObject\",\"inLanguage\":\"es\",\"@id\":\"https:\\\/\\\/secure.gravatar.com\\\/avatar\\\/8d9ed9913523aff42c4fa3d2fdc52c4dfb8c185dc3f4126ecf97512ec86caa63?s=96&d=blank&r=g\",\"url\":\"https:\\\/\\\/secure.gravatar.com\\\/avatar\\\/8d9ed9913523aff42c4fa3d2fdc52c4dfb8c185dc3f4126ecf97512ec86caa63?s=96&d=blank&r=g\",\"contentUrl\":\"https:\\\/\\\/secure.gravatar.com\\\/avatar\\\/8d9ed9913523aff42c4fa3d2fdc52c4dfb8c185dc3f4126ecf97512ec86caa63?s=96&d=blank&r=g\",\"caption\":\"Redacci\u00f3n Conexi\u00f3n\"},\"url\":\"https:\\\/\\\/conexionnacional.mx\\\/index.php\\\/author\\\/rafael\\\/\"}]}<\/script>\n<!-- \/ Yoast SEO plugin. -->","yoast_head_json":{"title":"Donald Trump anuncia que visitar\u00e1 Venezuela |","robots":{"index":"index","follow":"follow","max-snippet":"max-snippet:-1","max-image-preview":"max-image-preview:large","max-video-preview":"max-video-preview:-1"},"canonical":"https:\/\/conexionnacional.mx\/index.php\/2026\/02\/13\/donald-trump-anuncia-que-visitara-venezuela\/","og_locale":"es_MX","og_type":"article","og_title":"Donald Trump anuncia que visitar\u00e1 Venezuela |","og_description":"El presidente de Estados Unidos,&nbsp;Donald Trump, dijo este viernes (13.02.2026) que har\u00e1 una visita a&nbsp;Venezuela, aunque admiti\u00f3 que a\u00fan no se ha decidido la fecha del viaje. &#8220;Visitar\u00e9 Venezuela&#8221;, dijo ante preguntas de un periodista en la Casa Blanca. El mandatario tambi\u00e9n explic\u00f3 que Washington reconoce a&nbsp;Delcy Rodr\u00edguez&nbsp;como la l\u00edder oficial del gobierno venezolano. Trump [&hellip;]","og_url":"https:\/\/conexionnacional.mx\/index.php\/2026\/02\/13\/donald-trump-anuncia-que-visitara-venezuela\/","og_site_name":"Conexi\u00f3n Nacional","article_publisher":"https:\/\/www.facebook.com\/cnmxradio","article_published_time":"2026-02-13T22:13:16+00:00","article_modified_time":"2026-02-13T22:13:20+00:00","og_image":[{"width":1200,"height":525,"url":"https:\/\/conexionnacional.mx\/wp-content\/uploads\/2026\/02\/75923469_1004.jpg","type":"image\/jpeg"}],"author":"Redacci\u00f3n Conexi\u00f3n","twitter_card":"summary_large_image","twitter_misc":{"Escrito por":"Redacci\u00f3n Conexi\u00f3n","Tiempo de lectura":"2 minutos"},"schema":{"@context":"https:\/\/schema.org","@graph":[{"@type":"Article","@id":"https:\/\/conexionnacional.mx\/index.php\/2026\/02\/13\/donald-trump-anuncia-que-visitara-venezuela\/#article","isPartOf":{"@id":"https:\/\/conexionnacional.mx\/index.php\/2026\/02\/13\/donald-trump-anuncia-que-visitara-venezuela\/"},"author":{"name":"Redacci\u00f3n Conexi\u00f3n","@id":"https:\/\/conexionnacional.mx\/#\/schema\/person\/ba9cbd742badd9e3d29f2973a1391d18"},"headline":"Donald Trump anuncia que visitar\u00e1 Venezuela","datePublished":"2026-02-13T22:13:16+00:00","dateModified":"2026-02-13T22:13:20+00:00","mainEntityOfPage":{"@id":"https:\/\/conexionnacional.mx\/index.php\/2026\/02\/13\/donald-trump-anuncia-que-visitara-venezuela\/"},"wordCount":364,"publisher":{"@id":"https:\/\/conexionnacional.mx\/#organization"},"image":{"@id":"https:\/\/conexionnacional.mx\/index.php\/2026\/02\/13\/donald-trump-anuncia-que-visitara-venezuela\/#primaryimage"},"thumbnailUrl":"https:\/\/conexionnacional.mx\/wp-content\/uploads\/2026\/02\/75923469_1004.jpg","keywords":["Venezuela"],"articleSection":["Internacional"],"inLanguage":"es"},{"@type":"WebPage","@id":"https:\/\/conexionnacional.mx\/index.php\/2026\/02\/13\/donald-trump-anuncia-que-visitara-venezuela\/","url":"https:\/\/conexionnacional.mx\/index.php\/2026\/02\/13\/donald-trump-anuncia-que-visitara-venezuela\/","name":"Donald Trump anuncia que visitar\u00e1 Venezuela |","isPartOf":{"@id":"https:\/\/conexionnacional.mx\/#website"},"primaryImageOfPage":{"@id":"https:\/\/conexionnacional.mx\/index.php\/2026\/02\/13\/donald-trump-anuncia-que-visitara-venezuela\/#primaryimage"},"image":{"@id":"https:\/\/conexionnacional.mx\/index.php\/2026\/02\/13\/donald-trump-anuncia-que-visitara-venezuela\/#primaryimage"},"thumbnailUrl":"https:\/\/conexionnacional.mx\/wp-content\/uploads\/2026\/02\/75923469_1004.jpg","datePublished":"2026-02-13T22:13:16+00:00","dateModified":"2026-02-13T22:13:20+00:00","breadcrumb":{"@id":"https:\/\/conexionnacional.mx\/index.php\/2026\/02\/13\/donald-trump-anuncia-que-visitara-venezuela\/#breadcrumb"},"inLanguage":"es","potentialAction":[{"@type":"ReadAction","target":["https:\/\/conexionnacional.mx\/index.php\/2026\/02\/13\/donald-trump-anuncia-que-visitara-venezuela\/"]}]},{"@type":"ImageObject","inLanguage":"es","@id":"https:\/\/conexionnacional.mx\/index.php\/2026\/02\/13\/donald-trump-anuncia-que-visitara-venezuela\/#primaryimage","url":"https:\/\/conexionnacional.mx\/wp-content\/uploads\/2026\/02\/75923469_1004.jpg","contentUrl":"https:\/\/conexionnacional.mx\/wp-content\/uploads\/2026\/02\/75923469_1004.jpg","width":1200,"height":525},{"@type":"BreadcrumbList","@id":"https:\/\/conexionnacional.mx\/index.php\/2026\/02\/13\/donald-trump-anuncia-que-visitara-venezuela\/#breadcrumb","itemListElement":[{"@type":"ListItem","position":1,"name":"Inicio","item":"https:\/\/conexionnacional.mx\/"},{"@type":"ListItem","position":2,"name":"Donald Trump anuncia que visitar\u00e1 Venezuela"}]},{"@type":"WebSite","@id":"https:\/\/conexionnacional.mx\/#website","url":"https:\/\/conexionnacional.mx\/","name":"Conexi\u00f3n Nacional","description":"Noticias al momento","publisher":{"@id":"https:\/\/conexionnacional.mx\/#organization"},"alternateName":"Noticias nacionales","potentialAction":[{"@type":"SearchAction","target":{"@type":"EntryPoint","urlTemplate":"https:\/\/conexionnacional.mx\/?s={search_term_string}"},"query-input":{"@type":"PropertyValueSpecification","valueRequired":true,"valueName":"search_term_string"}}],"inLanguage":"es"},{"@type":"Organization","@id":"https:\/\/conexionnacional.mx\/#organization","name":"Conexi\u00f3n Nacional","url":"https:\/\/conexionnacional.mx\/","logo":{"@type":"ImageObject","inLanguage":"es","@id":"https:\/\/conexionnacional.mx\/#\/schema\/logo\/image\/","url":"https:\/\/conexionnacional.mx\/wp-content\/uploads\/2022\/09\/conexion_nacional.png","contentUrl":"https:\/\/conexionnacional.mx\/wp-content\/uploads\/2022\/09\/conexion_nacional.png","width":2964,"height":1173,"caption":"Conexi\u00f3n Nacional"},"image":{"@id":"https:\/\/conexionnacional.mx\/#\/schema\/logo\/image\/"},"sameAs":["https:\/\/www.facebook.com\/cnmxradio"]},{"@type":"Person","@id":"https:\/\/conexionnacional.mx\/#\/schema\/person\/ba9cbd742badd9e3d29f2973a1391d18","name":"Redacci\u00f3n Conexi\u00f3n","image":{"@type":"ImageObject","inLanguage":"es","@id":"https:\/\/secure.gravatar.com\/avatar\/8d9ed9913523aff42c4fa3d2fdc52c4dfb8c185dc3f4126ecf97512ec86caa63?s=96&d=blank&r=g","url":"https:\/\/secure.gravatar.com\/avatar\/8d9ed9913523aff42c4fa3d2fdc52c4dfb8c185dc3f4126ecf97512ec86caa63?s=96&d=blank&r=g","contentUrl":"https:\/\/secure.gravatar.com\/avatar\/8d9ed9913523aff42c4fa3d2fdc52c4dfb8c185dc3f4126ecf97512ec86caa63?s=96&d=blank&r=g","caption":"Redacci\u00f3n Conexi\u00f3n"},"url":"https:\/\/conexionnacional.mx\/index.php\/author\/rafael\/"}]}},"_links":{"self":[{"href":"https:\/\/conexionnacional.mx\/index.php\/wp-json\/wp\/v2\/posts\/27853","targetHints":{"allow":["GET"]}}],"collection":[{"href":"https:\/\/conexionnacional.mx\/index.php\/wp-json\/wp\/v2\/posts"}],"about":[{"href":"https:\/\/conexionnacional.mx\/index.php\/wp-json\/wp\/v2\/types\/post"}],"author":[{"embeddable":true,"href":"https:\/\/conexionnacional.mx\/index.php\/wp-json\/wp\/v2\/users\/10"}],"replies":[{"embeddable":true,"href":"https:\/\/conexionnacional.mx\/index.php\/wp-json\/wp\/v2\/comments?post=27853"}],"version-history":[{"count":1,"href":"https:\/\/conexionnacional.mx\/index.php\/wp-json\/wp\/v2\/posts\/27853\/revisions"}],"predecessor-version":[{"id":27855,"href":"https:\/\/conexionnacional.mx\/index.php\/wp-json\/wp\/v2\/posts\/27853\/revisions\/27855"}],"wp:featuredmedia":[{"embeddable":true,"href":"https:\/\/conexionnacional.mx\/index.php\/wp-json\/wp\/v2\/media\/27854"}],"wp:attachment":[{"href":"https:\/\/conexionnacional.mx\/index.php\/wp-json\/wp\/v2\/media?parent=27853"}],"wp:term":[{"taxonomy":"category","embeddable":true,"href":"https:\/\/conexionnacional.mx\/index.php\/wp-json\/wp\/v2\/categories?post=27853"},{"taxonomy":"post_tag","embeddable":true,"href":"https:\/\/conexionnacional.mx\/index.php\/wp-json\/wp\/v2\/tags?post=27853"}],"curies":[{"name":"wp","href":"https:\/\/api.w.org\/{rel}","templated":true}]}}