{"id":27829,"date":"2026-02-13T12:29:42","date_gmt":"2026-02-13T18:29:42","guid":{"rendered":"https:\/\/conexionnacional.mx\/?p=27829"},"modified":"2026-02-13T12:29:45","modified_gmt":"2026-02-13T18:29:45","slug":"los-archivos-epstein-y-una-elite-que-no-rinde-cuentas","status":"publish","type":"post","link":"https:\/\/conexionnacional.mx\/index.php\/2026\/02\/13\/los-archivos-epstein-y-una-elite-que-no-rinde-cuentas\/","title":{"rendered":"Los archivos Epstein y una \u00e9lite que no rinde cuentas"},"content":{"rendered":"\n<p>Periodistas e investigadores pasar\u00e1n los pr\u00f3ximos meses hurgando en los archivos Epstein en busca de m\u00e1s conductas delictivas o de una nueva arista conspirativa. Pero ya se ha revelado una verdad.<\/p>\n\n\n\n<p>Con todo lujo de detalles, los documentos dejan al descubierto las actividades, anta\u00f1o solapadas, de una \u00e9lite que no rend\u00eda cuentas, formada en gran parte por hombres ricos y poderosos del mundo de los negocios, la pol\u00edtica, la academia y el espect\u00e1culo. Las p\u00e1ginas cuentan la historia de un criminal atroz al que la clase dominante en la que viv\u00eda le daba carta libre, todo porque ten\u00eda cosas que ofrecerles: dinero, contactos, cenas suntuosas, un avi\u00f3n privado, una isla apartada y, en algunos casos, sexo.<\/p>\n\n\n\n<p>Esta historia de impunidad resulta a\u00fan m\u00e1s escandalosa ahora, en medio de una creciente ira populista y de una desigualdad cada vez mayor. Las excentricidades tipo Cal\u00edgula de Jeffrey Epstein y sus amigos ocurrieron a lo largo de las dos d\u00e9cadas en que se produjo el declive del sector manufacturero estadounidense y la crisis de las hipotecas de alto riesgo, en la que millones de estadounidenses perdieron sus casas.<\/p>\n\n\n\n<p>Si el objetivo de Epstein era construir un muro de protecci\u00f3n en torno a sus abusos rode\u00e1ndose de personas bien relacionadas, al final fracas\u00f3. Pero tanto antes como despu\u00e9s de ser procesado por primera vez por abusar de ni\u00f1as y mujeres j\u00f3venes, su correspondencia describ\u00eda una red de personas cuyas vidas de alto vuelo no reflejaban las luchas de los estadounidenses corrientes. Y en el centro de esa red hab\u00eda un depredador sexual aparentemente en la cima del mundo.<\/p>\n\n\n\n<p>\u201cHemos o\u00eddo hablar mucho del esc\u00e1ndalo Epstein en los \u00faltimos a\u00f1os\u201d, dijo Nicole Hemmer, profesora de Historia de la Universidad de Vanderbilt, quien escribe con frecuencia sobre cultura pol\u00edtica. \u201cY, sin embargo, la gente parece escandalizada por el alcance de la complicidad de las \u00e9lites en su mundo. Es un nivel de corrupci\u00f3n del que el p\u00fablico est\u00e1 teniendo ahora una visi\u00f3n completa\u201d.<\/p>\n\n\n\n<p>En 2002, Epstein llev\u00f3 al expresidente Bill Clinton y el actor Kevin Spacey en una gira por pa\u00edses africanos a bordo de su jet privado.<\/p>\n\n\n\n<figure class=\"wp-block-image\"><img decoding=\"async\" src=\"data:image\/gif;base64,R0lGODlhAQABAAAAACH5BAEKAAEALAAAAAABAAEAAAICTAEAOw==\" data-src=\"https:\/\/static01.nyt.com\/images\/2026\/02\/10\/espanol\/dc-epsteinstory-2-ES-copy1\/dc-epsteinstory-2-articleLarge.jpg?quality=75&amp;auto=webp&amp;disable=upscale\" class=\"lazyload\" alt=\"\u00a0effrey Epstein, con camisa blanca y vaqueros, junto a Bill Clinton, quien lleva un traje oscuro.\"\/><figcaption class=\"wp-element-caption\">El nombre del expresidente Bill Clinton aparece en los archivos Epstein.Credit&#8230;Departamento de Justicia de Estados Unidos.<\/figcaption><\/figure>\n\n\n\n<p>Su talento para agasajar a sus invitados atrajo el inter\u00e9s de uno de los hombres m\u00e1s ricos del mundo, Elon Musk, quien le envi\u00f3 un correo electr\u00f3nico a Epstein en 2012 para preguntarle: \u201c\u00bfQu\u00e9 d\u00eda\/noche ser\u00e1 la fiesta m\u00e1s salvaje de tu isla?\u201d. (Musk ha dicho en las redes sociales que \u201cmantuve muy poca correspondencia con Epstein y rechac\u00e9 repetidas invitaciones para ir a su isla\u201d).<\/p>\n\n\n\n<p>Estaba, por supuesto, su amistad con Donald Trump.<\/p>\n\n\n\n<p>Y concedi\u00f3 favores y se code\u00f3 con Woody Allen; Noam Chomsky, ling\u00fcista e intelectual; Kenneth W. Starr, el abogado independiente en la investigaci\u00f3n sobre Clinton; Kathryn Ruemmler, exasesora de la Casa Blanca de Obama, quien el jueves por la noche&nbsp;<a href=\"https:\/\/www.nytimes.com\/2026\/02\/12\/business\/goldman-lawyer-kathryn-ruemmler-resigns.html\">dimiti\u00f3<\/a>&nbsp;como consejera general de Goldman Sachs en medio del escrutinio de sus v\u00ednculos con Epstein; Stephen K. Bannon, uno de los principales aliados pol\u00edticos del presidente Trump; Deepak Chopra, el gur\u00fa del&nbsp;<em>new age<\/em>; el productor cinematogr\u00e1fico Barry Josephson; Lawrence H. Summers, exrector de Harvard y exsecretario del Tesoro; Andrew Mountbatten-Windsor, el expr\u00edncipe Andr\u00e9s; Sarah Ferguson, exduquesa de York; la princesa heredera Mette-Marit de Noruega, y una retah\u00edla de titanes financieros.<\/p>\n\n\n\n<figure class=\"wp-block-image\"><img decoding=\"async\" src=\"data:image\/gif;base64,R0lGODlhAQABAAAAACH5BAEKAAEALAAAAAABAAEAAAICTAEAOw==\" data-src=\"https:\/\/static01.nyt.com\/images\/2026\/02\/10\/espanol\/dc-epsteinstory-3-ES-copy1\/dc-epsteinstory-3-articleLarge.jpg?quality=75&amp;auto=webp&amp;disable=upscale\" class=\"lazyload\" alt=\"Stephen K. Bannon sentado frente al escritorio de Jeffrey Epstein en un despacho ornamentado con paneles de madera.\"\/><figcaption class=\"wp-element-caption\">Stephen K. Bannon se encontraba entre las personas poderosas y bien relacionadas que se asociaron con Epstein.Credit&#8230;Departamento de Justicia de Estados Unidos<\/figcaption><\/figure>\n\n\n\n<p>James E. Staley, quien recientemente dimiti\u00f3 como director ejecutivo de Barclay\u2019s a ra\u00edz de las acusaciones sobre sus v\u00ednculos con Epstein, le envi\u00f3 un correo electr\u00f3nico a Epstein en 2014 para sugerirle que era improbable que los estadounidenses de clase alta como ellos se enfrentaran alguna vez a un levantamiento populista como las protestas que estaban teniendo lugar en Brasil en aquel momento.<\/p>\n\n\n\n<p>Refiri\u00e9ndose a los anuncios del Super Bowl de ese a\u00f1o, Staley escribi\u00f3: \u201cSe trata de negros a la moda en coches de moda con mujeres blancas. El grupo que deber\u00eda estar en las calles, ha sido comprado. Por Jay-Z\u201d.<\/p>\n\n\n\n<figure class=\"wp-block-image\"><img decoding=\"async\" src=\"data:image\/gif;base64,R0lGODlhAQABAAAAACH5BAEKAAEALAAAAAABAAEAAAICTAEAOw==\" data-src=\"https:\/\/static01.nyt.com\/images\/2026\/02\/10\/espanol\/dc-epsteinstory5-ES-copy1\/dc-epsteinstory5-articleLarge.jpg?quality=75&amp;auto=webp&amp;disable=upscale\" class=\"lazyload\" alt=\"Un hombre con traje oscuro y corbata azul camina por el exterior.\"\/><figcaption class=\"wp-element-caption\">James E. Staley dimiti\u00f3 como director ejecutivo de Barclay\u2019s tras las acusaciones sobre sus v\u00ednculos con Epstein.Credit&#8230;Chris Ratcliffe\/Bloomberg<\/figcaption><\/figure>\n\n\n\n<p>La naturaleza escandalosa de algunas de las revelaciones, combinada con la prominencia y el estatus de las personas en el entorno de Epstein, no ha hecho nada para acallar las teor\u00edas conspirativas que su comportamiento gener\u00f3 y que tanto la derecha como la izquierda han intentado utilizar como armas para obtener ventajas pol\u00edticas. En todo caso, el c\u00famulo de nuevos detalles ha dado lugar a nuevas especulaciones febriles con poca o ninguna base factual.<\/p>\n\n\n\n<p>En 2014, Epstein recibi\u00f3 un correo electr\u00f3nico de un socio cuyo nombre se ha suprimido, que dec\u00eda en su totalidad: \u201cGracias por una noche divertida\u2026 tu ni\u00f1a la m\u00e1s peque\u00f1a fue un poco traviesa\u201d. En otro correo electr\u00f3nico, Epstein dio instrucciones a un destinatario cuyo nombre tambi\u00e9n se ha tachado para que comprara varios juguetes sexuales, y a\u00f1ad\u00eda: \u201cQuiero que hables tan sucio, vulgar e imaginativo como puedas\u2026 Eso liberar\u00e1 tu mente. Es como un estornudo mental\u201d.<\/p>\n\n\n\n<p>Epstein le escribi\u00f3 a otro destinatario no revelado en 2009, quien fue identificado el mi\u00e9rcoles en una comparecencia ante la C\u00e1mara como Sultan Ahmed bin Sulayem, un poderoso hombre de negocios emirat\u00ed: \u201c\u00bfd\u00f3nde est\u00e1s? est\u00e1s bien, me encant\u00f3 el video de la tortura\u201d.<\/p>\n\n\n\n<p>Al carecer de contexto, estos mensajes est\u00e1n sujetos a especulaciones sobre su significado y brindan nuevas oportunidades a quienes pretenden llamar la atenci\u00f3n sobre s\u00ed mismos y sus opiniones.<\/p>\n\n\n\n<p>Un asistente de Epstein le escribi\u00f3 en 2011: \u201cHe pedido cocos j\u00f3venes y dulces de Tailandia para ti y acaban de llegar\u2026 para que no tengas que beber juegos de cosas viejas y peludas\u201d.<\/p>\n\n\n\n<p>Como muestra de c\u00f3mo incluso lo aparentemente mundano puede convertirse en potencialmente conspirativo, las frecuentes referencias a la pizza han dado nueva vida a la desacreditada teor\u00eda de la conspiraci\u00f3n del \u201cPizzagate\u201d de 2016, en la que se dec\u00eda que destacados dem\u00f3cratas estaban torturando y violando a ni\u00f1os en el s\u00f3tano de un restaurante de Washington. El hecho de que los lugares y personajes del Pizzagate sean casi totalmente distintos de los que aparecen en los archivos Epstein no ha impedido que algunos insistan en que existe una conexi\u00f3n.<\/p>\n\n\n\n<p>En un intercambio de correos electr\u00f3nicos de 2018, el ur\u00f3logo de Epstein, Harry Fisch, le inform\u00f3 de que \u201cTienes rellenos disponibles\u201d y de que \u201cdespu\u00e9s de usarlos, l\u00e1vate las manos y vamos por pizza y refresco de uva\u201d, una peculiar combinaci\u00f3n utilizada en varios correos electr\u00f3nicos entre los dos hombres que, seg\u00fan escribi\u00f3 Fisch, \u201cNadie m\u00e1s puede entender\u201d. (Fisch no respondi\u00f3 a una solicitud de comentarios por correo electr\u00f3nico).<\/p>\n\n\n\n<p>\u201cFue este intercambio\u201d, dijo el conductor de p\u00f3dcast de derecha Tucker Carlson en su programa del viernes, \u201clo que nos hizo pensar: \u2018Guau, espera un segundo\u2019. Quiz\u00e1 la conspiraci\u00f3n sobre el Pizzagate, descartada desde hace mucho tiempo, no estaba realmente descartada, y quiz\u00e1 alguien deber\u00eda examinar esto m\u00e1s de cerca\u2019\u201d.<\/p>\n\n\n\n<p>Hemmer, el profesor de Vanderbilt, dijo que la naturaleza misteriosa de la vida de Epstein, unida a la desordenada presentaci\u00f3n de los documentos por parte del gobierno de Trump, estaba \u201cdestinada a alimentar una tonelada de teor\u00edas conspirativas\u201d.<\/p>\n\n\n\n<p>Por ejemplo, los&nbsp;<a href=\"https:\/\/www.cbsnews.com\/news\/epstein-files-jail-cell-death-video-logs\/?ftag=CNM-00-10aab7e&amp;linkId=903657594\" rel=\"noreferrer noopener\" target=\"_blank\">registros de video<\/a>&nbsp;recientemente publicados del ala de la prisi\u00f3n en la que Epstein fue hallado muerto hacen pensar que una figura humana no incluida anteriormente en los registros se mov\u00eda en la direcci\u00f3n general de la celda de Epstein durante la noche.<\/p>\n\n\n\n<p>Esto ha llevado a algunos investigadores de internet a concluir que Epstein, cuya muerte bajo custodia federal en 2019 fue declarada suicidio, podr\u00eda haber sido asesinado. Otros han especulado con la posibilidad de que no estuviera muerto, dado que Epstein declar\u00f3 en 2017 que ten\u00eda un tatuaje de alambre de p\u00faas en el b\u00edceps izquierdo, pero ese tatuaje no aparece en la foto de su cad\u00e1ver publicada recientemente.<\/p>\n\n\n\n<p>El representante Ro Khanna, dem\u00f3crata por California, quien trabaj\u00f3 con Marjorie Taylor Greene, excongresista republicana, y con el representante Thomas Massie, republicano por Kentucky, para aprobar una ley que obligara a publicar los documentos, rechaz\u00f3 las teor\u00edas conspirativas.<\/p>\n\n\n\n<p>Pero, dijo en una entrevista, \u201cdebemos preguntarnos c\u00f3mo hemos producido una \u00e9lite tan inmadura, imprudente y arrogante\u201d.<\/p>\n\n\n\n<p>Greene, quien cay\u00f3 en desgracia ante Trump por exigir repetidamente la publicaci\u00f3n de los archivos Epstein, dijo que sent\u00eda cierta reivindicaci\u00f3n por poner al descubierto el comportamiento de una clase dirigente masculina. \u201cLos archivos nos ofrecen una visi\u00f3n interna de un mundo que todos cre\u00edamos que exist\u00eda\u201d, dijo. \u201cY a todos nos llamaron te\u00f3ricos de la conspiraci\u00f3n por decirlo\u201d.<\/p>\n\n\n\n<p>Aunque la extraordinaria red de conexiones de Epstein hace pensar a algunos que era un titiritero al mando de un grupito de \u00e9lites, esa misma red ofrece al menos algunas pruebas de lo contrario. Epstein contaba entre sus amigos a presidentes y miembros del gabinete, pero su influencia en los legisladores estadounidenses era insignificante.<\/p>\n\n\n\n<p>Sus amigos en los medios de comunicaci\u00f3n no eran editores de peri\u00f3dicos ni directores ejecutivos de cadenas de televisi\u00f3n, sino personas situadas m\u00e1s abajo en la cadena alimentaria, como el escritor Michael Wolff y un periodista financiero del New York Times, Landon Thomas Jr., que abandon\u00f3 el peri\u00f3dico tras admitir que hab\u00eda solicitado dinero a Epstein para una organizaci\u00f3n ben\u00e9fica personal.<\/p>\n\n\n\n<p>Es destacable que en su c\u00edrculo de amistades no hab\u00eda fiscales federales, jueces ni miembros de las fuerzas del orden que pudieran haberle permitido eludir la justicia.<\/p>\n\n\n\n<p>Al final, Epstein fue detenido, acusado de graves delitos sexuales y muri\u00f3 en prisi\u00f3n mientras esperaba el juicio. Su socia Ghislaine Maxwell tambi\u00e9n sigue encarcelada.<\/p>\n\n\n\n<p>Sin embargo, Greene dijo que esto dista mucho de ser una rendici\u00f3n de cuentas completa. Se\u00f1al\u00f3 que ninguno de los amigos o socios varones de Epstein hab\u00eda sido encarcelado por su conducta. \u201c\u00bfY ahora el gobierno dice que ya es hora de pasar p\u00e1gina?\u201d, dijo. \u201cNo oigo a ninguna de las v\u00edctimas decir eso\u201d.<\/p>\n","protected":false},"excerpt":{"rendered":"<p>Periodistas e investigadores pasar\u00e1n los pr\u00f3ximos meses hurgando en los archivos Epstein en busca de m\u00e1s conductas delictivas o de una nueva arista conspirativa. Pero ya se ha revelado una verdad. Con todo lujo de detalles, los documentos dejan al descubierto las actividades, anta\u00f1o solapadas, de una \u00e9lite que no rend\u00eda cuentas, formada en gran [&hellip;]<\/p>\n","protected":false},"author":10,"featured_media":27830,"comment_status":"closed","ping_status":"closed","sticky":false,"template":"","format":"aside","meta":{"googlesitekit_rrm_CAowytPeCw:productID":"","footnotes":""},"categories":[8],"tags":[6826],"class_list":["post-27829","post","type-post","status-publish","format-aside","has-post-thumbnail","hentry","category-internacional","tag-jeffrey-epstein","post_format-post-format-aside"],"yoast_head":"<!-- This site is optimized with the Yoast SEO plugin v27.5 - https:\/\/yoast.com\/product\/yoast-seo-wordpress\/ -->\n<title>Los archivos Epstein y una \u00e9lite que no rinde cuentas |<\/title>\n<meta name=\"robots\" content=\"index, follow, max-snippet:-1, max-image-preview:large, max-video-preview:-1\" \/>\n<link rel=\"canonical\" href=\"https:\/\/conexionnacional.mx\/index.php\/2026\/02\/13\/los-archivos-epstein-y-una-elite-que-no-rinde-cuentas\/\" \/>\n<meta property=\"og:locale\" content=\"es_MX\" \/>\n<meta property=\"og:type\" content=\"article\" \/>\n<meta property=\"og:title\" content=\"Los archivos Epstein y una \u00e9lite que no rinde cuentas |\" \/>\n<meta property=\"og:description\" content=\"Periodistas e investigadores pasar\u00e1n los pr\u00f3ximos meses hurgando en los archivos Epstein en busca de m\u00e1s conductas delictivas o de una nueva arista conspirativa. Pero ya se ha revelado una verdad. Con todo lujo de detalles, los documentos dejan al descubierto las actividades, anta\u00f1o solapadas, de una \u00e9lite que no rend\u00eda cuentas, formada en gran [&hellip;]\" \/>\n<meta property=\"og:url\" content=\"https:\/\/conexionnacional.mx\/index.php\/2026\/02\/13\/los-archivos-epstein-y-una-elite-que-no-rinde-cuentas\/\" \/>\n<meta property=\"og:site_name\" content=\"Conexi\u00f3n Nacional\" \/>\n<meta property=\"article:publisher\" content=\"https:\/\/www.facebook.com\/cnmxradio\" \/>\n<meta property=\"article:published_time\" content=\"2026-02-13T18:29:42+00:00\" \/>\n<meta property=\"article:modified_time\" content=\"2026-02-13T18:29:45+00:00\" \/>\n<meta property=\"og:image\" content=\"https:\/\/conexionnacional.mx\/wp-content\/uploads\/2026\/02\/dc-epsteinstory-thpl-superJumbo.jpg\" \/>\n\t<meta property=\"og:image:width\" content=\"2048\" \/>\n\t<meta property=\"og:image:height\" content=\"1365\" \/>\n\t<meta property=\"og:image:type\" content=\"image\/jpeg\" \/>\n<meta name=\"author\" content=\"Redacci\u00f3n Conexi\u00f3n\" \/>\n<meta name=\"twitter:card\" content=\"summary_large_image\" \/>\n<meta name=\"twitter:label1\" content=\"Escrito por\" \/>\n\t<meta name=\"twitter:data1\" content=\"Redacci\u00f3n Conexi\u00f3n\" \/>\n\t<meta name=\"twitter:label2\" content=\"Tiempo de lectura\" \/>\n\t<meta name=\"twitter:data2\" content=\"9 minutos\" \/>\n<script type=\"application\/ld+json\" class=\"yoast-schema-graph\">{\"@context\":\"https:\\\/\\\/schema.org\",\"@graph\":[{\"@type\":\"Article\",\"@id\":\"https:\\\/\\\/conexionnacional.mx\\\/index.php\\\/2026\\\/02\\\/13\\\/los-archivos-epstein-y-una-elite-que-no-rinde-cuentas\\\/#article\",\"isPartOf\":{\"@id\":\"https:\\\/\\\/conexionnacional.mx\\\/index.php\\\/2026\\\/02\\\/13\\\/los-archivos-epstein-y-una-elite-que-no-rinde-cuentas\\\/\"},\"author\":{\"name\":\"Redacci\u00f3n Conexi\u00f3n\",\"@id\":\"https:\\\/\\\/conexionnacional.mx\\\/#\\\/schema\\\/person\\\/ba9cbd742badd9e3d29f2973a1391d18\"},\"headline\":\"Los archivos Epstein y una \u00e9lite que no rinde cuentas\",\"datePublished\":\"2026-02-13T18:29:42+00:00\",\"dateModified\":\"2026-02-13T18:29:45+00:00\",\"mainEntityOfPage\":{\"@id\":\"https:\\\/\\\/conexionnacional.mx\\\/index.php\\\/2026\\\/02\\\/13\\\/los-archivos-epstein-y-una-elite-que-no-rinde-cuentas\\\/\"},\"wordCount\":1792,\"publisher\":{\"@id\":\"https:\\\/\\\/conexionnacional.mx\\\/#organization\"},\"image\":{\"@id\":\"https:\\\/\\\/conexionnacional.mx\\\/index.php\\\/2026\\\/02\\\/13\\\/los-archivos-epstein-y-una-elite-que-no-rinde-cuentas\\\/#primaryimage\"},\"thumbnailUrl\":\"https:\\\/\\\/conexionnacional.mx\\\/wp-content\\\/uploads\\\/2026\\\/02\\\/dc-epsteinstory-thpl-superJumbo.jpg\",\"keywords\":[\"Jeffrey Epstein\"],\"articleSection\":[\"Internacional\"],\"inLanguage\":\"es\"},{\"@type\":\"WebPage\",\"@id\":\"https:\\\/\\\/conexionnacional.mx\\\/index.php\\\/2026\\\/02\\\/13\\\/los-archivos-epstein-y-una-elite-que-no-rinde-cuentas\\\/\",\"url\":\"https:\\\/\\\/conexionnacional.mx\\\/index.php\\\/2026\\\/02\\\/13\\\/los-archivos-epstein-y-una-elite-que-no-rinde-cuentas\\\/\",\"name\":\"Los archivos Epstein y una \u00e9lite que no rinde cuentas |\",\"isPartOf\":{\"@id\":\"https:\\\/\\\/conexionnacional.mx\\\/#website\"},\"primaryImageOfPage\":{\"@id\":\"https:\\\/\\\/conexionnacional.mx\\\/index.php\\\/2026\\\/02\\\/13\\\/los-archivos-epstein-y-una-elite-que-no-rinde-cuentas\\\/#primaryimage\"},\"image\":{\"@id\":\"https:\\\/\\\/conexionnacional.mx\\\/index.php\\\/2026\\\/02\\\/13\\\/los-archivos-epstein-y-una-elite-que-no-rinde-cuentas\\\/#primaryimage\"},\"thumbnailUrl\":\"https:\\\/\\\/conexionnacional.mx\\\/wp-content\\\/uploads\\\/2026\\\/02\\\/dc-epsteinstory-thpl-superJumbo.jpg\",\"datePublished\":\"2026-02-13T18:29:42+00:00\",\"dateModified\":\"2026-02-13T18:29:45+00:00\",\"breadcrumb\":{\"@id\":\"https:\\\/\\\/conexionnacional.mx\\\/index.php\\\/2026\\\/02\\\/13\\\/los-archivos-epstein-y-una-elite-que-no-rinde-cuentas\\\/#breadcrumb\"},\"inLanguage\":\"es\",\"potentialAction\":[{\"@type\":\"ReadAction\",\"target\":[\"https:\\\/\\\/conexionnacional.mx\\\/index.php\\\/2026\\\/02\\\/13\\\/los-archivos-epstein-y-una-elite-que-no-rinde-cuentas\\\/\"]}]},{\"@type\":\"ImageObject\",\"inLanguage\":\"es\",\"@id\":\"https:\\\/\\\/conexionnacional.mx\\\/index.php\\\/2026\\\/02\\\/13\\\/los-archivos-epstein-y-una-elite-que-no-rinde-cuentas\\\/#primaryimage\",\"url\":\"https:\\\/\\\/conexionnacional.mx\\\/wp-content\\\/uploads\\\/2026\\\/02\\\/dc-epsteinstory-thpl-superJumbo.jpg\",\"contentUrl\":\"https:\\\/\\\/conexionnacional.mx\\\/wp-content\\\/uploads\\\/2026\\\/02\\\/dc-epsteinstory-thpl-superJumbo.jpg\",\"width\":2048,\"height\":1365},{\"@type\":\"BreadcrumbList\",\"@id\":\"https:\\\/\\\/conexionnacional.mx\\\/index.php\\\/2026\\\/02\\\/13\\\/los-archivos-epstein-y-una-elite-que-no-rinde-cuentas\\\/#breadcrumb\",\"itemListElement\":[{\"@type\":\"ListItem\",\"position\":1,\"name\":\"Inicio\",\"item\":\"https:\\\/\\\/conexionnacional.mx\\\/\"},{\"@type\":\"ListItem\",\"position\":2,\"name\":\"Los archivos Epstein y una \u00e9lite que no rinde cuentas\"}]},{\"@type\":\"WebSite\",\"@id\":\"https:\\\/\\\/conexionnacional.mx\\\/#website\",\"url\":\"https:\\\/\\\/conexionnacional.mx\\\/\",\"name\":\"Conexi\u00f3n Nacional\",\"description\":\"Noticias al momento\",\"publisher\":{\"@id\":\"https:\\\/\\\/conexionnacional.mx\\\/#organization\"},\"alternateName\":\"Noticias nacionales\",\"potentialAction\":[{\"@type\":\"SearchAction\",\"target\":{\"@type\":\"EntryPoint\",\"urlTemplate\":\"https:\\\/\\\/conexionnacional.mx\\\/?s={search_term_string}\"},\"query-input\":{\"@type\":\"PropertyValueSpecification\",\"valueRequired\":true,\"valueName\":\"search_term_string\"}}],\"inLanguage\":\"es\"},{\"@type\":\"Organization\",\"@id\":\"https:\\\/\\\/conexionnacional.mx\\\/#organization\",\"name\":\"Conexi\u00f3n Nacional\",\"url\":\"https:\\\/\\\/conexionnacional.mx\\\/\",\"logo\":{\"@type\":\"ImageObject\",\"inLanguage\":\"es\",\"@id\":\"https:\\\/\\\/conexionnacional.mx\\\/#\\\/schema\\\/logo\\\/image\\\/\",\"url\":\"https:\\\/\\\/conexionnacional.mx\\\/wp-content\\\/uploads\\\/2022\\\/09\\\/conexion_nacional.png\",\"contentUrl\":\"https:\\\/\\\/conexionnacional.mx\\\/wp-content\\\/uploads\\\/2022\\\/09\\\/conexion_nacional.png\",\"width\":2964,\"height\":1173,\"caption\":\"Conexi\u00f3n Nacional\"},\"image\":{\"@id\":\"https:\\\/\\\/conexionnacional.mx\\\/#\\\/schema\\\/logo\\\/image\\\/\"},\"sameAs\":[\"https:\\\/\\\/www.facebook.com\\\/cnmxradio\"]},{\"@type\":\"Person\",\"@id\":\"https:\\\/\\\/conexionnacional.mx\\\/#\\\/schema\\\/person\\\/ba9cbd742badd9e3d29f2973a1391d18\",\"name\":\"Redacci\u00f3n Conexi\u00f3n\",\"image\":{\"@type\":\"ImageObject\",\"inLanguage\":\"es\",\"@id\":\"https:\\\/\\\/secure.gravatar.com\\\/avatar\\\/8d9ed9913523aff42c4fa3d2fdc52c4dfb8c185dc3f4126ecf97512ec86caa63?s=96&d=blank&r=g\",\"url\":\"https:\\\/\\\/secure.gravatar.com\\\/avatar\\\/8d9ed9913523aff42c4fa3d2fdc52c4dfb8c185dc3f4126ecf97512ec86caa63?s=96&d=blank&r=g\",\"contentUrl\":\"https:\\\/\\\/secure.gravatar.com\\\/avatar\\\/8d9ed9913523aff42c4fa3d2fdc52c4dfb8c185dc3f4126ecf97512ec86caa63?s=96&d=blank&r=g\",\"caption\":\"Redacci\u00f3n Conexi\u00f3n\"},\"url\":\"https:\\\/\\\/conexionnacional.mx\\\/index.php\\\/author\\\/rafael\\\/\"}]}<\/script>\n<!-- \/ Yoast SEO plugin. -->","yoast_head_json":{"title":"Los archivos Epstein y una \u00e9lite que no rinde cuentas |","robots":{"index":"index","follow":"follow","max-snippet":"max-snippet:-1","max-image-preview":"max-image-preview:large","max-video-preview":"max-video-preview:-1"},"canonical":"https:\/\/conexionnacional.mx\/index.php\/2026\/02\/13\/los-archivos-epstein-y-una-elite-que-no-rinde-cuentas\/","og_locale":"es_MX","og_type":"article","og_title":"Los archivos Epstein y una \u00e9lite que no rinde cuentas |","og_description":"Periodistas e investigadores pasar\u00e1n los pr\u00f3ximos meses hurgando en los archivos Epstein en busca de m\u00e1s conductas delictivas o de una nueva arista conspirativa. Pero ya se ha revelado una verdad. Con todo lujo de detalles, los documentos dejan al descubierto las actividades, anta\u00f1o solapadas, de una \u00e9lite que no rend\u00eda cuentas, formada en gran [&hellip;]","og_url":"https:\/\/conexionnacional.mx\/index.php\/2026\/02\/13\/los-archivos-epstein-y-una-elite-que-no-rinde-cuentas\/","og_site_name":"Conexi\u00f3n Nacional","article_publisher":"https:\/\/www.facebook.com\/cnmxradio","article_published_time":"2026-02-13T18:29:42+00:00","article_modified_time":"2026-02-13T18:29:45+00:00","og_image":[{"width":2048,"height":1365,"url":"https:\/\/conexionnacional.mx\/wp-content\/uploads\/2026\/02\/dc-epsteinstory-thpl-superJumbo.jpg","type":"image\/jpeg"}],"author":"Redacci\u00f3n Conexi\u00f3n","twitter_card":"summary_large_image","twitter_misc":{"Escrito por":"Redacci\u00f3n Conexi\u00f3n","Tiempo de lectura":"9 minutos"},"schema":{"@context":"https:\/\/schema.org","@graph":[{"@type":"Article","@id":"https:\/\/conexionnacional.mx\/index.php\/2026\/02\/13\/los-archivos-epstein-y-una-elite-que-no-rinde-cuentas\/#article","isPartOf":{"@id":"https:\/\/conexionnacional.mx\/index.php\/2026\/02\/13\/los-archivos-epstein-y-una-elite-que-no-rinde-cuentas\/"},"author":{"name":"Redacci\u00f3n Conexi\u00f3n","@id":"https:\/\/conexionnacional.mx\/#\/schema\/person\/ba9cbd742badd9e3d29f2973a1391d18"},"headline":"Los archivos Epstein y una \u00e9lite que no rinde cuentas","datePublished":"2026-02-13T18:29:42+00:00","dateModified":"2026-02-13T18:29:45+00:00","mainEntityOfPage":{"@id":"https:\/\/conexionnacional.mx\/index.php\/2026\/02\/13\/los-archivos-epstein-y-una-elite-que-no-rinde-cuentas\/"},"wordCount":1792,"publisher":{"@id":"https:\/\/conexionnacional.mx\/#organization"},"image":{"@id":"https:\/\/conexionnacional.mx\/index.php\/2026\/02\/13\/los-archivos-epstein-y-una-elite-que-no-rinde-cuentas\/#primaryimage"},"thumbnailUrl":"https:\/\/conexionnacional.mx\/wp-content\/uploads\/2026\/02\/dc-epsteinstory-thpl-superJumbo.jpg","keywords":["Jeffrey Epstein"],"articleSection":["Internacional"],"inLanguage":"es"},{"@type":"WebPage","@id":"https:\/\/conexionnacional.mx\/index.php\/2026\/02\/13\/los-archivos-epstein-y-una-elite-que-no-rinde-cuentas\/","url":"https:\/\/conexionnacional.mx\/index.php\/2026\/02\/13\/los-archivos-epstein-y-una-elite-que-no-rinde-cuentas\/","name":"Los archivos Epstein y una \u00e9lite que no rinde cuentas |","isPartOf":{"@id":"https:\/\/conexionnacional.mx\/#website"},"primaryImageOfPage":{"@id":"https:\/\/conexionnacional.mx\/index.php\/2026\/02\/13\/los-archivos-epstein-y-una-elite-que-no-rinde-cuentas\/#primaryimage"},"image":{"@id":"https:\/\/conexionnacional.mx\/index.php\/2026\/02\/13\/los-archivos-epstein-y-una-elite-que-no-rinde-cuentas\/#primaryimage"},"thumbnailUrl":"https:\/\/conexionnacional.mx\/wp-content\/uploads\/2026\/02\/dc-epsteinstory-thpl-superJumbo.jpg","datePublished":"2026-02-13T18:29:42+00:00","dateModified":"2026-02-13T18:29:45+00:00","breadcrumb":{"@id":"https:\/\/conexionnacional.mx\/index.php\/2026\/02\/13\/los-archivos-epstein-y-una-elite-que-no-rinde-cuentas\/#breadcrumb"},"inLanguage":"es","potentialAction":[{"@type":"ReadAction","target":["https:\/\/conexionnacional.mx\/index.php\/2026\/02\/13\/los-archivos-epstein-y-una-elite-que-no-rinde-cuentas\/"]}]},{"@type":"ImageObject","inLanguage":"es","@id":"https:\/\/conexionnacional.mx\/index.php\/2026\/02\/13\/los-archivos-epstein-y-una-elite-que-no-rinde-cuentas\/#primaryimage","url":"https:\/\/conexionnacional.mx\/wp-content\/uploads\/2026\/02\/dc-epsteinstory-thpl-superJumbo.jpg","contentUrl":"https:\/\/conexionnacional.mx\/wp-content\/uploads\/2026\/02\/dc-epsteinstory-thpl-superJumbo.jpg","width":2048,"height":1365},{"@type":"BreadcrumbList","@id":"https:\/\/conexionnacional.mx\/index.php\/2026\/02\/13\/los-archivos-epstein-y-una-elite-que-no-rinde-cuentas\/#breadcrumb","itemListElement":[{"@type":"ListItem","position":1,"name":"Inicio","item":"https:\/\/conexionnacional.mx\/"},{"@type":"ListItem","position":2,"name":"Los archivos Epstein y una \u00e9lite que no rinde cuentas"}]},{"@type":"WebSite","@id":"https:\/\/conexionnacional.mx\/#website","url":"https:\/\/conexionnacional.mx\/","name":"Conexi\u00f3n Nacional","description":"Noticias al momento","publisher":{"@id":"https:\/\/conexionnacional.mx\/#organization"},"alternateName":"Noticias nacionales","potentialAction":[{"@type":"SearchAction","target":{"@type":"EntryPoint","urlTemplate":"https:\/\/conexionnacional.mx\/?s={search_term_string}"},"query-input":{"@type":"PropertyValueSpecification","valueRequired":true,"valueName":"search_term_string"}}],"inLanguage":"es"},{"@type":"Organization","@id":"https:\/\/conexionnacional.mx\/#organization","name":"Conexi\u00f3n Nacional","url":"https:\/\/conexionnacional.mx\/","logo":{"@type":"ImageObject","inLanguage":"es","@id":"https:\/\/conexionnacional.mx\/#\/schema\/logo\/image\/","url":"https:\/\/conexionnacional.mx\/wp-content\/uploads\/2022\/09\/conexion_nacional.png","contentUrl":"https:\/\/conexionnacional.mx\/wp-content\/uploads\/2022\/09\/conexion_nacional.png","width":2964,"height":1173,"caption":"Conexi\u00f3n Nacional"},"image":{"@id":"https:\/\/conexionnacional.mx\/#\/schema\/logo\/image\/"},"sameAs":["https:\/\/www.facebook.com\/cnmxradio"]},{"@type":"Person","@id":"https:\/\/conexionnacional.mx\/#\/schema\/person\/ba9cbd742badd9e3d29f2973a1391d18","name":"Redacci\u00f3n Conexi\u00f3n","image":{"@type":"ImageObject","inLanguage":"es","@id":"https:\/\/secure.gravatar.com\/avatar\/8d9ed9913523aff42c4fa3d2fdc52c4dfb8c185dc3f4126ecf97512ec86caa63?s=96&d=blank&r=g","url":"https:\/\/secure.gravatar.com\/avatar\/8d9ed9913523aff42c4fa3d2fdc52c4dfb8c185dc3f4126ecf97512ec86caa63?s=96&d=blank&r=g","contentUrl":"https:\/\/secure.gravatar.com\/avatar\/8d9ed9913523aff42c4fa3d2fdc52c4dfb8c185dc3f4126ecf97512ec86caa63?s=96&d=blank&r=g","caption":"Redacci\u00f3n Conexi\u00f3n"},"url":"https:\/\/conexionnacional.mx\/index.php\/author\/rafael\/"}]}},"_links":{"self":[{"href":"https:\/\/conexionnacional.mx\/index.php\/wp-json\/wp\/v2\/posts\/27829","targetHints":{"allow":["GET"]}}],"collection":[{"href":"https:\/\/conexionnacional.mx\/index.php\/wp-json\/wp\/v2\/posts"}],"about":[{"href":"https:\/\/conexionnacional.mx\/index.php\/wp-json\/wp\/v2\/types\/post"}],"author":[{"embeddable":true,"href":"https:\/\/conexionnacional.mx\/index.php\/wp-json\/wp\/v2\/users\/10"}],"replies":[{"embeddable":true,"href":"https:\/\/conexionnacional.mx\/index.php\/wp-json\/wp\/v2\/comments?post=27829"}],"version-history":[{"count":1,"href":"https:\/\/conexionnacional.mx\/index.php\/wp-json\/wp\/v2\/posts\/27829\/revisions"}],"predecessor-version":[{"id":27831,"href":"https:\/\/conexionnacional.mx\/index.php\/wp-json\/wp\/v2\/posts\/27829\/revisions\/27831"}],"wp:featuredmedia":[{"embeddable":true,"href":"https:\/\/conexionnacional.mx\/index.php\/wp-json\/wp\/v2\/media\/27830"}],"wp:attachment":[{"href":"https:\/\/conexionnacional.mx\/index.php\/wp-json\/wp\/v2\/media?parent=27829"}],"wp:term":[{"taxonomy":"category","embeddable":true,"href":"https:\/\/conexionnacional.mx\/index.php\/wp-json\/wp\/v2\/categories?post=27829"},{"taxonomy":"post_tag","embeddable":true,"href":"https:\/\/conexionnacional.mx\/index.php\/wp-json\/wp\/v2\/tags?post=27829"}],"curies":[{"name":"wp","href":"https:\/\/api.w.org\/{rel}","templated":true}]}}