{"id":27767,"date":"2026-02-11T10:52:26","date_gmt":"2026-02-11T16:52:26","guid":{"rendered":"https:\/\/conexionnacional.mx\/?p=27767"},"modified":"2026-02-11T10:52:29","modified_gmt":"2026-02-11T16:52:29","slug":"funcionaria-de-la-cidh-vino-a-mexico-a-discreta-reunion-contra-cuba","status":"publish","type":"post","link":"https:\/\/conexionnacional.mx\/index.php\/2026\/02\/11\/funcionaria-de-la-cidh-vino-a-mexico-a-discreta-reunion-contra-cuba\/","title":{"rendered":"Funcionaria de la CIDH vino a M\u00e9xico a &#8216;discreta&#8217; reuni\u00f3n contra Cuba"},"content":{"rendered":"\n<p>Rosa Mar\u00eda Pay\u00e1, activista anticastrista y actual integrante de la Comisi\u00f3n Interamericana de Derechos Humanos (CIDH), ha realizado en meses recientes visitas de car\u00e1cter no institucional a M\u00e9xico para reunirse con sectores de la derecha local, sin que haya constancia de que buscara reunirse con autoridades mexicanas ni de que tuviera alguna misi\u00f3n oficial en el pa\u00eds.<\/p>\n\n\n\n<p>Una de sus estancias ocurri\u00f3 el 22 de enero, cuando particip\u00f3 en el foro Cuba y Am\u00e9rica Latina, seis d\u00e9cadas de autoritarismo, organizado en la Ciudad de M\u00e9xico por la Universidad de la Libertad, fundada por el empresario Ricardo Salinas Pliego, y patrocinado por el Centro Ricardo Salinas Pliego. En el encuentro intervinieron tambi\u00e9n el ex canciller Jorge Casta\u00f1eda (2000-2003), el escritor Carlos T\u00e9llo D\u00edaz \u2013tataranieto de Porfirio D\u00edaz\u2013 y la contrarrevolucionaria Mar\u00eda Werlau, de Archivo Cuba, con sede en Miami, entre otros.<\/p>\n\n\n\n<p>Pay\u00e1 particip\u00f3 con la charla La esperanza de la democracia, pero no difundi\u00f3 su presencia en redes sociales, ni hay registros del acto en los perfiles de las organizaciones auspiciantes. A diferencia de otras actividades de sus integrantes en distintos pa\u00edses, la CIDH no public\u00f3 comunicados ni reportes sobre una eventual agenda institucional de Pay\u00e1 en territorio mexicano en esas fechas.<\/p>\n\n\n\n<p>Videos difundidos por asistentes a la conferencia la muestran cuestionando al gobierno cubano y se\u00f1al\u00e1ndolo de impulsar proyectos regionales como el Foro de Sao Paulo y el llamado socialismo del siglo XXI.<\/p>\n\n\n\n<p>La participaci\u00f3n de Pay\u00e1 en el foro patrocinado por Salinas Pliego ocurre despu\u00e9s de que el empresario present\u00f3 ante la CIDH, a mediados de enero, una denuncia contra el Estado mexicano por presunta persecuci\u00f3n pol\u00edtica y fiscal.<\/p>\n\n\n\n<p>Fuentes diplom\u00e1ticas se\u00f1alaron que Pay\u00e1 realiz\u00f3 al menos otro viaje previo a M\u00e9xico, tambi\u00e9n sin publicidad. No se conoce si en esas visitas ingres\u00f3 haciendo uso de las inmunidades y privilegios que le corresponden como integrante de la comisi\u00f3n o si lo hizo en calidad de turista. De acuerdo con el estatuto de la CIDH, sus miembros gozan, desde el momento de su elecci\u00f3n y mientras dure su mandato, de las inmunidades reconocidas por el derecho internacional a los agentes diplom\u00e1ticos, as\u00ed como de los privilegios necesarios para el desempe\u00f1o de sus funciones.<\/p>\n\n\n\n<p>La CIDH est\u00e1 integrada por siete miembros independientes, elegidos por la Asamblea General de la Organizaci\u00f3n de los Estados Americanos (OEA) a t\u00edtulo personal, y no representan a sus pa\u00edses de origen o residencia. Pay\u00e1, ciudadana estadunidense de origen cubano, asumi\u00f3 el cargo el primero de enero, tras haber sido electa en junio de 2025.<\/p>\n\n\n\n<p>Su candidatura fue impulsada por la administraci\u00f3n del republicano Donald Trump y por su secretario de Estado, Marco Rubio, tambi\u00e9n de origen cubano y cercano a la activista. El 26 de marzo fue nominada formalmente por el Departamento de Estado. Durante el proceso, el Panel Independiente para la Evaluaci\u00f3n de Candidaturas a los \u00d3rganos del Sistema Interamericano de Derechos Humanos expres\u00f3 preocupaci\u00f3n por su pertenencia a \u201cdiversas organizaciones de la sociedad civil durante el proceso de elecci\u00f3n, e incluso la voluntad de continuar en la direcci\u00f3n de alguna de ellas luego de ser elegida comisionada\u201d, lo que, advirti\u00f3, podr\u00eda poner en duda la apariencia de independencia ante un observador razonable.<\/p>\n\n\n\n<p>Desde su designaci\u00f3n, Pay\u00e1 \u2013hija del disidente cubano Oswaldo Pay\u00e1, directora ejecutiva de la Fundaci\u00f3n para la Democracia Panamericana y nacida en La Habana en 1989\u2013 ha mantenido una intensa actividad p\u00fablica en foros y redes sociales con posiciones cr\u00edticas hacia el gobierno cubano.<\/p>\n\n\n\n<p>En diciembre pasado, public\u00f3 contenidos desde Oslo, donde mencion\u00f3 que acompa\u00f1\u00f3 a la venezolana Mar\u00eda Corina Machado a recibir el Premio Nobel de la Paz. El primero de febrero se\u00f1al\u00f3 en Instagram que, semanas antes de que el presidente Trump firmara una orden ejecutiva para autorizar aranceles adicionales a pa\u00edses que suministran petr\u00f3leo a Cuba, particip\u00f3 en Washington en una conferencia convocada por organizaciones anticastristas, en la que calific\u00f3 a la isla como un \u201cEstado terrorista\u201d.<\/p>\n","protected":false},"excerpt":{"rendered":"<p>Rosa Mar\u00eda Pay\u00e1, activista anticastrista y actual integrante de la Comisi\u00f3n Interamericana de Derechos Humanos (CIDH), ha realizado en meses recientes visitas de car\u00e1cter no institucional a M\u00e9xico para reunirse con sectores de la derecha local, sin que haya constancia de que buscara reunirse con autoridades mexicanas ni de que tuviera alguna misi\u00f3n oficial en [&hellip;]<\/p>\n","protected":false},"author":10,"featured_media":27768,"comment_status":"closed","ping_status":"closed","sticky":false,"template":"","format":"aside","meta":{"googlesitekit_rrm_CAowytPeCw:productID":"","footnotes":""},"categories":[3],"tags":[228],"class_list":["post-27767","post","type-post","status-publish","format-aside","has-post-thumbnail","hentry","category-nacional","tag-cuba","post_format-post-format-aside"],"yoast_head":"<!-- This site is optimized with the Yoast SEO plugin v27.5 - https:\/\/yoast.com\/product\/yoast-seo-wordpress\/ -->\n<title>Funcionaria de la CIDH vino a M\u00e9xico a &#039;discreta&#039; reuni\u00f3n contra Cuba |<\/title>\n<meta name=\"robots\" content=\"index, follow, max-snippet:-1, max-image-preview:large, max-video-preview:-1\" \/>\n<link rel=\"canonical\" href=\"https:\/\/conexionnacional.mx\/index.php\/2026\/02\/11\/funcionaria-de-la-cidh-vino-a-mexico-a-discreta-reunion-contra-cuba\/\" \/>\n<meta property=\"og:locale\" content=\"es_MX\" \/>\n<meta property=\"og:type\" content=\"article\" \/>\n<meta property=\"og:title\" content=\"Funcionaria de la CIDH vino a M\u00e9xico a &#039;discreta&#039; reuni\u00f3n contra Cuba |\" \/>\n<meta property=\"og:description\" content=\"Rosa Mar\u00eda Pay\u00e1, activista anticastrista y actual integrante de la Comisi\u00f3n Interamericana de Derechos Humanos (CIDH), ha realizado en meses recientes visitas de car\u00e1cter no institucional a M\u00e9xico para reunirse con sectores de la derecha local, sin que haya constancia de que buscara reunirse con autoridades mexicanas ni de que tuviera alguna misi\u00f3n oficial en [&hellip;]\" \/>\n<meta property=\"og:url\" content=\"https:\/\/conexionnacional.mx\/index.php\/2026\/02\/11\/funcionaria-de-la-cidh-vino-a-mexico-a-discreta-reunion-contra-cuba\/\" \/>\n<meta property=\"og:site_name\" content=\"Conexi\u00f3n Nacional\" \/>\n<meta property=\"article:publisher\" content=\"https:\/\/www.facebook.com\/cnmxradio\" \/>\n<meta property=\"article:published_time\" content=\"2026-02-11T16:52:26+00:00\" \/>\n<meta property=\"article:modified_time\" content=\"2026-02-11T16:52:29+00:00\" \/>\n<meta property=\"og:image\" content=\"https:\/\/conexionnacional.mx\/wp-content\/uploads\/2026\/02\/funcionaria-de-la-cidh-vino-a-me.jpg\" \/>\n\t<meta property=\"og:image:width\" content=\"1200\" \/>\n\t<meta property=\"og:image:height\" content=\"675\" \/>\n\t<meta property=\"og:image:type\" content=\"image\/jpeg\" \/>\n<meta name=\"author\" content=\"Redacci\u00f3n Conexi\u00f3n\" \/>\n<meta name=\"twitter:card\" content=\"summary_large_image\" \/>\n<meta name=\"twitter:label1\" content=\"Escrito por\" \/>\n\t<meta name=\"twitter:data1\" content=\"Redacci\u00f3n Conexi\u00f3n\" \/>\n\t<meta name=\"twitter:label2\" content=\"Tiempo de lectura\" \/>\n\t<meta name=\"twitter:data2\" content=\"4 minutos\" \/>\n<script type=\"application\/ld+json\" class=\"yoast-schema-graph\">{\"@context\":\"https:\\\/\\\/schema.org\",\"@graph\":[{\"@type\":\"Article\",\"@id\":\"https:\\\/\\\/conexionnacional.mx\\\/index.php\\\/2026\\\/02\\\/11\\\/funcionaria-de-la-cidh-vino-a-mexico-a-discreta-reunion-contra-cuba\\\/#article\",\"isPartOf\":{\"@id\":\"https:\\\/\\\/conexionnacional.mx\\\/index.php\\\/2026\\\/02\\\/11\\\/funcionaria-de-la-cidh-vino-a-mexico-a-discreta-reunion-contra-cuba\\\/\"},\"author\":{\"name\":\"Redacci\u00f3n Conexi\u00f3n\",\"@id\":\"https:\\\/\\\/conexionnacional.mx\\\/#\\\/schema\\\/person\\\/ba9cbd742badd9e3d29f2973a1391d18\"},\"headline\":\"Funcionaria de la CIDH vino a M\u00e9xico a &#8216;discreta&#8217; reuni\u00f3n contra Cuba\",\"datePublished\":\"2026-02-11T16:52:26+00:00\",\"dateModified\":\"2026-02-11T16:52:29+00:00\",\"mainEntityOfPage\":{\"@id\":\"https:\\\/\\\/conexionnacional.mx\\\/index.php\\\/2026\\\/02\\\/11\\\/funcionaria-de-la-cidh-vino-a-mexico-a-discreta-reunion-contra-cuba\\\/\"},\"wordCount\":706,\"publisher\":{\"@id\":\"https:\\\/\\\/conexionnacional.mx\\\/#organization\"},\"image\":{\"@id\":\"https:\\\/\\\/conexionnacional.mx\\\/index.php\\\/2026\\\/02\\\/11\\\/funcionaria-de-la-cidh-vino-a-mexico-a-discreta-reunion-contra-cuba\\\/#primaryimage\"},\"thumbnailUrl\":\"https:\\\/\\\/conexionnacional.mx\\\/wp-content\\\/uploads\\\/2026\\\/02\\\/funcionaria-de-la-cidh-vino-a-me.jpg\",\"keywords\":[\"Cuba\"],\"articleSection\":[\"Nacional\"],\"inLanguage\":\"es\"},{\"@type\":\"WebPage\",\"@id\":\"https:\\\/\\\/conexionnacional.mx\\\/index.php\\\/2026\\\/02\\\/11\\\/funcionaria-de-la-cidh-vino-a-mexico-a-discreta-reunion-contra-cuba\\\/\",\"url\":\"https:\\\/\\\/conexionnacional.mx\\\/index.php\\\/2026\\\/02\\\/11\\\/funcionaria-de-la-cidh-vino-a-mexico-a-discreta-reunion-contra-cuba\\\/\",\"name\":\"Funcionaria de la CIDH vino a M\u00e9xico a 'discreta' reuni\u00f3n contra Cuba |\",\"isPartOf\":{\"@id\":\"https:\\\/\\\/conexionnacional.mx\\\/#website\"},\"primaryImageOfPage\":{\"@id\":\"https:\\\/\\\/conexionnacional.mx\\\/index.php\\\/2026\\\/02\\\/11\\\/funcionaria-de-la-cidh-vino-a-mexico-a-discreta-reunion-contra-cuba\\\/#primaryimage\"},\"image\":{\"@id\":\"https:\\\/\\\/conexionnacional.mx\\\/index.php\\\/2026\\\/02\\\/11\\\/funcionaria-de-la-cidh-vino-a-mexico-a-discreta-reunion-contra-cuba\\\/#primaryimage\"},\"thumbnailUrl\":\"https:\\\/\\\/conexionnacional.mx\\\/wp-content\\\/uploads\\\/2026\\\/02\\\/funcionaria-de-la-cidh-vino-a-me.jpg\",\"datePublished\":\"2026-02-11T16:52:26+00:00\",\"dateModified\":\"2026-02-11T16:52:29+00:00\",\"breadcrumb\":{\"@id\":\"https:\\\/\\\/conexionnacional.mx\\\/index.php\\\/2026\\\/02\\\/11\\\/funcionaria-de-la-cidh-vino-a-mexico-a-discreta-reunion-contra-cuba\\\/#breadcrumb\"},\"inLanguage\":\"es\",\"potentialAction\":[{\"@type\":\"ReadAction\",\"target\":[\"https:\\\/\\\/conexionnacional.mx\\\/index.php\\\/2026\\\/02\\\/11\\\/funcionaria-de-la-cidh-vino-a-mexico-a-discreta-reunion-contra-cuba\\\/\"]}]},{\"@type\":\"ImageObject\",\"inLanguage\":\"es\",\"@id\":\"https:\\\/\\\/conexionnacional.mx\\\/index.php\\\/2026\\\/02\\\/11\\\/funcionaria-de-la-cidh-vino-a-mexico-a-discreta-reunion-contra-cuba\\\/#primaryimage\",\"url\":\"https:\\\/\\\/conexionnacional.mx\\\/wp-content\\\/uploads\\\/2026\\\/02\\\/funcionaria-de-la-cidh-vino-a-me.jpg\",\"contentUrl\":\"https:\\\/\\\/conexionnacional.mx\\\/wp-content\\\/uploads\\\/2026\\\/02\\\/funcionaria-de-la-cidh-vino-a-me.jpg\",\"width\":1200,\"height\":675},{\"@type\":\"BreadcrumbList\",\"@id\":\"https:\\\/\\\/conexionnacional.mx\\\/index.php\\\/2026\\\/02\\\/11\\\/funcionaria-de-la-cidh-vino-a-mexico-a-discreta-reunion-contra-cuba\\\/#breadcrumb\",\"itemListElement\":[{\"@type\":\"ListItem\",\"position\":1,\"name\":\"Inicio\",\"item\":\"https:\\\/\\\/conexionnacional.mx\\\/\"},{\"@type\":\"ListItem\",\"position\":2,\"name\":\"Funcionaria de la CIDH vino a M\u00e9xico a &#8216;discreta&#8217; reuni\u00f3n contra Cuba\"}]},{\"@type\":\"WebSite\",\"@id\":\"https:\\\/\\\/conexionnacional.mx\\\/#website\",\"url\":\"https:\\\/\\\/conexionnacional.mx\\\/\",\"name\":\"Conexi\u00f3n Nacional\",\"description\":\"Noticias al momento\",\"publisher\":{\"@id\":\"https:\\\/\\\/conexionnacional.mx\\\/#organization\"},\"alternateName\":\"Noticias nacionales\",\"potentialAction\":[{\"@type\":\"SearchAction\",\"target\":{\"@type\":\"EntryPoint\",\"urlTemplate\":\"https:\\\/\\\/conexionnacional.mx\\\/?s={search_term_string}\"},\"query-input\":{\"@type\":\"PropertyValueSpecification\",\"valueRequired\":true,\"valueName\":\"search_term_string\"}}],\"inLanguage\":\"es\"},{\"@type\":\"Organization\",\"@id\":\"https:\\\/\\\/conexionnacional.mx\\\/#organization\",\"name\":\"Conexi\u00f3n Nacional\",\"url\":\"https:\\\/\\\/conexionnacional.mx\\\/\",\"logo\":{\"@type\":\"ImageObject\",\"inLanguage\":\"es\",\"@id\":\"https:\\\/\\\/conexionnacional.mx\\\/#\\\/schema\\\/logo\\\/image\\\/\",\"url\":\"https:\\\/\\\/conexionnacional.mx\\\/wp-content\\\/uploads\\\/2022\\\/09\\\/conexion_nacional.png\",\"contentUrl\":\"https:\\\/\\\/conexionnacional.mx\\\/wp-content\\\/uploads\\\/2022\\\/09\\\/conexion_nacional.png\",\"width\":2964,\"height\":1173,\"caption\":\"Conexi\u00f3n Nacional\"},\"image\":{\"@id\":\"https:\\\/\\\/conexionnacional.mx\\\/#\\\/schema\\\/logo\\\/image\\\/\"},\"sameAs\":[\"https:\\\/\\\/www.facebook.com\\\/cnmxradio\"]},{\"@type\":\"Person\",\"@id\":\"https:\\\/\\\/conexionnacional.mx\\\/#\\\/schema\\\/person\\\/ba9cbd742badd9e3d29f2973a1391d18\",\"name\":\"Redacci\u00f3n Conexi\u00f3n\",\"image\":{\"@type\":\"ImageObject\",\"inLanguage\":\"es\",\"@id\":\"https:\\\/\\\/secure.gravatar.com\\\/avatar\\\/8d9ed9913523aff42c4fa3d2fdc52c4dfb8c185dc3f4126ecf97512ec86caa63?s=96&d=blank&r=g\",\"url\":\"https:\\\/\\\/secure.gravatar.com\\\/avatar\\\/8d9ed9913523aff42c4fa3d2fdc52c4dfb8c185dc3f4126ecf97512ec86caa63?s=96&d=blank&r=g\",\"contentUrl\":\"https:\\\/\\\/secure.gravatar.com\\\/avatar\\\/8d9ed9913523aff42c4fa3d2fdc52c4dfb8c185dc3f4126ecf97512ec86caa63?s=96&d=blank&r=g\",\"caption\":\"Redacci\u00f3n Conexi\u00f3n\"},\"url\":\"https:\\\/\\\/conexionnacional.mx\\\/index.php\\\/author\\\/rafael\\\/\"}]}<\/script>\n<!-- \/ Yoast SEO plugin. -->","yoast_head_json":{"title":"Funcionaria de la CIDH vino a M\u00e9xico a 'discreta' reuni\u00f3n contra Cuba |","robots":{"index":"index","follow":"follow","max-snippet":"max-snippet:-1","max-image-preview":"max-image-preview:large","max-video-preview":"max-video-preview:-1"},"canonical":"https:\/\/conexionnacional.mx\/index.php\/2026\/02\/11\/funcionaria-de-la-cidh-vino-a-mexico-a-discreta-reunion-contra-cuba\/","og_locale":"es_MX","og_type":"article","og_title":"Funcionaria de la CIDH vino a M\u00e9xico a 'discreta' reuni\u00f3n contra Cuba |","og_description":"Rosa Mar\u00eda Pay\u00e1, activista anticastrista y actual integrante de la Comisi\u00f3n Interamericana de Derechos Humanos (CIDH), ha realizado en meses recientes visitas de car\u00e1cter no institucional a M\u00e9xico para reunirse con sectores de la derecha local, sin que haya constancia de que buscara reunirse con autoridades mexicanas ni de que tuviera alguna misi\u00f3n oficial en [&hellip;]","og_url":"https:\/\/conexionnacional.mx\/index.php\/2026\/02\/11\/funcionaria-de-la-cidh-vino-a-mexico-a-discreta-reunion-contra-cuba\/","og_site_name":"Conexi\u00f3n Nacional","article_publisher":"https:\/\/www.facebook.com\/cnmxradio","article_published_time":"2026-02-11T16:52:26+00:00","article_modified_time":"2026-02-11T16:52:29+00:00","og_image":[{"width":1200,"height":675,"url":"https:\/\/conexionnacional.mx\/wp-content\/uploads\/2026\/02\/funcionaria-de-la-cidh-vino-a-me.jpg","type":"image\/jpeg"}],"author":"Redacci\u00f3n Conexi\u00f3n","twitter_card":"summary_large_image","twitter_misc":{"Escrito por":"Redacci\u00f3n Conexi\u00f3n","Tiempo de lectura":"4 minutos"},"schema":{"@context":"https:\/\/schema.org","@graph":[{"@type":"Article","@id":"https:\/\/conexionnacional.mx\/index.php\/2026\/02\/11\/funcionaria-de-la-cidh-vino-a-mexico-a-discreta-reunion-contra-cuba\/#article","isPartOf":{"@id":"https:\/\/conexionnacional.mx\/index.php\/2026\/02\/11\/funcionaria-de-la-cidh-vino-a-mexico-a-discreta-reunion-contra-cuba\/"},"author":{"name":"Redacci\u00f3n Conexi\u00f3n","@id":"https:\/\/conexionnacional.mx\/#\/schema\/person\/ba9cbd742badd9e3d29f2973a1391d18"},"headline":"Funcionaria de la CIDH vino a M\u00e9xico a &#8216;discreta&#8217; reuni\u00f3n contra Cuba","datePublished":"2026-02-11T16:52:26+00:00","dateModified":"2026-02-11T16:52:29+00:00","mainEntityOfPage":{"@id":"https:\/\/conexionnacional.mx\/index.php\/2026\/02\/11\/funcionaria-de-la-cidh-vino-a-mexico-a-discreta-reunion-contra-cuba\/"},"wordCount":706,"publisher":{"@id":"https:\/\/conexionnacional.mx\/#organization"},"image":{"@id":"https:\/\/conexionnacional.mx\/index.php\/2026\/02\/11\/funcionaria-de-la-cidh-vino-a-mexico-a-discreta-reunion-contra-cuba\/#primaryimage"},"thumbnailUrl":"https:\/\/conexionnacional.mx\/wp-content\/uploads\/2026\/02\/funcionaria-de-la-cidh-vino-a-me.jpg","keywords":["Cuba"],"articleSection":["Nacional"],"inLanguage":"es"},{"@type":"WebPage","@id":"https:\/\/conexionnacional.mx\/index.php\/2026\/02\/11\/funcionaria-de-la-cidh-vino-a-mexico-a-discreta-reunion-contra-cuba\/","url":"https:\/\/conexionnacional.mx\/index.php\/2026\/02\/11\/funcionaria-de-la-cidh-vino-a-mexico-a-discreta-reunion-contra-cuba\/","name":"Funcionaria de la CIDH vino a M\u00e9xico a 'discreta' reuni\u00f3n contra Cuba |","isPartOf":{"@id":"https:\/\/conexionnacional.mx\/#website"},"primaryImageOfPage":{"@id":"https:\/\/conexionnacional.mx\/index.php\/2026\/02\/11\/funcionaria-de-la-cidh-vino-a-mexico-a-discreta-reunion-contra-cuba\/#primaryimage"},"image":{"@id":"https:\/\/conexionnacional.mx\/index.php\/2026\/02\/11\/funcionaria-de-la-cidh-vino-a-mexico-a-discreta-reunion-contra-cuba\/#primaryimage"},"thumbnailUrl":"https:\/\/conexionnacional.mx\/wp-content\/uploads\/2026\/02\/funcionaria-de-la-cidh-vino-a-me.jpg","datePublished":"2026-02-11T16:52:26+00:00","dateModified":"2026-02-11T16:52:29+00:00","breadcrumb":{"@id":"https:\/\/conexionnacional.mx\/index.php\/2026\/02\/11\/funcionaria-de-la-cidh-vino-a-mexico-a-discreta-reunion-contra-cuba\/#breadcrumb"},"inLanguage":"es","potentialAction":[{"@type":"ReadAction","target":["https:\/\/conexionnacional.mx\/index.php\/2026\/02\/11\/funcionaria-de-la-cidh-vino-a-mexico-a-discreta-reunion-contra-cuba\/"]}]},{"@type":"ImageObject","inLanguage":"es","@id":"https:\/\/conexionnacional.mx\/index.php\/2026\/02\/11\/funcionaria-de-la-cidh-vino-a-mexico-a-discreta-reunion-contra-cuba\/#primaryimage","url":"https:\/\/conexionnacional.mx\/wp-content\/uploads\/2026\/02\/funcionaria-de-la-cidh-vino-a-me.jpg","contentUrl":"https:\/\/conexionnacional.mx\/wp-content\/uploads\/2026\/02\/funcionaria-de-la-cidh-vino-a-me.jpg","width":1200,"height":675},{"@type":"BreadcrumbList","@id":"https:\/\/conexionnacional.mx\/index.php\/2026\/02\/11\/funcionaria-de-la-cidh-vino-a-mexico-a-discreta-reunion-contra-cuba\/#breadcrumb","itemListElement":[{"@type":"ListItem","position":1,"name":"Inicio","item":"https:\/\/conexionnacional.mx\/"},{"@type":"ListItem","position":2,"name":"Funcionaria de la CIDH vino a M\u00e9xico a &#8216;discreta&#8217; reuni\u00f3n contra Cuba"}]},{"@type":"WebSite","@id":"https:\/\/conexionnacional.mx\/#website","url":"https:\/\/conexionnacional.mx\/","name":"Conexi\u00f3n Nacional","description":"Noticias al momento","publisher":{"@id":"https:\/\/conexionnacional.mx\/#organization"},"alternateName":"Noticias nacionales","potentialAction":[{"@type":"SearchAction","target":{"@type":"EntryPoint","urlTemplate":"https:\/\/conexionnacional.mx\/?s={search_term_string}"},"query-input":{"@type":"PropertyValueSpecification","valueRequired":true,"valueName":"search_term_string"}}],"inLanguage":"es"},{"@type":"Organization","@id":"https:\/\/conexionnacional.mx\/#organization","name":"Conexi\u00f3n Nacional","url":"https:\/\/conexionnacional.mx\/","logo":{"@type":"ImageObject","inLanguage":"es","@id":"https:\/\/conexionnacional.mx\/#\/schema\/logo\/image\/","url":"https:\/\/conexionnacional.mx\/wp-content\/uploads\/2022\/09\/conexion_nacional.png","contentUrl":"https:\/\/conexionnacional.mx\/wp-content\/uploads\/2022\/09\/conexion_nacional.png","width":2964,"height":1173,"caption":"Conexi\u00f3n Nacional"},"image":{"@id":"https:\/\/conexionnacional.mx\/#\/schema\/logo\/image\/"},"sameAs":["https:\/\/www.facebook.com\/cnmxradio"]},{"@type":"Person","@id":"https:\/\/conexionnacional.mx\/#\/schema\/person\/ba9cbd742badd9e3d29f2973a1391d18","name":"Redacci\u00f3n Conexi\u00f3n","image":{"@type":"ImageObject","inLanguage":"es","@id":"https:\/\/secure.gravatar.com\/avatar\/8d9ed9913523aff42c4fa3d2fdc52c4dfb8c185dc3f4126ecf97512ec86caa63?s=96&d=blank&r=g","url":"https:\/\/secure.gravatar.com\/avatar\/8d9ed9913523aff42c4fa3d2fdc52c4dfb8c185dc3f4126ecf97512ec86caa63?s=96&d=blank&r=g","contentUrl":"https:\/\/secure.gravatar.com\/avatar\/8d9ed9913523aff42c4fa3d2fdc52c4dfb8c185dc3f4126ecf97512ec86caa63?s=96&d=blank&r=g","caption":"Redacci\u00f3n Conexi\u00f3n"},"url":"https:\/\/conexionnacional.mx\/index.php\/author\/rafael\/"}]}},"_links":{"self":[{"href":"https:\/\/conexionnacional.mx\/index.php\/wp-json\/wp\/v2\/posts\/27767","targetHints":{"allow":["GET"]}}],"collection":[{"href":"https:\/\/conexionnacional.mx\/index.php\/wp-json\/wp\/v2\/posts"}],"about":[{"href":"https:\/\/conexionnacional.mx\/index.php\/wp-json\/wp\/v2\/types\/post"}],"author":[{"embeddable":true,"href":"https:\/\/conexionnacional.mx\/index.php\/wp-json\/wp\/v2\/users\/10"}],"replies":[{"embeddable":true,"href":"https:\/\/conexionnacional.mx\/index.php\/wp-json\/wp\/v2\/comments?post=27767"}],"version-history":[{"count":1,"href":"https:\/\/conexionnacional.mx\/index.php\/wp-json\/wp\/v2\/posts\/27767\/revisions"}],"predecessor-version":[{"id":27769,"href":"https:\/\/conexionnacional.mx\/index.php\/wp-json\/wp\/v2\/posts\/27767\/revisions\/27769"}],"wp:featuredmedia":[{"embeddable":true,"href":"https:\/\/conexionnacional.mx\/index.php\/wp-json\/wp\/v2\/media\/27768"}],"wp:attachment":[{"href":"https:\/\/conexionnacional.mx\/index.php\/wp-json\/wp\/v2\/media?parent=27767"}],"wp:term":[{"taxonomy":"category","embeddable":true,"href":"https:\/\/conexionnacional.mx\/index.php\/wp-json\/wp\/v2\/categories?post=27767"},{"taxonomy":"post_tag","embeddable":true,"href":"https:\/\/conexionnacional.mx\/index.php\/wp-json\/wp\/v2\/tags?post=27767"}],"curies":[{"name":"wp","href":"https:\/\/api.w.org\/{rel}","templated":true}]}}